{"id":17191,"date":"2021-11-29T23:05:57","date_gmt":"2021-11-29T22:05:57","guid":{"rendered":"https:\/\/www.caudete.org\/ayuntamiento\/?p=17191"},"modified":"2021-11-29T23:05:57","modified_gmt":"2021-11-29T22:05:57","slug":"vacunacion-covid-19-a-mayores-12-anos-1a-dosis-poblacion-60-69-anos-3a-dosis-y-gripe","status":"publish","type":"post","link":"https:\/\/www.caudete.org\/ayuntamiento\/vacunacion-covid-19-a-mayores-12-anos-1a-dosis-poblacion-60-69-anos-3a-dosis-y-gripe\/","title":{"rendered":"Vacunaci\u00f3n Covid-19 a mayores 12 a\u00f1os (1\u00aa dosis), poblaci\u00f3n 60-69 a\u00f1os (3\u00aa dosis) y GRIPE"},"content":{"rendered":"<p style=\"text-align: justify;\"><span style=\"font-family: georgia, palatino, serif; font-size: 12pt;\"><span style=\"color: #050505;\">La Concejal de Sanidad, Inma Garc\u00eda ha trasladado esta tarde informaci\u00f3n referente a la campa\u00f1a de vacunaci\u00f3n, facilitada por el Centro de Salud de Caudete.<\/span><\/span><\/p>\n<p style=\"text-align: justify;\">Se hace un especial llamamiento a la ciudadan\u00eda con edades comprendidas entre los 60 y 69 a\u00f1os, quienes podr\u00e1n solicitar cita para la administraci\u00f3n de la 3\u00aa dosis de la vacuna Covid-19, as\u00ed como para la vacuna de la Gripe.<\/p>\n<p style=\"text-align: justify;\">Igualmente, se incide en trasladar a los padres de j\u00f3venes mayores de 12 a\u00f1os, que \u00e9stos pueden ya solicitar cita para la administraci\u00f3n de la 1\u00aa dosis de la vacuna Covid-19<\/p>\n<p style=\"text-align: justify;\">No obstante, se solicita en general a la poblaci\u00f3n no vacunada e interesada en hacerlo, que pueden solicitarlo en el Centro de Salud.<\/p>\n<p style=\"text-align: justify;\"><span style=\"font-family: georgia, palatino, serif; font-size: 12pt;\"><span style=\"color: #050505;\">Centro de Salud de <\/span><span style=\"color: #050505;\">Caudete <\/span><span style=\"color: #050505;\">965 82 51 45 <\/span><\/span><\/p>\n<p style=\"text-align: justify;\" align=\"left\">\n","protected":false},"excerpt":{"rendered":"<p>La Concejal de Sanidad, Inma Garc\u00eda ha trasladado esta tarde informaci\u00f3n referente a la campa\u00f1a de vacunaci\u00f3n, facilitada por el Centro de Salud de Caudete. Se hace un especial llamamiento a la ciudadan\u00eda con edades comprendidas entre los 60 y 69 a\u00f1os, quienes podr\u00e1n solicitar cita para la administraci\u00f3n de la 3\u00aa dosis de la &hellip;<\/p>\n","protected":false},"author":3,"featured_media":17192,"comment_status":"closed","ping_status":"open","sticky":false,"template":"","format":"standard","meta":{"ngg_post_thumbnail":0,"footnotes":""},"categories":[16],"tags":[],"class_list":["post-17191","post","type-post","status-publish","format-standard","has-post-thumbnail","hentry","category-sanidad"],"yoast_head":"<!-- This site is optimized with the Yoast SEO plugin v27.5 - https:\/\/yoast.com\/product\/yoast-seo-wordpress\/ -->\n<title>Vacunaci\u00f3n Covid-19 a mayores 12 a\u00f1os (1\u00aa dosis), poblaci\u00f3n 60-69 a\u00f1os (3\u00aa dosis) y GRIPE - MI Ayuntamiento de Caudete<\/title>\n<meta name=\"description\" content=\"P\u00e1gina Oficial del Ayuntamiento de Caudete (Albacete)\" \/>\n<meta name=\"robots\" content=\"index, follow, max-snippet:-1, max-image-preview:large, max-video-preview:-1\" \/>\n<link rel=\"canonical\" href=\"https:\/\/www.caudete.org\/ayuntamiento\/vacunacion-covid-19-a-mayores-12-anos-1a-dosis-poblacion-60-69-anos-3a-dosis-y-gripe\/\" \/>\n<meta property=\"og:locale\" content=\"es_ES\" \/>\n<meta property=\"og:type\" content=\"article\" \/>\n<meta property=\"og:title\" content=\"Vacunaci\u00f3n Covid-19 a mayores 12 a\u00f1os (1\u00aa dosis), poblaci\u00f3n 60-69 a\u00f1os (3\u00aa dosis) y GRIPE - MI Ayuntamiento de Caudete\" \/>\n<meta property=\"og:description\" content=\"P\u00e1gina Oficial del Ayuntamiento de Caudete (Albacete)\" \/>\n<meta property=\"og:url\" content=\"https:\/\/www.caudete.org\/ayuntamiento\/vacunacion-covid-19-a-mayores-12-anos-1a-dosis-poblacion-60-69-anos-3a-dosis-y-gripe\/\" \/>\n<meta property=\"og:site_name\" content=\"MI Ayuntamiento de Caudete\" \/>\n<meta property=\"article:publisher\" content=\"https:\/\/www.facebook.com\/ayuntamientocaudete\/\" \/>\n<meta property=\"article:published_time\" content=\"2021-11-29T22:05:57+00:00\" \/>\n<meta property=\"og:image\" content=\"https:\/\/www.caudete.org\/ayuntamiento\/wp-content\/uploads\/2021\/11\/centro_salud_caudete_digital.jpg\" \/>\n\t<meta property=\"og:image:width\" content=\"640\" \/>\n\t<meta property=\"og:image:height\" content=\"342\" \/>\n\t<meta property=\"og:image:type\" content=\"image\/jpeg\" \/>\n<meta name=\"author\" content=\"alcalde\" \/>\n<meta name=\"twitter:card\" content=\"summary_large_image\" \/>\n<meta name=\"twitter:label1\" content=\"Escrito por\" \/>\n\t<meta name=\"twitter:data1\" content=\"alcalde\" \/>\n\t<meta name=\"twitter:label2\" content=\"Tiempo de lectura\" \/>\n\t<meta name=\"twitter:data2\" content=\"1 minuto\" \/>\n<script type=\"application\/ld+json\" class=\"yoast-schema-graph\">{\"@context\":\"https:\\\/\\\/schema.org\",\"@graph\":[{\"@type\":\"Article\",\"@id\":\"https:\\\/\\\/www.caudete.org\\\/ayuntamiento\\\/vacunacion-covid-19-a-mayores-12-anos-1a-dosis-poblacion-60-69-anos-3a-dosis-y-gripe\\\/#article\",\"isPartOf\":{\"@id\":\"https:\\\/\\\/www.caudete.org\\\/ayuntamiento\\\/vacunacion-covid-19-a-mayores-12-anos-1a-dosis-poblacion-60-69-anos-3a-dosis-y-gripe\\\/\"},\"author\":{\"name\":\"alcalde\",\"@id\":\"https:\\\/\\\/www.caudete.org\\\/ayuntamiento\\\/#\\\/schema\\\/person\\\/cc646da9133078ee4d8dd47457947253\"},\"headline\":\"Vacunaci\u00f3n Covid-19 a mayores 12 a\u00f1os (1\u00aa dosis), poblaci\u00f3n 60-69 a\u00f1os (3\u00aa dosis) y GRIPE\",\"datePublished\":\"2021-11-29T22:05:57+00:00\",\"mainEntityOfPage\":{\"@id\":\"https:\\\/\\\/www.caudete.org\\\/ayuntamiento\\\/vacunacion-covid-19-a-mayores-12-anos-1a-dosis-poblacion-60-69-anos-3a-dosis-y-gripe\\\/\"},\"wordCount\":147,\"image\":{\"@id\":\"https:\\\/\\\/www.caudete.org\\\/ayuntamiento\\\/vacunacion-covid-19-a-mayores-12-anos-1a-dosis-poblacion-60-69-anos-3a-dosis-y-gripe\\\/#primaryimage\"},\"thumbnailUrl\":\"https:\\\/\\\/www.caudete.org\\\/ayuntamiento\\\/wp-content\\\/uploads\\\/2021\\\/11\\\/centro_salud_caudete_digital.jpg\",\"articleSection\":[\"Sanidad\"],\"inLanguage\":\"es\"},{\"@type\":\"WebPage\",\"@id\":\"https:\\\/\\\/www.caudete.org\\\/ayuntamiento\\\/vacunacion-covid-19-a-mayores-12-anos-1a-dosis-poblacion-60-69-anos-3a-dosis-y-gripe\\\/\",\"url\":\"https:\\\/\\\/www.caudete.org\\\/ayuntamiento\\\/vacunacion-covid-19-a-mayores-12-anos-1a-dosis-poblacion-60-69-anos-3a-dosis-y-gripe\\\/\",\"name\":\"Vacunaci\u00f3n Covid-19 a mayores 12 a\u00f1os (1\u00aa dosis), poblaci\u00f3n 60-69 a\u00f1os (3\u00aa dosis) y GRIPE - MI Ayuntamiento de Caudete\",\"isPartOf\":{\"@id\":\"https:\\\/\\\/www.caudete.org\\\/ayuntamiento\\\/#website\"},\"primaryImageOfPage\":{\"@id\":\"https:\\\/\\\/www.caudete.org\\\/ayuntamiento\\\/vacunacion-covid-19-a-mayores-12-anos-1a-dosis-poblacion-60-69-anos-3a-dosis-y-gripe\\\/#primaryimage\"},\"image\":{\"@id\":\"https:\\\/\\\/www.caudete.org\\\/ayuntamiento\\\/vacunacion-covid-19-a-mayores-12-anos-1a-dosis-poblacion-60-69-anos-3a-dosis-y-gripe\\\/#primaryimage\"},\"thumbnailUrl\":\"https:\\\/\\\/www.caudete.org\\\/ayuntamiento\\\/wp-content\\\/uploads\\\/2021\\\/11\\\/centro_salud_caudete_digital.jpg\",\"datePublished\":\"2021-11-29T22:05:57+00:00\",\"author\":{\"@id\":\"https:\\\/\\\/www.caudete.org\\\/ayuntamiento\\\/#\\\/schema\\\/person\\\/cc646da9133078ee4d8dd47457947253\"},\"description\":\"P\u00e1gina Oficial del Ayuntamiento de Caudete (Albacete)\",\"breadcrumb\":{\"@id\":\"https:\\\/\\\/www.caudete.org\\\/ayuntamiento\\\/vacunacion-covid-19-a-mayores-12-anos-1a-dosis-poblacion-60-69-anos-3a-dosis-y-gripe\\\/#breadcrumb\"},\"inLanguage\":\"es\",\"potentialAction\":[{\"@type\":\"ReadAction\",\"target\":[\"https:\\\/\\\/www.caudete.org\\\/ayuntamiento\\\/vacunacion-covid-19-a-mayores-12-anos-1a-dosis-poblacion-60-69-anos-3a-dosis-y-gripe\\\/\"]}]},{\"@type\":\"ImageObject\",\"inLanguage\":\"es\",\"@id\":\"https:\\\/\\\/www.caudete.org\\\/ayuntamiento\\\/vacunacion-covid-19-a-mayores-12-anos-1a-dosis-poblacion-60-69-anos-3a-dosis-y-gripe\\\/#primaryimage\",\"url\":\"https:\\\/\\\/www.caudete.org\\\/ayuntamiento\\\/wp-content\\\/uploads\\\/2021\\\/11\\\/centro_salud_caudete_digital.jpg\",\"contentUrl\":\"https:\\\/\\\/www.caudete.org\\\/ayuntamiento\\\/wp-content\\\/uploads\\\/2021\\\/11\\\/centro_salud_caudete_digital.jpg\",\"width\":640,\"height\":342},{\"@type\":\"BreadcrumbList\",\"@id\":\"https:\\\/\\\/www.caudete.org\\\/ayuntamiento\\\/vacunacion-covid-19-a-mayores-12-anos-1a-dosis-poblacion-60-69-anos-3a-dosis-y-gripe\\\/#breadcrumb\",\"itemListElement\":[{\"@type\":\"ListItem\",\"position\":1,\"name\":\"Inicio\",\"item\":\"https:\\\/\\\/www.caudete.org\\\/ayuntamiento\\\/\"},{\"@type\":\"ListItem\",\"position\":2,\"name\":\"Vacunaci\u00f3n Covid-19 a mayores 12 a\u00f1os (1\u00aa dosis), poblaci\u00f3n 60-69 a\u00f1os (3\u00aa dosis) y GRIPE\"}]},{\"@type\":\"WebSite\",\"@id\":\"https:\\\/\\\/www.caudete.org\\\/ayuntamiento\\\/#website\",\"url\":\"https:\\\/\\\/www.caudete.org\\\/ayuntamiento\\\/\",\"name\":\"MI Ayuntamiento de Caudete\",\"description\":\"P\u00e1gina Oficial del MI Ayuntamiento de Caudete\",\"potentialAction\":[{\"@type\":\"SearchAction\",\"target\":{\"@type\":\"EntryPoint\",\"urlTemplate\":\"https:\\\/\\\/www.caudete.org\\\/ayuntamiento\\\/?s={search_term_string}\"},\"query-input\":{\"@type\":\"PropertyValueSpecification\",\"valueRequired\":true,\"valueName\":\"search_term_string\"}}],\"inLanguage\":\"es\"},{\"@type\":\"Person\",\"@id\":\"https:\\\/\\\/www.caudete.org\\\/ayuntamiento\\\/#\\\/schema\\\/person\\\/cc646da9133078ee4d8dd47457947253\",\"name\":\"alcalde\",\"image\":{\"@type\":\"ImageObject\",\"inLanguage\":\"es\",\"@id\":\"https:\\\/\\\/secure.gravatar.com\\\/avatar\\\/84a817ba065b29ff08d666b215a215f5c79186a645ccb25b14a663d48a130f77?s=96&d=mm&r=g\",\"url\":\"https:\\\/\\\/secure.gravatar.com\\\/avatar\\\/84a817ba065b29ff08d666b215a215f5c79186a645ccb25b14a663d48a130f77?s=96&d=mm&r=g\",\"contentUrl\":\"https:\\\/\\\/secure.gravatar.com\\\/avatar\\\/84a817ba065b29ff08d666b215a215f5c79186a645ccb25b14a663d48a130f77?s=96&d=mm&r=g\",\"caption\":\"alcalde\"},\"url\":\"https:\\\/\\\/www.caudete.org\\\/ayuntamiento\\\/author\\\/alcalde\\\/\"}]}<\/script>\n<!-- \/ Yoast SEO plugin. -->","yoast_head_json":{"title":"Vacunaci\u00f3n Covid-19 a mayores 12 a\u00f1os (1\u00aa dosis), poblaci\u00f3n 60-69 a\u00f1os (3\u00aa dosis) y GRIPE - MI Ayuntamiento de Caudete","description":"P\u00e1gina Oficial del Ayuntamiento de Caudete (Albacete)","robots":{"index":"index","follow":"follow","max-snippet":"max-snippet:-1","max-image-preview":"max-image-preview:large","max-video-preview":"max-video-preview:-1"},"canonical":"https:\/\/www.caudete.org\/ayuntamiento\/vacunacion-covid-19-a-mayores-12-anos-1a-dosis-poblacion-60-69-anos-3a-dosis-y-gripe\/","og_locale":"es_ES","og_type":"article","og_title":"Vacunaci\u00f3n Covid-19 a mayores 12 a\u00f1os (1\u00aa dosis), poblaci\u00f3n 60-69 a\u00f1os (3\u00aa dosis) y GRIPE - MI Ayuntamiento de Caudete","og_description":"P\u00e1gina Oficial del Ayuntamiento de Caudete (Albacete)","og_url":"https:\/\/www.caudete.org\/ayuntamiento\/vacunacion-covid-19-a-mayores-12-anos-1a-dosis-poblacion-60-69-anos-3a-dosis-y-gripe\/","og_site_name":"MI Ayuntamiento de Caudete","article_publisher":"https:\/\/www.facebook.com\/ayuntamientocaudete\/","article_published_time":"2021-11-29T22:05:57+00:00","og_image":[{"width":640,"height":342,"url":"https:\/\/www.caudete.org\/ayuntamiento\/wp-content\/uploads\/2021\/11\/centro_salud_caudete_digital.jpg","type":"image\/jpeg"}],"author":"alcalde","twitter_card":"summary_large_image","twitter_misc":{"Escrito por":"alcalde","Tiempo de lectura":"1 minuto"},"schema":{"@context":"https:\/\/schema.org","@graph":[{"@type":"Article","@id":"https:\/\/www.caudete.org\/ayuntamiento\/vacunacion-covid-19-a-mayores-12-anos-1a-dosis-poblacion-60-69-anos-3a-dosis-y-gripe\/#article","isPartOf":{"@id":"https:\/\/www.caudete.org\/ayuntamiento\/vacunacion-covid-19-a-mayores-12-anos-1a-dosis-poblacion-60-69-anos-3a-dosis-y-gripe\/"},"author":{"name":"alcalde","@id":"https:\/\/www.caudete.org\/ayuntamiento\/#\/schema\/person\/cc646da9133078ee4d8dd47457947253"},"headline":"Vacunaci\u00f3n Covid-19 a mayores 12 a\u00f1os (1\u00aa dosis), poblaci\u00f3n 60-69 a\u00f1os (3\u00aa dosis) y GRIPE","datePublished":"2021-11-29T22:05:57+00:00","mainEntityOfPage":{"@id":"https:\/\/www.caudete.org\/ayuntamiento\/vacunacion-covid-19-a-mayores-12-anos-1a-dosis-poblacion-60-69-anos-3a-dosis-y-gripe\/"},"wordCount":147,"image":{"@id":"https:\/\/www.caudete.org\/ayuntamiento\/vacunacion-covid-19-a-mayores-12-anos-1a-dosis-poblacion-60-69-anos-3a-dosis-y-gripe\/#primaryimage"},"thumbnailUrl":"https:\/\/www.caudete.org\/ayuntamiento\/wp-content\/uploads\/2021\/11\/centro_salud_caudete_digital.jpg","articleSection":["Sanidad"],"inLanguage":"es"},{"@type":"WebPage","@id":"https:\/\/www.caudete.org\/ayuntamiento\/vacunacion-covid-19-a-mayores-12-anos-1a-dosis-poblacion-60-69-anos-3a-dosis-y-gripe\/","url":"https:\/\/www.caudete.org\/ayuntamiento\/vacunacion-covid-19-a-mayores-12-anos-1a-dosis-poblacion-60-69-anos-3a-dosis-y-gripe\/","name":"Vacunaci\u00f3n Covid-19 a mayores 12 a\u00f1os (1\u00aa dosis), poblaci\u00f3n 60-69 a\u00f1os (3\u00aa dosis) y GRIPE - MI Ayuntamiento de Caudete","isPartOf":{"@id":"https:\/\/www.caudete.org\/ayuntamiento\/#website"},"primaryImageOfPage":{"@id":"https:\/\/www.caudete.org\/ayuntamiento\/vacunacion-covid-19-a-mayores-12-anos-1a-dosis-poblacion-60-69-anos-3a-dosis-y-gripe\/#primaryimage"},"image":{"@id":"https:\/\/www.caudete.org\/ayuntamiento\/vacunacion-covid-19-a-mayores-12-anos-1a-dosis-poblacion-60-69-anos-3a-dosis-y-gripe\/#primaryimage"},"thumbnailUrl":"https:\/\/www.caudete.org\/ayuntamiento\/wp-content\/uploads\/2021\/11\/centro_salud_caudete_digital.jpg","datePublished":"2021-11-29T22:05:57+00:00","author":{"@id":"https:\/\/www.caudete.org\/ayuntamiento\/#\/schema\/person\/cc646da9133078ee4d8dd47457947253"},"description":"P\u00e1gina Oficial del Ayuntamiento de Caudete (Albacete)","breadcrumb":{"@id":"https:\/\/www.caudete.org\/ayuntamiento\/vacunacion-covid-19-a-mayores-12-anos-1a-dosis-poblacion-60-69-anos-3a-dosis-y-gripe\/#breadcrumb"},"inLanguage":"es","potentialAction":[{"@type":"ReadAction","target":["https:\/\/www.caudete.org\/ayuntamiento\/vacunacion-covid-19-a-mayores-12-anos-1a-dosis-poblacion-60-69-anos-3a-dosis-y-gripe\/"]}]},{"@type":"ImageObject","inLanguage":"es","@id":"https:\/\/www.caudete.org\/ayuntamiento\/vacunacion-covid-19-a-mayores-12-anos-1a-dosis-poblacion-60-69-anos-3a-dosis-y-gripe\/#primaryimage","url":"https:\/\/www.caudete.org\/ayuntamiento\/wp-content\/uploads\/2021\/11\/centro_salud_caudete_digital.jpg","contentUrl":"https:\/\/www.caudete.org\/ayuntamiento\/wp-content\/uploads\/2021\/11\/centro_salud_caudete_digital.jpg","width":640,"height":342},{"@type":"BreadcrumbList","@id":"https:\/\/www.caudete.org\/ayuntamiento\/vacunacion-covid-19-a-mayores-12-anos-1a-dosis-poblacion-60-69-anos-3a-dosis-y-gripe\/#breadcrumb","itemListElement":[{"@type":"ListItem","position":1,"name":"Inicio","item":"https:\/\/www.caudete.org\/ayuntamiento\/"},{"@type":"ListItem","position":2,"name":"Vacunaci\u00f3n Covid-19 a mayores 12 a\u00f1os (1\u00aa dosis), poblaci\u00f3n 60-69 a\u00f1os (3\u00aa dosis) y GRIPE"}]},{"@type":"WebSite","@id":"https:\/\/www.caudete.org\/ayuntamiento\/#website","url":"https:\/\/www.caudete.org\/ayuntamiento\/","name":"MI Ayuntamiento de Caudete","description":"P\u00e1gina Oficial del MI Ayuntamiento de Caudete","potentialAction":[{"@type":"SearchAction","target":{"@type":"EntryPoint","urlTemplate":"https:\/\/www.caudete.org\/ayuntamiento\/?s={search_term_string}"},"query-input":{"@type":"PropertyValueSpecification","valueRequired":true,"valueName":"search_term_string"}}],"inLanguage":"es"},{"@type":"Person","@id":"https:\/\/www.caudete.org\/ayuntamiento\/#\/schema\/person\/cc646da9133078ee4d8dd47457947253","name":"alcalde","image":{"@type":"ImageObject","inLanguage":"es","@id":"https:\/\/secure.gravatar.com\/avatar\/84a817ba065b29ff08d666b215a215f5c79186a645ccb25b14a663d48a130f77?s=96&d=mm&r=g","url":"https:\/\/secure.gravatar.com\/avatar\/84a817ba065b29ff08d666b215a215f5c79186a645ccb25b14a663d48a130f77?s=96&d=mm&r=g","contentUrl":"https:\/\/secure.gravatar.com\/avatar\/84a817ba065b29ff08d666b215a215f5c79186a645ccb25b14a663d48a130f77?s=96&d=mm&r=g","caption":"alcalde"},"url":"https:\/\/www.caudete.org\/ayuntamiento\/author\/alcalde\/"}]}},"_links":{"self":[{"href":"https:\/\/www.caudete.org\/ayuntamiento\/wp-json\/wp\/v2\/posts\/17191","targetHints":{"allow":["GET"]}}],"collection":[{"href":"https:\/\/www.caudete.org\/ayuntamiento\/wp-json\/wp\/v2\/posts"}],"about":[{"href":"https:\/\/www.caudete.org\/ayuntamiento\/wp-json\/wp\/v2\/types\/post"}],"author":[{"embeddable":true,"href":"https:\/\/www.caudete.org\/ayuntamiento\/wp-json\/wp\/v2\/users\/3"}],"replies":[{"embeddable":true,"href":"https:\/\/www.caudete.org\/ayuntamiento\/wp-json\/wp\/v2\/comments?post=17191"}],"version-history":[{"count":1,"href":"https:\/\/www.caudete.org\/ayuntamiento\/wp-json\/wp\/v2\/posts\/17191\/revisions"}],"predecessor-version":[{"id":17193,"href":"https:\/\/www.caudete.org\/ayuntamiento\/wp-json\/wp\/v2\/posts\/17191\/revisions\/17193"}],"wp:featuredmedia":[{"embeddable":true,"href":"https:\/\/www.caudete.org\/ayuntamiento\/wp-json\/wp\/v2\/media\/17192"}],"wp:attachment":[{"href":"https:\/\/www.caudete.org\/ayuntamiento\/wp-json\/wp\/v2\/media?parent=17191"}],"wp:term":[{"taxonomy":"category","embeddable":true,"href":"https:\/\/www.caudete.org\/ayuntamiento\/wp-json\/wp\/v2\/categories?post=17191"},{"taxonomy":"post_tag","embeddable":true,"href":"https:\/\/www.caudete.org\/ayuntamiento\/wp-json\/wp\/v2\/tags?post=17191"}],"curies":[{"name":"wp","href":"https:\/\/api.w.org\/{rel}","templated":true}]}}