{"id":17195,"date":"2021-11-30T08:28:20","date_gmt":"2021-11-30T07:28:20","guid":{"rendered":"https:\/\/www.caudete.org\/ayuntamiento\/?p=17195"},"modified":"2021-11-30T09:39:18","modified_gmt":"2021-11-30T08:39:18","slug":"presentada-la-nueva-campana-navidena-del-comercio-local","status":"publish","type":"post","link":"https:\/\/www.caudete.org\/ayuntamiento\/presentada-la-nueva-campana-navidena-del-comercio-local\/","title":{"rendered":"Presentada la nueva CAMPA\u00d1A NAVIDE\u00d1A DEL COMERCIO LOCAL"},"content":{"rendered":"<div class=\"itemIntroText\">\n<h4 style=\"text-align: justify;\">Concejal\u00eda y Asociaci\u00f3n del Comercio presentaban en la tarde de ayer la nueva campa\u00f1a de Navidad bajo el eslogan \u201c<em>Esta Navidad Yo Compro en Caudete<\/em>\u201d.<\/h4>\n<\/div>\n<div class=\"itemFullText\">\n<p style=\"text-align: justify;\">En la presentaci\u00f3n ha estado Diego Cuenca Olivares, Concejal de Comercio; Manoli Gonz\u00e1lez Solera, presidenta de la Asociaci\u00f3n del Comercio y Natalia Mart\u00ednez Amor\u00f3s secretaria de la misma.<\/p>\n<p style=\"text-align: justify;\">La campa\u00f1a est\u00e1 ya en la calle y seguir\u00e1 en las calles, entre el comercio y los ciudadanos, hasta el pr\u00f3ximo 6 de enero.<\/p>\n<p style=\"text-align: justify;\">Consta del tradicional sorteo, con 4.000\u20ac en Premios a consumir en los establecimientos participantes. Al efecto se han repartido en los comercios participantes 90.000 papeletas, que ser\u00e1n entregadas a los clientes y que les permitir\u00e1 participar en el sorteo, que se realizar\u00e1 el pr\u00f3ximo 7 de enero, a las 12,00 horas en la Plaza de la M\u00fasica.<\/p>\n<p><a href=\"https:\/\/www.caudete.org\/ayuntamiento\/wp-content\/uploads\/2021\/11\/WhatsApp-Image-2021-11-26-at-20.17.17.jpeg\" rel='prettyPhoto'><img fetchpriority=\"high\" decoding=\"async\" class=\"aligncenter wp-image-17203 size-medium\" src=\"https:\/\/www.caudete.org\/ayuntamiento\/wp-content\/uploads\/2021\/11\/WhatsApp-Image-2021-11-26-at-20.17.17-215x300.jpeg\" alt=\"\" width=\"215\" height=\"300\" srcset=\"https:\/\/www.caudete.org\/ayuntamiento\/wp-content\/uploads\/2021\/11\/WhatsApp-Image-2021-11-26-at-20.17.17-215x300.jpeg 215w, https:\/\/www.caudete.org\/ayuntamiento\/wp-content\/uploads\/2021\/11\/WhatsApp-Image-2021-11-26-at-20.17.17-732x1024.jpeg 732w, https:\/\/www.caudete.org\/ayuntamiento\/wp-content\/uploads\/2021\/11\/WhatsApp-Image-2021-11-26-at-20.17.17-768x1074.jpeg 768w, https:\/\/www.caudete.org\/ayuntamiento\/wp-content\/uploads\/2021\/11\/WhatsApp-Image-2021-11-26-at-20.17.17-1098x1536.jpeg 1098w, https:\/\/www.caudete.org\/ayuntamiento\/wp-content\/uploads\/2021\/11\/WhatsApp-Image-2021-11-26-at-20.17.17.jpeg 1144w\" sizes=\"(max-width: 215px) 100vw, 215px\" \/><\/a><\/p>\n<p style=\"text-align: justify;\">Otra de las actividades de la campa\u00f1a es el tradicional \u201cMercadillo Navide\u00f1o\u201d, en la Plaza de la Iglesia, los d\u00edas 10, 11 y 12 de diciembre, donde los comercios tendr\u00e1n a la venta art\u00edculos, para que los clientes realicen las primeras compras navide\u00f1as.<\/p>\n<p><a href=\"https:\/\/www.caudete.org\/ayuntamiento\/wp-content\/uploads\/2021\/11\/WhatsApp-Image-2021-11-26-at-20.17.17-1.jpeg\" rel='prettyPhoto'><img decoding=\"async\" class=\"aligncenter wp-image-17204 size-medium\" src=\"https:\/\/www.caudete.org\/ayuntamiento\/wp-content\/uploads\/2021\/11\/WhatsApp-Image-2021-11-26-at-20.17.17-1-300x218.jpeg\" alt=\"\" width=\"300\" height=\"218\" srcset=\"https:\/\/www.caudete.org\/ayuntamiento\/wp-content\/uploads\/2021\/11\/WhatsApp-Image-2021-11-26-at-20.17.17-1-300x218.jpeg 300w, https:\/\/www.caudete.org\/ayuntamiento\/wp-content\/uploads\/2021\/11\/WhatsApp-Image-2021-11-26-at-20.17.17-1-1024x742.jpeg 1024w, https:\/\/www.caudete.org\/ayuntamiento\/wp-content\/uploads\/2021\/11\/WhatsApp-Image-2021-11-26-at-20.17.17-1-768x557.jpeg 768w, https:\/\/www.caudete.org\/ayuntamiento\/wp-content\/uploads\/2021\/11\/WhatsApp-Image-2021-11-26-at-20.17.17-1-1536x1114.jpeg 1536w, https:\/\/www.caudete.org\/ayuntamiento\/wp-content\/uploads\/2021\/11\/WhatsApp-Image-2021-11-26-at-20.17.17-1.jpeg 1600w\" sizes=\"(max-width: 300px) 100vw, 300px\" \/><\/a><\/p>\n<p style=\"text-align: justify;\">Con esta campa\u00f1a, Ayuntamiento y Asociaci\u00f3n del Comercio pretenden dar visibilidad al potencial de los comercios y servicios de la localidad, as\u00ed como promover e incentivar las compras, con el fin de que el ciudadano ponga a Caudete como su primera opci\u00f3n a la hora de elegir donde realizarlas. Una campa\u00f1a con la que se pretende generar un v\u00ednculo emocional con la localidad y sensibilizar a la poblaci\u00f3n sobre la importancia del consumo en nuestros establecimientos para reactivar la econom\u00eda local lastrada por el COVID-19.<\/p>\n<\/div>\n","protected":false},"excerpt":{"rendered":"<p>Concejal\u00eda y Asociaci\u00f3n del Comercio presentaban en la tarde de ayer la nueva campa\u00f1a de Navidad bajo el eslogan \u201cEsta Navidad Yo Compro en Caudete\u201d. En la presentaci\u00f3n ha estado Diego Cuenca Olivares, Concejal de Comercio; Manoli Gonz\u00e1lez Solera, presidenta de la Asociaci\u00f3n del Comercio y Natalia Mart\u00ednez Amor\u00f3s secretaria de la misma. La campa\u00f1a &hellip;<\/p>\n","protected":false},"author":3,"featured_media":17196,"comment_status":"closed","ping_status":"open","sticky":false,"template":"","format":"standard","meta":{"ngg_post_thumbnail":0,"footnotes":""},"categories":[42],"tags":[],"class_list":["post-17195","post","type-post","status-publish","format-standard","has-post-thumbnail","hentry","category-comercio"],"yoast_head":"<!-- This site is optimized with the Yoast SEO plugin v27.5 - https:\/\/yoast.com\/product\/yoast-seo-wordpress\/ -->\n<title>Presentada la nueva CAMPA\u00d1A NAVIDE\u00d1A DEL COMERCIO LOCAL - MI Ayuntamiento de Caudete<\/title>\n<meta name=\"description\" content=\"P\u00e1gina Oficial del Ayuntamiento de Caudete (Albacete)\" \/>\n<meta name=\"robots\" content=\"index, follow, max-snippet:-1, max-image-preview:large, max-video-preview:-1\" \/>\n<link rel=\"canonical\" href=\"https:\/\/www.caudete.org\/ayuntamiento\/presentada-la-nueva-campana-navidena-del-comercio-local\/\" \/>\n<meta property=\"og:locale\" content=\"es_ES\" \/>\n<meta property=\"og:type\" content=\"article\" \/>\n<meta property=\"og:title\" content=\"Presentada la nueva CAMPA\u00d1A NAVIDE\u00d1A DEL COMERCIO LOCAL - MI Ayuntamiento de Caudete\" \/>\n<meta property=\"og:description\" content=\"P\u00e1gina Oficial del Ayuntamiento de Caudete (Albacete)\" \/>\n<meta property=\"og:url\" content=\"https:\/\/www.caudete.org\/ayuntamiento\/presentada-la-nueva-campana-navidena-del-comercio-local\/\" \/>\n<meta property=\"og:site_name\" content=\"MI Ayuntamiento de Caudete\" \/>\n<meta property=\"article:publisher\" content=\"https:\/\/www.facebook.com\/ayuntamientocaudete\/\" \/>\n<meta property=\"article:published_time\" content=\"2021-11-30T07:28:20+00:00\" \/>\n<meta property=\"article:modified_time\" content=\"2021-11-30T08:39:18+00:00\" \/>\n<meta property=\"og:image\" content=\"https:\/\/www.caudete.org\/ayuntamiento\/wp-content\/uploads\/2021\/11\/f9b9c626ee5627af1355bfcdb2553a24_L.jpg\" \/>\n\t<meta property=\"og:image:width\" content=\"620\" \/>\n\t<meta property=\"og:image:height\" content=\"465\" \/>\n\t<meta property=\"og:image:type\" content=\"image\/jpeg\" \/>\n<meta name=\"author\" content=\"alcalde\" \/>\n<meta name=\"twitter:card\" content=\"summary_large_image\" \/>\n<meta name=\"twitter:label1\" content=\"Escrito por\" \/>\n\t<meta name=\"twitter:data1\" content=\"alcalde\" \/>\n\t<meta name=\"twitter:label2\" content=\"Tiempo de lectura\" \/>\n\t<meta name=\"twitter:data2\" content=\"2 minutos\" \/>\n<script type=\"application\/ld+json\" class=\"yoast-schema-graph\">{\"@context\":\"https:\\\/\\\/schema.org\",\"@graph\":[{\"@type\":\"Article\",\"@id\":\"https:\\\/\\\/www.caudete.org\\\/ayuntamiento\\\/presentada-la-nueva-campana-navidena-del-comercio-local\\\/#article\",\"isPartOf\":{\"@id\":\"https:\\\/\\\/www.caudete.org\\\/ayuntamiento\\\/presentada-la-nueva-campana-navidena-del-comercio-local\\\/\"},\"author\":{\"name\":\"alcalde\",\"@id\":\"https:\\\/\\\/www.caudete.org\\\/ayuntamiento\\\/#\\\/schema\\\/person\\\/cc646da9133078ee4d8dd47457947253\"},\"headline\":\"Presentada la nueva CAMPA\u00d1A NAVIDE\u00d1A DEL COMERCIO LOCAL\",\"datePublished\":\"2021-11-30T07:28:20+00:00\",\"dateModified\":\"2021-11-30T08:39:18+00:00\",\"mainEntityOfPage\":{\"@id\":\"https:\\\/\\\/www.caudete.org\\\/ayuntamiento\\\/presentada-la-nueva-campana-navidena-del-comercio-local\\\/\"},\"wordCount\":290,\"image\":{\"@id\":\"https:\\\/\\\/www.caudete.org\\\/ayuntamiento\\\/presentada-la-nueva-campana-navidena-del-comercio-local\\\/#primaryimage\"},\"thumbnailUrl\":\"https:\\\/\\\/www.caudete.org\\\/ayuntamiento\\\/wp-content\\\/uploads\\\/2021\\\/11\\\/f9b9c626ee5627af1355bfcdb2553a24_L.jpg\",\"articleSection\":[\"Comercio\"],\"inLanguage\":\"es\"},{\"@type\":\"WebPage\",\"@id\":\"https:\\\/\\\/www.caudete.org\\\/ayuntamiento\\\/presentada-la-nueva-campana-navidena-del-comercio-local\\\/\",\"url\":\"https:\\\/\\\/www.caudete.org\\\/ayuntamiento\\\/presentada-la-nueva-campana-navidena-del-comercio-local\\\/\",\"name\":\"Presentada la nueva CAMPA\u00d1A NAVIDE\u00d1A DEL COMERCIO LOCAL - MI Ayuntamiento de Caudete\",\"isPartOf\":{\"@id\":\"https:\\\/\\\/www.caudete.org\\\/ayuntamiento\\\/#website\"},\"primaryImageOfPage\":{\"@id\":\"https:\\\/\\\/www.caudete.org\\\/ayuntamiento\\\/presentada-la-nueva-campana-navidena-del-comercio-local\\\/#primaryimage\"},\"image\":{\"@id\":\"https:\\\/\\\/www.caudete.org\\\/ayuntamiento\\\/presentada-la-nueva-campana-navidena-del-comercio-local\\\/#primaryimage\"},\"thumbnailUrl\":\"https:\\\/\\\/www.caudete.org\\\/ayuntamiento\\\/wp-content\\\/uploads\\\/2021\\\/11\\\/f9b9c626ee5627af1355bfcdb2553a24_L.jpg\",\"datePublished\":\"2021-11-30T07:28:20+00:00\",\"dateModified\":\"2021-11-30T08:39:18+00:00\",\"author\":{\"@id\":\"https:\\\/\\\/www.caudete.org\\\/ayuntamiento\\\/#\\\/schema\\\/person\\\/cc646da9133078ee4d8dd47457947253\"},\"description\":\"P\u00e1gina Oficial del Ayuntamiento de Caudete (Albacete)\",\"breadcrumb\":{\"@id\":\"https:\\\/\\\/www.caudete.org\\\/ayuntamiento\\\/presentada-la-nueva-campana-navidena-del-comercio-local\\\/#breadcrumb\"},\"inLanguage\":\"es\",\"potentialAction\":[{\"@type\":\"ReadAction\",\"target\":[\"https:\\\/\\\/www.caudete.org\\\/ayuntamiento\\\/presentada-la-nueva-campana-navidena-del-comercio-local\\\/\"]}]},{\"@type\":\"ImageObject\",\"inLanguage\":\"es\",\"@id\":\"https:\\\/\\\/www.caudete.org\\\/ayuntamiento\\\/presentada-la-nueva-campana-navidena-del-comercio-local\\\/#primaryimage\",\"url\":\"https:\\\/\\\/www.caudete.org\\\/ayuntamiento\\\/wp-content\\\/uploads\\\/2021\\\/11\\\/f9b9c626ee5627af1355bfcdb2553a24_L.jpg\",\"contentUrl\":\"https:\\\/\\\/www.caudete.org\\\/ayuntamiento\\\/wp-content\\\/uploads\\\/2021\\\/11\\\/f9b9c626ee5627af1355bfcdb2553a24_L.jpg\",\"width\":620,\"height\":465},{\"@type\":\"BreadcrumbList\",\"@id\":\"https:\\\/\\\/www.caudete.org\\\/ayuntamiento\\\/presentada-la-nueva-campana-navidena-del-comercio-local\\\/#breadcrumb\",\"itemListElement\":[{\"@type\":\"ListItem\",\"position\":1,\"name\":\"Inicio\",\"item\":\"https:\\\/\\\/www.caudete.org\\\/ayuntamiento\\\/\"},{\"@type\":\"ListItem\",\"position\":2,\"name\":\"Presentada la nueva CAMPA\u00d1A NAVIDE\u00d1A DEL COMERCIO LOCAL\"}]},{\"@type\":\"WebSite\",\"@id\":\"https:\\\/\\\/www.caudete.org\\\/ayuntamiento\\\/#website\",\"url\":\"https:\\\/\\\/www.caudete.org\\\/ayuntamiento\\\/\",\"name\":\"MI Ayuntamiento de Caudete\",\"description\":\"P\u00e1gina Oficial del MI Ayuntamiento de Caudete\",\"potentialAction\":[{\"@type\":\"SearchAction\",\"target\":{\"@type\":\"EntryPoint\",\"urlTemplate\":\"https:\\\/\\\/www.caudete.org\\\/ayuntamiento\\\/?s={search_term_string}\"},\"query-input\":{\"@type\":\"PropertyValueSpecification\",\"valueRequired\":true,\"valueName\":\"search_term_string\"}}],\"inLanguage\":\"es\"},{\"@type\":\"Person\",\"@id\":\"https:\\\/\\\/www.caudete.org\\\/ayuntamiento\\\/#\\\/schema\\\/person\\\/cc646da9133078ee4d8dd47457947253\",\"name\":\"alcalde\",\"image\":{\"@type\":\"ImageObject\",\"inLanguage\":\"es\",\"@id\":\"https:\\\/\\\/secure.gravatar.com\\\/avatar\\\/84a817ba065b29ff08d666b215a215f5c79186a645ccb25b14a663d48a130f77?s=96&d=mm&r=g\",\"url\":\"https:\\\/\\\/secure.gravatar.com\\\/avatar\\\/84a817ba065b29ff08d666b215a215f5c79186a645ccb25b14a663d48a130f77?s=96&d=mm&r=g\",\"contentUrl\":\"https:\\\/\\\/secure.gravatar.com\\\/avatar\\\/84a817ba065b29ff08d666b215a215f5c79186a645ccb25b14a663d48a130f77?s=96&d=mm&r=g\",\"caption\":\"alcalde\"},\"url\":\"https:\\\/\\\/www.caudete.org\\\/ayuntamiento\\\/author\\\/alcalde\\\/\"}]}<\/script>\n<!-- \/ Yoast SEO plugin. -->","yoast_head_json":{"title":"Presentada la nueva CAMPA\u00d1A NAVIDE\u00d1A DEL COMERCIO LOCAL - MI Ayuntamiento de Caudete","description":"P\u00e1gina Oficial del Ayuntamiento de Caudete (Albacete)","robots":{"index":"index","follow":"follow","max-snippet":"max-snippet:-1","max-image-preview":"max-image-preview:large","max-video-preview":"max-video-preview:-1"},"canonical":"https:\/\/www.caudete.org\/ayuntamiento\/presentada-la-nueva-campana-navidena-del-comercio-local\/","og_locale":"es_ES","og_type":"article","og_title":"Presentada la nueva CAMPA\u00d1A NAVIDE\u00d1A DEL COMERCIO LOCAL - MI Ayuntamiento de Caudete","og_description":"P\u00e1gina Oficial del Ayuntamiento de Caudete (Albacete)","og_url":"https:\/\/www.caudete.org\/ayuntamiento\/presentada-la-nueva-campana-navidena-del-comercio-local\/","og_site_name":"MI Ayuntamiento de Caudete","article_publisher":"https:\/\/www.facebook.com\/ayuntamientocaudete\/","article_published_time":"2021-11-30T07:28:20+00:00","article_modified_time":"2021-11-30T08:39:18+00:00","og_image":[{"width":620,"height":465,"url":"https:\/\/www.caudete.org\/ayuntamiento\/wp-content\/uploads\/2021\/11\/f9b9c626ee5627af1355bfcdb2553a24_L.jpg","type":"image\/jpeg"}],"author":"alcalde","twitter_card":"summary_large_image","twitter_misc":{"Escrito por":"alcalde","Tiempo de lectura":"2 minutos"},"schema":{"@context":"https:\/\/schema.org","@graph":[{"@type":"Article","@id":"https:\/\/www.caudete.org\/ayuntamiento\/presentada-la-nueva-campana-navidena-del-comercio-local\/#article","isPartOf":{"@id":"https:\/\/www.caudete.org\/ayuntamiento\/presentada-la-nueva-campana-navidena-del-comercio-local\/"},"author":{"name":"alcalde","@id":"https:\/\/www.caudete.org\/ayuntamiento\/#\/schema\/person\/cc646da9133078ee4d8dd47457947253"},"headline":"Presentada la nueva CAMPA\u00d1A NAVIDE\u00d1A DEL COMERCIO LOCAL","datePublished":"2021-11-30T07:28:20+00:00","dateModified":"2021-11-30T08:39:18+00:00","mainEntityOfPage":{"@id":"https:\/\/www.caudete.org\/ayuntamiento\/presentada-la-nueva-campana-navidena-del-comercio-local\/"},"wordCount":290,"image":{"@id":"https:\/\/www.caudete.org\/ayuntamiento\/presentada-la-nueva-campana-navidena-del-comercio-local\/#primaryimage"},"thumbnailUrl":"https:\/\/www.caudete.org\/ayuntamiento\/wp-content\/uploads\/2021\/11\/f9b9c626ee5627af1355bfcdb2553a24_L.jpg","articleSection":["Comercio"],"inLanguage":"es"},{"@type":"WebPage","@id":"https:\/\/www.caudete.org\/ayuntamiento\/presentada-la-nueva-campana-navidena-del-comercio-local\/","url":"https:\/\/www.caudete.org\/ayuntamiento\/presentada-la-nueva-campana-navidena-del-comercio-local\/","name":"Presentada la nueva CAMPA\u00d1A NAVIDE\u00d1A DEL COMERCIO LOCAL - MI Ayuntamiento de Caudete","isPartOf":{"@id":"https:\/\/www.caudete.org\/ayuntamiento\/#website"},"primaryImageOfPage":{"@id":"https:\/\/www.caudete.org\/ayuntamiento\/presentada-la-nueva-campana-navidena-del-comercio-local\/#primaryimage"},"image":{"@id":"https:\/\/www.caudete.org\/ayuntamiento\/presentada-la-nueva-campana-navidena-del-comercio-local\/#primaryimage"},"thumbnailUrl":"https:\/\/www.caudete.org\/ayuntamiento\/wp-content\/uploads\/2021\/11\/f9b9c626ee5627af1355bfcdb2553a24_L.jpg","datePublished":"2021-11-30T07:28:20+00:00","dateModified":"2021-11-30T08:39:18+00:00","author":{"@id":"https:\/\/www.caudete.org\/ayuntamiento\/#\/schema\/person\/cc646da9133078ee4d8dd47457947253"},"description":"P\u00e1gina Oficial del Ayuntamiento de Caudete (Albacete)","breadcrumb":{"@id":"https:\/\/www.caudete.org\/ayuntamiento\/presentada-la-nueva-campana-navidena-del-comercio-local\/#breadcrumb"},"inLanguage":"es","potentialAction":[{"@type":"ReadAction","target":["https:\/\/www.caudete.org\/ayuntamiento\/presentada-la-nueva-campana-navidena-del-comercio-local\/"]}]},{"@type":"ImageObject","inLanguage":"es","@id":"https:\/\/www.caudete.org\/ayuntamiento\/presentada-la-nueva-campana-navidena-del-comercio-local\/#primaryimage","url":"https:\/\/www.caudete.org\/ayuntamiento\/wp-content\/uploads\/2021\/11\/f9b9c626ee5627af1355bfcdb2553a24_L.jpg","contentUrl":"https:\/\/www.caudete.org\/ayuntamiento\/wp-content\/uploads\/2021\/11\/f9b9c626ee5627af1355bfcdb2553a24_L.jpg","width":620,"height":465},{"@type":"BreadcrumbList","@id":"https:\/\/www.caudete.org\/ayuntamiento\/presentada-la-nueva-campana-navidena-del-comercio-local\/#breadcrumb","itemListElement":[{"@type":"ListItem","position":1,"name":"Inicio","item":"https:\/\/www.caudete.org\/ayuntamiento\/"},{"@type":"ListItem","position":2,"name":"Presentada la nueva CAMPA\u00d1A NAVIDE\u00d1A DEL COMERCIO LOCAL"}]},{"@type":"WebSite","@id":"https:\/\/www.caudete.org\/ayuntamiento\/#website","url":"https:\/\/www.caudete.org\/ayuntamiento\/","name":"MI Ayuntamiento de Caudete","description":"P\u00e1gina Oficial del MI Ayuntamiento de Caudete","potentialAction":[{"@type":"SearchAction","target":{"@type":"EntryPoint","urlTemplate":"https:\/\/www.caudete.org\/ayuntamiento\/?s={search_term_string}"},"query-input":{"@type":"PropertyValueSpecification","valueRequired":true,"valueName":"search_term_string"}}],"inLanguage":"es"},{"@type":"Person","@id":"https:\/\/www.caudete.org\/ayuntamiento\/#\/schema\/person\/cc646da9133078ee4d8dd47457947253","name":"alcalde","image":{"@type":"ImageObject","inLanguage":"es","@id":"https:\/\/secure.gravatar.com\/avatar\/84a817ba065b29ff08d666b215a215f5c79186a645ccb25b14a663d48a130f77?s=96&d=mm&r=g","url":"https:\/\/secure.gravatar.com\/avatar\/84a817ba065b29ff08d666b215a215f5c79186a645ccb25b14a663d48a130f77?s=96&d=mm&r=g","contentUrl":"https:\/\/secure.gravatar.com\/avatar\/84a817ba065b29ff08d666b215a215f5c79186a645ccb25b14a663d48a130f77?s=96&d=mm&r=g","caption":"alcalde"},"url":"https:\/\/www.caudete.org\/ayuntamiento\/author\/alcalde\/"}]}},"_links":{"self":[{"href":"https:\/\/www.caudete.org\/ayuntamiento\/wp-json\/wp\/v2\/posts\/17195","targetHints":{"allow":["GET"]}}],"collection":[{"href":"https:\/\/www.caudete.org\/ayuntamiento\/wp-json\/wp\/v2\/posts"}],"about":[{"href":"https:\/\/www.caudete.org\/ayuntamiento\/wp-json\/wp\/v2\/types\/post"}],"author":[{"embeddable":true,"href":"https:\/\/www.caudete.org\/ayuntamiento\/wp-json\/wp\/v2\/users\/3"}],"replies":[{"embeddable":true,"href":"https:\/\/www.caudete.org\/ayuntamiento\/wp-json\/wp\/v2\/comments?post=17195"}],"version-history":[{"count":3,"href":"https:\/\/www.caudete.org\/ayuntamiento\/wp-json\/wp\/v2\/posts\/17195\/revisions"}],"predecessor-version":[{"id":17208,"href":"https:\/\/www.caudete.org\/ayuntamiento\/wp-json\/wp\/v2\/posts\/17195\/revisions\/17208"}],"wp:featuredmedia":[{"embeddable":true,"href":"https:\/\/www.caudete.org\/ayuntamiento\/wp-json\/wp\/v2\/media\/17196"}],"wp:attachment":[{"href":"https:\/\/www.caudete.org\/ayuntamiento\/wp-json\/wp\/v2\/media?parent=17195"}],"wp:term":[{"taxonomy":"category","embeddable":true,"href":"https:\/\/www.caudete.org\/ayuntamiento\/wp-json\/wp\/v2\/categories?post=17195"},{"taxonomy":"post_tag","embeddable":true,"href":"https:\/\/www.caudete.org\/ayuntamiento\/wp-json\/wp\/v2\/tags?post=17195"}],"curies":[{"name":"wp","href":"https:\/\/api.w.org\/{rel}","templated":true}]}}