{"id":17198,"date":"2021-11-30T08:50:21","date_gmt":"2021-11-30T07:50:21","guid":{"rendered":"https:\/\/www.caudete.org\/ayuntamiento\/?p=17198"},"modified":"2021-11-30T09:37:38","modified_gmt":"2021-11-30T08:37:38","slug":"caudete-dentro-de-las-rutas-de-jaime-i","status":"publish","type":"post","link":"https:\/\/www.caudete.org\/ayuntamiento\/caudete-dentro-de-las-rutas-de-jaime-i\/","title":{"rendered":"Caudete dentro de las RUTAS DE JAIME I"},"content":{"rendered":"<p style=\"text-align: justify;\">El pasado jueves la Sala de la Villa de Caudete acog\u00eda la presentaci\u00f3n del proyecto \u00abLas Rutas de Jaume I\u00bb, al cual se ha adherido nuestro municipio.<\/p>\n<p style=\"text-align: justify;\">En la presentaci\u00f3n estaban presentes el Alcalde, Mois\u00e9s L\u00f3pez; el Concejal de Turismo, Diego Cuenca; el Presidente de la Asociaci\u00f3n Valencianista, Emilio Jos\u00e9 Catal\u00e1n, y el Director de las Rutas de Jaume I, Jos\u00e9 Mar\u00eda Villagrasa.<\/p>\n<p><a href=\"https:\/\/www.caudete.org\/ayuntamiento\/wp-content\/uploads\/2021\/11\/jaime_1_caudete_digital.jpg\" rel='prettyPhoto'><img fetchpriority=\"high\" decoding=\"async\" class=\"aligncenter wp-image-17200 size-medium\" src=\"https:\/\/www.caudete.org\/ayuntamiento\/wp-content\/uploads\/2021\/11\/jaime_1_caudete_digital-215x300.jpg\" alt=\"\" width=\"215\" height=\"300\" srcset=\"https:\/\/www.caudete.org\/ayuntamiento\/wp-content\/uploads\/2021\/11\/jaime_1_caudete_digital-215x300.jpg 215w, https:\/\/www.caudete.org\/ayuntamiento\/wp-content\/uploads\/2021\/11\/jaime_1_caudete_digital.jpg 720w\" sizes=\"(max-width: 215px) 100vw, 215px\" \/><\/a><\/p>\n<p style=\"text-align: justify;\">En las distintas declaraciones a los medios, ha quedado patente que el objetivo de la participaci\u00f3n de Caudete en este proyecto es la promoci\u00f3n tur\u00edstica de nuestra poblaci\u00f3n en la Comunidad Valenciana. Los turistas podr\u00e1n conocer nuestro patrimonio hist\u00f3rico y cultural, nuestras Fiestas, nuestra gastronom\u00eda o comprar en nuestros comercios, lo que redundar\u00e1 en beneficios para nuestra poblaci\u00f3n.<\/p>\n<div class=\"code-block code-block-15\">\n<p style=\"text-align: justify;\">El por qu\u00e9 Caudete figura en este proyecto se debe a la relaci\u00f3n hist\u00f3rica de nuestro municipio con Valencia, seg\u00fan han explicado. Caudete\u00a0 aparece en el <em>Llibre dels Fets<\/em> de Jaime I como \u201clos Capdets y Bugarra\u201d, n\u00facleos de poblaci\u00f3n andalus\u00edes que, conquistados inicialmente por Jaime I en 1240, pasaron a la Corona de Castilla tras el tratado de Almizra en 1244. Es en estos momentos cuando se crea el se\u00f1or\u00edo de Caudete, concedido al noble Sancho S\u00e1nchez.<\/p>\n<p style=\"text-align: justify;\">De hecho, la Asociaci\u00f3n Valencianista de Caudete lleva cerca de tres a\u00f1os colaborando y preparando este proyecto tur\u00edstico y cultural, en el que \u00abno hay objetivos pol\u00edticos ni reivindicativos\u00bb, ha subrayado Emilio Jos\u00e9 Catal\u00e1n.<\/p>\n<p style=\"text-align: justify;\">Por su parte, Jos\u00e9 Mar\u00eda Villagrasa ha explicado que las agencias de viajes se han implicado en este proyecto, lo que va generar un desarrollo econ\u00f3mico muy destacable.<\/p>\n<p style=\"text-align: justify;\">Mois\u00e9s L\u00f3pez ha cerrado la tanda de intervenciones y ha indicado que el Ayuntamiento apuesta por \u00abLas Rutas de Jaume I\u00bb porque supone un apoyo para el turismo caudetano, y ha indicado que se tratar\u00e1 de conseguir \u00abel m\u00e1ximo rendimiento\u00bb a esta iniciativa.<\/p>\n<p><a href=\"https:\/\/www.caudete.org\/ayuntamiento\/wp-content\/uploads\/2021\/11\/31144235_2385715518112707_3385477691552563200_n.jpg\" rel='prettyPhoto'><img decoding=\"async\" class=\"aligncenter wp-image-17199 size-medium\" src=\"https:\/\/www.caudete.org\/ayuntamiento\/wp-content\/uploads\/2021\/11\/31144235_2385715518112707_3385477691552563200_n-300x300.jpg\" alt=\"\" width=\"300\" height=\"300\" srcset=\"https:\/\/www.caudete.org\/ayuntamiento\/wp-content\/uploads\/2021\/11\/31144235_2385715518112707_3385477691552563200_n-300x300.jpg 300w, https:\/\/www.caudete.org\/ayuntamiento\/wp-content\/uploads\/2021\/11\/31144235_2385715518112707_3385477691552563200_n-1024x1021.jpg 1024w, https:\/\/www.caudete.org\/ayuntamiento\/wp-content\/uploads\/2021\/11\/31144235_2385715518112707_3385477691552563200_n-150x150.jpg 150w, https:\/\/www.caudete.org\/ayuntamiento\/wp-content\/uploads\/2021\/11\/31144235_2385715518112707_3385477691552563200_n-768x766.jpg 768w, https:\/\/www.caudete.org\/ayuntamiento\/wp-content\/uploads\/2021\/11\/31144235_2385715518112707_3385477691552563200_n-60x60.jpg 60w, https:\/\/www.caudete.org\/ayuntamiento\/wp-content\/uploads\/2021\/11\/31144235_2385715518112707_3385477691552563200_n.jpg 1440w\" sizes=\"(max-width: 300px) 100vw, 300px\" \/><\/a><\/p>\n<\/div>\n","protected":false},"excerpt":{"rendered":"<p>El pasado jueves la Sala de la Villa de Caudete acog\u00eda la presentaci\u00f3n del proyecto \u00abLas Rutas de Jaume I\u00bb, al cual se ha adherido nuestro municipio. En la presentaci\u00f3n estaban presentes el Alcalde, Mois\u00e9s L\u00f3pez; el Concejal de Turismo, Diego Cuenca; el Presidente de la Asociaci\u00f3n Valencianista, Emilio Jos\u00e9 Catal\u00e1n, y el Director de &hellip;<\/p>\n","protected":false},"author":3,"featured_media":17202,"comment_status":"closed","ping_status":"open","sticky":false,"template":"","format":"standard","meta":{"ngg_post_thumbnail":0,"footnotes":""},"categories":[43],"tags":[],"class_list":["post-17198","post","type-post","status-publish","format-standard","has-post-thumbnail","hentry","category-turismo"],"yoast_head":"<!-- This site is optimized with the Yoast SEO plugin v27.5 - https:\/\/yoast.com\/product\/yoast-seo-wordpress\/ -->\n<title>Caudete dentro de las RUTAS DE JAIME I - MI Ayuntamiento de Caudete<\/title>\n<meta name=\"description\" content=\"P\u00e1gina Oficial del Ayuntamiento de Caudete (Albacete)\" \/>\n<meta name=\"robots\" content=\"index, follow, max-snippet:-1, max-image-preview:large, max-video-preview:-1\" \/>\n<link rel=\"canonical\" href=\"https:\/\/www.caudete.org\/ayuntamiento\/caudete-dentro-de-las-rutas-de-jaime-i\/\" \/>\n<meta property=\"og:locale\" content=\"es_ES\" \/>\n<meta property=\"og:type\" content=\"article\" \/>\n<meta property=\"og:title\" content=\"Caudete dentro de las RUTAS DE JAIME I - MI Ayuntamiento de Caudete\" \/>\n<meta property=\"og:description\" content=\"P\u00e1gina Oficial del Ayuntamiento de Caudete (Albacete)\" \/>\n<meta property=\"og:url\" content=\"https:\/\/www.caudete.org\/ayuntamiento\/caudete-dentro-de-las-rutas-de-jaime-i\/\" \/>\n<meta property=\"og:site_name\" content=\"MI Ayuntamiento de Caudete\" \/>\n<meta property=\"article:publisher\" content=\"https:\/\/www.facebook.com\/ayuntamientocaudete\/\" \/>\n<meta property=\"article:published_time\" content=\"2021-11-30T07:50:21+00:00\" \/>\n<meta property=\"article:modified_time\" content=\"2021-11-30T08:37:38+00:00\" \/>\n<meta property=\"og:image\" content=\"https:\/\/www.caudete.org\/ayuntamiento\/wp-content\/uploads\/2021\/11\/IMG-20211125-WA0012.jpg\" \/>\n\t<meta property=\"og:image:width\" content=\"1600\" \/>\n\t<meta property=\"og:image:height\" content=\"720\" \/>\n\t<meta property=\"og:image:type\" content=\"image\/jpeg\" \/>\n<meta name=\"author\" content=\"alcalde\" \/>\n<meta name=\"twitter:card\" content=\"summary_large_image\" \/>\n<meta name=\"twitter:label1\" content=\"Escrito por\" \/>\n\t<meta name=\"twitter:data1\" content=\"alcalde\" \/>\n\t<meta name=\"twitter:label2\" content=\"Tiempo de lectura\" \/>\n\t<meta name=\"twitter:data2\" content=\"2 minutos\" \/>\n<script type=\"application\/ld+json\" class=\"yoast-schema-graph\">{\"@context\":\"https:\\\/\\\/schema.org\",\"@graph\":[{\"@type\":\"Article\",\"@id\":\"https:\\\/\\\/www.caudete.org\\\/ayuntamiento\\\/caudete-dentro-de-las-rutas-de-jaime-i\\\/#article\",\"isPartOf\":{\"@id\":\"https:\\\/\\\/www.caudete.org\\\/ayuntamiento\\\/caudete-dentro-de-las-rutas-de-jaime-i\\\/\"},\"author\":{\"name\":\"alcalde\",\"@id\":\"https:\\\/\\\/www.caudete.org\\\/ayuntamiento\\\/#\\\/schema\\\/person\\\/cc646da9133078ee4d8dd47457947253\"},\"headline\":\"Caudete dentro de las RUTAS DE JAIME I\",\"datePublished\":\"2021-11-30T07:50:21+00:00\",\"dateModified\":\"2021-11-30T08:37:38+00:00\",\"mainEntityOfPage\":{\"@id\":\"https:\\\/\\\/www.caudete.org\\\/ayuntamiento\\\/caudete-dentro-de-las-rutas-de-jaime-i\\\/\"},\"wordCount\":345,\"image\":{\"@id\":\"https:\\\/\\\/www.caudete.org\\\/ayuntamiento\\\/caudete-dentro-de-las-rutas-de-jaime-i\\\/#primaryimage\"},\"thumbnailUrl\":\"https:\\\/\\\/www.caudete.org\\\/ayuntamiento\\\/wp-content\\\/uploads\\\/2021\\\/11\\\/IMG-20211125-WA0012.jpg\",\"articleSection\":[\"Turismo\"],\"inLanguage\":\"es\"},{\"@type\":\"WebPage\",\"@id\":\"https:\\\/\\\/www.caudete.org\\\/ayuntamiento\\\/caudete-dentro-de-las-rutas-de-jaime-i\\\/\",\"url\":\"https:\\\/\\\/www.caudete.org\\\/ayuntamiento\\\/caudete-dentro-de-las-rutas-de-jaime-i\\\/\",\"name\":\"Caudete dentro de las RUTAS DE JAIME I - MI Ayuntamiento de Caudete\",\"isPartOf\":{\"@id\":\"https:\\\/\\\/www.caudete.org\\\/ayuntamiento\\\/#website\"},\"primaryImageOfPage\":{\"@id\":\"https:\\\/\\\/www.caudete.org\\\/ayuntamiento\\\/caudete-dentro-de-las-rutas-de-jaime-i\\\/#primaryimage\"},\"image\":{\"@id\":\"https:\\\/\\\/www.caudete.org\\\/ayuntamiento\\\/caudete-dentro-de-las-rutas-de-jaime-i\\\/#primaryimage\"},\"thumbnailUrl\":\"https:\\\/\\\/www.caudete.org\\\/ayuntamiento\\\/wp-content\\\/uploads\\\/2021\\\/11\\\/IMG-20211125-WA0012.jpg\",\"datePublished\":\"2021-11-30T07:50:21+00:00\",\"dateModified\":\"2021-11-30T08:37:38+00:00\",\"author\":{\"@id\":\"https:\\\/\\\/www.caudete.org\\\/ayuntamiento\\\/#\\\/schema\\\/person\\\/cc646da9133078ee4d8dd47457947253\"},\"description\":\"P\u00e1gina Oficial del Ayuntamiento de Caudete (Albacete)\",\"breadcrumb\":{\"@id\":\"https:\\\/\\\/www.caudete.org\\\/ayuntamiento\\\/caudete-dentro-de-las-rutas-de-jaime-i\\\/#breadcrumb\"},\"inLanguage\":\"es\",\"potentialAction\":[{\"@type\":\"ReadAction\",\"target\":[\"https:\\\/\\\/www.caudete.org\\\/ayuntamiento\\\/caudete-dentro-de-las-rutas-de-jaime-i\\\/\"]}]},{\"@type\":\"ImageObject\",\"inLanguage\":\"es\",\"@id\":\"https:\\\/\\\/www.caudete.org\\\/ayuntamiento\\\/caudete-dentro-de-las-rutas-de-jaime-i\\\/#primaryimage\",\"url\":\"https:\\\/\\\/www.caudete.org\\\/ayuntamiento\\\/wp-content\\\/uploads\\\/2021\\\/11\\\/IMG-20211125-WA0012.jpg\",\"contentUrl\":\"https:\\\/\\\/www.caudete.org\\\/ayuntamiento\\\/wp-content\\\/uploads\\\/2021\\\/11\\\/IMG-20211125-WA0012.jpg\",\"width\":1600,\"height\":720},{\"@type\":\"BreadcrumbList\",\"@id\":\"https:\\\/\\\/www.caudete.org\\\/ayuntamiento\\\/caudete-dentro-de-las-rutas-de-jaime-i\\\/#breadcrumb\",\"itemListElement\":[{\"@type\":\"ListItem\",\"position\":1,\"name\":\"Inicio\",\"item\":\"https:\\\/\\\/www.caudete.org\\\/ayuntamiento\\\/\"},{\"@type\":\"ListItem\",\"position\":2,\"name\":\"Caudete dentro de las RUTAS DE JAIME I\"}]},{\"@type\":\"WebSite\",\"@id\":\"https:\\\/\\\/www.caudete.org\\\/ayuntamiento\\\/#website\",\"url\":\"https:\\\/\\\/www.caudete.org\\\/ayuntamiento\\\/\",\"name\":\"MI Ayuntamiento de Caudete\",\"description\":\"P\u00e1gina Oficial del MI Ayuntamiento de Caudete\",\"potentialAction\":[{\"@type\":\"SearchAction\",\"target\":{\"@type\":\"EntryPoint\",\"urlTemplate\":\"https:\\\/\\\/www.caudete.org\\\/ayuntamiento\\\/?s={search_term_string}\"},\"query-input\":{\"@type\":\"PropertyValueSpecification\",\"valueRequired\":true,\"valueName\":\"search_term_string\"}}],\"inLanguage\":\"es\"},{\"@type\":\"Person\",\"@id\":\"https:\\\/\\\/www.caudete.org\\\/ayuntamiento\\\/#\\\/schema\\\/person\\\/cc646da9133078ee4d8dd47457947253\",\"name\":\"alcalde\",\"image\":{\"@type\":\"ImageObject\",\"inLanguage\":\"es\",\"@id\":\"https:\\\/\\\/secure.gravatar.com\\\/avatar\\\/84a817ba065b29ff08d666b215a215f5c79186a645ccb25b14a663d48a130f77?s=96&d=mm&r=g\",\"url\":\"https:\\\/\\\/secure.gravatar.com\\\/avatar\\\/84a817ba065b29ff08d666b215a215f5c79186a645ccb25b14a663d48a130f77?s=96&d=mm&r=g\",\"contentUrl\":\"https:\\\/\\\/secure.gravatar.com\\\/avatar\\\/84a817ba065b29ff08d666b215a215f5c79186a645ccb25b14a663d48a130f77?s=96&d=mm&r=g\",\"caption\":\"alcalde\"},\"url\":\"https:\\\/\\\/www.caudete.org\\\/ayuntamiento\\\/author\\\/alcalde\\\/\"}]}<\/script>\n<!-- \/ Yoast SEO plugin. -->","yoast_head_json":{"title":"Caudete dentro de las RUTAS DE JAIME I - MI Ayuntamiento de Caudete","description":"P\u00e1gina Oficial del Ayuntamiento de Caudete (Albacete)","robots":{"index":"index","follow":"follow","max-snippet":"max-snippet:-1","max-image-preview":"max-image-preview:large","max-video-preview":"max-video-preview:-1"},"canonical":"https:\/\/www.caudete.org\/ayuntamiento\/caudete-dentro-de-las-rutas-de-jaime-i\/","og_locale":"es_ES","og_type":"article","og_title":"Caudete dentro de las RUTAS DE JAIME I - MI Ayuntamiento de Caudete","og_description":"P\u00e1gina Oficial del Ayuntamiento de Caudete (Albacete)","og_url":"https:\/\/www.caudete.org\/ayuntamiento\/caudete-dentro-de-las-rutas-de-jaime-i\/","og_site_name":"MI Ayuntamiento de Caudete","article_publisher":"https:\/\/www.facebook.com\/ayuntamientocaudete\/","article_published_time":"2021-11-30T07:50:21+00:00","article_modified_time":"2021-11-30T08:37:38+00:00","og_image":[{"width":1600,"height":720,"url":"https:\/\/www.caudete.org\/ayuntamiento\/wp-content\/uploads\/2021\/11\/IMG-20211125-WA0012.jpg","type":"image\/jpeg"}],"author":"alcalde","twitter_card":"summary_large_image","twitter_misc":{"Escrito por":"alcalde","Tiempo de lectura":"2 minutos"},"schema":{"@context":"https:\/\/schema.org","@graph":[{"@type":"Article","@id":"https:\/\/www.caudete.org\/ayuntamiento\/caudete-dentro-de-las-rutas-de-jaime-i\/#article","isPartOf":{"@id":"https:\/\/www.caudete.org\/ayuntamiento\/caudete-dentro-de-las-rutas-de-jaime-i\/"},"author":{"name":"alcalde","@id":"https:\/\/www.caudete.org\/ayuntamiento\/#\/schema\/person\/cc646da9133078ee4d8dd47457947253"},"headline":"Caudete dentro de las RUTAS DE JAIME I","datePublished":"2021-11-30T07:50:21+00:00","dateModified":"2021-11-30T08:37:38+00:00","mainEntityOfPage":{"@id":"https:\/\/www.caudete.org\/ayuntamiento\/caudete-dentro-de-las-rutas-de-jaime-i\/"},"wordCount":345,"image":{"@id":"https:\/\/www.caudete.org\/ayuntamiento\/caudete-dentro-de-las-rutas-de-jaime-i\/#primaryimage"},"thumbnailUrl":"https:\/\/www.caudete.org\/ayuntamiento\/wp-content\/uploads\/2021\/11\/IMG-20211125-WA0012.jpg","articleSection":["Turismo"],"inLanguage":"es"},{"@type":"WebPage","@id":"https:\/\/www.caudete.org\/ayuntamiento\/caudete-dentro-de-las-rutas-de-jaime-i\/","url":"https:\/\/www.caudete.org\/ayuntamiento\/caudete-dentro-de-las-rutas-de-jaime-i\/","name":"Caudete dentro de las RUTAS DE JAIME I - MI Ayuntamiento de Caudete","isPartOf":{"@id":"https:\/\/www.caudete.org\/ayuntamiento\/#website"},"primaryImageOfPage":{"@id":"https:\/\/www.caudete.org\/ayuntamiento\/caudete-dentro-de-las-rutas-de-jaime-i\/#primaryimage"},"image":{"@id":"https:\/\/www.caudete.org\/ayuntamiento\/caudete-dentro-de-las-rutas-de-jaime-i\/#primaryimage"},"thumbnailUrl":"https:\/\/www.caudete.org\/ayuntamiento\/wp-content\/uploads\/2021\/11\/IMG-20211125-WA0012.jpg","datePublished":"2021-11-30T07:50:21+00:00","dateModified":"2021-11-30T08:37:38+00:00","author":{"@id":"https:\/\/www.caudete.org\/ayuntamiento\/#\/schema\/person\/cc646da9133078ee4d8dd47457947253"},"description":"P\u00e1gina Oficial del Ayuntamiento de Caudete (Albacete)","breadcrumb":{"@id":"https:\/\/www.caudete.org\/ayuntamiento\/caudete-dentro-de-las-rutas-de-jaime-i\/#breadcrumb"},"inLanguage":"es","potentialAction":[{"@type":"ReadAction","target":["https:\/\/www.caudete.org\/ayuntamiento\/caudete-dentro-de-las-rutas-de-jaime-i\/"]}]},{"@type":"ImageObject","inLanguage":"es","@id":"https:\/\/www.caudete.org\/ayuntamiento\/caudete-dentro-de-las-rutas-de-jaime-i\/#primaryimage","url":"https:\/\/www.caudete.org\/ayuntamiento\/wp-content\/uploads\/2021\/11\/IMG-20211125-WA0012.jpg","contentUrl":"https:\/\/www.caudete.org\/ayuntamiento\/wp-content\/uploads\/2021\/11\/IMG-20211125-WA0012.jpg","width":1600,"height":720},{"@type":"BreadcrumbList","@id":"https:\/\/www.caudete.org\/ayuntamiento\/caudete-dentro-de-las-rutas-de-jaime-i\/#breadcrumb","itemListElement":[{"@type":"ListItem","position":1,"name":"Inicio","item":"https:\/\/www.caudete.org\/ayuntamiento\/"},{"@type":"ListItem","position":2,"name":"Caudete dentro de las RUTAS DE JAIME I"}]},{"@type":"WebSite","@id":"https:\/\/www.caudete.org\/ayuntamiento\/#website","url":"https:\/\/www.caudete.org\/ayuntamiento\/","name":"MI Ayuntamiento de Caudete","description":"P\u00e1gina Oficial del MI Ayuntamiento de Caudete","potentialAction":[{"@type":"SearchAction","target":{"@type":"EntryPoint","urlTemplate":"https:\/\/www.caudete.org\/ayuntamiento\/?s={search_term_string}"},"query-input":{"@type":"PropertyValueSpecification","valueRequired":true,"valueName":"search_term_string"}}],"inLanguage":"es"},{"@type":"Person","@id":"https:\/\/www.caudete.org\/ayuntamiento\/#\/schema\/person\/cc646da9133078ee4d8dd47457947253","name":"alcalde","image":{"@type":"ImageObject","inLanguage":"es","@id":"https:\/\/secure.gravatar.com\/avatar\/84a817ba065b29ff08d666b215a215f5c79186a645ccb25b14a663d48a130f77?s=96&d=mm&r=g","url":"https:\/\/secure.gravatar.com\/avatar\/84a817ba065b29ff08d666b215a215f5c79186a645ccb25b14a663d48a130f77?s=96&d=mm&r=g","contentUrl":"https:\/\/secure.gravatar.com\/avatar\/84a817ba065b29ff08d666b215a215f5c79186a645ccb25b14a663d48a130f77?s=96&d=mm&r=g","caption":"alcalde"},"url":"https:\/\/www.caudete.org\/ayuntamiento\/author\/alcalde\/"}]}},"_links":{"self":[{"href":"https:\/\/www.caudete.org\/ayuntamiento\/wp-json\/wp\/v2\/posts\/17198","targetHints":{"allow":["GET"]}}],"collection":[{"href":"https:\/\/www.caudete.org\/ayuntamiento\/wp-json\/wp\/v2\/posts"}],"about":[{"href":"https:\/\/www.caudete.org\/ayuntamiento\/wp-json\/wp\/v2\/types\/post"}],"author":[{"embeddable":true,"href":"https:\/\/www.caudete.org\/ayuntamiento\/wp-json\/wp\/v2\/users\/3"}],"replies":[{"embeddable":true,"href":"https:\/\/www.caudete.org\/ayuntamiento\/wp-json\/wp\/v2\/comments?post=17198"}],"version-history":[{"count":2,"href":"https:\/\/www.caudete.org\/ayuntamiento\/wp-json\/wp\/v2\/posts\/17198\/revisions"}],"predecessor-version":[{"id":17207,"href":"https:\/\/www.caudete.org\/ayuntamiento\/wp-json\/wp\/v2\/posts\/17198\/revisions\/17207"}],"wp:featuredmedia":[{"embeddable":true,"href":"https:\/\/www.caudete.org\/ayuntamiento\/wp-json\/wp\/v2\/media\/17202"}],"wp:attachment":[{"href":"https:\/\/www.caudete.org\/ayuntamiento\/wp-json\/wp\/v2\/media?parent=17198"}],"wp:term":[{"taxonomy":"category","embeddable":true,"href":"https:\/\/www.caudete.org\/ayuntamiento\/wp-json\/wp\/v2\/categories?post=17198"},{"taxonomy":"post_tag","embeddable":true,"href":"https:\/\/www.caudete.org\/ayuntamiento\/wp-json\/wp\/v2\/tags?post=17198"}],"curies":[{"name":"wp","href":"https:\/\/api.w.org\/{rel}","templated":true}]}}