{"id":17211,"date":"2021-11-30T16:09:03","date_gmt":"2021-11-30T15:09:03","guid":{"rendered":"https:\/\/www.caudete.org\/ayuntamiento\/?p=17211"},"modified":"2021-11-30T19:12:19","modified_gmt":"2021-11-30T18:12:19","slug":"page-visita-camacho-recycling-ante-la-inversion-realizada-con-ayuda-de-fondos-europeos","status":"publish","type":"post","link":"https:\/\/www.caudete.org\/ayuntamiento\/page-visita-camacho-recycling-ante-la-inversion-realizada-con-ayuda-de-fondos-europeos\/","title":{"rendered":"Page visita CAMACHO RECYCLING ante la inversi\u00f3n realizada con ayuda de Fondos Europeos"},"content":{"rendered":"<p style=\"text-align: justify;\">El Presidente del Gobierno de Castilla La Mancha, Emiliano Garc\u00eda-Page, visit\u00f3 ayer Caudete para conocer de cerca el trabajo e inversi\u00f3n que la empresa Camacho Recycling ha realizado recientemente por importe superior a los 2&#8217;5 millones de euros.<\/p>\n<p><a href=\"https:\/\/www.caudete.org\/ayuntamiento\/wp-content\/uploads\/2021\/11\/FB_IMG_1638283956531.jpg\" rel='prettyPhoto'><img fetchpriority=\"high\" decoding=\"async\" class=\"aligncenter wp-image-17213 size-medium\" src=\"https:\/\/www.caudete.org\/ayuntamiento\/wp-content\/uploads\/2021\/11\/FB_IMG_1638283956531-300x169.jpg\" alt=\"\" width=\"300\" height=\"169\" srcset=\"https:\/\/www.caudete.org\/ayuntamiento\/wp-content\/uploads\/2021\/11\/FB_IMG_1638283956531-300x169.jpg 300w, https:\/\/www.caudete.org\/ayuntamiento\/wp-content\/uploads\/2021\/11\/FB_IMG_1638283956531.jpg 720w\" sizes=\"(max-width: 300px) 100vw, 300px\" \/><\/a><\/p>\n<p style=\"text-align: justify;\">La visita cont\u00f3 con la compa\u00f1\u00eda del Presidente de la Diputaci\u00f3n de Albacete, Santi Caba\u00f1ero, el Alcalde de Caudete, Mois\u00e9s L\u00f3pez, y la Consejera de Econom\u00eda, Empresas y Empleo, Patricia Franco.<\/p>\n<p style=\"text-align: justify;\">Camacho Recycling, referente nacional en la recogida y reciclado del vidrio, gestiona en la actualidad m\u00e1s de 16.000 contenedores igl\u00fas de diferentes provincias y lotes (Albacete, Alicante Murcia), realizando la mayor parte de la recogida con una flota de veh\u00edculos propia.<\/p>\n<p><a href=\"https:\/\/www.caudete.org\/ayuntamiento\/wp-content\/uploads\/2021\/11\/FB_IMG_1638283977216.jpg\" rel='prettyPhoto'><img decoding=\"async\" class=\"aligncenter wp-image-17214 size-medium\" src=\"https:\/\/www.caudete.org\/ayuntamiento\/wp-content\/uploads\/2021\/11\/FB_IMG_1638283977216-300x169.jpg\" alt=\"\" width=\"300\" height=\"169\" srcset=\"https:\/\/www.caudete.org\/ayuntamiento\/wp-content\/uploads\/2021\/11\/FB_IMG_1638283977216-300x169.jpg 300w, https:\/\/www.caudete.org\/ayuntamiento\/wp-content\/uploads\/2021\/11\/FB_IMG_1638283977216.jpg 720w\" sizes=\"(max-width: 300px) 100vw, 300px\" \/><\/a><\/p>\n<p style=\"text-align: justify;\">Recientemente, ha puesto en marcha una nueva l\u00ednea de fabricaci\u00f3n de polvo de vidrio para diferentes aplicaciones tales como, fabricaci\u00f3n de envases, sector cer\u00e1mico, cementos de vidrio, etc. esta l\u00ednea, que tiene como finalidad el aprovechamiento de diferentes residuos de vidrio para su valorizaci\u00f3n como nueva materia prima, ha sido cofinanciada por el gobierno de Castilla-La Mancha como por la Uni\u00f3n Europea, a trav\u00e9s del FEDER (80%) de la inversi\u00f3n.<\/p>\n<p><a href=\"https:\/\/www.caudete.org\/ayuntamiento\/wp-content\/uploads\/2021\/11\/FB_IMG_1638285610550.jpg\" rel='prettyPhoto'><img decoding=\"async\" class=\"aligncenter wp-image-17216 size-medium\" src=\"https:\/\/www.caudete.org\/ayuntamiento\/wp-content\/uploads\/2021\/11\/FB_IMG_1638285610550-300x169.jpg\" alt=\"\" width=\"300\" height=\"169\" srcset=\"https:\/\/www.caudete.org\/ayuntamiento\/wp-content\/uploads\/2021\/11\/FB_IMG_1638285610550-300x169.jpg 300w, https:\/\/www.caudete.org\/ayuntamiento\/wp-content\/uploads\/2021\/11\/FB_IMG_1638285610550.jpg 720w\" sizes=\"(max-width: 300px) 100vw, 300px\" \/><\/a><\/p>\n<p style=\"text-align: justify;\">Tras la visita, la Consejera de Econom\u00eda, Empresas y Empleo, el Alcalde de Caudete y el Director de la empresa realizaron la atenci\u00f3n a medios dentro de las propias instalaciones, tras la marcha del Presidente Regional.<\/p>\n","protected":false},"excerpt":{"rendered":"<p>El Presidente del Gobierno de Castilla La Mancha, Emiliano Garc\u00eda-Page, visit\u00f3 ayer Caudete para conocer de cerca el trabajo e inversi\u00f3n que la empresa Camacho Recycling ha realizado recientemente por importe superior a los 2&#8217;5 millones de euros. La visita cont\u00f3 con la compa\u00f1\u00eda del Presidente de la Diputaci\u00f3n de Albacete, Santi Caba\u00f1ero, el Alcalde &hellip;<\/p>\n","protected":false},"author":3,"featured_media":17212,"comment_status":"closed","ping_status":"open","sticky":false,"template":"","format":"standard","meta":{"ngg_post_thumbnail":0,"footnotes":""},"categories":[32],"tags":[],"class_list":["post-17211","post","type-post","status-publish","format-standard","has-post-thumbnail","hentry","category-industria-y-empresas"],"yoast_head":"<!-- This site is optimized with the Yoast SEO plugin v27.5 - https:\/\/yoast.com\/product\/yoast-seo-wordpress\/ -->\n<title>Page visita CAMACHO RECYCLING ante la inversi\u00f3n realizada con ayuda de Fondos Europeos - MI Ayuntamiento de Caudete<\/title>\n<meta name=\"description\" content=\"P\u00e1gina Oficial del Ayuntamiento de Caudete (Albacete)\" \/>\n<meta name=\"robots\" content=\"index, follow, max-snippet:-1, max-image-preview:large, max-video-preview:-1\" \/>\n<link rel=\"canonical\" href=\"https:\/\/www.caudete.org\/ayuntamiento\/page-visita-camacho-recycling-ante-la-inversion-realizada-con-ayuda-de-fondos-europeos\/\" \/>\n<meta property=\"og:locale\" content=\"es_ES\" \/>\n<meta property=\"og:type\" content=\"article\" \/>\n<meta property=\"og:title\" content=\"Page visita CAMACHO RECYCLING ante la inversi\u00f3n realizada con ayuda de Fondos Europeos - MI Ayuntamiento de Caudete\" \/>\n<meta property=\"og:description\" content=\"P\u00e1gina Oficial del Ayuntamiento de Caudete (Albacete)\" \/>\n<meta property=\"og:url\" content=\"https:\/\/www.caudete.org\/ayuntamiento\/page-visita-camacho-recycling-ante-la-inversion-realizada-con-ayuda-de-fondos-europeos\/\" \/>\n<meta property=\"og:site_name\" content=\"MI Ayuntamiento de Caudete\" \/>\n<meta property=\"article:publisher\" content=\"https:\/\/www.facebook.com\/ayuntamientocaudete\/\" \/>\n<meta property=\"article:published_time\" content=\"2021-11-30T15:09:03+00:00\" \/>\n<meta property=\"article:modified_time\" content=\"2021-11-30T18:12:19+00:00\" \/>\n<meta property=\"og:image\" content=\"https:\/\/www.caudete.org\/ayuntamiento\/wp-content\/uploads\/2021\/11\/FB_IMG_1638283968677.jpg\" \/>\n\t<meta property=\"og:image:width\" content=\"720\" \/>\n\t<meta property=\"og:image:height\" content=\"405\" \/>\n\t<meta property=\"og:image:type\" content=\"image\/jpeg\" \/>\n<meta name=\"author\" content=\"alcalde\" \/>\n<meta name=\"twitter:card\" content=\"summary_large_image\" \/>\n<meta name=\"twitter:label1\" content=\"Escrito por\" \/>\n\t<meta name=\"twitter:data1\" content=\"alcalde\" \/>\n\t<meta name=\"twitter:label2\" content=\"Tiempo de lectura\" \/>\n\t<meta name=\"twitter:data2\" content=\"2 minutos\" \/>\n<script type=\"application\/ld+json\" class=\"yoast-schema-graph\">{\"@context\":\"https:\\\/\\\/schema.org\",\"@graph\":[{\"@type\":\"Article\",\"@id\":\"https:\\\/\\\/www.caudete.org\\\/ayuntamiento\\\/page-visita-camacho-recycling-ante-la-inversion-realizada-con-ayuda-de-fondos-europeos\\\/#article\",\"isPartOf\":{\"@id\":\"https:\\\/\\\/www.caudete.org\\\/ayuntamiento\\\/page-visita-camacho-recycling-ante-la-inversion-realizada-con-ayuda-de-fondos-europeos\\\/\"},\"author\":{\"name\":\"alcalde\",\"@id\":\"https:\\\/\\\/www.caudete.org\\\/ayuntamiento\\\/#\\\/schema\\\/person\\\/cc646da9133078ee4d8dd47457947253\"},\"headline\":\"Page visita CAMACHO RECYCLING ante la inversi\u00f3n realizada con ayuda de Fondos Europeos\",\"datePublished\":\"2021-11-30T15:09:03+00:00\",\"dateModified\":\"2021-11-30T18:12:19+00:00\",\"mainEntityOfPage\":{\"@id\":\"https:\\\/\\\/www.caudete.org\\\/ayuntamiento\\\/page-visita-camacho-recycling-ante-la-inversion-realizada-con-ayuda-de-fondos-europeos\\\/\"},\"wordCount\":249,\"image\":{\"@id\":\"https:\\\/\\\/www.caudete.org\\\/ayuntamiento\\\/page-visita-camacho-recycling-ante-la-inversion-realizada-con-ayuda-de-fondos-europeos\\\/#primaryimage\"},\"thumbnailUrl\":\"https:\\\/\\\/www.caudete.org\\\/ayuntamiento\\\/wp-content\\\/uploads\\\/2021\\\/11\\\/FB_IMG_1638283968677.jpg\",\"articleSection\":[\"Industria y Empresas\"],\"inLanguage\":\"es\"},{\"@type\":\"WebPage\",\"@id\":\"https:\\\/\\\/www.caudete.org\\\/ayuntamiento\\\/page-visita-camacho-recycling-ante-la-inversion-realizada-con-ayuda-de-fondos-europeos\\\/\",\"url\":\"https:\\\/\\\/www.caudete.org\\\/ayuntamiento\\\/page-visita-camacho-recycling-ante-la-inversion-realizada-con-ayuda-de-fondos-europeos\\\/\",\"name\":\"Page visita CAMACHO RECYCLING ante la inversi\u00f3n realizada con ayuda de Fondos Europeos - MI Ayuntamiento de Caudete\",\"isPartOf\":{\"@id\":\"https:\\\/\\\/www.caudete.org\\\/ayuntamiento\\\/#website\"},\"primaryImageOfPage\":{\"@id\":\"https:\\\/\\\/www.caudete.org\\\/ayuntamiento\\\/page-visita-camacho-recycling-ante-la-inversion-realizada-con-ayuda-de-fondos-europeos\\\/#primaryimage\"},\"image\":{\"@id\":\"https:\\\/\\\/www.caudete.org\\\/ayuntamiento\\\/page-visita-camacho-recycling-ante-la-inversion-realizada-con-ayuda-de-fondos-europeos\\\/#primaryimage\"},\"thumbnailUrl\":\"https:\\\/\\\/www.caudete.org\\\/ayuntamiento\\\/wp-content\\\/uploads\\\/2021\\\/11\\\/FB_IMG_1638283968677.jpg\",\"datePublished\":\"2021-11-30T15:09:03+00:00\",\"dateModified\":\"2021-11-30T18:12:19+00:00\",\"author\":{\"@id\":\"https:\\\/\\\/www.caudete.org\\\/ayuntamiento\\\/#\\\/schema\\\/person\\\/cc646da9133078ee4d8dd47457947253\"},\"description\":\"P\u00e1gina Oficial del Ayuntamiento de Caudete (Albacete)\",\"breadcrumb\":{\"@id\":\"https:\\\/\\\/www.caudete.org\\\/ayuntamiento\\\/page-visita-camacho-recycling-ante-la-inversion-realizada-con-ayuda-de-fondos-europeos\\\/#breadcrumb\"},\"inLanguage\":\"es\",\"potentialAction\":[{\"@type\":\"ReadAction\",\"target\":[\"https:\\\/\\\/www.caudete.org\\\/ayuntamiento\\\/page-visita-camacho-recycling-ante-la-inversion-realizada-con-ayuda-de-fondos-europeos\\\/\"]}]},{\"@type\":\"ImageObject\",\"inLanguage\":\"es\",\"@id\":\"https:\\\/\\\/www.caudete.org\\\/ayuntamiento\\\/page-visita-camacho-recycling-ante-la-inversion-realizada-con-ayuda-de-fondos-europeos\\\/#primaryimage\",\"url\":\"https:\\\/\\\/www.caudete.org\\\/ayuntamiento\\\/wp-content\\\/uploads\\\/2021\\\/11\\\/FB_IMG_1638283968677.jpg\",\"contentUrl\":\"https:\\\/\\\/www.caudete.org\\\/ayuntamiento\\\/wp-content\\\/uploads\\\/2021\\\/11\\\/FB_IMG_1638283968677.jpg\",\"width\":720,\"height\":405},{\"@type\":\"BreadcrumbList\",\"@id\":\"https:\\\/\\\/www.caudete.org\\\/ayuntamiento\\\/page-visita-camacho-recycling-ante-la-inversion-realizada-con-ayuda-de-fondos-europeos\\\/#breadcrumb\",\"itemListElement\":[{\"@type\":\"ListItem\",\"position\":1,\"name\":\"Inicio\",\"item\":\"https:\\\/\\\/www.caudete.org\\\/ayuntamiento\\\/\"},{\"@type\":\"ListItem\",\"position\":2,\"name\":\"Page visita CAMACHO RECYCLING ante la inversi\u00f3n realizada con ayuda de Fondos Europeos\"}]},{\"@type\":\"WebSite\",\"@id\":\"https:\\\/\\\/www.caudete.org\\\/ayuntamiento\\\/#website\",\"url\":\"https:\\\/\\\/www.caudete.org\\\/ayuntamiento\\\/\",\"name\":\"MI Ayuntamiento de Caudete\",\"description\":\"P\u00e1gina Oficial del MI Ayuntamiento de Caudete\",\"potentialAction\":[{\"@type\":\"SearchAction\",\"target\":{\"@type\":\"EntryPoint\",\"urlTemplate\":\"https:\\\/\\\/www.caudete.org\\\/ayuntamiento\\\/?s={search_term_string}\"},\"query-input\":{\"@type\":\"PropertyValueSpecification\",\"valueRequired\":true,\"valueName\":\"search_term_string\"}}],\"inLanguage\":\"es\"},{\"@type\":\"Person\",\"@id\":\"https:\\\/\\\/www.caudete.org\\\/ayuntamiento\\\/#\\\/schema\\\/person\\\/cc646da9133078ee4d8dd47457947253\",\"name\":\"alcalde\",\"image\":{\"@type\":\"ImageObject\",\"inLanguage\":\"es\",\"@id\":\"https:\\\/\\\/secure.gravatar.com\\\/avatar\\\/84a817ba065b29ff08d666b215a215f5c79186a645ccb25b14a663d48a130f77?s=96&d=mm&r=g\",\"url\":\"https:\\\/\\\/secure.gravatar.com\\\/avatar\\\/84a817ba065b29ff08d666b215a215f5c79186a645ccb25b14a663d48a130f77?s=96&d=mm&r=g\",\"contentUrl\":\"https:\\\/\\\/secure.gravatar.com\\\/avatar\\\/84a817ba065b29ff08d666b215a215f5c79186a645ccb25b14a663d48a130f77?s=96&d=mm&r=g\",\"caption\":\"alcalde\"},\"url\":\"https:\\\/\\\/www.caudete.org\\\/ayuntamiento\\\/author\\\/alcalde\\\/\"}]}<\/script>\n<!-- \/ Yoast SEO plugin. -->","yoast_head_json":{"title":"Page visita CAMACHO RECYCLING ante la inversi\u00f3n realizada con ayuda de Fondos Europeos - MI Ayuntamiento de Caudete","description":"P\u00e1gina Oficial del Ayuntamiento de Caudete (Albacete)","robots":{"index":"index","follow":"follow","max-snippet":"max-snippet:-1","max-image-preview":"max-image-preview:large","max-video-preview":"max-video-preview:-1"},"canonical":"https:\/\/www.caudete.org\/ayuntamiento\/page-visita-camacho-recycling-ante-la-inversion-realizada-con-ayuda-de-fondos-europeos\/","og_locale":"es_ES","og_type":"article","og_title":"Page visita CAMACHO RECYCLING ante la inversi\u00f3n realizada con ayuda de Fondos Europeos - MI Ayuntamiento de Caudete","og_description":"P\u00e1gina Oficial del Ayuntamiento de Caudete (Albacete)","og_url":"https:\/\/www.caudete.org\/ayuntamiento\/page-visita-camacho-recycling-ante-la-inversion-realizada-con-ayuda-de-fondos-europeos\/","og_site_name":"MI Ayuntamiento de Caudete","article_publisher":"https:\/\/www.facebook.com\/ayuntamientocaudete\/","article_published_time":"2021-11-30T15:09:03+00:00","article_modified_time":"2021-11-30T18:12:19+00:00","og_image":[{"width":720,"height":405,"url":"https:\/\/www.caudete.org\/ayuntamiento\/wp-content\/uploads\/2021\/11\/FB_IMG_1638283968677.jpg","type":"image\/jpeg"}],"author":"alcalde","twitter_card":"summary_large_image","twitter_misc":{"Escrito por":"alcalde","Tiempo de lectura":"2 minutos"},"schema":{"@context":"https:\/\/schema.org","@graph":[{"@type":"Article","@id":"https:\/\/www.caudete.org\/ayuntamiento\/page-visita-camacho-recycling-ante-la-inversion-realizada-con-ayuda-de-fondos-europeos\/#article","isPartOf":{"@id":"https:\/\/www.caudete.org\/ayuntamiento\/page-visita-camacho-recycling-ante-la-inversion-realizada-con-ayuda-de-fondos-europeos\/"},"author":{"name":"alcalde","@id":"https:\/\/www.caudete.org\/ayuntamiento\/#\/schema\/person\/cc646da9133078ee4d8dd47457947253"},"headline":"Page visita CAMACHO RECYCLING ante la inversi\u00f3n realizada con ayuda de Fondos Europeos","datePublished":"2021-11-30T15:09:03+00:00","dateModified":"2021-11-30T18:12:19+00:00","mainEntityOfPage":{"@id":"https:\/\/www.caudete.org\/ayuntamiento\/page-visita-camacho-recycling-ante-la-inversion-realizada-con-ayuda-de-fondos-europeos\/"},"wordCount":249,"image":{"@id":"https:\/\/www.caudete.org\/ayuntamiento\/page-visita-camacho-recycling-ante-la-inversion-realizada-con-ayuda-de-fondos-europeos\/#primaryimage"},"thumbnailUrl":"https:\/\/www.caudete.org\/ayuntamiento\/wp-content\/uploads\/2021\/11\/FB_IMG_1638283968677.jpg","articleSection":["Industria y Empresas"],"inLanguage":"es"},{"@type":"WebPage","@id":"https:\/\/www.caudete.org\/ayuntamiento\/page-visita-camacho-recycling-ante-la-inversion-realizada-con-ayuda-de-fondos-europeos\/","url":"https:\/\/www.caudete.org\/ayuntamiento\/page-visita-camacho-recycling-ante-la-inversion-realizada-con-ayuda-de-fondos-europeos\/","name":"Page visita CAMACHO RECYCLING ante la inversi\u00f3n realizada con ayuda de Fondos Europeos - MI Ayuntamiento de Caudete","isPartOf":{"@id":"https:\/\/www.caudete.org\/ayuntamiento\/#website"},"primaryImageOfPage":{"@id":"https:\/\/www.caudete.org\/ayuntamiento\/page-visita-camacho-recycling-ante-la-inversion-realizada-con-ayuda-de-fondos-europeos\/#primaryimage"},"image":{"@id":"https:\/\/www.caudete.org\/ayuntamiento\/page-visita-camacho-recycling-ante-la-inversion-realizada-con-ayuda-de-fondos-europeos\/#primaryimage"},"thumbnailUrl":"https:\/\/www.caudete.org\/ayuntamiento\/wp-content\/uploads\/2021\/11\/FB_IMG_1638283968677.jpg","datePublished":"2021-11-30T15:09:03+00:00","dateModified":"2021-11-30T18:12:19+00:00","author":{"@id":"https:\/\/www.caudete.org\/ayuntamiento\/#\/schema\/person\/cc646da9133078ee4d8dd47457947253"},"description":"P\u00e1gina Oficial del Ayuntamiento de Caudete (Albacete)","breadcrumb":{"@id":"https:\/\/www.caudete.org\/ayuntamiento\/page-visita-camacho-recycling-ante-la-inversion-realizada-con-ayuda-de-fondos-europeos\/#breadcrumb"},"inLanguage":"es","potentialAction":[{"@type":"ReadAction","target":["https:\/\/www.caudete.org\/ayuntamiento\/page-visita-camacho-recycling-ante-la-inversion-realizada-con-ayuda-de-fondos-europeos\/"]}]},{"@type":"ImageObject","inLanguage":"es","@id":"https:\/\/www.caudete.org\/ayuntamiento\/page-visita-camacho-recycling-ante-la-inversion-realizada-con-ayuda-de-fondos-europeos\/#primaryimage","url":"https:\/\/www.caudete.org\/ayuntamiento\/wp-content\/uploads\/2021\/11\/FB_IMG_1638283968677.jpg","contentUrl":"https:\/\/www.caudete.org\/ayuntamiento\/wp-content\/uploads\/2021\/11\/FB_IMG_1638283968677.jpg","width":720,"height":405},{"@type":"BreadcrumbList","@id":"https:\/\/www.caudete.org\/ayuntamiento\/page-visita-camacho-recycling-ante-la-inversion-realizada-con-ayuda-de-fondos-europeos\/#breadcrumb","itemListElement":[{"@type":"ListItem","position":1,"name":"Inicio","item":"https:\/\/www.caudete.org\/ayuntamiento\/"},{"@type":"ListItem","position":2,"name":"Page visita CAMACHO RECYCLING ante la inversi\u00f3n realizada con ayuda de Fondos Europeos"}]},{"@type":"WebSite","@id":"https:\/\/www.caudete.org\/ayuntamiento\/#website","url":"https:\/\/www.caudete.org\/ayuntamiento\/","name":"MI Ayuntamiento de Caudete","description":"P\u00e1gina Oficial del MI Ayuntamiento de Caudete","potentialAction":[{"@type":"SearchAction","target":{"@type":"EntryPoint","urlTemplate":"https:\/\/www.caudete.org\/ayuntamiento\/?s={search_term_string}"},"query-input":{"@type":"PropertyValueSpecification","valueRequired":true,"valueName":"search_term_string"}}],"inLanguage":"es"},{"@type":"Person","@id":"https:\/\/www.caudete.org\/ayuntamiento\/#\/schema\/person\/cc646da9133078ee4d8dd47457947253","name":"alcalde","image":{"@type":"ImageObject","inLanguage":"es","@id":"https:\/\/secure.gravatar.com\/avatar\/84a817ba065b29ff08d666b215a215f5c79186a645ccb25b14a663d48a130f77?s=96&d=mm&r=g","url":"https:\/\/secure.gravatar.com\/avatar\/84a817ba065b29ff08d666b215a215f5c79186a645ccb25b14a663d48a130f77?s=96&d=mm&r=g","contentUrl":"https:\/\/secure.gravatar.com\/avatar\/84a817ba065b29ff08d666b215a215f5c79186a645ccb25b14a663d48a130f77?s=96&d=mm&r=g","caption":"alcalde"},"url":"https:\/\/www.caudete.org\/ayuntamiento\/author\/alcalde\/"}]}},"_links":{"self":[{"href":"https:\/\/www.caudete.org\/ayuntamiento\/wp-json\/wp\/v2\/posts\/17211","targetHints":{"allow":["GET"]}}],"collection":[{"href":"https:\/\/www.caudete.org\/ayuntamiento\/wp-json\/wp\/v2\/posts"}],"about":[{"href":"https:\/\/www.caudete.org\/ayuntamiento\/wp-json\/wp\/v2\/types\/post"}],"author":[{"embeddable":true,"href":"https:\/\/www.caudete.org\/ayuntamiento\/wp-json\/wp\/v2\/users\/3"}],"replies":[{"embeddable":true,"href":"https:\/\/www.caudete.org\/ayuntamiento\/wp-json\/wp\/v2\/comments?post=17211"}],"version-history":[{"count":4,"href":"https:\/\/www.caudete.org\/ayuntamiento\/wp-json\/wp\/v2\/posts\/17211\/revisions"}],"predecessor-version":[{"id":17227,"href":"https:\/\/www.caudete.org\/ayuntamiento\/wp-json\/wp\/v2\/posts\/17211\/revisions\/17227"}],"wp:featuredmedia":[{"embeddable":true,"href":"https:\/\/www.caudete.org\/ayuntamiento\/wp-json\/wp\/v2\/media\/17212"}],"wp:attachment":[{"href":"https:\/\/www.caudete.org\/ayuntamiento\/wp-json\/wp\/v2\/media?parent=17211"}],"wp:term":[{"taxonomy":"category","embeddable":true,"href":"https:\/\/www.caudete.org\/ayuntamiento\/wp-json\/wp\/v2\/categories?post=17211"},{"taxonomy":"post_tag","embeddable":true,"href":"https:\/\/www.caudete.org\/ayuntamiento\/wp-json\/wp\/v2\/tags?post=17211"}],"curies":[{"name":"wp","href":"https:\/\/api.w.org\/{rel}","templated":true}]}}