{"id":17219,"date":"2021-11-30T16:56:17","date_gmt":"2021-11-30T15:56:17","guid":{"rendered":"https:\/\/www.caudete.org\/ayuntamiento\/?p=17219"},"modified":"2021-11-30T19:11:04","modified_gmt":"2021-11-30T18:11:04","slug":"la-dama-de-caudete-presente-en-una-exposicion-del-museo-de-albacete-a-la-que-asiste-el-alcalde","status":"publish","type":"post","link":"https:\/\/www.caudete.org\/ayuntamiento\/la-dama-de-caudete-presente-en-una-exposicion-del-museo-de-albacete-a-la-que-asiste-el-alcalde\/","title":{"rendered":"La Dama de Caudete, presente en una exposici\u00f3n del Museo de Albacete a la que asiste el Alcalde"},"content":{"rendered":"<p style=\"text-align: justify;\">La exposici\u00f3n \u2018150 a\u00f1os con los \u00edberos\u2019 se ha inaugurado este pasado domingo en el Museo de Albacete para conmemorar la aparici\u00f3n de las primeras publicaciones en torno al Cerro de los Santos en Montealegre del Castillo en 1871, donde se expone la Dama de Caudete entre otras muchas piezas.<\/p>\n<p style=\"text-align: justify;\">El Alcalde de Caudete, invitado por la Directora del Museo Rub\u00ed Sanz, asist\u00eda a este evento que cont\u00f3 con la presencia del Presidente de la Diputaci\u00f3n, Santi Caba\u00f1ero, del Presidente del Gobierno Regional, Emiliano Garc\u00eda-Page, as\u00ed como de la Consejera de Educaci\u00f3n, Cultura y Deportes, Rosa Ana Rodr\u00edguez, entre otros muchos cargos p\u00fablicos de la provincia.<\/p>\n<p><a href=\"https:\/\/www.caudete.org\/ayuntamiento\/wp-content\/uploads\/2021\/11\/IMG_20211128_185732-scaled.jpg\" rel='prettyPhoto'><img fetchpriority=\"high\" decoding=\"async\" class=\"aligncenter wp-image-17222 size-medium\" src=\"https:\/\/www.caudete.org\/ayuntamiento\/wp-content\/uploads\/2021\/11\/IMG_20211128_185732-300x225.jpg\" alt=\"\" width=\"300\" height=\"225\" srcset=\"https:\/\/www.caudete.org\/ayuntamiento\/wp-content\/uploads\/2021\/11\/IMG_20211128_185732-300x225.jpg 300w, https:\/\/www.caudete.org\/ayuntamiento\/wp-content\/uploads\/2021\/11\/IMG_20211128_185732-1024x768.jpg 1024w, https:\/\/www.caudete.org\/ayuntamiento\/wp-content\/uploads\/2021\/11\/IMG_20211128_185732-768x576.jpg 768w, https:\/\/www.caudete.org\/ayuntamiento\/wp-content\/uploads\/2021\/11\/IMG_20211128_185732-1536x1152.jpg 1536w, https:\/\/www.caudete.org\/ayuntamiento\/wp-content\/uploads\/2021\/11\/IMG_20211128_185732-2048x1536.jpg 2048w\" sizes=\"(max-width: 300px) 100vw, 300px\" \/><\/a><\/p>\n<p style=\"text-align: justify;\">Durante el acto se explic\u00f3 que esta gran muestra, est\u00e1 conformada por piezas de la arqueolog\u00eda de Albacete, as\u00ed como del resto de provincias castellano-manchegas y tambi\u00e9n de otros museos de regiones colindantes (Murcia, Valencia o Andaluc\u00eda), permite conocer los aspectos m\u00e1s diversos de los \u00edberos del sureste peninsular.<\/p>\n<p style=\"text-align: justify;\">Durante el acto el Alcalde pudo conversar con el Delegado Provincial de Educaci\u00f3n, Cultura y Deportes, a quien le traslado tanto la necesidad de emprender los mecanismos necesarios para que la Dama de Caudete cambie su destino habitual (Museo de Villena), como la posibilidad de acercar la muestra y el conocimiento de la pieza caudetana a los diferentes escolares de la localidad.<\/p>\n<p style=\"text-align: justify;\">Igualmente, ha trasladado a la Directora del Museo el agradecimiento del pueblo de Caudete por incluir a la Dama en esta magn\u00edfica muestra, y la puesta en valor que ello supone del pasado caudetano y su riqueza arqueol\u00f3gica.<\/p>\n","protected":false},"excerpt":{"rendered":"<p>La exposici\u00f3n \u2018150 a\u00f1os con los \u00edberos\u2019 se ha inaugurado este pasado domingo en el Museo de Albacete para conmemorar la aparici\u00f3n de las primeras publicaciones en torno al Cerro de los Santos en Montealegre del Castillo en 1871, donde se expone la Dama de Caudete entre otras muchas piezas. El Alcalde de Caudete, invitado &hellip;<\/p>\n","protected":false},"author":3,"featured_media":17221,"comment_status":"closed","ping_status":"open","sticky":false,"template":"","format":"standard","meta":{"ngg_post_thumbnail":0,"footnotes":""},"categories":[45],"tags":[],"class_list":["post-17219","post","type-post","status-publish","format-standard","has-post-thumbnail","hentry","category-patrimonio"],"yoast_head":"<!-- This site is optimized with the Yoast SEO plugin v27.5 - https:\/\/yoast.com\/product\/yoast-seo-wordpress\/ -->\n<title>La Dama de Caudete, presente en una exposici\u00f3n del Museo de Albacete a la que asiste el Alcalde - MI Ayuntamiento de Caudete<\/title>\n<meta name=\"description\" content=\"P\u00e1gina Oficial del Ayuntamiento de Caudete (Albacete)\" \/>\n<meta name=\"robots\" content=\"index, follow, max-snippet:-1, max-image-preview:large, max-video-preview:-1\" \/>\n<link rel=\"canonical\" href=\"https:\/\/www.caudete.org\/ayuntamiento\/la-dama-de-caudete-presente-en-una-exposicion-del-museo-de-albacete-a-la-que-asiste-el-alcalde\/\" \/>\n<meta property=\"og:locale\" content=\"es_ES\" \/>\n<meta property=\"og:type\" content=\"article\" \/>\n<meta property=\"og:title\" content=\"La Dama de Caudete, presente en una exposici\u00f3n del Museo de Albacete a la que asiste el Alcalde - MI Ayuntamiento de Caudete\" \/>\n<meta property=\"og:description\" content=\"P\u00e1gina Oficial del Ayuntamiento de Caudete (Albacete)\" \/>\n<meta property=\"og:url\" content=\"https:\/\/www.caudete.org\/ayuntamiento\/la-dama-de-caudete-presente-en-una-exposicion-del-museo-de-albacete-a-la-que-asiste-el-alcalde\/\" \/>\n<meta property=\"og:site_name\" content=\"MI Ayuntamiento de Caudete\" \/>\n<meta property=\"article:publisher\" content=\"https:\/\/www.facebook.com\/ayuntamientocaudete\/\" \/>\n<meta property=\"article:published_time\" content=\"2021-11-30T15:56:17+00:00\" \/>\n<meta property=\"article:modified_time\" content=\"2021-11-30T18:11:04+00:00\" \/>\n<meta property=\"og:image\" content=\"https:\/\/www.caudete.org\/ayuntamiento\/wp-content\/uploads\/2021\/11\/IMG_20211128_191008-scaled.jpg\" \/>\n\t<meta property=\"og:image:width\" content=\"2560\" \/>\n\t<meta property=\"og:image:height\" content=\"1920\" \/>\n\t<meta property=\"og:image:type\" content=\"image\/jpeg\" \/>\n<meta name=\"author\" content=\"alcalde\" \/>\n<meta name=\"twitter:card\" content=\"summary_large_image\" \/>\n<meta name=\"twitter:label1\" content=\"Escrito por\" \/>\n\t<meta name=\"twitter:data1\" content=\"alcalde\" \/>\n\t<meta name=\"twitter:label2\" content=\"Tiempo de lectura\" \/>\n\t<meta name=\"twitter:data2\" content=\"2 minutos\" \/>\n<script type=\"application\/ld+json\" class=\"yoast-schema-graph\">{\"@context\":\"https:\\\/\\\/schema.org\",\"@graph\":[{\"@type\":\"Article\",\"@id\":\"https:\\\/\\\/www.caudete.org\\\/ayuntamiento\\\/la-dama-de-caudete-presente-en-una-exposicion-del-museo-de-albacete-a-la-que-asiste-el-alcalde\\\/#article\",\"isPartOf\":{\"@id\":\"https:\\\/\\\/www.caudete.org\\\/ayuntamiento\\\/la-dama-de-caudete-presente-en-una-exposicion-del-museo-de-albacete-a-la-que-asiste-el-alcalde\\\/\"},\"author\":{\"name\":\"alcalde\",\"@id\":\"https:\\\/\\\/www.caudete.org\\\/ayuntamiento\\\/#\\\/schema\\\/person\\\/cc646da9133078ee4d8dd47457947253\"},\"headline\":\"La Dama de Caudete, presente en una exposici\u00f3n del Museo de Albacete a la que asiste el Alcalde\",\"datePublished\":\"2021-11-30T15:56:17+00:00\",\"dateModified\":\"2021-11-30T18:11:04+00:00\",\"mainEntityOfPage\":{\"@id\":\"https:\\\/\\\/www.caudete.org\\\/ayuntamiento\\\/la-dama-de-caudete-presente-en-una-exposicion-del-museo-de-albacete-a-la-que-asiste-el-alcalde\\\/\"},\"wordCount\":289,\"image\":{\"@id\":\"https:\\\/\\\/www.caudete.org\\\/ayuntamiento\\\/la-dama-de-caudete-presente-en-una-exposicion-del-museo-de-albacete-a-la-que-asiste-el-alcalde\\\/#primaryimage\"},\"thumbnailUrl\":\"https:\\\/\\\/www.caudete.org\\\/ayuntamiento\\\/wp-content\\\/uploads\\\/2021\\\/11\\\/IMG_20211128_191008-scaled.jpg\",\"articleSection\":[\"Patrimonio\"],\"inLanguage\":\"es\"},{\"@type\":\"WebPage\",\"@id\":\"https:\\\/\\\/www.caudete.org\\\/ayuntamiento\\\/la-dama-de-caudete-presente-en-una-exposicion-del-museo-de-albacete-a-la-que-asiste-el-alcalde\\\/\",\"url\":\"https:\\\/\\\/www.caudete.org\\\/ayuntamiento\\\/la-dama-de-caudete-presente-en-una-exposicion-del-museo-de-albacete-a-la-que-asiste-el-alcalde\\\/\",\"name\":\"La Dama de Caudete, presente en una exposici\u00f3n del Museo de Albacete a la que asiste el Alcalde - MI Ayuntamiento de Caudete\",\"isPartOf\":{\"@id\":\"https:\\\/\\\/www.caudete.org\\\/ayuntamiento\\\/#website\"},\"primaryImageOfPage\":{\"@id\":\"https:\\\/\\\/www.caudete.org\\\/ayuntamiento\\\/la-dama-de-caudete-presente-en-una-exposicion-del-museo-de-albacete-a-la-que-asiste-el-alcalde\\\/#primaryimage\"},\"image\":{\"@id\":\"https:\\\/\\\/www.caudete.org\\\/ayuntamiento\\\/la-dama-de-caudete-presente-en-una-exposicion-del-museo-de-albacete-a-la-que-asiste-el-alcalde\\\/#primaryimage\"},\"thumbnailUrl\":\"https:\\\/\\\/www.caudete.org\\\/ayuntamiento\\\/wp-content\\\/uploads\\\/2021\\\/11\\\/IMG_20211128_191008-scaled.jpg\",\"datePublished\":\"2021-11-30T15:56:17+00:00\",\"dateModified\":\"2021-11-30T18:11:04+00:00\",\"author\":{\"@id\":\"https:\\\/\\\/www.caudete.org\\\/ayuntamiento\\\/#\\\/schema\\\/person\\\/cc646da9133078ee4d8dd47457947253\"},\"description\":\"P\u00e1gina Oficial del Ayuntamiento de Caudete (Albacete)\",\"breadcrumb\":{\"@id\":\"https:\\\/\\\/www.caudete.org\\\/ayuntamiento\\\/la-dama-de-caudete-presente-en-una-exposicion-del-museo-de-albacete-a-la-que-asiste-el-alcalde\\\/#breadcrumb\"},\"inLanguage\":\"es\",\"potentialAction\":[{\"@type\":\"ReadAction\",\"target\":[\"https:\\\/\\\/www.caudete.org\\\/ayuntamiento\\\/la-dama-de-caudete-presente-en-una-exposicion-del-museo-de-albacete-a-la-que-asiste-el-alcalde\\\/\"]}]},{\"@type\":\"ImageObject\",\"inLanguage\":\"es\",\"@id\":\"https:\\\/\\\/www.caudete.org\\\/ayuntamiento\\\/la-dama-de-caudete-presente-en-una-exposicion-del-museo-de-albacete-a-la-que-asiste-el-alcalde\\\/#primaryimage\",\"url\":\"https:\\\/\\\/www.caudete.org\\\/ayuntamiento\\\/wp-content\\\/uploads\\\/2021\\\/11\\\/IMG_20211128_191008-scaled.jpg\",\"contentUrl\":\"https:\\\/\\\/www.caudete.org\\\/ayuntamiento\\\/wp-content\\\/uploads\\\/2021\\\/11\\\/IMG_20211128_191008-scaled.jpg\",\"width\":2560,\"height\":1920},{\"@type\":\"BreadcrumbList\",\"@id\":\"https:\\\/\\\/www.caudete.org\\\/ayuntamiento\\\/la-dama-de-caudete-presente-en-una-exposicion-del-museo-de-albacete-a-la-que-asiste-el-alcalde\\\/#breadcrumb\",\"itemListElement\":[{\"@type\":\"ListItem\",\"position\":1,\"name\":\"Inicio\",\"item\":\"https:\\\/\\\/www.caudete.org\\\/ayuntamiento\\\/\"},{\"@type\":\"ListItem\",\"position\":2,\"name\":\"La Dama de Caudete, presente en una exposici\u00f3n del Museo de Albacete a la que asiste el Alcalde\"}]},{\"@type\":\"WebSite\",\"@id\":\"https:\\\/\\\/www.caudete.org\\\/ayuntamiento\\\/#website\",\"url\":\"https:\\\/\\\/www.caudete.org\\\/ayuntamiento\\\/\",\"name\":\"MI Ayuntamiento de Caudete\",\"description\":\"P\u00e1gina Oficial del MI Ayuntamiento de Caudete\",\"potentialAction\":[{\"@type\":\"SearchAction\",\"target\":{\"@type\":\"EntryPoint\",\"urlTemplate\":\"https:\\\/\\\/www.caudete.org\\\/ayuntamiento\\\/?s={search_term_string}\"},\"query-input\":{\"@type\":\"PropertyValueSpecification\",\"valueRequired\":true,\"valueName\":\"search_term_string\"}}],\"inLanguage\":\"es\"},{\"@type\":\"Person\",\"@id\":\"https:\\\/\\\/www.caudete.org\\\/ayuntamiento\\\/#\\\/schema\\\/person\\\/cc646da9133078ee4d8dd47457947253\",\"name\":\"alcalde\",\"image\":{\"@type\":\"ImageObject\",\"inLanguage\":\"es\",\"@id\":\"https:\\\/\\\/secure.gravatar.com\\\/avatar\\\/84a817ba065b29ff08d666b215a215f5c79186a645ccb25b14a663d48a130f77?s=96&d=mm&r=g\",\"url\":\"https:\\\/\\\/secure.gravatar.com\\\/avatar\\\/84a817ba065b29ff08d666b215a215f5c79186a645ccb25b14a663d48a130f77?s=96&d=mm&r=g\",\"contentUrl\":\"https:\\\/\\\/secure.gravatar.com\\\/avatar\\\/84a817ba065b29ff08d666b215a215f5c79186a645ccb25b14a663d48a130f77?s=96&d=mm&r=g\",\"caption\":\"alcalde\"},\"url\":\"https:\\\/\\\/www.caudete.org\\\/ayuntamiento\\\/author\\\/alcalde\\\/\"}]}<\/script>\n<!-- \/ Yoast SEO plugin. -->","yoast_head_json":{"title":"La Dama de Caudete, presente en una exposici\u00f3n del Museo de Albacete a la que asiste el Alcalde - MI Ayuntamiento de Caudete","description":"P\u00e1gina Oficial del Ayuntamiento de Caudete (Albacete)","robots":{"index":"index","follow":"follow","max-snippet":"max-snippet:-1","max-image-preview":"max-image-preview:large","max-video-preview":"max-video-preview:-1"},"canonical":"https:\/\/www.caudete.org\/ayuntamiento\/la-dama-de-caudete-presente-en-una-exposicion-del-museo-de-albacete-a-la-que-asiste-el-alcalde\/","og_locale":"es_ES","og_type":"article","og_title":"La Dama de Caudete, presente en una exposici\u00f3n del Museo de Albacete a la que asiste el Alcalde - MI Ayuntamiento de Caudete","og_description":"P\u00e1gina Oficial del Ayuntamiento de Caudete (Albacete)","og_url":"https:\/\/www.caudete.org\/ayuntamiento\/la-dama-de-caudete-presente-en-una-exposicion-del-museo-de-albacete-a-la-que-asiste-el-alcalde\/","og_site_name":"MI Ayuntamiento de Caudete","article_publisher":"https:\/\/www.facebook.com\/ayuntamientocaudete\/","article_published_time":"2021-11-30T15:56:17+00:00","article_modified_time":"2021-11-30T18:11:04+00:00","og_image":[{"width":2560,"height":1920,"url":"https:\/\/www.caudete.org\/ayuntamiento\/wp-content\/uploads\/2021\/11\/IMG_20211128_191008-scaled.jpg","type":"image\/jpeg"}],"author":"alcalde","twitter_card":"summary_large_image","twitter_misc":{"Escrito por":"alcalde","Tiempo de lectura":"2 minutos"},"schema":{"@context":"https:\/\/schema.org","@graph":[{"@type":"Article","@id":"https:\/\/www.caudete.org\/ayuntamiento\/la-dama-de-caudete-presente-en-una-exposicion-del-museo-de-albacete-a-la-que-asiste-el-alcalde\/#article","isPartOf":{"@id":"https:\/\/www.caudete.org\/ayuntamiento\/la-dama-de-caudete-presente-en-una-exposicion-del-museo-de-albacete-a-la-que-asiste-el-alcalde\/"},"author":{"name":"alcalde","@id":"https:\/\/www.caudete.org\/ayuntamiento\/#\/schema\/person\/cc646da9133078ee4d8dd47457947253"},"headline":"La Dama de Caudete, presente en una exposici\u00f3n del Museo de Albacete a la que asiste el Alcalde","datePublished":"2021-11-30T15:56:17+00:00","dateModified":"2021-11-30T18:11:04+00:00","mainEntityOfPage":{"@id":"https:\/\/www.caudete.org\/ayuntamiento\/la-dama-de-caudete-presente-en-una-exposicion-del-museo-de-albacete-a-la-que-asiste-el-alcalde\/"},"wordCount":289,"image":{"@id":"https:\/\/www.caudete.org\/ayuntamiento\/la-dama-de-caudete-presente-en-una-exposicion-del-museo-de-albacete-a-la-que-asiste-el-alcalde\/#primaryimage"},"thumbnailUrl":"https:\/\/www.caudete.org\/ayuntamiento\/wp-content\/uploads\/2021\/11\/IMG_20211128_191008-scaled.jpg","articleSection":["Patrimonio"],"inLanguage":"es"},{"@type":"WebPage","@id":"https:\/\/www.caudete.org\/ayuntamiento\/la-dama-de-caudete-presente-en-una-exposicion-del-museo-de-albacete-a-la-que-asiste-el-alcalde\/","url":"https:\/\/www.caudete.org\/ayuntamiento\/la-dama-de-caudete-presente-en-una-exposicion-del-museo-de-albacete-a-la-que-asiste-el-alcalde\/","name":"La Dama de Caudete, presente en una exposici\u00f3n del Museo de Albacete a la que asiste el Alcalde - MI Ayuntamiento de Caudete","isPartOf":{"@id":"https:\/\/www.caudete.org\/ayuntamiento\/#website"},"primaryImageOfPage":{"@id":"https:\/\/www.caudete.org\/ayuntamiento\/la-dama-de-caudete-presente-en-una-exposicion-del-museo-de-albacete-a-la-que-asiste-el-alcalde\/#primaryimage"},"image":{"@id":"https:\/\/www.caudete.org\/ayuntamiento\/la-dama-de-caudete-presente-en-una-exposicion-del-museo-de-albacete-a-la-que-asiste-el-alcalde\/#primaryimage"},"thumbnailUrl":"https:\/\/www.caudete.org\/ayuntamiento\/wp-content\/uploads\/2021\/11\/IMG_20211128_191008-scaled.jpg","datePublished":"2021-11-30T15:56:17+00:00","dateModified":"2021-11-30T18:11:04+00:00","author":{"@id":"https:\/\/www.caudete.org\/ayuntamiento\/#\/schema\/person\/cc646da9133078ee4d8dd47457947253"},"description":"P\u00e1gina Oficial del Ayuntamiento de Caudete (Albacete)","breadcrumb":{"@id":"https:\/\/www.caudete.org\/ayuntamiento\/la-dama-de-caudete-presente-en-una-exposicion-del-museo-de-albacete-a-la-que-asiste-el-alcalde\/#breadcrumb"},"inLanguage":"es","potentialAction":[{"@type":"ReadAction","target":["https:\/\/www.caudete.org\/ayuntamiento\/la-dama-de-caudete-presente-en-una-exposicion-del-museo-de-albacete-a-la-que-asiste-el-alcalde\/"]}]},{"@type":"ImageObject","inLanguage":"es","@id":"https:\/\/www.caudete.org\/ayuntamiento\/la-dama-de-caudete-presente-en-una-exposicion-del-museo-de-albacete-a-la-que-asiste-el-alcalde\/#primaryimage","url":"https:\/\/www.caudete.org\/ayuntamiento\/wp-content\/uploads\/2021\/11\/IMG_20211128_191008-scaled.jpg","contentUrl":"https:\/\/www.caudete.org\/ayuntamiento\/wp-content\/uploads\/2021\/11\/IMG_20211128_191008-scaled.jpg","width":2560,"height":1920},{"@type":"BreadcrumbList","@id":"https:\/\/www.caudete.org\/ayuntamiento\/la-dama-de-caudete-presente-en-una-exposicion-del-museo-de-albacete-a-la-que-asiste-el-alcalde\/#breadcrumb","itemListElement":[{"@type":"ListItem","position":1,"name":"Inicio","item":"https:\/\/www.caudete.org\/ayuntamiento\/"},{"@type":"ListItem","position":2,"name":"La Dama de Caudete, presente en una exposici\u00f3n del Museo de Albacete a la que asiste el Alcalde"}]},{"@type":"WebSite","@id":"https:\/\/www.caudete.org\/ayuntamiento\/#website","url":"https:\/\/www.caudete.org\/ayuntamiento\/","name":"MI Ayuntamiento de Caudete","description":"P\u00e1gina Oficial del MI Ayuntamiento de Caudete","potentialAction":[{"@type":"SearchAction","target":{"@type":"EntryPoint","urlTemplate":"https:\/\/www.caudete.org\/ayuntamiento\/?s={search_term_string}"},"query-input":{"@type":"PropertyValueSpecification","valueRequired":true,"valueName":"search_term_string"}}],"inLanguage":"es"},{"@type":"Person","@id":"https:\/\/www.caudete.org\/ayuntamiento\/#\/schema\/person\/cc646da9133078ee4d8dd47457947253","name":"alcalde","image":{"@type":"ImageObject","inLanguage":"es","@id":"https:\/\/secure.gravatar.com\/avatar\/84a817ba065b29ff08d666b215a215f5c79186a645ccb25b14a663d48a130f77?s=96&d=mm&r=g","url":"https:\/\/secure.gravatar.com\/avatar\/84a817ba065b29ff08d666b215a215f5c79186a645ccb25b14a663d48a130f77?s=96&d=mm&r=g","contentUrl":"https:\/\/secure.gravatar.com\/avatar\/84a817ba065b29ff08d666b215a215f5c79186a645ccb25b14a663d48a130f77?s=96&d=mm&r=g","caption":"alcalde"},"url":"https:\/\/www.caudete.org\/ayuntamiento\/author\/alcalde\/"}]}},"_links":{"self":[{"href":"https:\/\/www.caudete.org\/ayuntamiento\/wp-json\/wp\/v2\/posts\/17219","targetHints":{"allow":["GET"]}}],"collection":[{"href":"https:\/\/www.caudete.org\/ayuntamiento\/wp-json\/wp\/v2\/posts"}],"about":[{"href":"https:\/\/www.caudete.org\/ayuntamiento\/wp-json\/wp\/v2\/types\/post"}],"author":[{"embeddable":true,"href":"https:\/\/www.caudete.org\/ayuntamiento\/wp-json\/wp\/v2\/users\/3"}],"replies":[{"embeddable":true,"href":"https:\/\/www.caudete.org\/ayuntamiento\/wp-json\/wp\/v2\/comments?post=17219"}],"version-history":[{"count":4,"href":"https:\/\/www.caudete.org\/ayuntamiento\/wp-json\/wp\/v2\/posts\/17219\/revisions"}],"predecessor-version":[{"id":17225,"href":"https:\/\/www.caudete.org\/ayuntamiento\/wp-json\/wp\/v2\/posts\/17219\/revisions\/17225"}],"wp:featuredmedia":[{"embeddable":true,"href":"https:\/\/www.caudete.org\/ayuntamiento\/wp-json\/wp\/v2\/media\/17221"}],"wp:attachment":[{"href":"https:\/\/www.caudete.org\/ayuntamiento\/wp-json\/wp\/v2\/media?parent=17219"}],"wp:term":[{"taxonomy":"category","embeddable":true,"href":"https:\/\/www.caudete.org\/ayuntamiento\/wp-json\/wp\/v2\/categories?post=17219"},{"taxonomy":"post_tag","embeddable":true,"href":"https:\/\/www.caudete.org\/ayuntamiento\/wp-json\/wp\/v2\/tags?post=17219"}],"curies":[{"name":"wp","href":"https:\/\/api.w.org\/{rel}","templated":true}]}}