{"id":17229,"date":"2021-11-30T19:59:46","date_gmt":"2021-11-30T18:59:46","guid":{"rendered":"https:\/\/www.caudete.org\/ayuntamiento\/?p=17229"},"modified":"2021-11-30T19:59:46","modified_gmt":"2021-11-30T18:59:46","slug":"el-pasado-domingo-28-de-noviembre-se-celebro-la-1a-jornada-del-campeonato-provincial-escolar-de-campo-a-traves","status":"publish","type":"post","link":"https:\/\/www.caudete.org\/ayuntamiento\/el-pasado-domingo-28-de-noviembre-se-celebro-la-1a-jornada-del-campeonato-provincial-escolar-de-campo-a-traves\/","title":{"rendered":"El pasado domingo 28 de noviembre se celebr\u00f3 la 1\u00aa jornada del campeonato provincial escolar de CAMPO A TRAV\u00c9S."},"content":{"rendered":"<p>Este domingo 28 de noviembre se ha celebrado la 1\u00aa jornada del campeonato provincial de campo a trav\u00e9s en Tobarra con unas condiciones meteorol\u00f3gicas muy duras debido al fr\u00edo y al fuerte viento.<\/p>\n<p>Hasta un total de 34 atletas de las escuelas deportivas municipales de Caudete se inscribieron en esta prueba, obteniendo grandes resultados en todas las categor\u00edas.<\/p>\n<p><strong>Destacar los puestos de p\u00f3dium obtenidos por:<\/strong><\/p>\n<p><strong>-Eva Navarro:<\/strong> 1\u00aa clasificada en categor\u00eda Sub14.<\/p>\n<p><strong>-Jorge Gil:<\/strong> 2\u00ba clasificado en categor\u00eda Sub12.<\/p>\n<p><strong>-Daniela L\u00f3pez:<\/strong> 2\u00aa clasificada en categor\u00eda Sub12.<\/p>\n<p><strong>-Mar\u00eda Franc\u00e9s:<\/strong> 3\u00aa clasificada en categor\u00eda Sub12.<\/p>\n<p><strong>-Mar\u00eda Gracia Mart\u00ednez:<\/strong> 3\u00aa clasificada en categor\u00eda Sub18.<\/p>\n<p>La siguiente jornada se celebrar\u00e1 el pr\u00f3ximo domingo 12 de diciembre en Pozo Ca\u00f1ada, donde se volver\u00e1n a desplazar un numeroso grupo de ni\u00f1os y ni\u00f1as de las escuelas de atletismo.<\/p>\n<p><a href=\"https:\/\/www.caudete.org\/ayuntamiento\/wp-content\/uploads\/2021\/11\/foto-1.jpg\" rel='prettyPhoto'><img fetchpriority=\"high\" decoding=\"async\" class=\"aligncenter wp-image-17232 size-medium\" src=\"https:\/\/www.caudete.org\/ayuntamiento\/wp-content\/uploads\/2021\/11\/foto-1-300x187.jpg\" alt=\"\" width=\"300\" height=\"187\" srcset=\"https:\/\/www.caudete.org\/ayuntamiento\/wp-content\/uploads\/2021\/11\/foto-1-300x187.jpg 300w, https:\/\/www.caudete.org\/ayuntamiento\/wp-content\/uploads\/2021\/11\/foto-1-1024x637.jpg 1024w, https:\/\/www.caudete.org\/ayuntamiento\/wp-content\/uploads\/2021\/11\/foto-1-768x478.jpg 768w, https:\/\/www.caudete.org\/ayuntamiento\/wp-content\/uploads\/2021\/11\/foto-1-1536x956.jpg 1536w, https:\/\/www.caudete.org\/ayuntamiento\/wp-content\/uploads\/2021\/11\/foto-1.jpg 1600w\" sizes=\"(max-width: 300px) 100vw, 300px\" \/><\/a><\/p>\n<p><a href=\"https:\/\/www.caudete.org\/ayuntamiento\/wp-content\/uploads\/2021\/11\/foto3.jpg\" rel='prettyPhoto'><img decoding=\"async\" class=\"aligncenter wp-image-17233 size-medium\" src=\"https:\/\/www.caudete.org\/ayuntamiento\/wp-content\/uploads\/2021\/11\/foto3-300x238.jpg\" alt=\"\" width=\"300\" height=\"238\" srcset=\"https:\/\/www.caudete.org\/ayuntamiento\/wp-content\/uploads\/2021\/11\/foto3-300x238.jpg 300w, https:\/\/www.caudete.org\/ayuntamiento\/wp-content\/uploads\/2021\/11\/foto3-1024x811.jpg 1024w, https:\/\/www.caudete.org\/ayuntamiento\/wp-content\/uploads\/2021\/11\/foto3-768x608.jpg 768w, https:\/\/www.caudete.org\/ayuntamiento\/wp-content\/uploads\/2021\/11\/foto3.jpg 1434w\" sizes=\"(max-width: 300px) 100vw, 300px\" \/><\/a><\/p>\n<p><a href=\"https:\/\/www.caudete.org\/ayuntamiento\/wp-content\/uploads\/2021\/11\/foto4.jpg\" rel='prettyPhoto'><img decoding=\"async\" class=\"aligncenter wp-image-17234 size-medium\" src=\"https:\/\/www.caudete.org\/ayuntamiento\/wp-content\/uploads\/2021\/11\/foto4-300x263.jpg\" alt=\"\" width=\"300\" height=\"263\" srcset=\"https:\/\/www.caudete.org\/ayuntamiento\/wp-content\/uploads\/2021\/11\/foto4-300x263.jpg 300w, https:\/\/www.caudete.org\/ayuntamiento\/wp-content\/uploads\/2021\/11\/foto4.jpg 681w\" sizes=\"(max-width: 300px) 100vw, 300px\" \/><\/a><\/p>\n<p>&nbsp;<\/p>\n<p>&nbsp;<\/p>\n","protected":false},"excerpt":{"rendered":"<p>Este domingo 28 de noviembre se ha celebrado la 1\u00aa jornada del campeonato provincial de campo a trav\u00e9s en Tobarra con unas condiciones meteorol\u00f3gicas muy duras debido al fr\u00edo y al fuerte viento. Hasta un total de 34 atletas de las escuelas deportivas municipales de Caudete se inscribieron en esta prueba, obteniendo grandes resultados en &hellip;<\/p>\n","protected":false},"author":2,"featured_media":17231,"comment_status":"closed","ping_status":"open","sticky":false,"template":"","format":"standard","meta":{"ngg_post_thumbnail":0,"footnotes":""},"categories":[23],"tags":[733,732],"class_list":["post-17229","post","type-post","status-publish","format-standard","has-post-thumbnail","hentry","category-deportes","tag-campeonato-provincial-escolar-de-campo-a-traves","tag-campo-a-traves"],"yoast_head":"<!-- This site is optimized with the Yoast SEO plugin v27.5 - https:\/\/yoast.com\/product\/yoast-seo-wordpress\/ -->\n<title>El pasado domingo 28 de noviembre se celebr\u00f3 la 1\u00aa jornada del campeonato provincial escolar de CAMPO A TRAV\u00c9S. - MI Ayuntamiento de Caudete<\/title>\n<meta name=\"description\" content=\"P\u00e1gina Oficial del Ayuntamiento de Caudete (Albacete)\" \/>\n<meta name=\"robots\" content=\"index, follow, max-snippet:-1, max-image-preview:large, max-video-preview:-1\" \/>\n<link rel=\"canonical\" href=\"https:\/\/www.caudete.org\/ayuntamiento\/el-pasado-domingo-28-de-noviembre-se-celebro-la-1a-jornada-del-campeonato-provincial-escolar-de-campo-a-traves\/\" \/>\n<meta property=\"og:locale\" content=\"es_ES\" \/>\n<meta property=\"og:type\" content=\"article\" \/>\n<meta property=\"og:title\" content=\"El pasado domingo 28 de noviembre se celebr\u00f3 la 1\u00aa jornada del campeonato provincial escolar de CAMPO A TRAV\u00c9S. - MI Ayuntamiento de Caudete\" \/>\n<meta property=\"og:description\" content=\"P\u00e1gina Oficial del Ayuntamiento de Caudete (Albacete)\" \/>\n<meta property=\"og:url\" content=\"https:\/\/www.caudete.org\/ayuntamiento\/el-pasado-domingo-28-de-noviembre-se-celebro-la-1a-jornada-del-campeonato-provincial-escolar-de-campo-a-traves\/\" \/>\n<meta property=\"og:site_name\" content=\"MI Ayuntamiento de Caudete\" \/>\n<meta property=\"article:publisher\" content=\"https:\/\/www.facebook.com\/ayuntamientocaudete\/\" \/>\n<meta property=\"article:published_time\" content=\"2021-11-30T18:59:46+00:00\" \/>\n<meta property=\"og:image\" content=\"https:\/\/www.caudete.org\/ayuntamiento\/wp-content\/uploads\/2021\/11\/Campo-a-traves-2WEB.jpg\" \/>\n\t<meta property=\"og:image:width\" content=\"864\" \/>\n\t<meta property=\"og:image:height\" content=\"380\" \/>\n\t<meta property=\"og:image:type\" content=\"image\/jpeg\" \/>\n<meta name=\"author\" content=\"Juan\" \/>\n<meta name=\"twitter:card\" content=\"summary_large_image\" \/>\n<meta name=\"twitter:label1\" content=\"Escrito por\" \/>\n\t<meta name=\"twitter:data1\" content=\"Juan\" \/>\n\t<meta name=\"twitter:label2\" content=\"Tiempo de lectura\" \/>\n\t<meta name=\"twitter:data2\" content=\"1 minuto\" \/>\n<script type=\"application\/ld+json\" class=\"yoast-schema-graph\">{\"@context\":\"https:\\\/\\\/schema.org\",\"@graph\":[{\"@type\":\"Article\",\"@id\":\"https:\\\/\\\/www.caudete.org\\\/ayuntamiento\\\/el-pasado-domingo-28-de-noviembre-se-celebro-la-1a-jornada-del-campeonato-provincial-escolar-de-campo-a-traves\\\/#article\",\"isPartOf\":{\"@id\":\"https:\\\/\\\/www.caudete.org\\\/ayuntamiento\\\/el-pasado-domingo-28-de-noviembre-se-celebro-la-1a-jornada-del-campeonato-provincial-escolar-de-campo-a-traves\\\/\"},\"author\":{\"name\":\"Juan\",\"@id\":\"https:\\\/\\\/www.caudete.org\\\/ayuntamiento\\\/#\\\/schema\\\/person\\\/7656a5bb58fca95b9814e940de0fda63\"},\"headline\":\"El pasado domingo 28 de noviembre se celebr\u00f3 la 1\u00aa jornada del campeonato provincial escolar de CAMPO A TRAV\u00c9S.\",\"datePublished\":\"2021-11-30T18:59:46+00:00\",\"mainEntityOfPage\":{\"@id\":\"https:\\\/\\\/www.caudete.org\\\/ayuntamiento\\\/el-pasado-domingo-28-de-noviembre-se-celebro-la-1a-jornada-del-campeonato-provincial-escolar-de-campo-a-traves\\\/\"},\"wordCount\":163,\"image\":{\"@id\":\"https:\\\/\\\/www.caudete.org\\\/ayuntamiento\\\/el-pasado-domingo-28-de-noviembre-se-celebro-la-1a-jornada-del-campeonato-provincial-escolar-de-campo-a-traves\\\/#primaryimage\"},\"thumbnailUrl\":\"https:\\\/\\\/www.caudete.org\\\/ayuntamiento\\\/wp-content\\\/uploads\\\/2021\\\/11\\\/Campo-a-traves-2WEB.jpg\",\"keywords\":[\"Campeonato provincial escolar de CAMPO A TRAV\u00c9S\",\"Campo a trav\u00e9s\"],\"articleSection\":[\"Deportes\"],\"inLanguage\":\"es\"},{\"@type\":\"WebPage\",\"@id\":\"https:\\\/\\\/www.caudete.org\\\/ayuntamiento\\\/el-pasado-domingo-28-de-noviembre-se-celebro-la-1a-jornada-del-campeonato-provincial-escolar-de-campo-a-traves\\\/\",\"url\":\"https:\\\/\\\/www.caudete.org\\\/ayuntamiento\\\/el-pasado-domingo-28-de-noviembre-se-celebro-la-1a-jornada-del-campeonato-provincial-escolar-de-campo-a-traves\\\/\",\"name\":\"El pasado domingo 28 de noviembre se celebr\u00f3 la 1\u00aa jornada del campeonato provincial escolar de CAMPO A TRAV\u00c9S. - MI Ayuntamiento de Caudete\",\"isPartOf\":{\"@id\":\"https:\\\/\\\/www.caudete.org\\\/ayuntamiento\\\/#website\"},\"primaryImageOfPage\":{\"@id\":\"https:\\\/\\\/www.caudete.org\\\/ayuntamiento\\\/el-pasado-domingo-28-de-noviembre-se-celebro-la-1a-jornada-del-campeonato-provincial-escolar-de-campo-a-traves\\\/#primaryimage\"},\"image\":{\"@id\":\"https:\\\/\\\/www.caudete.org\\\/ayuntamiento\\\/el-pasado-domingo-28-de-noviembre-se-celebro-la-1a-jornada-del-campeonato-provincial-escolar-de-campo-a-traves\\\/#primaryimage\"},\"thumbnailUrl\":\"https:\\\/\\\/www.caudete.org\\\/ayuntamiento\\\/wp-content\\\/uploads\\\/2021\\\/11\\\/Campo-a-traves-2WEB.jpg\",\"datePublished\":\"2021-11-30T18:59:46+00:00\",\"author\":{\"@id\":\"https:\\\/\\\/www.caudete.org\\\/ayuntamiento\\\/#\\\/schema\\\/person\\\/7656a5bb58fca95b9814e940de0fda63\"},\"description\":\"P\u00e1gina Oficial del Ayuntamiento de Caudete (Albacete)\",\"breadcrumb\":{\"@id\":\"https:\\\/\\\/www.caudete.org\\\/ayuntamiento\\\/el-pasado-domingo-28-de-noviembre-se-celebro-la-1a-jornada-del-campeonato-provincial-escolar-de-campo-a-traves\\\/#breadcrumb\"},\"inLanguage\":\"es\",\"potentialAction\":[{\"@type\":\"ReadAction\",\"target\":[\"https:\\\/\\\/www.caudete.org\\\/ayuntamiento\\\/el-pasado-domingo-28-de-noviembre-se-celebro-la-1a-jornada-del-campeonato-provincial-escolar-de-campo-a-traves\\\/\"]}]},{\"@type\":\"ImageObject\",\"inLanguage\":\"es\",\"@id\":\"https:\\\/\\\/www.caudete.org\\\/ayuntamiento\\\/el-pasado-domingo-28-de-noviembre-se-celebro-la-1a-jornada-del-campeonato-provincial-escolar-de-campo-a-traves\\\/#primaryimage\",\"url\":\"https:\\\/\\\/www.caudete.org\\\/ayuntamiento\\\/wp-content\\\/uploads\\\/2021\\\/11\\\/Campo-a-traves-2WEB.jpg\",\"contentUrl\":\"https:\\\/\\\/www.caudete.org\\\/ayuntamiento\\\/wp-content\\\/uploads\\\/2021\\\/11\\\/Campo-a-traves-2WEB.jpg\",\"width\":864,\"height\":380},{\"@type\":\"BreadcrumbList\",\"@id\":\"https:\\\/\\\/www.caudete.org\\\/ayuntamiento\\\/el-pasado-domingo-28-de-noviembre-se-celebro-la-1a-jornada-del-campeonato-provincial-escolar-de-campo-a-traves\\\/#breadcrumb\",\"itemListElement\":[{\"@type\":\"ListItem\",\"position\":1,\"name\":\"Inicio\",\"item\":\"https:\\\/\\\/www.caudete.org\\\/ayuntamiento\\\/\"},{\"@type\":\"ListItem\",\"position\":2,\"name\":\"El pasado domingo 28 de noviembre se celebr\u00f3 la 1\u00aa jornada del campeonato provincial escolar de CAMPO A TRAV\u00c9S.\"}]},{\"@type\":\"WebSite\",\"@id\":\"https:\\\/\\\/www.caudete.org\\\/ayuntamiento\\\/#website\",\"url\":\"https:\\\/\\\/www.caudete.org\\\/ayuntamiento\\\/\",\"name\":\"MI Ayuntamiento de Caudete\",\"description\":\"P\u00e1gina Oficial del MI Ayuntamiento de Caudete\",\"potentialAction\":[{\"@type\":\"SearchAction\",\"target\":{\"@type\":\"EntryPoint\",\"urlTemplate\":\"https:\\\/\\\/www.caudete.org\\\/ayuntamiento\\\/?s={search_term_string}\"},\"query-input\":{\"@type\":\"PropertyValueSpecification\",\"valueRequired\":true,\"valueName\":\"search_term_string\"}}],\"inLanguage\":\"es\"},{\"@type\":\"Person\",\"@id\":\"https:\\\/\\\/www.caudete.org\\\/ayuntamiento\\\/#\\\/schema\\\/person\\\/7656a5bb58fca95b9814e940de0fda63\",\"name\":\"Juan\",\"image\":{\"@type\":\"ImageObject\",\"inLanguage\":\"es\",\"@id\":\"https:\\\/\\\/secure.gravatar.com\\\/avatar\\\/dd53e51c0cd6ab23f52d4f3e4f1c59730240727763de3dbbf26750b079a2c292?s=96&d=mm&r=g\",\"url\":\"https:\\\/\\\/secure.gravatar.com\\\/avatar\\\/dd53e51c0cd6ab23f52d4f3e4f1c59730240727763de3dbbf26750b079a2c292?s=96&d=mm&r=g\",\"contentUrl\":\"https:\\\/\\\/secure.gravatar.com\\\/avatar\\\/dd53e51c0cd6ab23f52d4f3e4f1c59730240727763de3dbbf26750b079a2c292?s=96&d=mm&r=g\",\"caption\":\"Juan\"},\"url\":\"https:\\\/\\\/www.caudete.org\\\/ayuntamiento\\\/author\\\/centrodeinternet\\\/\"}]}<\/script>\n<!-- \/ Yoast SEO plugin. -->","yoast_head_json":{"title":"El pasado domingo 28 de noviembre se celebr\u00f3 la 1\u00aa jornada del campeonato provincial escolar de CAMPO A TRAV\u00c9S. - MI Ayuntamiento de Caudete","description":"P\u00e1gina Oficial del Ayuntamiento de Caudete (Albacete)","robots":{"index":"index","follow":"follow","max-snippet":"max-snippet:-1","max-image-preview":"max-image-preview:large","max-video-preview":"max-video-preview:-1"},"canonical":"https:\/\/www.caudete.org\/ayuntamiento\/el-pasado-domingo-28-de-noviembre-se-celebro-la-1a-jornada-del-campeonato-provincial-escolar-de-campo-a-traves\/","og_locale":"es_ES","og_type":"article","og_title":"El pasado domingo 28 de noviembre se celebr\u00f3 la 1\u00aa jornada del campeonato provincial escolar de CAMPO A TRAV\u00c9S. - MI Ayuntamiento de Caudete","og_description":"P\u00e1gina Oficial del Ayuntamiento de Caudete (Albacete)","og_url":"https:\/\/www.caudete.org\/ayuntamiento\/el-pasado-domingo-28-de-noviembre-se-celebro-la-1a-jornada-del-campeonato-provincial-escolar-de-campo-a-traves\/","og_site_name":"MI Ayuntamiento de Caudete","article_publisher":"https:\/\/www.facebook.com\/ayuntamientocaudete\/","article_published_time":"2021-11-30T18:59:46+00:00","og_image":[{"width":864,"height":380,"url":"https:\/\/www.caudete.org\/ayuntamiento\/wp-content\/uploads\/2021\/11\/Campo-a-traves-2WEB.jpg","type":"image\/jpeg"}],"author":"Juan","twitter_card":"summary_large_image","twitter_misc":{"Escrito por":"Juan","Tiempo de lectura":"1 minuto"},"schema":{"@context":"https:\/\/schema.org","@graph":[{"@type":"Article","@id":"https:\/\/www.caudete.org\/ayuntamiento\/el-pasado-domingo-28-de-noviembre-se-celebro-la-1a-jornada-del-campeonato-provincial-escolar-de-campo-a-traves\/#article","isPartOf":{"@id":"https:\/\/www.caudete.org\/ayuntamiento\/el-pasado-domingo-28-de-noviembre-se-celebro-la-1a-jornada-del-campeonato-provincial-escolar-de-campo-a-traves\/"},"author":{"name":"Juan","@id":"https:\/\/www.caudete.org\/ayuntamiento\/#\/schema\/person\/7656a5bb58fca95b9814e940de0fda63"},"headline":"El pasado domingo 28 de noviembre se celebr\u00f3 la 1\u00aa jornada del campeonato provincial escolar de CAMPO A TRAV\u00c9S.","datePublished":"2021-11-30T18:59:46+00:00","mainEntityOfPage":{"@id":"https:\/\/www.caudete.org\/ayuntamiento\/el-pasado-domingo-28-de-noviembre-se-celebro-la-1a-jornada-del-campeonato-provincial-escolar-de-campo-a-traves\/"},"wordCount":163,"image":{"@id":"https:\/\/www.caudete.org\/ayuntamiento\/el-pasado-domingo-28-de-noviembre-se-celebro-la-1a-jornada-del-campeonato-provincial-escolar-de-campo-a-traves\/#primaryimage"},"thumbnailUrl":"https:\/\/www.caudete.org\/ayuntamiento\/wp-content\/uploads\/2021\/11\/Campo-a-traves-2WEB.jpg","keywords":["Campeonato provincial escolar de CAMPO A TRAV\u00c9S","Campo a trav\u00e9s"],"articleSection":["Deportes"],"inLanguage":"es"},{"@type":"WebPage","@id":"https:\/\/www.caudete.org\/ayuntamiento\/el-pasado-domingo-28-de-noviembre-se-celebro-la-1a-jornada-del-campeonato-provincial-escolar-de-campo-a-traves\/","url":"https:\/\/www.caudete.org\/ayuntamiento\/el-pasado-domingo-28-de-noviembre-se-celebro-la-1a-jornada-del-campeonato-provincial-escolar-de-campo-a-traves\/","name":"El pasado domingo 28 de noviembre se celebr\u00f3 la 1\u00aa jornada del campeonato provincial escolar de CAMPO A TRAV\u00c9S. - MI Ayuntamiento de Caudete","isPartOf":{"@id":"https:\/\/www.caudete.org\/ayuntamiento\/#website"},"primaryImageOfPage":{"@id":"https:\/\/www.caudete.org\/ayuntamiento\/el-pasado-domingo-28-de-noviembre-se-celebro-la-1a-jornada-del-campeonato-provincial-escolar-de-campo-a-traves\/#primaryimage"},"image":{"@id":"https:\/\/www.caudete.org\/ayuntamiento\/el-pasado-domingo-28-de-noviembre-se-celebro-la-1a-jornada-del-campeonato-provincial-escolar-de-campo-a-traves\/#primaryimage"},"thumbnailUrl":"https:\/\/www.caudete.org\/ayuntamiento\/wp-content\/uploads\/2021\/11\/Campo-a-traves-2WEB.jpg","datePublished":"2021-11-30T18:59:46+00:00","author":{"@id":"https:\/\/www.caudete.org\/ayuntamiento\/#\/schema\/person\/7656a5bb58fca95b9814e940de0fda63"},"description":"P\u00e1gina Oficial del Ayuntamiento de Caudete (Albacete)","breadcrumb":{"@id":"https:\/\/www.caudete.org\/ayuntamiento\/el-pasado-domingo-28-de-noviembre-se-celebro-la-1a-jornada-del-campeonato-provincial-escolar-de-campo-a-traves\/#breadcrumb"},"inLanguage":"es","potentialAction":[{"@type":"ReadAction","target":["https:\/\/www.caudete.org\/ayuntamiento\/el-pasado-domingo-28-de-noviembre-se-celebro-la-1a-jornada-del-campeonato-provincial-escolar-de-campo-a-traves\/"]}]},{"@type":"ImageObject","inLanguage":"es","@id":"https:\/\/www.caudete.org\/ayuntamiento\/el-pasado-domingo-28-de-noviembre-se-celebro-la-1a-jornada-del-campeonato-provincial-escolar-de-campo-a-traves\/#primaryimage","url":"https:\/\/www.caudete.org\/ayuntamiento\/wp-content\/uploads\/2021\/11\/Campo-a-traves-2WEB.jpg","contentUrl":"https:\/\/www.caudete.org\/ayuntamiento\/wp-content\/uploads\/2021\/11\/Campo-a-traves-2WEB.jpg","width":864,"height":380},{"@type":"BreadcrumbList","@id":"https:\/\/www.caudete.org\/ayuntamiento\/el-pasado-domingo-28-de-noviembre-se-celebro-la-1a-jornada-del-campeonato-provincial-escolar-de-campo-a-traves\/#breadcrumb","itemListElement":[{"@type":"ListItem","position":1,"name":"Inicio","item":"https:\/\/www.caudete.org\/ayuntamiento\/"},{"@type":"ListItem","position":2,"name":"El pasado domingo 28 de noviembre se celebr\u00f3 la 1\u00aa jornada del campeonato provincial escolar de CAMPO A TRAV\u00c9S."}]},{"@type":"WebSite","@id":"https:\/\/www.caudete.org\/ayuntamiento\/#website","url":"https:\/\/www.caudete.org\/ayuntamiento\/","name":"MI Ayuntamiento de Caudete","description":"P\u00e1gina Oficial del MI Ayuntamiento de Caudete","potentialAction":[{"@type":"SearchAction","target":{"@type":"EntryPoint","urlTemplate":"https:\/\/www.caudete.org\/ayuntamiento\/?s={search_term_string}"},"query-input":{"@type":"PropertyValueSpecification","valueRequired":true,"valueName":"search_term_string"}}],"inLanguage":"es"},{"@type":"Person","@id":"https:\/\/www.caudete.org\/ayuntamiento\/#\/schema\/person\/7656a5bb58fca95b9814e940de0fda63","name":"Juan","image":{"@type":"ImageObject","inLanguage":"es","@id":"https:\/\/secure.gravatar.com\/avatar\/dd53e51c0cd6ab23f52d4f3e4f1c59730240727763de3dbbf26750b079a2c292?s=96&d=mm&r=g","url":"https:\/\/secure.gravatar.com\/avatar\/dd53e51c0cd6ab23f52d4f3e4f1c59730240727763de3dbbf26750b079a2c292?s=96&d=mm&r=g","contentUrl":"https:\/\/secure.gravatar.com\/avatar\/dd53e51c0cd6ab23f52d4f3e4f1c59730240727763de3dbbf26750b079a2c292?s=96&d=mm&r=g","caption":"Juan"},"url":"https:\/\/www.caudete.org\/ayuntamiento\/author\/centrodeinternet\/"}]}},"_links":{"self":[{"href":"https:\/\/www.caudete.org\/ayuntamiento\/wp-json\/wp\/v2\/posts\/17229","targetHints":{"allow":["GET"]}}],"collection":[{"href":"https:\/\/www.caudete.org\/ayuntamiento\/wp-json\/wp\/v2\/posts"}],"about":[{"href":"https:\/\/www.caudete.org\/ayuntamiento\/wp-json\/wp\/v2\/types\/post"}],"author":[{"embeddable":true,"href":"https:\/\/www.caudete.org\/ayuntamiento\/wp-json\/wp\/v2\/users\/2"}],"replies":[{"embeddable":true,"href":"https:\/\/www.caudete.org\/ayuntamiento\/wp-json\/wp\/v2\/comments?post=17229"}],"version-history":[{"count":3,"href":"https:\/\/www.caudete.org\/ayuntamiento\/wp-json\/wp\/v2\/posts\/17229\/revisions"}],"predecessor-version":[{"id":17236,"href":"https:\/\/www.caudete.org\/ayuntamiento\/wp-json\/wp\/v2\/posts\/17229\/revisions\/17236"}],"wp:featuredmedia":[{"embeddable":true,"href":"https:\/\/www.caudete.org\/ayuntamiento\/wp-json\/wp\/v2\/media\/17231"}],"wp:attachment":[{"href":"https:\/\/www.caudete.org\/ayuntamiento\/wp-json\/wp\/v2\/media?parent=17229"}],"wp:term":[{"taxonomy":"category","embeddable":true,"href":"https:\/\/www.caudete.org\/ayuntamiento\/wp-json\/wp\/v2\/categories?post=17229"},{"taxonomy":"post_tag","embeddable":true,"href":"https:\/\/www.caudete.org\/ayuntamiento\/wp-json\/wp\/v2\/tags?post=17229"}],"curies":[{"name":"wp","href":"https:\/\/api.w.org\/{rel}","templated":true}]}}