{"id":17250,"date":"2021-12-01T12:54:23","date_gmt":"2021-12-01T11:54:23","guid":{"rendered":"https:\/\/www.caudete.org\/ayuntamiento\/?p=17250"},"modified":"2021-12-03T02:02:54","modified_gmt":"2021-12-03T01:02:54","slug":"apoyo-firme-al-corredor-mediterraneo-y-una-ley-de-zonas-industriales-las-peticiones-del-alcalde-al-gobierno-regional","status":"publish","type":"post","link":"https:\/\/www.caudete.org\/ayuntamiento\/apoyo-firme-al-corredor-mediterraneo-y-una-ley-de-zonas-industriales-las-peticiones-del-alcalde-al-gobierno-regional\/","title":{"rendered":"Apoyo firme al Corredor Mediterr\u00e1neo, y una Ley de Zonas industriales, las peticiones del Alcalde al Gobierno Regional"},"content":{"rendered":"<p style=\"text-align: justify;\">El pasado lunes tras la visita a la empresa local Camacho Recycling, el Alcalde aprovech\u00f3 la declaraci\u00f3n a medios compartida con el Gerente de la marca y la Consejera (qui\u00e9n actuaba en representaci\u00f3n de la administraci\u00f3n regional) para realizar una serie de demandas clave para Caudete.<\/p>\n<p style=\"text-align: justify;\">Una vez m\u00e1s, el Alcalde Mois\u00e9s L\u00f3pez sac\u00f3 a debate dos asuntos que no son nada nuevos en la insistencia y convencimiento del Primer Edil.<\/p>\n<p style=\"text-align: justify;\">Por un lado, el apoyo firme y decidido que solicitaba al Gobierno Regional para el Corredor Mediterr\u00e1neo, y por otro una Ley de apoyo e impulso a las zonas industriales para favorecer su desarrollo e industrializaci\u00f3n.<\/p>\n<p style=\"text-align: justify;\">En el primero de los casos, puso de manifiesto el enorme potencial que supone el Eje Mediterr\u00e1neo para la econom\u00eda espa\u00f1ola, del cual Castilla La Mancha puede beneficiarse de forma exponencial, al pasar por la puerta del territorio manchego, pues Caudete lo tendr\u00e1 dentro de su t\u00e9rmino municipal, y sin duda podr\u00e1 rentabilizar.<\/p>\n<p style=\"text-align: justify;\">El Corredor Mediterr\u00e1neo como el esbozado Corredor del Quijote tambi\u00e9n supondr\u00eda multiplicar las oportunidades de trabajo, desarrollo y riqueza para el territorio manchego, que aprovechar\u00eda la puerta al Levante que supone Caudete para la regi\u00f3n, con la magn\u00edfica ubicaci\u00f3n, infraestructuras de transporte y equidistancia a las ciudades mediterr\u00e1neas con transportes mar\u00edtimos y a\u00e9reos.<\/p>\n<p style=\"text-align: justify;\">No obstante, expon\u00eda el Edil que ello ha de ir de forma conjunta al desarrollo de una ley de industrializaci\u00f3n, donde el apoyo e impulso a las zonas industriales es necesaria y decisiva.<\/p>\n<p style=\"text-align: justify;\">Manifestaba la importancia de poder &#8220;<em>jugar las mismas cartas<\/em>&#8220;, en materia de desarrollo industrial, en cuanto a apoyo de la administraci\u00f3n regional, &#8220;<em>que el resto de comunidades aut\u00f3nomas vecinas<\/em>&#8220;, quienes nos llevan una ventaja considerable.<\/p>\n<p style=\"text-align: justify;\">As\u00ed pues, detallaba que &#8220;<em>esto es una petici\u00f3n continua de ayuntamientos, diputaciones y asociaciones de desarrollo industrial<\/em>&#8220;, que solicitan del apoyo firme del Gobierno Regional para acelerar el desarrollo de nuestros territorios de una forma conjunta.<\/p>\n<p>&nbsp;<\/p>\n","protected":false},"excerpt":{"rendered":"<p>El pasado lunes tras la visita a la empresa local Camacho Recycling, el Alcalde aprovech\u00f3 la declaraci\u00f3n a medios compartida con el Gerente de la marca y la Consejera (qui\u00e9n actuaba en representaci\u00f3n de la administraci\u00f3n regional) para realizar una serie de demandas clave para Caudete. Una vez m\u00e1s, el Alcalde Mois\u00e9s L\u00f3pez sac\u00f3 a &hellip;<\/p>\n","protected":false},"author":3,"featured_media":17228,"comment_status":"closed","ping_status":"open","sticky":false,"template":"","format":"standard","meta":{"ngg_post_thumbnail":0,"footnotes":""},"categories":[32],"tags":[],"class_list":["post-17250","post","type-post","status-publish","format-standard","has-post-thumbnail","hentry","category-industria-y-empresas"],"yoast_head":"<!-- This site is optimized with the Yoast SEO plugin v27.5 - https:\/\/yoast.com\/product\/yoast-seo-wordpress\/ -->\n<title>Apoyo firme al Corredor Mediterr\u00e1neo, y una Ley de Zonas industriales, las peticiones del Alcalde al Gobierno Regional - MI Ayuntamiento de Caudete<\/title>\n<meta name=\"description\" content=\"P\u00e1gina Oficial del Ayuntamiento de Caudete (Albacete)\" \/>\n<meta name=\"robots\" content=\"index, follow, max-snippet:-1, max-image-preview:large, max-video-preview:-1\" \/>\n<link rel=\"canonical\" href=\"https:\/\/www.caudete.org\/ayuntamiento\/apoyo-firme-al-corredor-mediterraneo-y-una-ley-de-zonas-industriales-las-peticiones-del-alcalde-al-gobierno-regional\/\" \/>\n<meta property=\"og:locale\" content=\"es_ES\" \/>\n<meta property=\"og:type\" content=\"article\" \/>\n<meta property=\"og:title\" content=\"Apoyo firme al Corredor Mediterr\u00e1neo, y una Ley de Zonas industriales, las peticiones del Alcalde al Gobierno Regional - MI Ayuntamiento de Caudete\" \/>\n<meta property=\"og:description\" content=\"P\u00e1gina Oficial del Ayuntamiento de Caudete (Albacete)\" \/>\n<meta property=\"og:url\" content=\"https:\/\/www.caudete.org\/ayuntamiento\/apoyo-firme-al-corredor-mediterraneo-y-una-ley-de-zonas-industriales-las-peticiones-del-alcalde-al-gobierno-regional\/\" \/>\n<meta property=\"og:site_name\" content=\"MI Ayuntamiento de Caudete\" \/>\n<meta property=\"article:publisher\" content=\"https:\/\/www.facebook.com\/ayuntamientocaudete\/\" \/>\n<meta property=\"article:published_time\" content=\"2021-12-01T11:54:23+00:00\" \/>\n<meta property=\"article:modified_time\" content=\"2021-12-03T01:02:54+00:00\" \/>\n<meta property=\"og:image\" content=\"https:\/\/www.caudete.org\/ayuntamiento\/wp-content\/uploads\/2021\/11\/51712587676_81ba36f757_o-scaled.jpg\" \/>\n\t<meta property=\"og:image:width\" content=\"2560\" \/>\n\t<meta property=\"og:image:height\" content=\"1707\" \/>\n\t<meta property=\"og:image:type\" content=\"image\/jpeg\" \/>\n<meta name=\"author\" content=\"alcalde\" \/>\n<meta name=\"twitter:card\" content=\"summary_large_image\" \/>\n<meta name=\"twitter:label1\" content=\"Escrito por\" \/>\n\t<meta name=\"twitter:data1\" content=\"alcalde\" \/>\n\t<meta name=\"twitter:label2\" content=\"Tiempo de lectura\" \/>\n\t<meta name=\"twitter:data2\" content=\"2 minutos\" \/>\n<script type=\"application\/ld+json\" class=\"yoast-schema-graph\">{\"@context\":\"https:\\\/\\\/schema.org\",\"@graph\":[{\"@type\":\"Article\",\"@id\":\"https:\\\/\\\/www.caudete.org\\\/ayuntamiento\\\/apoyo-firme-al-corredor-mediterraneo-y-una-ley-de-zonas-industriales-las-peticiones-del-alcalde-al-gobierno-regional\\\/#article\",\"isPartOf\":{\"@id\":\"https:\\\/\\\/www.caudete.org\\\/ayuntamiento\\\/apoyo-firme-al-corredor-mediterraneo-y-una-ley-de-zonas-industriales-las-peticiones-del-alcalde-al-gobierno-regional\\\/\"},\"author\":{\"name\":\"alcalde\",\"@id\":\"https:\\\/\\\/www.caudete.org\\\/ayuntamiento\\\/#\\\/schema\\\/person\\\/cc646da9133078ee4d8dd47457947253\"},\"headline\":\"Apoyo firme al Corredor Mediterr\u00e1neo, y una Ley de Zonas industriales, las peticiones del Alcalde al Gobierno Regional\",\"datePublished\":\"2021-12-01T11:54:23+00:00\",\"dateModified\":\"2021-12-03T01:02:54+00:00\",\"mainEntityOfPage\":{\"@id\":\"https:\\\/\\\/www.caudete.org\\\/ayuntamiento\\\/apoyo-firme-al-corredor-mediterraneo-y-una-ley-de-zonas-industriales-las-peticiones-del-alcalde-al-gobierno-regional\\\/\"},\"wordCount\":365,\"image\":{\"@id\":\"https:\\\/\\\/www.caudete.org\\\/ayuntamiento\\\/apoyo-firme-al-corredor-mediterraneo-y-una-ley-de-zonas-industriales-las-peticiones-del-alcalde-al-gobierno-regional\\\/#primaryimage\"},\"thumbnailUrl\":\"https:\\\/\\\/www.caudete.org\\\/ayuntamiento\\\/wp-content\\\/uploads\\\/2021\\\/11\\\/51712587676_81ba36f757_o-scaled.jpg\",\"articleSection\":[\"Industria y Empresas\"],\"inLanguage\":\"es\"},{\"@type\":\"WebPage\",\"@id\":\"https:\\\/\\\/www.caudete.org\\\/ayuntamiento\\\/apoyo-firme-al-corredor-mediterraneo-y-una-ley-de-zonas-industriales-las-peticiones-del-alcalde-al-gobierno-regional\\\/\",\"url\":\"https:\\\/\\\/www.caudete.org\\\/ayuntamiento\\\/apoyo-firme-al-corredor-mediterraneo-y-una-ley-de-zonas-industriales-las-peticiones-del-alcalde-al-gobierno-regional\\\/\",\"name\":\"Apoyo firme al Corredor Mediterr\u00e1neo, y una Ley de Zonas industriales, las peticiones del Alcalde al Gobierno Regional - MI Ayuntamiento de Caudete\",\"isPartOf\":{\"@id\":\"https:\\\/\\\/www.caudete.org\\\/ayuntamiento\\\/#website\"},\"primaryImageOfPage\":{\"@id\":\"https:\\\/\\\/www.caudete.org\\\/ayuntamiento\\\/apoyo-firme-al-corredor-mediterraneo-y-una-ley-de-zonas-industriales-las-peticiones-del-alcalde-al-gobierno-regional\\\/#primaryimage\"},\"image\":{\"@id\":\"https:\\\/\\\/www.caudete.org\\\/ayuntamiento\\\/apoyo-firme-al-corredor-mediterraneo-y-una-ley-de-zonas-industriales-las-peticiones-del-alcalde-al-gobierno-regional\\\/#primaryimage\"},\"thumbnailUrl\":\"https:\\\/\\\/www.caudete.org\\\/ayuntamiento\\\/wp-content\\\/uploads\\\/2021\\\/11\\\/51712587676_81ba36f757_o-scaled.jpg\",\"datePublished\":\"2021-12-01T11:54:23+00:00\",\"dateModified\":\"2021-12-03T01:02:54+00:00\",\"author\":{\"@id\":\"https:\\\/\\\/www.caudete.org\\\/ayuntamiento\\\/#\\\/schema\\\/person\\\/cc646da9133078ee4d8dd47457947253\"},\"description\":\"P\u00e1gina Oficial del Ayuntamiento de Caudete (Albacete)\",\"breadcrumb\":{\"@id\":\"https:\\\/\\\/www.caudete.org\\\/ayuntamiento\\\/apoyo-firme-al-corredor-mediterraneo-y-una-ley-de-zonas-industriales-las-peticiones-del-alcalde-al-gobierno-regional\\\/#breadcrumb\"},\"inLanguage\":\"es\",\"potentialAction\":[{\"@type\":\"ReadAction\",\"target\":[\"https:\\\/\\\/www.caudete.org\\\/ayuntamiento\\\/apoyo-firme-al-corredor-mediterraneo-y-una-ley-de-zonas-industriales-las-peticiones-del-alcalde-al-gobierno-regional\\\/\"]}]},{\"@type\":\"ImageObject\",\"inLanguage\":\"es\",\"@id\":\"https:\\\/\\\/www.caudete.org\\\/ayuntamiento\\\/apoyo-firme-al-corredor-mediterraneo-y-una-ley-de-zonas-industriales-las-peticiones-del-alcalde-al-gobierno-regional\\\/#primaryimage\",\"url\":\"https:\\\/\\\/www.caudete.org\\\/ayuntamiento\\\/wp-content\\\/uploads\\\/2021\\\/11\\\/51712587676_81ba36f757_o-scaled.jpg\",\"contentUrl\":\"https:\\\/\\\/www.caudete.org\\\/ayuntamiento\\\/wp-content\\\/uploads\\\/2021\\\/11\\\/51712587676_81ba36f757_o-scaled.jpg\",\"width\":2560,\"height\":1707},{\"@type\":\"BreadcrumbList\",\"@id\":\"https:\\\/\\\/www.caudete.org\\\/ayuntamiento\\\/apoyo-firme-al-corredor-mediterraneo-y-una-ley-de-zonas-industriales-las-peticiones-del-alcalde-al-gobierno-regional\\\/#breadcrumb\",\"itemListElement\":[{\"@type\":\"ListItem\",\"position\":1,\"name\":\"Inicio\",\"item\":\"https:\\\/\\\/www.caudete.org\\\/ayuntamiento\\\/\"},{\"@type\":\"ListItem\",\"position\":2,\"name\":\"Apoyo firme al Corredor Mediterr\u00e1neo, y una Ley de Zonas industriales, las peticiones del Alcalde al Gobierno Regional\"}]},{\"@type\":\"WebSite\",\"@id\":\"https:\\\/\\\/www.caudete.org\\\/ayuntamiento\\\/#website\",\"url\":\"https:\\\/\\\/www.caudete.org\\\/ayuntamiento\\\/\",\"name\":\"MI Ayuntamiento de Caudete\",\"description\":\"P\u00e1gina Oficial del MI Ayuntamiento de Caudete\",\"potentialAction\":[{\"@type\":\"SearchAction\",\"target\":{\"@type\":\"EntryPoint\",\"urlTemplate\":\"https:\\\/\\\/www.caudete.org\\\/ayuntamiento\\\/?s={search_term_string}\"},\"query-input\":{\"@type\":\"PropertyValueSpecification\",\"valueRequired\":true,\"valueName\":\"search_term_string\"}}],\"inLanguage\":\"es\"},{\"@type\":\"Person\",\"@id\":\"https:\\\/\\\/www.caudete.org\\\/ayuntamiento\\\/#\\\/schema\\\/person\\\/cc646da9133078ee4d8dd47457947253\",\"name\":\"alcalde\",\"image\":{\"@type\":\"ImageObject\",\"inLanguage\":\"es\",\"@id\":\"https:\\\/\\\/secure.gravatar.com\\\/avatar\\\/84a817ba065b29ff08d666b215a215f5c79186a645ccb25b14a663d48a130f77?s=96&d=mm&r=g\",\"url\":\"https:\\\/\\\/secure.gravatar.com\\\/avatar\\\/84a817ba065b29ff08d666b215a215f5c79186a645ccb25b14a663d48a130f77?s=96&d=mm&r=g\",\"contentUrl\":\"https:\\\/\\\/secure.gravatar.com\\\/avatar\\\/84a817ba065b29ff08d666b215a215f5c79186a645ccb25b14a663d48a130f77?s=96&d=mm&r=g\",\"caption\":\"alcalde\"},\"url\":\"https:\\\/\\\/www.caudete.org\\\/ayuntamiento\\\/author\\\/alcalde\\\/\"}]}<\/script>\n<!-- \/ Yoast SEO plugin. -->","yoast_head_json":{"title":"Apoyo firme al Corredor Mediterr\u00e1neo, y una Ley de Zonas industriales, las peticiones del Alcalde al Gobierno Regional - MI Ayuntamiento de Caudete","description":"P\u00e1gina Oficial del Ayuntamiento de Caudete (Albacete)","robots":{"index":"index","follow":"follow","max-snippet":"max-snippet:-1","max-image-preview":"max-image-preview:large","max-video-preview":"max-video-preview:-1"},"canonical":"https:\/\/www.caudete.org\/ayuntamiento\/apoyo-firme-al-corredor-mediterraneo-y-una-ley-de-zonas-industriales-las-peticiones-del-alcalde-al-gobierno-regional\/","og_locale":"es_ES","og_type":"article","og_title":"Apoyo firme al Corredor Mediterr\u00e1neo, y una Ley de Zonas industriales, las peticiones del Alcalde al Gobierno Regional - MI Ayuntamiento de Caudete","og_description":"P\u00e1gina Oficial del Ayuntamiento de Caudete (Albacete)","og_url":"https:\/\/www.caudete.org\/ayuntamiento\/apoyo-firme-al-corredor-mediterraneo-y-una-ley-de-zonas-industriales-las-peticiones-del-alcalde-al-gobierno-regional\/","og_site_name":"MI Ayuntamiento de Caudete","article_publisher":"https:\/\/www.facebook.com\/ayuntamientocaudete\/","article_published_time":"2021-12-01T11:54:23+00:00","article_modified_time":"2021-12-03T01:02:54+00:00","og_image":[{"width":2560,"height":1707,"url":"https:\/\/www.caudete.org\/ayuntamiento\/wp-content\/uploads\/2021\/11\/51712587676_81ba36f757_o-scaled.jpg","type":"image\/jpeg"}],"author":"alcalde","twitter_card":"summary_large_image","twitter_misc":{"Escrito por":"alcalde","Tiempo de lectura":"2 minutos"},"schema":{"@context":"https:\/\/schema.org","@graph":[{"@type":"Article","@id":"https:\/\/www.caudete.org\/ayuntamiento\/apoyo-firme-al-corredor-mediterraneo-y-una-ley-de-zonas-industriales-las-peticiones-del-alcalde-al-gobierno-regional\/#article","isPartOf":{"@id":"https:\/\/www.caudete.org\/ayuntamiento\/apoyo-firme-al-corredor-mediterraneo-y-una-ley-de-zonas-industriales-las-peticiones-del-alcalde-al-gobierno-regional\/"},"author":{"name":"alcalde","@id":"https:\/\/www.caudete.org\/ayuntamiento\/#\/schema\/person\/cc646da9133078ee4d8dd47457947253"},"headline":"Apoyo firme al Corredor Mediterr\u00e1neo, y una Ley de Zonas industriales, las peticiones del Alcalde al Gobierno Regional","datePublished":"2021-12-01T11:54:23+00:00","dateModified":"2021-12-03T01:02:54+00:00","mainEntityOfPage":{"@id":"https:\/\/www.caudete.org\/ayuntamiento\/apoyo-firme-al-corredor-mediterraneo-y-una-ley-de-zonas-industriales-las-peticiones-del-alcalde-al-gobierno-regional\/"},"wordCount":365,"image":{"@id":"https:\/\/www.caudete.org\/ayuntamiento\/apoyo-firme-al-corredor-mediterraneo-y-una-ley-de-zonas-industriales-las-peticiones-del-alcalde-al-gobierno-regional\/#primaryimage"},"thumbnailUrl":"https:\/\/www.caudete.org\/ayuntamiento\/wp-content\/uploads\/2021\/11\/51712587676_81ba36f757_o-scaled.jpg","articleSection":["Industria y Empresas"],"inLanguage":"es"},{"@type":"WebPage","@id":"https:\/\/www.caudete.org\/ayuntamiento\/apoyo-firme-al-corredor-mediterraneo-y-una-ley-de-zonas-industriales-las-peticiones-del-alcalde-al-gobierno-regional\/","url":"https:\/\/www.caudete.org\/ayuntamiento\/apoyo-firme-al-corredor-mediterraneo-y-una-ley-de-zonas-industriales-las-peticiones-del-alcalde-al-gobierno-regional\/","name":"Apoyo firme al Corredor Mediterr\u00e1neo, y una Ley de Zonas industriales, las peticiones del Alcalde al Gobierno Regional - MI Ayuntamiento de Caudete","isPartOf":{"@id":"https:\/\/www.caudete.org\/ayuntamiento\/#website"},"primaryImageOfPage":{"@id":"https:\/\/www.caudete.org\/ayuntamiento\/apoyo-firme-al-corredor-mediterraneo-y-una-ley-de-zonas-industriales-las-peticiones-del-alcalde-al-gobierno-regional\/#primaryimage"},"image":{"@id":"https:\/\/www.caudete.org\/ayuntamiento\/apoyo-firme-al-corredor-mediterraneo-y-una-ley-de-zonas-industriales-las-peticiones-del-alcalde-al-gobierno-regional\/#primaryimage"},"thumbnailUrl":"https:\/\/www.caudete.org\/ayuntamiento\/wp-content\/uploads\/2021\/11\/51712587676_81ba36f757_o-scaled.jpg","datePublished":"2021-12-01T11:54:23+00:00","dateModified":"2021-12-03T01:02:54+00:00","author":{"@id":"https:\/\/www.caudete.org\/ayuntamiento\/#\/schema\/person\/cc646da9133078ee4d8dd47457947253"},"description":"P\u00e1gina Oficial del Ayuntamiento de Caudete (Albacete)","breadcrumb":{"@id":"https:\/\/www.caudete.org\/ayuntamiento\/apoyo-firme-al-corredor-mediterraneo-y-una-ley-de-zonas-industriales-las-peticiones-del-alcalde-al-gobierno-regional\/#breadcrumb"},"inLanguage":"es","potentialAction":[{"@type":"ReadAction","target":["https:\/\/www.caudete.org\/ayuntamiento\/apoyo-firme-al-corredor-mediterraneo-y-una-ley-de-zonas-industriales-las-peticiones-del-alcalde-al-gobierno-regional\/"]}]},{"@type":"ImageObject","inLanguage":"es","@id":"https:\/\/www.caudete.org\/ayuntamiento\/apoyo-firme-al-corredor-mediterraneo-y-una-ley-de-zonas-industriales-las-peticiones-del-alcalde-al-gobierno-regional\/#primaryimage","url":"https:\/\/www.caudete.org\/ayuntamiento\/wp-content\/uploads\/2021\/11\/51712587676_81ba36f757_o-scaled.jpg","contentUrl":"https:\/\/www.caudete.org\/ayuntamiento\/wp-content\/uploads\/2021\/11\/51712587676_81ba36f757_o-scaled.jpg","width":2560,"height":1707},{"@type":"BreadcrumbList","@id":"https:\/\/www.caudete.org\/ayuntamiento\/apoyo-firme-al-corredor-mediterraneo-y-una-ley-de-zonas-industriales-las-peticiones-del-alcalde-al-gobierno-regional\/#breadcrumb","itemListElement":[{"@type":"ListItem","position":1,"name":"Inicio","item":"https:\/\/www.caudete.org\/ayuntamiento\/"},{"@type":"ListItem","position":2,"name":"Apoyo firme al Corredor Mediterr\u00e1neo, y una Ley de Zonas industriales, las peticiones del Alcalde al Gobierno Regional"}]},{"@type":"WebSite","@id":"https:\/\/www.caudete.org\/ayuntamiento\/#website","url":"https:\/\/www.caudete.org\/ayuntamiento\/","name":"MI Ayuntamiento de Caudete","description":"P\u00e1gina Oficial del MI Ayuntamiento de Caudete","potentialAction":[{"@type":"SearchAction","target":{"@type":"EntryPoint","urlTemplate":"https:\/\/www.caudete.org\/ayuntamiento\/?s={search_term_string}"},"query-input":{"@type":"PropertyValueSpecification","valueRequired":true,"valueName":"search_term_string"}}],"inLanguage":"es"},{"@type":"Person","@id":"https:\/\/www.caudete.org\/ayuntamiento\/#\/schema\/person\/cc646da9133078ee4d8dd47457947253","name":"alcalde","image":{"@type":"ImageObject","inLanguage":"es","@id":"https:\/\/secure.gravatar.com\/avatar\/84a817ba065b29ff08d666b215a215f5c79186a645ccb25b14a663d48a130f77?s=96&d=mm&r=g","url":"https:\/\/secure.gravatar.com\/avatar\/84a817ba065b29ff08d666b215a215f5c79186a645ccb25b14a663d48a130f77?s=96&d=mm&r=g","contentUrl":"https:\/\/secure.gravatar.com\/avatar\/84a817ba065b29ff08d666b215a215f5c79186a645ccb25b14a663d48a130f77?s=96&d=mm&r=g","caption":"alcalde"},"url":"https:\/\/www.caudete.org\/ayuntamiento\/author\/alcalde\/"}]}},"_links":{"self":[{"href":"https:\/\/www.caudete.org\/ayuntamiento\/wp-json\/wp\/v2\/posts\/17250","targetHints":{"allow":["GET"]}}],"collection":[{"href":"https:\/\/www.caudete.org\/ayuntamiento\/wp-json\/wp\/v2\/posts"}],"about":[{"href":"https:\/\/www.caudete.org\/ayuntamiento\/wp-json\/wp\/v2\/types\/post"}],"author":[{"embeddable":true,"href":"https:\/\/www.caudete.org\/ayuntamiento\/wp-json\/wp\/v2\/users\/3"}],"replies":[{"embeddable":true,"href":"https:\/\/www.caudete.org\/ayuntamiento\/wp-json\/wp\/v2\/comments?post=17250"}],"version-history":[{"count":3,"href":"https:\/\/www.caudete.org\/ayuntamiento\/wp-json\/wp\/v2\/posts\/17250\/revisions"}],"predecessor-version":[{"id":17297,"href":"https:\/\/www.caudete.org\/ayuntamiento\/wp-json\/wp\/v2\/posts\/17250\/revisions\/17297"}],"wp:featuredmedia":[{"embeddable":true,"href":"https:\/\/www.caudete.org\/ayuntamiento\/wp-json\/wp\/v2\/media\/17228"}],"wp:attachment":[{"href":"https:\/\/www.caudete.org\/ayuntamiento\/wp-json\/wp\/v2\/media?parent=17250"}],"wp:term":[{"taxonomy":"category","embeddable":true,"href":"https:\/\/www.caudete.org\/ayuntamiento\/wp-json\/wp\/v2\/categories?post=17250"},{"taxonomy":"post_tag","embeddable":true,"href":"https:\/\/www.caudete.org\/ayuntamiento\/wp-json\/wp\/v2\/tags?post=17250"}],"curies":[{"name":"wp","href":"https:\/\/api.w.org\/{rel}","templated":true}]}}