{"id":17252,"date":"2021-12-01T18:13:25","date_gmt":"2021-12-01T17:13:25","guid":{"rendered":"https:\/\/www.caudete.org\/ayuntamiento\/?p=17252"},"modified":"2021-12-01T18:13:25","modified_gmt":"2021-12-01T17:13:25","slug":"el-alcalde-asiste-al-4-congreso-nacional-de-zonas-empresariales-organizado-por-cedaes-en-albacete","status":"publish","type":"post","link":"https:\/\/www.caudete.org\/ayuntamiento\/el-alcalde-asiste-al-4-congreso-nacional-de-zonas-empresariales-organizado-por-cedaes-en-albacete\/","title":{"rendered":"El Alcalde asiste al 4\u00b0 Congreso Nacional de Zonas Empresariales organizado por CEDAES en Albacete"},"content":{"rendered":"<div class=\"article-intro entry-content\">\n<p>La Confederaci\u00f3n Espa\u00f1ola de \u00c1reas Industriales\u00a0 (CEDAES) ha celebrado este mi\u00e9rcoles, 1 de diciembre, su\u00a0 4\u00ba Congreso en la ciudad de Albacete, al que nuestro Alcalde Mois\u00e9s L\u00f3pez asist\u00eda como representante municipal, y como Secretario de la Asociaci\u00f3n Regional de Zonas Industriales de Castilla La Mancha (ZINCAMAN).<\/p>\n<p>Santos Prieto, presidente de CEDAES, ha reivindicado el papel de las \u00e1reas empresariales para el desarrollo econ\u00f3mico y social de los territorios destacando\u00a0 la unidad entre las instituciones p\u00fablico-privadas para la mejora de las zonas industriales, reivindicado adem\u00e1s el papel de las zonas industriales de Espa\u00f1a como motor de la econom\u00eda.<\/p>\n<\/div>\n<div class=\"article-body entry-content\">\n<p>&nbsp;<\/p>\n<p>El presidente de CEDAES reclamaba al Gobierno de la Naci\u00f3n, representado en el acto con la Ministra de Pol\u00edtica Territorial,\u00a0 \u201cuna regulaci\u00f3n estatal que dinamice las zonas industriales\u201d, apostando por la incentivaci\u00f3n de la profesionalizaci\u00f3n y la puesta en marcha de un Observatorio de Suelo Industrial \u201cque permita conocer nuestro entorno y la llegada de nuevas empresas a Espa\u00f1a\u201d.<\/p>\n<p>No obstante, hacia tambi\u00e9n una reivindicaci\u00f3n al Gobierno Regional, representado por el Consejero de Fomento Nacho Hernnado, en la puesta en marcha de una ley regional de \u00e1reas industriales, cuesti\u00f3n que hace dos d\u00edas tambi\u00e9n solicitaba nuestro Alcalde a la Consejera de Econom\u00eda, Empresas y Empleo Patricia Franco en su visita a Caudete.<\/p>\n<p>Santos Prieto tambi\u00e9n ha puesto en valor el papel de las \u00e1reas industriales como dinamizadores de la econom\u00eda de los territorios \u201cque ayudan a luchar contra el reto demogr\u00e1fico\u201d.<\/p>\n<\/div>\n","protected":false},"excerpt":{"rendered":"<p>La Confederaci\u00f3n Espa\u00f1ola de \u00c1reas Industriales\u00a0 (CEDAES) ha celebrado este mi\u00e9rcoles, 1 de diciembre, su\u00a0 4\u00ba Congreso en la ciudad de Albacete, al que nuestro Alcalde Mois\u00e9s L\u00f3pez asist\u00eda como representante municipal, y como Secretario de la Asociaci\u00f3n Regional de Zonas Industriales de Castilla La Mancha (ZINCAMAN). Santos Prieto, presidente de CEDAES, ha reivindicado el &hellip;<\/p>\n","protected":false},"author":3,"featured_media":17253,"comment_status":"closed","ping_status":"open","sticky":false,"template":"","format":"standard","meta":{"ngg_post_thumbnail":0,"footnotes":""},"categories":[32],"tags":[],"class_list":["post-17252","post","type-post","status-publish","format-standard","has-post-thumbnail","hentry","category-industria-y-empresas"],"yoast_head":"<!-- This site is optimized with the Yoast SEO plugin v27.5 - https:\/\/yoast.com\/product\/yoast-seo-wordpress\/ -->\n<title>El Alcalde asiste al 4\u00b0 Congreso Nacional de Zonas Empresariales organizado por CEDAES en Albacete - MI Ayuntamiento de Caudete<\/title>\n<meta name=\"description\" content=\"P\u00e1gina Oficial del Ayuntamiento de Caudete (Albacete)\" \/>\n<meta name=\"robots\" content=\"index, follow, max-snippet:-1, max-image-preview:large, max-video-preview:-1\" \/>\n<link rel=\"canonical\" href=\"https:\/\/www.caudete.org\/ayuntamiento\/el-alcalde-asiste-al-4-congreso-nacional-de-zonas-empresariales-organizado-por-cedaes-en-albacete\/\" \/>\n<meta property=\"og:locale\" content=\"es_ES\" \/>\n<meta property=\"og:type\" content=\"article\" \/>\n<meta property=\"og:title\" content=\"El Alcalde asiste al 4\u00b0 Congreso Nacional de Zonas Empresariales organizado por CEDAES en Albacete - MI Ayuntamiento de Caudete\" \/>\n<meta property=\"og:description\" content=\"P\u00e1gina Oficial del Ayuntamiento de Caudete (Albacete)\" \/>\n<meta property=\"og:url\" content=\"https:\/\/www.caudete.org\/ayuntamiento\/el-alcalde-asiste-al-4-congreso-nacional-de-zonas-empresariales-organizado-por-cedaes-en-albacete\/\" \/>\n<meta property=\"og:site_name\" content=\"MI Ayuntamiento de Caudete\" \/>\n<meta property=\"article:publisher\" content=\"https:\/\/www.facebook.com\/ayuntamientocaudete\/\" \/>\n<meta property=\"article:published_time\" content=\"2021-12-01T17:13:25+00:00\" \/>\n<meta property=\"og:image\" content=\"https:\/\/www.caudete.org\/ayuntamiento\/wp-content\/uploads\/2021\/12\/Captura-de-pantalla-2021-11-08-a-las-18.13.30.png\" \/>\n\t<meta property=\"og:image:width\" content=\"833\" \/>\n\t<meta property=\"og:image:height\" content=\"500\" \/>\n\t<meta property=\"og:image:type\" content=\"image\/png\" \/>\n<meta name=\"author\" content=\"alcalde\" \/>\n<meta name=\"twitter:card\" content=\"summary_large_image\" \/>\n<meta name=\"twitter:label1\" content=\"Escrito por\" \/>\n\t<meta name=\"twitter:data1\" content=\"alcalde\" \/>\n\t<meta name=\"twitter:label2\" content=\"Tiempo de lectura\" \/>\n\t<meta name=\"twitter:data2\" content=\"2 minutos\" \/>\n<script type=\"application\/ld+json\" class=\"yoast-schema-graph\">{\"@context\":\"https:\\\/\\\/schema.org\",\"@graph\":[{\"@type\":\"Article\",\"@id\":\"https:\\\/\\\/www.caudete.org\\\/ayuntamiento\\\/el-alcalde-asiste-al-4-congreso-nacional-de-zonas-empresariales-organizado-por-cedaes-en-albacete\\\/#article\",\"isPartOf\":{\"@id\":\"https:\\\/\\\/www.caudete.org\\\/ayuntamiento\\\/el-alcalde-asiste-al-4-congreso-nacional-de-zonas-empresariales-organizado-por-cedaes-en-albacete\\\/\"},\"author\":{\"name\":\"alcalde\",\"@id\":\"https:\\\/\\\/www.caudete.org\\\/ayuntamiento\\\/#\\\/schema\\\/person\\\/cc646da9133078ee4d8dd47457947253\"},\"headline\":\"El Alcalde asiste al 4\u00b0 Congreso Nacional de Zonas Empresariales organizado por CEDAES en Albacete\",\"datePublished\":\"2021-12-01T17:13:25+00:00\",\"mainEntityOfPage\":{\"@id\":\"https:\\\/\\\/www.caudete.org\\\/ayuntamiento\\\/el-alcalde-asiste-al-4-congreso-nacional-de-zonas-empresariales-organizado-por-cedaes-en-albacete\\\/\"},\"wordCount\":279,\"image\":{\"@id\":\"https:\\\/\\\/www.caudete.org\\\/ayuntamiento\\\/el-alcalde-asiste-al-4-congreso-nacional-de-zonas-empresariales-organizado-por-cedaes-en-albacete\\\/#primaryimage\"},\"thumbnailUrl\":\"https:\\\/\\\/www.caudete.org\\\/ayuntamiento\\\/wp-content\\\/uploads\\\/2021\\\/12\\\/Captura-de-pantalla-2021-11-08-a-las-18.13.30.png\",\"articleSection\":[\"Industria y Empresas\"],\"inLanguage\":\"es\"},{\"@type\":\"WebPage\",\"@id\":\"https:\\\/\\\/www.caudete.org\\\/ayuntamiento\\\/el-alcalde-asiste-al-4-congreso-nacional-de-zonas-empresariales-organizado-por-cedaes-en-albacete\\\/\",\"url\":\"https:\\\/\\\/www.caudete.org\\\/ayuntamiento\\\/el-alcalde-asiste-al-4-congreso-nacional-de-zonas-empresariales-organizado-por-cedaes-en-albacete\\\/\",\"name\":\"El Alcalde asiste al 4\u00b0 Congreso Nacional de Zonas Empresariales organizado por CEDAES en Albacete - MI Ayuntamiento de Caudete\",\"isPartOf\":{\"@id\":\"https:\\\/\\\/www.caudete.org\\\/ayuntamiento\\\/#website\"},\"primaryImageOfPage\":{\"@id\":\"https:\\\/\\\/www.caudete.org\\\/ayuntamiento\\\/el-alcalde-asiste-al-4-congreso-nacional-de-zonas-empresariales-organizado-por-cedaes-en-albacete\\\/#primaryimage\"},\"image\":{\"@id\":\"https:\\\/\\\/www.caudete.org\\\/ayuntamiento\\\/el-alcalde-asiste-al-4-congreso-nacional-de-zonas-empresariales-organizado-por-cedaes-en-albacete\\\/#primaryimage\"},\"thumbnailUrl\":\"https:\\\/\\\/www.caudete.org\\\/ayuntamiento\\\/wp-content\\\/uploads\\\/2021\\\/12\\\/Captura-de-pantalla-2021-11-08-a-las-18.13.30.png\",\"datePublished\":\"2021-12-01T17:13:25+00:00\",\"author\":{\"@id\":\"https:\\\/\\\/www.caudete.org\\\/ayuntamiento\\\/#\\\/schema\\\/person\\\/cc646da9133078ee4d8dd47457947253\"},\"description\":\"P\u00e1gina Oficial del Ayuntamiento de Caudete (Albacete)\",\"breadcrumb\":{\"@id\":\"https:\\\/\\\/www.caudete.org\\\/ayuntamiento\\\/el-alcalde-asiste-al-4-congreso-nacional-de-zonas-empresariales-organizado-por-cedaes-en-albacete\\\/#breadcrumb\"},\"inLanguage\":\"es\",\"potentialAction\":[{\"@type\":\"ReadAction\",\"target\":[\"https:\\\/\\\/www.caudete.org\\\/ayuntamiento\\\/el-alcalde-asiste-al-4-congreso-nacional-de-zonas-empresariales-organizado-por-cedaes-en-albacete\\\/\"]}]},{\"@type\":\"ImageObject\",\"inLanguage\":\"es\",\"@id\":\"https:\\\/\\\/www.caudete.org\\\/ayuntamiento\\\/el-alcalde-asiste-al-4-congreso-nacional-de-zonas-empresariales-organizado-por-cedaes-en-albacete\\\/#primaryimage\",\"url\":\"https:\\\/\\\/www.caudete.org\\\/ayuntamiento\\\/wp-content\\\/uploads\\\/2021\\\/12\\\/Captura-de-pantalla-2021-11-08-a-las-18.13.30.png\",\"contentUrl\":\"https:\\\/\\\/www.caudete.org\\\/ayuntamiento\\\/wp-content\\\/uploads\\\/2021\\\/12\\\/Captura-de-pantalla-2021-11-08-a-las-18.13.30.png\",\"width\":833,\"height\":500},{\"@type\":\"BreadcrumbList\",\"@id\":\"https:\\\/\\\/www.caudete.org\\\/ayuntamiento\\\/el-alcalde-asiste-al-4-congreso-nacional-de-zonas-empresariales-organizado-por-cedaes-en-albacete\\\/#breadcrumb\",\"itemListElement\":[{\"@type\":\"ListItem\",\"position\":1,\"name\":\"Inicio\",\"item\":\"https:\\\/\\\/www.caudete.org\\\/ayuntamiento\\\/\"},{\"@type\":\"ListItem\",\"position\":2,\"name\":\"El Alcalde asiste al 4\u00b0 Congreso Nacional de Zonas Empresariales organizado por CEDAES en Albacete\"}]},{\"@type\":\"WebSite\",\"@id\":\"https:\\\/\\\/www.caudete.org\\\/ayuntamiento\\\/#website\",\"url\":\"https:\\\/\\\/www.caudete.org\\\/ayuntamiento\\\/\",\"name\":\"MI Ayuntamiento de Caudete\",\"description\":\"P\u00e1gina Oficial del MI Ayuntamiento de Caudete\",\"potentialAction\":[{\"@type\":\"SearchAction\",\"target\":{\"@type\":\"EntryPoint\",\"urlTemplate\":\"https:\\\/\\\/www.caudete.org\\\/ayuntamiento\\\/?s={search_term_string}\"},\"query-input\":{\"@type\":\"PropertyValueSpecification\",\"valueRequired\":true,\"valueName\":\"search_term_string\"}}],\"inLanguage\":\"es\"},{\"@type\":\"Person\",\"@id\":\"https:\\\/\\\/www.caudete.org\\\/ayuntamiento\\\/#\\\/schema\\\/person\\\/cc646da9133078ee4d8dd47457947253\",\"name\":\"alcalde\",\"image\":{\"@type\":\"ImageObject\",\"inLanguage\":\"es\",\"@id\":\"https:\\\/\\\/secure.gravatar.com\\\/avatar\\\/84a817ba065b29ff08d666b215a215f5c79186a645ccb25b14a663d48a130f77?s=96&d=mm&r=g\",\"url\":\"https:\\\/\\\/secure.gravatar.com\\\/avatar\\\/84a817ba065b29ff08d666b215a215f5c79186a645ccb25b14a663d48a130f77?s=96&d=mm&r=g\",\"contentUrl\":\"https:\\\/\\\/secure.gravatar.com\\\/avatar\\\/84a817ba065b29ff08d666b215a215f5c79186a645ccb25b14a663d48a130f77?s=96&d=mm&r=g\",\"caption\":\"alcalde\"},\"url\":\"https:\\\/\\\/www.caudete.org\\\/ayuntamiento\\\/author\\\/alcalde\\\/\"}]}<\/script>\n<!-- \/ Yoast SEO plugin. -->","yoast_head_json":{"title":"El Alcalde asiste al 4\u00b0 Congreso Nacional de Zonas Empresariales organizado por CEDAES en Albacete - MI Ayuntamiento de Caudete","description":"P\u00e1gina Oficial del Ayuntamiento de Caudete (Albacete)","robots":{"index":"index","follow":"follow","max-snippet":"max-snippet:-1","max-image-preview":"max-image-preview:large","max-video-preview":"max-video-preview:-1"},"canonical":"https:\/\/www.caudete.org\/ayuntamiento\/el-alcalde-asiste-al-4-congreso-nacional-de-zonas-empresariales-organizado-por-cedaes-en-albacete\/","og_locale":"es_ES","og_type":"article","og_title":"El Alcalde asiste al 4\u00b0 Congreso Nacional de Zonas Empresariales organizado por CEDAES en Albacete - MI Ayuntamiento de Caudete","og_description":"P\u00e1gina Oficial del Ayuntamiento de Caudete (Albacete)","og_url":"https:\/\/www.caudete.org\/ayuntamiento\/el-alcalde-asiste-al-4-congreso-nacional-de-zonas-empresariales-organizado-por-cedaes-en-albacete\/","og_site_name":"MI Ayuntamiento de Caudete","article_publisher":"https:\/\/www.facebook.com\/ayuntamientocaudete\/","article_published_time":"2021-12-01T17:13:25+00:00","og_image":[{"width":833,"height":500,"url":"https:\/\/www.caudete.org\/ayuntamiento\/wp-content\/uploads\/2021\/12\/Captura-de-pantalla-2021-11-08-a-las-18.13.30.png","type":"image\/png"}],"author":"alcalde","twitter_card":"summary_large_image","twitter_misc":{"Escrito por":"alcalde","Tiempo de lectura":"2 minutos"},"schema":{"@context":"https:\/\/schema.org","@graph":[{"@type":"Article","@id":"https:\/\/www.caudete.org\/ayuntamiento\/el-alcalde-asiste-al-4-congreso-nacional-de-zonas-empresariales-organizado-por-cedaes-en-albacete\/#article","isPartOf":{"@id":"https:\/\/www.caudete.org\/ayuntamiento\/el-alcalde-asiste-al-4-congreso-nacional-de-zonas-empresariales-organizado-por-cedaes-en-albacete\/"},"author":{"name":"alcalde","@id":"https:\/\/www.caudete.org\/ayuntamiento\/#\/schema\/person\/cc646da9133078ee4d8dd47457947253"},"headline":"El Alcalde asiste al 4\u00b0 Congreso Nacional de Zonas Empresariales organizado por CEDAES en Albacete","datePublished":"2021-12-01T17:13:25+00:00","mainEntityOfPage":{"@id":"https:\/\/www.caudete.org\/ayuntamiento\/el-alcalde-asiste-al-4-congreso-nacional-de-zonas-empresariales-organizado-por-cedaes-en-albacete\/"},"wordCount":279,"image":{"@id":"https:\/\/www.caudete.org\/ayuntamiento\/el-alcalde-asiste-al-4-congreso-nacional-de-zonas-empresariales-organizado-por-cedaes-en-albacete\/#primaryimage"},"thumbnailUrl":"https:\/\/www.caudete.org\/ayuntamiento\/wp-content\/uploads\/2021\/12\/Captura-de-pantalla-2021-11-08-a-las-18.13.30.png","articleSection":["Industria y Empresas"],"inLanguage":"es"},{"@type":"WebPage","@id":"https:\/\/www.caudete.org\/ayuntamiento\/el-alcalde-asiste-al-4-congreso-nacional-de-zonas-empresariales-organizado-por-cedaes-en-albacete\/","url":"https:\/\/www.caudete.org\/ayuntamiento\/el-alcalde-asiste-al-4-congreso-nacional-de-zonas-empresariales-organizado-por-cedaes-en-albacete\/","name":"El Alcalde asiste al 4\u00b0 Congreso Nacional de Zonas Empresariales organizado por CEDAES en Albacete - MI Ayuntamiento de Caudete","isPartOf":{"@id":"https:\/\/www.caudete.org\/ayuntamiento\/#website"},"primaryImageOfPage":{"@id":"https:\/\/www.caudete.org\/ayuntamiento\/el-alcalde-asiste-al-4-congreso-nacional-de-zonas-empresariales-organizado-por-cedaes-en-albacete\/#primaryimage"},"image":{"@id":"https:\/\/www.caudete.org\/ayuntamiento\/el-alcalde-asiste-al-4-congreso-nacional-de-zonas-empresariales-organizado-por-cedaes-en-albacete\/#primaryimage"},"thumbnailUrl":"https:\/\/www.caudete.org\/ayuntamiento\/wp-content\/uploads\/2021\/12\/Captura-de-pantalla-2021-11-08-a-las-18.13.30.png","datePublished":"2021-12-01T17:13:25+00:00","author":{"@id":"https:\/\/www.caudete.org\/ayuntamiento\/#\/schema\/person\/cc646da9133078ee4d8dd47457947253"},"description":"P\u00e1gina Oficial del Ayuntamiento de Caudete (Albacete)","breadcrumb":{"@id":"https:\/\/www.caudete.org\/ayuntamiento\/el-alcalde-asiste-al-4-congreso-nacional-de-zonas-empresariales-organizado-por-cedaes-en-albacete\/#breadcrumb"},"inLanguage":"es","potentialAction":[{"@type":"ReadAction","target":["https:\/\/www.caudete.org\/ayuntamiento\/el-alcalde-asiste-al-4-congreso-nacional-de-zonas-empresariales-organizado-por-cedaes-en-albacete\/"]}]},{"@type":"ImageObject","inLanguage":"es","@id":"https:\/\/www.caudete.org\/ayuntamiento\/el-alcalde-asiste-al-4-congreso-nacional-de-zonas-empresariales-organizado-por-cedaes-en-albacete\/#primaryimage","url":"https:\/\/www.caudete.org\/ayuntamiento\/wp-content\/uploads\/2021\/12\/Captura-de-pantalla-2021-11-08-a-las-18.13.30.png","contentUrl":"https:\/\/www.caudete.org\/ayuntamiento\/wp-content\/uploads\/2021\/12\/Captura-de-pantalla-2021-11-08-a-las-18.13.30.png","width":833,"height":500},{"@type":"BreadcrumbList","@id":"https:\/\/www.caudete.org\/ayuntamiento\/el-alcalde-asiste-al-4-congreso-nacional-de-zonas-empresariales-organizado-por-cedaes-en-albacete\/#breadcrumb","itemListElement":[{"@type":"ListItem","position":1,"name":"Inicio","item":"https:\/\/www.caudete.org\/ayuntamiento\/"},{"@type":"ListItem","position":2,"name":"El Alcalde asiste al 4\u00b0 Congreso Nacional de Zonas Empresariales organizado por CEDAES en Albacete"}]},{"@type":"WebSite","@id":"https:\/\/www.caudete.org\/ayuntamiento\/#website","url":"https:\/\/www.caudete.org\/ayuntamiento\/","name":"MI Ayuntamiento de Caudete","description":"P\u00e1gina Oficial del MI Ayuntamiento de Caudete","potentialAction":[{"@type":"SearchAction","target":{"@type":"EntryPoint","urlTemplate":"https:\/\/www.caudete.org\/ayuntamiento\/?s={search_term_string}"},"query-input":{"@type":"PropertyValueSpecification","valueRequired":true,"valueName":"search_term_string"}}],"inLanguage":"es"},{"@type":"Person","@id":"https:\/\/www.caudete.org\/ayuntamiento\/#\/schema\/person\/cc646da9133078ee4d8dd47457947253","name":"alcalde","image":{"@type":"ImageObject","inLanguage":"es","@id":"https:\/\/secure.gravatar.com\/avatar\/84a817ba065b29ff08d666b215a215f5c79186a645ccb25b14a663d48a130f77?s=96&d=mm&r=g","url":"https:\/\/secure.gravatar.com\/avatar\/84a817ba065b29ff08d666b215a215f5c79186a645ccb25b14a663d48a130f77?s=96&d=mm&r=g","contentUrl":"https:\/\/secure.gravatar.com\/avatar\/84a817ba065b29ff08d666b215a215f5c79186a645ccb25b14a663d48a130f77?s=96&d=mm&r=g","caption":"alcalde"},"url":"https:\/\/www.caudete.org\/ayuntamiento\/author\/alcalde\/"}]}},"_links":{"self":[{"href":"https:\/\/www.caudete.org\/ayuntamiento\/wp-json\/wp\/v2\/posts\/17252","targetHints":{"allow":["GET"]}}],"collection":[{"href":"https:\/\/www.caudete.org\/ayuntamiento\/wp-json\/wp\/v2\/posts"}],"about":[{"href":"https:\/\/www.caudete.org\/ayuntamiento\/wp-json\/wp\/v2\/types\/post"}],"author":[{"embeddable":true,"href":"https:\/\/www.caudete.org\/ayuntamiento\/wp-json\/wp\/v2\/users\/3"}],"replies":[{"embeddable":true,"href":"https:\/\/www.caudete.org\/ayuntamiento\/wp-json\/wp\/v2\/comments?post=17252"}],"version-history":[{"count":1,"href":"https:\/\/www.caudete.org\/ayuntamiento\/wp-json\/wp\/v2\/posts\/17252\/revisions"}],"predecessor-version":[{"id":17254,"href":"https:\/\/www.caudete.org\/ayuntamiento\/wp-json\/wp\/v2\/posts\/17252\/revisions\/17254"}],"wp:featuredmedia":[{"embeddable":true,"href":"https:\/\/www.caudete.org\/ayuntamiento\/wp-json\/wp\/v2\/media\/17253"}],"wp:attachment":[{"href":"https:\/\/www.caudete.org\/ayuntamiento\/wp-json\/wp\/v2\/media?parent=17252"}],"wp:term":[{"taxonomy":"category","embeddable":true,"href":"https:\/\/www.caudete.org\/ayuntamiento\/wp-json\/wp\/v2\/categories?post=17252"},{"taxonomy":"post_tag","embeddable":true,"href":"https:\/\/www.caudete.org\/ayuntamiento\/wp-json\/wp\/v2\/tags?post=17252"}],"curies":[{"name":"wp","href":"https:\/\/api.w.org\/{rel}","templated":true}]}}