{"id":17274,"date":"2021-12-02T17:36:09","date_gmt":"2021-12-02T16:36:09","guid":{"rendered":"https:\/\/www.caudete.org\/ayuntamiento\/?p=17274"},"modified":"2021-12-02T20:41:43","modified_gmt":"2021-12-02T19:41:43","slug":"caudeteneuropa-el-ies-acoge-la-visita-de-bolonia-italia","status":"publish","type":"post","link":"https:\/\/www.caudete.org\/ayuntamiento\/caudeteneuropa-el-ies-acoge-la-visita-de-bolonia-italia\/","title":{"rendered":"CaudetEnEUROPA: el IES acoge la visita de Bolonia (Italia)"},"content":{"rendered":"<p style=\"text-align: justify;\" align=\"justify\">M\u00aa del Mar Requena Moll\u00e1, Concejal de Empleo y Formaci\u00f3n informa que los pasados d\u00edas 25 y 26 de noviembre, el IES Pintor Rafael Requena de Caudete acogi\u00f3 la actividad enmarcada en el proyecto Erasmus+ FP Caudete en Europa III, coordinado por el ayuntamiento, y que posibilit\u00f3 la presencia en el centro del experto invitado Luigi Garrisi, proveniente de la entidad CSAPSA <a href=\"http:\/\/www.csapsa.it\/\" target=\"_blank\" rel=\"nofollow\">http:\/\/www.csapsa.it\/<\/a>, cooperativa social que colabora con el sistema educativo y de formaci\u00f3n profesional en Bolonia (Italia) aportando servicios de orientaci\u00f3n educativa y para la transici\u00f3n de la escuela al mundo laboral, con especial incidencia en colectivos con necesidades especiales.<\/p>\n<p style=\"text-align: justify;\" align=\"justify\">Durante estos d\u00edas, alumnado y profesorado de todos los ciclos de formaci\u00f3n profesional del IES de Caudete asistieron a las presentaciones, charlas y din\u00e1micas del experto invitado, que acerc\u00f3 al centro una formaci\u00f3n basada en la orientaci\u00f3n que ocupa buena parte del curr\u00edculo formativo de la FP en Italia.<\/p>\n<p style=\"text-align: justify;\" align=\"justify\">El alumnado asistente se mostr\u00f3 interesado y participativo y agradeci\u00f3 al t\u00e9rmino de las sesiones la actividad.<\/p>\n<p align=\"justify\"><a href=\"https:\/\/www.caudete.org\/ayuntamiento\/wp-content\/uploads\/2021\/12\/IMG_3466.jpg\" rel='prettyPhoto'><img fetchpriority=\"high\" decoding=\"async\" class=\"aligncenter wp-image-17276 size-medium\" src=\"https:\/\/www.caudete.org\/ayuntamiento\/wp-content\/uploads\/2021\/12\/IMG_3466-300x225.jpg\" alt=\"\" width=\"300\" height=\"225\" srcset=\"https:\/\/www.caudete.org\/ayuntamiento\/wp-content\/uploads\/2021\/12\/IMG_3466-300x225.jpg 300w, https:\/\/www.caudete.org\/ayuntamiento\/wp-content\/uploads\/2021\/12\/IMG_3466.jpg 640w\" sizes=\"(max-width: 300px) 100vw, 300px\" \/><\/a> <a href=\"https:\/\/www.caudete.org\/ayuntamiento\/wp-content\/uploads\/2021\/12\/IMG_3465.jpg\" rel='prettyPhoto'><img decoding=\"async\" class=\"aligncenter wp-image-17277 size-medium\" src=\"https:\/\/www.caudete.org\/ayuntamiento\/wp-content\/uploads\/2021\/12\/IMG_3465-300x225.jpg\" alt=\"\" width=\"300\" height=\"225\" srcset=\"https:\/\/www.caudete.org\/ayuntamiento\/wp-content\/uploads\/2021\/12\/IMG_3465-300x225.jpg 300w, https:\/\/www.caudete.org\/ayuntamiento\/wp-content\/uploads\/2021\/12\/IMG_3465.jpg 640w\" sizes=\"(max-width: 300px) 100vw, 300px\" \/><\/a><\/p>\n<p style=\"text-align: justify;\" align=\"justify\">La participaci\u00f3n de expertos europeos invitados es una actividad promovida por el programa Erasmus+ para favorecer el conocimiento de los diferentes sistemas educativos y de organizaci\u00f3n de ense\u00f1anzas, formaci\u00f3n y aprendizaje profesional en los pa\u00edses miembros de la UE.<\/p>\n<p style=\"text-align: justify;\" align=\"justify\">El Ayuntamiento de Caudete y el IES Pintor Rafael Requena de Caudete colaboran desde 2016 en el marco del consorcio de centros de FP del municipio, coordinado desde la Agencia de Desarrollo Local y que ha obtenido la Acreditaci\u00f3n Erasmus FP, lo que permitir\u00e1 seguir avanzando en la estrategia de internacionalizaci\u00f3n adoptada por las entidades participantes en el nuevo periodo de financiaci\u00f3n 2021-2027, contribuyendo a la construcci\u00f3n del Espacio Europeo de Educaci\u00f3n 2025.<\/p>\n<p><img decoding=\"async\" class=\"size-medium wp-image-5918 alignright\" src=\"https:\/\/www.caudete.org\/ayuntamiento\/wp-content\/uploads\/2020\/11\/erasmus5-300x73.jpg\" alt=\"\" width=\"300\" height=\"73\" srcset=\"https:\/\/www.caudete.org\/ayuntamiento\/wp-content\/uploads\/2020\/11\/erasmus5-300x73.jpg 300w, https:\/\/www.caudete.org\/ayuntamiento\/wp-content\/uploads\/2020\/11\/erasmus5-768x186.jpg 768w, https:\/\/www.caudete.org\/ayuntamiento\/wp-content\/uploads\/2020\/11\/erasmus5.jpg 800w\" sizes=\"(max-width: 300px) 100vw, 300px\" \/><\/p>\n<p align=\"justify\">\n","protected":false},"excerpt":{"rendered":"<p>M\u00aa del Mar Requena Moll\u00e1, Concejal de Empleo y Formaci\u00f3n informa que los pasados d\u00edas 25 y 26 de noviembre, el IES Pintor Rafael Requena de Caudete acogi\u00f3 la actividad enmarcada en el proyecto Erasmus+ FP Caudete en Europa III, coordinado por el ayuntamiento, y que posibilit\u00f3 la presencia en el centro del experto invitado &hellip;<\/p>\n","protected":false},"author":3,"featured_media":17275,"comment_status":"closed","ping_status":"open","sticky":false,"template":"","format":"standard","meta":{"ngg_post_thumbnail":0,"footnotes":""},"categories":[37],"tags":[],"class_list":["post-17274","post","type-post","status-publish","format-standard","has-post-thumbnail","hentry","category-empleo-y-formacion"],"yoast_head":"<!-- This site is optimized with the Yoast SEO plugin v27.4 - https:\/\/yoast.com\/product\/yoast-seo-wordpress\/ -->\n<title>CaudetEnEUROPA: el IES acoge la visita de Bolonia (Italia) - MI Ayuntamiento de Caudete<\/title>\n<meta name=\"description\" content=\"P\u00e1gina Oficial del Ayuntamiento de Caudete (Albacete)\" \/>\n<meta name=\"robots\" content=\"index, follow, max-snippet:-1, max-image-preview:large, max-video-preview:-1\" \/>\n<link rel=\"canonical\" href=\"https:\/\/www.caudete.org\/ayuntamiento\/caudeteneuropa-el-ies-acoge-la-visita-de-bolonia-italia\/\" \/>\n<meta property=\"og:locale\" content=\"es_ES\" \/>\n<meta property=\"og:type\" content=\"article\" \/>\n<meta property=\"og:title\" content=\"CaudetEnEUROPA: el IES acoge la visita de Bolonia (Italia) - MI Ayuntamiento de Caudete\" \/>\n<meta property=\"og:description\" content=\"P\u00e1gina Oficial del Ayuntamiento de Caudete (Albacete)\" \/>\n<meta property=\"og:url\" content=\"https:\/\/www.caudete.org\/ayuntamiento\/caudeteneuropa-el-ies-acoge-la-visita-de-bolonia-italia\/\" \/>\n<meta property=\"og:site_name\" content=\"MI Ayuntamiento de Caudete\" \/>\n<meta property=\"article:publisher\" content=\"https:\/\/www.facebook.com\/ayuntamientocaudete\/\" \/>\n<meta property=\"article:published_time\" content=\"2021-12-02T16:36:09+00:00\" \/>\n<meta property=\"article:modified_time\" content=\"2021-12-02T19:41:43+00:00\" \/>\n<meta property=\"og:image\" content=\"https:\/\/www.caudete.org\/ayuntamiento\/wp-content\/uploads\/2021\/12\/IMG_3468.jpg\" \/>\n\t<meta property=\"og:image:width\" content=\"640\" \/>\n\t<meta property=\"og:image:height\" content=\"480\" \/>\n\t<meta property=\"og:image:type\" content=\"image\/jpeg\" \/>\n<meta name=\"author\" content=\"alcalde\" \/>\n<meta name=\"twitter:card\" content=\"summary_large_image\" \/>\n<meta name=\"twitter:label1\" content=\"Escrito por\" \/>\n\t<meta name=\"twitter:data1\" content=\"alcalde\" \/>\n\t<meta name=\"twitter:label2\" content=\"Tiempo de lectura\" \/>\n\t<meta name=\"twitter:data2\" content=\"2 minutos\" \/>\n<script type=\"application\/ld+json\" class=\"yoast-schema-graph\">{\"@context\":\"https:\\\/\\\/schema.org\",\"@graph\":[{\"@type\":\"Article\",\"@id\":\"https:\\\/\\\/www.caudete.org\\\/ayuntamiento\\\/caudeteneuropa-el-ies-acoge-la-visita-de-bolonia-italia\\\/#article\",\"isPartOf\":{\"@id\":\"https:\\\/\\\/www.caudete.org\\\/ayuntamiento\\\/caudeteneuropa-el-ies-acoge-la-visita-de-bolonia-italia\\\/\"},\"author\":{\"name\":\"alcalde\",\"@id\":\"https:\\\/\\\/www.caudete.org\\\/ayuntamiento\\\/#\\\/schema\\\/person\\\/cc646da9133078ee4d8dd47457947253\"},\"headline\":\"CaudetEnEUROPA: el IES acoge la visita de Bolonia (Italia)\",\"datePublished\":\"2021-12-02T16:36:09+00:00\",\"dateModified\":\"2021-12-02T19:41:43+00:00\",\"mainEntityOfPage\":{\"@id\":\"https:\\\/\\\/www.caudete.org\\\/ayuntamiento\\\/caudeteneuropa-el-ies-acoge-la-visita-de-bolonia-italia\\\/\"},\"wordCount\":309,\"publisher\":{\"@id\":\"https:\\\/\\\/www.caudete.org\\\/ayuntamiento\\\/#organization\"},\"image\":{\"@id\":\"https:\\\/\\\/www.caudete.org\\\/ayuntamiento\\\/caudeteneuropa-el-ies-acoge-la-visita-de-bolonia-italia\\\/#primaryimage\"},\"thumbnailUrl\":\"https:\\\/\\\/www.caudete.org\\\/ayuntamiento\\\/wp-content\\\/uploads\\\/2021\\\/12\\\/IMG_3468.jpg\",\"articleSection\":[\"Empleo y Formaci\u00f3n\"],\"inLanguage\":\"es\"},{\"@type\":\"WebPage\",\"@id\":\"https:\\\/\\\/www.caudete.org\\\/ayuntamiento\\\/caudeteneuropa-el-ies-acoge-la-visita-de-bolonia-italia\\\/\",\"url\":\"https:\\\/\\\/www.caudete.org\\\/ayuntamiento\\\/caudeteneuropa-el-ies-acoge-la-visita-de-bolonia-italia\\\/\",\"name\":\"CaudetEnEUROPA: el IES acoge la visita de Bolonia (Italia) - MI Ayuntamiento de Caudete\",\"isPartOf\":{\"@id\":\"https:\\\/\\\/www.caudete.org\\\/ayuntamiento\\\/#website\"},\"primaryImageOfPage\":{\"@id\":\"https:\\\/\\\/www.caudete.org\\\/ayuntamiento\\\/caudeteneuropa-el-ies-acoge-la-visita-de-bolonia-italia\\\/#primaryimage\"},\"image\":{\"@id\":\"https:\\\/\\\/www.caudete.org\\\/ayuntamiento\\\/caudeteneuropa-el-ies-acoge-la-visita-de-bolonia-italia\\\/#primaryimage\"},\"thumbnailUrl\":\"https:\\\/\\\/www.caudete.org\\\/ayuntamiento\\\/wp-content\\\/uploads\\\/2021\\\/12\\\/IMG_3468.jpg\",\"datePublished\":\"2021-12-02T16:36:09+00:00\",\"dateModified\":\"2021-12-02T19:41:43+00:00\",\"description\":\"P\u00e1gina Oficial del Ayuntamiento de Caudete (Albacete)\",\"breadcrumb\":{\"@id\":\"https:\\\/\\\/www.caudete.org\\\/ayuntamiento\\\/caudeteneuropa-el-ies-acoge-la-visita-de-bolonia-italia\\\/#breadcrumb\"},\"inLanguage\":\"es\",\"potentialAction\":[{\"@type\":\"ReadAction\",\"target\":[\"https:\\\/\\\/www.caudete.org\\\/ayuntamiento\\\/caudeteneuropa-el-ies-acoge-la-visita-de-bolonia-italia\\\/\"]}]},{\"@type\":\"ImageObject\",\"inLanguage\":\"es\",\"@id\":\"https:\\\/\\\/www.caudete.org\\\/ayuntamiento\\\/caudeteneuropa-el-ies-acoge-la-visita-de-bolonia-italia\\\/#primaryimage\",\"url\":\"https:\\\/\\\/www.caudete.org\\\/ayuntamiento\\\/wp-content\\\/uploads\\\/2021\\\/12\\\/IMG_3468.jpg\",\"contentUrl\":\"https:\\\/\\\/www.caudete.org\\\/ayuntamiento\\\/wp-content\\\/uploads\\\/2021\\\/12\\\/IMG_3468.jpg\",\"width\":640,\"height\":480},{\"@type\":\"BreadcrumbList\",\"@id\":\"https:\\\/\\\/www.caudete.org\\\/ayuntamiento\\\/caudeteneuropa-el-ies-acoge-la-visita-de-bolonia-italia\\\/#breadcrumb\",\"itemListElement\":[{\"@type\":\"ListItem\",\"position\":1,\"name\":\"Inicio\",\"item\":\"https:\\\/\\\/www.caudete.org\\\/ayuntamiento\\\/\"},{\"@type\":\"ListItem\",\"position\":2,\"name\":\"CaudetEnEUROPA: el IES acoge la visita de Bolonia (Italia)\"}]},{\"@type\":\"WebSite\",\"@id\":\"https:\\\/\\\/www.caudete.org\\\/ayuntamiento\\\/#website\",\"url\":\"https:\\\/\\\/www.caudete.org\\\/ayuntamiento\\\/\",\"name\":\"MI Ayuntamiento de Caudete\",\"description\":\"P\u00e1gina Oficial del MI Ayuntamiento de Caudete\",\"publisher\":{\"@id\":\"https:\\\/\\\/www.caudete.org\\\/ayuntamiento\\\/#organization\"},\"potentialAction\":[{\"@type\":\"SearchAction\",\"target\":{\"@type\":\"EntryPoint\",\"urlTemplate\":\"https:\\\/\\\/www.caudete.org\\\/ayuntamiento\\\/?s={search_term_string}\"},\"query-input\":{\"@type\":\"PropertyValueSpecification\",\"valueRequired\":true,\"valueName\":\"search_term_string\"}}],\"inLanguage\":\"es\"},{\"@type\":\"Organization\",\"@id\":\"https:\\\/\\\/www.caudete.org\\\/ayuntamiento\\\/#organization\",\"name\":\"Ayuntamiento de Caudete\",\"url\":\"https:\\\/\\\/www.caudete.org\\\/ayuntamiento\\\/\",\"logo\":{\"@type\":\"ImageObject\",\"inLanguage\":\"es\",\"@id\":\"https:\\\/\\\/www.caudete.org\\\/ayuntamiento\\\/#\\\/schema\\\/logo\\\/image\\\/\",\"url\":\"https:\\\/\\\/www.caudete.org\\\/ayuntamiento\\\/wp-content\\\/uploads\\\/2020\\\/11\\\/logo_ayuntamiento_caudete.jpg\",\"contentUrl\":\"https:\\\/\\\/www.caudete.org\\\/ayuntamiento\\\/wp-content\\\/uploads\\\/2020\\\/11\\\/logo_ayuntamiento_caudete.jpg\",\"width\":600,\"height\":150,\"caption\":\"Ayuntamiento de Caudete\"},\"image\":{\"@id\":\"https:\\\/\\\/www.caudete.org\\\/ayuntamiento\\\/#\\\/schema\\\/logo\\\/image\\\/\"},\"sameAs\":[\"https:\\\/\\\/www.facebook.com\\\/ayuntamientocaudete\\\/\",\"https:\\\/\\\/www.youtube.com\\\/channel\\\/UC6VztHaooNsGpw-tNoBEFnQ\"]},{\"@type\":\"Person\",\"@id\":\"https:\\\/\\\/www.caudete.org\\\/ayuntamiento\\\/#\\\/schema\\\/person\\\/cc646da9133078ee4d8dd47457947253\",\"name\":\"alcalde\",\"image\":{\"@type\":\"ImageObject\",\"inLanguage\":\"es\",\"@id\":\"https:\\\/\\\/secure.gravatar.com\\\/avatar\\\/84a817ba065b29ff08d666b215a215f5c79186a645ccb25b14a663d48a130f77?s=96&d=mm&r=g\",\"url\":\"https:\\\/\\\/secure.gravatar.com\\\/avatar\\\/84a817ba065b29ff08d666b215a215f5c79186a645ccb25b14a663d48a130f77?s=96&d=mm&r=g\",\"contentUrl\":\"https:\\\/\\\/secure.gravatar.com\\\/avatar\\\/84a817ba065b29ff08d666b215a215f5c79186a645ccb25b14a663d48a130f77?s=96&d=mm&r=g\",\"caption\":\"alcalde\"},\"url\":\"https:\\\/\\\/www.caudete.org\\\/ayuntamiento\\\/author\\\/alcalde\\\/\"}]}<\/script>\n<!-- \/ Yoast SEO plugin. -->","yoast_head_json":{"title":"CaudetEnEUROPA: el IES acoge la visita de Bolonia (Italia) - MI Ayuntamiento de Caudete","description":"P\u00e1gina Oficial del Ayuntamiento de Caudete (Albacete)","robots":{"index":"index","follow":"follow","max-snippet":"max-snippet:-1","max-image-preview":"max-image-preview:large","max-video-preview":"max-video-preview:-1"},"canonical":"https:\/\/www.caudete.org\/ayuntamiento\/caudeteneuropa-el-ies-acoge-la-visita-de-bolonia-italia\/","og_locale":"es_ES","og_type":"article","og_title":"CaudetEnEUROPA: el IES acoge la visita de Bolonia (Italia) - MI Ayuntamiento de Caudete","og_description":"P\u00e1gina Oficial del Ayuntamiento de Caudete (Albacete)","og_url":"https:\/\/www.caudete.org\/ayuntamiento\/caudeteneuropa-el-ies-acoge-la-visita-de-bolonia-italia\/","og_site_name":"MI Ayuntamiento de Caudete","article_publisher":"https:\/\/www.facebook.com\/ayuntamientocaudete\/","article_published_time":"2021-12-02T16:36:09+00:00","article_modified_time":"2021-12-02T19:41:43+00:00","og_image":[{"width":640,"height":480,"url":"https:\/\/www.caudete.org\/ayuntamiento\/wp-content\/uploads\/2021\/12\/IMG_3468.jpg","type":"image\/jpeg"}],"author":"alcalde","twitter_card":"summary_large_image","twitter_misc":{"Escrito por":"alcalde","Tiempo de lectura":"2 minutos"},"schema":{"@context":"https:\/\/schema.org","@graph":[{"@type":"Article","@id":"https:\/\/www.caudete.org\/ayuntamiento\/caudeteneuropa-el-ies-acoge-la-visita-de-bolonia-italia\/#article","isPartOf":{"@id":"https:\/\/www.caudete.org\/ayuntamiento\/caudeteneuropa-el-ies-acoge-la-visita-de-bolonia-italia\/"},"author":{"name":"alcalde","@id":"https:\/\/www.caudete.org\/ayuntamiento\/#\/schema\/person\/cc646da9133078ee4d8dd47457947253"},"headline":"CaudetEnEUROPA: el IES acoge la visita de Bolonia (Italia)","datePublished":"2021-12-02T16:36:09+00:00","dateModified":"2021-12-02T19:41:43+00:00","mainEntityOfPage":{"@id":"https:\/\/www.caudete.org\/ayuntamiento\/caudeteneuropa-el-ies-acoge-la-visita-de-bolonia-italia\/"},"wordCount":309,"publisher":{"@id":"https:\/\/www.caudete.org\/ayuntamiento\/#organization"},"image":{"@id":"https:\/\/www.caudete.org\/ayuntamiento\/caudeteneuropa-el-ies-acoge-la-visita-de-bolonia-italia\/#primaryimage"},"thumbnailUrl":"https:\/\/www.caudete.org\/ayuntamiento\/wp-content\/uploads\/2021\/12\/IMG_3468.jpg","articleSection":["Empleo y Formaci\u00f3n"],"inLanguage":"es"},{"@type":"WebPage","@id":"https:\/\/www.caudete.org\/ayuntamiento\/caudeteneuropa-el-ies-acoge-la-visita-de-bolonia-italia\/","url":"https:\/\/www.caudete.org\/ayuntamiento\/caudeteneuropa-el-ies-acoge-la-visita-de-bolonia-italia\/","name":"CaudetEnEUROPA: el IES acoge la visita de Bolonia (Italia) - MI Ayuntamiento de Caudete","isPartOf":{"@id":"https:\/\/www.caudete.org\/ayuntamiento\/#website"},"primaryImageOfPage":{"@id":"https:\/\/www.caudete.org\/ayuntamiento\/caudeteneuropa-el-ies-acoge-la-visita-de-bolonia-italia\/#primaryimage"},"image":{"@id":"https:\/\/www.caudete.org\/ayuntamiento\/caudeteneuropa-el-ies-acoge-la-visita-de-bolonia-italia\/#primaryimage"},"thumbnailUrl":"https:\/\/www.caudete.org\/ayuntamiento\/wp-content\/uploads\/2021\/12\/IMG_3468.jpg","datePublished":"2021-12-02T16:36:09+00:00","dateModified":"2021-12-02T19:41:43+00:00","description":"P\u00e1gina Oficial del Ayuntamiento de Caudete (Albacete)","breadcrumb":{"@id":"https:\/\/www.caudete.org\/ayuntamiento\/caudeteneuropa-el-ies-acoge-la-visita-de-bolonia-italia\/#breadcrumb"},"inLanguage":"es","potentialAction":[{"@type":"ReadAction","target":["https:\/\/www.caudete.org\/ayuntamiento\/caudeteneuropa-el-ies-acoge-la-visita-de-bolonia-italia\/"]}]},{"@type":"ImageObject","inLanguage":"es","@id":"https:\/\/www.caudete.org\/ayuntamiento\/caudeteneuropa-el-ies-acoge-la-visita-de-bolonia-italia\/#primaryimage","url":"https:\/\/www.caudete.org\/ayuntamiento\/wp-content\/uploads\/2021\/12\/IMG_3468.jpg","contentUrl":"https:\/\/www.caudete.org\/ayuntamiento\/wp-content\/uploads\/2021\/12\/IMG_3468.jpg","width":640,"height":480},{"@type":"BreadcrumbList","@id":"https:\/\/www.caudete.org\/ayuntamiento\/caudeteneuropa-el-ies-acoge-la-visita-de-bolonia-italia\/#breadcrumb","itemListElement":[{"@type":"ListItem","position":1,"name":"Inicio","item":"https:\/\/www.caudete.org\/ayuntamiento\/"},{"@type":"ListItem","position":2,"name":"CaudetEnEUROPA: el IES acoge la visita de Bolonia (Italia)"}]},{"@type":"WebSite","@id":"https:\/\/www.caudete.org\/ayuntamiento\/#website","url":"https:\/\/www.caudete.org\/ayuntamiento\/","name":"MI Ayuntamiento de Caudete","description":"P\u00e1gina Oficial del MI Ayuntamiento de Caudete","publisher":{"@id":"https:\/\/www.caudete.org\/ayuntamiento\/#organization"},"potentialAction":[{"@type":"SearchAction","target":{"@type":"EntryPoint","urlTemplate":"https:\/\/www.caudete.org\/ayuntamiento\/?s={search_term_string}"},"query-input":{"@type":"PropertyValueSpecification","valueRequired":true,"valueName":"search_term_string"}}],"inLanguage":"es"},{"@type":"Organization","@id":"https:\/\/www.caudete.org\/ayuntamiento\/#organization","name":"Ayuntamiento de Caudete","url":"https:\/\/www.caudete.org\/ayuntamiento\/","logo":{"@type":"ImageObject","inLanguage":"es","@id":"https:\/\/www.caudete.org\/ayuntamiento\/#\/schema\/logo\/image\/","url":"https:\/\/www.caudete.org\/ayuntamiento\/wp-content\/uploads\/2020\/11\/logo_ayuntamiento_caudete.jpg","contentUrl":"https:\/\/www.caudete.org\/ayuntamiento\/wp-content\/uploads\/2020\/11\/logo_ayuntamiento_caudete.jpg","width":600,"height":150,"caption":"Ayuntamiento de Caudete"},"image":{"@id":"https:\/\/www.caudete.org\/ayuntamiento\/#\/schema\/logo\/image\/"},"sameAs":["https:\/\/www.facebook.com\/ayuntamientocaudete\/","https:\/\/www.youtube.com\/channel\/UC6VztHaooNsGpw-tNoBEFnQ"]},{"@type":"Person","@id":"https:\/\/www.caudete.org\/ayuntamiento\/#\/schema\/person\/cc646da9133078ee4d8dd47457947253","name":"alcalde","image":{"@type":"ImageObject","inLanguage":"es","@id":"https:\/\/secure.gravatar.com\/avatar\/84a817ba065b29ff08d666b215a215f5c79186a645ccb25b14a663d48a130f77?s=96&d=mm&r=g","url":"https:\/\/secure.gravatar.com\/avatar\/84a817ba065b29ff08d666b215a215f5c79186a645ccb25b14a663d48a130f77?s=96&d=mm&r=g","contentUrl":"https:\/\/secure.gravatar.com\/avatar\/84a817ba065b29ff08d666b215a215f5c79186a645ccb25b14a663d48a130f77?s=96&d=mm&r=g","caption":"alcalde"},"url":"https:\/\/www.caudete.org\/ayuntamiento\/author\/alcalde\/"}]}},"_links":{"self":[{"href":"https:\/\/www.caudete.org\/ayuntamiento\/wp-json\/wp\/v2\/posts\/17274","targetHints":{"allow":["GET"]}}],"collection":[{"href":"https:\/\/www.caudete.org\/ayuntamiento\/wp-json\/wp\/v2\/posts"}],"about":[{"href":"https:\/\/www.caudete.org\/ayuntamiento\/wp-json\/wp\/v2\/types\/post"}],"author":[{"embeddable":true,"href":"https:\/\/www.caudete.org\/ayuntamiento\/wp-json\/wp\/v2\/users\/3"}],"replies":[{"embeddable":true,"href":"https:\/\/www.caudete.org\/ayuntamiento\/wp-json\/wp\/v2\/comments?post=17274"}],"version-history":[{"count":6,"href":"https:\/\/www.caudete.org\/ayuntamiento\/wp-json\/wp\/v2\/posts\/17274\/revisions"}],"predecessor-version":[{"id":17290,"href":"https:\/\/www.caudete.org\/ayuntamiento\/wp-json\/wp\/v2\/posts\/17274\/revisions\/17290"}],"wp:featuredmedia":[{"embeddable":true,"href":"https:\/\/www.caudete.org\/ayuntamiento\/wp-json\/wp\/v2\/media\/17275"}],"wp:attachment":[{"href":"https:\/\/www.caudete.org\/ayuntamiento\/wp-json\/wp\/v2\/media?parent=17274"}],"wp:term":[{"taxonomy":"category","embeddable":true,"href":"https:\/\/www.caudete.org\/ayuntamiento\/wp-json\/wp\/v2\/categories?post=17274"},{"taxonomy":"post_tag","embeddable":true,"href":"https:\/\/www.caudete.org\/ayuntamiento\/wp-json\/wp\/v2\/tags?post=17274"}],"curies":[{"name":"wp","href":"https:\/\/api.w.org\/{rel}","templated":true}]}}