{"id":17318,"date":"2021-12-07T09:00:33","date_gmt":"2021-12-07T08:00:33","guid":{"rendered":"https:\/\/www.caudete.org\/ayuntamiento\/?p=17318"},"modified":"2021-12-04T22:36:01","modified_gmt":"2021-12-04T21:36:01","slug":"diligencias-penales-a-un-conductor-menor-de-edad-por-delito-contra-la-seguridad-vial","status":"publish","type":"post","link":"https:\/\/www.caudete.org\/ayuntamiento\/diligencias-penales-a-un-conductor-menor-de-edad-por-delito-contra-la-seguridad-vial\/","title":{"rendered":"Diligencias penales a un conductor menor de edad por Delito contra la Seguridad Vial"},"content":{"rendered":"<p style=\"text-align: justify;\"><b>La Polic\u00eda Local de Caudete instruye diligencias penales a un conductor menor de edad por Delito contra la Seguridad Vial.<\/b><\/p>\n<p>Los hechos se remontan al pasado d\u00eda 23 de noviembre, en el que se produc\u00eda un accidente de tr\u00e1fico vi\u00e9ndose implicados un turismo y un ciclomotor, march\u00e1ndose apresuradamente del lugar del accidente el conductor del ciclomotor sin esperar a la llegada de los agentes.<\/p>\n<p style=\"text-align: justify;\">Tras la intervenci\u00f3n de la Polic\u00eda Local de Caudete en el accidente y gracias a la colaboraci\u00f3n de agentes de la Guardia Civil de Caudete, se lograba identificar el ciclomotor implicado y a la persona que lo conduc\u00eda, averiguando que el ciclomotor circulaba sin el seguro obligatorio y que lo conduc\u00eda una persona menor de edad que carec\u00eda de permiso o licencia para conducir.<\/p>\n<p style=\"text-align: justify;\">Por este motivo, por parte de agentes de la Polic\u00eda Local de Caudete se ha procedido a la instrucci\u00f3n de Diligencias Penales por un Presunto Delito contra la Seguridad Vial las cuales han sido enviadas a la Fiscal\u00eda de Menores de Albacete y a la inmovilizaci\u00f3n del ciclomotor.<\/p>\n<p>Conducir sin permiso o licencia es delito.<\/p>\n","protected":false},"excerpt":{"rendered":"<p>La Polic\u00eda Local de Caudete instruye diligencias penales a un conductor menor de edad por Delito contra la Seguridad Vial. Los hechos se remontan al pasado d\u00eda 23 de noviembre, en el que se produc\u00eda un accidente de tr\u00e1fico vi\u00e9ndose implicados un turismo y un ciclomotor, march\u00e1ndose apresuradamente del lugar del accidente el conductor del &hellip;<\/p>\n","protected":false},"author":3,"featured_media":13833,"comment_status":"closed","ping_status":"open","sticky":false,"template":"","format":"standard","meta":{"ngg_post_thumbnail":0,"footnotes":""},"categories":[35],"tags":[],"class_list":["post-17318","post","type-post","status-publish","format-standard","has-post-thumbnail","hentry","category-policia-local"],"yoast_head":"<!-- This site is optimized with the Yoast SEO plugin v27.5 - https:\/\/yoast.com\/product\/yoast-seo-wordpress\/ -->\n<title>Diligencias penales a un conductor menor de edad por Delito contra la Seguridad Vial - MI Ayuntamiento de Caudete<\/title>\n<meta name=\"description\" content=\"P\u00e1gina Oficial del Ayuntamiento de Caudete (Albacete)\" \/>\n<meta name=\"robots\" content=\"index, follow, max-snippet:-1, max-image-preview:large, max-video-preview:-1\" \/>\n<link rel=\"canonical\" href=\"https:\/\/www.caudete.org\/ayuntamiento\/diligencias-penales-a-un-conductor-menor-de-edad-por-delito-contra-la-seguridad-vial\/\" \/>\n<meta property=\"og:locale\" content=\"es_ES\" \/>\n<meta property=\"og:type\" content=\"article\" \/>\n<meta property=\"og:title\" content=\"Diligencias penales a un conductor menor de edad por Delito contra la Seguridad Vial - MI Ayuntamiento de Caudete\" \/>\n<meta property=\"og:description\" content=\"P\u00e1gina Oficial del Ayuntamiento de Caudete (Albacete)\" \/>\n<meta property=\"og:url\" content=\"https:\/\/www.caudete.org\/ayuntamiento\/diligencias-penales-a-un-conductor-menor-de-edad-por-delito-contra-la-seguridad-vial\/\" \/>\n<meta property=\"og:site_name\" content=\"MI Ayuntamiento de Caudete\" \/>\n<meta property=\"article:publisher\" content=\"https:\/\/www.facebook.com\/ayuntamientocaudete\/\" \/>\n<meta property=\"article:published_time\" content=\"2021-12-07T08:00:33+00:00\" \/>\n<meta property=\"og:image\" content=\"https:\/\/www.caudete.org\/ayuntamiento\/wp-content\/uploads\/2021\/04\/Policia-Local-web.jpg\" \/>\n\t<meta property=\"og:image:width\" content=\"864\" \/>\n\t<meta property=\"og:image:height\" content=\"378\" \/>\n\t<meta property=\"og:image:type\" content=\"image\/jpeg\" \/>\n<meta name=\"author\" content=\"alcalde\" \/>\n<meta name=\"twitter:card\" content=\"summary_large_image\" \/>\n<meta name=\"twitter:label1\" content=\"Escrito por\" \/>\n\t<meta name=\"twitter:data1\" content=\"alcalde\" \/>\n\t<meta name=\"twitter:label2\" content=\"Tiempo de lectura\" \/>\n\t<meta name=\"twitter:data2\" content=\"1 minuto\" \/>\n<script type=\"application\/ld+json\" class=\"yoast-schema-graph\">{\"@context\":\"https:\\\/\\\/schema.org\",\"@graph\":[{\"@type\":\"Article\",\"@id\":\"https:\\\/\\\/www.caudete.org\\\/ayuntamiento\\\/diligencias-penales-a-un-conductor-menor-de-edad-por-delito-contra-la-seguridad-vial\\\/#article\",\"isPartOf\":{\"@id\":\"https:\\\/\\\/www.caudete.org\\\/ayuntamiento\\\/diligencias-penales-a-un-conductor-menor-de-edad-por-delito-contra-la-seguridad-vial\\\/\"},\"author\":{\"name\":\"alcalde\",\"@id\":\"https:\\\/\\\/www.caudete.org\\\/ayuntamiento\\\/#\\\/schema\\\/person\\\/cc646da9133078ee4d8dd47457947253\"},\"headline\":\"Diligencias penales a un conductor menor de edad por Delito contra la Seguridad Vial\",\"datePublished\":\"2021-12-07T08:00:33+00:00\",\"mainEntityOfPage\":{\"@id\":\"https:\\\/\\\/www.caudete.org\\\/ayuntamiento\\\/diligencias-penales-a-un-conductor-menor-de-edad-por-delito-contra-la-seguridad-vial\\\/\"},\"wordCount\":212,\"image\":{\"@id\":\"https:\\\/\\\/www.caudete.org\\\/ayuntamiento\\\/diligencias-penales-a-un-conductor-menor-de-edad-por-delito-contra-la-seguridad-vial\\\/#primaryimage\"},\"thumbnailUrl\":\"https:\\\/\\\/www.caudete.org\\\/ayuntamiento\\\/wp-content\\\/uploads\\\/2021\\\/04\\\/Policia-Local-web.jpg\",\"articleSection\":[\"Polic\u00eda Local\"],\"inLanguage\":\"es\"},{\"@type\":\"WebPage\",\"@id\":\"https:\\\/\\\/www.caudete.org\\\/ayuntamiento\\\/diligencias-penales-a-un-conductor-menor-de-edad-por-delito-contra-la-seguridad-vial\\\/\",\"url\":\"https:\\\/\\\/www.caudete.org\\\/ayuntamiento\\\/diligencias-penales-a-un-conductor-menor-de-edad-por-delito-contra-la-seguridad-vial\\\/\",\"name\":\"Diligencias penales a un conductor menor de edad por Delito contra la Seguridad Vial - MI Ayuntamiento de Caudete\",\"isPartOf\":{\"@id\":\"https:\\\/\\\/www.caudete.org\\\/ayuntamiento\\\/#website\"},\"primaryImageOfPage\":{\"@id\":\"https:\\\/\\\/www.caudete.org\\\/ayuntamiento\\\/diligencias-penales-a-un-conductor-menor-de-edad-por-delito-contra-la-seguridad-vial\\\/#primaryimage\"},\"image\":{\"@id\":\"https:\\\/\\\/www.caudete.org\\\/ayuntamiento\\\/diligencias-penales-a-un-conductor-menor-de-edad-por-delito-contra-la-seguridad-vial\\\/#primaryimage\"},\"thumbnailUrl\":\"https:\\\/\\\/www.caudete.org\\\/ayuntamiento\\\/wp-content\\\/uploads\\\/2021\\\/04\\\/Policia-Local-web.jpg\",\"datePublished\":\"2021-12-07T08:00:33+00:00\",\"author\":{\"@id\":\"https:\\\/\\\/www.caudete.org\\\/ayuntamiento\\\/#\\\/schema\\\/person\\\/cc646da9133078ee4d8dd47457947253\"},\"description\":\"P\u00e1gina Oficial del Ayuntamiento de Caudete (Albacete)\",\"breadcrumb\":{\"@id\":\"https:\\\/\\\/www.caudete.org\\\/ayuntamiento\\\/diligencias-penales-a-un-conductor-menor-de-edad-por-delito-contra-la-seguridad-vial\\\/#breadcrumb\"},\"inLanguage\":\"es\",\"potentialAction\":[{\"@type\":\"ReadAction\",\"target\":[\"https:\\\/\\\/www.caudete.org\\\/ayuntamiento\\\/diligencias-penales-a-un-conductor-menor-de-edad-por-delito-contra-la-seguridad-vial\\\/\"]}]},{\"@type\":\"ImageObject\",\"inLanguage\":\"es\",\"@id\":\"https:\\\/\\\/www.caudete.org\\\/ayuntamiento\\\/diligencias-penales-a-un-conductor-menor-de-edad-por-delito-contra-la-seguridad-vial\\\/#primaryimage\",\"url\":\"https:\\\/\\\/www.caudete.org\\\/ayuntamiento\\\/wp-content\\\/uploads\\\/2021\\\/04\\\/Policia-Local-web.jpg\",\"contentUrl\":\"https:\\\/\\\/www.caudete.org\\\/ayuntamiento\\\/wp-content\\\/uploads\\\/2021\\\/04\\\/Policia-Local-web.jpg\",\"width\":864,\"height\":378},{\"@type\":\"BreadcrumbList\",\"@id\":\"https:\\\/\\\/www.caudete.org\\\/ayuntamiento\\\/diligencias-penales-a-un-conductor-menor-de-edad-por-delito-contra-la-seguridad-vial\\\/#breadcrumb\",\"itemListElement\":[{\"@type\":\"ListItem\",\"position\":1,\"name\":\"Inicio\",\"item\":\"https:\\\/\\\/www.caudete.org\\\/ayuntamiento\\\/\"},{\"@type\":\"ListItem\",\"position\":2,\"name\":\"Diligencias penales a un conductor menor de edad por Delito contra la Seguridad Vial\"}]},{\"@type\":\"WebSite\",\"@id\":\"https:\\\/\\\/www.caudete.org\\\/ayuntamiento\\\/#website\",\"url\":\"https:\\\/\\\/www.caudete.org\\\/ayuntamiento\\\/\",\"name\":\"MI Ayuntamiento de Caudete\",\"description\":\"P\u00e1gina Oficial del MI Ayuntamiento de Caudete\",\"potentialAction\":[{\"@type\":\"SearchAction\",\"target\":{\"@type\":\"EntryPoint\",\"urlTemplate\":\"https:\\\/\\\/www.caudete.org\\\/ayuntamiento\\\/?s={search_term_string}\"},\"query-input\":{\"@type\":\"PropertyValueSpecification\",\"valueRequired\":true,\"valueName\":\"search_term_string\"}}],\"inLanguage\":\"es\"},{\"@type\":\"Person\",\"@id\":\"https:\\\/\\\/www.caudete.org\\\/ayuntamiento\\\/#\\\/schema\\\/person\\\/cc646da9133078ee4d8dd47457947253\",\"name\":\"alcalde\",\"image\":{\"@type\":\"ImageObject\",\"inLanguage\":\"es\",\"@id\":\"https:\\\/\\\/secure.gravatar.com\\\/avatar\\\/84a817ba065b29ff08d666b215a215f5c79186a645ccb25b14a663d48a130f77?s=96&d=mm&r=g\",\"url\":\"https:\\\/\\\/secure.gravatar.com\\\/avatar\\\/84a817ba065b29ff08d666b215a215f5c79186a645ccb25b14a663d48a130f77?s=96&d=mm&r=g\",\"contentUrl\":\"https:\\\/\\\/secure.gravatar.com\\\/avatar\\\/84a817ba065b29ff08d666b215a215f5c79186a645ccb25b14a663d48a130f77?s=96&d=mm&r=g\",\"caption\":\"alcalde\"},\"url\":\"https:\\\/\\\/www.caudete.org\\\/ayuntamiento\\\/author\\\/alcalde\\\/\"}]}<\/script>\n<!-- \/ Yoast SEO plugin. -->","yoast_head_json":{"title":"Diligencias penales a un conductor menor de edad por Delito contra la Seguridad Vial - MI Ayuntamiento de Caudete","description":"P\u00e1gina Oficial del Ayuntamiento de Caudete (Albacete)","robots":{"index":"index","follow":"follow","max-snippet":"max-snippet:-1","max-image-preview":"max-image-preview:large","max-video-preview":"max-video-preview:-1"},"canonical":"https:\/\/www.caudete.org\/ayuntamiento\/diligencias-penales-a-un-conductor-menor-de-edad-por-delito-contra-la-seguridad-vial\/","og_locale":"es_ES","og_type":"article","og_title":"Diligencias penales a un conductor menor de edad por Delito contra la Seguridad Vial - MI Ayuntamiento de Caudete","og_description":"P\u00e1gina Oficial del Ayuntamiento de Caudete (Albacete)","og_url":"https:\/\/www.caudete.org\/ayuntamiento\/diligencias-penales-a-un-conductor-menor-de-edad-por-delito-contra-la-seguridad-vial\/","og_site_name":"MI Ayuntamiento de Caudete","article_publisher":"https:\/\/www.facebook.com\/ayuntamientocaudete\/","article_published_time":"2021-12-07T08:00:33+00:00","og_image":[{"width":864,"height":378,"url":"https:\/\/www.caudete.org\/ayuntamiento\/wp-content\/uploads\/2021\/04\/Policia-Local-web.jpg","type":"image\/jpeg"}],"author":"alcalde","twitter_card":"summary_large_image","twitter_misc":{"Escrito por":"alcalde","Tiempo de lectura":"1 minuto"},"schema":{"@context":"https:\/\/schema.org","@graph":[{"@type":"Article","@id":"https:\/\/www.caudete.org\/ayuntamiento\/diligencias-penales-a-un-conductor-menor-de-edad-por-delito-contra-la-seguridad-vial\/#article","isPartOf":{"@id":"https:\/\/www.caudete.org\/ayuntamiento\/diligencias-penales-a-un-conductor-menor-de-edad-por-delito-contra-la-seguridad-vial\/"},"author":{"name":"alcalde","@id":"https:\/\/www.caudete.org\/ayuntamiento\/#\/schema\/person\/cc646da9133078ee4d8dd47457947253"},"headline":"Diligencias penales a un conductor menor de edad por Delito contra la Seguridad Vial","datePublished":"2021-12-07T08:00:33+00:00","mainEntityOfPage":{"@id":"https:\/\/www.caudete.org\/ayuntamiento\/diligencias-penales-a-un-conductor-menor-de-edad-por-delito-contra-la-seguridad-vial\/"},"wordCount":212,"image":{"@id":"https:\/\/www.caudete.org\/ayuntamiento\/diligencias-penales-a-un-conductor-menor-de-edad-por-delito-contra-la-seguridad-vial\/#primaryimage"},"thumbnailUrl":"https:\/\/www.caudete.org\/ayuntamiento\/wp-content\/uploads\/2021\/04\/Policia-Local-web.jpg","articleSection":["Polic\u00eda Local"],"inLanguage":"es"},{"@type":"WebPage","@id":"https:\/\/www.caudete.org\/ayuntamiento\/diligencias-penales-a-un-conductor-menor-de-edad-por-delito-contra-la-seguridad-vial\/","url":"https:\/\/www.caudete.org\/ayuntamiento\/diligencias-penales-a-un-conductor-menor-de-edad-por-delito-contra-la-seguridad-vial\/","name":"Diligencias penales a un conductor menor de edad por Delito contra la Seguridad Vial - MI Ayuntamiento de Caudete","isPartOf":{"@id":"https:\/\/www.caudete.org\/ayuntamiento\/#website"},"primaryImageOfPage":{"@id":"https:\/\/www.caudete.org\/ayuntamiento\/diligencias-penales-a-un-conductor-menor-de-edad-por-delito-contra-la-seguridad-vial\/#primaryimage"},"image":{"@id":"https:\/\/www.caudete.org\/ayuntamiento\/diligencias-penales-a-un-conductor-menor-de-edad-por-delito-contra-la-seguridad-vial\/#primaryimage"},"thumbnailUrl":"https:\/\/www.caudete.org\/ayuntamiento\/wp-content\/uploads\/2021\/04\/Policia-Local-web.jpg","datePublished":"2021-12-07T08:00:33+00:00","author":{"@id":"https:\/\/www.caudete.org\/ayuntamiento\/#\/schema\/person\/cc646da9133078ee4d8dd47457947253"},"description":"P\u00e1gina Oficial del Ayuntamiento de Caudete (Albacete)","breadcrumb":{"@id":"https:\/\/www.caudete.org\/ayuntamiento\/diligencias-penales-a-un-conductor-menor-de-edad-por-delito-contra-la-seguridad-vial\/#breadcrumb"},"inLanguage":"es","potentialAction":[{"@type":"ReadAction","target":["https:\/\/www.caudete.org\/ayuntamiento\/diligencias-penales-a-un-conductor-menor-de-edad-por-delito-contra-la-seguridad-vial\/"]}]},{"@type":"ImageObject","inLanguage":"es","@id":"https:\/\/www.caudete.org\/ayuntamiento\/diligencias-penales-a-un-conductor-menor-de-edad-por-delito-contra-la-seguridad-vial\/#primaryimage","url":"https:\/\/www.caudete.org\/ayuntamiento\/wp-content\/uploads\/2021\/04\/Policia-Local-web.jpg","contentUrl":"https:\/\/www.caudete.org\/ayuntamiento\/wp-content\/uploads\/2021\/04\/Policia-Local-web.jpg","width":864,"height":378},{"@type":"BreadcrumbList","@id":"https:\/\/www.caudete.org\/ayuntamiento\/diligencias-penales-a-un-conductor-menor-de-edad-por-delito-contra-la-seguridad-vial\/#breadcrumb","itemListElement":[{"@type":"ListItem","position":1,"name":"Inicio","item":"https:\/\/www.caudete.org\/ayuntamiento\/"},{"@type":"ListItem","position":2,"name":"Diligencias penales a un conductor menor de edad por Delito contra la Seguridad Vial"}]},{"@type":"WebSite","@id":"https:\/\/www.caudete.org\/ayuntamiento\/#website","url":"https:\/\/www.caudete.org\/ayuntamiento\/","name":"MI Ayuntamiento de Caudete","description":"P\u00e1gina Oficial del MI Ayuntamiento de Caudete","potentialAction":[{"@type":"SearchAction","target":{"@type":"EntryPoint","urlTemplate":"https:\/\/www.caudete.org\/ayuntamiento\/?s={search_term_string}"},"query-input":{"@type":"PropertyValueSpecification","valueRequired":true,"valueName":"search_term_string"}}],"inLanguage":"es"},{"@type":"Person","@id":"https:\/\/www.caudete.org\/ayuntamiento\/#\/schema\/person\/cc646da9133078ee4d8dd47457947253","name":"alcalde","image":{"@type":"ImageObject","inLanguage":"es","@id":"https:\/\/secure.gravatar.com\/avatar\/84a817ba065b29ff08d666b215a215f5c79186a645ccb25b14a663d48a130f77?s=96&d=mm&r=g","url":"https:\/\/secure.gravatar.com\/avatar\/84a817ba065b29ff08d666b215a215f5c79186a645ccb25b14a663d48a130f77?s=96&d=mm&r=g","contentUrl":"https:\/\/secure.gravatar.com\/avatar\/84a817ba065b29ff08d666b215a215f5c79186a645ccb25b14a663d48a130f77?s=96&d=mm&r=g","caption":"alcalde"},"url":"https:\/\/www.caudete.org\/ayuntamiento\/author\/alcalde\/"}]}},"_links":{"self":[{"href":"https:\/\/www.caudete.org\/ayuntamiento\/wp-json\/wp\/v2\/posts\/17318","targetHints":{"allow":["GET"]}}],"collection":[{"href":"https:\/\/www.caudete.org\/ayuntamiento\/wp-json\/wp\/v2\/posts"}],"about":[{"href":"https:\/\/www.caudete.org\/ayuntamiento\/wp-json\/wp\/v2\/types\/post"}],"author":[{"embeddable":true,"href":"https:\/\/www.caudete.org\/ayuntamiento\/wp-json\/wp\/v2\/users\/3"}],"replies":[{"embeddable":true,"href":"https:\/\/www.caudete.org\/ayuntamiento\/wp-json\/wp\/v2\/comments?post=17318"}],"version-history":[{"count":2,"href":"https:\/\/www.caudete.org\/ayuntamiento\/wp-json\/wp\/v2\/posts\/17318\/revisions"}],"predecessor-version":[{"id":17344,"href":"https:\/\/www.caudete.org\/ayuntamiento\/wp-json\/wp\/v2\/posts\/17318\/revisions\/17344"}],"wp:featuredmedia":[{"embeddable":true,"href":"https:\/\/www.caudete.org\/ayuntamiento\/wp-json\/wp\/v2\/media\/13833"}],"wp:attachment":[{"href":"https:\/\/www.caudete.org\/ayuntamiento\/wp-json\/wp\/v2\/media?parent=17318"}],"wp:term":[{"taxonomy":"category","embeddable":true,"href":"https:\/\/www.caudete.org\/ayuntamiento\/wp-json\/wp\/v2\/categories?post=17318"},{"taxonomy":"post_tag","embeddable":true,"href":"https:\/\/www.caudete.org\/ayuntamiento\/wp-json\/wp\/v2\/tags?post=17318"}],"curies":[{"name":"wp","href":"https:\/\/api.w.org\/{rel}","templated":true}]}}