{"id":17334,"date":"2021-12-05T11:00:22","date_gmt":"2021-12-05T10:00:22","guid":{"rendered":"https:\/\/www.caudete.org\/ayuntamiento\/?p=17334"},"modified":"2021-12-05T11:25:44","modified_gmt":"2021-12-05T10:25:44","slug":"la-jccm-deniega-a-caudete-el-recual-2021-con-16-empleos-y-122-20920-e-de-inversion","status":"publish","type":"post","link":"https:\/\/www.caudete.org\/ayuntamiento\/la-jccm-deniega-a-caudete-el-recual-2021-con-16-empleos-y-122-20920-e-de-inversion\/","title":{"rendered":"La JCCM deniega a Caudete el RECUAL-2021 con 16 empleos y 122.209&#8217;20 \u20ac de inversi\u00f3n"},"content":{"rendered":"<p style=\"text-align: justify;\">El pasado viernes el Ayuntamiento de Caudete recib\u00eda la <em>Relaci\u00f3n provisional de concesi\u00f3n de subvenciones para la realizaci\u00f3n de <strong>programas para la Recualificaci\u00f3n y el reciclaje profesional<\/strong> para el ejercicio 2021<\/em>, con la denegaci\u00f3n a su solicitud, alegando \u00fanica y exclusivamente &#8220;<strong><em>falta de cr\u00e9dito presupuestario<\/em><\/strong>&#8220;.<\/p>\n<p style=\"text-align: justify;\">La <strong>solicitud de Caudete<\/strong> fue tramitada en tiempo y forma por el Departamento de Desarrollo Local, dentro de la acci\u00f3n de la Concejal\u00eda de Empleo y Formaci\u00f3n y tras recibir el apoyo un\u00e1nime de la Junta de Gobierno Local del pasado 5 de Noviembre 2021, dise\u00f1ando una propuesta con destino a <strong>16 alumno-trabajadores mayores de 25 a\u00f1os<\/strong>, preferentemente parados de larga duraci\u00f3n mayores de 45 a\u00f1os.<\/p>\n<p style=\"text-align: justify;\"><strong>La rama en la que se iba a centrar el proyecto<\/strong>, y en la que Caudete propon\u00eda la formaci\u00f3n era la de <em><strong>&#8220;Operaciones auxiliares de acabados r\u00edgidos y urbanizaci\u00f3n&#8221;<\/strong><\/em>, una de las establecidas en la convocatoria, y que con un presupuesto m\u00ednimo de <strong>aportaci\u00f3n municipal de 50.000&#8217;00\u20ac<\/strong> focalizaba el <strong>objeto de obra en la mejora peatonal de la Avenida de Las Jornetas<\/strong>.<\/p>\n<p style=\"text-align: justify;\">El Alcalde, Mois\u00e9s L\u00f3pez transmit\u00eda el sentir del Equipo de Gobierno Municipal, lamentando que durante dos a\u00f1os consecutivos el Gobierno Regional haya denegado este programa formativo-laboral a Caudete, con el que se pierden grandes oportunidades para sus ciudadanos, cuando la administraci\u00f3n regional siempre ha destacado la satisfacci\u00f3n por el rendimiento de estos programas en Caudete.<\/p>\n<p style=\"text-align: justify;\">Adem\u00e1s, la denegaci\u00f3n de estos proyectos anula una oportunidad m\u00e1s para mejorar el entorno urbano de Caudete, pues si en el anterior Recual (denegado hace un a\u00f1o) se pretend\u00eda actuar sobre la pavimentaci\u00f3n del Casco Antiguo, en esta ocasi\u00f3n, lo era sobre una Avenida que precisa acometer un proyecto inclusivo para peatones, veh\u00edculos, vecinos y comunidad educativa en una zona concreta de la poblaci\u00f3n.<\/p>\n<p style=\"text-align: justify;\">No obstante el Primer Edil ha adelantado que los servicios municipales estudian el presentar alegaciones a la resoluci\u00f3n provisional, a la misma vez que adelanta que el objeto de obra propuesto no va a caer en saco roto, y que si no es con la colaboraci\u00f3n de la JCCM se realizar\u00e1 con otras administraciones.<\/p>\n","protected":false},"excerpt":{"rendered":"<p>El pasado viernes el Ayuntamiento de Caudete recib\u00eda la Relaci\u00f3n provisional de concesi\u00f3n de subvenciones para la realizaci\u00f3n de programas para la Recualificaci\u00f3n y el reciclaje profesional para el ejercicio 2021, con la denegaci\u00f3n a su solicitud, alegando \u00fanica y exclusivamente &#8220;falta de cr\u00e9dito presupuestario&#8220;. La solicitud de Caudete fue tramitada en tiempo y forma &hellip;<\/p>\n","protected":false},"author":3,"featured_media":17335,"comment_status":"closed","ping_status":"open","sticky":false,"template":"","format":"standard","meta":{"ngg_post_thumbnail":0,"footnotes":""},"categories":[37],"tags":[],"class_list":["post-17334","post","type-post","status-publish","format-standard","has-post-thumbnail","hentry","category-empleo-y-formacion"],"yoast_head":"<!-- This site is optimized with the Yoast SEO plugin v27.4 - https:\/\/yoast.com\/product\/yoast-seo-wordpress\/ -->\n<title>La JCCM deniega a Caudete el RECUAL-2021 con 16 empleos y 122.209&#039;20 \u20ac de inversi\u00f3n - MI Ayuntamiento de Caudete<\/title>\n<meta name=\"description\" content=\"P\u00e1gina Oficial del Ayuntamiento de Caudete (Albacete)\" \/>\n<meta name=\"robots\" content=\"index, follow, max-snippet:-1, max-image-preview:large, max-video-preview:-1\" \/>\n<link rel=\"canonical\" href=\"https:\/\/www.caudete.org\/ayuntamiento\/la-jccm-deniega-a-caudete-el-recual-2021-con-16-empleos-y-122-20920-e-de-inversion\/\" \/>\n<meta property=\"og:locale\" content=\"es_ES\" \/>\n<meta property=\"og:type\" content=\"article\" \/>\n<meta property=\"og:title\" content=\"La JCCM deniega a Caudete el RECUAL-2021 con 16 empleos y 122.209&#039;20 \u20ac de inversi\u00f3n - MI Ayuntamiento de Caudete\" \/>\n<meta property=\"og:description\" content=\"P\u00e1gina Oficial del Ayuntamiento de Caudete (Albacete)\" \/>\n<meta property=\"og:url\" content=\"https:\/\/www.caudete.org\/ayuntamiento\/la-jccm-deniega-a-caudete-el-recual-2021-con-16-empleos-y-122-20920-e-de-inversion\/\" \/>\n<meta property=\"og:site_name\" content=\"MI Ayuntamiento de Caudete\" \/>\n<meta property=\"article:publisher\" content=\"https:\/\/www.facebook.com\/ayuntamientocaudete\/\" \/>\n<meta property=\"article:published_time\" content=\"2021-12-05T10:00:22+00:00\" \/>\n<meta property=\"article:modified_time\" content=\"2021-12-05T10:25:44+00:00\" \/>\n<meta property=\"og:image\" content=\"https:\/\/www.caudete.org\/ayuntamiento\/wp-content\/uploads\/2021\/12\/IMG_0002.jpg\" \/>\n\t<meta property=\"og:image:width\" content=\"1600\" \/>\n\t<meta property=\"og:image:height\" content=\"1066\" \/>\n\t<meta property=\"og:image:type\" content=\"image\/jpeg\" \/>\n<meta name=\"author\" content=\"alcalde\" \/>\n<meta name=\"twitter:card\" content=\"summary_large_image\" \/>\n<meta name=\"twitter:label1\" content=\"Escrito por\" \/>\n\t<meta name=\"twitter:data1\" content=\"alcalde\" \/>\n\t<meta name=\"twitter:label2\" content=\"Tiempo de lectura\" \/>\n\t<meta name=\"twitter:data2\" content=\"2 minutos\" \/>\n<script type=\"application\/ld+json\" class=\"yoast-schema-graph\">{\"@context\":\"https:\\\/\\\/schema.org\",\"@graph\":[{\"@type\":\"Article\",\"@id\":\"https:\\\/\\\/www.caudete.org\\\/ayuntamiento\\\/la-jccm-deniega-a-caudete-el-recual-2021-con-16-empleos-y-122-20920-e-de-inversion\\\/#article\",\"isPartOf\":{\"@id\":\"https:\\\/\\\/www.caudete.org\\\/ayuntamiento\\\/la-jccm-deniega-a-caudete-el-recual-2021-con-16-empleos-y-122-20920-e-de-inversion\\\/\"},\"author\":{\"name\":\"alcalde\",\"@id\":\"https:\\\/\\\/www.caudete.org\\\/ayuntamiento\\\/#\\\/schema\\\/person\\\/cc646da9133078ee4d8dd47457947253\"},\"headline\":\"La JCCM deniega a Caudete el RECUAL-2021 con 16 empleos y 122.209&#8217;20 \u20ac de inversi\u00f3n\",\"datePublished\":\"2021-12-05T10:00:22+00:00\",\"dateModified\":\"2021-12-05T10:25:44+00:00\",\"mainEntityOfPage\":{\"@id\":\"https:\\\/\\\/www.caudete.org\\\/ayuntamiento\\\/la-jccm-deniega-a-caudete-el-recual-2021-con-16-empleos-y-122-20920-e-de-inversion\\\/\"},\"wordCount\":390,\"publisher\":{\"@id\":\"https:\\\/\\\/www.caudete.org\\\/ayuntamiento\\\/#organization\"},\"image\":{\"@id\":\"https:\\\/\\\/www.caudete.org\\\/ayuntamiento\\\/la-jccm-deniega-a-caudete-el-recual-2021-con-16-empleos-y-122-20920-e-de-inversion\\\/#primaryimage\"},\"thumbnailUrl\":\"https:\\\/\\\/www.caudete.org\\\/ayuntamiento\\\/wp-content\\\/uploads\\\/2021\\\/12\\\/IMG_0002.jpg\",\"articleSection\":[\"Empleo y Formaci\u00f3n\"],\"inLanguage\":\"es\"},{\"@type\":\"WebPage\",\"@id\":\"https:\\\/\\\/www.caudete.org\\\/ayuntamiento\\\/la-jccm-deniega-a-caudete-el-recual-2021-con-16-empleos-y-122-20920-e-de-inversion\\\/\",\"url\":\"https:\\\/\\\/www.caudete.org\\\/ayuntamiento\\\/la-jccm-deniega-a-caudete-el-recual-2021-con-16-empleos-y-122-20920-e-de-inversion\\\/\",\"name\":\"La JCCM deniega a Caudete el RECUAL-2021 con 16 empleos y 122.209'20 \u20ac de inversi\u00f3n - MI Ayuntamiento de Caudete\",\"isPartOf\":{\"@id\":\"https:\\\/\\\/www.caudete.org\\\/ayuntamiento\\\/#website\"},\"primaryImageOfPage\":{\"@id\":\"https:\\\/\\\/www.caudete.org\\\/ayuntamiento\\\/la-jccm-deniega-a-caudete-el-recual-2021-con-16-empleos-y-122-20920-e-de-inversion\\\/#primaryimage\"},\"image\":{\"@id\":\"https:\\\/\\\/www.caudete.org\\\/ayuntamiento\\\/la-jccm-deniega-a-caudete-el-recual-2021-con-16-empleos-y-122-20920-e-de-inversion\\\/#primaryimage\"},\"thumbnailUrl\":\"https:\\\/\\\/www.caudete.org\\\/ayuntamiento\\\/wp-content\\\/uploads\\\/2021\\\/12\\\/IMG_0002.jpg\",\"datePublished\":\"2021-12-05T10:00:22+00:00\",\"dateModified\":\"2021-12-05T10:25:44+00:00\",\"description\":\"P\u00e1gina Oficial del Ayuntamiento de Caudete (Albacete)\",\"breadcrumb\":{\"@id\":\"https:\\\/\\\/www.caudete.org\\\/ayuntamiento\\\/la-jccm-deniega-a-caudete-el-recual-2021-con-16-empleos-y-122-20920-e-de-inversion\\\/#breadcrumb\"},\"inLanguage\":\"es\",\"potentialAction\":[{\"@type\":\"ReadAction\",\"target\":[\"https:\\\/\\\/www.caudete.org\\\/ayuntamiento\\\/la-jccm-deniega-a-caudete-el-recual-2021-con-16-empleos-y-122-20920-e-de-inversion\\\/\"]}]},{\"@type\":\"ImageObject\",\"inLanguage\":\"es\",\"@id\":\"https:\\\/\\\/www.caudete.org\\\/ayuntamiento\\\/la-jccm-deniega-a-caudete-el-recual-2021-con-16-empleos-y-122-20920-e-de-inversion\\\/#primaryimage\",\"url\":\"https:\\\/\\\/www.caudete.org\\\/ayuntamiento\\\/wp-content\\\/uploads\\\/2021\\\/12\\\/IMG_0002.jpg\",\"contentUrl\":\"https:\\\/\\\/www.caudete.org\\\/ayuntamiento\\\/wp-content\\\/uploads\\\/2021\\\/12\\\/IMG_0002.jpg\",\"width\":1600,\"height\":1066},{\"@type\":\"BreadcrumbList\",\"@id\":\"https:\\\/\\\/www.caudete.org\\\/ayuntamiento\\\/la-jccm-deniega-a-caudete-el-recual-2021-con-16-empleos-y-122-20920-e-de-inversion\\\/#breadcrumb\",\"itemListElement\":[{\"@type\":\"ListItem\",\"position\":1,\"name\":\"Inicio\",\"item\":\"https:\\\/\\\/www.caudete.org\\\/ayuntamiento\\\/\"},{\"@type\":\"ListItem\",\"position\":2,\"name\":\"La JCCM deniega a Caudete el RECUAL-2021 con 16 empleos y 122.209&#8217;20 \u20ac de inversi\u00f3n\"}]},{\"@type\":\"WebSite\",\"@id\":\"https:\\\/\\\/www.caudete.org\\\/ayuntamiento\\\/#website\",\"url\":\"https:\\\/\\\/www.caudete.org\\\/ayuntamiento\\\/\",\"name\":\"MI Ayuntamiento de Caudete\",\"description\":\"P\u00e1gina Oficial del MI Ayuntamiento de Caudete\",\"publisher\":{\"@id\":\"https:\\\/\\\/www.caudete.org\\\/ayuntamiento\\\/#organization\"},\"potentialAction\":[{\"@type\":\"SearchAction\",\"target\":{\"@type\":\"EntryPoint\",\"urlTemplate\":\"https:\\\/\\\/www.caudete.org\\\/ayuntamiento\\\/?s={search_term_string}\"},\"query-input\":{\"@type\":\"PropertyValueSpecification\",\"valueRequired\":true,\"valueName\":\"search_term_string\"}}],\"inLanguage\":\"es\"},{\"@type\":\"Organization\",\"@id\":\"https:\\\/\\\/www.caudete.org\\\/ayuntamiento\\\/#organization\",\"name\":\"Ayuntamiento de Caudete\",\"url\":\"https:\\\/\\\/www.caudete.org\\\/ayuntamiento\\\/\",\"logo\":{\"@type\":\"ImageObject\",\"inLanguage\":\"es\",\"@id\":\"https:\\\/\\\/www.caudete.org\\\/ayuntamiento\\\/#\\\/schema\\\/logo\\\/image\\\/\",\"url\":\"https:\\\/\\\/www.caudete.org\\\/ayuntamiento\\\/wp-content\\\/uploads\\\/2020\\\/11\\\/logo_ayuntamiento_caudete.jpg\",\"contentUrl\":\"https:\\\/\\\/www.caudete.org\\\/ayuntamiento\\\/wp-content\\\/uploads\\\/2020\\\/11\\\/logo_ayuntamiento_caudete.jpg\",\"width\":600,\"height\":150,\"caption\":\"Ayuntamiento de Caudete\"},\"image\":{\"@id\":\"https:\\\/\\\/www.caudete.org\\\/ayuntamiento\\\/#\\\/schema\\\/logo\\\/image\\\/\"},\"sameAs\":[\"https:\\\/\\\/www.facebook.com\\\/ayuntamientocaudete\\\/\",\"https:\\\/\\\/www.youtube.com\\\/channel\\\/UC6VztHaooNsGpw-tNoBEFnQ\"]},{\"@type\":\"Person\",\"@id\":\"https:\\\/\\\/www.caudete.org\\\/ayuntamiento\\\/#\\\/schema\\\/person\\\/cc646da9133078ee4d8dd47457947253\",\"name\":\"alcalde\",\"image\":{\"@type\":\"ImageObject\",\"inLanguage\":\"es\",\"@id\":\"https:\\\/\\\/secure.gravatar.com\\\/avatar\\\/84a817ba065b29ff08d666b215a215f5c79186a645ccb25b14a663d48a130f77?s=96&d=mm&r=g\",\"url\":\"https:\\\/\\\/secure.gravatar.com\\\/avatar\\\/84a817ba065b29ff08d666b215a215f5c79186a645ccb25b14a663d48a130f77?s=96&d=mm&r=g\",\"contentUrl\":\"https:\\\/\\\/secure.gravatar.com\\\/avatar\\\/84a817ba065b29ff08d666b215a215f5c79186a645ccb25b14a663d48a130f77?s=96&d=mm&r=g\",\"caption\":\"alcalde\"},\"url\":\"https:\\\/\\\/www.caudete.org\\\/ayuntamiento\\\/author\\\/alcalde\\\/\"}]}<\/script>\n<!-- \/ Yoast SEO plugin. -->","yoast_head_json":{"title":"La JCCM deniega a Caudete el RECUAL-2021 con 16 empleos y 122.209'20 \u20ac de inversi\u00f3n - MI Ayuntamiento de Caudete","description":"P\u00e1gina Oficial del Ayuntamiento de Caudete (Albacete)","robots":{"index":"index","follow":"follow","max-snippet":"max-snippet:-1","max-image-preview":"max-image-preview:large","max-video-preview":"max-video-preview:-1"},"canonical":"https:\/\/www.caudete.org\/ayuntamiento\/la-jccm-deniega-a-caudete-el-recual-2021-con-16-empleos-y-122-20920-e-de-inversion\/","og_locale":"es_ES","og_type":"article","og_title":"La JCCM deniega a Caudete el RECUAL-2021 con 16 empleos y 122.209'20 \u20ac de inversi\u00f3n - MI Ayuntamiento de Caudete","og_description":"P\u00e1gina Oficial del Ayuntamiento de Caudete (Albacete)","og_url":"https:\/\/www.caudete.org\/ayuntamiento\/la-jccm-deniega-a-caudete-el-recual-2021-con-16-empleos-y-122-20920-e-de-inversion\/","og_site_name":"MI Ayuntamiento de Caudete","article_publisher":"https:\/\/www.facebook.com\/ayuntamientocaudete\/","article_published_time":"2021-12-05T10:00:22+00:00","article_modified_time":"2021-12-05T10:25:44+00:00","og_image":[{"width":1600,"height":1066,"url":"https:\/\/www.caudete.org\/ayuntamiento\/wp-content\/uploads\/2021\/12\/IMG_0002.jpg","type":"image\/jpeg"}],"author":"alcalde","twitter_card":"summary_large_image","twitter_misc":{"Escrito por":"alcalde","Tiempo de lectura":"2 minutos"},"schema":{"@context":"https:\/\/schema.org","@graph":[{"@type":"Article","@id":"https:\/\/www.caudete.org\/ayuntamiento\/la-jccm-deniega-a-caudete-el-recual-2021-con-16-empleos-y-122-20920-e-de-inversion\/#article","isPartOf":{"@id":"https:\/\/www.caudete.org\/ayuntamiento\/la-jccm-deniega-a-caudete-el-recual-2021-con-16-empleos-y-122-20920-e-de-inversion\/"},"author":{"name":"alcalde","@id":"https:\/\/www.caudete.org\/ayuntamiento\/#\/schema\/person\/cc646da9133078ee4d8dd47457947253"},"headline":"La JCCM deniega a Caudete el RECUAL-2021 con 16 empleos y 122.209&#8217;20 \u20ac de inversi\u00f3n","datePublished":"2021-12-05T10:00:22+00:00","dateModified":"2021-12-05T10:25:44+00:00","mainEntityOfPage":{"@id":"https:\/\/www.caudete.org\/ayuntamiento\/la-jccm-deniega-a-caudete-el-recual-2021-con-16-empleos-y-122-20920-e-de-inversion\/"},"wordCount":390,"publisher":{"@id":"https:\/\/www.caudete.org\/ayuntamiento\/#organization"},"image":{"@id":"https:\/\/www.caudete.org\/ayuntamiento\/la-jccm-deniega-a-caudete-el-recual-2021-con-16-empleos-y-122-20920-e-de-inversion\/#primaryimage"},"thumbnailUrl":"https:\/\/www.caudete.org\/ayuntamiento\/wp-content\/uploads\/2021\/12\/IMG_0002.jpg","articleSection":["Empleo y Formaci\u00f3n"],"inLanguage":"es"},{"@type":"WebPage","@id":"https:\/\/www.caudete.org\/ayuntamiento\/la-jccm-deniega-a-caudete-el-recual-2021-con-16-empleos-y-122-20920-e-de-inversion\/","url":"https:\/\/www.caudete.org\/ayuntamiento\/la-jccm-deniega-a-caudete-el-recual-2021-con-16-empleos-y-122-20920-e-de-inversion\/","name":"La JCCM deniega a Caudete el RECUAL-2021 con 16 empleos y 122.209'20 \u20ac de inversi\u00f3n - MI Ayuntamiento de Caudete","isPartOf":{"@id":"https:\/\/www.caudete.org\/ayuntamiento\/#website"},"primaryImageOfPage":{"@id":"https:\/\/www.caudete.org\/ayuntamiento\/la-jccm-deniega-a-caudete-el-recual-2021-con-16-empleos-y-122-20920-e-de-inversion\/#primaryimage"},"image":{"@id":"https:\/\/www.caudete.org\/ayuntamiento\/la-jccm-deniega-a-caudete-el-recual-2021-con-16-empleos-y-122-20920-e-de-inversion\/#primaryimage"},"thumbnailUrl":"https:\/\/www.caudete.org\/ayuntamiento\/wp-content\/uploads\/2021\/12\/IMG_0002.jpg","datePublished":"2021-12-05T10:00:22+00:00","dateModified":"2021-12-05T10:25:44+00:00","description":"P\u00e1gina Oficial del Ayuntamiento de Caudete (Albacete)","breadcrumb":{"@id":"https:\/\/www.caudete.org\/ayuntamiento\/la-jccm-deniega-a-caudete-el-recual-2021-con-16-empleos-y-122-20920-e-de-inversion\/#breadcrumb"},"inLanguage":"es","potentialAction":[{"@type":"ReadAction","target":["https:\/\/www.caudete.org\/ayuntamiento\/la-jccm-deniega-a-caudete-el-recual-2021-con-16-empleos-y-122-20920-e-de-inversion\/"]}]},{"@type":"ImageObject","inLanguage":"es","@id":"https:\/\/www.caudete.org\/ayuntamiento\/la-jccm-deniega-a-caudete-el-recual-2021-con-16-empleos-y-122-20920-e-de-inversion\/#primaryimage","url":"https:\/\/www.caudete.org\/ayuntamiento\/wp-content\/uploads\/2021\/12\/IMG_0002.jpg","contentUrl":"https:\/\/www.caudete.org\/ayuntamiento\/wp-content\/uploads\/2021\/12\/IMG_0002.jpg","width":1600,"height":1066},{"@type":"BreadcrumbList","@id":"https:\/\/www.caudete.org\/ayuntamiento\/la-jccm-deniega-a-caudete-el-recual-2021-con-16-empleos-y-122-20920-e-de-inversion\/#breadcrumb","itemListElement":[{"@type":"ListItem","position":1,"name":"Inicio","item":"https:\/\/www.caudete.org\/ayuntamiento\/"},{"@type":"ListItem","position":2,"name":"La JCCM deniega a Caudete el RECUAL-2021 con 16 empleos y 122.209&#8217;20 \u20ac de inversi\u00f3n"}]},{"@type":"WebSite","@id":"https:\/\/www.caudete.org\/ayuntamiento\/#website","url":"https:\/\/www.caudete.org\/ayuntamiento\/","name":"MI Ayuntamiento de Caudete","description":"P\u00e1gina Oficial del MI Ayuntamiento de Caudete","publisher":{"@id":"https:\/\/www.caudete.org\/ayuntamiento\/#organization"},"potentialAction":[{"@type":"SearchAction","target":{"@type":"EntryPoint","urlTemplate":"https:\/\/www.caudete.org\/ayuntamiento\/?s={search_term_string}"},"query-input":{"@type":"PropertyValueSpecification","valueRequired":true,"valueName":"search_term_string"}}],"inLanguage":"es"},{"@type":"Organization","@id":"https:\/\/www.caudete.org\/ayuntamiento\/#organization","name":"Ayuntamiento de Caudete","url":"https:\/\/www.caudete.org\/ayuntamiento\/","logo":{"@type":"ImageObject","inLanguage":"es","@id":"https:\/\/www.caudete.org\/ayuntamiento\/#\/schema\/logo\/image\/","url":"https:\/\/www.caudete.org\/ayuntamiento\/wp-content\/uploads\/2020\/11\/logo_ayuntamiento_caudete.jpg","contentUrl":"https:\/\/www.caudete.org\/ayuntamiento\/wp-content\/uploads\/2020\/11\/logo_ayuntamiento_caudete.jpg","width":600,"height":150,"caption":"Ayuntamiento de Caudete"},"image":{"@id":"https:\/\/www.caudete.org\/ayuntamiento\/#\/schema\/logo\/image\/"},"sameAs":["https:\/\/www.facebook.com\/ayuntamientocaudete\/","https:\/\/www.youtube.com\/channel\/UC6VztHaooNsGpw-tNoBEFnQ"]},{"@type":"Person","@id":"https:\/\/www.caudete.org\/ayuntamiento\/#\/schema\/person\/cc646da9133078ee4d8dd47457947253","name":"alcalde","image":{"@type":"ImageObject","inLanguage":"es","@id":"https:\/\/secure.gravatar.com\/avatar\/84a817ba065b29ff08d666b215a215f5c79186a645ccb25b14a663d48a130f77?s=96&d=mm&r=g","url":"https:\/\/secure.gravatar.com\/avatar\/84a817ba065b29ff08d666b215a215f5c79186a645ccb25b14a663d48a130f77?s=96&d=mm&r=g","contentUrl":"https:\/\/secure.gravatar.com\/avatar\/84a817ba065b29ff08d666b215a215f5c79186a645ccb25b14a663d48a130f77?s=96&d=mm&r=g","caption":"alcalde"},"url":"https:\/\/www.caudete.org\/ayuntamiento\/author\/alcalde\/"}]}},"_links":{"self":[{"href":"https:\/\/www.caudete.org\/ayuntamiento\/wp-json\/wp\/v2\/posts\/17334","targetHints":{"allow":["GET"]}}],"collection":[{"href":"https:\/\/www.caudete.org\/ayuntamiento\/wp-json\/wp\/v2\/posts"}],"about":[{"href":"https:\/\/www.caudete.org\/ayuntamiento\/wp-json\/wp\/v2\/types\/post"}],"author":[{"embeddable":true,"href":"https:\/\/www.caudete.org\/ayuntamiento\/wp-json\/wp\/v2\/users\/3"}],"replies":[{"embeddable":true,"href":"https:\/\/www.caudete.org\/ayuntamiento\/wp-json\/wp\/v2\/comments?post=17334"}],"version-history":[{"count":3,"href":"https:\/\/www.caudete.org\/ayuntamiento\/wp-json\/wp\/v2\/posts\/17334\/revisions"}],"predecessor-version":[{"id":17358,"href":"https:\/\/www.caudete.org\/ayuntamiento\/wp-json\/wp\/v2\/posts\/17334\/revisions\/17358"}],"wp:featuredmedia":[{"embeddable":true,"href":"https:\/\/www.caudete.org\/ayuntamiento\/wp-json\/wp\/v2\/media\/17335"}],"wp:attachment":[{"href":"https:\/\/www.caudete.org\/ayuntamiento\/wp-json\/wp\/v2\/media?parent=17334"}],"wp:term":[{"taxonomy":"category","embeddable":true,"href":"https:\/\/www.caudete.org\/ayuntamiento\/wp-json\/wp\/v2\/categories?post=17334"},{"taxonomy":"post_tag","embeddable":true,"href":"https:\/\/www.caudete.org\/ayuntamiento\/wp-json\/wp\/v2\/tags?post=17334"}],"curies":[{"name":"wp","href":"https:\/\/api.w.org\/{rel}","templated":true}]}}