{"id":17340,"date":"2021-12-07T09:00:45","date_gmt":"2021-12-07T08:00:45","guid":{"rendered":"https:\/\/www.caudete.org\/ayuntamiento\/?p=17340"},"modified":"2021-12-04T22:35:27","modified_gmt":"2021-12-04T21:35:27","slug":"el-proximo-domingo-se-inaugura-el-parque-de-calistenia-financiado-entre-el-ayuntamiento-y-la-diputacion","status":"publish","type":"post","link":"https:\/\/www.caudete.org\/ayuntamiento\/el-proximo-domingo-se-inaugura-el-parque-de-calistenia-financiado-entre-el-ayuntamiento-y-la-diputacion\/","title":{"rendered":"El pr\u00f3ximo domingo se inaugura el PARQUE DE CALISTENIA, financiado entre el Ayuntamiento y la Diputaci\u00f3n"},"content":{"rendered":"<p style=\"text-align: justify;\">Pilar Egea, Concejal de Deportes se desplazaba a la Ciudad Deportiva, donde recientemente se ha instalado un nuevo Parque Deportivo para la pr\u00e1ctica de la &#8220;Calistenia&#8221;, para informar de la finalizaci\u00f3n de las obras y de la fecha prevista para su inauguraci\u00f3n: el pr\u00f3ximo d\u00eda 12 de Diciembre a las 12:00h.<\/p>\n<p style=\"text-align: justify;\">Esta actuaci\u00f3n, forma parte del Plan de Parques dise\u00f1ado por el Gobierno Municipal para la presente legislatura, y que viene a cubrir una demanda ciudadana existente por parte de quienes practican este deporte de fuerza y resistencia, cada vez m\u00e1s de moda entre los j\u00f3venes, una cuesti\u00f3n saludable a la que la Concejal\u00eda de Deportes ha querido dar respaldo, cuando en septiembre de 2019 se mantuvieron las primeras reuniones con dichos usuarios.<\/p>\n<p><img fetchpriority=\"high\" decoding=\"async\" class=\"size-medium wp-image-17341 aligncenter\" src=\"https:\/\/www.caudete.org\/ayuntamiento\/wp-content\/uploads\/2021\/12\/20211204_221907-300x225.jpg\" alt=\"\" width=\"300\" height=\"225\" srcset=\"https:\/\/www.caudete.org\/ayuntamiento\/wp-content\/uploads\/2021\/12\/20211204_221907-300x225.jpg 300w, https:\/\/www.caudete.org\/ayuntamiento\/wp-content\/uploads\/2021\/12\/20211204_221907-1024x768.jpg 1024w, https:\/\/www.caudete.org\/ayuntamiento\/wp-content\/uploads\/2021\/12\/20211204_221907-768x576.jpg 768w, https:\/\/www.caudete.org\/ayuntamiento\/wp-content\/uploads\/2021\/12\/20211204_221907-1536x1152.jpg 1536w, https:\/\/www.caudete.org\/ayuntamiento\/wp-content\/uploads\/2021\/12\/20211204_221907.jpg 1600w\" sizes=\"(max-width: 300px) 100vw, 300px\" \/><\/p>\n<p style=\"text-align: justify;\">La instalaci\u00f3n se ha desarrollado mediante un contrato de obras por importe total de 22.832&#8217;70 \u20ac, por el cual la empresa adjudicataria ha realizado desde cero la implantaci\u00f3n del citado parque. De esta forma, se han encargado tanto de la obra civil (movimiento de tierras, cimentaci\u00f3n y solera), como del suministro de los juegos y la instalaci\u00f3n de los mismos, finalizando con la pavimentaci\u00f3n de losetas de goma para amortiguar ca\u00eddas y cumplir con la normativa vigente.<\/p>\n<p style=\"text-align: justify;\">El proyecto ha sido financiado entre el Ayuntamiento de Caudete, por medio del Remanente de 2020 en un 45%, correspondiendo un importe de 10.234&#8217;07 \u20ac, y por el programa de ayudas &#8220;Dipualba Responde&#8221; de la Excma. Diputaci\u00f3n Provincial de Albacete en un 55%, lo que suponen 12.598&#8217;63 \u20ac.<\/p>\n<p><img decoding=\"async\" class=\"size-medium wp-image-17342 aligncenter\" src=\"https:\/\/www.caudete.org\/ayuntamiento\/wp-content\/uploads\/2021\/12\/IMG-20210611-WA0016-300x225.jpg\" alt=\"\" width=\"300\" height=\"225\" srcset=\"https:\/\/www.caudete.org\/ayuntamiento\/wp-content\/uploads\/2021\/12\/IMG-20210611-WA0016-300x225.jpg 300w, https:\/\/www.caudete.org\/ayuntamiento\/wp-content\/uploads\/2021\/12\/IMG-20210611-WA0016-768x576.jpg 768w, https:\/\/www.caudete.org\/ayuntamiento\/wp-content\/uploads\/2021\/12\/IMG-20210611-WA0016.jpg 1024w\" sizes=\"(max-width: 300px) 100vw, 300px\" \/><\/p>\n<p style=\"text-align: justify;\">Para ello, se ha contado desde el principio con la participaci\u00f3n de los usuarios de este deporte, tanto en el dise\u00f1o de las instalaciones como para su anuncio e inauguraci\u00f3n, representados principalmente por Aar\u00f3n S\u00e1ez y David Parra. Con ello, se da cumplimiento a una promesa dada<\/p>\n<p style=\"text-align: justify;\">Una vez finalizadas las obras, se ha fijado el pr\u00f3ximo domingo 12 de Diciembre a las 12.00 de la ma\u00f1ana como d\u00eda para proceder a la inauguraci\u00f3n del mismo, momento en el cual sus usuarios realizar\u00e1n una programada demostraci\u00f3n pr\u00e1ctica de este deporte a quienes deseen asistir.<\/p>\n<p><img decoding=\"async\" class=\"size-medium wp-image-17339 aligncenter\" src=\"https:\/\/www.caudete.org\/ayuntamiento\/wp-content\/uploads\/2021\/12\/WhatsApp-Image-2021-12-03-at-12.44.09-300x169.jpeg\" alt=\"\" width=\"300\" height=\"169\" srcset=\"https:\/\/www.caudete.org\/ayuntamiento\/wp-content\/uploads\/2021\/12\/WhatsApp-Image-2021-12-03-at-12.44.09-300x169.jpeg 300w, https:\/\/www.caudete.org\/ayuntamiento\/wp-content\/uploads\/2021\/12\/WhatsApp-Image-2021-12-03-at-12.44.09-1024x576.jpeg 1024w, https:\/\/www.caudete.org\/ayuntamiento\/wp-content\/uploads\/2021\/12\/WhatsApp-Image-2021-12-03-at-12.44.09-768x432.jpeg 768w, https:\/\/www.caudete.org\/ayuntamiento\/wp-content\/uploads\/2021\/12\/WhatsApp-Image-2021-12-03-at-12.44.09-1536x864.jpeg 1536w, https:\/\/www.caudete.org\/ayuntamiento\/wp-content\/uploads\/2021\/12\/WhatsApp-Image-2021-12-03-at-12.44.09.jpeg 1600w\" sizes=\"(max-width: 300px) 100vw, 300px\" \/><\/p>\n","protected":false},"excerpt":{"rendered":"<p>Pilar Egea, Concejal de Deportes se desplazaba a la Ciudad Deportiva, donde recientemente se ha instalado un nuevo Parque Deportivo para la pr\u00e1ctica de la &#8220;Calistenia&#8221;, para informar de la finalizaci\u00f3n de las obras y de la fecha prevista para su inauguraci\u00f3n: el pr\u00f3ximo d\u00eda 12 de Diciembre a las 12:00h. Esta actuaci\u00f3n, forma parte &hellip;<\/p>\n","protected":false},"author":3,"featured_media":17339,"comment_status":"closed","ping_status":"open","sticky":false,"template":"","format":"standard","meta":{"ngg_post_thumbnail":0,"footnotes":""},"categories":[23],"tags":[],"class_list":["post-17340","post","type-post","status-publish","format-standard","has-post-thumbnail","hentry","category-deportes"],"yoast_head":"<!-- This site is optimized with the Yoast SEO plugin v27.5 - https:\/\/yoast.com\/product\/yoast-seo-wordpress\/ -->\n<title>El pr\u00f3ximo domingo se inaugura el PARQUE DE CALISTENIA, financiado entre el Ayuntamiento y la Diputaci\u00f3n - MI Ayuntamiento de Caudete<\/title>\n<meta name=\"description\" content=\"P\u00e1gina Oficial del Ayuntamiento de Caudete (Albacete)\" \/>\n<meta name=\"robots\" content=\"index, follow, max-snippet:-1, max-image-preview:large, max-video-preview:-1\" \/>\n<link rel=\"canonical\" href=\"https:\/\/www.caudete.org\/ayuntamiento\/el-proximo-domingo-se-inaugura-el-parque-de-calistenia-financiado-entre-el-ayuntamiento-y-la-diputacion\/\" \/>\n<meta property=\"og:locale\" content=\"es_ES\" \/>\n<meta property=\"og:type\" content=\"article\" \/>\n<meta property=\"og:title\" content=\"El pr\u00f3ximo domingo se inaugura el PARQUE DE CALISTENIA, financiado entre el Ayuntamiento y la Diputaci\u00f3n - MI Ayuntamiento de Caudete\" \/>\n<meta property=\"og:description\" content=\"P\u00e1gina Oficial del Ayuntamiento de Caudete (Albacete)\" \/>\n<meta property=\"og:url\" content=\"https:\/\/www.caudete.org\/ayuntamiento\/el-proximo-domingo-se-inaugura-el-parque-de-calistenia-financiado-entre-el-ayuntamiento-y-la-diputacion\/\" \/>\n<meta property=\"og:site_name\" content=\"MI Ayuntamiento de Caudete\" \/>\n<meta property=\"article:publisher\" content=\"https:\/\/www.facebook.com\/ayuntamientocaudete\/\" \/>\n<meta property=\"article:published_time\" content=\"2021-12-07T08:00:45+00:00\" \/>\n<meta property=\"og:image\" content=\"https:\/\/www.caudete.org\/ayuntamiento\/wp-content\/uploads\/2021\/12\/WhatsApp-Image-2021-12-03-at-12.44.09.jpeg\" \/>\n\t<meta property=\"og:image:width\" content=\"1600\" \/>\n\t<meta property=\"og:image:height\" content=\"900\" \/>\n\t<meta property=\"og:image:type\" content=\"image\/jpeg\" \/>\n<meta name=\"author\" content=\"alcalde\" \/>\n<meta name=\"twitter:card\" content=\"summary_large_image\" \/>\n<meta name=\"twitter:label1\" content=\"Escrito por\" \/>\n\t<meta name=\"twitter:data1\" content=\"alcalde\" \/>\n\t<meta name=\"twitter:label2\" content=\"Tiempo de lectura\" \/>\n\t<meta name=\"twitter:data2\" content=\"3 minutos\" \/>\n<script type=\"application\/ld+json\" class=\"yoast-schema-graph\">{\"@context\":\"https:\\\/\\\/schema.org\",\"@graph\":[{\"@type\":\"Article\",\"@id\":\"https:\\\/\\\/www.caudete.org\\\/ayuntamiento\\\/el-proximo-domingo-se-inaugura-el-parque-de-calistenia-financiado-entre-el-ayuntamiento-y-la-diputacion\\\/#article\",\"isPartOf\":{\"@id\":\"https:\\\/\\\/www.caudete.org\\\/ayuntamiento\\\/el-proximo-domingo-se-inaugura-el-parque-de-calistenia-financiado-entre-el-ayuntamiento-y-la-diputacion\\\/\"},\"author\":{\"name\":\"alcalde\",\"@id\":\"https:\\\/\\\/www.caudete.org\\\/ayuntamiento\\\/#\\\/schema\\\/person\\\/cc646da9133078ee4d8dd47457947253\"},\"headline\":\"El pr\u00f3ximo domingo se inaugura el PARQUE DE CALISTENIA, financiado entre el Ayuntamiento y la Diputaci\u00f3n\",\"datePublished\":\"2021-12-07T08:00:45+00:00\",\"mainEntityOfPage\":{\"@id\":\"https:\\\/\\\/www.caudete.org\\\/ayuntamiento\\\/el-proximo-domingo-se-inaugura-el-parque-de-calistenia-financiado-entre-el-ayuntamiento-y-la-diputacion\\\/\"},\"wordCount\":377,\"image\":{\"@id\":\"https:\\\/\\\/www.caudete.org\\\/ayuntamiento\\\/el-proximo-domingo-se-inaugura-el-parque-de-calistenia-financiado-entre-el-ayuntamiento-y-la-diputacion\\\/#primaryimage\"},\"thumbnailUrl\":\"https:\\\/\\\/www.caudete.org\\\/ayuntamiento\\\/wp-content\\\/uploads\\\/2021\\\/12\\\/WhatsApp-Image-2021-12-03-at-12.44.09.jpeg\",\"articleSection\":[\"Deportes\"],\"inLanguage\":\"es\"},{\"@type\":\"WebPage\",\"@id\":\"https:\\\/\\\/www.caudete.org\\\/ayuntamiento\\\/el-proximo-domingo-se-inaugura-el-parque-de-calistenia-financiado-entre-el-ayuntamiento-y-la-diputacion\\\/\",\"url\":\"https:\\\/\\\/www.caudete.org\\\/ayuntamiento\\\/el-proximo-domingo-se-inaugura-el-parque-de-calistenia-financiado-entre-el-ayuntamiento-y-la-diputacion\\\/\",\"name\":\"El pr\u00f3ximo domingo se inaugura el PARQUE DE CALISTENIA, financiado entre el Ayuntamiento y la Diputaci\u00f3n - MI Ayuntamiento de Caudete\",\"isPartOf\":{\"@id\":\"https:\\\/\\\/www.caudete.org\\\/ayuntamiento\\\/#website\"},\"primaryImageOfPage\":{\"@id\":\"https:\\\/\\\/www.caudete.org\\\/ayuntamiento\\\/el-proximo-domingo-se-inaugura-el-parque-de-calistenia-financiado-entre-el-ayuntamiento-y-la-diputacion\\\/#primaryimage\"},\"image\":{\"@id\":\"https:\\\/\\\/www.caudete.org\\\/ayuntamiento\\\/el-proximo-domingo-se-inaugura-el-parque-de-calistenia-financiado-entre-el-ayuntamiento-y-la-diputacion\\\/#primaryimage\"},\"thumbnailUrl\":\"https:\\\/\\\/www.caudete.org\\\/ayuntamiento\\\/wp-content\\\/uploads\\\/2021\\\/12\\\/WhatsApp-Image-2021-12-03-at-12.44.09.jpeg\",\"datePublished\":\"2021-12-07T08:00:45+00:00\",\"author\":{\"@id\":\"https:\\\/\\\/www.caudete.org\\\/ayuntamiento\\\/#\\\/schema\\\/person\\\/cc646da9133078ee4d8dd47457947253\"},\"description\":\"P\u00e1gina Oficial del Ayuntamiento de Caudete (Albacete)\",\"breadcrumb\":{\"@id\":\"https:\\\/\\\/www.caudete.org\\\/ayuntamiento\\\/el-proximo-domingo-se-inaugura-el-parque-de-calistenia-financiado-entre-el-ayuntamiento-y-la-diputacion\\\/#breadcrumb\"},\"inLanguage\":\"es\",\"potentialAction\":[{\"@type\":\"ReadAction\",\"target\":[\"https:\\\/\\\/www.caudete.org\\\/ayuntamiento\\\/el-proximo-domingo-se-inaugura-el-parque-de-calistenia-financiado-entre-el-ayuntamiento-y-la-diputacion\\\/\"]}]},{\"@type\":\"ImageObject\",\"inLanguage\":\"es\",\"@id\":\"https:\\\/\\\/www.caudete.org\\\/ayuntamiento\\\/el-proximo-domingo-se-inaugura-el-parque-de-calistenia-financiado-entre-el-ayuntamiento-y-la-diputacion\\\/#primaryimage\",\"url\":\"https:\\\/\\\/www.caudete.org\\\/ayuntamiento\\\/wp-content\\\/uploads\\\/2021\\\/12\\\/WhatsApp-Image-2021-12-03-at-12.44.09.jpeg\",\"contentUrl\":\"https:\\\/\\\/www.caudete.org\\\/ayuntamiento\\\/wp-content\\\/uploads\\\/2021\\\/12\\\/WhatsApp-Image-2021-12-03-at-12.44.09.jpeg\",\"width\":1600,\"height\":900},{\"@type\":\"BreadcrumbList\",\"@id\":\"https:\\\/\\\/www.caudete.org\\\/ayuntamiento\\\/el-proximo-domingo-se-inaugura-el-parque-de-calistenia-financiado-entre-el-ayuntamiento-y-la-diputacion\\\/#breadcrumb\",\"itemListElement\":[{\"@type\":\"ListItem\",\"position\":1,\"name\":\"Inicio\",\"item\":\"https:\\\/\\\/www.caudete.org\\\/ayuntamiento\\\/\"},{\"@type\":\"ListItem\",\"position\":2,\"name\":\"El pr\u00f3ximo domingo se inaugura el PARQUE DE CALISTENIA, financiado entre el Ayuntamiento y la Diputaci\u00f3n\"}]},{\"@type\":\"WebSite\",\"@id\":\"https:\\\/\\\/www.caudete.org\\\/ayuntamiento\\\/#website\",\"url\":\"https:\\\/\\\/www.caudete.org\\\/ayuntamiento\\\/\",\"name\":\"MI Ayuntamiento de Caudete\",\"description\":\"P\u00e1gina Oficial del MI Ayuntamiento de Caudete\",\"potentialAction\":[{\"@type\":\"SearchAction\",\"target\":{\"@type\":\"EntryPoint\",\"urlTemplate\":\"https:\\\/\\\/www.caudete.org\\\/ayuntamiento\\\/?s={search_term_string}\"},\"query-input\":{\"@type\":\"PropertyValueSpecification\",\"valueRequired\":true,\"valueName\":\"search_term_string\"}}],\"inLanguage\":\"es\"},{\"@type\":\"Person\",\"@id\":\"https:\\\/\\\/www.caudete.org\\\/ayuntamiento\\\/#\\\/schema\\\/person\\\/cc646da9133078ee4d8dd47457947253\",\"name\":\"alcalde\",\"image\":{\"@type\":\"ImageObject\",\"inLanguage\":\"es\",\"@id\":\"https:\\\/\\\/secure.gravatar.com\\\/avatar\\\/84a817ba065b29ff08d666b215a215f5c79186a645ccb25b14a663d48a130f77?s=96&d=mm&r=g\",\"url\":\"https:\\\/\\\/secure.gravatar.com\\\/avatar\\\/84a817ba065b29ff08d666b215a215f5c79186a645ccb25b14a663d48a130f77?s=96&d=mm&r=g\",\"contentUrl\":\"https:\\\/\\\/secure.gravatar.com\\\/avatar\\\/84a817ba065b29ff08d666b215a215f5c79186a645ccb25b14a663d48a130f77?s=96&d=mm&r=g\",\"caption\":\"alcalde\"},\"url\":\"https:\\\/\\\/www.caudete.org\\\/ayuntamiento\\\/author\\\/alcalde\\\/\"}]}<\/script>\n<!-- \/ Yoast SEO plugin. -->","yoast_head_json":{"title":"El pr\u00f3ximo domingo se inaugura el PARQUE DE CALISTENIA, financiado entre el Ayuntamiento y la Diputaci\u00f3n - MI Ayuntamiento de Caudete","description":"P\u00e1gina Oficial del Ayuntamiento de Caudete (Albacete)","robots":{"index":"index","follow":"follow","max-snippet":"max-snippet:-1","max-image-preview":"max-image-preview:large","max-video-preview":"max-video-preview:-1"},"canonical":"https:\/\/www.caudete.org\/ayuntamiento\/el-proximo-domingo-se-inaugura-el-parque-de-calistenia-financiado-entre-el-ayuntamiento-y-la-diputacion\/","og_locale":"es_ES","og_type":"article","og_title":"El pr\u00f3ximo domingo se inaugura el PARQUE DE CALISTENIA, financiado entre el Ayuntamiento y la Diputaci\u00f3n - MI Ayuntamiento de Caudete","og_description":"P\u00e1gina Oficial del Ayuntamiento de Caudete (Albacete)","og_url":"https:\/\/www.caudete.org\/ayuntamiento\/el-proximo-domingo-se-inaugura-el-parque-de-calistenia-financiado-entre-el-ayuntamiento-y-la-diputacion\/","og_site_name":"MI Ayuntamiento de Caudete","article_publisher":"https:\/\/www.facebook.com\/ayuntamientocaudete\/","article_published_time":"2021-12-07T08:00:45+00:00","og_image":[{"width":1600,"height":900,"url":"https:\/\/www.caudete.org\/ayuntamiento\/wp-content\/uploads\/2021\/12\/WhatsApp-Image-2021-12-03-at-12.44.09.jpeg","type":"image\/jpeg"}],"author":"alcalde","twitter_card":"summary_large_image","twitter_misc":{"Escrito por":"alcalde","Tiempo de lectura":"3 minutos"},"schema":{"@context":"https:\/\/schema.org","@graph":[{"@type":"Article","@id":"https:\/\/www.caudete.org\/ayuntamiento\/el-proximo-domingo-se-inaugura-el-parque-de-calistenia-financiado-entre-el-ayuntamiento-y-la-diputacion\/#article","isPartOf":{"@id":"https:\/\/www.caudete.org\/ayuntamiento\/el-proximo-domingo-se-inaugura-el-parque-de-calistenia-financiado-entre-el-ayuntamiento-y-la-diputacion\/"},"author":{"name":"alcalde","@id":"https:\/\/www.caudete.org\/ayuntamiento\/#\/schema\/person\/cc646da9133078ee4d8dd47457947253"},"headline":"El pr\u00f3ximo domingo se inaugura el PARQUE DE CALISTENIA, financiado entre el Ayuntamiento y la Diputaci\u00f3n","datePublished":"2021-12-07T08:00:45+00:00","mainEntityOfPage":{"@id":"https:\/\/www.caudete.org\/ayuntamiento\/el-proximo-domingo-se-inaugura-el-parque-de-calistenia-financiado-entre-el-ayuntamiento-y-la-diputacion\/"},"wordCount":377,"image":{"@id":"https:\/\/www.caudete.org\/ayuntamiento\/el-proximo-domingo-se-inaugura-el-parque-de-calistenia-financiado-entre-el-ayuntamiento-y-la-diputacion\/#primaryimage"},"thumbnailUrl":"https:\/\/www.caudete.org\/ayuntamiento\/wp-content\/uploads\/2021\/12\/WhatsApp-Image-2021-12-03-at-12.44.09.jpeg","articleSection":["Deportes"],"inLanguage":"es"},{"@type":"WebPage","@id":"https:\/\/www.caudete.org\/ayuntamiento\/el-proximo-domingo-se-inaugura-el-parque-de-calistenia-financiado-entre-el-ayuntamiento-y-la-diputacion\/","url":"https:\/\/www.caudete.org\/ayuntamiento\/el-proximo-domingo-se-inaugura-el-parque-de-calistenia-financiado-entre-el-ayuntamiento-y-la-diputacion\/","name":"El pr\u00f3ximo domingo se inaugura el PARQUE DE CALISTENIA, financiado entre el Ayuntamiento y la Diputaci\u00f3n - MI Ayuntamiento de Caudete","isPartOf":{"@id":"https:\/\/www.caudete.org\/ayuntamiento\/#website"},"primaryImageOfPage":{"@id":"https:\/\/www.caudete.org\/ayuntamiento\/el-proximo-domingo-se-inaugura-el-parque-de-calistenia-financiado-entre-el-ayuntamiento-y-la-diputacion\/#primaryimage"},"image":{"@id":"https:\/\/www.caudete.org\/ayuntamiento\/el-proximo-domingo-se-inaugura-el-parque-de-calistenia-financiado-entre-el-ayuntamiento-y-la-diputacion\/#primaryimage"},"thumbnailUrl":"https:\/\/www.caudete.org\/ayuntamiento\/wp-content\/uploads\/2021\/12\/WhatsApp-Image-2021-12-03-at-12.44.09.jpeg","datePublished":"2021-12-07T08:00:45+00:00","author":{"@id":"https:\/\/www.caudete.org\/ayuntamiento\/#\/schema\/person\/cc646da9133078ee4d8dd47457947253"},"description":"P\u00e1gina Oficial del Ayuntamiento de Caudete (Albacete)","breadcrumb":{"@id":"https:\/\/www.caudete.org\/ayuntamiento\/el-proximo-domingo-se-inaugura-el-parque-de-calistenia-financiado-entre-el-ayuntamiento-y-la-diputacion\/#breadcrumb"},"inLanguage":"es","potentialAction":[{"@type":"ReadAction","target":["https:\/\/www.caudete.org\/ayuntamiento\/el-proximo-domingo-se-inaugura-el-parque-de-calistenia-financiado-entre-el-ayuntamiento-y-la-diputacion\/"]}]},{"@type":"ImageObject","inLanguage":"es","@id":"https:\/\/www.caudete.org\/ayuntamiento\/el-proximo-domingo-se-inaugura-el-parque-de-calistenia-financiado-entre-el-ayuntamiento-y-la-diputacion\/#primaryimage","url":"https:\/\/www.caudete.org\/ayuntamiento\/wp-content\/uploads\/2021\/12\/WhatsApp-Image-2021-12-03-at-12.44.09.jpeg","contentUrl":"https:\/\/www.caudete.org\/ayuntamiento\/wp-content\/uploads\/2021\/12\/WhatsApp-Image-2021-12-03-at-12.44.09.jpeg","width":1600,"height":900},{"@type":"BreadcrumbList","@id":"https:\/\/www.caudete.org\/ayuntamiento\/el-proximo-domingo-se-inaugura-el-parque-de-calistenia-financiado-entre-el-ayuntamiento-y-la-diputacion\/#breadcrumb","itemListElement":[{"@type":"ListItem","position":1,"name":"Inicio","item":"https:\/\/www.caudete.org\/ayuntamiento\/"},{"@type":"ListItem","position":2,"name":"El pr\u00f3ximo domingo se inaugura el PARQUE DE CALISTENIA, financiado entre el Ayuntamiento y la Diputaci\u00f3n"}]},{"@type":"WebSite","@id":"https:\/\/www.caudete.org\/ayuntamiento\/#website","url":"https:\/\/www.caudete.org\/ayuntamiento\/","name":"MI Ayuntamiento de Caudete","description":"P\u00e1gina Oficial del MI Ayuntamiento de Caudete","potentialAction":[{"@type":"SearchAction","target":{"@type":"EntryPoint","urlTemplate":"https:\/\/www.caudete.org\/ayuntamiento\/?s={search_term_string}"},"query-input":{"@type":"PropertyValueSpecification","valueRequired":true,"valueName":"search_term_string"}}],"inLanguage":"es"},{"@type":"Person","@id":"https:\/\/www.caudete.org\/ayuntamiento\/#\/schema\/person\/cc646da9133078ee4d8dd47457947253","name":"alcalde","image":{"@type":"ImageObject","inLanguage":"es","@id":"https:\/\/secure.gravatar.com\/avatar\/84a817ba065b29ff08d666b215a215f5c79186a645ccb25b14a663d48a130f77?s=96&d=mm&r=g","url":"https:\/\/secure.gravatar.com\/avatar\/84a817ba065b29ff08d666b215a215f5c79186a645ccb25b14a663d48a130f77?s=96&d=mm&r=g","contentUrl":"https:\/\/secure.gravatar.com\/avatar\/84a817ba065b29ff08d666b215a215f5c79186a645ccb25b14a663d48a130f77?s=96&d=mm&r=g","caption":"alcalde"},"url":"https:\/\/www.caudete.org\/ayuntamiento\/author\/alcalde\/"}]}},"_links":{"self":[{"href":"https:\/\/www.caudete.org\/ayuntamiento\/wp-json\/wp\/v2\/posts\/17340","targetHints":{"allow":["GET"]}}],"collection":[{"href":"https:\/\/www.caudete.org\/ayuntamiento\/wp-json\/wp\/v2\/posts"}],"about":[{"href":"https:\/\/www.caudete.org\/ayuntamiento\/wp-json\/wp\/v2\/types\/post"}],"author":[{"embeddable":true,"href":"https:\/\/www.caudete.org\/ayuntamiento\/wp-json\/wp\/v2\/users\/3"}],"replies":[{"embeddable":true,"href":"https:\/\/www.caudete.org\/ayuntamiento\/wp-json\/wp\/v2\/comments?post=17340"}],"version-history":[{"count":1,"href":"https:\/\/www.caudete.org\/ayuntamiento\/wp-json\/wp\/v2\/posts\/17340\/revisions"}],"predecessor-version":[{"id":17343,"href":"https:\/\/www.caudete.org\/ayuntamiento\/wp-json\/wp\/v2\/posts\/17340\/revisions\/17343"}],"wp:featuredmedia":[{"embeddable":true,"href":"https:\/\/www.caudete.org\/ayuntamiento\/wp-json\/wp\/v2\/media\/17339"}],"wp:attachment":[{"href":"https:\/\/www.caudete.org\/ayuntamiento\/wp-json\/wp\/v2\/media?parent=17340"}],"wp:term":[{"taxonomy":"category","embeddable":true,"href":"https:\/\/www.caudete.org\/ayuntamiento\/wp-json\/wp\/v2\/categories?post=17340"},{"taxonomy":"post_tag","embeddable":true,"href":"https:\/\/www.caudete.org\/ayuntamiento\/wp-json\/wp\/v2\/tags?post=17340"}],"curies":[{"name":"wp","href":"https:\/\/api.w.org\/{rel}","templated":true}]}}