{"id":17349,"date":"2021-12-04T19:00:49","date_gmt":"2021-12-04T18:00:49","guid":{"rendered":"https:\/\/www.caudete.org\/ayuntamiento\/?p=17349"},"modified":"2021-12-05T08:55:17","modified_gmt":"2021-12-05T07:55:17","slug":"el-mercadillo-navideno-se-realizara-el-proximo-fin-de-semana","status":"publish","type":"post","link":"https:\/\/www.caudete.org\/ayuntamiento\/el-mercadillo-navideno-se-realizara-el-proximo-fin-de-semana\/","title":{"rendered":"El MERCADILLO NAVIDE\u00d1O se realizar\u00e1 el pr\u00f3ximo fin de semana"},"content":{"rendered":"<p><a href=\"https:\/\/www.caudete.org\/ayuntamiento\/wp-content\/uploads\/2021\/12\/WhatsApp-Image-2021-11-26-at-20.17.17-2.jpeg\" rel='prettyPhoto'><img fetchpriority=\"high\" decoding=\"async\" class=\"aligncenter wp-image-17351 size-medium\" src=\"https:\/\/www.caudete.org\/ayuntamiento\/wp-content\/uploads\/2021\/12\/WhatsApp-Image-2021-11-26-at-20.17.17-2-300x218.jpeg\" alt=\"\" width=\"300\" height=\"218\" srcset=\"https:\/\/www.caudete.org\/ayuntamiento\/wp-content\/uploads\/2021\/12\/WhatsApp-Image-2021-11-26-at-20.17.17-2-300x218.jpeg 300w, https:\/\/www.caudete.org\/ayuntamiento\/wp-content\/uploads\/2021\/12\/WhatsApp-Image-2021-11-26-at-20.17.17-2-1024x742.jpeg 1024w, https:\/\/www.caudete.org\/ayuntamiento\/wp-content\/uploads\/2021\/12\/WhatsApp-Image-2021-11-26-at-20.17.17-2-768x557.jpeg 768w, https:\/\/www.caudete.org\/ayuntamiento\/wp-content\/uploads\/2021\/12\/WhatsApp-Image-2021-11-26-at-20.17.17-2-1536x1114.jpeg 1536w, https:\/\/www.caudete.org\/ayuntamiento\/wp-content\/uploads\/2021\/12\/WhatsApp-Image-2021-11-26-at-20.17.17-2.jpeg 1600w\" sizes=\"(max-width: 300px) 100vw, 300px\" \/><\/a><\/p>\n<p style=\"text-align: justify;\">Vuelve el tradicional &#8220;Mercadillo Navide\u00f1o&#8221; dentro de las actividades de la Campa\u00f1a organizadas por\u00a0 la Asociaci\u00f3n del Comercio de Caudete y que cuentan con la colaboraci\u00f3n de la Concejal\u00eda de Comercio del Ayuntamiento de Caudete y la Delegaci\u00f3n de FEDA en Caudete. As\u00ed lo han presentado en rueda de prensa sus representantes, Diego Cuenca, Manoli Gonz\u00e1lez y Natalia Amor\u00f3s.<\/p>\n<p style=\"text-align: justify;\">El pr\u00f3ximo fin de semana la Plaza de la Iglesia acoger\u00e1 a los comercios participantes, quienes tendr\u00e1n a la venta art\u00edculos para que los clientes realicen las primeras compras navide\u00f1as. Un total de 20 comercios de la localidad, 1 servicio de restauraci\u00f3n y 2 asociaciones.<\/p>\n<p><a href=\"https:\/\/www.caudete.org\/ayuntamiento\/wp-content\/uploads\/2021\/12\/Captura-de-pantalla-2021-12-05-002744.jpg\" rel='prettyPhoto'><img decoding=\"async\" class=\"aligncenter wp-image-17350 size-medium\" src=\"https:\/\/www.caudete.org\/ayuntamiento\/wp-content\/uploads\/2021\/12\/Captura-de-pantalla-2021-12-05-002744-300x165.jpg\" alt=\"\" width=\"300\" height=\"165\" srcset=\"https:\/\/www.caudete.org\/ayuntamiento\/wp-content\/uploads\/2021\/12\/Captura-de-pantalla-2021-12-05-002744-300x165.jpg 300w, https:\/\/www.caudete.org\/ayuntamiento\/wp-content\/uploads\/2021\/12\/Captura-de-pantalla-2021-12-05-002744-1024x563.jpg 1024w, https:\/\/www.caudete.org\/ayuntamiento\/wp-content\/uploads\/2021\/12\/Captura-de-pantalla-2021-12-05-002744-768x423.jpg 768w, https:\/\/www.caudete.org\/ayuntamiento\/wp-content\/uploads\/2021\/12\/Captura-de-pantalla-2021-12-05-002744.jpg 1087w\" sizes=\"(max-width: 300px) 100vw, 300px\" \/><\/a><\/p>\n<p style=\"text-align: justify;\">Adem\u00e1s, se han organizado diferentes actividades y talleres, de los que podemos destacar: Taller de Nutrici\u00f3n Saludable para Navidad, Cuenta Cuentos, Pinta Caras, Taller de Reposter\u00eda Saludable, Cata de Vinos y Aceite, Taller de Pintura, Firma de Libros, etc. Tambi\u00e9n, el s\u00e1bado por la ma\u00f1ana MQR realizar\u00e1 un programa de radio en directo, y durante el fin de semana habr\u00e1 sorteo de regalos por las compras realizadas en el Mercadillo.<\/p>\n<p>\u00a0<a href=\"https:\/\/www.caudete.org\/ayuntamiento\/wp-content\/uploads\/2021\/12\/20211204_221801.jpg\" rel='prettyPhoto'><img decoding=\"async\" class=\"aligncenter wp-image-17353 size-medium\" src=\"https:\/\/www.caudete.org\/ayuntamiento\/wp-content\/uploads\/2021\/12\/20211204_221801-300x218.jpg\" alt=\"\" width=\"300\" height=\"218\" srcset=\"https:\/\/www.caudete.org\/ayuntamiento\/wp-content\/uploads\/2021\/12\/20211204_221801-300x218.jpg 300w, https:\/\/www.caudete.org\/ayuntamiento\/wp-content\/uploads\/2021\/12\/20211204_221801-1024x743.jpg 1024w, https:\/\/www.caudete.org\/ayuntamiento\/wp-content\/uploads\/2021\/12\/20211204_221801-768x557.jpg 768w, https:\/\/www.caudete.org\/ayuntamiento\/wp-content\/uploads\/2021\/12\/20211204_221801-1536x1115.jpg 1536w, https:\/\/www.caudete.org\/ayuntamiento\/wp-content\/uploads\/2021\/12\/20211204_221801.jpg 1928w\" sizes=\"(max-width: 300px) 100vw, 300px\" \/><\/a><\/p>\n<p style=\"text-align: justify;\">La inauguraci\u00f3n del Mercadillo ser\u00e1 el viernes 10 de diciembre, a las 19:00 horas, y coincidir\u00e1 con el encendido del alumbrado navide\u00f1o, y durante el fin de semana contar\u00e1 con el horario siguiente:<\/p>\n<ul>\n<li style=\"text-align: justify;\">Viernes, de 18:30 a 22:00 h<\/li>\n<li style=\"text-align: justify;\">S\u00e1bado, de 11:00 a 22:00 h<\/li>\n<li style=\"text-align: justify;\">Domingo, de 11:00 a 21:00 h<\/li>\n<\/ul>\n","protected":false},"excerpt":{"rendered":"<p>Vuelve el tradicional &#8220;Mercadillo Navide\u00f1o&#8221; dentro de las actividades de la Campa\u00f1a organizadas por\u00a0 la Asociaci\u00f3n del Comercio de Caudete y que cuentan con la colaboraci\u00f3n de la Concejal\u00eda de Comercio del Ayuntamiento de Caudete y la Delegaci\u00f3n de FEDA en Caudete. As\u00ed lo han presentado en rueda de prensa sus representantes, Diego Cuenca, Manoli &hellip;<\/p>\n","protected":false},"author":3,"featured_media":17352,"comment_status":"closed","ping_status":"open","sticky":false,"template":"","format":"standard","meta":{"ngg_post_thumbnail":0,"footnotes":""},"categories":[42],"tags":[],"class_list":["post-17349","post","type-post","status-publish","format-standard","has-post-thumbnail","hentry","category-comercio"],"yoast_head":"<!-- This site is optimized with the Yoast SEO plugin v27.5 - https:\/\/yoast.com\/product\/yoast-seo-wordpress\/ -->\n<title>El MERCADILLO NAVIDE\u00d1O se realizar\u00e1 el pr\u00f3ximo fin de semana - MI Ayuntamiento de Caudete<\/title>\n<meta name=\"description\" content=\"P\u00e1gina Oficial del Ayuntamiento de Caudete (Albacete)\" \/>\n<meta name=\"robots\" content=\"index, follow, max-snippet:-1, max-image-preview:large, max-video-preview:-1\" \/>\n<link rel=\"canonical\" href=\"https:\/\/www.caudete.org\/ayuntamiento\/el-mercadillo-navideno-se-realizara-el-proximo-fin-de-semana\/\" \/>\n<meta property=\"og:locale\" content=\"es_ES\" \/>\n<meta property=\"og:type\" content=\"article\" \/>\n<meta property=\"og:title\" content=\"El MERCADILLO NAVIDE\u00d1O se realizar\u00e1 el pr\u00f3ximo fin de semana - MI Ayuntamiento de Caudete\" \/>\n<meta property=\"og:description\" content=\"P\u00e1gina Oficial del Ayuntamiento de Caudete (Albacete)\" \/>\n<meta property=\"og:url\" content=\"https:\/\/www.caudete.org\/ayuntamiento\/el-mercadillo-navideno-se-realizara-el-proximo-fin-de-semana\/\" \/>\n<meta property=\"og:site_name\" content=\"MI Ayuntamiento de Caudete\" \/>\n<meta property=\"article:publisher\" content=\"https:\/\/www.facebook.com\/ayuntamientocaudete\/\" \/>\n<meta property=\"article:published_time\" content=\"2021-12-04T18:00:49+00:00\" \/>\n<meta property=\"article:modified_time\" content=\"2021-12-05T07:55:17+00:00\" \/>\n<meta property=\"og:image\" content=\"https:\/\/www.caudete.org\/ayuntamiento\/wp-content\/uploads\/2021\/12\/20211204_221758.jpg\" \/>\n\t<meta property=\"og:image:width\" content=\"1916\" \/>\n\t<meta property=\"og:image:height\" content=\"1399\" \/>\n\t<meta property=\"og:image:type\" content=\"image\/jpeg\" \/>\n<meta name=\"author\" content=\"alcalde\" \/>\n<meta name=\"twitter:card\" content=\"summary_large_image\" \/>\n<meta name=\"twitter:label1\" content=\"Escrito por\" \/>\n\t<meta name=\"twitter:data1\" content=\"alcalde\" \/>\n\t<meta name=\"twitter:label2\" content=\"Tiempo de lectura\" \/>\n\t<meta name=\"twitter:data2\" content=\"2 minutos\" \/>\n<script type=\"application\/ld+json\" class=\"yoast-schema-graph\">{\"@context\":\"https:\\\/\\\/schema.org\",\"@graph\":[{\"@type\":\"Article\",\"@id\":\"https:\\\/\\\/www.caudete.org\\\/ayuntamiento\\\/el-mercadillo-navideno-se-realizara-el-proximo-fin-de-semana\\\/#article\",\"isPartOf\":{\"@id\":\"https:\\\/\\\/www.caudete.org\\\/ayuntamiento\\\/el-mercadillo-navideno-se-realizara-el-proximo-fin-de-semana\\\/\"},\"author\":{\"name\":\"alcalde\",\"@id\":\"https:\\\/\\\/www.caudete.org\\\/ayuntamiento\\\/#\\\/schema\\\/person\\\/cc646da9133078ee4d8dd47457947253\"},\"headline\":\"El MERCADILLO NAVIDE\u00d1O se realizar\u00e1 el pr\u00f3ximo fin de semana\",\"datePublished\":\"2021-12-04T18:00:49+00:00\",\"dateModified\":\"2021-12-05T07:55:17+00:00\",\"mainEntityOfPage\":{\"@id\":\"https:\\\/\\\/www.caudete.org\\\/ayuntamiento\\\/el-mercadillo-navideno-se-realizara-el-proximo-fin-de-semana\\\/\"},\"wordCount\":248,\"image\":{\"@id\":\"https:\\\/\\\/www.caudete.org\\\/ayuntamiento\\\/el-mercadillo-navideno-se-realizara-el-proximo-fin-de-semana\\\/#primaryimage\"},\"thumbnailUrl\":\"https:\\\/\\\/www.caudete.org\\\/ayuntamiento\\\/wp-content\\\/uploads\\\/2021\\\/12\\\/20211204_221758.jpg\",\"articleSection\":[\"Comercio\"],\"inLanguage\":\"es\"},{\"@type\":\"WebPage\",\"@id\":\"https:\\\/\\\/www.caudete.org\\\/ayuntamiento\\\/el-mercadillo-navideno-se-realizara-el-proximo-fin-de-semana\\\/\",\"url\":\"https:\\\/\\\/www.caudete.org\\\/ayuntamiento\\\/el-mercadillo-navideno-se-realizara-el-proximo-fin-de-semana\\\/\",\"name\":\"El MERCADILLO NAVIDE\u00d1O se realizar\u00e1 el pr\u00f3ximo fin de semana - MI Ayuntamiento de Caudete\",\"isPartOf\":{\"@id\":\"https:\\\/\\\/www.caudete.org\\\/ayuntamiento\\\/#website\"},\"primaryImageOfPage\":{\"@id\":\"https:\\\/\\\/www.caudete.org\\\/ayuntamiento\\\/el-mercadillo-navideno-se-realizara-el-proximo-fin-de-semana\\\/#primaryimage\"},\"image\":{\"@id\":\"https:\\\/\\\/www.caudete.org\\\/ayuntamiento\\\/el-mercadillo-navideno-se-realizara-el-proximo-fin-de-semana\\\/#primaryimage\"},\"thumbnailUrl\":\"https:\\\/\\\/www.caudete.org\\\/ayuntamiento\\\/wp-content\\\/uploads\\\/2021\\\/12\\\/20211204_221758.jpg\",\"datePublished\":\"2021-12-04T18:00:49+00:00\",\"dateModified\":\"2021-12-05T07:55:17+00:00\",\"author\":{\"@id\":\"https:\\\/\\\/www.caudete.org\\\/ayuntamiento\\\/#\\\/schema\\\/person\\\/cc646da9133078ee4d8dd47457947253\"},\"description\":\"P\u00e1gina Oficial del Ayuntamiento de Caudete (Albacete)\",\"breadcrumb\":{\"@id\":\"https:\\\/\\\/www.caudete.org\\\/ayuntamiento\\\/el-mercadillo-navideno-se-realizara-el-proximo-fin-de-semana\\\/#breadcrumb\"},\"inLanguage\":\"es\",\"potentialAction\":[{\"@type\":\"ReadAction\",\"target\":[\"https:\\\/\\\/www.caudete.org\\\/ayuntamiento\\\/el-mercadillo-navideno-se-realizara-el-proximo-fin-de-semana\\\/\"]}]},{\"@type\":\"ImageObject\",\"inLanguage\":\"es\",\"@id\":\"https:\\\/\\\/www.caudete.org\\\/ayuntamiento\\\/el-mercadillo-navideno-se-realizara-el-proximo-fin-de-semana\\\/#primaryimage\",\"url\":\"https:\\\/\\\/www.caudete.org\\\/ayuntamiento\\\/wp-content\\\/uploads\\\/2021\\\/12\\\/20211204_221758.jpg\",\"contentUrl\":\"https:\\\/\\\/www.caudete.org\\\/ayuntamiento\\\/wp-content\\\/uploads\\\/2021\\\/12\\\/20211204_221758.jpg\",\"width\":1916,\"height\":1399},{\"@type\":\"BreadcrumbList\",\"@id\":\"https:\\\/\\\/www.caudete.org\\\/ayuntamiento\\\/el-mercadillo-navideno-se-realizara-el-proximo-fin-de-semana\\\/#breadcrumb\",\"itemListElement\":[{\"@type\":\"ListItem\",\"position\":1,\"name\":\"Inicio\",\"item\":\"https:\\\/\\\/www.caudete.org\\\/ayuntamiento\\\/\"},{\"@type\":\"ListItem\",\"position\":2,\"name\":\"El MERCADILLO NAVIDE\u00d1O se realizar\u00e1 el pr\u00f3ximo fin de semana\"}]},{\"@type\":\"WebSite\",\"@id\":\"https:\\\/\\\/www.caudete.org\\\/ayuntamiento\\\/#website\",\"url\":\"https:\\\/\\\/www.caudete.org\\\/ayuntamiento\\\/\",\"name\":\"MI Ayuntamiento de Caudete\",\"description\":\"P\u00e1gina Oficial del MI Ayuntamiento de Caudete\",\"potentialAction\":[{\"@type\":\"SearchAction\",\"target\":{\"@type\":\"EntryPoint\",\"urlTemplate\":\"https:\\\/\\\/www.caudete.org\\\/ayuntamiento\\\/?s={search_term_string}\"},\"query-input\":{\"@type\":\"PropertyValueSpecification\",\"valueRequired\":true,\"valueName\":\"search_term_string\"}}],\"inLanguage\":\"es\"},{\"@type\":\"Person\",\"@id\":\"https:\\\/\\\/www.caudete.org\\\/ayuntamiento\\\/#\\\/schema\\\/person\\\/cc646da9133078ee4d8dd47457947253\",\"name\":\"alcalde\",\"image\":{\"@type\":\"ImageObject\",\"inLanguage\":\"es\",\"@id\":\"https:\\\/\\\/secure.gravatar.com\\\/avatar\\\/84a817ba065b29ff08d666b215a215f5c79186a645ccb25b14a663d48a130f77?s=96&d=mm&r=g\",\"url\":\"https:\\\/\\\/secure.gravatar.com\\\/avatar\\\/84a817ba065b29ff08d666b215a215f5c79186a645ccb25b14a663d48a130f77?s=96&d=mm&r=g\",\"contentUrl\":\"https:\\\/\\\/secure.gravatar.com\\\/avatar\\\/84a817ba065b29ff08d666b215a215f5c79186a645ccb25b14a663d48a130f77?s=96&d=mm&r=g\",\"caption\":\"alcalde\"},\"url\":\"https:\\\/\\\/www.caudete.org\\\/ayuntamiento\\\/author\\\/alcalde\\\/\"}]}<\/script>\n<!-- \/ Yoast SEO plugin. -->","yoast_head_json":{"title":"El MERCADILLO NAVIDE\u00d1O se realizar\u00e1 el pr\u00f3ximo fin de semana - MI Ayuntamiento de Caudete","description":"P\u00e1gina Oficial del Ayuntamiento de Caudete (Albacete)","robots":{"index":"index","follow":"follow","max-snippet":"max-snippet:-1","max-image-preview":"max-image-preview:large","max-video-preview":"max-video-preview:-1"},"canonical":"https:\/\/www.caudete.org\/ayuntamiento\/el-mercadillo-navideno-se-realizara-el-proximo-fin-de-semana\/","og_locale":"es_ES","og_type":"article","og_title":"El MERCADILLO NAVIDE\u00d1O se realizar\u00e1 el pr\u00f3ximo fin de semana - MI Ayuntamiento de Caudete","og_description":"P\u00e1gina Oficial del Ayuntamiento de Caudete (Albacete)","og_url":"https:\/\/www.caudete.org\/ayuntamiento\/el-mercadillo-navideno-se-realizara-el-proximo-fin-de-semana\/","og_site_name":"MI Ayuntamiento de Caudete","article_publisher":"https:\/\/www.facebook.com\/ayuntamientocaudete\/","article_published_time":"2021-12-04T18:00:49+00:00","article_modified_time":"2021-12-05T07:55:17+00:00","og_image":[{"width":1916,"height":1399,"url":"https:\/\/www.caudete.org\/ayuntamiento\/wp-content\/uploads\/2021\/12\/20211204_221758.jpg","type":"image\/jpeg"}],"author":"alcalde","twitter_card":"summary_large_image","twitter_misc":{"Escrito por":"alcalde","Tiempo de lectura":"2 minutos"},"schema":{"@context":"https:\/\/schema.org","@graph":[{"@type":"Article","@id":"https:\/\/www.caudete.org\/ayuntamiento\/el-mercadillo-navideno-se-realizara-el-proximo-fin-de-semana\/#article","isPartOf":{"@id":"https:\/\/www.caudete.org\/ayuntamiento\/el-mercadillo-navideno-se-realizara-el-proximo-fin-de-semana\/"},"author":{"name":"alcalde","@id":"https:\/\/www.caudete.org\/ayuntamiento\/#\/schema\/person\/cc646da9133078ee4d8dd47457947253"},"headline":"El MERCADILLO NAVIDE\u00d1O se realizar\u00e1 el pr\u00f3ximo fin de semana","datePublished":"2021-12-04T18:00:49+00:00","dateModified":"2021-12-05T07:55:17+00:00","mainEntityOfPage":{"@id":"https:\/\/www.caudete.org\/ayuntamiento\/el-mercadillo-navideno-se-realizara-el-proximo-fin-de-semana\/"},"wordCount":248,"image":{"@id":"https:\/\/www.caudete.org\/ayuntamiento\/el-mercadillo-navideno-se-realizara-el-proximo-fin-de-semana\/#primaryimage"},"thumbnailUrl":"https:\/\/www.caudete.org\/ayuntamiento\/wp-content\/uploads\/2021\/12\/20211204_221758.jpg","articleSection":["Comercio"],"inLanguage":"es"},{"@type":"WebPage","@id":"https:\/\/www.caudete.org\/ayuntamiento\/el-mercadillo-navideno-se-realizara-el-proximo-fin-de-semana\/","url":"https:\/\/www.caudete.org\/ayuntamiento\/el-mercadillo-navideno-se-realizara-el-proximo-fin-de-semana\/","name":"El MERCADILLO NAVIDE\u00d1O se realizar\u00e1 el pr\u00f3ximo fin de semana - MI Ayuntamiento de Caudete","isPartOf":{"@id":"https:\/\/www.caudete.org\/ayuntamiento\/#website"},"primaryImageOfPage":{"@id":"https:\/\/www.caudete.org\/ayuntamiento\/el-mercadillo-navideno-se-realizara-el-proximo-fin-de-semana\/#primaryimage"},"image":{"@id":"https:\/\/www.caudete.org\/ayuntamiento\/el-mercadillo-navideno-se-realizara-el-proximo-fin-de-semana\/#primaryimage"},"thumbnailUrl":"https:\/\/www.caudete.org\/ayuntamiento\/wp-content\/uploads\/2021\/12\/20211204_221758.jpg","datePublished":"2021-12-04T18:00:49+00:00","dateModified":"2021-12-05T07:55:17+00:00","author":{"@id":"https:\/\/www.caudete.org\/ayuntamiento\/#\/schema\/person\/cc646da9133078ee4d8dd47457947253"},"description":"P\u00e1gina Oficial del Ayuntamiento de Caudete (Albacete)","breadcrumb":{"@id":"https:\/\/www.caudete.org\/ayuntamiento\/el-mercadillo-navideno-se-realizara-el-proximo-fin-de-semana\/#breadcrumb"},"inLanguage":"es","potentialAction":[{"@type":"ReadAction","target":["https:\/\/www.caudete.org\/ayuntamiento\/el-mercadillo-navideno-se-realizara-el-proximo-fin-de-semana\/"]}]},{"@type":"ImageObject","inLanguage":"es","@id":"https:\/\/www.caudete.org\/ayuntamiento\/el-mercadillo-navideno-se-realizara-el-proximo-fin-de-semana\/#primaryimage","url":"https:\/\/www.caudete.org\/ayuntamiento\/wp-content\/uploads\/2021\/12\/20211204_221758.jpg","contentUrl":"https:\/\/www.caudete.org\/ayuntamiento\/wp-content\/uploads\/2021\/12\/20211204_221758.jpg","width":1916,"height":1399},{"@type":"BreadcrumbList","@id":"https:\/\/www.caudete.org\/ayuntamiento\/el-mercadillo-navideno-se-realizara-el-proximo-fin-de-semana\/#breadcrumb","itemListElement":[{"@type":"ListItem","position":1,"name":"Inicio","item":"https:\/\/www.caudete.org\/ayuntamiento\/"},{"@type":"ListItem","position":2,"name":"El MERCADILLO NAVIDE\u00d1O se realizar\u00e1 el pr\u00f3ximo fin de semana"}]},{"@type":"WebSite","@id":"https:\/\/www.caudete.org\/ayuntamiento\/#website","url":"https:\/\/www.caudete.org\/ayuntamiento\/","name":"MI Ayuntamiento de Caudete","description":"P\u00e1gina Oficial del MI Ayuntamiento de Caudete","potentialAction":[{"@type":"SearchAction","target":{"@type":"EntryPoint","urlTemplate":"https:\/\/www.caudete.org\/ayuntamiento\/?s={search_term_string}"},"query-input":{"@type":"PropertyValueSpecification","valueRequired":true,"valueName":"search_term_string"}}],"inLanguage":"es"},{"@type":"Person","@id":"https:\/\/www.caudete.org\/ayuntamiento\/#\/schema\/person\/cc646da9133078ee4d8dd47457947253","name":"alcalde","image":{"@type":"ImageObject","inLanguage":"es","@id":"https:\/\/secure.gravatar.com\/avatar\/84a817ba065b29ff08d666b215a215f5c79186a645ccb25b14a663d48a130f77?s=96&d=mm&r=g","url":"https:\/\/secure.gravatar.com\/avatar\/84a817ba065b29ff08d666b215a215f5c79186a645ccb25b14a663d48a130f77?s=96&d=mm&r=g","contentUrl":"https:\/\/secure.gravatar.com\/avatar\/84a817ba065b29ff08d666b215a215f5c79186a645ccb25b14a663d48a130f77?s=96&d=mm&r=g","caption":"alcalde"},"url":"https:\/\/www.caudete.org\/ayuntamiento\/author\/alcalde\/"}]}},"_links":{"self":[{"href":"https:\/\/www.caudete.org\/ayuntamiento\/wp-json\/wp\/v2\/posts\/17349","targetHints":{"allow":["GET"]}}],"collection":[{"href":"https:\/\/www.caudete.org\/ayuntamiento\/wp-json\/wp\/v2\/posts"}],"about":[{"href":"https:\/\/www.caudete.org\/ayuntamiento\/wp-json\/wp\/v2\/types\/post"}],"author":[{"embeddable":true,"href":"https:\/\/www.caudete.org\/ayuntamiento\/wp-json\/wp\/v2\/users\/3"}],"replies":[{"embeddable":true,"href":"https:\/\/www.caudete.org\/ayuntamiento\/wp-json\/wp\/v2\/comments?post=17349"}],"version-history":[{"count":2,"href":"https:\/\/www.caudete.org\/ayuntamiento\/wp-json\/wp\/v2\/posts\/17349\/revisions"}],"predecessor-version":[{"id":17355,"href":"https:\/\/www.caudete.org\/ayuntamiento\/wp-json\/wp\/v2\/posts\/17349\/revisions\/17355"}],"wp:featuredmedia":[{"embeddable":true,"href":"https:\/\/www.caudete.org\/ayuntamiento\/wp-json\/wp\/v2\/media\/17352"}],"wp:attachment":[{"href":"https:\/\/www.caudete.org\/ayuntamiento\/wp-json\/wp\/v2\/media?parent=17349"}],"wp:term":[{"taxonomy":"category","embeddable":true,"href":"https:\/\/www.caudete.org\/ayuntamiento\/wp-json\/wp\/v2\/categories?post=17349"},{"taxonomy":"post_tag","embeddable":true,"href":"https:\/\/www.caudete.org\/ayuntamiento\/wp-json\/wp\/v2\/tags?post=17349"}],"curies":[{"name":"wp","href":"https:\/\/api.w.org\/{rel}","templated":true}]}}