{"id":17424,"date":"2021-12-10T06:53:46","date_gmt":"2021-12-10T05:53:46","guid":{"rendered":"https:\/\/www.caudete.org\/ayuntamiento\/?p=17424"},"modified":"2021-12-10T09:08:03","modified_gmt":"2021-12-10T08:08:03","slug":"la-concejal-de-bienestar-social-y-el-pte-plataforma-inauguran-las-jornadas-del-voluntariado-y-derechos-humanos","status":"publish","type":"post","link":"https:\/\/www.caudete.org\/ayuntamiento\/la-concejal-de-bienestar-social-y-el-pte-plataforma-inauguran-las-jornadas-del-voluntariado-y-derechos-humanos\/","title":{"rendered":"La Concejal de Bienestar Social y el Pte.Plataforma inauguran las Jornadas del Voluntariado y Derechos Humanos"},"content":{"rendered":"<p style=\"text-align: justify;\">En el marco del d\u00eda internacional de los voluntarios (5 diciembre) y del d\u00eda internacional de los Derechos Humanos (10 diciembre), la Plataforma del Voluntariado de Caudete organiza un a\u00f1o m\u00e1s las Jornadas del Voluntariado y Derechos Humanos con un nutrido calendario de eventos.<\/p>\n<p><a href=\"https:\/\/www.caudete.org\/ayuntamiento\/wp-content\/uploads\/2021\/12\/IMG-20211205-WA0014.jpg\" rel='prettyPhoto'><img fetchpriority=\"high\" decoding=\"async\" class=\"aligncenter wp-image-17426 size-medium\" src=\"https:\/\/www.caudete.org\/ayuntamiento\/wp-content\/uploads\/2021\/12\/IMG-20211205-WA0014-228x300.jpg\" alt=\"\" width=\"228\" height=\"300\" srcset=\"https:\/\/www.caudete.org\/ayuntamiento\/wp-content\/uploads\/2021\/12\/IMG-20211205-WA0014-228x300.jpg 228w, https:\/\/www.caudete.org\/ayuntamiento\/wp-content\/uploads\/2021\/12\/IMG-20211205-WA0014-778x1024.jpg 778w, https:\/\/www.caudete.org\/ayuntamiento\/wp-content\/uploads\/2021\/12\/IMG-20211205-WA0014-768x1010.jpg 768w, https:\/\/www.caudete.org\/ayuntamiento\/wp-content\/uploads\/2021\/12\/IMG-20211205-WA0014.jpg 1080w\" sizes=\"(max-width: 228px) 100vw, 228px\" \/><\/a><\/p>\n<p style=\"text-align: justify;\">La inauguraci\u00f3n se realizaba el pasado mi\u00e9rcoles dia 8 de Diciembre en el vest\u00edbulo del Centro Social Alcalde Vicente Lillo, donde la Plataforma tiene su sede.<\/p>\n<p style=\"text-align: justify;\">Al acto asist\u00eda la Concejal de Bienestar Social Inma Garc\u00eda junto a compa\u00f1eros de Corporaci\u00f3n, para inaugurar junto al Presidente de la organizaci\u00f3n Emilio Jos\u00e9 Catal\u00e1n las jornadas.<\/p>\n<p><a href=\"https:\/\/www.caudete.org\/ayuntamiento\/wp-content\/uploads\/2021\/12\/IMG-20211209-WA0045.jpg\" rel='prettyPhoto'><img decoding=\"async\" class=\"aligncenter wp-image-17427 size-medium\" src=\"https:\/\/www.caudete.org\/ayuntamiento\/wp-content\/uploads\/2021\/12\/IMG-20211209-WA0045-300x225.jpg\" alt=\"\" width=\"300\" height=\"225\" srcset=\"https:\/\/www.caudete.org\/ayuntamiento\/wp-content\/uploads\/2021\/12\/IMG-20211209-WA0045-300x225.jpg 300w, https:\/\/www.caudete.org\/ayuntamiento\/wp-content\/uploads\/2021\/12\/IMG-20211209-WA0045-768x576.jpg 768w, https:\/\/www.caudete.org\/ayuntamiento\/wp-content\/uploads\/2021\/12\/IMG-20211209-WA0045.jpg 960w\" sizes=\"(max-width: 300px) 100vw, 300px\" \/><\/a><\/p>\n<p style=\"text-align: justify;\">Tras las intervenciones p\u00fablicas de ambos, los asistentes pudieron contemplar la exposici\u00f3n de carteles informativos de las ONGs y asociaciones que conforman la Plataforma, finalizando con un vino de honor.<\/p>\n<p style=\"text-align: justify;\">El Presidente agradec\u00eda la labor de los voluntarios y el apoyo del Consistorio, emplazando a los asistentes a los eventos programados. Por su parte, la Concejal mostraba el orgullo de tener un conjunto de asociaciones al servicio de los m\u00e1s d\u00e9biles organizados y representados por el Plataforma, quien realiza una gran labor en el municipio, traslad\u00e1ndoles una vez m\u00e1s el apoyo del Consistorio.<\/p>\n","protected":false},"excerpt":{"rendered":"<p>En el marco del d\u00eda internacional de los voluntarios (5 diciembre) y del d\u00eda internacional de los Derechos Humanos (10 diciembre), la Plataforma del Voluntariado de Caudete organiza un a\u00f1o m\u00e1s las Jornadas del Voluntariado y Derechos Humanos con un nutrido calendario de eventos. La inauguraci\u00f3n se realizaba el pasado mi\u00e9rcoles dia 8 de Diciembre &hellip;<\/p>\n","protected":false},"author":3,"featured_media":17425,"comment_status":"closed","ping_status":"open","sticky":false,"template":"","format":"standard","meta":{"ngg_post_thumbnail":0,"footnotes":""},"categories":[51],"tags":[],"class_list":["post-17424","post","type-post","status-publish","format-standard","has-post-thumbnail","hentry","category-bienestar-social"],"yoast_head":"<!-- This site is optimized with the Yoast SEO plugin v27.5 - https:\/\/yoast.com\/product\/yoast-seo-wordpress\/ -->\n<title>La Concejal de Bienestar Social y el Pte.Plataforma inauguran las Jornadas del Voluntariado y Derechos Humanos - MI Ayuntamiento de Caudete<\/title>\n<meta name=\"description\" content=\"P\u00e1gina Oficial del Ayuntamiento de Caudete (Albacete)\" \/>\n<meta name=\"robots\" content=\"index, follow, max-snippet:-1, max-image-preview:large, max-video-preview:-1\" \/>\n<link rel=\"canonical\" href=\"https:\/\/www.caudete.org\/ayuntamiento\/la-concejal-de-bienestar-social-y-el-pte-plataforma-inauguran-las-jornadas-del-voluntariado-y-derechos-humanos\/\" \/>\n<meta property=\"og:locale\" content=\"es_ES\" \/>\n<meta property=\"og:type\" content=\"article\" \/>\n<meta property=\"og:title\" content=\"La Concejal de Bienestar Social y el Pte.Plataforma inauguran las Jornadas del Voluntariado y Derechos Humanos - MI Ayuntamiento de Caudete\" \/>\n<meta property=\"og:description\" content=\"P\u00e1gina Oficial del Ayuntamiento de Caudete (Albacete)\" \/>\n<meta property=\"og:url\" content=\"https:\/\/www.caudete.org\/ayuntamiento\/la-concejal-de-bienestar-social-y-el-pte-plataforma-inauguran-las-jornadas-del-voluntariado-y-derechos-humanos\/\" \/>\n<meta property=\"og:site_name\" content=\"MI Ayuntamiento de Caudete\" \/>\n<meta property=\"article:publisher\" content=\"https:\/\/www.facebook.com\/ayuntamientocaudete\/\" \/>\n<meta property=\"article:published_time\" content=\"2021-12-10T05:53:46+00:00\" \/>\n<meta property=\"article:modified_time\" content=\"2021-12-10T08:08:03+00:00\" \/>\n<meta property=\"og:image\" content=\"https:\/\/www.caudete.org\/ayuntamiento\/wp-content\/uploads\/2021\/12\/IMG-20211209-WA0040.jpg\" \/>\n\t<meta property=\"og:image:width\" content=\"1080\" \/>\n\t<meta property=\"og:image:height\" content=\"611\" \/>\n\t<meta property=\"og:image:type\" content=\"image\/jpeg\" \/>\n<meta name=\"author\" content=\"alcalde\" \/>\n<meta name=\"twitter:card\" content=\"summary_large_image\" \/>\n<meta name=\"twitter:label1\" content=\"Escrito por\" \/>\n\t<meta name=\"twitter:data1\" content=\"alcalde\" \/>\n\t<meta name=\"twitter:label2\" content=\"Tiempo de lectura\" \/>\n\t<meta name=\"twitter:data2\" content=\"2 minutos\" \/>\n<script type=\"application\/ld+json\" class=\"yoast-schema-graph\">{\"@context\":\"https:\\\/\\\/schema.org\",\"@graph\":[{\"@type\":\"Article\",\"@id\":\"https:\\\/\\\/www.caudete.org\\\/ayuntamiento\\\/la-concejal-de-bienestar-social-y-el-pte-plataforma-inauguran-las-jornadas-del-voluntariado-y-derechos-humanos\\\/#article\",\"isPartOf\":{\"@id\":\"https:\\\/\\\/www.caudete.org\\\/ayuntamiento\\\/la-concejal-de-bienestar-social-y-el-pte-plataforma-inauguran-las-jornadas-del-voluntariado-y-derechos-humanos\\\/\"},\"author\":{\"name\":\"alcalde\",\"@id\":\"https:\\\/\\\/www.caudete.org\\\/ayuntamiento\\\/#\\\/schema\\\/person\\\/cc646da9133078ee4d8dd47457947253\"},\"headline\":\"La Concejal de Bienestar Social y el Pte.Plataforma inauguran las Jornadas del Voluntariado y Derechos Humanos\",\"datePublished\":\"2021-12-10T05:53:46+00:00\",\"dateModified\":\"2021-12-10T08:08:03+00:00\",\"mainEntityOfPage\":{\"@id\":\"https:\\\/\\\/www.caudete.org\\\/ayuntamiento\\\/la-concejal-de-bienestar-social-y-el-pte-plataforma-inauguran-las-jornadas-del-voluntariado-y-derechos-humanos\\\/\"},\"wordCount\":225,\"image\":{\"@id\":\"https:\\\/\\\/www.caudete.org\\\/ayuntamiento\\\/la-concejal-de-bienestar-social-y-el-pte-plataforma-inauguran-las-jornadas-del-voluntariado-y-derechos-humanos\\\/#primaryimage\"},\"thumbnailUrl\":\"https:\\\/\\\/www.caudete.org\\\/ayuntamiento\\\/wp-content\\\/uploads\\\/2021\\\/12\\\/IMG-20211209-WA0040.jpg\",\"articleSection\":[\"Bienestar Social\"],\"inLanguage\":\"es\"},{\"@type\":\"WebPage\",\"@id\":\"https:\\\/\\\/www.caudete.org\\\/ayuntamiento\\\/la-concejal-de-bienestar-social-y-el-pte-plataforma-inauguran-las-jornadas-del-voluntariado-y-derechos-humanos\\\/\",\"url\":\"https:\\\/\\\/www.caudete.org\\\/ayuntamiento\\\/la-concejal-de-bienestar-social-y-el-pte-plataforma-inauguran-las-jornadas-del-voluntariado-y-derechos-humanos\\\/\",\"name\":\"La Concejal de Bienestar Social y el Pte.Plataforma inauguran las Jornadas del Voluntariado y Derechos Humanos - MI Ayuntamiento de Caudete\",\"isPartOf\":{\"@id\":\"https:\\\/\\\/www.caudete.org\\\/ayuntamiento\\\/#website\"},\"primaryImageOfPage\":{\"@id\":\"https:\\\/\\\/www.caudete.org\\\/ayuntamiento\\\/la-concejal-de-bienestar-social-y-el-pte-plataforma-inauguran-las-jornadas-del-voluntariado-y-derechos-humanos\\\/#primaryimage\"},\"image\":{\"@id\":\"https:\\\/\\\/www.caudete.org\\\/ayuntamiento\\\/la-concejal-de-bienestar-social-y-el-pte-plataforma-inauguran-las-jornadas-del-voluntariado-y-derechos-humanos\\\/#primaryimage\"},\"thumbnailUrl\":\"https:\\\/\\\/www.caudete.org\\\/ayuntamiento\\\/wp-content\\\/uploads\\\/2021\\\/12\\\/IMG-20211209-WA0040.jpg\",\"datePublished\":\"2021-12-10T05:53:46+00:00\",\"dateModified\":\"2021-12-10T08:08:03+00:00\",\"author\":{\"@id\":\"https:\\\/\\\/www.caudete.org\\\/ayuntamiento\\\/#\\\/schema\\\/person\\\/cc646da9133078ee4d8dd47457947253\"},\"description\":\"P\u00e1gina Oficial del Ayuntamiento de Caudete (Albacete)\",\"breadcrumb\":{\"@id\":\"https:\\\/\\\/www.caudete.org\\\/ayuntamiento\\\/la-concejal-de-bienestar-social-y-el-pte-plataforma-inauguran-las-jornadas-del-voluntariado-y-derechos-humanos\\\/#breadcrumb\"},\"inLanguage\":\"es\",\"potentialAction\":[{\"@type\":\"ReadAction\",\"target\":[\"https:\\\/\\\/www.caudete.org\\\/ayuntamiento\\\/la-concejal-de-bienestar-social-y-el-pte-plataforma-inauguran-las-jornadas-del-voluntariado-y-derechos-humanos\\\/\"]}]},{\"@type\":\"ImageObject\",\"inLanguage\":\"es\",\"@id\":\"https:\\\/\\\/www.caudete.org\\\/ayuntamiento\\\/la-concejal-de-bienestar-social-y-el-pte-plataforma-inauguran-las-jornadas-del-voluntariado-y-derechos-humanos\\\/#primaryimage\",\"url\":\"https:\\\/\\\/www.caudete.org\\\/ayuntamiento\\\/wp-content\\\/uploads\\\/2021\\\/12\\\/IMG-20211209-WA0040.jpg\",\"contentUrl\":\"https:\\\/\\\/www.caudete.org\\\/ayuntamiento\\\/wp-content\\\/uploads\\\/2021\\\/12\\\/IMG-20211209-WA0040.jpg\",\"width\":1080,\"height\":611},{\"@type\":\"BreadcrumbList\",\"@id\":\"https:\\\/\\\/www.caudete.org\\\/ayuntamiento\\\/la-concejal-de-bienestar-social-y-el-pte-plataforma-inauguran-las-jornadas-del-voluntariado-y-derechos-humanos\\\/#breadcrumb\",\"itemListElement\":[{\"@type\":\"ListItem\",\"position\":1,\"name\":\"Inicio\",\"item\":\"https:\\\/\\\/www.caudete.org\\\/ayuntamiento\\\/\"},{\"@type\":\"ListItem\",\"position\":2,\"name\":\"La Concejal de Bienestar Social y el Pte.Plataforma inauguran las Jornadas del Voluntariado y Derechos Humanos\"}]},{\"@type\":\"WebSite\",\"@id\":\"https:\\\/\\\/www.caudete.org\\\/ayuntamiento\\\/#website\",\"url\":\"https:\\\/\\\/www.caudete.org\\\/ayuntamiento\\\/\",\"name\":\"MI Ayuntamiento de Caudete\",\"description\":\"P\u00e1gina Oficial del MI Ayuntamiento de Caudete\",\"potentialAction\":[{\"@type\":\"SearchAction\",\"target\":{\"@type\":\"EntryPoint\",\"urlTemplate\":\"https:\\\/\\\/www.caudete.org\\\/ayuntamiento\\\/?s={search_term_string}\"},\"query-input\":{\"@type\":\"PropertyValueSpecification\",\"valueRequired\":true,\"valueName\":\"search_term_string\"}}],\"inLanguage\":\"es\"},{\"@type\":\"Person\",\"@id\":\"https:\\\/\\\/www.caudete.org\\\/ayuntamiento\\\/#\\\/schema\\\/person\\\/cc646da9133078ee4d8dd47457947253\",\"name\":\"alcalde\",\"image\":{\"@type\":\"ImageObject\",\"inLanguage\":\"es\",\"@id\":\"https:\\\/\\\/secure.gravatar.com\\\/avatar\\\/84a817ba065b29ff08d666b215a215f5c79186a645ccb25b14a663d48a130f77?s=96&d=mm&r=g\",\"url\":\"https:\\\/\\\/secure.gravatar.com\\\/avatar\\\/84a817ba065b29ff08d666b215a215f5c79186a645ccb25b14a663d48a130f77?s=96&d=mm&r=g\",\"contentUrl\":\"https:\\\/\\\/secure.gravatar.com\\\/avatar\\\/84a817ba065b29ff08d666b215a215f5c79186a645ccb25b14a663d48a130f77?s=96&d=mm&r=g\",\"caption\":\"alcalde\"},\"url\":\"https:\\\/\\\/www.caudete.org\\\/ayuntamiento\\\/author\\\/alcalde\\\/\"}]}<\/script>\n<!-- \/ Yoast SEO plugin. -->","yoast_head_json":{"title":"La Concejal de Bienestar Social y el Pte.Plataforma inauguran las Jornadas del Voluntariado y Derechos Humanos - MI Ayuntamiento de Caudete","description":"P\u00e1gina Oficial del Ayuntamiento de Caudete (Albacete)","robots":{"index":"index","follow":"follow","max-snippet":"max-snippet:-1","max-image-preview":"max-image-preview:large","max-video-preview":"max-video-preview:-1"},"canonical":"https:\/\/www.caudete.org\/ayuntamiento\/la-concejal-de-bienestar-social-y-el-pte-plataforma-inauguran-las-jornadas-del-voluntariado-y-derechos-humanos\/","og_locale":"es_ES","og_type":"article","og_title":"La Concejal de Bienestar Social y el Pte.Plataforma inauguran las Jornadas del Voluntariado y Derechos Humanos - MI Ayuntamiento de Caudete","og_description":"P\u00e1gina Oficial del Ayuntamiento de Caudete (Albacete)","og_url":"https:\/\/www.caudete.org\/ayuntamiento\/la-concejal-de-bienestar-social-y-el-pte-plataforma-inauguran-las-jornadas-del-voluntariado-y-derechos-humanos\/","og_site_name":"MI Ayuntamiento de Caudete","article_publisher":"https:\/\/www.facebook.com\/ayuntamientocaudete\/","article_published_time":"2021-12-10T05:53:46+00:00","article_modified_time":"2021-12-10T08:08:03+00:00","og_image":[{"width":1080,"height":611,"url":"https:\/\/www.caudete.org\/ayuntamiento\/wp-content\/uploads\/2021\/12\/IMG-20211209-WA0040.jpg","type":"image\/jpeg"}],"author":"alcalde","twitter_card":"summary_large_image","twitter_misc":{"Escrito por":"alcalde","Tiempo de lectura":"2 minutos"},"schema":{"@context":"https:\/\/schema.org","@graph":[{"@type":"Article","@id":"https:\/\/www.caudete.org\/ayuntamiento\/la-concejal-de-bienestar-social-y-el-pte-plataforma-inauguran-las-jornadas-del-voluntariado-y-derechos-humanos\/#article","isPartOf":{"@id":"https:\/\/www.caudete.org\/ayuntamiento\/la-concejal-de-bienestar-social-y-el-pte-plataforma-inauguran-las-jornadas-del-voluntariado-y-derechos-humanos\/"},"author":{"name":"alcalde","@id":"https:\/\/www.caudete.org\/ayuntamiento\/#\/schema\/person\/cc646da9133078ee4d8dd47457947253"},"headline":"La Concejal de Bienestar Social y el Pte.Plataforma inauguran las Jornadas del Voluntariado y Derechos Humanos","datePublished":"2021-12-10T05:53:46+00:00","dateModified":"2021-12-10T08:08:03+00:00","mainEntityOfPage":{"@id":"https:\/\/www.caudete.org\/ayuntamiento\/la-concejal-de-bienestar-social-y-el-pte-plataforma-inauguran-las-jornadas-del-voluntariado-y-derechos-humanos\/"},"wordCount":225,"image":{"@id":"https:\/\/www.caudete.org\/ayuntamiento\/la-concejal-de-bienestar-social-y-el-pte-plataforma-inauguran-las-jornadas-del-voluntariado-y-derechos-humanos\/#primaryimage"},"thumbnailUrl":"https:\/\/www.caudete.org\/ayuntamiento\/wp-content\/uploads\/2021\/12\/IMG-20211209-WA0040.jpg","articleSection":["Bienestar Social"],"inLanguage":"es"},{"@type":"WebPage","@id":"https:\/\/www.caudete.org\/ayuntamiento\/la-concejal-de-bienestar-social-y-el-pte-plataforma-inauguran-las-jornadas-del-voluntariado-y-derechos-humanos\/","url":"https:\/\/www.caudete.org\/ayuntamiento\/la-concejal-de-bienestar-social-y-el-pte-plataforma-inauguran-las-jornadas-del-voluntariado-y-derechos-humanos\/","name":"La Concejal de Bienestar Social y el Pte.Plataforma inauguran las Jornadas del Voluntariado y Derechos Humanos - MI Ayuntamiento de Caudete","isPartOf":{"@id":"https:\/\/www.caudete.org\/ayuntamiento\/#website"},"primaryImageOfPage":{"@id":"https:\/\/www.caudete.org\/ayuntamiento\/la-concejal-de-bienestar-social-y-el-pte-plataforma-inauguran-las-jornadas-del-voluntariado-y-derechos-humanos\/#primaryimage"},"image":{"@id":"https:\/\/www.caudete.org\/ayuntamiento\/la-concejal-de-bienestar-social-y-el-pte-plataforma-inauguran-las-jornadas-del-voluntariado-y-derechos-humanos\/#primaryimage"},"thumbnailUrl":"https:\/\/www.caudete.org\/ayuntamiento\/wp-content\/uploads\/2021\/12\/IMG-20211209-WA0040.jpg","datePublished":"2021-12-10T05:53:46+00:00","dateModified":"2021-12-10T08:08:03+00:00","author":{"@id":"https:\/\/www.caudete.org\/ayuntamiento\/#\/schema\/person\/cc646da9133078ee4d8dd47457947253"},"description":"P\u00e1gina Oficial del Ayuntamiento de Caudete (Albacete)","breadcrumb":{"@id":"https:\/\/www.caudete.org\/ayuntamiento\/la-concejal-de-bienestar-social-y-el-pte-plataforma-inauguran-las-jornadas-del-voluntariado-y-derechos-humanos\/#breadcrumb"},"inLanguage":"es","potentialAction":[{"@type":"ReadAction","target":["https:\/\/www.caudete.org\/ayuntamiento\/la-concejal-de-bienestar-social-y-el-pte-plataforma-inauguran-las-jornadas-del-voluntariado-y-derechos-humanos\/"]}]},{"@type":"ImageObject","inLanguage":"es","@id":"https:\/\/www.caudete.org\/ayuntamiento\/la-concejal-de-bienestar-social-y-el-pte-plataforma-inauguran-las-jornadas-del-voluntariado-y-derechos-humanos\/#primaryimage","url":"https:\/\/www.caudete.org\/ayuntamiento\/wp-content\/uploads\/2021\/12\/IMG-20211209-WA0040.jpg","contentUrl":"https:\/\/www.caudete.org\/ayuntamiento\/wp-content\/uploads\/2021\/12\/IMG-20211209-WA0040.jpg","width":1080,"height":611},{"@type":"BreadcrumbList","@id":"https:\/\/www.caudete.org\/ayuntamiento\/la-concejal-de-bienestar-social-y-el-pte-plataforma-inauguran-las-jornadas-del-voluntariado-y-derechos-humanos\/#breadcrumb","itemListElement":[{"@type":"ListItem","position":1,"name":"Inicio","item":"https:\/\/www.caudete.org\/ayuntamiento\/"},{"@type":"ListItem","position":2,"name":"La Concejal de Bienestar Social y el Pte.Plataforma inauguran las Jornadas del Voluntariado y Derechos Humanos"}]},{"@type":"WebSite","@id":"https:\/\/www.caudete.org\/ayuntamiento\/#website","url":"https:\/\/www.caudete.org\/ayuntamiento\/","name":"MI Ayuntamiento de Caudete","description":"P\u00e1gina Oficial del MI Ayuntamiento de Caudete","potentialAction":[{"@type":"SearchAction","target":{"@type":"EntryPoint","urlTemplate":"https:\/\/www.caudete.org\/ayuntamiento\/?s={search_term_string}"},"query-input":{"@type":"PropertyValueSpecification","valueRequired":true,"valueName":"search_term_string"}}],"inLanguage":"es"},{"@type":"Person","@id":"https:\/\/www.caudete.org\/ayuntamiento\/#\/schema\/person\/cc646da9133078ee4d8dd47457947253","name":"alcalde","image":{"@type":"ImageObject","inLanguage":"es","@id":"https:\/\/secure.gravatar.com\/avatar\/84a817ba065b29ff08d666b215a215f5c79186a645ccb25b14a663d48a130f77?s=96&d=mm&r=g","url":"https:\/\/secure.gravatar.com\/avatar\/84a817ba065b29ff08d666b215a215f5c79186a645ccb25b14a663d48a130f77?s=96&d=mm&r=g","contentUrl":"https:\/\/secure.gravatar.com\/avatar\/84a817ba065b29ff08d666b215a215f5c79186a645ccb25b14a663d48a130f77?s=96&d=mm&r=g","caption":"alcalde"},"url":"https:\/\/www.caudete.org\/ayuntamiento\/author\/alcalde\/"}]}},"_links":{"self":[{"href":"https:\/\/www.caudete.org\/ayuntamiento\/wp-json\/wp\/v2\/posts\/17424","targetHints":{"allow":["GET"]}}],"collection":[{"href":"https:\/\/www.caudete.org\/ayuntamiento\/wp-json\/wp\/v2\/posts"}],"about":[{"href":"https:\/\/www.caudete.org\/ayuntamiento\/wp-json\/wp\/v2\/types\/post"}],"author":[{"embeddable":true,"href":"https:\/\/www.caudete.org\/ayuntamiento\/wp-json\/wp\/v2\/users\/3"}],"replies":[{"embeddable":true,"href":"https:\/\/www.caudete.org\/ayuntamiento\/wp-json\/wp\/v2\/comments?post=17424"}],"version-history":[{"count":3,"href":"https:\/\/www.caudete.org\/ayuntamiento\/wp-json\/wp\/v2\/posts\/17424\/revisions"}],"predecessor-version":[{"id":17444,"href":"https:\/\/www.caudete.org\/ayuntamiento\/wp-json\/wp\/v2\/posts\/17424\/revisions\/17444"}],"wp:featuredmedia":[{"embeddable":true,"href":"https:\/\/www.caudete.org\/ayuntamiento\/wp-json\/wp\/v2\/media\/17425"}],"wp:attachment":[{"href":"https:\/\/www.caudete.org\/ayuntamiento\/wp-json\/wp\/v2\/media?parent=17424"}],"wp:term":[{"taxonomy":"category","embeddable":true,"href":"https:\/\/www.caudete.org\/ayuntamiento\/wp-json\/wp\/v2\/categories?post=17424"},{"taxonomy":"post_tag","embeddable":true,"href":"https:\/\/www.caudete.org\/ayuntamiento\/wp-json\/wp\/v2\/tags?post=17424"}],"curies":[{"name":"wp","href":"https:\/\/api.w.org\/{rel}","templated":true}]}}