{"id":17449,"date":"2021-12-10T14:31:05","date_gmt":"2021-12-10T13:31:05","guid":{"rendered":"https:\/\/www.caudete.org\/ayuntamiento\/?p=17449"},"modified":"2021-12-10T14:31:38","modified_gmt":"2021-12-10T13:31:38","slug":"el-barrio-s-francisco-comenzara-con-el-encendido-de-la-iluminacion-navidena","status":"publish","type":"post","link":"https:\/\/www.caudete.org\/ayuntamiento\/el-barrio-s-francisco-comenzara-con-el-encendido-de-la-iluminacion-navidena\/","title":{"rendered":"El Barrio S.Francisco comenzar\u00e1 con el encendido de la ILUMINACI\u00d3N NAVIDE\u00d1A a las 19.00h"},"content":{"rendered":"<p style=\"text-align: justify;\">Esta tarde a las 19.00h dar\u00e1 comienzo el encendido de \u00c1rboles e Iluminaci\u00f3n Navide\u00f1a que el Consistorio ha desplegado por diversos puntos del municipio para estas Fiestas de Navidad 2021.<\/p>\n<p style=\"text-align: justify;\">El acto se realizar\u00e1 como es costumbre con un pasacalle amenizado por la Banda Juvenil de la Sdad. Uni\u00f3n Musical Santa Cecilia, que recorrer\u00e1, sin parada, los diferentes \u00e1rboles instalados en las principales plazas de la localidad, y que partiendo desde el ubicado en la Avenida San Jaime (Santo Cristo) hasta finalizar con el de C\/El Moto y la entrada al Mercadillo Navide\u00f1o, d\u00e1ndolo as\u00ed por inaugurado.<\/p>\n<p>El recorrido ser\u00e1 el siguiente:<\/p>\n<ol>\n<li><span style=\"text-decoration: underline;\"><strong>\u00c1RBOL AVENIDA SAN JAIME.<\/strong><\/span><\/li>\n<\/ol>\n<p>Avenida San Jaime, C\/Las Eras, C\/La Huerta, C\/Jos\u00e9 Ruiz Ruiz.<\/p>\n<p style=\"padding-left: 40px;\"><span style=\"text-decoration: underline;\"><strong>2. \u00c1RBOL CALLE SAN JAIME.<\/strong><\/span><\/p>\n<p>C\/Jos\u00e9 Ruiz Ruiz, C\/Atleta Antonio Amor\u00f3s, Plaza Nueva.<\/p>\n<p style=\"padding-left: 40px;\"><span style=\"text-decoration: underline;\"><strong>3. \u00c1RBOL PLAZA NUEVA<\/strong><\/span><\/p>\n<p>C\/Atleta Antonio Amor\u00f3s, C\/Las Eras, C\/Las Moreras, Plaza del Carmen.<\/p>\n<p style=\"padding-left: 40px;\"><span style=\"text-decoration: underline;\"><strong>4. \u00c1RBOL PLAZA DEL CARMEN<\/strong><\/span><\/p>\n<p>Plaza del Carmen, C\/San Antonio Abad, C\/San Joaqu\u00edn, C\/El Calvario, Plaza de Santa Ana.<\/p>\n<p style=\"padding-left: 40px;\"><span style=\"text-decoration: underline;\"><strong>5. \u00c1RBOL PLAZA DE SANTA ANA<\/strong><\/span><\/p>\n<p>C\/San Eduardo, C\/El \u00c1ngel, C\/El Moto.<\/p>\n<p style=\"padding-left: 40px;\"><span style=\"text-decoration: underline;\"><strong>6. \u00c1RBOL CALLE EL MOTO<\/strong><\/span><\/p>\n<p>C\/Doctor Mara\u00f1\u00f3n, C\/Miguel Mart\u00ednez, C\/Abad\u00eda, Plaza de la Iglesia.<\/p>\n<p style=\"padding-left: 40px;\"><span style=\"text-decoration: underline;\"><strong>7. \u00c1RBOL PLAZA DE LA IGLESIA<\/strong><\/span><\/p>\n","protected":false},"excerpt":{"rendered":"<p>Esta tarde a las 19.00h dar\u00e1 comienzo el encendido de \u00c1rboles e Iluminaci\u00f3n Navide\u00f1a que el Consistorio ha desplegado por diversos puntos del municipio para estas Fiestas de Navidad 2021. El acto se realizar\u00e1 como es costumbre con un pasacalle amenizado por la Banda Juvenil de la Sdad. Uni\u00f3n Musical Santa Cecilia, que recorrer\u00e1, sin &hellip;<\/p>\n","protected":false},"author":3,"featured_media":17450,"comment_status":"closed","ping_status":"open","sticky":false,"template":"","format":"standard","meta":{"ngg_post_thumbnail":0,"footnotes":""},"categories":[31],"tags":[],"class_list":["post-17449","post","type-post","status-publish","format-standard","has-post-thumbnail","hentry","category-fiestas"],"yoast_head":"<!-- This site is optimized with the Yoast SEO plugin v27.5 - https:\/\/yoast.com\/product\/yoast-seo-wordpress\/ -->\n<title>El Barrio S.Francisco comenzar\u00e1 con el encendido de la ILUMINACI\u00d3N NAVIDE\u00d1A a las 19.00h - MI Ayuntamiento de Caudete<\/title>\n<meta name=\"description\" content=\"P\u00e1gina Oficial del Ayuntamiento de Caudete (Albacete)\" \/>\n<meta name=\"robots\" content=\"index, follow, max-snippet:-1, max-image-preview:large, max-video-preview:-1\" \/>\n<link rel=\"canonical\" href=\"https:\/\/www.caudete.org\/ayuntamiento\/el-barrio-s-francisco-comenzara-con-el-encendido-de-la-iluminacion-navidena\/\" \/>\n<meta property=\"og:locale\" content=\"es_ES\" \/>\n<meta property=\"og:type\" content=\"article\" \/>\n<meta property=\"og:title\" content=\"El Barrio S.Francisco comenzar\u00e1 con el encendido de la ILUMINACI\u00d3N NAVIDE\u00d1A a las 19.00h - MI Ayuntamiento de Caudete\" \/>\n<meta property=\"og:description\" content=\"P\u00e1gina Oficial del Ayuntamiento de Caudete (Albacete)\" \/>\n<meta property=\"og:url\" content=\"https:\/\/www.caudete.org\/ayuntamiento\/el-barrio-s-francisco-comenzara-con-el-encendido-de-la-iluminacion-navidena\/\" \/>\n<meta property=\"og:site_name\" content=\"MI Ayuntamiento de Caudete\" \/>\n<meta property=\"article:publisher\" content=\"https:\/\/www.facebook.com\/ayuntamientocaudete\/\" \/>\n<meta property=\"article:published_time\" content=\"2021-12-10T13:31:05+00:00\" \/>\n<meta property=\"article:modified_time\" content=\"2021-12-10T13:31:38+00:00\" \/>\n<meta property=\"og:image\" content=\"https:\/\/www.caudete.org\/ayuntamiento\/wp-content\/uploads\/2021\/12\/131896903_3996448870421395_2308237102354834127_n-1.jpg\" \/>\n\t<meta property=\"og:image:width\" content=\"2048\" \/>\n\t<meta property=\"og:image:height\" content=\"1179\" \/>\n\t<meta property=\"og:image:type\" content=\"image\/jpeg\" \/>\n<meta name=\"author\" content=\"alcalde\" \/>\n<meta name=\"twitter:card\" content=\"summary_large_image\" \/>\n<meta name=\"twitter:label1\" content=\"Escrito por\" \/>\n\t<meta name=\"twitter:data1\" content=\"alcalde\" \/>\n\t<meta name=\"twitter:label2\" content=\"Tiempo de lectura\" \/>\n\t<meta name=\"twitter:data2\" content=\"1 minuto\" \/>\n<script type=\"application\/ld+json\" class=\"yoast-schema-graph\">{\"@context\":\"https:\\\/\\\/schema.org\",\"@graph\":[{\"@type\":\"Article\",\"@id\":\"https:\\\/\\\/www.caudete.org\\\/ayuntamiento\\\/el-barrio-s-francisco-comenzara-con-el-encendido-de-la-iluminacion-navidena\\\/#article\",\"isPartOf\":{\"@id\":\"https:\\\/\\\/www.caudete.org\\\/ayuntamiento\\\/el-barrio-s-francisco-comenzara-con-el-encendido-de-la-iluminacion-navidena\\\/\"},\"author\":{\"name\":\"alcalde\",\"@id\":\"https:\\\/\\\/www.caudete.org\\\/ayuntamiento\\\/#\\\/schema\\\/person\\\/cc646da9133078ee4d8dd47457947253\"},\"headline\":\"El Barrio S.Francisco comenzar\u00e1 con el encendido de la ILUMINACI\u00d3N NAVIDE\u00d1A a las 19.00h\",\"datePublished\":\"2021-12-10T13:31:05+00:00\",\"dateModified\":\"2021-12-10T13:31:38+00:00\",\"mainEntityOfPage\":{\"@id\":\"https:\\\/\\\/www.caudete.org\\\/ayuntamiento\\\/el-barrio-s-francisco-comenzara-con-el-encendido-de-la-iluminacion-navidena\\\/\"},\"wordCount\":233,\"image\":{\"@id\":\"https:\\\/\\\/www.caudete.org\\\/ayuntamiento\\\/el-barrio-s-francisco-comenzara-con-el-encendido-de-la-iluminacion-navidena\\\/#primaryimage\"},\"thumbnailUrl\":\"https:\\\/\\\/www.caudete.org\\\/ayuntamiento\\\/wp-content\\\/uploads\\\/2021\\\/12\\\/131896903_3996448870421395_2308237102354834127_n-1.jpg\",\"articleSection\":[\"Fiestas\"],\"inLanguage\":\"es\"},{\"@type\":\"WebPage\",\"@id\":\"https:\\\/\\\/www.caudete.org\\\/ayuntamiento\\\/el-barrio-s-francisco-comenzara-con-el-encendido-de-la-iluminacion-navidena\\\/\",\"url\":\"https:\\\/\\\/www.caudete.org\\\/ayuntamiento\\\/el-barrio-s-francisco-comenzara-con-el-encendido-de-la-iluminacion-navidena\\\/\",\"name\":\"El Barrio S.Francisco comenzar\u00e1 con el encendido de la ILUMINACI\u00d3N NAVIDE\u00d1A a las 19.00h - MI Ayuntamiento de Caudete\",\"isPartOf\":{\"@id\":\"https:\\\/\\\/www.caudete.org\\\/ayuntamiento\\\/#website\"},\"primaryImageOfPage\":{\"@id\":\"https:\\\/\\\/www.caudete.org\\\/ayuntamiento\\\/el-barrio-s-francisco-comenzara-con-el-encendido-de-la-iluminacion-navidena\\\/#primaryimage\"},\"image\":{\"@id\":\"https:\\\/\\\/www.caudete.org\\\/ayuntamiento\\\/el-barrio-s-francisco-comenzara-con-el-encendido-de-la-iluminacion-navidena\\\/#primaryimage\"},\"thumbnailUrl\":\"https:\\\/\\\/www.caudete.org\\\/ayuntamiento\\\/wp-content\\\/uploads\\\/2021\\\/12\\\/131896903_3996448870421395_2308237102354834127_n-1.jpg\",\"datePublished\":\"2021-12-10T13:31:05+00:00\",\"dateModified\":\"2021-12-10T13:31:38+00:00\",\"author\":{\"@id\":\"https:\\\/\\\/www.caudete.org\\\/ayuntamiento\\\/#\\\/schema\\\/person\\\/cc646da9133078ee4d8dd47457947253\"},\"description\":\"P\u00e1gina Oficial del Ayuntamiento de Caudete (Albacete)\",\"breadcrumb\":{\"@id\":\"https:\\\/\\\/www.caudete.org\\\/ayuntamiento\\\/el-barrio-s-francisco-comenzara-con-el-encendido-de-la-iluminacion-navidena\\\/#breadcrumb\"},\"inLanguage\":\"es\",\"potentialAction\":[{\"@type\":\"ReadAction\",\"target\":[\"https:\\\/\\\/www.caudete.org\\\/ayuntamiento\\\/el-barrio-s-francisco-comenzara-con-el-encendido-de-la-iluminacion-navidena\\\/\"]}]},{\"@type\":\"ImageObject\",\"inLanguage\":\"es\",\"@id\":\"https:\\\/\\\/www.caudete.org\\\/ayuntamiento\\\/el-barrio-s-francisco-comenzara-con-el-encendido-de-la-iluminacion-navidena\\\/#primaryimage\",\"url\":\"https:\\\/\\\/www.caudete.org\\\/ayuntamiento\\\/wp-content\\\/uploads\\\/2021\\\/12\\\/131896903_3996448870421395_2308237102354834127_n-1.jpg\",\"contentUrl\":\"https:\\\/\\\/www.caudete.org\\\/ayuntamiento\\\/wp-content\\\/uploads\\\/2021\\\/12\\\/131896903_3996448870421395_2308237102354834127_n-1.jpg\",\"width\":2048,\"height\":1179},{\"@type\":\"BreadcrumbList\",\"@id\":\"https:\\\/\\\/www.caudete.org\\\/ayuntamiento\\\/el-barrio-s-francisco-comenzara-con-el-encendido-de-la-iluminacion-navidena\\\/#breadcrumb\",\"itemListElement\":[{\"@type\":\"ListItem\",\"position\":1,\"name\":\"Inicio\",\"item\":\"https:\\\/\\\/www.caudete.org\\\/ayuntamiento\\\/\"},{\"@type\":\"ListItem\",\"position\":2,\"name\":\"El Barrio S.Francisco comenzar\u00e1 con el encendido de la ILUMINACI\u00d3N NAVIDE\u00d1A a las 19.00h\"}]},{\"@type\":\"WebSite\",\"@id\":\"https:\\\/\\\/www.caudete.org\\\/ayuntamiento\\\/#website\",\"url\":\"https:\\\/\\\/www.caudete.org\\\/ayuntamiento\\\/\",\"name\":\"MI Ayuntamiento de Caudete\",\"description\":\"P\u00e1gina Oficial del MI Ayuntamiento de Caudete\",\"potentialAction\":[{\"@type\":\"SearchAction\",\"target\":{\"@type\":\"EntryPoint\",\"urlTemplate\":\"https:\\\/\\\/www.caudete.org\\\/ayuntamiento\\\/?s={search_term_string}\"},\"query-input\":{\"@type\":\"PropertyValueSpecification\",\"valueRequired\":true,\"valueName\":\"search_term_string\"}}],\"inLanguage\":\"es\"},{\"@type\":\"Person\",\"@id\":\"https:\\\/\\\/www.caudete.org\\\/ayuntamiento\\\/#\\\/schema\\\/person\\\/cc646da9133078ee4d8dd47457947253\",\"name\":\"alcalde\",\"image\":{\"@type\":\"ImageObject\",\"inLanguage\":\"es\",\"@id\":\"https:\\\/\\\/secure.gravatar.com\\\/avatar\\\/84a817ba065b29ff08d666b215a215f5c79186a645ccb25b14a663d48a130f77?s=96&d=mm&r=g\",\"url\":\"https:\\\/\\\/secure.gravatar.com\\\/avatar\\\/84a817ba065b29ff08d666b215a215f5c79186a645ccb25b14a663d48a130f77?s=96&d=mm&r=g\",\"contentUrl\":\"https:\\\/\\\/secure.gravatar.com\\\/avatar\\\/84a817ba065b29ff08d666b215a215f5c79186a645ccb25b14a663d48a130f77?s=96&d=mm&r=g\",\"caption\":\"alcalde\"},\"url\":\"https:\\\/\\\/www.caudete.org\\\/ayuntamiento\\\/author\\\/alcalde\\\/\"}]}<\/script>\n<!-- \/ Yoast SEO plugin. -->","yoast_head_json":{"title":"El Barrio S.Francisco comenzar\u00e1 con el encendido de la ILUMINACI\u00d3N NAVIDE\u00d1A a las 19.00h - MI Ayuntamiento de Caudete","description":"P\u00e1gina Oficial del Ayuntamiento de Caudete (Albacete)","robots":{"index":"index","follow":"follow","max-snippet":"max-snippet:-1","max-image-preview":"max-image-preview:large","max-video-preview":"max-video-preview:-1"},"canonical":"https:\/\/www.caudete.org\/ayuntamiento\/el-barrio-s-francisco-comenzara-con-el-encendido-de-la-iluminacion-navidena\/","og_locale":"es_ES","og_type":"article","og_title":"El Barrio S.Francisco comenzar\u00e1 con el encendido de la ILUMINACI\u00d3N NAVIDE\u00d1A a las 19.00h - MI Ayuntamiento de Caudete","og_description":"P\u00e1gina Oficial del Ayuntamiento de Caudete (Albacete)","og_url":"https:\/\/www.caudete.org\/ayuntamiento\/el-barrio-s-francisco-comenzara-con-el-encendido-de-la-iluminacion-navidena\/","og_site_name":"MI Ayuntamiento de Caudete","article_publisher":"https:\/\/www.facebook.com\/ayuntamientocaudete\/","article_published_time":"2021-12-10T13:31:05+00:00","article_modified_time":"2021-12-10T13:31:38+00:00","og_image":[{"width":2048,"height":1179,"url":"https:\/\/www.caudete.org\/ayuntamiento\/wp-content\/uploads\/2021\/12\/131896903_3996448870421395_2308237102354834127_n-1.jpg","type":"image\/jpeg"}],"author":"alcalde","twitter_card":"summary_large_image","twitter_misc":{"Escrito por":"alcalde","Tiempo de lectura":"1 minuto"},"schema":{"@context":"https:\/\/schema.org","@graph":[{"@type":"Article","@id":"https:\/\/www.caudete.org\/ayuntamiento\/el-barrio-s-francisco-comenzara-con-el-encendido-de-la-iluminacion-navidena\/#article","isPartOf":{"@id":"https:\/\/www.caudete.org\/ayuntamiento\/el-barrio-s-francisco-comenzara-con-el-encendido-de-la-iluminacion-navidena\/"},"author":{"name":"alcalde","@id":"https:\/\/www.caudete.org\/ayuntamiento\/#\/schema\/person\/cc646da9133078ee4d8dd47457947253"},"headline":"El Barrio S.Francisco comenzar\u00e1 con el encendido de la ILUMINACI\u00d3N NAVIDE\u00d1A a las 19.00h","datePublished":"2021-12-10T13:31:05+00:00","dateModified":"2021-12-10T13:31:38+00:00","mainEntityOfPage":{"@id":"https:\/\/www.caudete.org\/ayuntamiento\/el-barrio-s-francisco-comenzara-con-el-encendido-de-la-iluminacion-navidena\/"},"wordCount":233,"image":{"@id":"https:\/\/www.caudete.org\/ayuntamiento\/el-barrio-s-francisco-comenzara-con-el-encendido-de-la-iluminacion-navidena\/#primaryimage"},"thumbnailUrl":"https:\/\/www.caudete.org\/ayuntamiento\/wp-content\/uploads\/2021\/12\/131896903_3996448870421395_2308237102354834127_n-1.jpg","articleSection":["Fiestas"],"inLanguage":"es"},{"@type":"WebPage","@id":"https:\/\/www.caudete.org\/ayuntamiento\/el-barrio-s-francisco-comenzara-con-el-encendido-de-la-iluminacion-navidena\/","url":"https:\/\/www.caudete.org\/ayuntamiento\/el-barrio-s-francisco-comenzara-con-el-encendido-de-la-iluminacion-navidena\/","name":"El Barrio S.Francisco comenzar\u00e1 con el encendido de la ILUMINACI\u00d3N NAVIDE\u00d1A a las 19.00h - MI Ayuntamiento de Caudete","isPartOf":{"@id":"https:\/\/www.caudete.org\/ayuntamiento\/#website"},"primaryImageOfPage":{"@id":"https:\/\/www.caudete.org\/ayuntamiento\/el-barrio-s-francisco-comenzara-con-el-encendido-de-la-iluminacion-navidena\/#primaryimage"},"image":{"@id":"https:\/\/www.caudete.org\/ayuntamiento\/el-barrio-s-francisco-comenzara-con-el-encendido-de-la-iluminacion-navidena\/#primaryimage"},"thumbnailUrl":"https:\/\/www.caudete.org\/ayuntamiento\/wp-content\/uploads\/2021\/12\/131896903_3996448870421395_2308237102354834127_n-1.jpg","datePublished":"2021-12-10T13:31:05+00:00","dateModified":"2021-12-10T13:31:38+00:00","author":{"@id":"https:\/\/www.caudete.org\/ayuntamiento\/#\/schema\/person\/cc646da9133078ee4d8dd47457947253"},"description":"P\u00e1gina Oficial del Ayuntamiento de Caudete (Albacete)","breadcrumb":{"@id":"https:\/\/www.caudete.org\/ayuntamiento\/el-barrio-s-francisco-comenzara-con-el-encendido-de-la-iluminacion-navidena\/#breadcrumb"},"inLanguage":"es","potentialAction":[{"@type":"ReadAction","target":["https:\/\/www.caudete.org\/ayuntamiento\/el-barrio-s-francisco-comenzara-con-el-encendido-de-la-iluminacion-navidena\/"]}]},{"@type":"ImageObject","inLanguage":"es","@id":"https:\/\/www.caudete.org\/ayuntamiento\/el-barrio-s-francisco-comenzara-con-el-encendido-de-la-iluminacion-navidena\/#primaryimage","url":"https:\/\/www.caudete.org\/ayuntamiento\/wp-content\/uploads\/2021\/12\/131896903_3996448870421395_2308237102354834127_n-1.jpg","contentUrl":"https:\/\/www.caudete.org\/ayuntamiento\/wp-content\/uploads\/2021\/12\/131896903_3996448870421395_2308237102354834127_n-1.jpg","width":2048,"height":1179},{"@type":"BreadcrumbList","@id":"https:\/\/www.caudete.org\/ayuntamiento\/el-barrio-s-francisco-comenzara-con-el-encendido-de-la-iluminacion-navidena\/#breadcrumb","itemListElement":[{"@type":"ListItem","position":1,"name":"Inicio","item":"https:\/\/www.caudete.org\/ayuntamiento\/"},{"@type":"ListItem","position":2,"name":"El Barrio S.Francisco comenzar\u00e1 con el encendido de la ILUMINACI\u00d3N NAVIDE\u00d1A a las 19.00h"}]},{"@type":"WebSite","@id":"https:\/\/www.caudete.org\/ayuntamiento\/#website","url":"https:\/\/www.caudete.org\/ayuntamiento\/","name":"MI Ayuntamiento de Caudete","description":"P\u00e1gina Oficial del MI Ayuntamiento de Caudete","potentialAction":[{"@type":"SearchAction","target":{"@type":"EntryPoint","urlTemplate":"https:\/\/www.caudete.org\/ayuntamiento\/?s={search_term_string}"},"query-input":{"@type":"PropertyValueSpecification","valueRequired":true,"valueName":"search_term_string"}}],"inLanguage":"es"},{"@type":"Person","@id":"https:\/\/www.caudete.org\/ayuntamiento\/#\/schema\/person\/cc646da9133078ee4d8dd47457947253","name":"alcalde","image":{"@type":"ImageObject","inLanguage":"es","@id":"https:\/\/secure.gravatar.com\/avatar\/84a817ba065b29ff08d666b215a215f5c79186a645ccb25b14a663d48a130f77?s=96&d=mm&r=g","url":"https:\/\/secure.gravatar.com\/avatar\/84a817ba065b29ff08d666b215a215f5c79186a645ccb25b14a663d48a130f77?s=96&d=mm&r=g","contentUrl":"https:\/\/secure.gravatar.com\/avatar\/84a817ba065b29ff08d666b215a215f5c79186a645ccb25b14a663d48a130f77?s=96&d=mm&r=g","caption":"alcalde"},"url":"https:\/\/www.caudete.org\/ayuntamiento\/author\/alcalde\/"}]}},"_links":{"self":[{"href":"https:\/\/www.caudete.org\/ayuntamiento\/wp-json\/wp\/v2\/posts\/17449","targetHints":{"allow":["GET"]}}],"collection":[{"href":"https:\/\/www.caudete.org\/ayuntamiento\/wp-json\/wp\/v2\/posts"}],"about":[{"href":"https:\/\/www.caudete.org\/ayuntamiento\/wp-json\/wp\/v2\/types\/post"}],"author":[{"embeddable":true,"href":"https:\/\/www.caudete.org\/ayuntamiento\/wp-json\/wp\/v2\/users\/3"}],"replies":[{"embeddable":true,"href":"https:\/\/www.caudete.org\/ayuntamiento\/wp-json\/wp\/v2\/comments?post=17449"}],"version-history":[{"count":2,"href":"https:\/\/www.caudete.org\/ayuntamiento\/wp-json\/wp\/v2\/posts\/17449\/revisions"}],"predecessor-version":[{"id":17452,"href":"https:\/\/www.caudete.org\/ayuntamiento\/wp-json\/wp\/v2\/posts\/17449\/revisions\/17452"}],"wp:featuredmedia":[{"embeddable":true,"href":"https:\/\/www.caudete.org\/ayuntamiento\/wp-json\/wp\/v2\/media\/17450"}],"wp:attachment":[{"href":"https:\/\/www.caudete.org\/ayuntamiento\/wp-json\/wp\/v2\/media?parent=17449"}],"wp:term":[{"taxonomy":"category","embeddable":true,"href":"https:\/\/www.caudete.org\/ayuntamiento\/wp-json\/wp\/v2\/categories?post=17449"},{"taxonomy":"post_tag","embeddable":true,"href":"https:\/\/www.caudete.org\/ayuntamiento\/wp-json\/wp\/v2\/tags?post=17449"}],"curies":[{"name":"wp","href":"https:\/\/api.w.org\/{rel}","templated":true}]}}