{"id":17453,"date":"2021-12-11T16:49:22","date_gmt":"2021-12-11T15:49:22","guid":{"rendered":"https:\/\/www.caudete.org\/ayuntamiento\/?p=17453"},"modified":"2021-12-11T18:10:16","modified_gmt":"2021-12-11T17:10:16","slug":"inma-garcia-entrega-junto-a-emilio-catalan-las-menciones-honorificas-de-la-plataforma-del-voluntariado","status":"publish","type":"post","link":"https:\/\/www.caudete.org\/ayuntamiento\/inma-garcia-entrega-junto-a-emilio-catalan-las-menciones-honorificas-de-la-plataforma-del-voluntariado\/","title":{"rendered":"Inma Garc\u00eda entrega junto a Emilio Catal\u00e1n las Menciones Honor\u00edficas de la Plataforma del Voluntariado"},"content":{"rendered":"<p style=\"text-align: justify;\">En la tarde de ayer, el Auditorio Municipal acog\u00eda la\u00a0 Conferencia organizada por la Plataforma del Voluntariado e impartida por Isabel Mart\u00ednez Alca\u00f1iz, caudetana que estuvo m\u00e1s de 14 a\u00f1os de voluntaria en Per\u00fa con el programa \u201cprosoya\u201d.<\/p>\n<p><a href=\"https:\/\/www.caudete.org\/ayuntamiento\/wp-content\/uploads\/2021\/12\/IMG-20211211-WA0024.jpg\" rel='prettyPhoto'><img fetchpriority=\"high\" decoding=\"async\" class=\"aligncenter wp-image-17455 size-medium\" src=\"https:\/\/www.caudete.org\/ayuntamiento\/wp-content\/uploads\/2021\/12\/IMG-20211211-WA0024-300x225.jpg\" alt=\"\" width=\"300\" height=\"225\" srcset=\"https:\/\/www.caudete.org\/ayuntamiento\/wp-content\/uploads\/2021\/12\/IMG-20211211-WA0024-300x225.jpg 300w, https:\/\/www.caudete.org\/ayuntamiento\/wp-content\/uploads\/2021\/12\/IMG-20211211-WA0024-1024x768.jpg 1024w, https:\/\/www.caudete.org\/ayuntamiento\/wp-content\/uploads\/2021\/12\/IMG-20211211-WA0024-768x576.jpg 768w, https:\/\/www.caudete.org\/ayuntamiento\/wp-content\/uploads\/2021\/12\/IMG-20211211-WA0024-1536x1152.jpg 1536w, https:\/\/www.caudete.org\/ayuntamiento\/wp-content\/uploads\/2021\/12\/IMG-20211211-WA0024.jpg 1600w\" sizes=\"(max-width: 300px) 100vw, 300px\" \/><\/a><\/p>\n<p style=\"text-align: justify;\">Continuaba el acto con la entrega de Menciones Honor\u00edficas de la Plataforma a caudetanos y colectivos que por diversos motivos, relacionados con el voluntariado, fueron merecedores por dicha organizaci\u00f3n.<\/p>\n<p style=\"text-align: justify;\">Inma Garc\u00eda, Concejal de Bienestar Social y Emilio Jos\u00e9 Catal\u00e1n en nombre de la Plataforma, entregaban dichos reconocimientos a la labor voluntaria y humanitaria, siendo para:<\/p>\n<p style=\"text-align: justify;\">&#8211; Ana Parra Graci\u00e1, quien fuera Presidenta de la Asociaci\u00f3n Padre Usera.<\/p>\n<p style=\"text-align: justify;\">&#8211; Jos\u00e9 Ram\u00f3n Uribe-Echevarr\u00eda Anza, quien fuera el primer Presidente de la Asociaci\u00f3n caudetana de lucha contra el c\u00e1ncer (ACALUCA).<\/p>\n<p style=\"text-align: justify;\">&#8211; Mar\u00eda Jos\u00e9 Albertos Graci\u00e1, impulsora y coordinadora de un grupo de personas de Caudete, que cosi\u00f3 mascarillas y batas quir\u00fargicas en pleno Estado de Alarma por la Pandemia del Covid-19.<\/p>\n<p style=\"text-align: justify;\">Tambi\u00e9n se reconoci\u00f3 a determinados colectivos por sus donaciones en la campa\u00f1a que la Plataforma del Voluntariado inici\u00f3, para adquirir material sanitario anticovid, y que se distribuy\u00f3 entre el Centro de Salud de Caudete, Residencia de Ancianos San Juan Evangelista, Centro de D\u00eda o Hospital de Almansa:<\/p>\n<p style=\"text-align: justify;\">&#8211; Farmacia Sarah G\u00f3mez \u201cEl Paseo\u201d.<\/p>\n<p style=\"text-align: justify;\">&#8211; Carnicer\u00eda Mil\u00e1n.<\/p>\n<p style=\"text-align: justify;\">&#8211; Caudete se Mueve.<\/p>\n<p style=\"text-align: justify;\">&#8211; Comunidad Musulmana Assalam de Caudete.<\/p>\n<p style=\"text-align: justify;\">&#8211; Asociaci\u00f3n Cultural Valencianista de Caudete.<\/p>\n<p style=\"text-align: justify;\">&#8211; Asociaci\u00f3n caudetana de lucha contra el Cancer \u201cACALUCA\u201d.<\/p>\n<p style=\"text-align: justify;\">&#8211; Grupo de Teatro \u201cMujeres Valientes&#8221; de la Asociaci\u00f3n Mujeres de Santa Barbara.<\/p>\n<p style=\"text-align: justify;\">&#8211; Colegio Amor de Dios.<\/p>\n<p style=\"text-align: justify;\">&#8211; Colegio Alc\u00e1zar y Serrano.<\/p>\n<p style=\"text-align: justify;\">&#8211; Colegio Gloria Fuertes.<\/p>\n<p style=\"text-align: justify;\">&#8211; Colegio El Paseo.<\/p>\n<p style=\"text-align: justify;\">&#8211; Instituto Pintor Rafael Requena.<\/p>\n<p style=\"text-align: justify;\">Dentro de esta secci\u00f3n se reconoci\u00f3 a Cruz Roja Espa\u00f1ola Caudete y protecci\u00f3n Civil Caudete, por su labor durante toda la pandemia.<\/p>\n<p style=\"text-align: justify;\">El acto lo cerraba la Concejal de Bienestar Social, Inma Garc\u00eda, agradeciendo enorme trabajo y valor de las asociaciones locales, y en especial de las homenajeadas por su implicaci\u00f3n en el d\u00eda a d\u00eda del pueblo en acciones con quienes m\u00e1s lo necesitan y donde el Consistorio o no llega o le es complejo cubrir, as\u00ed como por lo dado a cambio de nada, un trabajo muchas veces invisible donde en momentos dif\u00edciles queda m\u00e1s visible y patente para la sociedad.<\/p>\n","protected":false},"excerpt":{"rendered":"<p>En la tarde de ayer, el Auditorio Municipal acog\u00eda la\u00a0 Conferencia organizada por la Plataforma del Voluntariado e impartida por Isabel Mart\u00ednez Alca\u00f1iz, caudetana que estuvo m\u00e1s de 14 a\u00f1os de voluntaria en Per\u00fa con el programa \u201cprosoya\u201d. Continuaba el acto con la entrega de Menciones Honor\u00edficas de la Plataforma a caudetanos y colectivos que &hellip;<\/p>\n","protected":false},"author":3,"featured_media":17454,"comment_status":"closed","ping_status":"open","sticky":false,"template":"","format":"standard","meta":{"ngg_post_thumbnail":0,"footnotes":""},"categories":[60],"tags":[],"class_list":["post-17453","post","type-post","status-publish","format-standard","has-post-thumbnail","hentry","category-asociaciones"],"yoast_head":"<!-- This site is optimized with the Yoast SEO plugin v27.5 - https:\/\/yoast.com\/product\/yoast-seo-wordpress\/ -->\n<title>Inma Garc\u00eda entrega junto a Emilio Catal\u00e1n las Menciones Honor\u00edficas de la Plataforma del Voluntariado - MI Ayuntamiento de Caudete<\/title>\n<meta name=\"description\" content=\"P\u00e1gina Oficial del Ayuntamiento de Caudete (Albacete)\" \/>\n<meta name=\"robots\" content=\"index, follow, max-snippet:-1, max-image-preview:large, max-video-preview:-1\" \/>\n<link rel=\"canonical\" href=\"https:\/\/www.caudete.org\/ayuntamiento\/inma-garcia-entrega-junto-a-emilio-catalan-las-menciones-honorificas-de-la-plataforma-del-voluntariado\/\" \/>\n<meta property=\"og:locale\" content=\"es_ES\" \/>\n<meta property=\"og:type\" content=\"article\" \/>\n<meta property=\"og:title\" content=\"Inma Garc\u00eda entrega junto a Emilio Catal\u00e1n las Menciones Honor\u00edficas de la Plataforma del Voluntariado - MI Ayuntamiento de Caudete\" \/>\n<meta property=\"og:description\" content=\"P\u00e1gina Oficial del Ayuntamiento de Caudete (Albacete)\" \/>\n<meta property=\"og:url\" content=\"https:\/\/www.caudete.org\/ayuntamiento\/inma-garcia-entrega-junto-a-emilio-catalan-las-menciones-honorificas-de-la-plataforma-del-voluntariado\/\" \/>\n<meta property=\"og:site_name\" content=\"MI Ayuntamiento de Caudete\" \/>\n<meta property=\"article:publisher\" content=\"https:\/\/www.facebook.com\/ayuntamientocaudete\/\" \/>\n<meta property=\"article:published_time\" content=\"2021-12-11T15:49:22+00:00\" \/>\n<meta property=\"article:modified_time\" content=\"2021-12-11T17:10:16+00:00\" \/>\n<meta property=\"og:image\" content=\"https:\/\/www.caudete.org\/ayuntamiento\/wp-content\/uploads\/2021\/12\/IMG-20211211-WA0027.jpg\" \/>\n\t<meta property=\"og:image:width\" content=\"2048\" \/>\n\t<meta property=\"og:image:height\" content=\"1024\" \/>\n\t<meta property=\"og:image:type\" content=\"image\/jpeg\" \/>\n<meta name=\"author\" content=\"alcalde\" \/>\n<meta name=\"twitter:card\" content=\"summary_large_image\" \/>\n<meta name=\"twitter:label1\" content=\"Escrito por\" \/>\n\t<meta name=\"twitter:data1\" content=\"alcalde\" \/>\n\t<meta name=\"twitter:label2\" content=\"Tiempo de lectura\" \/>\n\t<meta name=\"twitter:data2\" content=\"2 minutos\" \/>\n<script type=\"application\/ld+json\" class=\"yoast-schema-graph\">{\"@context\":\"https:\\\/\\\/schema.org\",\"@graph\":[{\"@type\":\"Article\",\"@id\":\"https:\\\/\\\/www.caudete.org\\\/ayuntamiento\\\/inma-garcia-entrega-junto-a-emilio-catalan-las-menciones-honorificas-de-la-plataforma-del-voluntariado\\\/#article\",\"isPartOf\":{\"@id\":\"https:\\\/\\\/www.caudete.org\\\/ayuntamiento\\\/inma-garcia-entrega-junto-a-emilio-catalan-las-menciones-honorificas-de-la-plataforma-del-voluntariado\\\/\"},\"author\":{\"name\":\"alcalde\",\"@id\":\"https:\\\/\\\/www.caudete.org\\\/ayuntamiento\\\/#\\\/schema\\\/person\\\/cc646da9133078ee4d8dd47457947253\"},\"headline\":\"Inma Garc\u00eda entrega junto a Emilio Catal\u00e1n las Menciones Honor\u00edficas de la Plataforma del Voluntariado\",\"datePublished\":\"2021-12-11T15:49:22+00:00\",\"dateModified\":\"2021-12-11T17:10:16+00:00\",\"mainEntityOfPage\":{\"@id\":\"https:\\\/\\\/www.caudete.org\\\/ayuntamiento\\\/inma-garcia-entrega-junto-a-emilio-catalan-las-menciones-honorificas-de-la-plataforma-del-voluntariado\\\/\"},\"wordCount\":429,\"image\":{\"@id\":\"https:\\\/\\\/www.caudete.org\\\/ayuntamiento\\\/inma-garcia-entrega-junto-a-emilio-catalan-las-menciones-honorificas-de-la-plataforma-del-voluntariado\\\/#primaryimage\"},\"thumbnailUrl\":\"https:\\\/\\\/www.caudete.org\\\/ayuntamiento\\\/wp-content\\\/uploads\\\/2021\\\/12\\\/IMG-20211211-WA0027.jpg\",\"articleSection\":[\"Asociaciones\"],\"inLanguage\":\"es\"},{\"@type\":\"WebPage\",\"@id\":\"https:\\\/\\\/www.caudete.org\\\/ayuntamiento\\\/inma-garcia-entrega-junto-a-emilio-catalan-las-menciones-honorificas-de-la-plataforma-del-voluntariado\\\/\",\"url\":\"https:\\\/\\\/www.caudete.org\\\/ayuntamiento\\\/inma-garcia-entrega-junto-a-emilio-catalan-las-menciones-honorificas-de-la-plataforma-del-voluntariado\\\/\",\"name\":\"Inma Garc\u00eda entrega junto a Emilio Catal\u00e1n las Menciones Honor\u00edficas de la Plataforma del Voluntariado - MI Ayuntamiento de Caudete\",\"isPartOf\":{\"@id\":\"https:\\\/\\\/www.caudete.org\\\/ayuntamiento\\\/#website\"},\"primaryImageOfPage\":{\"@id\":\"https:\\\/\\\/www.caudete.org\\\/ayuntamiento\\\/inma-garcia-entrega-junto-a-emilio-catalan-las-menciones-honorificas-de-la-plataforma-del-voluntariado\\\/#primaryimage\"},\"image\":{\"@id\":\"https:\\\/\\\/www.caudete.org\\\/ayuntamiento\\\/inma-garcia-entrega-junto-a-emilio-catalan-las-menciones-honorificas-de-la-plataforma-del-voluntariado\\\/#primaryimage\"},\"thumbnailUrl\":\"https:\\\/\\\/www.caudete.org\\\/ayuntamiento\\\/wp-content\\\/uploads\\\/2021\\\/12\\\/IMG-20211211-WA0027.jpg\",\"datePublished\":\"2021-12-11T15:49:22+00:00\",\"dateModified\":\"2021-12-11T17:10:16+00:00\",\"author\":{\"@id\":\"https:\\\/\\\/www.caudete.org\\\/ayuntamiento\\\/#\\\/schema\\\/person\\\/cc646da9133078ee4d8dd47457947253\"},\"description\":\"P\u00e1gina Oficial del Ayuntamiento de Caudete (Albacete)\",\"breadcrumb\":{\"@id\":\"https:\\\/\\\/www.caudete.org\\\/ayuntamiento\\\/inma-garcia-entrega-junto-a-emilio-catalan-las-menciones-honorificas-de-la-plataforma-del-voluntariado\\\/#breadcrumb\"},\"inLanguage\":\"es\",\"potentialAction\":[{\"@type\":\"ReadAction\",\"target\":[\"https:\\\/\\\/www.caudete.org\\\/ayuntamiento\\\/inma-garcia-entrega-junto-a-emilio-catalan-las-menciones-honorificas-de-la-plataforma-del-voluntariado\\\/\"]}]},{\"@type\":\"ImageObject\",\"inLanguage\":\"es\",\"@id\":\"https:\\\/\\\/www.caudete.org\\\/ayuntamiento\\\/inma-garcia-entrega-junto-a-emilio-catalan-las-menciones-honorificas-de-la-plataforma-del-voluntariado\\\/#primaryimage\",\"url\":\"https:\\\/\\\/www.caudete.org\\\/ayuntamiento\\\/wp-content\\\/uploads\\\/2021\\\/12\\\/IMG-20211211-WA0027.jpg\",\"contentUrl\":\"https:\\\/\\\/www.caudete.org\\\/ayuntamiento\\\/wp-content\\\/uploads\\\/2021\\\/12\\\/IMG-20211211-WA0027.jpg\",\"width\":2048,\"height\":1024},{\"@type\":\"BreadcrumbList\",\"@id\":\"https:\\\/\\\/www.caudete.org\\\/ayuntamiento\\\/inma-garcia-entrega-junto-a-emilio-catalan-las-menciones-honorificas-de-la-plataforma-del-voluntariado\\\/#breadcrumb\",\"itemListElement\":[{\"@type\":\"ListItem\",\"position\":1,\"name\":\"Inicio\",\"item\":\"https:\\\/\\\/www.caudete.org\\\/ayuntamiento\\\/\"},{\"@type\":\"ListItem\",\"position\":2,\"name\":\"Inma Garc\u00eda entrega junto a Emilio Catal\u00e1n las Menciones Honor\u00edficas de la Plataforma del Voluntariado\"}]},{\"@type\":\"WebSite\",\"@id\":\"https:\\\/\\\/www.caudete.org\\\/ayuntamiento\\\/#website\",\"url\":\"https:\\\/\\\/www.caudete.org\\\/ayuntamiento\\\/\",\"name\":\"MI Ayuntamiento de Caudete\",\"description\":\"P\u00e1gina Oficial del MI Ayuntamiento de Caudete\",\"potentialAction\":[{\"@type\":\"SearchAction\",\"target\":{\"@type\":\"EntryPoint\",\"urlTemplate\":\"https:\\\/\\\/www.caudete.org\\\/ayuntamiento\\\/?s={search_term_string}\"},\"query-input\":{\"@type\":\"PropertyValueSpecification\",\"valueRequired\":true,\"valueName\":\"search_term_string\"}}],\"inLanguage\":\"es\"},{\"@type\":\"Person\",\"@id\":\"https:\\\/\\\/www.caudete.org\\\/ayuntamiento\\\/#\\\/schema\\\/person\\\/cc646da9133078ee4d8dd47457947253\",\"name\":\"alcalde\",\"image\":{\"@type\":\"ImageObject\",\"inLanguage\":\"es\",\"@id\":\"https:\\\/\\\/secure.gravatar.com\\\/avatar\\\/84a817ba065b29ff08d666b215a215f5c79186a645ccb25b14a663d48a130f77?s=96&d=mm&r=g\",\"url\":\"https:\\\/\\\/secure.gravatar.com\\\/avatar\\\/84a817ba065b29ff08d666b215a215f5c79186a645ccb25b14a663d48a130f77?s=96&d=mm&r=g\",\"contentUrl\":\"https:\\\/\\\/secure.gravatar.com\\\/avatar\\\/84a817ba065b29ff08d666b215a215f5c79186a645ccb25b14a663d48a130f77?s=96&d=mm&r=g\",\"caption\":\"alcalde\"},\"url\":\"https:\\\/\\\/www.caudete.org\\\/ayuntamiento\\\/author\\\/alcalde\\\/\"}]}<\/script>\n<!-- \/ Yoast SEO plugin. -->","yoast_head_json":{"title":"Inma Garc\u00eda entrega junto a Emilio Catal\u00e1n las Menciones Honor\u00edficas de la Plataforma del Voluntariado - MI Ayuntamiento de Caudete","description":"P\u00e1gina Oficial del Ayuntamiento de Caudete (Albacete)","robots":{"index":"index","follow":"follow","max-snippet":"max-snippet:-1","max-image-preview":"max-image-preview:large","max-video-preview":"max-video-preview:-1"},"canonical":"https:\/\/www.caudete.org\/ayuntamiento\/inma-garcia-entrega-junto-a-emilio-catalan-las-menciones-honorificas-de-la-plataforma-del-voluntariado\/","og_locale":"es_ES","og_type":"article","og_title":"Inma Garc\u00eda entrega junto a Emilio Catal\u00e1n las Menciones Honor\u00edficas de la Plataforma del Voluntariado - MI Ayuntamiento de Caudete","og_description":"P\u00e1gina Oficial del Ayuntamiento de Caudete (Albacete)","og_url":"https:\/\/www.caudete.org\/ayuntamiento\/inma-garcia-entrega-junto-a-emilio-catalan-las-menciones-honorificas-de-la-plataforma-del-voluntariado\/","og_site_name":"MI Ayuntamiento de Caudete","article_publisher":"https:\/\/www.facebook.com\/ayuntamientocaudete\/","article_published_time":"2021-12-11T15:49:22+00:00","article_modified_time":"2021-12-11T17:10:16+00:00","og_image":[{"width":2048,"height":1024,"url":"https:\/\/www.caudete.org\/ayuntamiento\/wp-content\/uploads\/2021\/12\/IMG-20211211-WA0027.jpg","type":"image\/jpeg"}],"author":"alcalde","twitter_card":"summary_large_image","twitter_misc":{"Escrito por":"alcalde","Tiempo de lectura":"2 minutos"},"schema":{"@context":"https:\/\/schema.org","@graph":[{"@type":"Article","@id":"https:\/\/www.caudete.org\/ayuntamiento\/inma-garcia-entrega-junto-a-emilio-catalan-las-menciones-honorificas-de-la-plataforma-del-voluntariado\/#article","isPartOf":{"@id":"https:\/\/www.caudete.org\/ayuntamiento\/inma-garcia-entrega-junto-a-emilio-catalan-las-menciones-honorificas-de-la-plataforma-del-voluntariado\/"},"author":{"name":"alcalde","@id":"https:\/\/www.caudete.org\/ayuntamiento\/#\/schema\/person\/cc646da9133078ee4d8dd47457947253"},"headline":"Inma Garc\u00eda entrega junto a Emilio Catal\u00e1n las Menciones Honor\u00edficas de la Plataforma del Voluntariado","datePublished":"2021-12-11T15:49:22+00:00","dateModified":"2021-12-11T17:10:16+00:00","mainEntityOfPage":{"@id":"https:\/\/www.caudete.org\/ayuntamiento\/inma-garcia-entrega-junto-a-emilio-catalan-las-menciones-honorificas-de-la-plataforma-del-voluntariado\/"},"wordCount":429,"image":{"@id":"https:\/\/www.caudete.org\/ayuntamiento\/inma-garcia-entrega-junto-a-emilio-catalan-las-menciones-honorificas-de-la-plataforma-del-voluntariado\/#primaryimage"},"thumbnailUrl":"https:\/\/www.caudete.org\/ayuntamiento\/wp-content\/uploads\/2021\/12\/IMG-20211211-WA0027.jpg","articleSection":["Asociaciones"],"inLanguage":"es"},{"@type":"WebPage","@id":"https:\/\/www.caudete.org\/ayuntamiento\/inma-garcia-entrega-junto-a-emilio-catalan-las-menciones-honorificas-de-la-plataforma-del-voluntariado\/","url":"https:\/\/www.caudete.org\/ayuntamiento\/inma-garcia-entrega-junto-a-emilio-catalan-las-menciones-honorificas-de-la-plataforma-del-voluntariado\/","name":"Inma Garc\u00eda entrega junto a Emilio Catal\u00e1n las Menciones Honor\u00edficas de la Plataforma del Voluntariado - MI Ayuntamiento de Caudete","isPartOf":{"@id":"https:\/\/www.caudete.org\/ayuntamiento\/#website"},"primaryImageOfPage":{"@id":"https:\/\/www.caudete.org\/ayuntamiento\/inma-garcia-entrega-junto-a-emilio-catalan-las-menciones-honorificas-de-la-plataforma-del-voluntariado\/#primaryimage"},"image":{"@id":"https:\/\/www.caudete.org\/ayuntamiento\/inma-garcia-entrega-junto-a-emilio-catalan-las-menciones-honorificas-de-la-plataforma-del-voluntariado\/#primaryimage"},"thumbnailUrl":"https:\/\/www.caudete.org\/ayuntamiento\/wp-content\/uploads\/2021\/12\/IMG-20211211-WA0027.jpg","datePublished":"2021-12-11T15:49:22+00:00","dateModified":"2021-12-11T17:10:16+00:00","author":{"@id":"https:\/\/www.caudete.org\/ayuntamiento\/#\/schema\/person\/cc646da9133078ee4d8dd47457947253"},"description":"P\u00e1gina Oficial del Ayuntamiento de Caudete (Albacete)","breadcrumb":{"@id":"https:\/\/www.caudete.org\/ayuntamiento\/inma-garcia-entrega-junto-a-emilio-catalan-las-menciones-honorificas-de-la-plataforma-del-voluntariado\/#breadcrumb"},"inLanguage":"es","potentialAction":[{"@type":"ReadAction","target":["https:\/\/www.caudete.org\/ayuntamiento\/inma-garcia-entrega-junto-a-emilio-catalan-las-menciones-honorificas-de-la-plataforma-del-voluntariado\/"]}]},{"@type":"ImageObject","inLanguage":"es","@id":"https:\/\/www.caudete.org\/ayuntamiento\/inma-garcia-entrega-junto-a-emilio-catalan-las-menciones-honorificas-de-la-plataforma-del-voluntariado\/#primaryimage","url":"https:\/\/www.caudete.org\/ayuntamiento\/wp-content\/uploads\/2021\/12\/IMG-20211211-WA0027.jpg","contentUrl":"https:\/\/www.caudete.org\/ayuntamiento\/wp-content\/uploads\/2021\/12\/IMG-20211211-WA0027.jpg","width":2048,"height":1024},{"@type":"BreadcrumbList","@id":"https:\/\/www.caudete.org\/ayuntamiento\/inma-garcia-entrega-junto-a-emilio-catalan-las-menciones-honorificas-de-la-plataforma-del-voluntariado\/#breadcrumb","itemListElement":[{"@type":"ListItem","position":1,"name":"Inicio","item":"https:\/\/www.caudete.org\/ayuntamiento\/"},{"@type":"ListItem","position":2,"name":"Inma Garc\u00eda entrega junto a Emilio Catal\u00e1n las Menciones Honor\u00edficas de la Plataforma del Voluntariado"}]},{"@type":"WebSite","@id":"https:\/\/www.caudete.org\/ayuntamiento\/#website","url":"https:\/\/www.caudete.org\/ayuntamiento\/","name":"MI Ayuntamiento de Caudete","description":"P\u00e1gina Oficial del MI Ayuntamiento de Caudete","potentialAction":[{"@type":"SearchAction","target":{"@type":"EntryPoint","urlTemplate":"https:\/\/www.caudete.org\/ayuntamiento\/?s={search_term_string}"},"query-input":{"@type":"PropertyValueSpecification","valueRequired":true,"valueName":"search_term_string"}}],"inLanguage":"es"},{"@type":"Person","@id":"https:\/\/www.caudete.org\/ayuntamiento\/#\/schema\/person\/cc646da9133078ee4d8dd47457947253","name":"alcalde","image":{"@type":"ImageObject","inLanguage":"es","@id":"https:\/\/secure.gravatar.com\/avatar\/84a817ba065b29ff08d666b215a215f5c79186a645ccb25b14a663d48a130f77?s=96&d=mm&r=g","url":"https:\/\/secure.gravatar.com\/avatar\/84a817ba065b29ff08d666b215a215f5c79186a645ccb25b14a663d48a130f77?s=96&d=mm&r=g","contentUrl":"https:\/\/secure.gravatar.com\/avatar\/84a817ba065b29ff08d666b215a215f5c79186a645ccb25b14a663d48a130f77?s=96&d=mm&r=g","caption":"alcalde"},"url":"https:\/\/www.caudete.org\/ayuntamiento\/author\/alcalde\/"}]}},"_links":{"self":[{"href":"https:\/\/www.caudete.org\/ayuntamiento\/wp-json\/wp\/v2\/posts\/17453","targetHints":{"allow":["GET"]}}],"collection":[{"href":"https:\/\/www.caudete.org\/ayuntamiento\/wp-json\/wp\/v2\/posts"}],"about":[{"href":"https:\/\/www.caudete.org\/ayuntamiento\/wp-json\/wp\/v2\/types\/post"}],"author":[{"embeddable":true,"href":"https:\/\/www.caudete.org\/ayuntamiento\/wp-json\/wp\/v2\/users\/3"}],"replies":[{"embeddable":true,"href":"https:\/\/www.caudete.org\/ayuntamiento\/wp-json\/wp\/v2\/comments?post=17453"}],"version-history":[{"count":2,"href":"https:\/\/www.caudete.org\/ayuntamiento\/wp-json\/wp\/v2\/posts\/17453\/revisions"}],"predecessor-version":[{"id":17457,"href":"https:\/\/www.caudete.org\/ayuntamiento\/wp-json\/wp\/v2\/posts\/17453\/revisions\/17457"}],"wp:featuredmedia":[{"embeddable":true,"href":"https:\/\/www.caudete.org\/ayuntamiento\/wp-json\/wp\/v2\/media\/17454"}],"wp:attachment":[{"href":"https:\/\/www.caudete.org\/ayuntamiento\/wp-json\/wp\/v2\/media?parent=17453"}],"wp:term":[{"taxonomy":"category","embeddable":true,"href":"https:\/\/www.caudete.org\/ayuntamiento\/wp-json\/wp\/v2\/categories?post=17453"},{"taxonomy":"post_tag","embeddable":true,"href":"https:\/\/www.caudete.org\/ayuntamiento\/wp-json\/wp\/v2\/tags?post=17453"}],"curies":[{"name":"wp","href":"https:\/\/api.w.org\/{rel}","templated":true}]}}