{"id":17473,"date":"2021-12-12T14:40:54","date_gmt":"2021-12-12T13:40:54","guid":{"rendered":"https:\/\/www.caudete.org\/ayuntamiento\/?p=17473"},"modified":"2021-12-12T17:28:57","modified_gmt":"2021-12-12T16:28:57","slug":"el-nuevo-parque-de-calistenia-ha-sido-inaugurado-esta-manana","status":"publish","type":"post","link":"https:\/\/www.caudete.org\/ayuntamiento\/el-nuevo-parque-de-calistenia-ha-sido-inaugurado-esta-manana\/","title":{"rendered":"El nuevo PARQUE DE CALISTENIA ha sido inaugurado esta ma\u00f1ana"},"content":{"rendered":"<p style=\"text-align: justify;\">La Ciudad Deportiva &#8220;Antonio Amor\u00f3s&#8221; acog\u00eda esta ma\u00f1ana la inauguraci\u00f3n del nuevo Parque de Calistenia implantado en su recinto.<\/p>\n<p style=\"text-align: justify;\">Hasta all\u00ed se han desplazado numerosos caudetanos para presenciar la demostraci\u00f3n de este deporte minoritario por parte de un nutrido grupo de j\u00f3venes de la localidad de diferentes edades, junto a invitados de este deporte de las vecinas Yecla y Villena.<\/p>\n<p><a href=\"https:\/\/www.caudete.org\/ayuntamiento\/wp-content\/uploads\/2021\/12\/IMG_20211212_130836-scaled.jpg\" rel='prettyPhoto'><img fetchpriority=\"high\" decoding=\"async\" class=\"aligncenter wp-image-17476 size-medium\" src=\"https:\/\/www.caudete.org\/ayuntamiento\/wp-content\/uploads\/2021\/12\/IMG_20211212_130836-300x225.jpg\" alt=\"\" width=\"300\" height=\"225\" srcset=\"https:\/\/www.caudete.org\/ayuntamiento\/wp-content\/uploads\/2021\/12\/IMG_20211212_130836-300x225.jpg 300w, https:\/\/www.caudete.org\/ayuntamiento\/wp-content\/uploads\/2021\/12\/IMG_20211212_130836-1024x768.jpg 1024w, https:\/\/www.caudete.org\/ayuntamiento\/wp-content\/uploads\/2021\/12\/IMG_20211212_130836-768x576.jpg 768w, https:\/\/www.caudete.org\/ayuntamiento\/wp-content\/uploads\/2021\/12\/IMG_20211212_130836-1536x1152.jpg 1536w, https:\/\/www.caudete.org\/ayuntamiento\/wp-content\/uploads\/2021\/12\/IMG_20211212_130836-2048x1536.jpg 2048w\" sizes=\"(max-width: 300px) 100vw, 300px\" \/><\/a><\/p>\n<p>&nbsp;<\/p>\n<p style=\"text-align: justify;\">El acto lo abr\u00eda el Alcalde Mois\u00e9s L\u00f3pez con una intervenci\u00f3n en el que ha destacado el compromiso del Gobierno Municipal que ha permitido hacer realidad esta instalaci\u00f3n, una alternativa m\u00e1s de la Ciudad Deportiva. Una inversi\u00f3n que ha sido cofinanciada entre el Ayuntamiento con 10.200\u20ac y la Diputaci\u00f3n Provincial con 12.800\u20ac, y que por una de las programadas para el presente mandato.<\/p>\n<p style=\"text-align: justify;\">Tras ello, Pilar Egea, Concejal de Deportes y Joaqu\u00edn Pag\u00e1n, presentes tambi\u00e9n el acto, destacaban la colaboraci\u00f3n de los j\u00f3venes deportistas en este proyecto que hoy se hac\u00eda realidad, pues han participado en los momentos decisivos del proyecto para dise\u00f1ar unas instalaciones atractivas y completas.<\/p>\n<p>&nbsp;<\/p>\n","protected":false},"excerpt":{"rendered":"<p>La Ciudad Deportiva &#8220;Antonio Amor\u00f3s&#8221; acog\u00eda esta ma\u00f1ana la inauguraci\u00f3n del nuevo Parque de Calistenia implantado en su recinto. Hasta all\u00ed se han desplazado numerosos caudetanos para presenciar la demostraci\u00f3n de este deporte minoritario por parte de un nutrido grupo de j\u00f3venes de la localidad de diferentes edades, junto a invitados de este deporte de &hellip;<\/p>\n","protected":false},"author":3,"featured_media":17474,"comment_status":"closed","ping_status":"open","sticky":false,"template":"","format":"standard","meta":{"ngg_post_thumbnail":0,"footnotes":""},"categories":[23],"tags":[],"class_list":["post-17473","post","type-post","status-publish","format-standard","has-post-thumbnail","hentry","category-deportes"],"yoast_head":"<!-- This site is optimized with the Yoast SEO plugin v27.5 - https:\/\/yoast.com\/product\/yoast-seo-wordpress\/ -->\n<title>El nuevo PARQUE DE CALISTENIA ha sido inaugurado esta ma\u00f1ana - MI Ayuntamiento de Caudete<\/title>\n<meta name=\"description\" content=\"P\u00e1gina Oficial del Ayuntamiento de Caudete (Albacete)\" \/>\n<meta name=\"robots\" content=\"index, follow, max-snippet:-1, max-image-preview:large, max-video-preview:-1\" \/>\n<link rel=\"canonical\" href=\"https:\/\/www.caudete.org\/ayuntamiento\/el-nuevo-parque-de-calistenia-ha-sido-inaugurado-esta-manana\/\" \/>\n<meta property=\"og:locale\" content=\"es_ES\" \/>\n<meta property=\"og:type\" content=\"article\" \/>\n<meta property=\"og:title\" content=\"El nuevo PARQUE DE CALISTENIA ha sido inaugurado esta ma\u00f1ana - MI Ayuntamiento de Caudete\" \/>\n<meta property=\"og:description\" content=\"P\u00e1gina Oficial del Ayuntamiento de Caudete (Albacete)\" \/>\n<meta property=\"og:url\" content=\"https:\/\/www.caudete.org\/ayuntamiento\/el-nuevo-parque-de-calistenia-ha-sido-inaugurado-esta-manana\/\" \/>\n<meta property=\"og:site_name\" content=\"MI Ayuntamiento de Caudete\" \/>\n<meta property=\"article:publisher\" content=\"https:\/\/www.facebook.com\/ayuntamientocaudete\/\" \/>\n<meta property=\"article:published_time\" content=\"2021-12-12T13:40:54+00:00\" \/>\n<meta property=\"article:modified_time\" content=\"2021-12-12T16:28:57+00:00\" \/>\n<meta property=\"og:image\" content=\"https:\/\/www.caudete.org\/ayuntamiento\/wp-content\/uploads\/2021\/12\/IMG_20211212_130849-scaled.jpg\" \/>\n\t<meta property=\"og:image:width\" content=\"2560\" \/>\n\t<meta property=\"og:image:height\" content=\"1920\" \/>\n\t<meta property=\"og:image:type\" content=\"image\/jpeg\" \/>\n<meta name=\"author\" content=\"alcalde\" \/>\n<meta name=\"twitter:card\" content=\"summary_large_image\" \/>\n<meta name=\"twitter:label1\" content=\"Escrito por\" \/>\n\t<meta name=\"twitter:data1\" content=\"alcalde\" \/>\n\t<meta name=\"twitter:label2\" content=\"Tiempo de lectura\" \/>\n\t<meta name=\"twitter:data2\" content=\"1 minuto\" \/>\n<script type=\"application\/ld+json\" class=\"yoast-schema-graph\">{\"@context\":\"https:\\\/\\\/schema.org\",\"@graph\":[{\"@type\":\"Article\",\"@id\":\"https:\\\/\\\/www.caudete.org\\\/ayuntamiento\\\/el-nuevo-parque-de-calistenia-ha-sido-inaugurado-esta-manana\\\/#article\",\"isPartOf\":{\"@id\":\"https:\\\/\\\/www.caudete.org\\\/ayuntamiento\\\/el-nuevo-parque-de-calistenia-ha-sido-inaugurado-esta-manana\\\/\"},\"author\":{\"name\":\"alcalde\",\"@id\":\"https:\\\/\\\/www.caudete.org\\\/ayuntamiento\\\/#\\\/schema\\\/person\\\/cc646da9133078ee4d8dd47457947253\"},\"headline\":\"El nuevo PARQUE DE CALISTENIA ha sido inaugurado esta ma\u00f1ana\",\"datePublished\":\"2021-12-12T13:40:54+00:00\",\"dateModified\":\"2021-12-12T16:28:57+00:00\",\"mainEntityOfPage\":{\"@id\":\"https:\\\/\\\/www.caudete.org\\\/ayuntamiento\\\/el-nuevo-parque-de-calistenia-ha-sido-inaugurado-esta-manana\\\/\"},\"wordCount\":200,\"image\":{\"@id\":\"https:\\\/\\\/www.caudete.org\\\/ayuntamiento\\\/el-nuevo-parque-de-calistenia-ha-sido-inaugurado-esta-manana\\\/#primaryimage\"},\"thumbnailUrl\":\"https:\\\/\\\/www.caudete.org\\\/ayuntamiento\\\/wp-content\\\/uploads\\\/2021\\\/12\\\/IMG_20211212_130849-scaled.jpg\",\"articleSection\":[\"Deportes\"],\"inLanguage\":\"es\"},{\"@type\":\"WebPage\",\"@id\":\"https:\\\/\\\/www.caudete.org\\\/ayuntamiento\\\/el-nuevo-parque-de-calistenia-ha-sido-inaugurado-esta-manana\\\/\",\"url\":\"https:\\\/\\\/www.caudete.org\\\/ayuntamiento\\\/el-nuevo-parque-de-calistenia-ha-sido-inaugurado-esta-manana\\\/\",\"name\":\"El nuevo PARQUE DE CALISTENIA ha sido inaugurado esta ma\u00f1ana - MI Ayuntamiento de Caudete\",\"isPartOf\":{\"@id\":\"https:\\\/\\\/www.caudete.org\\\/ayuntamiento\\\/#website\"},\"primaryImageOfPage\":{\"@id\":\"https:\\\/\\\/www.caudete.org\\\/ayuntamiento\\\/el-nuevo-parque-de-calistenia-ha-sido-inaugurado-esta-manana\\\/#primaryimage\"},\"image\":{\"@id\":\"https:\\\/\\\/www.caudete.org\\\/ayuntamiento\\\/el-nuevo-parque-de-calistenia-ha-sido-inaugurado-esta-manana\\\/#primaryimage\"},\"thumbnailUrl\":\"https:\\\/\\\/www.caudete.org\\\/ayuntamiento\\\/wp-content\\\/uploads\\\/2021\\\/12\\\/IMG_20211212_130849-scaled.jpg\",\"datePublished\":\"2021-12-12T13:40:54+00:00\",\"dateModified\":\"2021-12-12T16:28:57+00:00\",\"author\":{\"@id\":\"https:\\\/\\\/www.caudete.org\\\/ayuntamiento\\\/#\\\/schema\\\/person\\\/cc646da9133078ee4d8dd47457947253\"},\"description\":\"P\u00e1gina Oficial del Ayuntamiento de Caudete (Albacete)\",\"breadcrumb\":{\"@id\":\"https:\\\/\\\/www.caudete.org\\\/ayuntamiento\\\/el-nuevo-parque-de-calistenia-ha-sido-inaugurado-esta-manana\\\/#breadcrumb\"},\"inLanguage\":\"es\",\"potentialAction\":[{\"@type\":\"ReadAction\",\"target\":[\"https:\\\/\\\/www.caudete.org\\\/ayuntamiento\\\/el-nuevo-parque-de-calistenia-ha-sido-inaugurado-esta-manana\\\/\"]}]},{\"@type\":\"ImageObject\",\"inLanguage\":\"es\",\"@id\":\"https:\\\/\\\/www.caudete.org\\\/ayuntamiento\\\/el-nuevo-parque-de-calistenia-ha-sido-inaugurado-esta-manana\\\/#primaryimage\",\"url\":\"https:\\\/\\\/www.caudete.org\\\/ayuntamiento\\\/wp-content\\\/uploads\\\/2021\\\/12\\\/IMG_20211212_130849-scaled.jpg\",\"contentUrl\":\"https:\\\/\\\/www.caudete.org\\\/ayuntamiento\\\/wp-content\\\/uploads\\\/2021\\\/12\\\/IMG_20211212_130849-scaled.jpg\",\"width\":2560,\"height\":1920},{\"@type\":\"BreadcrumbList\",\"@id\":\"https:\\\/\\\/www.caudete.org\\\/ayuntamiento\\\/el-nuevo-parque-de-calistenia-ha-sido-inaugurado-esta-manana\\\/#breadcrumb\",\"itemListElement\":[{\"@type\":\"ListItem\",\"position\":1,\"name\":\"Inicio\",\"item\":\"https:\\\/\\\/www.caudete.org\\\/ayuntamiento\\\/\"},{\"@type\":\"ListItem\",\"position\":2,\"name\":\"El nuevo PARQUE DE CALISTENIA ha sido inaugurado esta ma\u00f1ana\"}]},{\"@type\":\"WebSite\",\"@id\":\"https:\\\/\\\/www.caudete.org\\\/ayuntamiento\\\/#website\",\"url\":\"https:\\\/\\\/www.caudete.org\\\/ayuntamiento\\\/\",\"name\":\"MI Ayuntamiento de Caudete\",\"description\":\"P\u00e1gina Oficial del MI Ayuntamiento de Caudete\",\"potentialAction\":[{\"@type\":\"SearchAction\",\"target\":{\"@type\":\"EntryPoint\",\"urlTemplate\":\"https:\\\/\\\/www.caudete.org\\\/ayuntamiento\\\/?s={search_term_string}\"},\"query-input\":{\"@type\":\"PropertyValueSpecification\",\"valueRequired\":true,\"valueName\":\"search_term_string\"}}],\"inLanguage\":\"es\"},{\"@type\":\"Person\",\"@id\":\"https:\\\/\\\/www.caudete.org\\\/ayuntamiento\\\/#\\\/schema\\\/person\\\/cc646da9133078ee4d8dd47457947253\",\"name\":\"alcalde\",\"image\":{\"@type\":\"ImageObject\",\"inLanguage\":\"es\",\"@id\":\"https:\\\/\\\/secure.gravatar.com\\\/avatar\\\/84a817ba065b29ff08d666b215a215f5c79186a645ccb25b14a663d48a130f77?s=96&d=mm&r=g\",\"url\":\"https:\\\/\\\/secure.gravatar.com\\\/avatar\\\/84a817ba065b29ff08d666b215a215f5c79186a645ccb25b14a663d48a130f77?s=96&d=mm&r=g\",\"contentUrl\":\"https:\\\/\\\/secure.gravatar.com\\\/avatar\\\/84a817ba065b29ff08d666b215a215f5c79186a645ccb25b14a663d48a130f77?s=96&d=mm&r=g\",\"caption\":\"alcalde\"},\"url\":\"https:\\\/\\\/www.caudete.org\\\/ayuntamiento\\\/author\\\/alcalde\\\/\"}]}<\/script>\n<!-- \/ Yoast SEO plugin. -->","yoast_head_json":{"title":"El nuevo PARQUE DE CALISTENIA ha sido inaugurado esta ma\u00f1ana - MI Ayuntamiento de Caudete","description":"P\u00e1gina Oficial del Ayuntamiento de Caudete (Albacete)","robots":{"index":"index","follow":"follow","max-snippet":"max-snippet:-1","max-image-preview":"max-image-preview:large","max-video-preview":"max-video-preview:-1"},"canonical":"https:\/\/www.caudete.org\/ayuntamiento\/el-nuevo-parque-de-calistenia-ha-sido-inaugurado-esta-manana\/","og_locale":"es_ES","og_type":"article","og_title":"El nuevo PARQUE DE CALISTENIA ha sido inaugurado esta ma\u00f1ana - MI Ayuntamiento de Caudete","og_description":"P\u00e1gina Oficial del Ayuntamiento de Caudete (Albacete)","og_url":"https:\/\/www.caudete.org\/ayuntamiento\/el-nuevo-parque-de-calistenia-ha-sido-inaugurado-esta-manana\/","og_site_name":"MI Ayuntamiento de Caudete","article_publisher":"https:\/\/www.facebook.com\/ayuntamientocaudete\/","article_published_time":"2021-12-12T13:40:54+00:00","article_modified_time":"2021-12-12T16:28:57+00:00","og_image":[{"width":2560,"height":1920,"url":"https:\/\/www.caudete.org\/ayuntamiento\/wp-content\/uploads\/2021\/12\/IMG_20211212_130849-scaled.jpg","type":"image\/jpeg"}],"author":"alcalde","twitter_card":"summary_large_image","twitter_misc":{"Escrito por":"alcalde","Tiempo de lectura":"1 minuto"},"schema":{"@context":"https:\/\/schema.org","@graph":[{"@type":"Article","@id":"https:\/\/www.caudete.org\/ayuntamiento\/el-nuevo-parque-de-calistenia-ha-sido-inaugurado-esta-manana\/#article","isPartOf":{"@id":"https:\/\/www.caudete.org\/ayuntamiento\/el-nuevo-parque-de-calistenia-ha-sido-inaugurado-esta-manana\/"},"author":{"name":"alcalde","@id":"https:\/\/www.caudete.org\/ayuntamiento\/#\/schema\/person\/cc646da9133078ee4d8dd47457947253"},"headline":"El nuevo PARQUE DE CALISTENIA ha sido inaugurado esta ma\u00f1ana","datePublished":"2021-12-12T13:40:54+00:00","dateModified":"2021-12-12T16:28:57+00:00","mainEntityOfPage":{"@id":"https:\/\/www.caudete.org\/ayuntamiento\/el-nuevo-parque-de-calistenia-ha-sido-inaugurado-esta-manana\/"},"wordCount":200,"image":{"@id":"https:\/\/www.caudete.org\/ayuntamiento\/el-nuevo-parque-de-calistenia-ha-sido-inaugurado-esta-manana\/#primaryimage"},"thumbnailUrl":"https:\/\/www.caudete.org\/ayuntamiento\/wp-content\/uploads\/2021\/12\/IMG_20211212_130849-scaled.jpg","articleSection":["Deportes"],"inLanguage":"es"},{"@type":"WebPage","@id":"https:\/\/www.caudete.org\/ayuntamiento\/el-nuevo-parque-de-calistenia-ha-sido-inaugurado-esta-manana\/","url":"https:\/\/www.caudete.org\/ayuntamiento\/el-nuevo-parque-de-calistenia-ha-sido-inaugurado-esta-manana\/","name":"El nuevo PARQUE DE CALISTENIA ha sido inaugurado esta ma\u00f1ana - MI Ayuntamiento de Caudete","isPartOf":{"@id":"https:\/\/www.caudete.org\/ayuntamiento\/#website"},"primaryImageOfPage":{"@id":"https:\/\/www.caudete.org\/ayuntamiento\/el-nuevo-parque-de-calistenia-ha-sido-inaugurado-esta-manana\/#primaryimage"},"image":{"@id":"https:\/\/www.caudete.org\/ayuntamiento\/el-nuevo-parque-de-calistenia-ha-sido-inaugurado-esta-manana\/#primaryimage"},"thumbnailUrl":"https:\/\/www.caudete.org\/ayuntamiento\/wp-content\/uploads\/2021\/12\/IMG_20211212_130849-scaled.jpg","datePublished":"2021-12-12T13:40:54+00:00","dateModified":"2021-12-12T16:28:57+00:00","author":{"@id":"https:\/\/www.caudete.org\/ayuntamiento\/#\/schema\/person\/cc646da9133078ee4d8dd47457947253"},"description":"P\u00e1gina Oficial del Ayuntamiento de Caudete (Albacete)","breadcrumb":{"@id":"https:\/\/www.caudete.org\/ayuntamiento\/el-nuevo-parque-de-calistenia-ha-sido-inaugurado-esta-manana\/#breadcrumb"},"inLanguage":"es","potentialAction":[{"@type":"ReadAction","target":["https:\/\/www.caudete.org\/ayuntamiento\/el-nuevo-parque-de-calistenia-ha-sido-inaugurado-esta-manana\/"]}]},{"@type":"ImageObject","inLanguage":"es","@id":"https:\/\/www.caudete.org\/ayuntamiento\/el-nuevo-parque-de-calistenia-ha-sido-inaugurado-esta-manana\/#primaryimage","url":"https:\/\/www.caudete.org\/ayuntamiento\/wp-content\/uploads\/2021\/12\/IMG_20211212_130849-scaled.jpg","contentUrl":"https:\/\/www.caudete.org\/ayuntamiento\/wp-content\/uploads\/2021\/12\/IMG_20211212_130849-scaled.jpg","width":2560,"height":1920},{"@type":"BreadcrumbList","@id":"https:\/\/www.caudete.org\/ayuntamiento\/el-nuevo-parque-de-calistenia-ha-sido-inaugurado-esta-manana\/#breadcrumb","itemListElement":[{"@type":"ListItem","position":1,"name":"Inicio","item":"https:\/\/www.caudete.org\/ayuntamiento\/"},{"@type":"ListItem","position":2,"name":"El nuevo PARQUE DE CALISTENIA ha sido inaugurado esta ma\u00f1ana"}]},{"@type":"WebSite","@id":"https:\/\/www.caudete.org\/ayuntamiento\/#website","url":"https:\/\/www.caudete.org\/ayuntamiento\/","name":"MI Ayuntamiento de Caudete","description":"P\u00e1gina Oficial del MI Ayuntamiento de Caudete","potentialAction":[{"@type":"SearchAction","target":{"@type":"EntryPoint","urlTemplate":"https:\/\/www.caudete.org\/ayuntamiento\/?s={search_term_string}"},"query-input":{"@type":"PropertyValueSpecification","valueRequired":true,"valueName":"search_term_string"}}],"inLanguage":"es"},{"@type":"Person","@id":"https:\/\/www.caudete.org\/ayuntamiento\/#\/schema\/person\/cc646da9133078ee4d8dd47457947253","name":"alcalde","image":{"@type":"ImageObject","inLanguage":"es","@id":"https:\/\/secure.gravatar.com\/avatar\/84a817ba065b29ff08d666b215a215f5c79186a645ccb25b14a663d48a130f77?s=96&d=mm&r=g","url":"https:\/\/secure.gravatar.com\/avatar\/84a817ba065b29ff08d666b215a215f5c79186a645ccb25b14a663d48a130f77?s=96&d=mm&r=g","contentUrl":"https:\/\/secure.gravatar.com\/avatar\/84a817ba065b29ff08d666b215a215f5c79186a645ccb25b14a663d48a130f77?s=96&d=mm&r=g","caption":"alcalde"},"url":"https:\/\/www.caudete.org\/ayuntamiento\/author\/alcalde\/"}]}},"_links":{"self":[{"href":"https:\/\/www.caudete.org\/ayuntamiento\/wp-json\/wp\/v2\/posts\/17473","targetHints":{"allow":["GET"]}}],"collection":[{"href":"https:\/\/www.caudete.org\/ayuntamiento\/wp-json\/wp\/v2\/posts"}],"about":[{"href":"https:\/\/www.caudete.org\/ayuntamiento\/wp-json\/wp\/v2\/types\/post"}],"author":[{"embeddable":true,"href":"https:\/\/www.caudete.org\/ayuntamiento\/wp-json\/wp\/v2\/users\/3"}],"replies":[{"embeddable":true,"href":"https:\/\/www.caudete.org\/ayuntamiento\/wp-json\/wp\/v2\/comments?post=17473"}],"version-history":[{"count":2,"href":"https:\/\/www.caudete.org\/ayuntamiento\/wp-json\/wp\/v2\/posts\/17473\/revisions"}],"predecessor-version":[{"id":17479,"href":"https:\/\/www.caudete.org\/ayuntamiento\/wp-json\/wp\/v2\/posts\/17473\/revisions\/17479"}],"wp:featuredmedia":[{"embeddable":true,"href":"https:\/\/www.caudete.org\/ayuntamiento\/wp-json\/wp\/v2\/media\/17474"}],"wp:attachment":[{"href":"https:\/\/www.caudete.org\/ayuntamiento\/wp-json\/wp\/v2\/media?parent=17473"}],"wp:term":[{"taxonomy":"category","embeddable":true,"href":"https:\/\/www.caudete.org\/ayuntamiento\/wp-json\/wp\/v2\/categories?post=17473"},{"taxonomy":"post_tag","embeddable":true,"href":"https:\/\/www.caudete.org\/ayuntamiento\/wp-json\/wp\/v2\/tags?post=17473"}],"curies":[{"name":"wp","href":"https:\/\/api.w.org\/{rel}","templated":true}]}}