{"id":17482,"date":"2021-12-13T09:58:44","date_gmt":"2021-12-13T08:58:44","guid":{"rendered":"https:\/\/www.caudete.org\/ayuntamiento\/?p=17482"},"modified":"2021-12-13T11:53:50","modified_gmt":"2021-12-13T10:53:50","slug":"presentadas-las-actividades-de-la-concejalia-de-juventud-para-las-vacaciones-de-navidad","status":"publish","type":"post","link":"https:\/\/www.caudete.org\/ayuntamiento\/presentadas-las-actividades-de-la-concejalia-de-juventud-para-las-vacaciones-de-navidad\/","title":{"rendered":"Presentadas las actividades de la Concejal\u00eda de Juventud para las Vacaciones de Navidad"},"content":{"rendered":"<p style=\"text-align: justify;\">Natalia Ba\u00f1\u00f3n, Concejal de Juventud presentaba la programaci\u00f3n de actividades organizadas junto al Centro Joven, con el fin de seguir organizando ocio alternativo para j\u00f3venes durante las vacaciones de Navidad.<\/p>\n<p style=\"text-align: justify;\">Para ello, se han establecido 3 actividades que tendr\u00e1n una duraci\u00f3n de varias jornadas, totalmente gratuitas y que est\u00e1n dirigidas a desde ni\u00f1os a partir de 12 a\u00f1os hasta j\u00f3venes de 30.<\/p>\n<p>&nbsp;<\/p>\n<ul>\n<li><span style=\"text-decoration: underline;\"><strong>LABORATORIO DE ILUSTRACI\u00d3N, impartido por el artista local Dyox.<\/strong><\/span><\/li>\n<\/ul>\n<p>Este taller tendr\u00e1 lugar los d\u00edas <strong>27, 28, 29 de diciembre de 11:00 horas a 13:00<\/strong> en el Centro Joven. Las inscripciones podr\u00e1n realizarse hasta el 21 de diciembre en el Centro Joven o trav\u00e9s de este formulario: <a href=\"https:\/\/forms.gle\/p6MCfSqqwcynw3AP6\" target=\"_blank\" rel=\"nofollow\">https:\/\/forms.gle\/p6MCfSqqwcynw3AP6<\/a><\/p>\n<p>El taller est\u00e1 dirigido a j\u00f3venes entre 12 y 18 a\u00f1os y las plazas son limitadas. Los contenidos del taller son los siguientes:<\/p>\n<ul>\n<li>Desarrollo de ilustraciones a partir de un cuento corto<\/li>\n<li>Lectura y valoraci\u00f3n del texto para traducci\u00f3n a lenguaje visualizaci\u00f3n.<\/li>\n<li>Utilizaci\u00f3n de diversas t\u00e9cnicas de dibujo (bocetos, entintado, color, etc.)<\/li>\n<\/ul>\n<p>&nbsp;<\/p>\n<ul>\n<li><span style=\"text-decoration: underline;\"><strong>TALLER DE RADIO, impartido por la locutora local Leo Maci\u00e1.<\/strong><\/span><\/li>\n<\/ul>\n<p>Tendr\u00e1 lugar los d\u00edas <strong>27, 28, 29 diciembre en el horario de17:00 a 18:30<\/strong> y se impartir\u00e1 en el Centro Joven de Caudete.<\/p>\n<p>Los contenidos del taller son:<\/p>\n<ul>\n<li>La Voz Como Instrumento de Trabajo<\/li>\n<li>Entrenar la Voz. T\u00e9cnicas de Locuci\u00f3n<\/li>\n<li>Ritmo de programa, escaleta<\/li>\n<\/ul>\n<p>Se realizar\u00e1 un programa en directo en radio MQR. Las inscripciones tendr\u00e1n que realizarse hasta el 21 de diciembre en el Centro Joven o trav\u00e9s de este formulario: <a href=\"https:\/\/forms.gle\/o9qSVvNLYY5vxThh6\" target=\"_blank\" rel=\"nofollow\">https:\/\/forms.gle\/o9qSVvNLYY5vxThh6<\/a><\/p>\n<p>El taller est\u00e1 dirigido a j\u00f3venes a partir de 12 a\u00f1os y las plazas son limitadas.<\/p>\n<p>&nbsp;<\/p>\n<ul>\n<li><strong>TORNEO ONLINE DE FORTNITE<\/strong><\/li>\n<\/ul>\n<p>Tendr\u00e1 lugar los d\u00edas <strong>3 y 4 de enero en horario de ma\u00f1ana y tarde<\/strong>. Esta actividad est\u00e1 organizada en conjunto con el Campeonato de Fortnite del Centro Joven Almansa.<\/p>\n<p>Dirigida a j\u00f3venes de 12 a 30 a\u00f1os.<\/p>\n<p>M\u00e1s informaci\u00f3n en el Centro Joven de Caudete.<\/p>\n","protected":false},"excerpt":{"rendered":"<p>Natalia Ba\u00f1\u00f3n, Concejal de Juventud presentaba la programaci\u00f3n de actividades organizadas junto al Centro Joven, con el fin de seguir organizando ocio alternativo para j\u00f3venes durante las vacaciones de Navidad. Para ello, se han establecido 3 actividades que tendr\u00e1n una duraci\u00f3n de varias jornadas, totalmente gratuitas y que est\u00e1n dirigidas a desde ni\u00f1os a partir &hellip;<\/p>\n","protected":false},"author":3,"featured_media":17485,"comment_status":"closed","ping_status":"open","sticky":false,"template":"","format":"standard","meta":{"ngg_post_thumbnail":0,"footnotes":""},"categories":[121],"tags":[],"class_list":["post-17482","post","type-post","status-publish","format-standard","has-post-thumbnail","hentry","category-juventud-2"],"yoast_head":"<!-- This site is optimized with the Yoast SEO plugin v27.5 - https:\/\/yoast.com\/product\/yoast-seo-wordpress\/ -->\n<title>Presentadas las actividades de la Concejal\u00eda de Juventud para las Vacaciones de Navidad - MI Ayuntamiento de Caudete<\/title>\n<meta name=\"description\" content=\"P\u00e1gina Oficial del Ayuntamiento de Caudete (Albacete)\" \/>\n<meta name=\"robots\" content=\"index, follow, max-snippet:-1, max-image-preview:large, max-video-preview:-1\" \/>\n<link rel=\"canonical\" href=\"https:\/\/www.caudete.org\/ayuntamiento\/presentadas-las-actividades-de-la-concejalia-de-juventud-para-las-vacaciones-de-navidad\/\" \/>\n<meta property=\"og:locale\" content=\"es_ES\" \/>\n<meta property=\"og:type\" content=\"article\" \/>\n<meta property=\"og:title\" content=\"Presentadas las actividades de la Concejal\u00eda de Juventud para las Vacaciones de Navidad - MI Ayuntamiento de Caudete\" \/>\n<meta property=\"og:description\" content=\"P\u00e1gina Oficial del Ayuntamiento de Caudete (Albacete)\" \/>\n<meta property=\"og:url\" content=\"https:\/\/www.caudete.org\/ayuntamiento\/presentadas-las-actividades-de-la-concejalia-de-juventud-para-las-vacaciones-de-navidad\/\" \/>\n<meta property=\"og:site_name\" content=\"MI Ayuntamiento de Caudete\" \/>\n<meta property=\"article:publisher\" content=\"https:\/\/www.facebook.com\/ayuntamientocaudete\/\" \/>\n<meta property=\"article:published_time\" content=\"2021-12-13T08:58:44+00:00\" \/>\n<meta property=\"article:modified_time\" content=\"2021-12-13T10:53:50+00:00\" \/>\n<meta property=\"og:image\" content=\"https:\/\/www.caudete.org\/ayuntamiento\/wp-content\/uploads\/2021\/12\/Navidad-Juventud-WEB.jpg\" \/>\n\t<meta property=\"og:image:width\" content=\"864\" \/>\n\t<meta property=\"og:image:height\" content=\"380\" \/>\n\t<meta property=\"og:image:type\" content=\"image\/jpeg\" \/>\n<meta name=\"author\" content=\"alcalde\" \/>\n<meta name=\"twitter:card\" content=\"summary_large_image\" \/>\n<meta name=\"twitter:label1\" content=\"Escrito por\" \/>\n\t<meta name=\"twitter:data1\" content=\"alcalde\" \/>\n\t<meta name=\"twitter:label2\" content=\"Tiempo de lectura\" \/>\n\t<meta name=\"twitter:data2\" content=\"2 minutos\" \/>\n<script type=\"application\/ld+json\" class=\"yoast-schema-graph\">{\"@context\":\"https:\\\/\\\/schema.org\",\"@graph\":[{\"@type\":\"Article\",\"@id\":\"https:\\\/\\\/www.caudete.org\\\/ayuntamiento\\\/presentadas-las-actividades-de-la-concejalia-de-juventud-para-las-vacaciones-de-navidad\\\/#article\",\"isPartOf\":{\"@id\":\"https:\\\/\\\/www.caudete.org\\\/ayuntamiento\\\/presentadas-las-actividades-de-la-concejalia-de-juventud-para-las-vacaciones-de-navidad\\\/\"},\"author\":{\"name\":\"alcalde\",\"@id\":\"https:\\\/\\\/www.caudete.org\\\/ayuntamiento\\\/#\\\/schema\\\/person\\\/cc646da9133078ee4d8dd47457947253\"},\"headline\":\"Presentadas las actividades de la Concejal\u00eda de Juventud para las Vacaciones de Navidad\",\"datePublished\":\"2021-12-13T08:58:44+00:00\",\"dateModified\":\"2021-12-13T10:53:50+00:00\",\"mainEntityOfPage\":{\"@id\":\"https:\\\/\\\/www.caudete.org\\\/ayuntamiento\\\/presentadas-las-actividades-de-la-concejalia-de-juventud-para-las-vacaciones-de-navidad\\\/\"},\"wordCount\":350,\"publisher\":{\"@id\":\"https:\\\/\\\/www.caudete.org\\\/ayuntamiento\\\/#organization\"},\"image\":{\"@id\":\"https:\\\/\\\/www.caudete.org\\\/ayuntamiento\\\/presentadas-las-actividades-de-la-concejalia-de-juventud-para-las-vacaciones-de-navidad\\\/#primaryimage\"},\"thumbnailUrl\":\"https:\\\/\\\/www.caudete.org\\\/ayuntamiento\\\/wp-content\\\/uploads\\\/2021\\\/12\\\/Navidad-Juventud-WEB.jpg\",\"articleSection\":[\"Juventud\"],\"inLanguage\":\"es\"},{\"@type\":\"WebPage\",\"@id\":\"https:\\\/\\\/www.caudete.org\\\/ayuntamiento\\\/presentadas-las-actividades-de-la-concejalia-de-juventud-para-las-vacaciones-de-navidad\\\/\",\"url\":\"https:\\\/\\\/www.caudete.org\\\/ayuntamiento\\\/presentadas-las-actividades-de-la-concejalia-de-juventud-para-las-vacaciones-de-navidad\\\/\",\"name\":\"Presentadas las actividades de la Concejal\u00eda de Juventud para las Vacaciones de Navidad - MI Ayuntamiento de Caudete\",\"isPartOf\":{\"@id\":\"https:\\\/\\\/www.caudete.org\\\/ayuntamiento\\\/#website\"},\"primaryImageOfPage\":{\"@id\":\"https:\\\/\\\/www.caudete.org\\\/ayuntamiento\\\/presentadas-las-actividades-de-la-concejalia-de-juventud-para-las-vacaciones-de-navidad\\\/#primaryimage\"},\"image\":{\"@id\":\"https:\\\/\\\/www.caudete.org\\\/ayuntamiento\\\/presentadas-las-actividades-de-la-concejalia-de-juventud-para-las-vacaciones-de-navidad\\\/#primaryimage\"},\"thumbnailUrl\":\"https:\\\/\\\/www.caudete.org\\\/ayuntamiento\\\/wp-content\\\/uploads\\\/2021\\\/12\\\/Navidad-Juventud-WEB.jpg\",\"datePublished\":\"2021-12-13T08:58:44+00:00\",\"dateModified\":\"2021-12-13T10:53:50+00:00\",\"description\":\"P\u00e1gina Oficial del Ayuntamiento de Caudete (Albacete)\",\"breadcrumb\":{\"@id\":\"https:\\\/\\\/www.caudete.org\\\/ayuntamiento\\\/presentadas-las-actividades-de-la-concejalia-de-juventud-para-las-vacaciones-de-navidad\\\/#breadcrumb\"},\"inLanguage\":\"es\",\"potentialAction\":[{\"@type\":\"ReadAction\",\"target\":[\"https:\\\/\\\/www.caudete.org\\\/ayuntamiento\\\/presentadas-las-actividades-de-la-concejalia-de-juventud-para-las-vacaciones-de-navidad\\\/\"]}]},{\"@type\":\"ImageObject\",\"inLanguage\":\"es\",\"@id\":\"https:\\\/\\\/www.caudete.org\\\/ayuntamiento\\\/presentadas-las-actividades-de-la-concejalia-de-juventud-para-las-vacaciones-de-navidad\\\/#primaryimage\",\"url\":\"https:\\\/\\\/www.caudete.org\\\/ayuntamiento\\\/wp-content\\\/uploads\\\/2021\\\/12\\\/Navidad-Juventud-WEB.jpg\",\"contentUrl\":\"https:\\\/\\\/www.caudete.org\\\/ayuntamiento\\\/wp-content\\\/uploads\\\/2021\\\/12\\\/Navidad-Juventud-WEB.jpg\",\"width\":864,\"height\":380},{\"@type\":\"BreadcrumbList\",\"@id\":\"https:\\\/\\\/www.caudete.org\\\/ayuntamiento\\\/presentadas-las-actividades-de-la-concejalia-de-juventud-para-las-vacaciones-de-navidad\\\/#breadcrumb\",\"itemListElement\":[{\"@type\":\"ListItem\",\"position\":1,\"name\":\"Inicio\",\"item\":\"https:\\\/\\\/www.caudete.org\\\/ayuntamiento\\\/\"},{\"@type\":\"ListItem\",\"position\":2,\"name\":\"Presentadas las actividades de la Concejal\u00eda de Juventud para las Vacaciones de Navidad\"}]},{\"@type\":\"WebSite\",\"@id\":\"https:\\\/\\\/www.caudete.org\\\/ayuntamiento\\\/#website\",\"url\":\"https:\\\/\\\/www.caudete.org\\\/ayuntamiento\\\/\",\"name\":\"MI Ayuntamiento de Caudete\",\"description\":\"P\u00e1gina Oficial del MI Ayuntamiento de Caudete\",\"publisher\":{\"@id\":\"https:\\\/\\\/www.caudete.org\\\/ayuntamiento\\\/#organization\"},\"potentialAction\":[{\"@type\":\"SearchAction\",\"target\":{\"@type\":\"EntryPoint\",\"urlTemplate\":\"https:\\\/\\\/www.caudete.org\\\/ayuntamiento\\\/?s={search_term_string}\"},\"query-input\":{\"@type\":\"PropertyValueSpecification\",\"valueRequired\":true,\"valueName\":\"search_term_string\"}}],\"inLanguage\":\"es\"},{\"@type\":\"Organization\",\"@id\":\"https:\\\/\\\/www.caudete.org\\\/ayuntamiento\\\/#organization\",\"name\":\"Ayuntamiento de Caudete\",\"url\":\"https:\\\/\\\/www.caudete.org\\\/ayuntamiento\\\/\",\"logo\":{\"@type\":\"ImageObject\",\"inLanguage\":\"es\",\"@id\":\"https:\\\/\\\/www.caudete.org\\\/ayuntamiento\\\/#\\\/schema\\\/logo\\\/image\\\/\",\"url\":\"https:\\\/\\\/www.caudete.org\\\/ayuntamiento\\\/wp-content\\\/uploads\\\/2020\\\/11\\\/logo_ayuntamiento_caudete.jpg\",\"contentUrl\":\"https:\\\/\\\/www.caudete.org\\\/ayuntamiento\\\/wp-content\\\/uploads\\\/2020\\\/11\\\/logo_ayuntamiento_caudete.jpg\",\"width\":600,\"height\":150,\"caption\":\"Ayuntamiento de Caudete\"},\"image\":{\"@id\":\"https:\\\/\\\/www.caudete.org\\\/ayuntamiento\\\/#\\\/schema\\\/logo\\\/image\\\/\"},\"sameAs\":[\"https:\\\/\\\/www.facebook.com\\\/ayuntamientocaudete\\\/\",\"https:\\\/\\\/www.youtube.com\\\/channel\\\/UC6VztHaooNsGpw-tNoBEFnQ\"]},{\"@type\":\"Person\",\"@id\":\"https:\\\/\\\/www.caudete.org\\\/ayuntamiento\\\/#\\\/schema\\\/person\\\/cc646da9133078ee4d8dd47457947253\",\"name\":\"alcalde\",\"image\":{\"@type\":\"ImageObject\",\"inLanguage\":\"es\",\"@id\":\"https:\\\/\\\/secure.gravatar.com\\\/avatar\\\/84a817ba065b29ff08d666b215a215f5c79186a645ccb25b14a663d48a130f77?s=96&d=mm&r=g\",\"url\":\"https:\\\/\\\/secure.gravatar.com\\\/avatar\\\/84a817ba065b29ff08d666b215a215f5c79186a645ccb25b14a663d48a130f77?s=96&d=mm&r=g\",\"contentUrl\":\"https:\\\/\\\/secure.gravatar.com\\\/avatar\\\/84a817ba065b29ff08d666b215a215f5c79186a645ccb25b14a663d48a130f77?s=96&d=mm&r=g\",\"caption\":\"alcalde\"},\"url\":\"https:\\\/\\\/www.caudete.org\\\/ayuntamiento\\\/author\\\/alcalde\\\/\"}]}<\/script>\n<!-- \/ Yoast SEO plugin. -->","yoast_head_json":{"title":"Presentadas las actividades de la Concejal\u00eda de Juventud para las Vacaciones de Navidad - MI Ayuntamiento de Caudete","description":"P\u00e1gina Oficial del Ayuntamiento de Caudete (Albacete)","robots":{"index":"index","follow":"follow","max-snippet":"max-snippet:-1","max-image-preview":"max-image-preview:large","max-video-preview":"max-video-preview:-1"},"canonical":"https:\/\/www.caudete.org\/ayuntamiento\/presentadas-las-actividades-de-la-concejalia-de-juventud-para-las-vacaciones-de-navidad\/","og_locale":"es_ES","og_type":"article","og_title":"Presentadas las actividades de la Concejal\u00eda de Juventud para las Vacaciones de Navidad - MI Ayuntamiento de Caudete","og_description":"P\u00e1gina Oficial del Ayuntamiento de Caudete (Albacete)","og_url":"https:\/\/www.caudete.org\/ayuntamiento\/presentadas-las-actividades-de-la-concejalia-de-juventud-para-las-vacaciones-de-navidad\/","og_site_name":"MI Ayuntamiento de Caudete","article_publisher":"https:\/\/www.facebook.com\/ayuntamientocaudete\/","article_published_time":"2021-12-13T08:58:44+00:00","article_modified_time":"2021-12-13T10:53:50+00:00","og_image":[{"width":864,"height":380,"url":"https:\/\/www.caudete.org\/ayuntamiento\/wp-content\/uploads\/2021\/12\/Navidad-Juventud-WEB.jpg","type":"image\/jpeg"}],"author":"alcalde","twitter_card":"summary_large_image","twitter_misc":{"Escrito por":"alcalde","Tiempo de lectura":"2 minutos"},"schema":{"@context":"https:\/\/schema.org","@graph":[{"@type":"Article","@id":"https:\/\/www.caudete.org\/ayuntamiento\/presentadas-las-actividades-de-la-concejalia-de-juventud-para-las-vacaciones-de-navidad\/#article","isPartOf":{"@id":"https:\/\/www.caudete.org\/ayuntamiento\/presentadas-las-actividades-de-la-concejalia-de-juventud-para-las-vacaciones-de-navidad\/"},"author":{"name":"alcalde","@id":"https:\/\/www.caudete.org\/ayuntamiento\/#\/schema\/person\/cc646da9133078ee4d8dd47457947253"},"headline":"Presentadas las actividades de la Concejal\u00eda de Juventud para las Vacaciones de Navidad","datePublished":"2021-12-13T08:58:44+00:00","dateModified":"2021-12-13T10:53:50+00:00","mainEntityOfPage":{"@id":"https:\/\/www.caudete.org\/ayuntamiento\/presentadas-las-actividades-de-la-concejalia-de-juventud-para-las-vacaciones-de-navidad\/"},"wordCount":350,"publisher":{"@id":"https:\/\/www.caudete.org\/ayuntamiento\/#organization"},"image":{"@id":"https:\/\/www.caudete.org\/ayuntamiento\/presentadas-las-actividades-de-la-concejalia-de-juventud-para-las-vacaciones-de-navidad\/#primaryimage"},"thumbnailUrl":"https:\/\/www.caudete.org\/ayuntamiento\/wp-content\/uploads\/2021\/12\/Navidad-Juventud-WEB.jpg","articleSection":["Juventud"],"inLanguage":"es"},{"@type":"WebPage","@id":"https:\/\/www.caudete.org\/ayuntamiento\/presentadas-las-actividades-de-la-concejalia-de-juventud-para-las-vacaciones-de-navidad\/","url":"https:\/\/www.caudete.org\/ayuntamiento\/presentadas-las-actividades-de-la-concejalia-de-juventud-para-las-vacaciones-de-navidad\/","name":"Presentadas las actividades de la Concejal\u00eda de Juventud para las Vacaciones de Navidad - MI Ayuntamiento de Caudete","isPartOf":{"@id":"https:\/\/www.caudete.org\/ayuntamiento\/#website"},"primaryImageOfPage":{"@id":"https:\/\/www.caudete.org\/ayuntamiento\/presentadas-las-actividades-de-la-concejalia-de-juventud-para-las-vacaciones-de-navidad\/#primaryimage"},"image":{"@id":"https:\/\/www.caudete.org\/ayuntamiento\/presentadas-las-actividades-de-la-concejalia-de-juventud-para-las-vacaciones-de-navidad\/#primaryimage"},"thumbnailUrl":"https:\/\/www.caudete.org\/ayuntamiento\/wp-content\/uploads\/2021\/12\/Navidad-Juventud-WEB.jpg","datePublished":"2021-12-13T08:58:44+00:00","dateModified":"2021-12-13T10:53:50+00:00","description":"P\u00e1gina Oficial del Ayuntamiento de Caudete (Albacete)","breadcrumb":{"@id":"https:\/\/www.caudete.org\/ayuntamiento\/presentadas-las-actividades-de-la-concejalia-de-juventud-para-las-vacaciones-de-navidad\/#breadcrumb"},"inLanguage":"es","potentialAction":[{"@type":"ReadAction","target":["https:\/\/www.caudete.org\/ayuntamiento\/presentadas-las-actividades-de-la-concejalia-de-juventud-para-las-vacaciones-de-navidad\/"]}]},{"@type":"ImageObject","inLanguage":"es","@id":"https:\/\/www.caudete.org\/ayuntamiento\/presentadas-las-actividades-de-la-concejalia-de-juventud-para-las-vacaciones-de-navidad\/#primaryimage","url":"https:\/\/www.caudete.org\/ayuntamiento\/wp-content\/uploads\/2021\/12\/Navidad-Juventud-WEB.jpg","contentUrl":"https:\/\/www.caudete.org\/ayuntamiento\/wp-content\/uploads\/2021\/12\/Navidad-Juventud-WEB.jpg","width":864,"height":380},{"@type":"BreadcrumbList","@id":"https:\/\/www.caudete.org\/ayuntamiento\/presentadas-las-actividades-de-la-concejalia-de-juventud-para-las-vacaciones-de-navidad\/#breadcrumb","itemListElement":[{"@type":"ListItem","position":1,"name":"Inicio","item":"https:\/\/www.caudete.org\/ayuntamiento\/"},{"@type":"ListItem","position":2,"name":"Presentadas las actividades de la Concejal\u00eda de Juventud para las Vacaciones de Navidad"}]},{"@type":"WebSite","@id":"https:\/\/www.caudete.org\/ayuntamiento\/#website","url":"https:\/\/www.caudete.org\/ayuntamiento\/","name":"MI Ayuntamiento de Caudete","description":"P\u00e1gina Oficial del MI Ayuntamiento de Caudete","publisher":{"@id":"https:\/\/www.caudete.org\/ayuntamiento\/#organization"},"potentialAction":[{"@type":"SearchAction","target":{"@type":"EntryPoint","urlTemplate":"https:\/\/www.caudete.org\/ayuntamiento\/?s={search_term_string}"},"query-input":{"@type":"PropertyValueSpecification","valueRequired":true,"valueName":"search_term_string"}}],"inLanguage":"es"},{"@type":"Organization","@id":"https:\/\/www.caudete.org\/ayuntamiento\/#organization","name":"Ayuntamiento de Caudete","url":"https:\/\/www.caudete.org\/ayuntamiento\/","logo":{"@type":"ImageObject","inLanguage":"es","@id":"https:\/\/www.caudete.org\/ayuntamiento\/#\/schema\/logo\/image\/","url":"https:\/\/www.caudete.org\/ayuntamiento\/wp-content\/uploads\/2020\/11\/logo_ayuntamiento_caudete.jpg","contentUrl":"https:\/\/www.caudete.org\/ayuntamiento\/wp-content\/uploads\/2020\/11\/logo_ayuntamiento_caudete.jpg","width":600,"height":150,"caption":"Ayuntamiento de Caudete"},"image":{"@id":"https:\/\/www.caudete.org\/ayuntamiento\/#\/schema\/logo\/image\/"},"sameAs":["https:\/\/www.facebook.com\/ayuntamientocaudete\/","https:\/\/www.youtube.com\/channel\/UC6VztHaooNsGpw-tNoBEFnQ"]},{"@type":"Person","@id":"https:\/\/www.caudete.org\/ayuntamiento\/#\/schema\/person\/cc646da9133078ee4d8dd47457947253","name":"alcalde","image":{"@type":"ImageObject","inLanguage":"es","@id":"https:\/\/secure.gravatar.com\/avatar\/84a817ba065b29ff08d666b215a215f5c79186a645ccb25b14a663d48a130f77?s=96&d=mm&r=g","url":"https:\/\/secure.gravatar.com\/avatar\/84a817ba065b29ff08d666b215a215f5c79186a645ccb25b14a663d48a130f77?s=96&d=mm&r=g","contentUrl":"https:\/\/secure.gravatar.com\/avatar\/84a817ba065b29ff08d666b215a215f5c79186a645ccb25b14a663d48a130f77?s=96&d=mm&r=g","caption":"alcalde"},"url":"https:\/\/www.caudete.org\/ayuntamiento\/author\/alcalde\/"}]}},"_links":{"self":[{"href":"https:\/\/www.caudete.org\/ayuntamiento\/wp-json\/wp\/v2\/posts\/17482","targetHints":{"allow":["GET"]}}],"collection":[{"href":"https:\/\/www.caudete.org\/ayuntamiento\/wp-json\/wp\/v2\/posts"}],"about":[{"href":"https:\/\/www.caudete.org\/ayuntamiento\/wp-json\/wp\/v2\/types\/post"}],"author":[{"embeddable":true,"href":"https:\/\/www.caudete.org\/ayuntamiento\/wp-json\/wp\/v2\/users\/3"}],"replies":[{"embeddable":true,"href":"https:\/\/www.caudete.org\/ayuntamiento\/wp-json\/wp\/v2\/comments?post=17482"}],"version-history":[{"count":1,"href":"https:\/\/www.caudete.org\/ayuntamiento\/wp-json\/wp\/v2\/posts\/17482\/revisions"}],"predecessor-version":[{"id":17484,"href":"https:\/\/www.caudete.org\/ayuntamiento\/wp-json\/wp\/v2\/posts\/17482\/revisions\/17484"}],"wp:featuredmedia":[{"embeddable":true,"href":"https:\/\/www.caudete.org\/ayuntamiento\/wp-json\/wp\/v2\/media\/17485"}],"wp:attachment":[{"href":"https:\/\/www.caudete.org\/ayuntamiento\/wp-json\/wp\/v2\/media?parent=17482"}],"wp:term":[{"taxonomy":"category","embeddable":true,"href":"https:\/\/www.caudete.org\/ayuntamiento\/wp-json\/wp\/v2\/categories?post=17482"},{"taxonomy":"post_tag","embeddable":true,"href":"https:\/\/www.caudete.org\/ayuntamiento\/wp-json\/wp\/v2\/tags?post=17482"}],"curies":[{"name":"wp","href":"https:\/\/api.w.org\/{rel}","templated":true}]}}