{"id":17489,"date":"2021-12-14T18:57:36","date_gmt":"2021-12-14T17:57:36","guid":{"rendered":"https:\/\/www.caudete.org\/ayuntamiento\/?p=17489"},"modified":"2021-12-14T19:00:44","modified_gmt":"2021-12-14T18:00:44","slug":"a-partir-de-manana-cambia-el-sistema-de-gestion-de-las-multas-en-caudete","status":"publish","type":"post","link":"https:\/\/www.caudete.org\/ayuntamiento\/a-partir-de-manana-cambia-el-sistema-de-gestion-de-las-multas-en-caudete\/","title":{"rendered":"A partir de ma\u00f1ana cambia el sistema de gesti\u00f3n de las Multas en Caudete"},"content":{"rendered":"<p style=\"text-align: justify;\">A partir de ma\u00f1ana mi\u00e9rcoles 15 de Diciembre cambia el sistema de cobro de las multas en Caudete. As\u00ed lo informaba esta ma\u00f1ana la Concejal de Interior M\u00aa del Mar Requena, encargada de la Polic\u00eda Local.<\/p>\n<p style=\"text-align: justify;\">Ser\u00e1 Gestalba, el organismo de gesti\u00f3n tributaria de la Diputaci\u00f3n, el que va a tramitar los expedientes sancionadores de las multas que pongan los agentes de la Polic\u00eda Local de Caudete, de forma que la tramitaci\u00f3n ya no pasar\u00e1 por los empleados municipales.<\/p>\n<p style=\"text-align: justify;\">Para ello, el Ayuntamiento de Caudete ha firmado un Convenio de Colaboraci\u00f3n aprobado por el Pleno Municipal con dicho organismo para regular el sistema entre ambas partes, al que le ha seguido una formaci\u00f3n espec\u00edfica a la totalidad de la plantilla de la Polic\u00eda Local.<\/p>\n<p style=\"text-align: justify;\">El nuevo formato dar\u00e1 comienzo con un dispositivo m\u00f3vil, en el que por medio de una app con el programa de gesti\u00f3n propio permitir\u00e1 iniciar el expediente sancionador, en el que podr\u00e1n a\u00f1adir fotograf\u00edas con las infracciones.<\/p>\n<p style=\"text-align: justify;\">Adem\u00e1s, la Polic\u00eda Local tambi\u00e9n tendr\u00e1 una peque\u00f1a impresora port\u00e1til con la que imprimir los boletines. De esta forma el proceso se digitaliza, pero conserva el formato papel para imprimir la multa y para poder recurrirla, en cuyo caso se har\u00e1 por el interesado en las Oficinas de Gestalba (en Caudete situada en la C\/El Mercado).<\/p>\n","protected":false},"excerpt":{"rendered":"<p>A partir de ma\u00f1ana mi\u00e9rcoles 15 de Diciembre cambia el sistema de cobro de las multas en Caudete. As\u00ed lo informaba esta ma\u00f1ana la Concejal de Interior M\u00aa del Mar Requena, encargada de la Polic\u00eda Local. Ser\u00e1 Gestalba, el organismo de gesti\u00f3n tributaria de la Diputaci\u00f3n, el que va a tramitar los expedientes sancionadores de &hellip;<\/p>\n","protected":false},"author":3,"featured_media":17490,"comment_status":"closed","ping_status":"open","sticky":false,"template":"","format":"standard","meta":{"ngg_post_thumbnail":0,"footnotes":""},"categories":[34],"tags":[],"class_list":["post-17489","post","type-post","status-publish","format-standard","has-post-thumbnail","hentry","category-interior"],"yoast_head":"<!-- This site is optimized with the Yoast SEO plugin v27.5 - https:\/\/yoast.com\/product\/yoast-seo-wordpress\/ -->\n<title>A partir de ma\u00f1ana cambia el sistema de gesti\u00f3n de las Multas en Caudete - MI Ayuntamiento de Caudete<\/title>\n<meta name=\"description\" content=\"P\u00e1gina Oficial del Ayuntamiento de Caudete (Albacete)\" \/>\n<meta name=\"robots\" content=\"index, follow, max-snippet:-1, max-image-preview:large, max-video-preview:-1\" \/>\n<link rel=\"canonical\" href=\"https:\/\/www.caudete.org\/ayuntamiento\/a-partir-de-manana-cambia-el-sistema-de-gestion-de-las-multas-en-caudete\/\" \/>\n<meta property=\"og:locale\" content=\"es_ES\" \/>\n<meta property=\"og:type\" content=\"article\" \/>\n<meta property=\"og:title\" content=\"A partir de ma\u00f1ana cambia el sistema de gesti\u00f3n de las Multas en Caudete - MI Ayuntamiento de Caudete\" \/>\n<meta property=\"og:description\" content=\"P\u00e1gina Oficial del Ayuntamiento de Caudete (Albacete)\" \/>\n<meta property=\"og:url\" content=\"https:\/\/www.caudete.org\/ayuntamiento\/a-partir-de-manana-cambia-el-sistema-de-gestion-de-las-multas-en-caudete\/\" \/>\n<meta property=\"og:site_name\" content=\"MI Ayuntamiento de Caudete\" \/>\n<meta property=\"article:publisher\" content=\"https:\/\/www.facebook.com\/ayuntamientocaudete\/\" \/>\n<meta property=\"article:published_time\" content=\"2021-12-14T17:57:36+00:00\" \/>\n<meta property=\"article:modified_time\" content=\"2021-12-14T18:00:44+00:00\" \/>\n<meta property=\"og:image\" content=\"https:\/\/www.caudete.org\/ayuntamiento\/wp-content\/uploads\/2021\/12\/multas-coche.jpg\" \/>\n\t<meta property=\"og:image:width\" content=\"1053\" \/>\n\t<meta property=\"og:image:height\" content=\"596\" \/>\n\t<meta property=\"og:image:type\" content=\"image\/jpeg\" \/>\n<meta name=\"author\" content=\"alcalde\" \/>\n<meta name=\"twitter:card\" content=\"summary_large_image\" \/>\n<meta name=\"twitter:label1\" content=\"Escrito por\" \/>\n\t<meta name=\"twitter:data1\" content=\"alcalde\" \/>\n\t<meta name=\"twitter:label2\" content=\"Tiempo de lectura\" \/>\n\t<meta name=\"twitter:data2\" content=\"1 minuto\" \/>\n<script type=\"application\/ld+json\" class=\"yoast-schema-graph\">{\"@context\":\"https:\\\/\\\/schema.org\",\"@graph\":[{\"@type\":\"Article\",\"@id\":\"https:\\\/\\\/www.caudete.org\\\/ayuntamiento\\\/a-partir-de-manana-cambia-el-sistema-de-gestion-de-las-multas-en-caudete\\\/#article\",\"isPartOf\":{\"@id\":\"https:\\\/\\\/www.caudete.org\\\/ayuntamiento\\\/a-partir-de-manana-cambia-el-sistema-de-gestion-de-las-multas-en-caudete\\\/\"},\"author\":{\"name\":\"alcalde\",\"@id\":\"https:\\\/\\\/www.caudete.org\\\/ayuntamiento\\\/#\\\/schema\\\/person\\\/cc646da9133078ee4d8dd47457947253\"},\"headline\":\"A partir de ma\u00f1ana cambia el sistema de gesti\u00f3n de las Multas en Caudete\",\"datePublished\":\"2021-12-14T17:57:36+00:00\",\"dateModified\":\"2021-12-14T18:00:44+00:00\",\"mainEntityOfPage\":{\"@id\":\"https:\\\/\\\/www.caudete.org\\\/ayuntamiento\\\/a-partir-de-manana-cambia-el-sistema-de-gestion-de-las-multas-en-caudete\\\/\"},\"wordCount\":255,\"image\":{\"@id\":\"https:\\\/\\\/www.caudete.org\\\/ayuntamiento\\\/a-partir-de-manana-cambia-el-sistema-de-gestion-de-las-multas-en-caudete\\\/#primaryimage\"},\"thumbnailUrl\":\"https:\\\/\\\/www.caudete.org\\\/ayuntamiento\\\/wp-content\\\/uploads\\\/2021\\\/12\\\/multas-coche.jpg\",\"articleSection\":[\"Interior\"],\"inLanguage\":\"es\"},{\"@type\":\"WebPage\",\"@id\":\"https:\\\/\\\/www.caudete.org\\\/ayuntamiento\\\/a-partir-de-manana-cambia-el-sistema-de-gestion-de-las-multas-en-caudete\\\/\",\"url\":\"https:\\\/\\\/www.caudete.org\\\/ayuntamiento\\\/a-partir-de-manana-cambia-el-sistema-de-gestion-de-las-multas-en-caudete\\\/\",\"name\":\"A partir de ma\u00f1ana cambia el sistema de gesti\u00f3n de las Multas en Caudete - MI Ayuntamiento de Caudete\",\"isPartOf\":{\"@id\":\"https:\\\/\\\/www.caudete.org\\\/ayuntamiento\\\/#website\"},\"primaryImageOfPage\":{\"@id\":\"https:\\\/\\\/www.caudete.org\\\/ayuntamiento\\\/a-partir-de-manana-cambia-el-sistema-de-gestion-de-las-multas-en-caudete\\\/#primaryimage\"},\"image\":{\"@id\":\"https:\\\/\\\/www.caudete.org\\\/ayuntamiento\\\/a-partir-de-manana-cambia-el-sistema-de-gestion-de-las-multas-en-caudete\\\/#primaryimage\"},\"thumbnailUrl\":\"https:\\\/\\\/www.caudete.org\\\/ayuntamiento\\\/wp-content\\\/uploads\\\/2021\\\/12\\\/multas-coche.jpg\",\"datePublished\":\"2021-12-14T17:57:36+00:00\",\"dateModified\":\"2021-12-14T18:00:44+00:00\",\"author\":{\"@id\":\"https:\\\/\\\/www.caudete.org\\\/ayuntamiento\\\/#\\\/schema\\\/person\\\/cc646da9133078ee4d8dd47457947253\"},\"description\":\"P\u00e1gina Oficial del Ayuntamiento de Caudete (Albacete)\",\"breadcrumb\":{\"@id\":\"https:\\\/\\\/www.caudete.org\\\/ayuntamiento\\\/a-partir-de-manana-cambia-el-sistema-de-gestion-de-las-multas-en-caudete\\\/#breadcrumb\"},\"inLanguage\":\"es\",\"potentialAction\":[{\"@type\":\"ReadAction\",\"target\":[\"https:\\\/\\\/www.caudete.org\\\/ayuntamiento\\\/a-partir-de-manana-cambia-el-sistema-de-gestion-de-las-multas-en-caudete\\\/\"]}]},{\"@type\":\"ImageObject\",\"inLanguage\":\"es\",\"@id\":\"https:\\\/\\\/www.caudete.org\\\/ayuntamiento\\\/a-partir-de-manana-cambia-el-sistema-de-gestion-de-las-multas-en-caudete\\\/#primaryimage\",\"url\":\"https:\\\/\\\/www.caudete.org\\\/ayuntamiento\\\/wp-content\\\/uploads\\\/2021\\\/12\\\/multas-coche.jpg\",\"contentUrl\":\"https:\\\/\\\/www.caudete.org\\\/ayuntamiento\\\/wp-content\\\/uploads\\\/2021\\\/12\\\/multas-coche.jpg\",\"width\":1053,\"height\":596},{\"@type\":\"BreadcrumbList\",\"@id\":\"https:\\\/\\\/www.caudete.org\\\/ayuntamiento\\\/a-partir-de-manana-cambia-el-sistema-de-gestion-de-las-multas-en-caudete\\\/#breadcrumb\",\"itemListElement\":[{\"@type\":\"ListItem\",\"position\":1,\"name\":\"Inicio\",\"item\":\"https:\\\/\\\/www.caudete.org\\\/ayuntamiento\\\/\"},{\"@type\":\"ListItem\",\"position\":2,\"name\":\"A partir de ma\u00f1ana cambia el sistema de gesti\u00f3n de las Multas en Caudete\"}]},{\"@type\":\"WebSite\",\"@id\":\"https:\\\/\\\/www.caudete.org\\\/ayuntamiento\\\/#website\",\"url\":\"https:\\\/\\\/www.caudete.org\\\/ayuntamiento\\\/\",\"name\":\"MI Ayuntamiento de Caudete\",\"description\":\"P\u00e1gina Oficial del MI Ayuntamiento de Caudete\",\"potentialAction\":[{\"@type\":\"SearchAction\",\"target\":{\"@type\":\"EntryPoint\",\"urlTemplate\":\"https:\\\/\\\/www.caudete.org\\\/ayuntamiento\\\/?s={search_term_string}\"},\"query-input\":{\"@type\":\"PropertyValueSpecification\",\"valueRequired\":true,\"valueName\":\"search_term_string\"}}],\"inLanguage\":\"es\"},{\"@type\":\"Person\",\"@id\":\"https:\\\/\\\/www.caudete.org\\\/ayuntamiento\\\/#\\\/schema\\\/person\\\/cc646da9133078ee4d8dd47457947253\",\"name\":\"alcalde\",\"image\":{\"@type\":\"ImageObject\",\"inLanguage\":\"es\",\"@id\":\"https:\\\/\\\/secure.gravatar.com\\\/avatar\\\/84a817ba065b29ff08d666b215a215f5c79186a645ccb25b14a663d48a130f77?s=96&d=mm&r=g\",\"url\":\"https:\\\/\\\/secure.gravatar.com\\\/avatar\\\/84a817ba065b29ff08d666b215a215f5c79186a645ccb25b14a663d48a130f77?s=96&d=mm&r=g\",\"contentUrl\":\"https:\\\/\\\/secure.gravatar.com\\\/avatar\\\/84a817ba065b29ff08d666b215a215f5c79186a645ccb25b14a663d48a130f77?s=96&d=mm&r=g\",\"caption\":\"alcalde\"},\"url\":\"https:\\\/\\\/www.caudete.org\\\/ayuntamiento\\\/author\\\/alcalde\\\/\"}]}<\/script>\n<!-- \/ Yoast SEO plugin. -->","yoast_head_json":{"title":"A partir de ma\u00f1ana cambia el sistema de gesti\u00f3n de las Multas en Caudete - MI Ayuntamiento de Caudete","description":"P\u00e1gina Oficial del Ayuntamiento de Caudete (Albacete)","robots":{"index":"index","follow":"follow","max-snippet":"max-snippet:-1","max-image-preview":"max-image-preview:large","max-video-preview":"max-video-preview:-1"},"canonical":"https:\/\/www.caudete.org\/ayuntamiento\/a-partir-de-manana-cambia-el-sistema-de-gestion-de-las-multas-en-caudete\/","og_locale":"es_ES","og_type":"article","og_title":"A partir de ma\u00f1ana cambia el sistema de gesti\u00f3n de las Multas en Caudete - MI Ayuntamiento de Caudete","og_description":"P\u00e1gina Oficial del Ayuntamiento de Caudete (Albacete)","og_url":"https:\/\/www.caudete.org\/ayuntamiento\/a-partir-de-manana-cambia-el-sistema-de-gestion-de-las-multas-en-caudete\/","og_site_name":"MI Ayuntamiento de Caudete","article_publisher":"https:\/\/www.facebook.com\/ayuntamientocaudete\/","article_published_time":"2021-12-14T17:57:36+00:00","article_modified_time":"2021-12-14T18:00:44+00:00","og_image":[{"width":1053,"height":596,"url":"https:\/\/www.caudete.org\/ayuntamiento\/wp-content\/uploads\/2021\/12\/multas-coche.jpg","type":"image\/jpeg"}],"author":"alcalde","twitter_card":"summary_large_image","twitter_misc":{"Escrito por":"alcalde","Tiempo de lectura":"1 minuto"},"schema":{"@context":"https:\/\/schema.org","@graph":[{"@type":"Article","@id":"https:\/\/www.caudete.org\/ayuntamiento\/a-partir-de-manana-cambia-el-sistema-de-gestion-de-las-multas-en-caudete\/#article","isPartOf":{"@id":"https:\/\/www.caudete.org\/ayuntamiento\/a-partir-de-manana-cambia-el-sistema-de-gestion-de-las-multas-en-caudete\/"},"author":{"name":"alcalde","@id":"https:\/\/www.caudete.org\/ayuntamiento\/#\/schema\/person\/cc646da9133078ee4d8dd47457947253"},"headline":"A partir de ma\u00f1ana cambia el sistema de gesti\u00f3n de las Multas en Caudete","datePublished":"2021-12-14T17:57:36+00:00","dateModified":"2021-12-14T18:00:44+00:00","mainEntityOfPage":{"@id":"https:\/\/www.caudete.org\/ayuntamiento\/a-partir-de-manana-cambia-el-sistema-de-gestion-de-las-multas-en-caudete\/"},"wordCount":255,"image":{"@id":"https:\/\/www.caudete.org\/ayuntamiento\/a-partir-de-manana-cambia-el-sistema-de-gestion-de-las-multas-en-caudete\/#primaryimage"},"thumbnailUrl":"https:\/\/www.caudete.org\/ayuntamiento\/wp-content\/uploads\/2021\/12\/multas-coche.jpg","articleSection":["Interior"],"inLanguage":"es"},{"@type":"WebPage","@id":"https:\/\/www.caudete.org\/ayuntamiento\/a-partir-de-manana-cambia-el-sistema-de-gestion-de-las-multas-en-caudete\/","url":"https:\/\/www.caudete.org\/ayuntamiento\/a-partir-de-manana-cambia-el-sistema-de-gestion-de-las-multas-en-caudete\/","name":"A partir de ma\u00f1ana cambia el sistema de gesti\u00f3n de las Multas en Caudete - MI Ayuntamiento de Caudete","isPartOf":{"@id":"https:\/\/www.caudete.org\/ayuntamiento\/#website"},"primaryImageOfPage":{"@id":"https:\/\/www.caudete.org\/ayuntamiento\/a-partir-de-manana-cambia-el-sistema-de-gestion-de-las-multas-en-caudete\/#primaryimage"},"image":{"@id":"https:\/\/www.caudete.org\/ayuntamiento\/a-partir-de-manana-cambia-el-sistema-de-gestion-de-las-multas-en-caudete\/#primaryimage"},"thumbnailUrl":"https:\/\/www.caudete.org\/ayuntamiento\/wp-content\/uploads\/2021\/12\/multas-coche.jpg","datePublished":"2021-12-14T17:57:36+00:00","dateModified":"2021-12-14T18:00:44+00:00","author":{"@id":"https:\/\/www.caudete.org\/ayuntamiento\/#\/schema\/person\/cc646da9133078ee4d8dd47457947253"},"description":"P\u00e1gina Oficial del Ayuntamiento de Caudete (Albacete)","breadcrumb":{"@id":"https:\/\/www.caudete.org\/ayuntamiento\/a-partir-de-manana-cambia-el-sistema-de-gestion-de-las-multas-en-caudete\/#breadcrumb"},"inLanguage":"es","potentialAction":[{"@type":"ReadAction","target":["https:\/\/www.caudete.org\/ayuntamiento\/a-partir-de-manana-cambia-el-sistema-de-gestion-de-las-multas-en-caudete\/"]}]},{"@type":"ImageObject","inLanguage":"es","@id":"https:\/\/www.caudete.org\/ayuntamiento\/a-partir-de-manana-cambia-el-sistema-de-gestion-de-las-multas-en-caudete\/#primaryimage","url":"https:\/\/www.caudete.org\/ayuntamiento\/wp-content\/uploads\/2021\/12\/multas-coche.jpg","contentUrl":"https:\/\/www.caudete.org\/ayuntamiento\/wp-content\/uploads\/2021\/12\/multas-coche.jpg","width":1053,"height":596},{"@type":"BreadcrumbList","@id":"https:\/\/www.caudete.org\/ayuntamiento\/a-partir-de-manana-cambia-el-sistema-de-gestion-de-las-multas-en-caudete\/#breadcrumb","itemListElement":[{"@type":"ListItem","position":1,"name":"Inicio","item":"https:\/\/www.caudete.org\/ayuntamiento\/"},{"@type":"ListItem","position":2,"name":"A partir de ma\u00f1ana cambia el sistema de gesti\u00f3n de las Multas en Caudete"}]},{"@type":"WebSite","@id":"https:\/\/www.caudete.org\/ayuntamiento\/#website","url":"https:\/\/www.caudete.org\/ayuntamiento\/","name":"MI Ayuntamiento de Caudete","description":"P\u00e1gina Oficial del MI Ayuntamiento de Caudete","potentialAction":[{"@type":"SearchAction","target":{"@type":"EntryPoint","urlTemplate":"https:\/\/www.caudete.org\/ayuntamiento\/?s={search_term_string}"},"query-input":{"@type":"PropertyValueSpecification","valueRequired":true,"valueName":"search_term_string"}}],"inLanguage":"es"},{"@type":"Person","@id":"https:\/\/www.caudete.org\/ayuntamiento\/#\/schema\/person\/cc646da9133078ee4d8dd47457947253","name":"alcalde","image":{"@type":"ImageObject","inLanguage":"es","@id":"https:\/\/secure.gravatar.com\/avatar\/84a817ba065b29ff08d666b215a215f5c79186a645ccb25b14a663d48a130f77?s=96&d=mm&r=g","url":"https:\/\/secure.gravatar.com\/avatar\/84a817ba065b29ff08d666b215a215f5c79186a645ccb25b14a663d48a130f77?s=96&d=mm&r=g","contentUrl":"https:\/\/secure.gravatar.com\/avatar\/84a817ba065b29ff08d666b215a215f5c79186a645ccb25b14a663d48a130f77?s=96&d=mm&r=g","caption":"alcalde"},"url":"https:\/\/www.caudete.org\/ayuntamiento\/author\/alcalde\/"}]}},"_links":{"self":[{"href":"https:\/\/www.caudete.org\/ayuntamiento\/wp-json\/wp\/v2\/posts\/17489","targetHints":{"allow":["GET"]}}],"collection":[{"href":"https:\/\/www.caudete.org\/ayuntamiento\/wp-json\/wp\/v2\/posts"}],"about":[{"href":"https:\/\/www.caudete.org\/ayuntamiento\/wp-json\/wp\/v2\/types\/post"}],"author":[{"embeddable":true,"href":"https:\/\/www.caudete.org\/ayuntamiento\/wp-json\/wp\/v2\/users\/3"}],"replies":[{"embeddable":true,"href":"https:\/\/www.caudete.org\/ayuntamiento\/wp-json\/wp\/v2\/comments?post=17489"}],"version-history":[{"count":3,"href":"https:\/\/www.caudete.org\/ayuntamiento\/wp-json\/wp\/v2\/posts\/17489\/revisions"}],"predecessor-version":[{"id":17493,"href":"https:\/\/www.caudete.org\/ayuntamiento\/wp-json\/wp\/v2\/posts\/17489\/revisions\/17493"}],"wp:featuredmedia":[{"embeddable":true,"href":"https:\/\/www.caudete.org\/ayuntamiento\/wp-json\/wp\/v2\/media\/17490"}],"wp:attachment":[{"href":"https:\/\/www.caudete.org\/ayuntamiento\/wp-json\/wp\/v2\/media?parent=17489"}],"wp:term":[{"taxonomy":"category","embeddable":true,"href":"https:\/\/www.caudete.org\/ayuntamiento\/wp-json\/wp\/v2\/categories?post=17489"},{"taxonomy":"post_tag","embeddable":true,"href":"https:\/\/www.caudete.org\/ayuntamiento\/wp-json\/wp\/v2\/tags?post=17489"}],"curies":[{"name":"wp","href":"https:\/\/api.w.org\/{rel}","templated":true}]}}