{"id":17499,"date":"2021-12-15T10:04:08","date_gmt":"2021-12-15T09:04:08","guid":{"rendered":"https:\/\/www.caudete.org\/ayuntamiento\/?p=17499"},"modified":"2021-12-15T10:53:01","modified_gmt":"2021-12-15T09:53:01","slug":"los-bailes-del-nino-se-realizaran-este-ano-adaptandose-a-la-situacion-sanitaria","status":"publish","type":"post","link":"https:\/\/www.caudete.org\/ayuntamiento\/los-bailes-del-nino-se-realizaran-este-ano-adaptandose-a-la-situacion-sanitaria\/","title":{"rendered":"Los BAILES DEL NI\u00d1O se realizar\u00e1n este a\u00f1o adapt\u00e1ndose a la situaci\u00f3n sanitaria"},"content":{"rendered":"<p style=\"text-align: justify;\">En la tarde del pasado lunes la Cofrad\u00eda del Dulce Nombre de Jes\u00fas representada por su Presidenta y Secretaria, Teresa Lucas y Mar\u00eda Navarro, respectivamente, junto al Ayuntamiento por medio de su Alcalde Mois\u00e9s L\u00f3pez, se daban cita a los pies del Altar del &#8220;Ni\u00f1ico&#8221; para informar a los caudetanos sobre el formato que estas Navidades 2021\/2022 tendr\u00e1n los tradicionales Bailes del Ni\u00f1o.<\/p>\n<p style=\"text-align: justify;\">El resumen afecto al calendario de actos podr\u00eda resumirse en que se han programado las 3 tardes de Plaza, la Novena y la Procesi\u00f3n, pero no se realizar\u00e1n Reinados, por lo que no habr\u00e1 Presentaci\u00f3n de Reinados, ni Noches de Puja. Siempre, en cumplimiento de la normativa sanitaria y con la vista puesta en cualquier adaptaci\u00f3n que sea preciso realizar en caso de que as\u00ed se precise por las autoridades sanitarias.<\/p>\n<p style=\"text-align: justify;\">De esta forma, el d\u00eda 25 de Diciembre se realizar\u00e1 la tarde de Bailes Infantiles. Para ello, a las 16:45 se realizar\u00e1 la concentraci\u00f3n de parejas de bailadores en la Plaza del Carmen, para ir en pasacalle hasta la Plaza de la Iglesia, y durante 1h disfrutar de los Bailes del Ni\u00f1o, hasta las 18:00 aproximadamente, cuando se salga en pasacalle nuevamente hasta la Plaza del Carmen, donde se bailar\u00e1n 3 jotas (como es tradici\u00f3n) y all\u00ed mismo se dar\u00e1 la merienda a las parejas participantes.<\/p>\n<p style=\"text-align: justify;\">Las tardes de Plaza para Adultos corresponden a los d\u00edas 2 y 6 de Enero. El lugar de concentraci\u00f3n de parejas de bailadores ser\u00e1 en C\/Alcalde Luis Pascual (a la altura de La Torre), que en pasacalle se dirigir\u00e1n por C\/El Molino, Plaza del Carmen y C\/Mayor hacia la Plaza de la Iglesia, donde se desarrollar\u00e1n los Bailes hasta las 18:00 aproximadamente. Continuar\u00e1n con el Pasacalle tradicional, bailando como es tradici\u00f3n 3 piezas en Plaza del Carmen y Plaza Nueva. Finalizar\u00e1 el acto con un chocolate para los participantes ofrecido por la Cofrad\u00eda.<\/p>\n<p style=\"text-align: justify;\">Quienes deseen participar en las tardes de Baile de Adultos han de recoger la pulsera identificativa, aportando sus datos (nombre, apellidos, DNI y tel\u00e9fono) en el punto habilitado por la Cofrad\u00eda el d\u00eda 29 de Diciembre, en horario de 17:00 a 21:00h en los locales de la Plaza de la M\u00fasica, costeando el donativo de 10\u20ac (como es habitual). Ello permitir\u00e1 tener el control de participantes en los actos y aforo.<\/p>\n<p style=\"text-align: justify;\">Igualmente, detallaban que ser\u00e1 imprescindible para acceder a la Plaza el uso de mascarilla, tanto para parejas de bailadores como para p\u00fablico en general, cuesti\u00f3n que ser\u00e1 controlada junto a las pulseras de los participantes por un servicio de vigilancia privada, no pudiendo acceder quien no cumpla con lo establecido. Adem\u00e1s, se deber\u00e1 de mantener dicha medida dentro de la Plaza durante la totalidad del acto.<\/p>\n<p style=\"text-align: justify;\">Se fija como \u00fanica entrada a la Plaza el arco de la Lonja, y \u00fanicamente como salidas de dicho espacio el Callej\u00f3n de las Campanas y la puerta de la Iglesia de Santa Catalina.<\/p>\n<p style=\"text-align: justify;\">Incid\u00edan en la responsabilidad personal para el cumplimiento de las medidas sanitarias para el perfecto desarrollo de los actos, invitando a los caudetanos a participar de una de las tradiciones festivas m\u00e1s entra\u00f1ables de la localidad.<\/p>\n<p style=\"text-align: justify;\">Adem\u00e1s, informaba la Cofrad\u00eda que la Novena del Ni\u00f1o se desarrollar\u00e1 desde el 26 de Diciembre hasta el 3 de Enero, como es habitual, en Santa Catalina, y que el d\u00eda 1 de Enero la imagen del &#8220;Ni\u00f1ico&#8221; procesionar\u00e1 por las calles de Caudete a partir de las 17:30, acto en el que contar\u00e1 con parejas de la Directiva para el baile durante la misma.<\/p>\n<p style=\"text-align: justify;\">El mismo 1 de Enero se realizar\u00e1 la Misa Mayor de A\u00f1o Nuevo, a las 12.00 en Santa Catalina, y adelantaba el Alcalde que contar\u00e1 con la asistencia de Autoridades y Protocolo Municipal.<\/p>\n","protected":false},"excerpt":{"rendered":"<p>En la tarde del pasado lunes la Cofrad\u00eda del Dulce Nombre de Jes\u00fas representada por su Presidenta y Secretaria, Teresa Lucas y Mar\u00eda Navarro, respectivamente, junto al Ayuntamiento por medio de su Alcalde Mois\u00e9s L\u00f3pez, se daban cita a los pies del Altar del &#8220;Ni\u00f1ico&#8221; para informar a los caudetanos sobre el formato que estas &hellip;<\/p>\n","protected":false},"author":3,"featured_media":17500,"comment_status":"closed","ping_status":"open","sticky":false,"template":"","format":"standard","meta":{"ngg_post_thumbnail":0,"footnotes":""},"categories":[31],"tags":[],"class_list":["post-17499","post","type-post","status-publish","format-standard","has-post-thumbnail","hentry","category-fiestas"],"yoast_head":"<!-- This site is optimized with the Yoast SEO plugin v27.5 - https:\/\/yoast.com\/product\/yoast-seo-wordpress\/ -->\n<title>Los BAILES DEL NI\u00d1O se realizar\u00e1n este a\u00f1o adapt\u00e1ndose a la situaci\u00f3n sanitaria - MI Ayuntamiento de Caudete<\/title>\n<meta name=\"description\" content=\"P\u00e1gina Oficial del Ayuntamiento de Caudete (Albacete)\" \/>\n<meta name=\"robots\" content=\"index, follow, max-snippet:-1, max-image-preview:large, max-video-preview:-1\" \/>\n<link rel=\"canonical\" href=\"https:\/\/www.caudete.org\/ayuntamiento\/los-bailes-del-nino-se-realizaran-este-ano-adaptandose-a-la-situacion-sanitaria\/\" \/>\n<meta property=\"og:locale\" content=\"es_ES\" \/>\n<meta property=\"og:type\" content=\"article\" \/>\n<meta property=\"og:title\" content=\"Los BAILES DEL NI\u00d1O se realizar\u00e1n este a\u00f1o adapt\u00e1ndose a la situaci\u00f3n sanitaria - MI Ayuntamiento de Caudete\" \/>\n<meta property=\"og:description\" content=\"P\u00e1gina Oficial del Ayuntamiento de Caudete (Albacete)\" \/>\n<meta property=\"og:url\" content=\"https:\/\/www.caudete.org\/ayuntamiento\/los-bailes-del-nino-se-realizaran-este-ano-adaptandose-a-la-situacion-sanitaria\/\" \/>\n<meta property=\"og:site_name\" content=\"MI Ayuntamiento de Caudete\" \/>\n<meta property=\"article:publisher\" content=\"https:\/\/www.facebook.com\/ayuntamientocaudete\/\" \/>\n<meta property=\"article:published_time\" content=\"2021-12-15T09:04:08+00:00\" \/>\n<meta property=\"article:modified_time\" content=\"2021-12-15T09:53:01+00:00\" \/>\n<meta property=\"og:image\" content=\"https:\/\/www.caudete.org\/ayuntamiento\/wp-content\/uploads\/2021\/12\/PRESENTACION_ACTOS-BAILES-20212022.jpg\" \/>\n\t<meta property=\"og:image:width\" content=\"1920\" \/>\n\t<meta property=\"og:image:height\" content=\"1080\" \/>\n\t<meta property=\"og:image:type\" content=\"image\/jpeg\" \/>\n<meta name=\"author\" content=\"alcalde\" \/>\n<meta name=\"twitter:card\" content=\"summary_large_image\" \/>\n<meta name=\"twitter:label1\" content=\"Escrito por\" \/>\n\t<meta name=\"twitter:data1\" content=\"alcalde\" \/>\n\t<meta name=\"twitter:label2\" content=\"Tiempo de lectura\" \/>\n\t<meta name=\"twitter:data2\" content=\"3 minutos\" \/>\n<script type=\"application\/ld+json\" class=\"yoast-schema-graph\">{\"@context\":\"https:\\\/\\\/schema.org\",\"@graph\":[{\"@type\":\"Article\",\"@id\":\"https:\\\/\\\/www.caudete.org\\\/ayuntamiento\\\/los-bailes-del-nino-se-realizaran-este-ano-adaptandose-a-la-situacion-sanitaria\\\/#article\",\"isPartOf\":{\"@id\":\"https:\\\/\\\/www.caudete.org\\\/ayuntamiento\\\/los-bailes-del-nino-se-realizaran-este-ano-adaptandose-a-la-situacion-sanitaria\\\/\"},\"author\":{\"name\":\"alcalde\",\"@id\":\"https:\\\/\\\/www.caudete.org\\\/ayuntamiento\\\/#\\\/schema\\\/person\\\/cc646da9133078ee4d8dd47457947253\"},\"headline\":\"Los BAILES DEL NI\u00d1O se realizar\u00e1n este a\u00f1o adapt\u00e1ndose a la situaci\u00f3n sanitaria\",\"datePublished\":\"2021-12-15T09:04:08+00:00\",\"dateModified\":\"2021-12-15T09:53:01+00:00\",\"mainEntityOfPage\":{\"@id\":\"https:\\\/\\\/www.caudete.org\\\/ayuntamiento\\\/los-bailes-del-nino-se-realizaran-este-ano-adaptandose-a-la-situacion-sanitaria\\\/\"},\"wordCount\":662,\"image\":{\"@id\":\"https:\\\/\\\/www.caudete.org\\\/ayuntamiento\\\/los-bailes-del-nino-se-realizaran-este-ano-adaptandose-a-la-situacion-sanitaria\\\/#primaryimage\"},\"thumbnailUrl\":\"https:\\\/\\\/www.caudete.org\\\/ayuntamiento\\\/wp-content\\\/uploads\\\/2021\\\/12\\\/PRESENTACION_ACTOS-BAILES-20212022.jpg\",\"articleSection\":[\"Fiestas\"],\"inLanguage\":\"es\"},{\"@type\":\"WebPage\",\"@id\":\"https:\\\/\\\/www.caudete.org\\\/ayuntamiento\\\/los-bailes-del-nino-se-realizaran-este-ano-adaptandose-a-la-situacion-sanitaria\\\/\",\"url\":\"https:\\\/\\\/www.caudete.org\\\/ayuntamiento\\\/los-bailes-del-nino-se-realizaran-este-ano-adaptandose-a-la-situacion-sanitaria\\\/\",\"name\":\"Los BAILES DEL NI\u00d1O se realizar\u00e1n este a\u00f1o adapt\u00e1ndose a la situaci\u00f3n sanitaria - MI Ayuntamiento de Caudete\",\"isPartOf\":{\"@id\":\"https:\\\/\\\/www.caudete.org\\\/ayuntamiento\\\/#website\"},\"primaryImageOfPage\":{\"@id\":\"https:\\\/\\\/www.caudete.org\\\/ayuntamiento\\\/los-bailes-del-nino-se-realizaran-este-ano-adaptandose-a-la-situacion-sanitaria\\\/#primaryimage\"},\"image\":{\"@id\":\"https:\\\/\\\/www.caudete.org\\\/ayuntamiento\\\/los-bailes-del-nino-se-realizaran-este-ano-adaptandose-a-la-situacion-sanitaria\\\/#primaryimage\"},\"thumbnailUrl\":\"https:\\\/\\\/www.caudete.org\\\/ayuntamiento\\\/wp-content\\\/uploads\\\/2021\\\/12\\\/PRESENTACION_ACTOS-BAILES-20212022.jpg\",\"datePublished\":\"2021-12-15T09:04:08+00:00\",\"dateModified\":\"2021-12-15T09:53:01+00:00\",\"author\":{\"@id\":\"https:\\\/\\\/www.caudete.org\\\/ayuntamiento\\\/#\\\/schema\\\/person\\\/cc646da9133078ee4d8dd47457947253\"},\"description\":\"P\u00e1gina Oficial del Ayuntamiento de Caudete (Albacete)\",\"breadcrumb\":{\"@id\":\"https:\\\/\\\/www.caudete.org\\\/ayuntamiento\\\/los-bailes-del-nino-se-realizaran-este-ano-adaptandose-a-la-situacion-sanitaria\\\/#breadcrumb\"},\"inLanguage\":\"es\",\"potentialAction\":[{\"@type\":\"ReadAction\",\"target\":[\"https:\\\/\\\/www.caudete.org\\\/ayuntamiento\\\/los-bailes-del-nino-se-realizaran-este-ano-adaptandose-a-la-situacion-sanitaria\\\/\"]}]},{\"@type\":\"ImageObject\",\"inLanguage\":\"es\",\"@id\":\"https:\\\/\\\/www.caudete.org\\\/ayuntamiento\\\/los-bailes-del-nino-se-realizaran-este-ano-adaptandose-a-la-situacion-sanitaria\\\/#primaryimage\",\"url\":\"https:\\\/\\\/www.caudete.org\\\/ayuntamiento\\\/wp-content\\\/uploads\\\/2021\\\/12\\\/PRESENTACION_ACTOS-BAILES-20212022.jpg\",\"contentUrl\":\"https:\\\/\\\/www.caudete.org\\\/ayuntamiento\\\/wp-content\\\/uploads\\\/2021\\\/12\\\/PRESENTACION_ACTOS-BAILES-20212022.jpg\",\"width\":1920,\"height\":1080},{\"@type\":\"BreadcrumbList\",\"@id\":\"https:\\\/\\\/www.caudete.org\\\/ayuntamiento\\\/los-bailes-del-nino-se-realizaran-este-ano-adaptandose-a-la-situacion-sanitaria\\\/#breadcrumb\",\"itemListElement\":[{\"@type\":\"ListItem\",\"position\":1,\"name\":\"Inicio\",\"item\":\"https:\\\/\\\/www.caudete.org\\\/ayuntamiento\\\/\"},{\"@type\":\"ListItem\",\"position\":2,\"name\":\"Los BAILES DEL NI\u00d1O se realizar\u00e1n este a\u00f1o adapt\u00e1ndose a la situaci\u00f3n sanitaria\"}]},{\"@type\":\"WebSite\",\"@id\":\"https:\\\/\\\/www.caudete.org\\\/ayuntamiento\\\/#website\",\"url\":\"https:\\\/\\\/www.caudete.org\\\/ayuntamiento\\\/\",\"name\":\"MI Ayuntamiento de Caudete\",\"description\":\"P\u00e1gina Oficial del MI Ayuntamiento de Caudete\",\"potentialAction\":[{\"@type\":\"SearchAction\",\"target\":{\"@type\":\"EntryPoint\",\"urlTemplate\":\"https:\\\/\\\/www.caudete.org\\\/ayuntamiento\\\/?s={search_term_string}\"},\"query-input\":{\"@type\":\"PropertyValueSpecification\",\"valueRequired\":true,\"valueName\":\"search_term_string\"}}],\"inLanguage\":\"es\"},{\"@type\":\"Person\",\"@id\":\"https:\\\/\\\/www.caudete.org\\\/ayuntamiento\\\/#\\\/schema\\\/person\\\/cc646da9133078ee4d8dd47457947253\",\"name\":\"alcalde\",\"image\":{\"@type\":\"ImageObject\",\"inLanguage\":\"es\",\"@id\":\"https:\\\/\\\/secure.gravatar.com\\\/avatar\\\/84a817ba065b29ff08d666b215a215f5c79186a645ccb25b14a663d48a130f77?s=96&d=mm&r=g\",\"url\":\"https:\\\/\\\/secure.gravatar.com\\\/avatar\\\/84a817ba065b29ff08d666b215a215f5c79186a645ccb25b14a663d48a130f77?s=96&d=mm&r=g\",\"contentUrl\":\"https:\\\/\\\/secure.gravatar.com\\\/avatar\\\/84a817ba065b29ff08d666b215a215f5c79186a645ccb25b14a663d48a130f77?s=96&d=mm&r=g\",\"caption\":\"alcalde\"},\"url\":\"https:\\\/\\\/www.caudete.org\\\/ayuntamiento\\\/author\\\/alcalde\\\/\"}]}<\/script>\n<!-- \/ Yoast SEO plugin. -->","yoast_head_json":{"title":"Los BAILES DEL NI\u00d1O se realizar\u00e1n este a\u00f1o adapt\u00e1ndose a la situaci\u00f3n sanitaria - MI Ayuntamiento de Caudete","description":"P\u00e1gina Oficial del Ayuntamiento de Caudete (Albacete)","robots":{"index":"index","follow":"follow","max-snippet":"max-snippet:-1","max-image-preview":"max-image-preview:large","max-video-preview":"max-video-preview:-1"},"canonical":"https:\/\/www.caudete.org\/ayuntamiento\/los-bailes-del-nino-se-realizaran-este-ano-adaptandose-a-la-situacion-sanitaria\/","og_locale":"es_ES","og_type":"article","og_title":"Los BAILES DEL NI\u00d1O se realizar\u00e1n este a\u00f1o adapt\u00e1ndose a la situaci\u00f3n sanitaria - MI Ayuntamiento de Caudete","og_description":"P\u00e1gina Oficial del Ayuntamiento de Caudete (Albacete)","og_url":"https:\/\/www.caudete.org\/ayuntamiento\/los-bailes-del-nino-se-realizaran-este-ano-adaptandose-a-la-situacion-sanitaria\/","og_site_name":"MI Ayuntamiento de Caudete","article_publisher":"https:\/\/www.facebook.com\/ayuntamientocaudete\/","article_published_time":"2021-12-15T09:04:08+00:00","article_modified_time":"2021-12-15T09:53:01+00:00","og_image":[{"width":1920,"height":1080,"url":"https:\/\/www.caudete.org\/ayuntamiento\/wp-content\/uploads\/2021\/12\/PRESENTACION_ACTOS-BAILES-20212022.jpg","type":"image\/jpeg"}],"author":"alcalde","twitter_card":"summary_large_image","twitter_misc":{"Escrito por":"alcalde","Tiempo de lectura":"3 minutos"},"schema":{"@context":"https:\/\/schema.org","@graph":[{"@type":"Article","@id":"https:\/\/www.caudete.org\/ayuntamiento\/los-bailes-del-nino-se-realizaran-este-ano-adaptandose-a-la-situacion-sanitaria\/#article","isPartOf":{"@id":"https:\/\/www.caudete.org\/ayuntamiento\/los-bailes-del-nino-se-realizaran-este-ano-adaptandose-a-la-situacion-sanitaria\/"},"author":{"name":"alcalde","@id":"https:\/\/www.caudete.org\/ayuntamiento\/#\/schema\/person\/cc646da9133078ee4d8dd47457947253"},"headline":"Los BAILES DEL NI\u00d1O se realizar\u00e1n este a\u00f1o adapt\u00e1ndose a la situaci\u00f3n sanitaria","datePublished":"2021-12-15T09:04:08+00:00","dateModified":"2021-12-15T09:53:01+00:00","mainEntityOfPage":{"@id":"https:\/\/www.caudete.org\/ayuntamiento\/los-bailes-del-nino-se-realizaran-este-ano-adaptandose-a-la-situacion-sanitaria\/"},"wordCount":662,"image":{"@id":"https:\/\/www.caudete.org\/ayuntamiento\/los-bailes-del-nino-se-realizaran-este-ano-adaptandose-a-la-situacion-sanitaria\/#primaryimage"},"thumbnailUrl":"https:\/\/www.caudete.org\/ayuntamiento\/wp-content\/uploads\/2021\/12\/PRESENTACION_ACTOS-BAILES-20212022.jpg","articleSection":["Fiestas"],"inLanguage":"es"},{"@type":"WebPage","@id":"https:\/\/www.caudete.org\/ayuntamiento\/los-bailes-del-nino-se-realizaran-este-ano-adaptandose-a-la-situacion-sanitaria\/","url":"https:\/\/www.caudete.org\/ayuntamiento\/los-bailes-del-nino-se-realizaran-este-ano-adaptandose-a-la-situacion-sanitaria\/","name":"Los BAILES DEL NI\u00d1O se realizar\u00e1n este a\u00f1o adapt\u00e1ndose a la situaci\u00f3n sanitaria - MI Ayuntamiento de Caudete","isPartOf":{"@id":"https:\/\/www.caudete.org\/ayuntamiento\/#website"},"primaryImageOfPage":{"@id":"https:\/\/www.caudete.org\/ayuntamiento\/los-bailes-del-nino-se-realizaran-este-ano-adaptandose-a-la-situacion-sanitaria\/#primaryimage"},"image":{"@id":"https:\/\/www.caudete.org\/ayuntamiento\/los-bailes-del-nino-se-realizaran-este-ano-adaptandose-a-la-situacion-sanitaria\/#primaryimage"},"thumbnailUrl":"https:\/\/www.caudete.org\/ayuntamiento\/wp-content\/uploads\/2021\/12\/PRESENTACION_ACTOS-BAILES-20212022.jpg","datePublished":"2021-12-15T09:04:08+00:00","dateModified":"2021-12-15T09:53:01+00:00","author":{"@id":"https:\/\/www.caudete.org\/ayuntamiento\/#\/schema\/person\/cc646da9133078ee4d8dd47457947253"},"description":"P\u00e1gina Oficial del Ayuntamiento de Caudete (Albacete)","breadcrumb":{"@id":"https:\/\/www.caudete.org\/ayuntamiento\/los-bailes-del-nino-se-realizaran-este-ano-adaptandose-a-la-situacion-sanitaria\/#breadcrumb"},"inLanguage":"es","potentialAction":[{"@type":"ReadAction","target":["https:\/\/www.caudete.org\/ayuntamiento\/los-bailes-del-nino-se-realizaran-este-ano-adaptandose-a-la-situacion-sanitaria\/"]}]},{"@type":"ImageObject","inLanguage":"es","@id":"https:\/\/www.caudete.org\/ayuntamiento\/los-bailes-del-nino-se-realizaran-este-ano-adaptandose-a-la-situacion-sanitaria\/#primaryimage","url":"https:\/\/www.caudete.org\/ayuntamiento\/wp-content\/uploads\/2021\/12\/PRESENTACION_ACTOS-BAILES-20212022.jpg","contentUrl":"https:\/\/www.caudete.org\/ayuntamiento\/wp-content\/uploads\/2021\/12\/PRESENTACION_ACTOS-BAILES-20212022.jpg","width":1920,"height":1080},{"@type":"BreadcrumbList","@id":"https:\/\/www.caudete.org\/ayuntamiento\/los-bailes-del-nino-se-realizaran-este-ano-adaptandose-a-la-situacion-sanitaria\/#breadcrumb","itemListElement":[{"@type":"ListItem","position":1,"name":"Inicio","item":"https:\/\/www.caudete.org\/ayuntamiento\/"},{"@type":"ListItem","position":2,"name":"Los BAILES DEL NI\u00d1O se realizar\u00e1n este a\u00f1o adapt\u00e1ndose a la situaci\u00f3n sanitaria"}]},{"@type":"WebSite","@id":"https:\/\/www.caudete.org\/ayuntamiento\/#website","url":"https:\/\/www.caudete.org\/ayuntamiento\/","name":"MI Ayuntamiento de Caudete","description":"P\u00e1gina Oficial del MI Ayuntamiento de Caudete","potentialAction":[{"@type":"SearchAction","target":{"@type":"EntryPoint","urlTemplate":"https:\/\/www.caudete.org\/ayuntamiento\/?s={search_term_string}"},"query-input":{"@type":"PropertyValueSpecification","valueRequired":true,"valueName":"search_term_string"}}],"inLanguage":"es"},{"@type":"Person","@id":"https:\/\/www.caudete.org\/ayuntamiento\/#\/schema\/person\/cc646da9133078ee4d8dd47457947253","name":"alcalde","image":{"@type":"ImageObject","inLanguage":"es","@id":"https:\/\/secure.gravatar.com\/avatar\/84a817ba065b29ff08d666b215a215f5c79186a645ccb25b14a663d48a130f77?s=96&d=mm&r=g","url":"https:\/\/secure.gravatar.com\/avatar\/84a817ba065b29ff08d666b215a215f5c79186a645ccb25b14a663d48a130f77?s=96&d=mm&r=g","contentUrl":"https:\/\/secure.gravatar.com\/avatar\/84a817ba065b29ff08d666b215a215f5c79186a645ccb25b14a663d48a130f77?s=96&d=mm&r=g","caption":"alcalde"},"url":"https:\/\/www.caudete.org\/ayuntamiento\/author\/alcalde\/"}]}},"_links":{"self":[{"href":"https:\/\/www.caudete.org\/ayuntamiento\/wp-json\/wp\/v2\/posts\/17499","targetHints":{"allow":["GET"]}}],"collection":[{"href":"https:\/\/www.caudete.org\/ayuntamiento\/wp-json\/wp\/v2\/posts"}],"about":[{"href":"https:\/\/www.caudete.org\/ayuntamiento\/wp-json\/wp\/v2\/types\/post"}],"author":[{"embeddable":true,"href":"https:\/\/www.caudete.org\/ayuntamiento\/wp-json\/wp\/v2\/users\/3"}],"replies":[{"embeddable":true,"href":"https:\/\/www.caudete.org\/ayuntamiento\/wp-json\/wp\/v2\/comments?post=17499"}],"version-history":[{"count":2,"href":"https:\/\/www.caudete.org\/ayuntamiento\/wp-json\/wp\/v2\/posts\/17499\/revisions"}],"predecessor-version":[{"id":17502,"href":"https:\/\/www.caudete.org\/ayuntamiento\/wp-json\/wp\/v2\/posts\/17499\/revisions\/17502"}],"wp:featuredmedia":[{"embeddable":true,"href":"https:\/\/www.caudete.org\/ayuntamiento\/wp-json\/wp\/v2\/media\/17500"}],"wp:attachment":[{"href":"https:\/\/www.caudete.org\/ayuntamiento\/wp-json\/wp\/v2\/media?parent=17499"}],"wp:term":[{"taxonomy":"category","embeddable":true,"href":"https:\/\/www.caudete.org\/ayuntamiento\/wp-json\/wp\/v2\/categories?post=17499"},{"taxonomy":"post_tag","embeddable":true,"href":"https:\/\/www.caudete.org\/ayuntamiento\/wp-json\/wp\/v2\/tags?post=17499"}],"curies":[{"name":"wp","href":"https:\/\/api.w.org\/{rel}","templated":true}]}}