{"id":17525,"date":"2021-12-17T13:35:11","date_gmt":"2021-12-17T12:35:11","guid":{"rendered":"https:\/\/www.caudete.org\/ayuntamiento\/?p=17525"},"modified":"2021-12-17T15:37:12","modified_gmt":"2021-12-17T14:37:12","slug":"caudeteemprende-natura-regentado-por-ester-blanes-en-c-echegaray-6","status":"publish","type":"post","link":"https:\/\/www.caudete.org\/ayuntamiento\/caudeteemprende-natura-regentado-por-ester-blanes-en-c-echegaray-6\/","title":{"rendered":"CaudeteEMPRENDE: NATURA\u00a0 regentado por Ester Blanes en C\/Echegaray, 6"},"content":{"rendered":"<p style=\"text-align: justify;\">Dentro de la Campa\u00f1a CaudeteEMPRENDE de la Concejal\u00eda de Comercio, esta semana su Edil Diego Cuenca Olivares a visitado NATURA Organizadores de bodas y eventos regentado por Ester Blanes Soriano.<\/p>\n<p style=\"text-align: justify;\">Una tienda f\u00edsica donde poder mostrar a sus clientes las diferentes opciones para sus eventos de manera personal y un lugar donde ir a solicitar cualquier tipo de informaci\u00f3n e incluso comprar alg\u00fan regalo.<\/p>\n<p style=\"text-align: justify;\">Ester Blanes nos explicaba los motivos y la motivaci\u00f3n que le llev\u00f3 a abrir este negocio en Caudete.<\/p>\n<p style=\"text-align: justify;\"><strong>\u00bfPor qu\u00e9 las bodas y los eventos? <\/strong><\/p>\n<p style=\"text-align: justify;\">Bien, todo empez\u00f3 desde peque\u00f1a. Me encantaba jugar a las bodas. Casaba a mis mu\u00f1ecos, los vest\u00eda, peinaba&#8230; Era algo con lo que pasaba mucho tiempo y realmente disfrutaba. Con los a\u00f1os, cada vez m\u00e1s, me fue llamando la atenci\u00f3n todo lo relacionado a ello. Tras terminar mis estudios de Instituto, estaba indecisa con qu\u00e9 carrera seguir\u00eda mi formaci\u00f3n. Ten\u00eda claro que quer\u00eda hacer algo de bodas y eventos pero por aquel entonces, este tipo de curso no ten\u00eda documentos acreditativos oficiales, por lo cual, acab\u00e9 estudiando Educaci\u00f3n Infantil, que era la otra rama que me gustaba.<\/p>\n<p style=\"text-align: justify;\">Al finalizar los estudios, segu\u00eda sin estar contenta, yo quer\u00eda dedicarme a lo que de verdad me apasionaba que era la decoraci\u00f3n y los eventos. Adem\u00e1s, mucha gente, me dec\u00eda que se me daban bien las manualidades y que ten\u00eda una gran capacidad de crear e imaginar, lo que en este tipo de trabajo es fundamental. Es por eso que pas\u00e9 todo un a\u00f1o buscando p\u00e1ginas, lugares, academias que ofrecieran este tipo de estudio formativo con acreditaci\u00f3n final, que tuviera realizaci\u00f3n de pr\u00e1cticas y con opci\u00f3n a empleo para descubrir as\u00ed me verdadera vocaci\u00f3n.<\/p>\n<p style=\"text-align: justify;\">\u00a1Y lo consegu\u00ed! Encontr\u00e9 una cadena de academias repartidas por todas Espa\u00f1a. No dud\u00e9 en consultarlo con mis padres y apuntarme. Tras dos a\u00f1os de formaci\u00f3n y su correspondiente t\u00edtulo oficial como \u201cWedding Planner\u201d, entr\u00e9 a trabajar en una de las mayores empresas de Organizaci\u00f3n de Eventos de Valencia.<\/p>\n<p style=\"text-align: justify;\">El primer d\u00eda que pis\u00e9 la puerta de aquella empresa, supe que este trabajo era para m\u00ed. Se me pasaban las horas volando, mi cabeza no paraba de crear y aprender t\u00e9cnicas nuevas. Todo lo apuntaba en una libreta para no perder detalle, me un\u00eda a cada montaje a pesar de la multitud de horas que conllevaba, me daba igual si hac\u00eda un calor insoportable, DISFRUTABA, y por eso lo ten\u00eda tan claro.<\/p>\n<p style=\"text-align: justify;\"><strong>\u00bfC\u00f3mo y por qu\u00e9 decid\u00ed emprender este negocio? <\/strong><\/p>\n<p style=\"text-align: justify;\">Bueno, pues la verdad que fue una decisi\u00f3n dif\u00edcil. Ten\u00eda que decidir entre quedarme a vivir en Valencia y trabajar en aquella empresa que tanto me gustaba o por lo contrario volver a casa con mi familia. Por aquel entonces, mi novio y yo, ya ten\u00edamos planes de boda, est\u00e1bamos terminando de amueblar la casa, as\u00ed que la decisi\u00f3n ten\u00eda que ser \u201centre todos\u201d.<\/p>\n<p style=\"text-align: justify;\">Despu\u00e9s de mucho pensar y valorar mi futuro, decid\u00ed volver a Caudete.<\/p>\n<p style=\"text-align: justify;\">Fue entonces cuando surgi\u00f3 la idea de seguir haciendo lo que me gustaba, pero en solitario. \u00bfPor qu\u00e9 no? Todos me dec\u00edan \u201cEl que no arriesga, no gana\u201d, as\u00ed que me lanc\u00e9.<\/p>\n<p style=\"text-align: justify;\"><strong>\u00bfEn qu\u00e9 consiste b\u00e1sicamente Natura? <\/strong><\/p>\n<p style=\"text-align: justify;\">Relacionado a las bodas: Yo siempre digo, que Natura crea \u201csue\u00f1os\u201d. Todas mis parejas de novios llegan a mi despacho para cumplir su sue\u00f1o, que es casarse. Yo me considero como una \u201chada madrina\u201d, les ayudo en todo lo que puedo para que ese sue\u00f1o se consiga.<\/p>\n<p style=\"text-align: justify;\">Mi trabajo como Wedding Planner b\u00e1sicamente consiste en dar forma f\u00edsica a lo que las parejas llevan en mente para su gran d\u00eda. Trabajamos de manera parcial o integral los eventos, ajust\u00e1ndonos a las peticiones de nuestros clientes, asesor\u00e1ndoles en diversos aspectos relacionados al evento para que puedan disfrutar de todo el proceso de preparaci\u00f3n.<\/p>\n<p style=\"text-align: justify;\"><strong>\u00bfSi se quiere contar con Natura para un evento, es obligatorio trabajar con todos los servicios que se ofrecen? <\/strong><\/p>\n<p style=\"text-align: justify;\">NO, un evento es totalmente personalizable. Si viene un cliente que s\u00f3lo quiere las invitaciones de boda por poner un ejemplo, estaremos encantados de atenderle, al igual que si otro cliente quiere todo el evento, lo mismo. Estamos para asesorar y ayudar a todo tipo de cliente que venga con respecto a sus necesidades.<\/p>\n<p style=\"text-align: justify;\"><strong>\u00bfQu\u00e9 tipos de servicios ofrece? <\/strong><\/p>\n<p style=\"text-align: justify;\">La organizaci\u00f3n, planificaci\u00f3n, decoraci\u00f3n y montaje de eventos (ya sea boda, comuni\u00f3n, bautizo, cumplea\u00f1os, pedidas&#8230;)<\/p>\n<p style=\"text-align: justify;\">Tambi\u00e9n nos encargamos del dise\u00f1o floral ( ramos de novia, prendidos, arreglos en Iglesias, ceremonias civiles, banquetes, coches nupciales..)Tenemos formaci\u00f3n floral, dedicamos muchas horas a innovar y aprender t\u00e9cnicas que sorprendan y manejamos una inmensa variedad flores para crear eventos con personalidad.<\/p>\n<p style=\"text-align: justify;\">Trabajamos con nuestros propios dise\u00f1os de papeler\u00eda, los hacemos personalizados para cada tipo de cliente y evento. (Invitaciones, minutas de men\u00fa, etiquetas para detalles&#8230;) Tenemos un amplio cat\u00e1logo de papeles y sobres para poder elegir, entre otro tipo de elementos decorativos. (Lacres, ramitos de flores preservadas, fajines, sellos, pegatinas&#8230;)<\/p>\n<p style=\"text-align: justify;\"><strong>\u00bfQu\u00e9 podemos encontrar en Natura?<\/strong><\/p>\n<p style=\"text-align: justify;\">Natura esta \u201cdividida\u201d en varias secciones. Por un lado, nos encontramos con una parte de exposici\u00f3n en la cual, el cliente puede ver y elegir los elementos decorativos que m\u00e1s encajan con lo que llevan en mente. Por otro lado, est\u00e1 la parte de tienda, donde tenemos art\u00edculos de regalo para eventos. Adem\u00e1s disponemos de un muestrario de detalles completamente acabados para ofrecer diferentes posibilidades a nuestros clientes. Como novedad, para ampliar nuestro abanico de ofertas, hemos incorporado art\u00edculos para el hogar (bolsitas arom\u00e1ticas para armarios, ambientadores, velas, mikados, &#8230; que tambi\u00e9n nos sirven para ofrecer al cliente como idea de regalo, para cualquier tipo de evento). Y la \u00faltima parte, ser\u00eda la zona de despacho, donde poder atender de manera m\u00e1s cercana y c\u00f3moda a nuestros clientes.<\/p>\n<p style=\"text-align: justify;\"><strong>\u00bfPor qu\u00e9 un negocio as\u00ed en Caudete? <\/strong><\/p>\n<p style=\"text-align: justify;\">Valorando los negocios comerciales que hay a los alrededores de la poblaci\u00f3n, cre\u00edmos que era una muy buena oportunidad instaurar un negocio como el nuestro, dada la alta demanda que a d\u00eda de hoy hay con la decoraci\u00f3n a las bodas y los eventos, y la poca oferta que se ofrece. En nuestra poblaci\u00f3n, no existe ning\u00fan negocio que englobe todos los servicios que nosotros tenemos, por lo tanto, somos novedad.<\/p>\n<p style=\"text-align: justify;\"><strong>\u00bfSe trabaja en exclusiva con proveedores? <\/strong><\/p>\n<p style=\"text-align: justify;\">NO, si bien es cierto, que algunos restaurantes o fincas, tienen contratos con proveedores fijos y no tenemos opci\u00f3n de trabajar. Pero si no es el caso, no tenemos problemas en trabajar y contar con proveedores externos. De hecho, a nuestros clientes, les ofrecemos multitud de proveedores ajenos a nosotros seg\u00fan las necesidades de los mismos.<\/p>\n<p style=\"text-align: justify;\"><strong>\u00bfSe trabaja fuera de Caudete? <\/strong><\/p>\n<p style=\"text-align: justify;\">Por supuesto, en principio no tenemos problemas de desplazamientos. Todo es hablarlo y valorar las opciones disponibles.<\/p>\n<p style=\"text-align: justify;\"><strong>\u00bfD\u00f3nde podemos encontrar a Natura? <\/strong><\/p>\n<p style=\"text-align: justify;\">F\u00edsicamente estamos en Caudete (Albacete), en la C\/Echegaray, 6.<\/p>\n<p style=\"text-align: justify;\">Tambi\u00e9n tenemos redes sociales en los cuales se pueden ver nuestros trabajos.<\/p>\n<p style=\"text-align: justify;\">Facebook: Natura Wedding &amp; Event Planner.<\/p>\n<p style=\"text-align: justify;\">Instagram: natura_wedding_planner.<\/p>\n<p style=\"text-align: justify;\"><strong>\u00bfC\u00f3mo podemos contactar o pedir cita? <\/strong><\/p>\n<p style=\"text-align: justify;\">A trav\u00e9s de nuestro tel\u00e9fono: 635790613 o<\/p>\n<p style=\"text-align: justify;\">Email: organizacioneventosnatura@gmail.com<\/p>\n<p style=\"text-align: justify;\">\n<p style=\"text-align: justify;\"><strong>AGRADECIMIENTOS:<\/strong> Principalmente a mi familia, por creer en mi sue\u00f1o, por ayudarme a hacerlo realidad y sobretodo, por echarme una mano cuando m\u00e1s lo necesito. A todos los clientes, que conf\u00edan en mi trabajo y me acompa\u00f1an en esta andadura y tambi\u00e9n a Diego Cuenca, Concejal de Comercio, por hacerme una encerrona junto con varios compa\u00f1eros para ayudarme a publicitar mi negocio.<\/p>\n<p style=\"text-align: justify;\">Estoy muy agradecida.<\/p>\n<p style=\"text-align: justify;\">CaudeteEMPRENDE es una campa\u00f1a creada desde la Concejal\u00eda de Comercio con el objetivo\u00a0 de dar visibilidad y apoyo a los nuevos comercios de la localidad, acerc\u00e1ndolos a la ciudadan\u00eda a trav\u00e9s de las redes sociales del M.I. Ayuntamiento y la TV .<\/p>\n<style type=\"text\/css\">\n#foogallery-gallery-17533.fg-justified .fg-item { margin-right: 2px; margin-bottom: 2px; }\n#foogallery-gallery-17533.fg-justified .fg-image { height: 200px; }<\/style>\n\t\t\t<div class=\"foogallery foogallery-container foogallery-justified foogallery-lightbox-none fg-justified fg-ready fg-light fg-shadow-outline fg-loading-default fg-loaded-fade-in fg-caption-always fg-hover-fade fg-hover-zoom2\" id=\"foogallery-gallery-17533\" data-foogallery=\"{&quot;item&quot;:{&quot;showCaptionTitle&quot;:true,&quot;showCaptionDescription&quot;:false},&quot;lazy&quot;:true,&quot;paging&quot;:{&quot;type&quot;:&quot;dots&quot;,&quot;size&quot;:20,&quot;position&quot;:&quot;bottom&quot;,&quot;scrollToTop&quot;:false,&quot;output&quot;:&quot;html&quot;,&quot;theme&quot;:&quot;fg-light&quot;},&quot;template&quot;:{&quot;rowHeight&quot;:200,&quot;maxRowHeight&quot;:250,&quot;margins&quot;:2,&quot;align&quot;:&quot;center&quot;,&quot;lastRow&quot;:&quot;smart&quot;}}\" style=\"--fg-title-line-clamp: 0; --fg-description-line-clamp: 0;\" >\n\t<div class=\"fg-item fg-type-image fg-idle\"><figure class=\"fg-item-inner\"><a href=\"https:\/\/www.caudete.org\/ayuntamiento\/wp-content\/uploads\/2021\/12\/FOTO-2.jpg\" data-attachment-id=\"17529\" data-e-disable-page-transition=\"true\" data-type=\"image\" class=\"fg-thumb\"><span class=\"fg-image-wrap\"><img fetchpriority=\"high\" decoding=\"async\" height=\"250\" width=\"202\" class=\"skip-lazy fg-image\" data-src-fg=\"https:\/\/www.caudete.org\/ayuntamiento\/wp-content\/uploads\/cache\/2021\/12\/FOTO-2\/2625846275.jpg\" src=\"data:image\/svg+xml,%3Csvg%20xmlns%3D%22http%3A%2F%2Fwww.w3.org%2F2000%2Fsvg%22%20width%3D%22202%22%20height%3D%22250%22%20viewBox%3D%220%200%20202%20250%22%3E%3C%2Fsvg%3E\" loading=\"eager\"><\/span><span class=\"fg-image-overlay\"><\/span><\/a><\/figure><div class=\"fg-loader\"><\/div><\/div><div class=\"fg-item fg-type-image fg-idle\"><figure class=\"fg-item-inner\"><a href=\"https:\/\/www.caudete.org\/ayuntamiento\/wp-content\/uploads\/2021\/12\/FOTO-3.jpg\" data-attachment-id=\"17530\" data-e-disable-page-transition=\"true\" data-type=\"image\" class=\"fg-thumb\"><span class=\"fg-image-wrap\"><img decoding=\"async\" height=\"250\" width=\"190\" class=\"skip-lazy fg-image\" data-src-fg=\"https:\/\/www.caudete.org\/ayuntamiento\/wp-content\/uploads\/cache\/2021\/12\/FOTO-3\/1081152912.jpg\" src=\"data:image\/svg+xml,%3Csvg%20xmlns%3D%22http%3A%2F%2Fwww.w3.org%2F2000%2Fsvg%22%20width%3D%22190%22%20height%3D%22250%22%20viewBox%3D%220%200%20190%20250%22%3E%3C%2Fsvg%3E\" loading=\"eager\"><\/span><span class=\"fg-image-overlay\"><\/span><\/a><\/figure><div class=\"fg-loader\"><\/div><\/div><div class=\"fg-item fg-type-image fg-idle\"><figure class=\"fg-item-inner\"><a href=\"https:\/\/www.caudete.org\/ayuntamiento\/wp-content\/uploads\/2021\/12\/FOTO-4.jpg\" data-attachment-id=\"17531\" data-e-disable-page-transition=\"true\" data-type=\"image\" class=\"fg-thumb\"><span class=\"fg-image-wrap\"><img decoding=\"async\" height=\"250\" width=\"204\" class=\"skip-lazy fg-image\" data-src-fg=\"https:\/\/www.caudete.org\/ayuntamiento\/wp-content\/uploads\/cache\/2021\/12\/FOTO-4\/2483373718.jpg\" src=\"data:image\/svg+xml,%3Csvg%20xmlns%3D%22http%3A%2F%2Fwww.w3.org%2F2000%2Fsvg%22%20width%3D%22204%22%20height%3D%22250%22%20viewBox%3D%220%200%20204%20250%22%3E%3C%2Fsvg%3E\" loading=\"eager\"><\/span><span class=\"fg-image-overlay\"><\/span><\/a><\/figure><div class=\"fg-loader\"><\/div><\/div><div class=\"fg-item fg-type-image fg-idle\"><figure class=\"fg-item-inner\"><a href=\"https:\/\/www.caudete.org\/ayuntamiento\/wp-content\/uploads\/2021\/12\/FOTO-5.jpg\" data-attachment-id=\"17532\" data-e-disable-page-transition=\"true\" data-type=\"image\" class=\"fg-thumb\"><span class=\"fg-image-wrap\"><img decoding=\"async\" height=\"250\" width=\"192\" class=\"skip-lazy fg-image\" data-src-fg=\"https:\/\/www.caudete.org\/ayuntamiento\/wp-content\/uploads\/cache\/2021\/12\/FOTO-5\/3758993000.jpg\" src=\"data:image\/svg+xml,%3Csvg%20xmlns%3D%22http%3A%2F%2Fwww.w3.org%2F2000%2Fsvg%22%20width%3D%22192%22%20height%3D%22250%22%20viewBox%3D%220%200%20192%20250%22%3E%3C%2Fsvg%3E\" loading=\"eager\"><\/span><span class=\"fg-image-overlay\"><\/span><\/a><\/figure><div class=\"fg-loader\"><\/div><\/div><\/div>\n\n","protected":false},"excerpt":{"rendered":"<p>Dentro de la Campa\u00f1a CaudeteEMPRENDE de la Concejal\u00eda de Comercio, esta semana su Edil Diego Cuenca Olivares a visitado NATURA Organizadores de bodas y eventos regentado por Ester Blanes Soriano. Una tienda f\u00edsica donde poder mostrar a sus clientes las diferentes opciones para sus eventos de manera personal y un lugar donde ir a solicitar &hellip;<\/p>\n","protected":false},"author":2,"featured_media":17528,"comment_status":"closed","ping_status":"open","sticky":false,"template":"","format":"standard","meta":{"ngg_post_thumbnail":0,"footnotes":""},"categories":[42],"tags":[655,742],"class_list":["post-17525","post","type-post","status-publish","format-standard","has-post-thumbnail","hentry","category-comercio","tag-caudeteemprende","tag-natura"],"yoast_head":"<!-- This site is optimized with the Yoast SEO plugin v27.5 - https:\/\/yoast.com\/product\/yoast-seo-wordpress\/ -->\n<title>CaudeteEMPRENDE: NATURA\u00a0 regentado por Ester Blanes en C\/Echegaray, 6 - MI Ayuntamiento de Caudete<\/title>\n<meta name=\"description\" content=\"P\u00e1gina Oficial del Ayuntamiento de Caudete (Albacete)\" \/>\n<meta name=\"robots\" content=\"index, follow, max-snippet:-1, max-image-preview:large, max-video-preview:-1\" \/>\n<link rel=\"canonical\" href=\"https:\/\/www.caudete.org\/ayuntamiento\/caudeteemprende-natura-regentado-por-ester-blanes-en-c-echegaray-6\/\" \/>\n<meta property=\"og:locale\" content=\"es_ES\" \/>\n<meta property=\"og:type\" content=\"article\" \/>\n<meta property=\"og:title\" content=\"CaudeteEMPRENDE: NATURA\u00a0 regentado por Ester Blanes en C\/Echegaray, 6 - MI Ayuntamiento de Caudete\" \/>\n<meta property=\"og:description\" content=\"P\u00e1gina Oficial del Ayuntamiento de Caudete (Albacete)\" \/>\n<meta property=\"og:url\" content=\"https:\/\/www.caudete.org\/ayuntamiento\/caudeteemprende-natura-regentado-por-ester-blanes-en-c-echegaray-6\/\" \/>\n<meta property=\"og:site_name\" content=\"MI Ayuntamiento de Caudete\" \/>\n<meta property=\"article:publisher\" content=\"https:\/\/www.facebook.com\/ayuntamientocaudete\/\" \/>\n<meta property=\"article:published_time\" content=\"2021-12-17T12:35:11+00:00\" \/>\n<meta property=\"article:modified_time\" content=\"2021-12-17T14:37:12+00:00\" \/>\n<meta property=\"og:image\" content=\"https:\/\/www.caudete.org\/ayuntamiento\/wp-content\/uploads\/2021\/12\/Natura-WEB.jpg\" \/>\n\t<meta property=\"og:image:width\" content=\"864\" \/>\n\t<meta property=\"og:image:height\" content=\"380\" \/>\n\t<meta property=\"og:image:type\" content=\"image\/jpeg\" \/>\n<meta name=\"author\" content=\"Juan\" \/>\n<meta name=\"twitter:card\" content=\"summary_large_image\" \/>\n<meta name=\"twitter:label1\" content=\"Escrito por\" \/>\n\t<meta name=\"twitter:data1\" content=\"Juan\" \/>\n\t<meta name=\"twitter:label2\" content=\"Tiempo de lectura\" \/>\n\t<meta name=\"twitter:data2\" content=\"6 minutos\" \/>\n<script type=\"application\/ld+json\" class=\"yoast-schema-graph\">{\"@context\":\"https:\\\/\\\/schema.org\",\"@graph\":[{\"@type\":\"Article\",\"@id\":\"https:\\\/\\\/www.caudete.org\\\/ayuntamiento\\\/caudeteemprende-natura-regentado-por-ester-blanes-en-c-echegaray-6\\\/#article\",\"isPartOf\":{\"@id\":\"https:\\\/\\\/www.caudete.org\\\/ayuntamiento\\\/caudeteemprende-natura-regentado-por-ester-blanes-en-c-echegaray-6\\\/\"},\"author\":{\"name\":\"Juan\",\"@id\":\"https:\\\/\\\/www.caudete.org\\\/ayuntamiento\\\/#\\\/schema\\\/person\\\/7656a5bb58fca95b9814e940de0fda63\"},\"headline\":\"CaudeteEMPRENDE: NATURA\u00a0 regentado por Ester Blanes en C\\\/Echegaray, 6\",\"datePublished\":\"2021-12-17T12:35:11+00:00\",\"dateModified\":\"2021-12-17T14:37:12+00:00\",\"mainEntityOfPage\":{\"@id\":\"https:\\\/\\\/www.caudete.org\\\/ayuntamiento\\\/caudeteemprende-natura-regentado-por-ester-blanes-en-c-echegaray-6\\\/\"},\"wordCount\":1382,\"image\":{\"@id\":\"https:\\\/\\\/www.caudete.org\\\/ayuntamiento\\\/caudeteemprende-natura-regentado-por-ester-blanes-en-c-echegaray-6\\\/#primaryimage\"},\"thumbnailUrl\":\"https:\\\/\\\/www.caudete.org\\\/ayuntamiento\\\/wp-content\\\/uploads\\\/2021\\\/12\\\/Natura-WEB.jpg\",\"keywords\":[\"CaudeteEMPRENDE\",\"Natura\"],\"articleSection\":[\"Comercio\"],\"inLanguage\":\"es\"},{\"@type\":\"WebPage\",\"@id\":\"https:\\\/\\\/www.caudete.org\\\/ayuntamiento\\\/caudeteemprende-natura-regentado-por-ester-blanes-en-c-echegaray-6\\\/\",\"url\":\"https:\\\/\\\/www.caudete.org\\\/ayuntamiento\\\/caudeteemprende-natura-regentado-por-ester-blanes-en-c-echegaray-6\\\/\",\"name\":\"CaudeteEMPRENDE: NATURA\u00a0 regentado por Ester Blanes en C\\\/Echegaray, 6 - MI Ayuntamiento de Caudete\",\"isPartOf\":{\"@id\":\"https:\\\/\\\/www.caudete.org\\\/ayuntamiento\\\/#website\"},\"primaryImageOfPage\":{\"@id\":\"https:\\\/\\\/www.caudete.org\\\/ayuntamiento\\\/caudeteemprende-natura-regentado-por-ester-blanes-en-c-echegaray-6\\\/#primaryimage\"},\"image\":{\"@id\":\"https:\\\/\\\/www.caudete.org\\\/ayuntamiento\\\/caudeteemprende-natura-regentado-por-ester-blanes-en-c-echegaray-6\\\/#primaryimage\"},\"thumbnailUrl\":\"https:\\\/\\\/www.caudete.org\\\/ayuntamiento\\\/wp-content\\\/uploads\\\/2021\\\/12\\\/Natura-WEB.jpg\",\"datePublished\":\"2021-12-17T12:35:11+00:00\",\"dateModified\":\"2021-12-17T14:37:12+00:00\",\"author\":{\"@id\":\"https:\\\/\\\/www.caudete.org\\\/ayuntamiento\\\/#\\\/schema\\\/person\\\/7656a5bb58fca95b9814e940de0fda63\"},\"description\":\"P\u00e1gina Oficial del Ayuntamiento de Caudete (Albacete)\",\"breadcrumb\":{\"@id\":\"https:\\\/\\\/www.caudete.org\\\/ayuntamiento\\\/caudeteemprende-natura-regentado-por-ester-blanes-en-c-echegaray-6\\\/#breadcrumb\"},\"inLanguage\":\"es\",\"potentialAction\":[{\"@type\":\"ReadAction\",\"target\":[\"https:\\\/\\\/www.caudete.org\\\/ayuntamiento\\\/caudeteemprende-natura-regentado-por-ester-blanes-en-c-echegaray-6\\\/\"]}]},{\"@type\":\"ImageObject\",\"inLanguage\":\"es\",\"@id\":\"https:\\\/\\\/www.caudete.org\\\/ayuntamiento\\\/caudeteemprende-natura-regentado-por-ester-blanes-en-c-echegaray-6\\\/#primaryimage\",\"url\":\"https:\\\/\\\/www.caudete.org\\\/ayuntamiento\\\/wp-content\\\/uploads\\\/2021\\\/12\\\/Natura-WEB.jpg\",\"contentUrl\":\"https:\\\/\\\/www.caudete.org\\\/ayuntamiento\\\/wp-content\\\/uploads\\\/2021\\\/12\\\/Natura-WEB.jpg\",\"width\":864,\"height\":380},{\"@type\":\"BreadcrumbList\",\"@id\":\"https:\\\/\\\/www.caudete.org\\\/ayuntamiento\\\/caudeteemprende-natura-regentado-por-ester-blanes-en-c-echegaray-6\\\/#breadcrumb\",\"itemListElement\":[{\"@type\":\"ListItem\",\"position\":1,\"name\":\"Inicio\",\"item\":\"https:\\\/\\\/www.caudete.org\\\/ayuntamiento\\\/\"},{\"@type\":\"ListItem\",\"position\":2,\"name\":\"CaudeteEMPRENDE: NATURA\u00a0 regentado por Ester Blanes en C\\\/Echegaray, 6\"}]},{\"@type\":\"WebSite\",\"@id\":\"https:\\\/\\\/www.caudete.org\\\/ayuntamiento\\\/#website\",\"url\":\"https:\\\/\\\/www.caudete.org\\\/ayuntamiento\\\/\",\"name\":\"MI Ayuntamiento de Caudete\",\"description\":\"P\u00e1gina Oficial del MI Ayuntamiento de Caudete\",\"potentialAction\":[{\"@type\":\"SearchAction\",\"target\":{\"@type\":\"EntryPoint\",\"urlTemplate\":\"https:\\\/\\\/www.caudete.org\\\/ayuntamiento\\\/?s={search_term_string}\"},\"query-input\":{\"@type\":\"PropertyValueSpecification\",\"valueRequired\":true,\"valueName\":\"search_term_string\"}}],\"inLanguage\":\"es\"},{\"@type\":\"Person\",\"@id\":\"https:\\\/\\\/www.caudete.org\\\/ayuntamiento\\\/#\\\/schema\\\/person\\\/7656a5bb58fca95b9814e940de0fda63\",\"name\":\"Juan\",\"image\":{\"@type\":\"ImageObject\",\"inLanguage\":\"es\",\"@id\":\"https:\\\/\\\/secure.gravatar.com\\\/avatar\\\/dd53e51c0cd6ab23f52d4f3e4f1c59730240727763de3dbbf26750b079a2c292?s=96&d=mm&r=g\",\"url\":\"https:\\\/\\\/secure.gravatar.com\\\/avatar\\\/dd53e51c0cd6ab23f52d4f3e4f1c59730240727763de3dbbf26750b079a2c292?s=96&d=mm&r=g\",\"contentUrl\":\"https:\\\/\\\/secure.gravatar.com\\\/avatar\\\/dd53e51c0cd6ab23f52d4f3e4f1c59730240727763de3dbbf26750b079a2c292?s=96&d=mm&r=g\",\"caption\":\"Juan\"},\"url\":\"https:\\\/\\\/www.caudete.org\\\/ayuntamiento\\\/author\\\/centrodeinternet\\\/\"}]}<\/script>\n<!-- \/ Yoast SEO plugin. -->","yoast_head_json":{"title":"CaudeteEMPRENDE: NATURA\u00a0 regentado por Ester Blanes en C\/Echegaray, 6 - MI Ayuntamiento de Caudete","description":"P\u00e1gina Oficial del Ayuntamiento de Caudete (Albacete)","robots":{"index":"index","follow":"follow","max-snippet":"max-snippet:-1","max-image-preview":"max-image-preview:large","max-video-preview":"max-video-preview:-1"},"canonical":"https:\/\/www.caudete.org\/ayuntamiento\/caudeteemprende-natura-regentado-por-ester-blanes-en-c-echegaray-6\/","og_locale":"es_ES","og_type":"article","og_title":"CaudeteEMPRENDE: NATURA\u00a0 regentado por Ester Blanes en C\/Echegaray, 6 - MI Ayuntamiento de Caudete","og_description":"P\u00e1gina Oficial del Ayuntamiento de Caudete (Albacete)","og_url":"https:\/\/www.caudete.org\/ayuntamiento\/caudeteemprende-natura-regentado-por-ester-blanes-en-c-echegaray-6\/","og_site_name":"MI Ayuntamiento de Caudete","article_publisher":"https:\/\/www.facebook.com\/ayuntamientocaudete\/","article_published_time":"2021-12-17T12:35:11+00:00","article_modified_time":"2021-12-17T14:37:12+00:00","og_image":[{"width":864,"height":380,"url":"https:\/\/www.caudete.org\/ayuntamiento\/wp-content\/uploads\/2021\/12\/Natura-WEB.jpg","type":"image\/jpeg"}],"author":"Juan","twitter_card":"summary_large_image","twitter_misc":{"Escrito por":"Juan","Tiempo de lectura":"6 minutos"},"schema":{"@context":"https:\/\/schema.org","@graph":[{"@type":"Article","@id":"https:\/\/www.caudete.org\/ayuntamiento\/caudeteemprende-natura-regentado-por-ester-blanes-en-c-echegaray-6\/#article","isPartOf":{"@id":"https:\/\/www.caudete.org\/ayuntamiento\/caudeteemprende-natura-regentado-por-ester-blanes-en-c-echegaray-6\/"},"author":{"name":"Juan","@id":"https:\/\/www.caudete.org\/ayuntamiento\/#\/schema\/person\/7656a5bb58fca95b9814e940de0fda63"},"headline":"CaudeteEMPRENDE: NATURA\u00a0 regentado por Ester Blanes en C\/Echegaray, 6","datePublished":"2021-12-17T12:35:11+00:00","dateModified":"2021-12-17T14:37:12+00:00","mainEntityOfPage":{"@id":"https:\/\/www.caudete.org\/ayuntamiento\/caudeteemprende-natura-regentado-por-ester-blanes-en-c-echegaray-6\/"},"wordCount":1382,"image":{"@id":"https:\/\/www.caudete.org\/ayuntamiento\/caudeteemprende-natura-regentado-por-ester-blanes-en-c-echegaray-6\/#primaryimage"},"thumbnailUrl":"https:\/\/www.caudete.org\/ayuntamiento\/wp-content\/uploads\/2021\/12\/Natura-WEB.jpg","keywords":["CaudeteEMPRENDE","Natura"],"articleSection":["Comercio"],"inLanguage":"es"},{"@type":"WebPage","@id":"https:\/\/www.caudete.org\/ayuntamiento\/caudeteemprende-natura-regentado-por-ester-blanes-en-c-echegaray-6\/","url":"https:\/\/www.caudete.org\/ayuntamiento\/caudeteemprende-natura-regentado-por-ester-blanes-en-c-echegaray-6\/","name":"CaudeteEMPRENDE: NATURA\u00a0 regentado por Ester Blanes en C\/Echegaray, 6 - MI Ayuntamiento de Caudete","isPartOf":{"@id":"https:\/\/www.caudete.org\/ayuntamiento\/#website"},"primaryImageOfPage":{"@id":"https:\/\/www.caudete.org\/ayuntamiento\/caudeteemprende-natura-regentado-por-ester-blanes-en-c-echegaray-6\/#primaryimage"},"image":{"@id":"https:\/\/www.caudete.org\/ayuntamiento\/caudeteemprende-natura-regentado-por-ester-blanes-en-c-echegaray-6\/#primaryimage"},"thumbnailUrl":"https:\/\/www.caudete.org\/ayuntamiento\/wp-content\/uploads\/2021\/12\/Natura-WEB.jpg","datePublished":"2021-12-17T12:35:11+00:00","dateModified":"2021-12-17T14:37:12+00:00","author":{"@id":"https:\/\/www.caudete.org\/ayuntamiento\/#\/schema\/person\/7656a5bb58fca95b9814e940de0fda63"},"description":"P\u00e1gina Oficial del Ayuntamiento de Caudete (Albacete)","breadcrumb":{"@id":"https:\/\/www.caudete.org\/ayuntamiento\/caudeteemprende-natura-regentado-por-ester-blanes-en-c-echegaray-6\/#breadcrumb"},"inLanguage":"es","potentialAction":[{"@type":"ReadAction","target":["https:\/\/www.caudete.org\/ayuntamiento\/caudeteemprende-natura-regentado-por-ester-blanes-en-c-echegaray-6\/"]}]},{"@type":"ImageObject","inLanguage":"es","@id":"https:\/\/www.caudete.org\/ayuntamiento\/caudeteemprende-natura-regentado-por-ester-blanes-en-c-echegaray-6\/#primaryimage","url":"https:\/\/www.caudete.org\/ayuntamiento\/wp-content\/uploads\/2021\/12\/Natura-WEB.jpg","contentUrl":"https:\/\/www.caudete.org\/ayuntamiento\/wp-content\/uploads\/2021\/12\/Natura-WEB.jpg","width":864,"height":380},{"@type":"BreadcrumbList","@id":"https:\/\/www.caudete.org\/ayuntamiento\/caudeteemprende-natura-regentado-por-ester-blanes-en-c-echegaray-6\/#breadcrumb","itemListElement":[{"@type":"ListItem","position":1,"name":"Inicio","item":"https:\/\/www.caudete.org\/ayuntamiento\/"},{"@type":"ListItem","position":2,"name":"CaudeteEMPRENDE: NATURA\u00a0 regentado por Ester Blanes en C\/Echegaray, 6"}]},{"@type":"WebSite","@id":"https:\/\/www.caudete.org\/ayuntamiento\/#website","url":"https:\/\/www.caudete.org\/ayuntamiento\/","name":"MI Ayuntamiento de Caudete","description":"P\u00e1gina Oficial del MI Ayuntamiento de Caudete","potentialAction":[{"@type":"SearchAction","target":{"@type":"EntryPoint","urlTemplate":"https:\/\/www.caudete.org\/ayuntamiento\/?s={search_term_string}"},"query-input":{"@type":"PropertyValueSpecification","valueRequired":true,"valueName":"search_term_string"}}],"inLanguage":"es"},{"@type":"Person","@id":"https:\/\/www.caudete.org\/ayuntamiento\/#\/schema\/person\/7656a5bb58fca95b9814e940de0fda63","name":"Juan","image":{"@type":"ImageObject","inLanguage":"es","@id":"https:\/\/secure.gravatar.com\/avatar\/dd53e51c0cd6ab23f52d4f3e4f1c59730240727763de3dbbf26750b079a2c292?s=96&d=mm&r=g","url":"https:\/\/secure.gravatar.com\/avatar\/dd53e51c0cd6ab23f52d4f3e4f1c59730240727763de3dbbf26750b079a2c292?s=96&d=mm&r=g","contentUrl":"https:\/\/secure.gravatar.com\/avatar\/dd53e51c0cd6ab23f52d4f3e4f1c59730240727763de3dbbf26750b079a2c292?s=96&d=mm&r=g","caption":"Juan"},"url":"https:\/\/www.caudete.org\/ayuntamiento\/author\/centrodeinternet\/"}]}},"_links":{"self":[{"href":"https:\/\/www.caudete.org\/ayuntamiento\/wp-json\/wp\/v2\/posts\/17525","targetHints":{"allow":["GET"]}}],"collection":[{"href":"https:\/\/www.caudete.org\/ayuntamiento\/wp-json\/wp\/v2\/posts"}],"about":[{"href":"https:\/\/www.caudete.org\/ayuntamiento\/wp-json\/wp\/v2\/types\/post"}],"author":[{"embeddable":true,"href":"https:\/\/www.caudete.org\/ayuntamiento\/wp-json\/wp\/v2\/users\/2"}],"replies":[{"embeddable":true,"href":"https:\/\/www.caudete.org\/ayuntamiento\/wp-json\/wp\/v2\/comments?post=17525"}],"version-history":[{"count":5,"href":"https:\/\/www.caudete.org\/ayuntamiento\/wp-json\/wp\/v2\/posts\/17525\/revisions"}],"predecessor-version":[{"id":17538,"href":"https:\/\/www.caudete.org\/ayuntamiento\/wp-json\/wp\/v2\/posts\/17525\/revisions\/17538"}],"wp:featuredmedia":[{"embeddable":true,"href":"https:\/\/www.caudete.org\/ayuntamiento\/wp-json\/wp\/v2\/media\/17528"}],"wp:attachment":[{"href":"https:\/\/www.caudete.org\/ayuntamiento\/wp-json\/wp\/v2\/media?parent=17525"}],"wp:term":[{"taxonomy":"category","embeddable":true,"href":"https:\/\/www.caudete.org\/ayuntamiento\/wp-json\/wp\/v2\/categories?post=17525"},{"taxonomy":"post_tag","embeddable":true,"href":"https:\/\/www.caudete.org\/ayuntamiento\/wp-json\/wp\/v2\/tags?post=17525"}],"curies":[{"name":"wp","href":"https:\/\/api.w.org\/{rel}","templated":true}]}}