{"id":17539,"date":"2021-12-17T16:25:15","date_gmt":"2021-12-17T15:25:15","guid":{"rendered":"https:\/\/www.caudete.org\/ayuntamiento\/?p=17539"},"modified":"2021-12-17T16:25:15","modified_gmt":"2021-12-17T15:25:15","slug":"el-pasado-domingo-12-de-diciembre-se-celebro-la-2a-jornada-del-campeonato-provincial-escolar-de-campo-a-traves","status":"publish","type":"post","link":"https:\/\/www.caudete.org\/ayuntamiento\/el-pasado-domingo-12-de-diciembre-se-celebro-la-2a-jornada-del-campeonato-provincial-escolar-de-campo-a-traves\/","title":{"rendered":"El pasado domingo 12 de diciembre se celebr\u00f3 la 2\u00aa jornada del campeonato provincial escolar de campo a trav\u00e9s."},"content":{"rendered":"<p>El pasado domingo 12 de diciembre se celebr\u00f3 la 2\u00aa jornada del campeonato provincial de campo a trav\u00e9s en Pozo Ca\u00f1ada.<\/p>\n<p>29 atletas de las escuelas deportivas municipales de Caudete se inscribieron en esta prueba, obteniendo grandes resultados en todas las categor\u00edas.<\/p>\n<p>Destacar los puestos de p\u00f3dium obtenidos por:<\/p>\n<p><strong>-Eva Navarro:<\/strong> 2\u00aa clasificada en categor\u00eda Sub14.<\/p>\n<p><strong>-Jorge Gil:<\/strong> 3\u00ba clasificado en categor\u00eda Sub12.<\/p>\n<p><strong>-Daniela L\u00f3pez<\/strong>: 2\u00aa clasificada en categor\u00eda Sub12.<\/p>\n<p><strong>-Mar\u00eda Franc\u00e9s<\/strong>: 3\u00aa clasificada en categor\u00eda Sub12.<\/p>\n<p><strong>-Mar\u00eda Gracia Mart\u00ednez:<\/strong> 3\u00aa clasificada en categor\u00eda Sub18.<\/p>\n<p>La siguiente jornada se celebrar\u00e1 el d\u00eda 30 de enero en Albatana, antes, el s\u00e1bado 22 de enero, se celebrar\u00e1 una jornada de pista en Albacete donde se volver\u00e1n a desplazar un numeroso grupo de ni\u00f1os y ni\u00f1as de las escuelas de atletismo.<\/p>\n<p>&nbsp;<\/p>\n<style type=\"text\/css\">\n#foogallery-gallery-17552.fg-justified .fg-item { margin-right: 2px; margin-bottom: 2px; }\n#foogallery-gallery-17552.fg-justified .fg-image { height: 200px; }<\/style>\n\t\t\t<div class=\"foogallery foogallery-container foogallery-justified foogallery-lightbox-none fg-justified fg-ready fg-light fg-shadow-outline fg-loading-default fg-loaded-fade-in fg-caption-always fg-hover-fade fg-hover-zoom2\" id=\"foogallery-gallery-17552\" data-foogallery=\"{&quot;item&quot;:{&quot;showCaptionTitle&quot;:true,&quot;showCaptionDescription&quot;:false},&quot;lazy&quot;:true,&quot;paging&quot;:{&quot;type&quot;:&quot;dots&quot;,&quot;size&quot;:20,&quot;position&quot;:&quot;bottom&quot;,&quot;scrollToTop&quot;:false,&quot;output&quot;:&quot;html&quot;,&quot;theme&quot;:&quot;fg-light&quot;},&quot;template&quot;:{&quot;rowHeight&quot;:200,&quot;maxRowHeight&quot;:250,&quot;margins&quot;:2,&quot;align&quot;:&quot;center&quot;,&quot;lastRow&quot;:&quot;smart&quot;}}\" style=\"--fg-title-line-clamp: 0; --fg-description-line-clamp: 0;\" >\n\t<div class=\"fg-item fg-type-image fg-idle\"><figure class=\"fg-item-inner\"><a href=\"https:\/\/www.caudete.org\/ayuntamiento\/wp-content\/uploads\/2021\/12\/83EB523F-5616-4861-9DB4-17069E618EEC.jpg\" data-attachment-id=\"17543\" data-e-disable-page-transition=\"true\" data-type=\"image\" class=\"fg-thumb\"><span class=\"fg-image-wrap\"><img fetchpriority=\"high\" decoding=\"async\" height=\"250\" width=\"419\" class=\"skip-lazy fg-image\" data-src-fg=\"https:\/\/www.caudete.org\/ayuntamiento\/wp-content\/uploads\/cache\/2021\/12\/83EB523F-5616-4861-9DB4-17069E618EEC\/4249464675.jpg\" src=\"data:image\/svg+xml,%3Csvg%20xmlns%3D%22http%3A%2F%2Fwww.w3.org%2F2000%2Fsvg%22%20width%3D%22419%22%20height%3D%22250%22%20viewBox%3D%220%200%20419%20250%22%3E%3C%2Fsvg%3E\" loading=\"eager\"><\/span><span class=\"fg-image-overlay\"><\/span><\/a><\/figure><div class=\"fg-loader\"><\/div><\/div><div class=\"fg-item fg-type-image fg-idle\"><figure class=\"fg-item-inner\"><a href=\"https:\/\/www.caudete.org\/ayuntamiento\/wp-content\/uploads\/2021\/12\/FBC954C7-5303-4222-82AA-407E38C26762.jpg\" data-attachment-id=\"17550\" data-e-disable-page-transition=\"true\" data-type=\"image\" class=\"fg-thumb\"><span class=\"fg-image-wrap\"><img decoding=\"async\" height=\"250\" width=\"514\" class=\"skip-lazy fg-image\" data-src-fg=\"https:\/\/www.caudete.org\/ayuntamiento\/wp-content\/uploads\/cache\/2021\/12\/FBC954C7-5303-4222-82AA-407E38C26762\/591273195.jpg\" src=\"data:image\/svg+xml,%3Csvg%20xmlns%3D%22http%3A%2F%2Fwww.w3.org%2F2000%2Fsvg%22%20width%3D%22514%22%20height%3D%22250%22%20viewBox%3D%220%200%20514%20250%22%3E%3C%2Fsvg%3E\" loading=\"eager\"><\/span><span class=\"fg-image-overlay\"><\/span><\/a><\/figure><div class=\"fg-loader\"><\/div><\/div><div class=\"fg-item fg-type-image fg-idle\"><figure class=\"fg-item-inner\"><a href=\"https:\/\/www.caudete.org\/ayuntamiento\/wp-content\/uploads\/2021\/12\/72E9EB7F-F469-44E7-954F-F4C95B479B58.jpg\" data-attachment-id=\"17542\" data-e-disable-page-transition=\"true\" data-type=\"image\" class=\"fg-thumb\"><span class=\"fg-image-wrap\"><img decoding=\"async\" height=\"250\" width=\"188\" class=\"skip-lazy fg-image\" data-src-fg=\"https:\/\/www.caudete.org\/ayuntamiento\/wp-content\/uploads\/cache\/2021\/12\/72E9EB7F-F469-44E7-954F-F4C95B479B58\/2709517026.jpg\" src=\"data:image\/svg+xml,%3Csvg%20xmlns%3D%22http%3A%2F%2Fwww.w3.org%2F2000%2Fsvg%22%20width%3D%22188%22%20height%3D%22250%22%20viewBox%3D%220%200%20188%20250%22%3E%3C%2Fsvg%3E\" loading=\"eager\"><\/span><span class=\"fg-image-overlay\"><\/span><\/a><\/figure><div class=\"fg-loader\"><\/div><\/div><div class=\"fg-item fg-type-image fg-idle\"><figure class=\"fg-item-inner\"><a href=\"https:\/\/www.caudete.org\/ayuntamiento\/wp-content\/uploads\/2021\/12\/F418A9B3-1258-460C-A667-909581645E4D.jpg\" data-attachment-id=\"17549\" data-e-disable-page-transition=\"true\" data-type=\"image\" class=\"fg-thumb\"><span class=\"fg-image-wrap\"><img decoding=\"async\" height=\"250\" width=\"514\" class=\"skip-lazy fg-image\" data-src-fg=\"https:\/\/www.caudete.org\/ayuntamiento\/wp-content\/uploads\/cache\/2021\/12\/F418A9B3-1258-460C-A667-909581645E4D\/373030563.jpg\" src=\"data:image\/svg+xml,%3Csvg%20xmlns%3D%22http%3A%2F%2Fwww.w3.org%2F2000%2Fsvg%22%20width%3D%22514%22%20height%3D%22250%22%20viewBox%3D%220%200%20514%20250%22%3E%3C%2Fsvg%3E\" loading=\"eager\"><\/span><span class=\"fg-image-overlay\"><\/span><\/a><\/figure><div class=\"fg-loader\"><\/div><\/div><div class=\"fg-item fg-type-image fg-idle\"><figure class=\"fg-item-inner\"><a href=\"https:\/\/www.caudete.org\/ayuntamiento\/wp-content\/uploads\/2021\/12\/79266594-D055-41AB-997F-13F966641A5D.jpg\" data-attachment-id=\"17547\" data-e-disable-page-transition=\"true\" data-type=\"image\" class=\"fg-thumb\"><span class=\"fg-image-wrap\"><img decoding=\"async\" height=\"250\" width=\"514\" class=\"skip-lazy fg-image\" data-src-fg=\"https:\/\/www.caudete.org\/ayuntamiento\/wp-content\/uploads\/cache\/2021\/12\/79266594-D055-41AB-997F-13F966641A5D\/3489616309.jpg\" src=\"data:image\/svg+xml,%3Csvg%20xmlns%3D%22http%3A%2F%2Fwww.w3.org%2F2000%2Fsvg%22%20width%3D%22514%22%20height%3D%22250%22%20viewBox%3D%220%200%20514%20250%22%3E%3C%2Fsvg%3E\" loading=\"eager\"><\/span><span class=\"fg-image-overlay\"><\/span><\/a><\/figure><div class=\"fg-loader\"><\/div><\/div><div class=\"fg-item fg-type-image fg-idle\"><figure class=\"fg-item-inner\"><a href=\"https:\/\/www.caudete.org\/ayuntamiento\/wp-content\/uploads\/2021\/12\/F6BBB6FF-8988-40A3-AD05-0D9E2E4DFB46.jpg\" data-attachment-id=\"17548\" data-e-disable-page-transition=\"true\" data-type=\"image\" class=\"fg-thumb\"><span class=\"fg-image-wrap\"><img decoding=\"async\" height=\"250\" width=\"268\" class=\"skip-lazy fg-image\" data-src-fg=\"https:\/\/www.caudete.org\/ayuntamiento\/wp-content\/uploads\/cache\/2021\/12\/F6BBB6FF-8988-40A3-AD05-0D9E2E4DFB46\/3066009227.jpg\" src=\"data:image\/svg+xml,%3Csvg%20xmlns%3D%22http%3A%2F%2Fwww.w3.org%2F2000%2Fsvg%22%20width%3D%22268%22%20height%3D%22250%22%20viewBox%3D%220%200%20268%20250%22%3E%3C%2Fsvg%3E\" loading=\"eager\"><\/span><span class=\"fg-image-overlay\"><\/span><\/a><\/figure><div class=\"fg-loader\"><\/div><\/div><div class=\"fg-item fg-type-image fg-idle\"><figure class=\"fg-item-inner\"><a href=\"https:\/\/www.caudete.org\/ayuntamiento\/wp-content\/uploads\/2021\/12\/8832B668-B394-4EC1-8F4D-A9377F48EF9A.jpg\" data-attachment-id=\"17546\" data-e-disable-page-transition=\"true\" data-type=\"image\" class=\"fg-thumb\"><span class=\"fg-image-wrap\"><img decoding=\"async\" height=\"250\" width=\"282\" class=\"skip-lazy fg-image\" data-src-fg=\"https:\/\/www.caudete.org\/ayuntamiento\/wp-content\/uploads\/cache\/2021\/12\/8832B668-B394-4EC1-8F4D-A9377F48EF9A\/780000447.jpg\" src=\"data:image\/svg+xml,%3Csvg%20xmlns%3D%22http%3A%2F%2Fwww.w3.org%2F2000%2Fsvg%22%20width%3D%22282%22%20height%3D%22250%22%20viewBox%3D%220%200%20282%20250%22%3E%3C%2Fsvg%3E\" loading=\"eager\"><\/span><span class=\"fg-image-overlay\"><\/span><\/a><\/figure><div class=\"fg-loader\"><\/div><\/div><div class=\"fg-item fg-type-image fg-idle\"><figure class=\"fg-item-inner\"><a href=\"https:\/\/www.caudete.org\/ayuntamiento\/wp-content\/uploads\/2021\/12\/821C37D4-34EC-4CFB-9BF7-141D58A82420.jpg\" data-attachment-id=\"17545\" data-e-disable-page-transition=\"true\" data-type=\"image\" class=\"fg-thumb\"><span class=\"fg-image-wrap\"><img decoding=\"async\" height=\"250\" width=\"188\" class=\"skip-lazy fg-image\" data-src-fg=\"https:\/\/www.caudete.org\/ayuntamiento\/wp-content\/uploads\/cache\/2021\/12\/821C37D4-34EC-4CFB-9BF7-141D58A82420\/1692053605.jpg\" src=\"data:image\/svg+xml,%3Csvg%20xmlns%3D%22http%3A%2F%2Fwww.w3.org%2F2000%2Fsvg%22%20width%3D%22188%22%20height%3D%22250%22%20viewBox%3D%220%200%20188%20250%22%3E%3C%2Fsvg%3E\" loading=\"eager\"><\/span><span class=\"fg-image-overlay\"><\/span><\/a><\/figure><div class=\"fg-loader\"><\/div><\/div><div class=\"fg-item fg-type-image fg-idle\"><figure class=\"fg-item-inner\"><a href=\"https:\/\/www.caudete.org\/ayuntamiento\/wp-content\/uploads\/2021\/12\/461EE720-E9BB-4AAF-A20A-01D9E1ABF442.jpg\" data-attachment-id=\"17544\" data-e-disable-page-transition=\"true\" data-type=\"image\" class=\"fg-thumb\"><span class=\"fg-image-wrap\"><img decoding=\"async\" height=\"250\" width=\"514\" class=\"skip-lazy fg-image\" data-src-fg=\"https:\/\/www.caudete.org\/ayuntamiento\/wp-content\/uploads\/cache\/2021\/12\/461EE720-E9BB-4AAF-A20A-01D9E1ABF442\/2165958211.jpg\" src=\"data:image\/svg+xml,%3Csvg%20xmlns%3D%22http%3A%2F%2Fwww.w3.org%2F2000%2Fsvg%22%20width%3D%22514%22%20height%3D%22250%22%20viewBox%3D%220%200%20514%20250%22%3E%3C%2Fsvg%3E\" loading=\"eager\"><\/span><span class=\"fg-image-overlay\"><\/span><\/a><\/figure><div class=\"fg-loader\"><\/div><\/div><\/div>\n\n","protected":false},"excerpt":{"rendered":"<p>El pasado domingo 12 de diciembre se celebr\u00f3 la 2\u00aa jornada del campeonato provincial de campo a trav\u00e9s en Pozo Ca\u00f1ada. 29 atletas de las escuelas deportivas municipales de Caudete se inscribieron en esta prueba, obteniendo grandes resultados en todas las categor\u00edas. Destacar los puestos de p\u00f3dium obtenidos por: -Eva Navarro: 2\u00aa clasificada en categor\u00eda &hellip;<\/p>\n","protected":false},"author":2,"featured_media":17541,"comment_status":"closed","ping_status":"open","sticky":false,"template":"","format":"standard","meta":{"ngg_post_thumbnail":0,"footnotes":""},"categories":[23],"tags":[743,732],"class_list":["post-17539","post","type-post","status-publish","format-standard","has-post-thumbnail","hentry","category-deportes","tag-campeonato-provincial-escolar-campo-a-traves","tag-campo-a-traves"],"yoast_head":"<!-- This site is optimized with the Yoast SEO plugin v27.5 - https:\/\/yoast.com\/product\/yoast-seo-wordpress\/ -->\n<title>El pasado domingo 12 de diciembre se celebr\u00f3 la 2\u00aa jornada del campeonato provincial escolar de campo a trav\u00e9s. - MI Ayuntamiento de Caudete<\/title>\n<meta name=\"description\" content=\"P\u00e1gina Oficial del Ayuntamiento de Caudete (Albacete)\" \/>\n<meta name=\"robots\" content=\"index, follow, max-snippet:-1, max-image-preview:large, max-video-preview:-1\" \/>\n<link rel=\"canonical\" href=\"https:\/\/www.caudete.org\/ayuntamiento\/el-pasado-domingo-12-de-diciembre-se-celebro-la-2a-jornada-del-campeonato-provincial-escolar-de-campo-a-traves\/\" \/>\n<meta property=\"og:locale\" content=\"es_ES\" \/>\n<meta property=\"og:type\" content=\"article\" \/>\n<meta property=\"og:title\" content=\"El pasado domingo 12 de diciembre se celebr\u00f3 la 2\u00aa jornada del campeonato provincial escolar de campo a trav\u00e9s. - MI Ayuntamiento de Caudete\" \/>\n<meta property=\"og:description\" content=\"P\u00e1gina Oficial del Ayuntamiento de Caudete (Albacete)\" \/>\n<meta property=\"og:url\" content=\"https:\/\/www.caudete.org\/ayuntamiento\/el-pasado-domingo-12-de-diciembre-se-celebro-la-2a-jornada-del-campeonato-provincial-escolar-de-campo-a-traves\/\" \/>\n<meta property=\"og:site_name\" content=\"MI Ayuntamiento de Caudete\" \/>\n<meta property=\"article:publisher\" content=\"https:\/\/www.facebook.com\/ayuntamientocaudete\/\" \/>\n<meta property=\"article:published_time\" content=\"2021-12-17T15:25:15+00:00\" \/>\n<meta property=\"og:image\" content=\"https:\/\/www.caudete.org\/ayuntamiento\/wp-content\/uploads\/2021\/12\/Club-Atletismo-WEB.jpg\" \/>\n\t<meta property=\"og:image:width\" content=\"864\" \/>\n\t<meta property=\"og:image:height\" content=\"380\" \/>\n\t<meta property=\"og:image:type\" content=\"image\/jpeg\" \/>\n<meta name=\"author\" content=\"Juan\" \/>\n<meta name=\"twitter:card\" content=\"summary_large_image\" \/>\n<meta name=\"twitter:label1\" content=\"Escrito por\" \/>\n\t<meta name=\"twitter:data1\" content=\"Juan\" \/>\n\t<meta name=\"twitter:label2\" content=\"Tiempo de lectura\" \/>\n\t<meta name=\"twitter:data2\" content=\"1 minuto\" \/>\n<script type=\"application\/ld+json\" class=\"yoast-schema-graph\">{\"@context\":\"https:\\\/\\\/schema.org\",\"@graph\":[{\"@type\":\"Article\",\"@id\":\"https:\\\/\\\/www.caudete.org\\\/ayuntamiento\\\/el-pasado-domingo-12-de-diciembre-se-celebro-la-2a-jornada-del-campeonato-provincial-escolar-de-campo-a-traves\\\/#article\",\"isPartOf\":{\"@id\":\"https:\\\/\\\/www.caudete.org\\\/ayuntamiento\\\/el-pasado-domingo-12-de-diciembre-se-celebro-la-2a-jornada-del-campeonato-provincial-escolar-de-campo-a-traves\\\/\"},\"author\":{\"name\":\"Juan\",\"@id\":\"https:\\\/\\\/www.caudete.org\\\/ayuntamiento\\\/#\\\/schema\\\/person\\\/7656a5bb58fca95b9814e940de0fda63\"},\"headline\":\"El pasado domingo 12 de diciembre se celebr\u00f3 la 2\u00aa jornada del campeonato provincial escolar de campo a trav\u00e9s.\",\"datePublished\":\"2021-12-17T15:25:15+00:00\",\"mainEntityOfPage\":{\"@id\":\"https:\\\/\\\/www.caudete.org\\\/ayuntamiento\\\/el-pasado-domingo-12-de-diciembre-se-celebro-la-2a-jornada-del-campeonato-provincial-escolar-de-campo-a-traves\\\/\"},\"wordCount\":158,\"image\":{\"@id\":\"https:\\\/\\\/www.caudete.org\\\/ayuntamiento\\\/el-pasado-domingo-12-de-diciembre-se-celebro-la-2a-jornada-del-campeonato-provincial-escolar-de-campo-a-traves\\\/#primaryimage\"},\"thumbnailUrl\":\"https:\\\/\\\/www.caudete.org\\\/ayuntamiento\\\/wp-content\\\/uploads\\\/2021\\\/12\\\/Club-Atletismo-WEB.jpg\",\"keywords\":[\"Campeonato provincial escolar campo a trav\u00e9s\",\"Campo a trav\u00e9s\"],\"articleSection\":[\"Deportes\"],\"inLanguage\":\"es\"},{\"@type\":\"WebPage\",\"@id\":\"https:\\\/\\\/www.caudete.org\\\/ayuntamiento\\\/el-pasado-domingo-12-de-diciembre-se-celebro-la-2a-jornada-del-campeonato-provincial-escolar-de-campo-a-traves\\\/\",\"url\":\"https:\\\/\\\/www.caudete.org\\\/ayuntamiento\\\/el-pasado-domingo-12-de-diciembre-se-celebro-la-2a-jornada-del-campeonato-provincial-escolar-de-campo-a-traves\\\/\",\"name\":\"El pasado domingo 12 de diciembre se celebr\u00f3 la 2\u00aa jornada del campeonato provincial escolar de campo a trav\u00e9s. - MI Ayuntamiento de Caudete\",\"isPartOf\":{\"@id\":\"https:\\\/\\\/www.caudete.org\\\/ayuntamiento\\\/#website\"},\"primaryImageOfPage\":{\"@id\":\"https:\\\/\\\/www.caudete.org\\\/ayuntamiento\\\/el-pasado-domingo-12-de-diciembre-se-celebro-la-2a-jornada-del-campeonato-provincial-escolar-de-campo-a-traves\\\/#primaryimage\"},\"image\":{\"@id\":\"https:\\\/\\\/www.caudete.org\\\/ayuntamiento\\\/el-pasado-domingo-12-de-diciembre-se-celebro-la-2a-jornada-del-campeonato-provincial-escolar-de-campo-a-traves\\\/#primaryimage\"},\"thumbnailUrl\":\"https:\\\/\\\/www.caudete.org\\\/ayuntamiento\\\/wp-content\\\/uploads\\\/2021\\\/12\\\/Club-Atletismo-WEB.jpg\",\"datePublished\":\"2021-12-17T15:25:15+00:00\",\"author\":{\"@id\":\"https:\\\/\\\/www.caudete.org\\\/ayuntamiento\\\/#\\\/schema\\\/person\\\/7656a5bb58fca95b9814e940de0fda63\"},\"description\":\"P\u00e1gina Oficial del Ayuntamiento de Caudete (Albacete)\",\"breadcrumb\":{\"@id\":\"https:\\\/\\\/www.caudete.org\\\/ayuntamiento\\\/el-pasado-domingo-12-de-diciembre-se-celebro-la-2a-jornada-del-campeonato-provincial-escolar-de-campo-a-traves\\\/#breadcrumb\"},\"inLanguage\":\"es\",\"potentialAction\":[{\"@type\":\"ReadAction\",\"target\":[\"https:\\\/\\\/www.caudete.org\\\/ayuntamiento\\\/el-pasado-domingo-12-de-diciembre-se-celebro-la-2a-jornada-del-campeonato-provincial-escolar-de-campo-a-traves\\\/\"]}]},{\"@type\":\"ImageObject\",\"inLanguage\":\"es\",\"@id\":\"https:\\\/\\\/www.caudete.org\\\/ayuntamiento\\\/el-pasado-domingo-12-de-diciembre-se-celebro-la-2a-jornada-del-campeonato-provincial-escolar-de-campo-a-traves\\\/#primaryimage\",\"url\":\"https:\\\/\\\/www.caudete.org\\\/ayuntamiento\\\/wp-content\\\/uploads\\\/2021\\\/12\\\/Club-Atletismo-WEB.jpg\",\"contentUrl\":\"https:\\\/\\\/www.caudete.org\\\/ayuntamiento\\\/wp-content\\\/uploads\\\/2021\\\/12\\\/Club-Atletismo-WEB.jpg\",\"width\":864,\"height\":380},{\"@type\":\"BreadcrumbList\",\"@id\":\"https:\\\/\\\/www.caudete.org\\\/ayuntamiento\\\/el-pasado-domingo-12-de-diciembre-se-celebro-la-2a-jornada-del-campeonato-provincial-escolar-de-campo-a-traves\\\/#breadcrumb\",\"itemListElement\":[{\"@type\":\"ListItem\",\"position\":1,\"name\":\"Inicio\",\"item\":\"https:\\\/\\\/www.caudete.org\\\/ayuntamiento\\\/\"},{\"@type\":\"ListItem\",\"position\":2,\"name\":\"El pasado domingo 12 de diciembre se celebr\u00f3 la 2\u00aa jornada del campeonato provincial escolar de campo a trav\u00e9s.\"}]},{\"@type\":\"WebSite\",\"@id\":\"https:\\\/\\\/www.caudete.org\\\/ayuntamiento\\\/#website\",\"url\":\"https:\\\/\\\/www.caudete.org\\\/ayuntamiento\\\/\",\"name\":\"MI Ayuntamiento de Caudete\",\"description\":\"P\u00e1gina Oficial del MI Ayuntamiento de Caudete\",\"potentialAction\":[{\"@type\":\"SearchAction\",\"target\":{\"@type\":\"EntryPoint\",\"urlTemplate\":\"https:\\\/\\\/www.caudete.org\\\/ayuntamiento\\\/?s={search_term_string}\"},\"query-input\":{\"@type\":\"PropertyValueSpecification\",\"valueRequired\":true,\"valueName\":\"search_term_string\"}}],\"inLanguage\":\"es\"},{\"@type\":\"Person\",\"@id\":\"https:\\\/\\\/www.caudete.org\\\/ayuntamiento\\\/#\\\/schema\\\/person\\\/7656a5bb58fca95b9814e940de0fda63\",\"name\":\"Juan\",\"image\":{\"@type\":\"ImageObject\",\"inLanguage\":\"es\",\"@id\":\"https:\\\/\\\/secure.gravatar.com\\\/avatar\\\/dd53e51c0cd6ab23f52d4f3e4f1c59730240727763de3dbbf26750b079a2c292?s=96&d=mm&r=g\",\"url\":\"https:\\\/\\\/secure.gravatar.com\\\/avatar\\\/dd53e51c0cd6ab23f52d4f3e4f1c59730240727763de3dbbf26750b079a2c292?s=96&d=mm&r=g\",\"contentUrl\":\"https:\\\/\\\/secure.gravatar.com\\\/avatar\\\/dd53e51c0cd6ab23f52d4f3e4f1c59730240727763de3dbbf26750b079a2c292?s=96&d=mm&r=g\",\"caption\":\"Juan\"},\"url\":\"https:\\\/\\\/www.caudete.org\\\/ayuntamiento\\\/author\\\/centrodeinternet\\\/\"}]}<\/script>\n<!-- \/ Yoast SEO plugin. -->","yoast_head_json":{"title":"El pasado domingo 12 de diciembre se celebr\u00f3 la 2\u00aa jornada del campeonato provincial escolar de campo a trav\u00e9s. - MI Ayuntamiento de Caudete","description":"P\u00e1gina Oficial del Ayuntamiento de Caudete (Albacete)","robots":{"index":"index","follow":"follow","max-snippet":"max-snippet:-1","max-image-preview":"max-image-preview:large","max-video-preview":"max-video-preview:-1"},"canonical":"https:\/\/www.caudete.org\/ayuntamiento\/el-pasado-domingo-12-de-diciembre-se-celebro-la-2a-jornada-del-campeonato-provincial-escolar-de-campo-a-traves\/","og_locale":"es_ES","og_type":"article","og_title":"El pasado domingo 12 de diciembre se celebr\u00f3 la 2\u00aa jornada del campeonato provincial escolar de campo a trav\u00e9s. - MI Ayuntamiento de Caudete","og_description":"P\u00e1gina Oficial del Ayuntamiento de Caudete (Albacete)","og_url":"https:\/\/www.caudete.org\/ayuntamiento\/el-pasado-domingo-12-de-diciembre-se-celebro-la-2a-jornada-del-campeonato-provincial-escolar-de-campo-a-traves\/","og_site_name":"MI Ayuntamiento de Caudete","article_publisher":"https:\/\/www.facebook.com\/ayuntamientocaudete\/","article_published_time":"2021-12-17T15:25:15+00:00","og_image":[{"width":864,"height":380,"url":"https:\/\/www.caudete.org\/ayuntamiento\/wp-content\/uploads\/2021\/12\/Club-Atletismo-WEB.jpg","type":"image\/jpeg"}],"author":"Juan","twitter_card":"summary_large_image","twitter_misc":{"Escrito por":"Juan","Tiempo de lectura":"1 minuto"},"schema":{"@context":"https:\/\/schema.org","@graph":[{"@type":"Article","@id":"https:\/\/www.caudete.org\/ayuntamiento\/el-pasado-domingo-12-de-diciembre-se-celebro-la-2a-jornada-del-campeonato-provincial-escolar-de-campo-a-traves\/#article","isPartOf":{"@id":"https:\/\/www.caudete.org\/ayuntamiento\/el-pasado-domingo-12-de-diciembre-se-celebro-la-2a-jornada-del-campeonato-provincial-escolar-de-campo-a-traves\/"},"author":{"name":"Juan","@id":"https:\/\/www.caudete.org\/ayuntamiento\/#\/schema\/person\/7656a5bb58fca95b9814e940de0fda63"},"headline":"El pasado domingo 12 de diciembre se celebr\u00f3 la 2\u00aa jornada del campeonato provincial escolar de campo a trav\u00e9s.","datePublished":"2021-12-17T15:25:15+00:00","mainEntityOfPage":{"@id":"https:\/\/www.caudete.org\/ayuntamiento\/el-pasado-domingo-12-de-diciembre-se-celebro-la-2a-jornada-del-campeonato-provincial-escolar-de-campo-a-traves\/"},"wordCount":158,"image":{"@id":"https:\/\/www.caudete.org\/ayuntamiento\/el-pasado-domingo-12-de-diciembre-se-celebro-la-2a-jornada-del-campeonato-provincial-escolar-de-campo-a-traves\/#primaryimage"},"thumbnailUrl":"https:\/\/www.caudete.org\/ayuntamiento\/wp-content\/uploads\/2021\/12\/Club-Atletismo-WEB.jpg","keywords":["Campeonato provincial escolar campo a trav\u00e9s","Campo a trav\u00e9s"],"articleSection":["Deportes"],"inLanguage":"es"},{"@type":"WebPage","@id":"https:\/\/www.caudete.org\/ayuntamiento\/el-pasado-domingo-12-de-diciembre-se-celebro-la-2a-jornada-del-campeonato-provincial-escolar-de-campo-a-traves\/","url":"https:\/\/www.caudete.org\/ayuntamiento\/el-pasado-domingo-12-de-diciembre-se-celebro-la-2a-jornada-del-campeonato-provincial-escolar-de-campo-a-traves\/","name":"El pasado domingo 12 de diciembre se celebr\u00f3 la 2\u00aa jornada del campeonato provincial escolar de campo a trav\u00e9s. - MI Ayuntamiento de Caudete","isPartOf":{"@id":"https:\/\/www.caudete.org\/ayuntamiento\/#website"},"primaryImageOfPage":{"@id":"https:\/\/www.caudete.org\/ayuntamiento\/el-pasado-domingo-12-de-diciembre-se-celebro-la-2a-jornada-del-campeonato-provincial-escolar-de-campo-a-traves\/#primaryimage"},"image":{"@id":"https:\/\/www.caudete.org\/ayuntamiento\/el-pasado-domingo-12-de-diciembre-se-celebro-la-2a-jornada-del-campeonato-provincial-escolar-de-campo-a-traves\/#primaryimage"},"thumbnailUrl":"https:\/\/www.caudete.org\/ayuntamiento\/wp-content\/uploads\/2021\/12\/Club-Atletismo-WEB.jpg","datePublished":"2021-12-17T15:25:15+00:00","author":{"@id":"https:\/\/www.caudete.org\/ayuntamiento\/#\/schema\/person\/7656a5bb58fca95b9814e940de0fda63"},"description":"P\u00e1gina Oficial del Ayuntamiento de Caudete (Albacete)","breadcrumb":{"@id":"https:\/\/www.caudete.org\/ayuntamiento\/el-pasado-domingo-12-de-diciembre-se-celebro-la-2a-jornada-del-campeonato-provincial-escolar-de-campo-a-traves\/#breadcrumb"},"inLanguage":"es","potentialAction":[{"@type":"ReadAction","target":["https:\/\/www.caudete.org\/ayuntamiento\/el-pasado-domingo-12-de-diciembre-se-celebro-la-2a-jornada-del-campeonato-provincial-escolar-de-campo-a-traves\/"]}]},{"@type":"ImageObject","inLanguage":"es","@id":"https:\/\/www.caudete.org\/ayuntamiento\/el-pasado-domingo-12-de-diciembre-se-celebro-la-2a-jornada-del-campeonato-provincial-escolar-de-campo-a-traves\/#primaryimage","url":"https:\/\/www.caudete.org\/ayuntamiento\/wp-content\/uploads\/2021\/12\/Club-Atletismo-WEB.jpg","contentUrl":"https:\/\/www.caudete.org\/ayuntamiento\/wp-content\/uploads\/2021\/12\/Club-Atletismo-WEB.jpg","width":864,"height":380},{"@type":"BreadcrumbList","@id":"https:\/\/www.caudete.org\/ayuntamiento\/el-pasado-domingo-12-de-diciembre-se-celebro-la-2a-jornada-del-campeonato-provincial-escolar-de-campo-a-traves\/#breadcrumb","itemListElement":[{"@type":"ListItem","position":1,"name":"Inicio","item":"https:\/\/www.caudete.org\/ayuntamiento\/"},{"@type":"ListItem","position":2,"name":"El pasado domingo 12 de diciembre se celebr\u00f3 la 2\u00aa jornada del campeonato provincial escolar de campo a trav\u00e9s."}]},{"@type":"WebSite","@id":"https:\/\/www.caudete.org\/ayuntamiento\/#website","url":"https:\/\/www.caudete.org\/ayuntamiento\/","name":"MI Ayuntamiento de Caudete","description":"P\u00e1gina Oficial del MI Ayuntamiento de Caudete","potentialAction":[{"@type":"SearchAction","target":{"@type":"EntryPoint","urlTemplate":"https:\/\/www.caudete.org\/ayuntamiento\/?s={search_term_string}"},"query-input":{"@type":"PropertyValueSpecification","valueRequired":true,"valueName":"search_term_string"}}],"inLanguage":"es"},{"@type":"Person","@id":"https:\/\/www.caudete.org\/ayuntamiento\/#\/schema\/person\/7656a5bb58fca95b9814e940de0fda63","name":"Juan","image":{"@type":"ImageObject","inLanguage":"es","@id":"https:\/\/secure.gravatar.com\/avatar\/dd53e51c0cd6ab23f52d4f3e4f1c59730240727763de3dbbf26750b079a2c292?s=96&d=mm&r=g","url":"https:\/\/secure.gravatar.com\/avatar\/dd53e51c0cd6ab23f52d4f3e4f1c59730240727763de3dbbf26750b079a2c292?s=96&d=mm&r=g","contentUrl":"https:\/\/secure.gravatar.com\/avatar\/dd53e51c0cd6ab23f52d4f3e4f1c59730240727763de3dbbf26750b079a2c292?s=96&d=mm&r=g","caption":"Juan"},"url":"https:\/\/www.caudete.org\/ayuntamiento\/author\/centrodeinternet\/"}]}},"_links":{"self":[{"href":"https:\/\/www.caudete.org\/ayuntamiento\/wp-json\/wp\/v2\/posts\/17539","targetHints":{"allow":["GET"]}}],"collection":[{"href":"https:\/\/www.caudete.org\/ayuntamiento\/wp-json\/wp\/v2\/posts"}],"about":[{"href":"https:\/\/www.caudete.org\/ayuntamiento\/wp-json\/wp\/v2\/types\/post"}],"author":[{"embeddable":true,"href":"https:\/\/www.caudete.org\/ayuntamiento\/wp-json\/wp\/v2\/users\/2"}],"replies":[{"embeddable":true,"href":"https:\/\/www.caudete.org\/ayuntamiento\/wp-json\/wp\/v2\/comments?post=17539"}],"version-history":[{"count":2,"href":"https:\/\/www.caudete.org\/ayuntamiento\/wp-json\/wp\/v2\/posts\/17539\/revisions"}],"predecessor-version":[{"id":17553,"href":"https:\/\/www.caudete.org\/ayuntamiento\/wp-json\/wp\/v2\/posts\/17539\/revisions\/17553"}],"wp:featuredmedia":[{"embeddable":true,"href":"https:\/\/www.caudete.org\/ayuntamiento\/wp-json\/wp\/v2\/media\/17541"}],"wp:attachment":[{"href":"https:\/\/www.caudete.org\/ayuntamiento\/wp-json\/wp\/v2\/media?parent=17539"}],"wp:term":[{"taxonomy":"category","embeddable":true,"href":"https:\/\/www.caudete.org\/ayuntamiento\/wp-json\/wp\/v2\/categories?post=17539"},{"taxonomy":"post_tag","embeddable":true,"href":"https:\/\/www.caudete.org\/ayuntamiento\/wp-json\/wp\/v2\/tags?post=17539"}],"curies":[{"name":"wp","href":"https:\/\/api.w.org\/{rel}","templated":true}]}}