{"id":17554,"date":"2021-12-17T16:43:19","date_gmt":"2021-12-17T15:43:19","guid":{"rendered":"https:\/\/www.caudete.org\/ayuntamiento\/?p=17554"},"modified":"2021-12-17T16:49:29","modified_gmt":"2021-12-17T15:49:29","slug":"ayuntamiento-y-diputacion-invierten-en-la-recuperacion-del-molino-de-san-anton","status":"publish","type":"post","link":"https:\/\/www.caudete.org\/ayuntamiento\/ayuntamiento-y-diputacion-invierten-en-la-recuperacion-del-molino-de-san-anton\/","title":{"rendered":"Ayuntamiento y Diputaci\u00f3n invierten en la recuperaci\u00f3n del Molino de San Ant\u00f3n"},"content":{"rendered":"<p style=\"text-align: justify;\">Esta ma\u00f1ana el Alcalde Mois\u00e9s L\u00f3pez y el Concejal de Patrimonio Diego Cuenca visitaban el Molino de San Ant\u00f3n para comprobar las obras recientemente realizadas en dicho edificio.<\/p>\n<p style=\"text-align: justify;\">Siguiendo el programa de actuaciones previsto, se ha actuado en el interior del inmueble eliminando un forjado moderno en primera planta, justo en la entrada, permitiendo recuperar el volumen original del Molino. Adem\u00e1s, se ha suprimido parte del forjado de la ultima planta, el cual se encontraba apuntalado por estar pr\u00f3ximo al colapso, de forma que eliminado el riesgo se opt\u00f3 por no reconstruir la zona da\u00f1ada para permitir una lectura global del inmueble en todos sus niveles visible desde la planta baja. Peque\u00f1as actuaciones de repellado y enfoscado han sido las que han completado esta \u00faltima actuaci\u00f3n.<\/p>\n<p style=\"text-align: justify;\">Las obras han supuesto un coste de 6.532&#8217;00\u20ac de valor estimado del contrato, y que ha sido cofinanciado en un 55% por el Excma. Diputaci\u00f3n Provincial de Albacete, y en un 45% por el Consistorio caudetano.<\/p>\n<p style=\"text-align: justify;\">El Alcalde destacaba la buena disposici\u00f3n de la entidad provincial con Caudete, as\u00ed como el que las obras hayan sido realizadas por una empresa local.<\/p>\n<p style=\"text-align: justify;\">Por lo parte, el Concejal Cuenca destacaba el compromiso de la Concejal\u00eda y del Gobierno Municipal con el Patrimonio, y en concreto con el Molino, pues desde 2019 se han realizado numerosas actuaciones en el, adem\u00e1s de en otros edificios hist\u00f3ricos del municipio.<\/p>\n<p style=\"text-align: justify;\">Adelantaba que en el pr\u00f3ximo a\u00f1o continuar\u00e1n las acciones sobre Patrimonio, y sobre el Molino, fijando como objetivo el que los caudetanos puedan disfrutar de el y visitarlo como un recinto muse\u00edstico y did\u00e1ctico.<\/p>\n","protected":false},"excerpt":{"rendered":"<p>Esta ma\u00f1ana el Alcalde Mois\u00e9s L\u00f3pez y el Concejal de Patrimonio Diego Cuenca visitaban el Molino de San Ant\u00f3n para comprobar las obras recientemente realizadas en dicho edificio. Siguiendo el programa de actuaciones previsto, se ha actuado en el interior del inmueble eliminando un forjado moderno en primera planta, justo en la entrada, permitiendo recuperar &hellip;<\/p>\n","protected":false},"author":3,"featured_media":17561,"comment_status":"closed","ping_status":"open","sticky":false,"template":"","format":"standard","meta":{"ngg_post_thumbnail":0,"footnotes":""},"categories":[45],"tags":[],"class_list":["post-17554","post","type-post","status-publish","format-standard","has-post-thumbnail","hentry","category-patrimonio"],"yoast_head":"<!-- This site is optimized with the Yoast SEO plugin v27.5 - https:\/\/yoast.com\/product\/yoast-seo-wordpress\/ -->\n<title>Ayuntamiento y Diputaci\u00f3n invierten en la recuperaci\u00f3n del Molino de San Ant\u00f3n - MI Ayuntamiento de Caudete<\/title>\n<meta name=\"description\" content=\"P\u00e1gina Oficial del Ayuntamiento de Caudete (Albacete)\" \/>\n<meta name=\"robots\" content=\"index, follow, max-snippet:-1, max-image-preview:large, max-video-preview:-1\" \/>\n<link rel=\"canonical\" href=\"https:\/\/www.caudete.org\/ayuntamiento\/ayuntamiento-y-diputacion-invierten-en-la-recuperacion-del-molino-de-san-anton\/\" \/>\n<meta property=\"og:locale\" content=\"es_ES\" \/>\n<meta property=\"og:type\" content=\"article\" \/>\n<meta property=\"og:title\" content=\"Ayuntamiento y Diputaci\u00f3n invierten en la recuperaci\u00f3n del Molino de San Ant\u00f3n - MI Ayuntamiento de Caudete\" \/>\n<meta property=\"og:description\" content=\"P\u00e1gina Oficial del Ayuntamiento de Caudete (Albacete)\" \/>\n<meta property=\"og:url\" content=\"https:\/\/www.caudete.org\/ayuntamiento\/ayuntamiento-y-diputacion-invierten-en-la-recuperacion-del-molino-de-san-anton\/\" \/>\n<meta property=\"og:site_name\" content=\"MI Ayuntamiento de Caudete\" \/>\n<meta property=\"article:publisher\" content=\"https:\/\/www.facebook.com\/ayuntamientocaudete\/\" \/>\n<meta property=\"article:published_time\" content=\"2021-12-17T15:43:19+00:00\" \/>\n<meta property=\"article:modified_time\" content=\"2021-12-17T15:49:29+00:00\" \/>\n<meta property=\"og:image\" content=\"https:\/\/www.caudete.org\/ayuntamiento\/wp-content\/uploads\/2021\/12\/IMG-20211217-WA0007.jpg\" \/>\n\t<meta property=\"og:image:width\" content=\"1600\" \/>\n\t<meta property=\"og:image:height\" content=\"720\" \/>\n\t<meta property=\"og:image:type\" content=\"image\/jpeg\" \/>\n<meta name=\"author\" content=\"alcalde\" \/>\n<meta name=\"twitter:card\" content=\"summary_large_image\" \/>\n<meta name=\"twitter:label1\" content=\"Escrito por\" \/>\n\t<meta name=\"twitter:data1\" content=\"alcalde\" \/>\n\t<meta name=\"twitter:label2\" content=\"Tiempo de lectura\" \/>\n\t<meta name=\"twitter:data2\" content=\"2 minutos\" \/>\n<script type=\"application\/ld+json\" class=\"yoast-schema-graph\">{\"@context\":\"https:\\\/\\\/schema.org\",\"@graph\":[{\"@type\":\"Article\",\"@id\":\"https:\\\/\\\/www.caudete.org\\\/ayuntamiento\\\/ayuntamiento-y-diputacion-invierten-en-la-recuperacion-del-molino-de-san-anton\\\/#article\",\"isPartOf\":{\"@id\":\"https:\\\/\\\/www.caudete.org\\\/ayuntamiento\\\/ayuntamiento-y-diputacion-invierten-en-la-recuperacion-del-molino-de-san-anton\\\/\"},\"author\":{\"name\":\"alcalde\",\"@id\":\"https:\\\/\\\/www.caudete.org\\\/ayuntamiento\\\/#\\\/schema\\\/person\\\/cc646da9133078ee4d8dd47457947253\"},\"headline\":\"Ayuntamiento y Diputaci\u00f3n invierten en la recuperaci\u00f3n del Molino de San Ant\u00f3n\",\"datePublished\":\"2021-12-17T15:43:19+00:00\",\"dateModified\":\"2021-12-17T15:49:29+00:00\",\"mainEntityOfPage\":{\"@id\":\"https:\\\/\\\/www.caudete.org\\\/ayuntamiento\\\/ayuntamiento-y-diputacion-invierten-en-la-recuperacion-del-molino-de-san-anton\\\/\"},\"wordCount\":294,\"image\":{\"@id\":\"https:\\\/\\\/www.caudete.org\\\/ayuntamiento\\\/ayuntamiento-y-diputacion-invierten-en-la-recuperacion-del-molino-de-san-anton\\\/#primaryimage\"},\"thumbnailUrl\":\"https:\\\/\\\/www.caudete.org\\\/ayuntamiento\\\/wp-content\\\/uploads\\\/2021\\\/12\\\/IMG-20211217-WA0007.jpg\",\"articleSection\":[\"Patrimonio\"],\"inLanguage\":\"es\"},{\"@type\":\"WebPage\",\"@id\":\"https:\\\/\\\/www.caudete.org\\\/ayuntamiento\\\/ayuntamiento-y-diputacion-invierten-en-la-recuperacion-del-molino-de-san-anton\\\/\",\"url\":\"https:\\\/\\\/www.caudete.org\\\/ayuntamiento\\\/ayuntamiento-y-diputacion-invierten-en-la-recuperacion-del-molino-de-san-anton\\\/\",\"name\":\"Ayuntamiento y Diputaci\u00f3n invierten en la recuperaci\u00f3n del Molino de San Ant\u00f3n - MI Ayuntamiento de Caudete\",\"isPartOf\":{\"@id\":\"https:\\\/\\\/www.caudete.org\\\/ayuntamiento\\\/#website\"},\"primaryImageOfPage\":{\"@id\":\"https:\\\/\\\/www.caudete.org\\\/ayuntamiento\\\/ayuntamiento-y-diputacion-invierten-en-la-recuperacion-del-molino-de-san-anton\\\/#primaryimage\"},\"image\":{\"@id\":\"https:\\\/\\\/www.caudete.org\\\/ayuntamiento\\\/ayuntamiento-y-diputacion-invierten-en-la-recuperacion-del-molino-de-san-anton\\\/#primaryimage\"},\"thumbnailUrl\":\"https:\\\/\\\/www.caudete.org\\\/ayuntamiento\\\/wp-content\\\/uploads\\\/2021\\\/12\\\/IMG-20211217-WA0007.jpg\",\"datePublished\":\"2021-12-17T15:43:19+00:00\",\"dateModified\":\"2021-12-17T15:49:29+00:00\",\"author\":{\"@id\":\"https:\\\/\\\/www.caudete.org\\\/ayuntamiento\\\/#\\\/schema\\\/person\\\/cc646da9133078ee4d8dd47457947253\"},\"description\":\"P\u00e1gina Oficial del Ayuntamiento de Caudete (Albacete)\",\"breadcrumb\":{\"@id\":\"https:\\\/\\\/www.caudete.org\\\/ayuntamiento\\\/ayuntamiento-y-diputacion-invierten-en-la-recuperacion-del-molino-de-san-anton\\\/#breadcrumb\"},\"inLanguage\":\"es\",\"potentialAction\":[{\"@type\":\"ReadAction\",\"target\":[\"https:\\\/\\\/www.caudete.org\\\/ayuntamiento\\\/ayuntamiento-y-diputacion-invierten-en-la-recuperacion-del-molino-de-san-anton\\\/\"]}]},{\"@type\":\"ImageObject\",\"inLanguage\":\"es\",\"@id\":\"https:\\\/\\\/www.caudete.org\\\/ayuntamiento\\\/ayuntamiento-y-diputacion-invierten-en-la-recuperacion-del-molino-de-san-anton\\\/#primaryimage\",\"url\":\"https:\\\/\\\/www.caudete.org\\\/ayuntamiento\\\/wp-content\\\/uploads\\\/2021\\\/12\\\/IMG-20211217-WA0007.jpg\",\"contentUrl\":\"https:\\\/\\\/www.caudete.org\\\/ayuntamiento\\\/wp-content\\\/uploads\\\/2021\\\/12\\\/IMG-20211217-WA0007.jpg\",\"width\":1600,\"height\":720},{\"@type\":\"BreadcrumbList\",\"@id\":\"https:\\\/\\\/www.caudete.org\\\/ayuntamiento\\\/ayuntamiento-y-diputacion-invierten-en-la-recuperacion-del-molino-de-san-anton\\\/#breadcrumb\",\"itemListElement\":[{\"@type\":\"ListItem\",\"position\":1,\"name\":\"Inicio\",\"item\":\"https:\\\/\\\/www.caudete.org\\\/ayuntamiento\\\/\"},{\"@type\":\"ListItem\",\"position\":2,\"name\":\"Ayuntamiento y Diputaci\u00f3n invierten en la recuperaci\u00f3n del Molino de San Ant\u00f3n\"}]},{\"@type\":\"WebSite\",\"@id\":\"https:\\\/\\\/www.caudete.org\\\/ayuntamiento\\\/#website\",\"url\":\"https:\\\/\\\/www.caudete.org\\\/ayuntamiento\\\/\",\"name\":\"MI Ayuntamiento de Caudete\",\"description\":\"P\u00e1gina Oficial del MI Ayuntamiento de Caudete\",\"potentialAction\":[{\"@type\":\"SearchAction\",\"target\":{\"@type\":\"EntryPoint\",\"urlTemplate\":\"https:\\\/\\\/www.caudete.org\\\/ayuntamiento\\\/?s={search_term_string}\"},\"query-input\":{\"@type\":\"PropertyValueSpecification\",\"valueRequired\":true,\"valueName\":\"search_term_string\"}}],\"inLanguage\":\"es\"},{\"@type\":\"Person\",\"@id\":\"https:\\\/\\\/www.caudete.org\\\/ayuntamiento\\\/#\\\/schema\\\/person\\\/cc646da9133078ee4d8dd47457947253\",\"name\":\"alcalde\",\"image\":{\"@type\":\"ImageObject\",\"inLanguage\":\"es\",\"@id\":\"https:\\\/\\\/secure.gravatar.com\\\/avatar\\\/84a817ba065b29ff08d666b215a215f5c79186a645ccb25b14a663d48a130f77?s=96&d=mm&r=g\",\"url\":\"https:\\\/\\\/secure.gravatar.com\\\/avatar\\\/84a817ba065b29ff08d666b215a215f5c79186a645ccb25b14a663d48a130f77?s=96&d=mm&r=g\",\"contentUrl\":\"https:\\\/\\\/secure.gravatar.com\\\/avatar\\\/84a817ba065b29ff08d666b215a215f5c79186a645ccb25b14a663d48a130f77?s=96&d=mm&r=g\",\"caption\":\"alcalde\"},\"url\":\"https:\\\/\\\/www.caudete.org\\\/ayuntamiento\\\/author\\\/alcalde\\\/\"}]}<\/script>\n<!-- \/ Yoast SEO plugin. -->","yoast_head_json":{"title":"Ayuntamiento y Diputaci\u00f3n invierten en la recuperaci\u00f3n del Molino de San Ant\u00f3n - MI Ayuntamiento de Caudete","description":"P\u00e1gina Oficial del Ayuntamiento de Caudete (Albacete)","robots":{"index":"index","follow":"follow","max-snippet":"max-snippet:-1","max-image-preview":"max-image-preview:large","max-video-preview":"max-video-preview:-1"},"canonical":"https:\/\/www.caudete.org\/ayuntamiento\/ayuntamiento-y-diputacion-invierten-en-la-recuperacion-del-molino-de-san-anton\/","og_locale":"es_ES","og_type":"article","og_title":"Ayuntamiento y Diputaci\u00f3n invierten en la recuperaci\u00f3n del Molino de San Ant\u00f3n - MI Ayuntamiento de Caudete","og_description":"P\u00e1gina Oficial del Ayuntamiento de Caudete (Albacete)","og_url":"https:\/\/www.caudete.org\/ayuntamiento\/ayuntamiento-y-diputacion-invierten-en-la-recuperacion-del-molino-de-san-anton\/","og_site_name":"MI Ayuntamiento de Caudete","article_publisher":"https:\/\/www.facebook.com\/ayuntamientocaudete\/","article_published_time":"2021-12-17T15:43:19+00:00","article_modified_time":"2021-12-17T15:49:29+00:00","og_image":[{"width":1600,"height":720,"url":"https:\/\/www.caudete.org\/ayuntamiento\/wp-content\/uploads\/2021\/12\/IMG-20211217-WA0007.jpg","type":"image\/jpeg"}],"author":"alcalde","twitter_card":"summary_large_image","twitter_misc":{"Escrito por":"alcalde","Tiempo de lectura":"2 minutos"},"schema":{"@context":"https:\/\/schema.org","@graph":[{"@type":"Article","@id":"https:\/\/www.caudete.org\/ayuntamiento\/ayuntamiento-y-diputacion-invierten-en-la-recuperacion-del-molino-de-san-anton\/#article","isPartOf":{"@id":"https:\/\/www.caudete.org\/ayuntamiento\/ayuntamiento-y-diputacion-invierten-en-la-recuperacion-del-molino-de-san-anton\/"},"author":{"name":"alcalde","@id":"https:\/\/www.caudete.org\/ayuntamiento\/#\/schema\/person\/cc646da9133078ee4d8dd47457947253"},"headline":"Ayuntamiento y Diputaci\u00f3n invierten en la recuperaci\u00f3n del Molino de San Ant\u00f3n","datePublished":"2021-12-17T15:43:19+00:00","dateModified":"2021-12-17T15:49:29+00:00","mainEntityOfPage":{"@id":"https:\/\/www.caudete.org\/ayuntamiento\/ayuntamiento-y-diputacion-invierten-en-la-recuperacion-del-molino-de-san-anton\/"},"wordCount":294,"image":{"@id":"https:\/\/www.caudete.org\/ayuntamiento\/ayuntamiento-y-diputacion-invierten-en-la-recuperacion-del-molino-de-san-anton\/#primaryimage"},"thumbnailUrl":"https:\/\/www.caudete.org\/ayuntamiento\/wp-content\/uploads\/2021\/12\/IMG-20211217-WA0007.jpg","articleSection":["Patrimonio"],"inLanguage":"es"},{"@type":"WebPage","@id":"https:\/\/www.caudete.org\/ayuntamiento\/ayuntamiento-y-diputacion-invierten-en-la-recuperacion-del-molino-de-san-anton\/","url":"https:\/\/www.caudete.org\/ayuntamiento\/ayuntamiento-y-diputacion-invierten-en-la-recuperacion-del-molino-de-san-anton\/","name":"Ayuntamiento y Diputaci\u00f3n invierten en la recuperaci\u00f3n del Molino de San Ant\u00f3n - MI Ayuntamiento de Caudete","isPartOf":{"@id":"https:\/\/www.caudete.org\/ayuntamiento\/#website"},"primaryImageOfPage":{"@id":"https:\/\/www.caudete.org\/ayuntamiento\/ayuntamiento-y-diputacion-invierten-en-la-recuperacion-del-molino-de-san-anton\/#primaryimage"},"image":{"@id":"https:\/\/www.caudete.org\/ayuntamiento\/ayuntamiento-y-diputacion-invierten-en-la-recuperacion-del-molino-de-san-anton\/#primaryimage"},"thumbnailUrl":"https:\/\/www.caudete.org\/ayuntamiento\/wp-content\/uploads\/2021\/12\/IMG-20211217-WA0007.jpg","datePublished":"2021-12-17T15:43:19+00:00","dateModified":"2021-12-17T15:49:29+00:00","author":{"@id":"https:\/\/www.caudete.org\/ayuntamiento\/#\/schema\/person\/cc646da9133078ee4d8dd47457947253"},"description":"P\u00e1gina Oficial del Ayuntamiento de Caudete (Albacete)","breadcrumb":{"@id":"https:\/\/www.caudete.org\/ayuntamiento\/ayuntamiento-y-diputacion-invierten-en-la-recuperacion-del-molino-de-san-anton\/#breadcrumb"},"inLanguage":"es","potentialAction":[{"@type":"ReadAction","target":["https:\/\/www.caudete.org\/ayuntamiento\/ayuntamiento-y-diputacion-invierten-en-la-recuperacion-del-molino-de-san-anton\/"]}]},{"@type":"ImageObject","inLanguage":"es","@id":"https:\/\/www.caudete.org\/ayuntamiento\/ayuntamiento-y-diputacion-invierten-en-la-recuperacion-del-molino-de-san-anton\/#primaryimage","url":"https:\/\/www.caudete.org\/ayuntamiento\/wp-content\/uploads\/2021\/12\/IMG-20211217-WA0007.jpg","contentUrl":"https:\/\/www.caudete.org\/ayuntamiento\/wp-content\/uploads\/2021\/12\/IMG-20211217-WA0007.jpg","width":1600,"height":720},{"@type":"BreadcrumbList","@id":"https:\/\/www.caudete.org\/ayuntamiento\/ayuntamiento-y-diputacion-invierten-en-la-recuperacion-del-molino-de-san-anton\/#breadcrumb","itemListElement":[{"@type":"ListItem","position":1,"name":"Inicio","item":"https:\/\/www.caudete.org\/ayuntamiento\/"},{"@type":"ListItem","position":2,"name":"Ayuntamiento y Diputaci\u00f3n invierten en la recuperaci\u00f3n del Molino de San Ant\u00f3n"}]},{"@type":"WebSite","@id":"https:\/\/www.caudete.org\/ayuntamiento\/#website","url":"https:\/\/www.caudete.org\/ayuntamiento\/","name":"MI Ayuntamiento de Caudete","description":"P\u00e1gina Oficial del MI Ayuntamiento de Caudete","potentialAction":[{"@type":"SearchAction","target":{"@type":"EntryPoint","urlTemplate":"https:\/\/www.caudete.org\/ayuntamiento\/?s={search_term_string}"},"query-input":{"@type":"PropertyValueSpecification","valueRequired":true,"valueName":"search_term_string"}}],"inLanguage":"es"},{"@type":"Person","@id":"https:\/\/www.caudete.org\/ayuntamiento\/#\/schema\/person\/cc646da9133078ee4d8dd47457947253","name":"alcalde","image":{"@type":"ImageObject","inLanguage":"es","@id":"https:\/\/secure.gravatar.com\/avatar\/84a817ba065b29ff08d666b215a215f5c79186a645ccb25b14a663d48a130f77?s=96&d=mm&r=g","url":"https:\/\/secure.gravatar.com\/avatar\/84a817ba065b29ff08d666b215a215f5c79186a645ccb25b14a663d48a130f77?s=96&d=mm&r=g","contentUrl":"https:\/\/secure.gravatar.com\/avatar\/84a817ba065b29ff08d666b215a215f5c79186a645ccb25b14a663d48a130f77?s=96&d=mm&r=g","caption":"alcalde"},"url":"https:\/\/www.caudete.org\/ayuntamiento\/author\/alcalde\/"}]}},"_links":{"self":[{"href":"https:\/\/www.caudete.org\/ayuntamiento\/wp-json\/wp\/v2\/posts\/17554","targetHints":{"allow":["GET"]}}],"collection":[{"href":"https:\/\/www.caudete.org\/ayuntamiento\/wp-json\/wp\/v2\/posts"}],"about":[{"href":"https:\/\/www.caudete.org\/ayuntamiento\/wp-json\/wp\/v2\/types\/post"}],"author":[{"embeddable":true,"href":"https:\/\/www.caudete.org\/ayuntamiento\/wp-json\/wp\/v2\/users\/3"}],"replies":[{"embeddable":true,"href":"https:\/\/www.caudete.org\/ayuntamiento\/wp-json\/wp\/v2\/comments?post=17554"}],"version-history":[{"count":2,"href":"https:\/\/www.caudete.org\/ayuntamiento\/wp-json\/wp\/v2\/posts\/17554\/revisions"}],"predecessor-version":[{"id":17564,"href":"https:\/\/www.caudete.org\/ayuntamiento\/wp-json\/wp\/v2\/posts\/17554\/revisions\/17564"}],"wp:featuredmedia":[{"embeddable":true,"href":"https:\/\/www.caudete.org\/ayuntamiento\/wp-json\/wp\/v2\/media\/17561"}],"wp:attachment":[{"href":"https:\/\/www.caudete.org\/ayuntamiento\/wp-json\/wp\/v2\/media?parent=17554"}],"wp:term":[{"taxonomy":"category","embeddable":true,"href":"https:\/\/www.caudete.org\/ayuntamiento\/wp-json\/wp\/v2\/categories?post=17554"},{"taxonomy":"post_tag","embeddable":true,"href":"https:\/\/www.caudete.org\/ayuntamiento\/wp-json\/wp\/v2\/tags?post=17554"}],"curies":[{"name":"wp","href":"https:\/\/api.w.org\/{rel}","templated":true}]}}