{"id":17587,"date":"2021-12-20T07:54:42","date_gmt":"2021-12-20T06:54:42","guid":{"rendered":"https:\/\/www.caudete.org\/ayuntamiento\/?p=17587"},"modified":"2021-12-20T13:35:47","modified_gmt":"2021-12-20T12:35:47","slug":"publicadas-las-bases-y-convocatoria-del-proceso-selectivo-de-personal-cuidador-para-el-plan-corresponsables","status":"publish","type":"post","link":"https:\/\/www.caudete.org\/ayuntamiento\/publicadas-las-bases-y-convocatoria-del-proceso-selectivo-de-personal-cuidador-para-el-plan-corresponsables\/","title":{"rendered":"Publicadas las Bases y Convocatoria BOLSA DE TRABAJO de personal cuidador para el PLAN CORRESPONSABLES"},"content":{"rendered":"<p style=\"text-align: justify;\">Esta ma\u00f1ana Inma Garc\u00eda, Natalia Ba\u00f1\u00f3n y M\u00aa del Mar Requena, Concejales de Igualdad, Educaci\u00f3n y Recursos Humanos respectivamente, daban cuenta de la publicaci\u00f3n de las Bases Reguladoras y Convocatoria del proceso selectivo que permitir\u00e1 realizar una bolsa de trabajo, y posterior contrataci\u00f3n temporal para prestar servicios en el Plan Corresponsables.<\/p>\n<p style=\"text-align: justify;\">El proceso recib\u00eda el pasado viernes el visto bueno de la Junta de Gobierno Local, y supone el paso previo a implantar en nuestra localidad este novedoso servicio destinado a las familias caudetanas, que busca conciliar vida laboral y familiar, y por ende, el cuidado de los menores de 14 a\u00f1os en horario no lectivo.<\/p>\n<p style=\"text-align: justify;\">Impulsado por la JCCM mediante la Consejer\u00eda de Igualdad, los Centros de la Mujer han sido los tramitadores, que en el caso de Caudete se ha hecho extensiva al \u00e1rea Educativa, siendo as\u00ed uno de los pocos pueblos que ha contado con la opini\u00f3n de los padres en el proceso de dise\u00f1o para la implantaci\u00f3n del servicio. Tras una reuni\u00f3n con representantes de la Federaci\u00f3n de Ampas, se lanz\u00f3 una encuesta virtual que ha permitido recoger, por Centros Educativos, las necesidades, demandas y respuesta a este programa; tas lo cual se ha trabajado en dicha l\u00ednea.<\/p>\n<p style=\"text-align: justify;\">Seg\u00fan rezan las bases, que pueden ser consultadas \u00edntegramente en el Tabl\u00f3n de Anuncios del Consistorio <a href=\"https:\/\/caudete.sedipualba.es\/tablondeanuncios\/anuncio.aspx?id=35827\" target=\"_blank\" rel=\"nofollow\">\u00a0https:\/\/caudete.sedipualba.es\/tablondeanuncios\/anuncio.aspx?id=35827<\/a>\u00a0 es objeto de la presente convocatoria la constituci\u00f3n de una bolsa de trabajo para la contrataci\u00f3n, en r\u00e9gimen laboral de car\u00e1cter temporal, a tiempo parcial, de personal destinado a prestar servicios de cuidado de alumnado escolar de hasta 14 a\u00f1os, inclusive, de Caudete en Aula Matinal as\u00ed como Servicio de Concilicaci\u00f3n en horario de tarde, y servicio en periodo de vacaciones escolares de Semana Santa y d\u00edas no lectivos curso escolar 2021\/2022, confeccion\u00e1ndose para ello relaci\u00f3n de aprobados por orden de puntuaci\u00f3n obtenida en las pruebas selectivas, por sistema de concurso.<\/p>\n<p style=\"text-align: justify;\">Las retribuciones de los puestos de monitores ser\u00e1n las equivalentes al Grupo C, Subgrupo C2, de acuerdo con lo previsto en el Convenio Colectivo del Personal Laboral de este Ayuntamiento y la contrataci\u00f3n se efectuar\u00e1 atendiendo a las necesidades derivadas del servicio, teniendo una validez la bolsa de dos a\u00f1os.<\/p>\n<p style=\"text-align: justify;\">Como requisito indispensable para optar a esta bolsa de trabajo se establece el estar en posesi\u00f3n del t\u00edtulo de Monitor\/a de ocio y tiempo libre o personas con Certificados de Profesionalidad \u201cDinamizaci\u00f3n de Actividades de Tiempo Libre Educativo Infantil y Juvenil\u201d o \u201cDirecci\u00f3n y Coordinaci\u00f3n de Tiempo Libre Educativo Infantil y Juvenil\u201d o titulaciones obtenidas a trav\u00e9s de Escuelas de Animaci\u00f3n Juvenil u otros t\u00edtulos con un contenido similar que superen las 100 horas y tengan homologaci\u00f3n p\u00fablica, que han de estar respaldados por titulaciones homologadas y avaladas por entes p\u00fablicos, o en condiciones de obtenerlo en la fecha en que finalice el plazo de presentaci\u00f3n de solicitudes.<\/p>\n<p style=\"text-align: justify;\">La presentaci\u00f3n de instancias es de 10 d\u00edas a contar desde hoy (d\u00eda siguiente al de publicaci\u00f3n en el Tabl\u00f3n de Anuncios) por lo que se establece como fecha m\u00e1xima el 31\/12\/2021 (inclusive), siendo necesario abonar las tasas por derecho de examen establecidas.<\/p>\n<p>&nbsp;<\/p>\n","protected":false},"excerpt":{"rendered":"<p>Esta ma\u00f1ana Inma Garc\u00eda, Natalia Ba\u00f1\u00f3n y M\u00aa del Mar Requena, Concejales de Igualdad, Educaci\u00f3n y Recursos Humanos respectivamente, daban cuenta de la publicaci\u00f3n de las Bases Reguladoras y Convocatoria del proceso selectivo que permitir\u00e1 realizar una bolsa de trabajo, y posterior contrataci\u00f3n temporal para prestar servicios en el Plan Corresponsables. El proceso recib\u00eda el &hellip;<\/p>\n","protected":false},"author":3,"featured_media":17595,"comment_status":"closed","ping_status":"open","sticky":false,"template":"","format":"standard","meta":{"ngg_post_thumbnail":0,"footnotes":""},"categories":[37],"tags":[],"class_list":["post-17587","post","type-post","status-publish","format-standard","has-post-thumbnail","hentry","category-empleo-y-formacion"],"yoast_head":"<!-- This site is optimized with the Yoast SEO plugin v27.4 - https:\/\/yoast.com\/product\/yoast-seo-wordpress\/ -->\n<title>Publicadas las Bases y Convocatoria BOLSA DE TRABAJO de personal cuidador para el PLAN CORRESPONSABLES - MI Ayuntamiento de Caudete<\/title>\n<meta name=\"description\" content=\"P\u00e1gina Oficial del Ayuntamiento de Caudete (Albacete)\" \/>\n<meta name=\"robots\" content=\"index, follow, max-snippet:-1, max-image-preview:large, max-video-preview:-1\" \/>\n<link rel=\"canonical\" href=\"https:\/\/www.caudete.org\/ayuntamiento\/publicadas-las-bases-y-convocatoria-del-proceso-selectivo-de-personal-cuidador-para-el-plan-corresponsables\/\" \/>\n<meta property=\"og:locale\" content=\"es_ES\" \/>\n<meta property=\"og:type\" content=\"article\" \/>\n<meta property=\"og:title\" content=\"Publicadas las Bases y Convocatoria BOLSA DE TRABAJO de personal cuidador para el PLAN CORRESPONSABLES - MI Ayuntamiento de Caudete\" \/>\n<meta property=\"og:description\" content=\"P\u00e1gina Oficial del Ayuntamiento de Caudete (Albacete)\" \/>\n<meta property=\"og:url\" content=\"https:\/\/www.caudete.org\/ayuntamiento\/publicadas-las-bases-y-convocatoria-del-proceso-selectivo-de-personal-cuidador-para-el-plan-corresponsables\/\" \/>\n<meta property=\"og:site_name\" content=\"MI Ayuntamiento de Caudete\" \/>\n<meta property=\"article:publisher\" content=\"https:\/\/www.facebook.com\/ayuntamientocaudete\/\" \/>\n<meta property=\"article:published_time\" content=\"2021-12-20T06:54:42+00:00\" \/>\n<meta property=\"article:modified_time\" content=\"2021-12-20T12:35:47+00:00\" \/>\n<meta property=\"og:image\" content=\"https:\/\/www.caudete.org\/ayuntamiento\/wp-content\/uploads\/2021\/12\/CorresponsablesWEB.jpg\" \/>\n\t<meta property=\"og:image:width\" content=\"864\" \/>\n\t<meta property=\"og:image:height\" content=\"380\" \/>\n\t<meta property=\"og:image:type\" content=\"image\/jpeg\" \/>\n<meta name=\"author\" content=\"alcalde\" \/>\n<meta name=\"twitter:card\" content=\"summary_large_image\" \/>\n<meta name=\"twitter:label1\" content=\"Escrito por\" \/>\n\t<meta name=\"twitter:data1\" content=\"alcalde\" \/>\n\t<meta name=\"twitter:label2\" content=\"Tiempo de lectura\" \/>\n\t<meta name=\"twitter:data2\" content=\"3 minutos\" \/>\n<script type=\"application\/ld+json\" class=\"yoast-schema-graph\">{\"@context\":\"https:\\\/\\\/schema.org\",\"@graph\":[{\"@type\":\"Article\",\"@id\":\"https:\\\/\\\/www.caudete.org\\\/ayuntamiento\\\/publicadas-las-bases-y-convocatoria-del-proceso-selectivo-de-personal-cuidador-para-el-plan-corresponsables\\\/#article\",\"isPartOf\":{\"@id\":\"https:\\\/\\\/www.caudete.org\\\/ayuntamiento\\\/publicadas-las-bases-y-convocatoria-del-proceso-selectivo-de-personal-cuidador-para-el-plan-corresponsables\\\/\"},\"author\":{\"name\":\"alcalde\",\"@id\":\"https:\\\/\\\/www.caudete.org\\\/ayuntamiento\\\/#\\\/schema\\\/person\\\/cc646da9133078ee4d8dd47457947253\"},\"headline\":\"Publicadas las Bases y Convocatoria BOLSA DE TRABAJO de personal cuidador para el PLAN CORRESPONSABLES\",\"datePublished\":\"2021-12-20T06:54:42+00:00\",\"dateModified\":\"2021-12-20T12:35:47+00:00\",\"mainEntityOfPage\":{\"@id\":\"https:\\\/\\\/www.caudete.org\\\/ayuntamiento\\\/publicadas-las-bases-y-convocatoria-del-proceso-selectivo-de-personal-cuidador-para-el-plan-corresponsables\\\/\"},\"wordCount\":577,\"publisher\":{\"@id\":\"https:\\\/\\\/www.caudete.org\\\/ayuntamiento\\\/#organization\"},\"image\":{\"@id\":\"https:\\\/\\\/www.caudete.org\\\/ayuntamiento\\\/publicadas-las-bases-y-convocatoria-del-proceso-selectivo-de-personal-cuidador-para-el-plan-corresponsables\\\/#primaryimage\"},\"thumbnailUrl\":\"https:\\\/\\\/www.caudete.org\\\/ayuntamiento\\\/wp-content\\\/uploads\\\/2021\\\/12\\\/CorresponsablesWEB.jpg\",\"articleSection\":[\"Empleo y Formaci\u00f3n\"],\"inLanguage\":\"es\"},{\"@type\":\"WebPage\",\"@id\":\"https:\\\/\\\/www.caudete.org\\\/ayuntamiento\\\/publicadas-las-bases-y-convocatoria-del-proceso-selectivo-de-personal-cuidador-para-el-plan-corresponsables\\\/\",\"url\":\"https:\\\/\\\/www.caudete.org\\\/ayuntamiento\\\/publicadas-las-bases-y-convocatoria-del-proceso-selectivo-de-personal-cuidador-para-el-plan-corresponsables\\\/\",\"name\":\"Publicadas las Bases y Convocatoria BOLSA DE TRABAJO de personal cuidador para el PLAN CORRESPONSABLES - MI Ayuntamiento de Caudete\",\"isPartOf\":{\"@id\":\"https:\\\/\\\/www.caudete.org\\\/ayuntamiento\\\/#website\"},\"primaryImageOfPage\":{\"@id\":\"https:\\\/\\\/www.caudete.org\\\/ayuntamiento\\\/publicadas-las-bases-y-convocatoria-del-proceso-selectivo-de-personal-cuidador-para-el-plan-corresponsables\\\/#primaryimage\"},\"image\":{\"@id\":\"https:\\\/\\\/www.caudete.org\\\/ayuntamiento\\\/publicadas-las-bases-y-convocatoria-del-proceso-selectivo-de-personal-cuidador-para-el-plan-corresponsables\\\/#primaryimage\"},\"thumbnailUrl\":\"https:\\\/\\\/www.caudete.org\\\/ayuntamiento\\\/wp-content\\\/uploads\\\/2021\\\/12\\\/CorresponsablesWEB.jpg\",\"datePublished\":\"2021-12-20T06:54:42+00:00\",\"dateModified\":\"2021-12-20T12:35:47+00:00\",\"description\":\"P\u00e1gina Oficial del Ayuntamiento de Caudete (Albacete)\",\"breadcrumb\":{\"@id\":\"https:\\\/\\\/www.caudete.org\\\/ayuntamiento\\\/publicadas-las-bases-y-convocatoria-del-proceso-selectivo-de-personal-cuidador-para-el-plan-corresponsables\\\/#breadcrumb\"},\"inLanguage\":\"es\",\"potentialAction\":[{\"@type\":\"ReadAction\",\"target\":[\"https:\\\/\\\/www.caudete.org\\\/ayuntamiento\\\/publicadas-las-bases-y-convocatoria-del-proceso-selectivo-de-personal-cuidador-para-el-plan-corresponsables\\\/\"]}]},{\"@type\":\"ImageObject\",\"inLanguage\":\"es\",\"@id\":\"https:\\\/\\\/www.caudete.org\\\/ayuntamiento\\\/publicadas-las-bases-y-convocatoria-del-proceso-selectivo-de-personal-cuidador-para-el-plan-corresponsables\\\/#primaryimage\",\"url\":\"https:\\\/\\\/www.caudete.org\\\/ayuntamiento\\\/wp-content\\\/uploads\\\/2021\\\/12\\\/CorresponsablesWEB.jpg\",\"contentUrl\":\"https:\\\/\\\/www.caudete.org\\\/ayuntamiento\\\/wp-content\\\/uploads\\\/2021\\\/12\\\/CorresponsablesWEB.jpg\",\"width\":864,\"height\":380},{\"@type\":\"BreadcrumbList\",\"@id\":\"https:\\\/\\\/www.caudete.org\\\/ayuntamiento\\\/publicadas-las-bases-y-convocatoria-del-proceso-selectivo-de-personal-cuidador-para-el-plan-corresponsables\\\/#breadcrumb\",\"itemListElement\":[{\"@type\":\"ListItem\",\"position\":1,\"name\":\"Inicio\",\"item\":\"https:\\\/\\\/www.caudete.org\\\/ayuntamiento\\\/\"},{\"@type\":\"ListItem\",\"position\":2,\"name\":\"Publicadas las Bases y Convocatoria BOLSA DE TRABAJO de personal cuidador para el PLAN CORRESPONSABLES\"}]},{\"@type\":\"WebSite\",\"@id\":\"https:\\\/\\\/www.caudete.org\\\/ayuntamiento\\\/#website\",\"url\":\"https:\\\/\\\/www.caudete.org\\\/ayuntamiento\\\/\",\"name\":\"MI Ayuntamiento de Caudete\",\"description\":\"P\u00e1gina Oficial del MI Ayuntamiento de Caudete\",\"publisher\":{\"@id\":\"https:\\\/\\\/www.caudete.org\\\/ayuntamiento\\\/#organization\"},\"potentialAction\":[{\"@type\":\"SearchAction\",\"target\":{\"@type\":\"EntryPoint\",\"urlTemplate\":\"https:\\\/\\\/www.caudete.org\\\/ayuntamiento\\\/?s={search_term_string}\"},\"query-input\":{\"@type\":\"PropertyValueSpecification\",\"valueRequired\":true,\"valueName\":\"search_term_string\"}}],\"inLanguage\":\"es\"},{\"@type\":\"Organization\",\"@id\":\"https:\\\/\\\/www.caudete.org\\\/ayuntamiento\\\/#organization\",\"name\":\"Ayuntamiento de Caudete\",\"url\":\"https:\\\/\\\/www.caudete.org\\\/ayuntamiento\\\/\",\"logo\":{\"@type\":\"ImageObject\",\"inLanguage\":\"es\",\"@id\":\"https:\\\/\\\/www.caudete.org\\\/ayuntamiento\\\/#\\\/schema\\\/logo\\\/image\\\/\",\"url\":\"https:\\\/\\\/www.caudete.org\\\/ayuntamiento\\\/wp-content\\\/uploads\\\/2020\\\/11\\\/logo_ayuntamiento_caudete.jpg\",\"contentUrl\":\"https:\\\/\\\/www.caudete.org\\\/ayuntamiento\\\/wp-content\\\/uploads\\\/2020\\\/11\\\/logo_ayuntamiento_caudete.jpg\",\"width\":600,\"height\":150,\"caption\":\"Ayuntamiento de Caudete\"},\"image\":{\"@id\":\"https:\\\/\\\/www.caudete.org\\\/ayuntamiento\\\/#\\\/schema\\\/logo\\\/image\\\/\"},\"sameAs\":[\"https:\\\/\\\/www.facebook.com\\\/ayuntamientocaudete\\\/\",\"https:\\\/\\\/www.youtube.com\\\/channel\\\/UC6VztHaooNsGpw-tNoBEFnQ\"]},{\"@type\":\"Person\",\"@id\":\"https:\\\/\\\/www.caudete.org\\\/ayuntamiento\\\/#\\\/schema\\\/person\\\/cc646da9133078ee4d8dd47457947253\",\"name\":\"alcalde\",\"image\":{\"@type\":\"ImageObject\",\"inLanguage\":\"es\",\"@id\":\"https:\\\/\\\/secure.gravatar.com\\\/avatar\\\/84a817ba065b29ff08d666b215a215f5c79186a645ccb25b14a663d48a130f77?s=96&d=mm&r=g\",\"url\":\"https:\\\/\\\/secure.gravatar.com\\\/avatar\\\/84a817ba065b29ff08d666b215a215f5c79186a645ccb25b14a663d48a130f77?s=96&d=mm&r=g\",\"contentUrl\":\"https:\\\/\\\/secure.gravatar.com\\\/avatar\\\/84a817ba065b29ff08d666b215a215f5c79186a645ccb25b14a663d48a130f77?s=96&d=mm&r=g\",\"caption\":\"alcalde\"},\"url\":\"https:\\\/\\\/www.caudete.org\\\/ayuntamiento\\\/author\\\/alcalde\\\/\"}]}<\/script>\n<!-- \/ Yoast SEO plugin. -->","yoast_head_json":{"title":"Publicadas las Bases y Convocatoria BOLSA DE TRABAJO de personal cuidador para el PLAN CORRESPONSABLES - MI Ayuntamiento de Caudete","description":"P\u00e1gina Oficial del Ayuntamiento de Caudete (Albacete)","robots":{"index":"index","follow":"follow","max-snippet":"max-snippet:-1","max-image-preview":"max-image-preview:large","max-video-preview":"max-video-preview:-1"},"canonical":"https:\/\/www.caudete.org\/ayuntamiento\/publicadas-las-bases-y-convocatoria-del-proceso-selectivo-de-personal-cuidador-para-el-plan-corresponsables\/","og_locale":"es_ES","og_type":"article","og_title":"Publicadas las Bases y Convocatoria BOLSA DE TRABAJO de personal cuidador para el PLAN CORRESPONSABLES - MI Ayuntamiento de Caudete","og_description":"P\u00e1gina Oficial del Ayuntamiento de Caudete (Albacete)","og_url":"https:\/\/www.caudete.org\/ayuntamiento\/publicadas-las-bases-y-convocatoria-del-proceso-selectivo-de-personal-cuidador-para-el-plan-corresponsables\/","og_site_name":"MI Ayuntamiento de Caudete","article_publisher":"https:\/\/www.facebook.com\/ayuntamientocaudete\/","article_published_time":"2021-12-20T06:54:42+00:00","article_modified_time":"2021-12-20T12:35:47+00:00","og_image":[{"width":864,"height":380,"url":"https:\/\/www.caudete.org\/ayuntamiento\/wp-content\/uploads\/2021\/12\/CorresponsablesWEB.jpg","type":"image\/jpeg"}],"author":"alcalde","twitter_card":"summary_large_image","twitter_misc":{"Escrito por":"alcalde","Tiempo de lectura":"3 minutos"},"schema":{"@context":"https:\/\/schema.org","@graph":[{"@type":"Article","@id":"https:\/\/www.caudete.org\/ayuntamiento\/publicadas-las-bases-y-convocatoria-del-proceso-selectivo-de-personal-cuidador-para-el-plan-corresponsables\/#article","isPartOf":{"@id":"https:\/\/www.caudete.org\/ayuntamiento\/publicadas-las-bases-y-convocatoria-del-proceso-selectivo-de-personal-cuidador-para-el-plan-corresponsables\/"},"author":{"name":"alcalde","@id":"https:\/\/www.caudete.org\/ayuntamiento\/#\/schema\/person\/cc646da9133078ee4d8dd47457947253"},"headline":"Publicadas las Bases y Convocatoria BOLSA DE TRABAJO de personal cuidador para el PLAN CORRESPONSABLES","datePublished":"2021-12-20T06:54:42+00:00","dateModified":"2021-12-20T12:35:47+00:00","mainEntityOfPage":{"@id":"https:\/\/www.caudete.org\/ayuntamiento\/publicadas-las-bases-y-convocatoria-del-proceso-selectivo-de-personal-cuidador-para-el-plan-corresponsables\/"},"wordCount":577,"publisher":{"@id":"https:\/\/www.caudete.org\/ayuntamiento\/#organization"},"image":{"@id":"https:\/\/www.caudete.org\/ayuntamiento\/publicadas-las-bases-y-convocatoria-del-proceso-selectivo-de-personal-cuidador-para-el-plan-corresponsables\/#primaryimage"},"thumbnailUrl":"https:\/\/www.caudete.org\/ayuntamiento\/wp-content\/uploads\/2021\/12\/CorresponsablesWEB.jpg","articleSection":["Empleo y Formaci\u00f3n"],"inLanguage":"es"},{"@type":"WebPage","@id":"https:\/\/www.caudete.org\/ayuntamiento\/publicadas-las-bases-y-convocatoria-del-proceso-selectivo-de-personal-cuidador-para-el-plan-corresponsables\/","url":"https:\/\/www.caudete.org\/ayuntamiento\/publicadas-las-bases-y-convocatoria-del-proceso-selectivo-de-personal-cuidador-para-el-plan-corresponsables\/","name":"Publicadas las Bases y Convocatoria BOLSA DE TRABAJO de personal cuidador para el PLAN CORRESPONSABLES - MI Ayuntamiento de Caudete","isPartOf":{"@id":"https:\/\/www.caudete.org\/ayuntamiento\/#website"},"primaryImageOfPage":{"@id":"https:\/\/www.caudete.org\/ayuntamiento\/publicadas-las-bases-y-convocatoria-del-proceso-selectivo-de-personal-cuidador-para-el-plan-corresponsables\/#primaryimage"},"image":{"@id":"https:\/\/www.caudete.org\/ayuntamiento\/publicadas-las-bases-y-convocatoria-del-proceso-selectivo-de-personal-cuidador-para-el-plan-corresponsables\/#primaryimage"},"thumbnailUrl":"https:\/\/www.caudete.org\/ayuntamiento\/wp-content\/uploads\/2021\/12\/CorresponsablesWEB.jpg","datePublished":"2021-12-20T06:54:42+00:00","dateModified":"2021-12-20T12:35:47+00:00","description":"P\u00e1gina Oficial del Ayuntamiento de Caudete (Albacete)","breadcrumb":{"@id":"https:\/\/www.caudete.org\/ayuntamiento\/publicadas-las-bases-y-convocatoria-del-proceso-selectivo-de-personal-cuidador-para-el-plan-corresponsables\/#breadcrumb"},"inLanguage":"es","potentialAction":[{"@type":"ReadAction","target":["https:\/\/www.caudete.org\/ayuntamiento\/publicadas-las-bases-y-convocatoria-del-proceso-selectivo-de-personal-cuidador-para-el-plan-corresponsables\/"]}]},{"@type":"ImageObject","inLanguage":"es","@id":"https:\/\/www.caudete.org\/ayuntamiento\/publicadas-las-bases-y-convocatoria-del-proceso-selectivo-de-personal-cuidador-para-el-plan-corresponsables\/#primaryimage","url":"https:\/\/www.caudete.org\/ayuntamiento\/wp-content\/uploads\/2021\/12\/CorresponsablesWEB.jpg","contentUrl":"https:\/\/www.caudete.org\/ayuntamiento\/wp-content\/uploads\/2021\/12\/CorresponsablesWEB.jpg","width":864,"height":380},{"@type":"BreadcrumbList","@id":"https:\/\/www.caudete.org\/ayuntamiento\/publicadas-las-bases-y-convocatoria-del-proceso-selectivo-de-personal-cuidador-para-el-plan-corresponsables\/#breadcrumb","itemListElement":[{"@type":"ListItem","position":1,"name":"Inicio","item":"https:\/\/www.caudete.org\/ayuntamiento\/"},{"@type":"ListItem","position":2,"name":"Publicadas las Bases y Convocatoria BOLSA DE TRABAJO de personal cuidador para el PLAN CORRESPONSABLES"}]},{"@type":"WebSite","@id":"https:\/\/www.caudete.org\/ayuntamiento\/#website","url":"https:\/\/www.caudete.org\/ayuntamiento\/","name":"MI Ayuntamiento de Caudete","description":"P\u00e1gina Oficial del MI Ayuntamiento de Caudete","publisher":{"@id":"https:\/\/www.caudete.org\/ayuntamiento\/#organization"},"potentialAction":[{"@type":"SearchAction","target":{"@type":"EntryPoint","urlTemplate":"https:\/\/www.caudete.org\/ayuntamiento\/?s={search_term_string}"},"query-input":{"@type":"PropertyValueSpecification","valueRequired":true,"valueName":"search_term_string"}}],"inLanguage":"es"},{"@type":"Organization","@id":"https:\/\/www.caudete.org\/ayuntamiento\/#organization","name":"Ayuntamiento de Caudete","url":"https:\/\/www.caudete.org\/ayuntamiento\/","logo":{"@type":"ImageObject","inLanguage":"es","@id":"https:\/\/www.caudete.org\/ayuntamiento\/#\/schema\/logo\/image\/","url":"https:\/\/www.caudete.org\/ayuntamiento\/wp-content\/uploads\/2020\/11\/logo_ayuntamiento_caudete.jpg","contentUrl":"https:\/\/www.caudete.org\/ayuntamiento\/wp-content\/uploads\/2020\/11\/logo_ayuntamiento_caudete.jpg","width":600,"height":150,"caption":"Ayuntamiento de Caudete"},"image":{"@id":"https:\/\/www.caudete.org\/ayuntamiento\/#\/schema\/logo\/image\/"},"sameAs":["https:\/\/www.facebook.com\/ayuntamientocaudete\/","https:\/\/www.youtube.com\/channel\/UC6VztHaooNsGpw-tNoBEFnQ"]},{"@type":"Person","@id":"https:\/\/www.caudete.org\/ayuntamiento\/#\/schema\/person\/cc646da9133078ee4d8dd47457947253","name":"alcalde","image":{"@type":"ImageObject","inLanguage":"es","@id":"https:\/\/secure.gravatar.com\/avatar\/84a817ba065b29ff08d666b215a215f5c79186a645ccb25b14a663d48a130f77?s=96&d=mm&r=g","url":"https:\/\/secure.gravatar.com\/avatar\/84a817ba065b29ff08d666b215a215f5c79186a645ccb25b14a663d48a130f77?s=96&d=mm&r=g","contentUrl":"https:\/\/secure.gravatar.com\/avatar\/84a817ba065b29ff08d666b215a215f5c79186a645ccb25b14a663d48a130f77?s=96&d=mm&r=g","caption":"alcalde"},"url":"https:\/\/www.caudete.org\/ayuntamiento\/author\/alcalde\/"}]}},"_links":{"self":[{"href":"https:\/\/www.caudete.org\/ayuntamiento\/wp-json\/wp\/v2\/posts\/17587","targetHints":{"allow":["GET"]}}],"collection":[{"href":"https:\/\/www.caudete.org\/ayuntamiento\/wp-json\/wp\/v2\/posts"}],"about":[{"href":"https:\/\/www.caudete.org\/ayuntamiento\/wp-json\/wp\/v2\/types\/post"}],"author":[{"embeddable":true,"href":"https:\/\/www.caudete.org\/ayuntamiento\/wp-json\/wp\/v2\/users\/3"}],"replies":[{"embeddable":true,"href":"https:\/\/www.caudete.org\/ayuntamiento\/wp-json\/wp\/v2\/comments?post=17587"}],"version-history":[{"count":2,"href":"https:\/\/www.caudete.org\/ayuntamiento\/wp-json\/wp\/v2\/posts\/17587\/revisions"}],"predecessor-version":[{"id":17592,"href":"https:\/\/www.caudete.org\/ayuntamiento\/wp-json\/wp\/v2\/posts\/17587\/revisions\/17592"}],"wp:featuredmedia":[{"embeddable":true,"href":"https:\/\/www.caudete.org\/ayuntamiento\/wp-json\/wp\/v2\/media\/17595"}],"wp:attachment":[{"href":"https:\/\/www.caudete.org\/ayuntamiento\/wp-json\/wp\/v2\/media?parent=17587"}],"wp:term":[{"taxonomy":"category","embeddable":true,"href":"https:\/\/www.caudete.org\/ayuntamiento\/wp-json\/wp\/v2\/categories?post=17587"},{"taxonomy":"post_tag","embeddable":true,"href":"https:\/\/www.caudete.org\/ayuntamiento\/wp-json\/wp\/v2\/tags?post=17587"}],"curies":[{"name":"wp","href":"https:\/\/api.w.org\/{rel}","templated":true}]}}