{"id":17631,"date":"2021-12-22T17:11:29","date_gmt":"2021-12-22T16:11:29","guid":{"rendered":"https:\/\/www.caudete.org\/ayuntamiento\/?p=17631"},"modified":"2021-12-22T17:15:15","modified_gmt":"2021-12-22T16:15:15","slug":"el-pleno-aprobara-una-la-nueva-ordenanza-de-ocupacion-de-via-publica-por-obras-y-actualizara-su-precio","status":"publish","type":"post","link":"https:\/\/www.caudete.org\/ayuntamiento\/el-pleno-aprobara-una-la-nueva-ordenanza-de-ocupacion-de-via-publica-por-obras-y-actualizara-su-precio\/","title":{"rendered":"El Pleno aprobar\u00e1 la nueva Ordenanza Reguladora de Ocupaci\u00f3n de V\u00eda P\u00fablica por obras y actualizar\u00e1 su precio"},"content":{"rendered":"<p style=\"text-align: justify;\">En el transcurso del Pleno Extraordinario convocado para ma\u00f1ana la Corporaci\u00f3n Municipal abordar\u00e1 en dos puntos diferenciados la redacci\u00f3n por vez primera de la Ordenanza Reguladora y de la actualizaci\u00f3n de la Ordenanza Fiscal por ocupaci\u00f3n de terrenos de uso p\u00fablico con mercanc\u00edas, materiales de construcci\u00f3n, escombros, vallas, puntales, anillas, andamios y otras instalaciones.<\/p>\n<p style=\"text-align: justify;\">Joaqu\u00edn Pag\u00e1n, Concejal de Movilidad, ha sido el encargado de trabajar dichos textos normativos junto a la Polic\u00eda Local, el \u00c1rea Jur\u00eddica y Econ\u00f3mica del Ayuntamiento.<\/p>\n<p style=\"text-align: justify;\">Explicaba que hasta la fecha solo dispon\u00edamos de una Ordenanza Fiscal para este cometido, y que ahora con la nueva Ordenanza Reguladora vamos a disponer una herramienta que ayude a la Administraci\u00f3n Local a mejorar su gesti\u00f3n.<\/p>\n<p style=\"text-align: justify;\">Por otra parte, continuaba, vamos a conseguir racionalizar el uso privativo del espacio p\u00fablico, al mismo tiempo que se actualiza el importe acorde al coste de este servicio.<\/p>\n<p style=\"text-align: justify;\">En la nueva Ordenanza Reguladora se describe forma de otorgamiento de la autorizaci\u00f3n, los requisitos, modalidades de ocupaci\u00f3n, protecci\u00f3n y seguridad, obligaciones del titular, se\u00f1alizaci\u00f3n y control, limites de la autorizaci\u00f3n, infracciones y sanciones, etc.<\/p>\n","protected":false},"excerpt":{"rendered":"<p>En el transcurso del Pleno Extraordinario convocado para ma\u00f1ana la Corporaci\u00f3n Municipal abordar\u00e1 en dos puntos diferenciados la redacci\u00f3n por vez primera de la Ordenanza Reguladora y de la actualizaci\u00f3n de la Ordenanza Fiscal por ocupaci\u00f3n de terrenos de uso p\u00fablico con mercanc\u00edas, materiales de construcci\u00f3n, escombros, vallas, puntales, anillas, andamios y otras instalaciones. Joaqu\u00edn &hellip;<\/p>\n","protected":false},"author":3,"featured_media":17632,"comment_status":"closed","ping_status":"open","sticky":false,"template":"","format":"standard","meta":{"ngg_post_thumbnail":0,"footnotes":""},"categories":[46],"tags":[],"class_list":["post-17631","post","type-post","status-publish","format-standard","has-post-thumbnail","hentry","category-movilidad-urbana"],"yoast_head":"<!-- This site is optimized with the Yoast SEO plugin v27.5 - https:\/\/yoast.com\/product\/yoast-seo-wordpress\/ -->\n<title>El Pleno aprobar\u00e1 la nueva Ordenanza Reguladora de Ocupaci\u00f3n de V\u00eda P\u00fablica por obras y actualizar\u00e1 su precio - MI Ayuntamiento de Caudete<\/title>\n<meta name=\"description\" content=\"P\u00e1gina Oficial del Ayuntamiento de Caudete (Albacete)\" \/>\n<meta name=\"robots\" content=\"index, follow, max-snippet:-1, max-image-preview:large, max-video-preview:-1\" \/>\n<link rel=\"canonical\" href=\"https:\/\/www.caudete.org\/ayuntamiento\/el-pleno-aprobara-una-la-nueva-ordenanza-de-ocupacion-de-via-publica-por-obras-y-actualizara-su-precio\/\" \/>\n<meta property=\"og:locale\" content=\"es_ES\" \/>\n<meta property=\"og:type\" content=\"article\" \/>\n<meta property=\"og:title\" content=\"El Pleno aprobar\u00e1 la nueva Ordenanza Reguladora de Ocupaci\u00f3n de V\u00eda P\u00fablica por obras y actualizar\u00e1 su precio - MI Ayuntamiento de Caudete\" \/>\n<meta property=\"og:description\" content=\"P\u00e1gina Oficial del Ayuntamiento de Caudete (Albacete)\" \/>\n<meta property=\"og:url\" content=\"https:\/\/www.caudete.org\/ayuntamiento\/el-pleno-aprobara-una-la-nueva-ordenanza-de-ocupacion-de-via-publica-por-obras-y-actualizara-su-precio\/\" \/>\n<meta property=\"og:site_name\" content=\"MI Ayuntamiento de Caudete\" \/>\n<meta property=\"article:publisher\" content=\"https:\/\/www.facebook.com\/ayuntamientocaudete\/\" \/>\n<meta property=\"article:published_time\" content=\"2021-12-22T16:11:29+00:00\" \/>\n<meta property=\"article:modified_time\" content=\"2021-12-22T16:15:15+00:00\" \/>\n<meta property=\"og:image\" content=\"https:\/\/www.caudete.org\/ayuntamiento\/wp-content\/uploads\/2021\/12\/c5f8455e8a9e429ba59dfd48e21c80f6.jpeg\" \/>\n\t<meta property=\"og:image:width\" content=\"1920\" \/>\n\t<meta property=\"og:image:height\" content=\"1080\" \/>\n\t<meta property=\"og:image:type\" content=\"image\/jpeg\" \/>\n<meta name=\"author\" content=\"alcalde\" \/>\n<meta name=\"twitter:card\" content=\"summary_large_image\" \/>\n<meta name=\"twitter:label1\" content=\"Escrito por\" \/>\n\t<meta name=\"twitter:data1\" content=\"alcalde\" \/>\n\t<meta name=\"twitter:label2\" content=\"Tiempo de lectura\" \/>\n\t<meta name=\"twitter:data2\" content=\"1 minuto\" \/>\n<script type=\"application\/ld+json\" class=\"yoast-schema-graph\">{\"@context\":\"https:\\\/\\\/schema.org\",\"@graph\":[{\"@type\":\"Article\",\"@id\":\"https:\\\/\\\/www.caudete.org\\\/ayuntamiento\\\/el-pleno-aprobara-una-la-nueva-ordenanza-de-ocupacion-de-via-publica-por-obras-y-actualizara-su-precio\\\/#article\",\"isPartOf\":{\"@id\":\"https:\\\/\\\/www.caudete.org\\\/ayuntamiento\\\/el-pleno-aprobara-una-la-nueva-ordenanza-de-ocupacion-de-via-publica-por-obras-y-actualizara-su-precio\\\/\"},\"author\":{\"name\":\"alcalde\",\"@id\":\"https:\\\/\\\/www.caudete.org\\\/ayuntamiento\\\/#\\\/schema\\\/person\\\/cc646da9133078ee4d8dd47457947253\"},\"headline\":\"El Pleno aprobar\u00e1 la nueva Ordenanza Reguladora de Ocupaci\u00f3n de V\u00eda P\u00fablica por obras y actualizar\u00e1 su precio\",\"datePublished\":\"2021-12-22T16:11:29+00:00\",\"dateModified\":\"2021-12-22T16:15:15+00:00\",\"mainEntityOfPage\":{\"@id\":\"https:\\\/\\\/www.caudete.org\\\/ayuntamiento\\\/el-pleno-aprobara-una-la-nueva-ordenanza-de-ocupacion-de-via-publica-por-obras-y-actualizara-su-precio\\\/\"},\"wordCount\":224,\"image\":{\"@id\":\"https:\\\/\\\/www.caudete.org\\\/ayuntamiento\\\/el-pleno-aprobara-una-la-nueva-ordenanza-de-ocupacion-de-via-publica-por-obras-y-actualizara-su-precio\\\/#primaryimage\"},\"thumbnailUrl\":\"https:\\\/\\\/www.caudete.org\\\/ayuntamiento\\\/wp-content\\\/uploads\\\/2021\\\/12\\\/c5f8455e8a9e429ba59dfd48e21c80f6.jpeg\",\"articleSection\":[\"Movilidad Urbana\"],\"inLanguage\":\"es\"},{\"@type\":\"WebPage\",\"@id\":\"https:\\\/\\\/www.caudete.org\\\/ayuntamiento\\\/el-pleno-aprobara-una-la-nueva-ordenanza-de-ocupacion-de-via-publica-por-obras-y-actualizara-su-precio\\\/\",\"url\":\"https:\\\/\\\/www.caudete.org\\\/ayuntamiento\\\/el-pleno-aprobara-una-la-nueva-ordenanza-de-ocupacion-de-via-publica-por-obras-y-actualizara-su-precio\\\/\",\"name\":\"El Pleno aprobar\u00e1 la nueva Ordenanza Reguladora de Ocupaci\u00f3n de V\u00eda P\u00fablica por obras y actualizar\u00e1 su precio - MI Ayuntamiento de Caudete\",\"isPartOf\":{\"@id\":\"https:\\\/\\\/www.caudete.org\\\/ayuntamiento\\\/#website\"},\"primaryImageOfPage\":{\"@id\":\"https:\\\/\\\/www.caudete.org\\\/ayuntamiento\\\/el-pleno-aprobara-una-la-nueva-ordenanza-de-ocupacion-de-via-publica-por-obras-y-actualizara-su-precio\\\/#primaryimage\"},\"image\":{\"@id\":\"https:\\\/\\\/www.caudete.org\\\/ayuntamiento\\\/el-pleno-aprobara-una-la-nueva-ordenanza-de-ocupacion-de-via-publica-por-obras-y-actualizara-su-precio\\\/#primaryimage\"},\"thumbnailUrl\":\"https:\\\/\\\/www.caudete.org\\\/ayuntamiento\\\/wp-content\\\/uploads\\\/2021\\\/12\\\/c5f8455e8a9e429ba59dfd48e21c80f6.jpeg\",\"datePublished\":\"2021-12-22T16:11:29+00:00\",\"dateModified\":\"2021-12-22T16:15:15+00:00\",\"author\":{\"@id\":\"https:\\\/\\\/www.caudete.org\\\/ayuntamiento\\\/#\\\/schema\\\/person\\\/cc646da9133078ee4d8dd47457947253\"},\"description\":\"P\u00e1gina Oficial del Ayuntamiento de Caudete (Albacete)\",\"breadcrumb\":{\"@id\":\"https:\\\/\\\/www.caudete.org\\\/ayuntamiento\\\/el-pleno-aprobara-una-la-nueva-ordenanza-de-ocupacion-de-via-publica-por-obras-y-actualizara-su-precio\\\/#breadcrumb\"},\"inLanguage\":\"es\",\"potentialAction\":[{\"@type\":\"ReadAction\",\"target\":[\"https:\\\/\\\/www.caudete.org\\\/ayuntamiento\\\/el-pleno-aprobara-una-la-nueva-ordenanza-de-ocupacion-de-via-publica-por-obras-y-actualizara-su-precio\\\/\"]}]},{\"@type\":\"ImageObject\",\"inLanguage\":\"es\",\"@id\":\"https:\\\/\\\/www.caudete.org\\\/ayuntamiento\\\/el-pleno-aprobara-una-la-nueva-ordenanza-de-ocupacion-de-via-publica-por-obras-y-actualizara-su-precio\\\/#primaryimage\",\"url\":\"https:\\\/\\\/www.caudete.org\\\/ayuntamiento\\\/wp-content\\\/uploads\\\/2021\\\/12\\\/c5f8455e8a9e429ba59dfd48e21c80f6.jpeg\",\"contentUrl\":\"https:\\\/\\\/www.caudete.org\\\/ayuntamiento\\\/wp-content\\\/uploads\\\/2021\\\/12\\\/c5f8455e8a9e429ba59dfd48e21c80f6.jpeg\",\"width\":1920,\"height\":1080},{\"@type\":\"BreadcrumbList\",\"@id\":\"https:\\\/\\\/www.caudete.org\\\/ayuntamiento\\\/el-pleno-aprobara-una-la-nueva-ordenanza-de-ocupacion-de-via-publica-por-obras-y-actualizara-su-precio\\\/#breadcrumb\",\"itemListElement\":[{\"@type\":\"ListItem\",\"position\":1,\"name\":\"Inicio\",\"item\":\"https:\\\/\\\/www.caudete.org\\\/ayuntamiento\\\/\"},{\"@type\":\"ListItem\",\"position\":2,\"name\":\"El Pleno aprobar\u00e1 la nueva Ordenanza Reguladora de Ocupaci\u00f3n de V\u00eda P\u00fablica por obras y actualizar\u00e1 su precio\"}]},{\"@type\":\"WebSite\",\"@id\":\"https:\\\/\\\/www.caudete.org\\\/ayuntamiento\\\/#website\",\"url\":\"https:\\\/\\\/www.caudete.org\\\/ayuntamiento\\\/\",\"name\":\"MI Ayuntamiento de Caudete\",\"description\":\"P\u00e1gina Oficial del MI Ayuntamiento de Caudete\",\"potentialAction\":[{\"@type\":\"SearchAction\",\"target\":{\"@type\":\"EntryPoint\",\"urlTemplate\":\"https:\\\/\\\/www.caudete.org\\\/ayuntamiento\\\/?s={search_term_string}\"},\"query-input\":{\"@type\":\"PropertyValueSpecification\",\"valueRequired\":true,\"valueName\":\"search_term_string\"}}],\"inLanguage\":\"es\"},{\"@type\":\"Person\",\"@id\":\"https:\\\/\\\/www.caudete.org\\\/ayuntamiento\\\/#\\\/schema\\\/person\\\/cc646da9133078ee4d8dd47457947253\",\"name\":\"alcalde\",\"image\":{\"@type\":\"ImageObject\",\"inLanguage\":\"es\",\"@id\":\"https:\\\/\\\/secure.gravatar.com\\\/avatar\\\/84a817ba065b29ff08d666b215a215f5c79186a645ccb25b14a663d48a130f77?s=96&d=mm&r=g\",\"url\":\"https:\\\/\\\/secure.gravatar.com\\\/avatar\\\/84a817ba065b29ff08d666b215a215f5c79186a645ccb25b14a663d48a130f77?s=96&d=mm&r=g\",\"contentUrl\":\"https:\\\/\\\/secure.gravatar.com\\\/avatar\\\/84a817ba065b29ff08d666b215a215f5c79186a645ccb25b14a663d48a130f77?s=96&d=mm&r=g\",\"caption\":\"alcalde\"},\"url\":\"https:\\\/\\\/www.caudete.org\\\/ayuntamiento\\\/author\\\/alcalde\\\/\"}]}<\/script>\n<!-- \/ Yoast SEO plugin. -->","yoast_head_json":{"title":"El Pleno aprobar\u00e1 la nueva Ordenanza Reguladora de Ocupaci\u00f3n de V\u00eda P\u00fablica por obras y actualizar\u00e1 su precio - MI Ayuntamiento de Caudete","description":"P\u00e1gina Oficial del Ayuntamiento de Caudete (Albacete)","robots":{"index":"index","follow":"follow","max-snippet":"max-snippet:-1","max-image-preview":"max-image-preview:large","max-video-preview":"max-video-preview:-1"},"canonical":"https:\/\/www.caudete.org\/ayuntamiento\/el-pleno-aprobara-una-la-nueva-ordenanza-de-ocupacion-de-via-publica-por-obras-y-actualizara-su-precio\/","og_locale":"es_ES","og_type":"article","og_title":"El Pleno aprobar\u00e1 la nueva Ordenanza Reguladora de Ocupaci\u00f3n de V\u00eda P\u00fablica por obras y actualizar\u00e1 su precio - MI Ayuntamiento de Caudete","og_description":"P\u00e1gina Oficial del Ayuntamiento de Caudete (Albacete)","og_url":"https:\/\/www.caudete.org\/ayuntamiento\/el-pleno-aprobara-una-la-nueva-ordenanza-de-ocupacion-de-via-publica-por-obras-y-actualizara-su-precio\/","og_site_name":"MI Ayuntamiento de Caudete","article_publisher":"https:\/\/www.facebook.com\/ayuntamientocaudete\/","article_published_time":"2021-12-22T16:11:29+00:00","article_modified_time":"2021-12-22T16:15:15+00:00","og_image":[{"width":1920,"height":1080,"url":"https:\/\/www.caudete.org\/ayuntamiento\/wp-content\/uploads\/2021\/12\/c5f8455e8a9e429ba59dfd48e21c80f6.jpeg","type":"image\/jpeg"}],"author":"alcalde","twitter_card":"summary_large_image","twitter_misc":{"Escrito por":"alcalde","Tiempo de lectura":"1 minuto"},"schema":{"@context":"https:\/\/schema.org","@graph":[{"@type":"Article","@id":"https:\/\/www.caudete.org\/ayuntamiento\/el-pleno-aprobara-una-la-nueva-ordenanza-de-ocupacion-de-via-publica-por-obras-y-actualizara-su-precio\/#article","isPartOf":{"@id":"https:\/\/www.caudete.org\/ayuntamiento\/el-pleno-aprobara-una-la-nueva-ordenanza-de-ocupacion-de-via-publica-por-obras-y-actualizara-su-precio\/"},"author":{"name":"alcalde","@id":"https:\/\/www.caudete.org\/ayuntamiento\/#\/schema\/person\/cc646da9133078ee4d8dd47457947253"},"headline":"El Pleno aprobar\u00e1 la nueva Ordenanza Reguladora de Ocupaci\u00f3n de V\u00eda P\u00fablica por obras y actualizar\u00e1 su precio","datePublished":"2021-12-22T16:11:29+00:00","dateModified":"2021-12-22T16:15:15+00:00","mainEntityOfPage":{"@id":"https:\/\/www.caudete.org\/ayuntamiento\/el-pleno-aprobara-una-la-nueva-ordenanza-de-ocupacion-de-via-publica-por-obras-y-actualizara-su-precio\/"},"wordCount":224,"image":{"@id":"https:\/\/www.caudete.org\/ayuntamiento\/el-pleno-aprobara-una-la-nueva-ordenanza-de-ocupacion-de-via-publica-por-obras-y-actualizara-su-precio\/#primaryimage"},"thumbnailUrl":"https:\/\/www.caudete.org\/ayuntamiento\/wp-content\/uploads\/2021\/12\/c5f8455e8a9e429ba59dfd48e21c80f6.jpeg","articleSection":["Movilidad Urbana"],"inLanguage":"es"},{"@type":"WebPage","@id":"https:\/\/www.caudete.org\/ayuntamiento\/el-pleno-aprobara-una-la-nueva-ordenanza-de-ocupacion-de-via-publica-por-obras-y-actualizara-su-precio\/","url":"https:\/\/www.caudete.org\/ayuntamiento\/el-pleno-aprobara-una-la-nueva-ordenanza-de-ocupacion-de-via-publica-por-obras-y-actualizara-su-precio\/","name":"El Pleno aprobar\u00e1 la nueva Ordenanza Reguladora de Ocupaci\u00f3n de V\u00eda P\u00fablica por obras y actualizar\u00e1 su precio - MI Ayuntamiento de Caudete","isPartOf":{"@id":"https:\/\/www.caudete.org\/ayuntamiento\/#website"},"primaryImageOfPage":{"@id":"https:\/\/www.caudete.org\/ayuntamiento\/el-pleno-aprobara-una-la-nueva-ordenanza-de-ocupacion-de-via-publica-por-obras-y-actualizara-su-precio\/#primaryimage"},"image":{"@id":"https:\/\/www.caudete.org\/ayuntamiento\/el-pleno-aprobara-una-la-nueva-ordenanza-de-ocupacion-de-via-publica-por-obras-y-actualizara-su-precio\/#primaryimage"},"thumbnailUrl":"https:\/\/www.caudete.org\/ayuntamiento\/wp-content\/uploads\/2021\/12\/c5f8455e8a9e429ba59dfd48e21c80f6.jpeg","datePublished":"2021-12-22T16:11:29+00:00","dateModified":"2021-12-22T16:15:15+00:00","author":{"@id":"https:\/\/www.caudete.org\/ayuntamiento\/#\/schema\/person\/cc646da9133078ee4d8dd47457947253"},"description":"P\u00e1gina Oficial del Ayuntamiento de Caudete (Albacete)","breadcrumb":{"@id":"https:\/\/www.caudete.org\/ayuntamiento\/el-pleno-aprobara-una-la-nueva-ordenanza-de-ocupacion-de-via-publica-por-obras-y-actualizara-su-precio\/#breadcrumb"},"inLanguage":"es","potentialAction":[{"@type":"ReadAction","target":["https:\/\/www.caudete.org\/ayuntamiento\/el-pleno-aprobara-una-la-nueva-ordenanza-de-ocupacion-de-via-publica-por-obras-y-actualizara-su-precio\/"]}]},{"@type":"ImageObject","inLanguage":"es","@id":"https:\/\/www.caudete.org\/ayuntamiento\/el-pleno-aprobara-una-la-nueva-ordenanza-de-ocupacion-de-via-publica-por-obras-y-actualizara-su-precio\/#primaryimage","url":"https:\/\/www.caudete.org\/ayuntamiento\/wp-content\/uploads\/2021\/12\/c5f8455e8a9e429ba59dfd48e21c80f6.jpeg","contentUrl":"https:\/\/www.caudete.org\/ayuntamiento\/wp-content\/uploads\/2021\/12\/c5f8455e8a9e429ba59dfd48e21c80f6.jpeg","width":1920,"height":1080},{"@type":"BreadcrumbList","@id":"https:\/\/www.caudete.org\/ayuntamiento\/el-pleno-aprobara-una-la-nueva-ordenanza-de-ocupacion-de-via-publica-por-obras-y-actualizara-su-precio\/#breadcrumb","itemListElement":[{"@type":"ListItem","position":1,"name":"Inicio","item":"https:\/\/www.caudete.org\/ayuntamiento\/"},{"@type":"ListItem","position":2,"name":"El Pleno aprobar\u00e1 la nueva Ordenanza Reguladora de Ocupaci\u00f3n de V\u00eda P\u00fablica por obras y actualizar\u00e1 su precio"}]},{"@type":"WebSite","@id":"https:\/\/www.caudete.org\/ayuntamiento\/#website","url":"https:\/\/www.caudete.org\/ayuntamiento\/","name":"MI Ayuntamiento de Caudete","description":"P\u00e1gina Oficial del MI Ayuntamiento de Caudete","potentialAction":[{"@type":"SearchAction","target":{"@type":"EntryPoint","urlTemplate":"https:\/\/www.caudete.org\/ayuntamiento\/?s={search_term_string}"},"query-input":{"@type":"PropertyValueSpecification","valueRequired":true,"valueName":"search_term_string"}}],"inLanguage":"es"},{"@type":"Person","@id":"https:\/\/www.caudete.org\/ayuntamiento\/#\/schema\/person\/cc646da9133078ee4d8dd47457947253","name":"alcalde","image":{"@type":"ImageObject","inLanguage":"es","@id":"https:\/\/secure.gravatar.com\/avatar\/84a817ba065b29ff08d666b215a215f5c79186a645ccb25b14a663d48a130f77?s=96&d=mm&r=g","url":"https:\/\/secure.gravatar.com\/avatar\/84a817ba065b29ff08d666b215a215f5c79186a645ccb25b14a663d48a130f77?s=96&d=mm&r=g","contentUrl":"https:\/\/secure.gravatar.com\/avatar\/84a817ba065b29ff08d666b215a215f5c79186a645ccb25b14a663d48a130f77?s=96&d=mm&r=g","caption":"alcalde"},"url":"https:\/\/www.caudete.org\/ayuntamiento\/author\/alcalde\/"}]}},"_links":{"self":[{"href":"https:\/\/www.caudete.org\/ayuntamiento\/wp-json\/wp\/v2\/posts\/17631","targetHints":{"allow":["GET"]}}],"collection":[{"href":"https:\/\/www.caudete.org\/ayuntamiento\/wp-json\/wp\/v2\/posts"}],"about":[{"href":"https:\/\/www.caudete.org\/ayuntamiento\/wp-json\/wp\/v2\/types\/post"}],"author":[{"embeddable":true,"href":"https:\/\/www.caudete.org\/ayuntamiento\/wp-json\/wp\/v2\/users\/3"}],"replies":[{"embeddable":true,"href":"https:\/\/www.caudete.org\/ayuntamiento\/wp-json\/wp\/v2\/comments?post=17631"}],"version-history":[{"count":2,"href":"https:\/\/www.caudete.org\/ayuntamiento\/wp-json\/wp\/v2\/posts\/17631\/revisions"}],"predecessor-version":[{"id":17634,"href":"https:\/\/www.caudete.org\/ayuntamiento\/wp-json\/wp\/v2\/posts\/17631\/revisions\/17634"}],"wp:featuredmedia":[{"embeddable":true,"href":"https:\/\/www.caudete.org\/ayuntamiento\/wp-json\/wp\/v2\/media\/17632"}],"wp:attachment":[{"href":"https:\/\/www.caudete.org\/ayuntamiento\/wp-json\/wp\/v2\/media?parent=17631"}],"wp:term":[{"taxonomy":"category","embeddable":true,"href":"https:\/\/www.caudete.org\/ayuntamiento\/wp-json\/wp\/v2\/categories?post=17631"},{"taxonomy":"post_tag","embeddable":true,"href":"https:\/\/www.caudete.org\/ayuntamiento\/wp-json\/wp\/v2\/tags?post=17631"}],"curies":[{"name":"wp","href":"https:\/\/api.w.org\/{rel}","templated":true}]}}