{"id":17643,"date":"2021-12-23T15:08:57","date_gmt":"2021-12-23T14:08:57","guid":{"rendered":"https:\/\/www.caudete.org\/ayuntamiento\/?p=17643"},"modified":"2021-12-23T18:21:34","modified_gmt":"2021-12-23T17:21:34","slug":"navidad-en-compania-ningun-mayor-solo","status":"publish","type":"post","link":"https:\/\/www.caudete.org\/ayuntamiento\/navidad-en-compania-ningun-mayor-solo\/","title":{"rendered":"&#8220;Navidad en compa\u00f1\u00eda. Ning\u00fan mayor solo&#8221;"},"content":{"rendered":"<p style=\"text-align: justify;\">La Concejal\u00eda de Bienestar Social, junto a la Residencia de Ancianos &#8220;San Juan Evangelista&#8221; pone en marcha un a\u00f1o m\u00e1s la campa\u00f1a impulsada por la Consejer\u00eda de Bienestar Social <strong>\u201cNavidad en compa\u00f1\u00eda. Ning\u00fan mayor solo\u201c<\/strong>.<\/p>\n<p style=\"text-align: justify;\">De esta campa\u00f1a pueden beneficiarse todas las personas mayores de 60 a\u00f1os de nuestra poblaci\u00f3n, los hijos con discapacidad de \u00e9stas personas mayores, as\u00ed como todos los padres y madres de hijos con discapacidad que viven en los centros residenciales. De manera presencial, con estancias temporales en la residencia para pasar estas fechas tan se\u00f1aladas, y as\u00ed poder hacer frente a la soledad no deseada de las personas mayores, pudiendo ser desde el 22 de Diciembre del 2021 al 7 de enero del 2022, de manera completa o fraccionada en los d\u00edas que lo soliciten.<\/p>\n<p style=\"text-align: justify;\">Agradecemos el trabajo de Acescam que durante estos d\u00edas van a poner todo su esfuerzo y\u00a0 dedicaci\u00f3n para aquellas personas que aquellas personas que no quieren estar solas, no lo est\u00e9n.<\/p>\n<p style=\"text-align: justify;\">Si quieren solicitar dicho servicio pueden contactar con la Residencia de Ancianos al tel\u00e9fono 96.582.7.76 o llamando al tel\u00e9fono de Servicios Sociales 96.582.79.33<\/p>\n<p style=\"text-align: justify;\">As\u00ed mismo si alguna persona conoce a alguien que vaya a pasar sola las Navidades nos lo puede dar a conocer. Desde Servicios Sociales ayudamos a impulsar esta iniciativa social de la JCCM tan importante en estas fechas. Queremos seguir ofreciendo a nuestros mayores la Navidad garantizando en todo momento\u00a0 su salud y seguridad.<\/p>\n<p>&nbsp;<\/p>\n","protected":false},"excerpt":{"rendered":"<p>La Concejal\u00eda de Bienestar Social, junto a la Residencia de Ancianos &#8220;San Juan Evangelista&#8221; pone en marcha un a\u00f1o m\u00e1s la campa\u00f1a impulsada por la Consejer\u00eda de Bienestar Social \u201cNavidad en compa\u00f1\u00eda. Ning\u00fan mayor solo\u201c. De esta campa\u00f1a pueden beneficiarse todas las personas mayores de 60 a\u00f1os de nuestra poblaci\u00f3n, los hijos con discapacidad de &hellip;<\/p>\n","protected":false},"author":3,"featured_media":17646,"comment_status":"closed","ping_status":"open","sticky":false,"template":"","format":"standard","meta":{"ngg_post_thumbnail":0,"footnotes":""},"categories":[51],"tags":[],"class_list":["post-17643","post","type-post","status-publish","format-standard","has-post-thumbnail","hentry","category-bienestar-social"],"yoast_head":"<!-- This site is optimized with the Yoast SEO plugin v27.5 - https:\/\/yoast.com\/product\/yoast-seo-wordpress\/ -->\n<title>&quot;Navidad en compa\u00f1\u00eda. Ning\u00fan mayor solo&quot; - MI Ayuntamiento de Caudete<\/title>\n<meta name=\"description\" content=\"P\u00e1gina Oficial del Ayuntamiento de Caudete (Albacete)\" \/>\n<meta name=\"robots\" content=\"index, follow, max-snippet:-1, max-image-preview:large, max-video-preview:-1\" \/>\n<link rel=\"canonical\" href=\"https:\/\/www.caudete.org\/ayuntamiento\/navidad-en-compania-ningun-mayor-solo\/\" \/>\n<meta property=\"og:locale\" content=\"es_ES\" \/>\n<meta property=\"og:type\" content=\"article\" \/>\n<meta property=\"og:title\" content=\"&quot;Navidad en compa\u00f1\u00eda. Ning\u00fan mayor solo&quot; - MI Ayuntamiento de Caudete\" \/>\n<meta property=\"og:description\" content=\"P\u00e1gina Oficial del Ayuntamiento de Caudete (Albacete)\" \/>\n<meta property=\"og:url\" content=\"https:\/\/www.caudete.org\/ayuntamiento\/navidad-en-compania-ningun-mayor-solo\/\" \/>\n<meta property=\"og:site_name\" content=\"MI Ayuntamiento de Caudete\" \/>\n<meta property=\"article:publisher\" content=\"https:\/\/www.facebook.com\/ayuntamientocaudete\/\" \/>\n<meta property=\"article:published_time\" content=\"2021-12-23T14:08:57+00:00\" \/>\n<meta property=\"article:modified_time\" content=\"2021-12-23T17:21:34+00:00\" \/>\n<meta property=\"og:image\" content=\"https:\/\/www.caudete.org\/ayuntamiento\/wp-content\/uploads\/2021\/12\/Navidad-en-compania-WEB.jpg\" \/>\n\t<meta property=\"og:image:width\" content=\"864\" \/>\n\t<meta property=\"og:image:height\" content=\"380\" \/>\n\t<meta property=\"og:image:type\" content=\"image\/jpeg\" \/>\n<meta name=\"author\" content=\"alcalde\" \/>\n<meta name=\"twitter:card\" content=\"summary_large_image\" \/>\n<meta name=\"twitter:label1\" content=\"Escrito por\" \/>\n\t<meta name=\"twitter:data1\" content=\"alcalde\" \/>\n\t<meta name=\"twitter:label2\" content=\"Tiempo de lectura\" \/>\n\t<meta name=\"twitter:data2\" content=\"2 minutos\" \/>\n<script type=\"application\/ld+json\" class=\"yoast-schema-graph\">{\"@context\":\"https:\\\/\\\/schema.org\",\"@graph\":[{\"@type\":\"Article\",\"@id\":\"https:\\\/\\\/www.caudete.org\\\/ayuntamiento\\\/navidad-en-compania-ningun-mayor-solo\\\/#article\",\"isPartOf\":{\"@id\":\"https:\\\/\\\/www.caudete.org\\\/ayuntamiento\\\/navidad-en-compania-ningun-mayor-solo\\\/\"},\"author\":{\"name\":\"alcalde\",\"@id\":\"https:\\\/\\\/www.caudete.org\\\/ayuntamiento\\\/#\\\/schema\\\/person\\\/cc646da9133078ee4d8dd47457947253\"},\"headline\":\"&#8220;Navidad en compa\u00f1\u00eda. Ning\u00fan mayor solo&#8221;\",\"datePublished\":\"2021-12-23T14:08:57+00:00\",\"dateModified\":\"2021-12-23T17:21:34+00:00\",\"mainEntityOfPage\":{\"@id\":\"https:\\\/\\\/www.caudete.org\\\/ayuntamiento\\\/navidad-en-compania-ningun-mayor-solo\\\/\"},\"wordCount\":257,\"image\":{\"@id\":\"https:\\\/\\\/www.caudete.org\\\/ayuntamiento\\\/navidad-en-compania-ningun-mayor-solo\\\/#primaryimage\"},\"thumbnailUrl\":\"https:\\\/\\\/www.caudete.org\\\/ayuntamiento\\\/wp-content\\\/uploads\\\/2021\\\/12\\\/Navidad-en-compania-WEB.jpg\",\"articleSection\":[\"Bienestar Social\"],\"inLanguage\":\"es\"},{\"@type\":\"WebPage\",\"@id\":\"https:\\\/\\\/www.caudete.org\\\/ayuntamiento\\\/navidad-en-compania-ningun-mayor-solo\\\/\",\"url\":\"https:\\\/\\\/www.caudete.org\\\/ayuntamiento\\\/navidad-en-compania-ningun-mayor-solo\\\/\",\"name\":\"\\\"Navidad en compa\u00f1\u00eda. Ning\u00fan mayor solo\\\" - MI Ayuntamiento de Caudete\",\"isPartOf\":{\"@id\":\"https:\\\/\\\/www.caudete.org\\\/ayuntamiento\\\/#website\"},\"primaryImageOfPage\":{\"@id\":\"https:\\\/\\\/www.caudete.org\\\/ayuntamiento\\\/navidad-en-compania-ningun-mayor-solo\\\/#primaryimage\"},\"image\":{\"@id\":\"https:\\\/\\\/www.caudete.org\\\/ayuntamiento\\\/navidad-en-compania-ningun-mayor-solo\\\/#primaryimage\"},\"thumbnailUrl\":\"https:\\\/\\\/www.caudete.org\\\/ayuntamiento\\\/wp-content\\\/uploads\\\/2021\\\/12\\\/Navidad-en-compania-WEB.jpg\",\"datePublished\":\"2021-12-23T14:08:57+00:00\",\"dateModified\":\"2021-12-23T17:21:34+00:00\",\"author\":{\"@id\":\"https:\\\/\\\/www.caudete.org\\\/ayuntamiento\\\/#\\\/schema\\\/person\\\/cc646da9133078ee4d8dd47457947253\"},\"description\":\"P\u00e1gina Oficial del Ayuntamiento de Caudete (Albacete)\",\"breadcrumb\":{\"@id\":\"https:\\\/\\\/www.caudete.org\\\/ayuntamiento\\\/navidad-en-compania-ningun-mayor-solo\\\/#breadcrumb\"},\"inLanguage\":\"es\",\"potentialAction\":[{\"@type\":\"ReadAction\",\"target\":[\"https:\\\/\\\/www.caudete.org\\\/ayuntamiento\\\/navidad-en-compania-ningun-mayor-solo\\\/\"]}]},{\"@type\":\"ImageObject\",\"inLanguage\":\"es\",\"@id\":\"https:\\\/\\\/www.caudete.org\\\/ayuntamiento\\\/navidad-en-compania-ningun-mayor-solo\\\/#primaryimage\",\"url\":\"https:\\\/\\\/www.caudete.org\\\/ayuntamiento\\\/wp-content\\\/uploads\\\/2021\\\/12\\\/Navidad-en-compania-WEB.jpg\",\"contentUrl\":\"https:\\\/\\\/www.caudete.org\\\/ayuntamiento\\\/wp-content\\\/uploads\\\/2021\\\/12\\\/Navidad-en-compania-WEB.jpg\",\"width\":864,\"height\":380},{\"@type\":\"BreadcrumbList\",\"@id\":\"https:\\\/\\\/www.caudete.org\\\/ayuntamiento\\\/navidad-en-compania-ningun-mayor-solo\\\/#breadcrumb\",\"itemListElement\":[{\"@type\":\"ListItem\",\"position\":1,\"name\":\"Inicio\",\"item\":\"https:\\\/\\\/www.caudete.org\\\/ayuntamiento\\\/\"},{\"@type\":\"ListItem\",\"position\":2,\"name\":\"&#8220;Navidad en compa\u00f1\u00eda. Ning\u00fan mayor solo&#8221;\"}]},{\"@type\":\"WebSite\",\"@id\":\"https:\\\/\\\/www.caudete.org\\\/ayuntamiento\\\/#website\",\"url\":\"https:\\\/\\\/www.caudete.org\\\/ayuntamiento\\\/\",\"name\":\"MI Ayuntamiento de Caudete\",\"description\":\"P\u00e1gina Oficial del MI Ayuntamiento de Caudete\",\"potentialAction\":[{\"@type\":\"SearchAction\",\"target\":{\"@type\":\"EntryPoint\",\"urlTemplate\":\"https:\\\/\\\/www.caudete.org\\\/ayuntamiento\\\/?s={search_term_string}\"},\"query-input\":{\"@type\":\"PropertyValueSpecification\",\"valueRequired\":true,\"valueName\":\"search_term_string\"}}],\"inLanguage\":\"es\"},{\"@type\":\"Person\",\"@id\":\"https:\\\/\\\/www.caudete.org\\\/ayuntamiento\\\/#\\\/schema\\\/person\\\/cc646da9133078ee4d8dd47457947253\",\"name\":\"alcalde\",\"image\":{\"@type\":\"ImageObject\",\"inLanguage\":\"es\",\"@id\":\"https:\\\/\\\/secure.gravatar.com\\\/avatar\\\/84a817ba065b29ff08d666b215a215f5c79186a645ccb25b14a663d48a130f77?s=96&d=mm&r=g\",\"url\":\"https:\\\/\\\/secure.gravatar.com\\\/avatar\\\/84a817ba065b29ff08d666b215a215f5c79186a645ccb25b14a663d48a130f77?s=96&d=mm&r=g\",\"contentUrl\":\"https:\\\/\\\/secure.gravatar.com\\\/avatar\\\/84a817ba065b29ff08d666b215a215f5c79186a645ccb25b14a663d48a130f77?s=96&d=mm&r=g\",\"caption\":\"alcalde\"},\"url\":\"https:\\\/\\\/www.caudete.org\\\/ayuntamiento\\\/author\\\/alcalde\\\/\"}]}<\/script>\n<!-- \/ Yoast SEO plugin. -->","yoast_head_json":{"title":"\"Navidad en compa\u00f1\u00eda. Ning\u00fan mayor solo\" - MI Ayuntamiento de Caudete","description":"P\u00e1gina Oficial del Ayuntamiento de Caudete (Albacete)","robots":{"index":"index","follow":"follow","max-snippet":"max-snippet:-1","max-image-preview":"max-image-preview:large","max-video-preview":"max-video-preview:-1"},"canonical":"https:\/\/www.caudete.org\/ayuntamiento\/navidad-en-compania-ningun-mayor-solo\/","og_locale":"es_ES","og_type":"article","og_title":"\"Navidad en compa\u00f1\u00eda. Ning\u00fan mayor solo\" - MI Ayuntamiento de Caudete","og_description":"P\u00e1gina Oficial del Ayuntamiento de Caudete (Albacete)","og_url":"https:\/\/www.caudete.org\/ayuntamiento\/navidad-en-compania-ningun-mayor-solo\/","og_site_name":"MI Ayuntamiento de Caudete","article_publisher":"https:\/\/www.facebook.com\/ayuntamientocaudete\/","article_published_time":"2021-12-23T14:08:57+00:00","article_modified_time":"2021-12-23T17:21:34+00:00","og_image":[{"width":864,"height":380,"url":"https:\/\/www.caudete.org\/ayuntamiento\/wp-content\/uploads\/2021\/12\/Navidad-en-compania-WEB.jpg","type":"image\/jpeg"}],"author":"alcalde","twitter_card":"summary_large_image","twitter_misc":{"Escrito por":"alcalde","Tiempo de lectura":"2 minutos"},"schema":{"@context":"https:\/\/schema.org","@graph":[{"@type":"Article","@id":"https:\/\/www.caudete.org\/ayuntamiento\/navidad-en-compania-ningun-mayor-solo\/#article","isPartOf":{"@id":"https:\/\/www.caudete.org\/ayuntamiento\/navidad-en-compania-ningun-mayor-solo\/"},"author":{"name":"alcalde","@id":"https:\/\/www.caudete.org\/ayuntamiento\/#\/schema\/person\/cc646da9133078ee4d8dd47457947253"},"headline":"&#8220;Navidad en compa\u00f1\u00eda. Ning\u00fan mayor solo&#8221;","datePublished":"2021-12-23T14:08:57+00:00","dateModified":"2021-12-23T17:21:34+00:00","mainEntityOfPage":{"@id":"https:\/\/www.caudete.org\/ayuntamiento\/navidad-en-compania-ningun-mayor-solo\/"},"wordCount":257,"image":{"@id":"https:\/\/www.caudete.org\/ayuntamiento\/navidad-en-compania-ningun-mayor-solo\/#primaryimage"},"thumbnailUrl":"https:\/\/www.caudete.org\/ayuntamiento\/wp-content\/uploads\/2021\/12\/Navidad-en-compania-WEB.jpg","articleSection":["Bienestar Social"],"inLanguage":"es"},{"@type":"WebPage","@id":"https:\/\/www.caudete.org\/ayuntamiento\/navidad-en-compania-ningun-mayor-solo\/","url":"https:\/\/www.caudete.org\/ayuntamiento\/navidad-en-compania-ningun-mayor-solo\/","name":"\"Navidad en compa\u00f1\u00eda. Ning\u00fan mayor solo\" - MI Ayuntamiento de Caudete","isPartOf":{"@id":"https:\/\/www.caudete.org\/ayuntamiento\/#website"},"primaryImageOfPage":{"@id":"https:\/\/www.caudete.org\/ayuntamiento\/navidad-en-compania-ningun-mayor-solo\/#primaryimage"},"image":{"@id":"https:\/\/www.caudete.org\/ayuntamiento\/navidad-en-compania-ningun-mayor-solo\/#primaryimage"},"thumbnailUrl":"https:\/\/www.caudete.org\/ayuntamiento\/wp-content\/uploads\/2021\/12\/Navidad-en-compania-WEB.jpg","datePublished":"2021-12-23T14:08:57+00:00","dateModified":"2021-12-23T17:21:34+00:00","author":{"@id":"https:\/\/www.caudete.org\/ayuntamiento\/#\/schema\/person\/cc646da9133078ee4d8dd47457947253"},"description":"P\u00e1gina Oficial del Ayuntamiento de Caudete (Albacete)","breadcrumb":{"@id":"https:\/\/www.caudete.org\/ayuntamiento\/navidad-en-compania-ningun-mayor-solo\/#breadcrumb"},"inLanguage":"es","potentialAction":[{"@type":"ReadAction","target":["https:\/\/www.caudete.org\/ayuntamiento\/navidad-en-compania-ningun-mayor-solo\/"]}]},{"@type":"ImageObject","inLanguage":"es","@id":"https:\/\/www.caudete.org\/ayuntamiento\/navidad-en-compania-ningun-mayor-solo\/#primaryimage","url":"https:\/\/www.caudete.org\/ayuntamiento\/wp-content\/uploads\/2021\/12\/Navidad-en-compania-WEB.jpg","contentUrl":"https:\/\/www.caudete.org\/ayuntamiento\/wp-content\/uploads\/2021\/12\/Navidad-en-compania-WEB.jpg","width":864,"height":380},{"@type":"BreadcrumbList","@id":"https:\/\/www.caudete.org\/ayuntamiento\/navidad-en-compania-ningun-mayor-solo\/#breadcrumb","itemListElement":[{"@type":"ListItem","position":1,"name":"Inicio","item":"https:\/\/www.caudete.org\/ayuntamiento\/"},{"@type":"ListItem","position":2,"name":"&#8220;Navidad en compa\u00f1\u00eda. Ning\u00fan mayor solo&#8221;"}]},{"@type":"WebSite","@id":"https:\/\/www.caudete.org\/ayuntamiento\/#website","url":"https:\/\/www.caudete.org\/ayuntamiento\/","name":"MI Ayuntamiento de Caudete","description":"P\u00e1gina Oficial del MI Ayuntamiento de Caudete","potentialAction":[{"@type":"SearchAction","target":{"@type":"EntryPoint","urlTemplate":"https:\/\/www.caudete.org\/ayuntamiento\/?s={search_term_string}"},"query-input":{"@type":"PropertyValueSpecification","valueRequired":true,"valueName":"search_term_string"}}],"inLanguage":"es"},{"@type":"Person","@id":"https:\/\/www.caudete.org\/ayuntamiento\/#\/schema\/person\/cc646da9133078ee4d8dd47457947253","name":"alcalde","image":{"@type":"ImageObject","inLanguage":"es","@id":"https:\/\/secure.gravatar.com\/avatar\/84a817ba065b29ff08d666b215a215f5c79186a645ccb25b14a663d48a130f77?s=96&d=mm&r=g","url":"https:\/\/secure.gravatar.com\/avatar\/84a817ba065b29ff08d666b215a215f5c79186a645ccb25b14a663d48a130f77?s=96&d=mm&r=g","contentUrl":"https:\/\/secure.gravatar.com\/avatar\/84a817ba065b29ff08d666b215a215f5c79186a645ccb25b14a663d48a130f77?s=96&d=mm&r=g","caption":"alcalde"},"url":"https:\/\/www.caudete.org\/ayuntamiento\/author\/alcalde\/"}]}},"_links":{"self":[{"href":"https:\/\/www.caudete.org\/ayuntamiento\/wp-json\/wp\/v2\/posts\/17643","targetHints":{"allow":["GET"]}}],"collection":[{"href":"https:\/\/www.caudete.org\/ayuntamiento\/wp-json\/wp\/v2\/posts"}],"about":[{"href":"https:\/\/www.caudete.org\/ayuntamiento\/wp-json\/wp\/v2\/types\/post"}],"author":[{"embeddable":true,"href":"https:\/\/www.caudete.org\/ayuntamiento\/wp-json\/wp\/v2\/users\/3"}],"replies":[{"embeddable":true,"href":"https:\/\/www.caudete.org\/ayuntamiento\/wp-json\/wp\/v2\/comments?post=17643"}],"version-history":[{"count":2,"href":"https:\/\/www.caudete.org\/ayuntamiento\/wp-json\/wp\/v2\/posts\/17643\/revisions"}],"predecessor-version":[{"id":17647,"href":"https:\/\/www.caudete.org\/ayuntamiento\/wp-json\/wp\/v2\/posts\/17643\/revisions\/17647"}],"wp:featuredmedia":[{"embeddable":true,"href":"https:\/\/www.caudete.org\/ayuntamiento\/wp-json\/wp\/v2\/media\/17646"}],"wp:attachment":[{"href":"https:\/\/www.caudete.org\/ayuntamiento\/wp-json\/wp\/v2\/media?parent=17643"}],"wp:term":[{"taxonomy":"category","embeddable":true,"href":"https:\/\/www.caudete.org\/ayuntamiento\/wp-json\/wp\/v2\/categories?post=17643"},{"taxonomy":"post_tag","embeddable":true,"href":"https:\/\/www.caudete.org\/ayuntamiento\/wp-json\/wp\/v2\/tags?post=17643"}],"curies":[{"name":"wp","href":"https:\/\/api.w.org\/{rel}","templated":true}]}}