{"id":17663,"date":"2021-12-30T08:49:58","date_gmt":"2021-12-30T07:49:58","guid":{"rendered":"https:\/\/www.caudete.org\/ayuntamiento\/?p=17663"},"modified":"2021-12-30T08:51:23","modified_gmt":"2021-12-30T07:51:23","slug":"licitadas-por-209-68598e-la-adecuacion-del-nuevo-pozo-que-abastecera-a-caudete","status":"publish","type":"post","link":"https:\/\/www.caudete.org\/ayuntamiento\/licitadas-por-209-68598e-la-adecuacion-del-nuevo-pozo-que-abastecera-a-caudete\/","title":{"rendered":"Licitadas por 209.685&#8217;98\u20ac la adecuaci\u00f3n del NUEVO POZO que abastecer\u00e1 a Caudete"},"content":{"rendered":"<p style=\"text-align: justify;\">Hasta el pr\u00f3ximo 7 de Enero est\u00e1 abierto el plazo para presentar ofertas en la Plataforma de Contrataci\u00f3n del Estado a la licitaci\u00f3n que el Ayuntamiento de Caudete ha lanzado con el objetivo de rehabilitar y adecuar el nuevo pozo que abastecer\u00e1 a la poblaci\u00f3n.\u00a0<a href=\"https:\/\/contrataciondelestado.es\/wps\/portal\/!ut\/p\/b0\/DcoxCoAwDADABzlkcRDBQUFwEclUm0WCrRKMbYe279fx4IBgBwpc5eYsMbD-ts77pBKe3vnMqv5QOSXz-QcwQEDi5qpgI3aylHVCM5ar5WlrKioOA6T3HT-fMkh0\/\" target=\"_blank\" rel=\"nofollow\">https:\/\/contrataciondelestado.es\/wps\/portal\/!ut\/p\/b0\/DcoxCoAwDADABzlkcRDBQUFwEclUm0WCrRKMbYe279fx4IBgBwpc5eYsMbD-ts77pBKe3vnMqv5QOSXz-QcwQEDi5qpgI3aylHVCM5ar5WlrKioOA6T3HT-fMkh0\/<\/a><\/p>\n<p style=\"text-align: justify;\">As\u00ed lo anunciaban esta ma\u00f1ana el Alcalde Mois\u00e9s L\u00f3pez junto a la Concejal del Ciclo Integral del Agua Marian Ballester en la Sala de Prensa del Ayuntamiento, resaltando que esta licitaci\u00f3n, la \u00faltima lanzada en el a\u00f1o 2021 es sin duda la m\u00e1s importante no solamente de todo el 2021, sino tambi\u00e9n del presente mandato, pues supone dar continuidad al abastecimiento de agua potable a la poblaci\u00f3n y asegurar el mismo para las pr\u00f3ximas d\u00e9cadas. Incid\u00eda el Alcalde que, esta acci\u00f3n, reflejada en el compromiso del Gobierno Municipal con los caudetanos en Mayo de 2019, se ejecuta destinando los recursos necesarios y con el trabajo de muchos Departamentos Municipales durante dos a\u00f1os de trabajo.<\/p>\n<p style=\"text-align: justify;\">La Concejal, Marian Ballester, continuaba indicando que el sondeo sobre el que se trabaja en la licitaci\u00f3n, fue construido en el a\u00f1o 1989 por la Sociedad Canal de La Huerta (propietarios anteriores del terreno), pero no puesto en uso por causas ajenas al promotor, siendo este sondeo el que dar\u00e1 apoyo a otro situado a 60 metros con el que se abastece el consumo humano de la localidad de Caudete, y que fue objeto de la Sentencia n\u00ba126\/2019 del TSJ-CLM.<\/p>\n<p style=\"text-align: justify;\">El sondeo en cuesti\u00f3n, tiene una\u00a0profundidad perforada de 410 m y un di\u00e1metro de construcci\u00f3n de 700\/500 mm, localiz\u00e1ndose el nivel est\u00e1tico del agua, seg\u00fan estudios recientes a 153&#8217;9 metros de profundidad.<\/p>\n<p style=\"text-align: justify;\">Las actuaciones a realizar establecidas en el Pliego de la Licitaci\u00f3n ofertada consisten en esencia en las siguientes:<\/p>\n<ul style=\"text-align: justify;\">\n<li>Extracci\u00f3n de la tuber\u00eda vieja y rota del pozo, para su posterior entubaci\u00f3n as\u00ed como la limpieza del fondo, con la fabricaci\u00f3n de herramientas de pesca para la extracci\u00f3n de la tuber\u00eda.<\/li>\n<li>Trabajos de testificaci\u00f3n para comprobar el estado del resto de la tuber\u00eda<\/li>\n<li>Aforo del pozo.<\/li>\n<li>Unidad de montaje de tuber\u00eda de acero al carbono de 450&#215;8 mm de di\u00e1metro.<\/li>\n<li>Tuber\u00eda de impulsi\u00f3n de 8\u201d en acero estirado con pletinas, incluido cable el\u00e9ctrico<\/li>\n<li>Suministro y montaje de grupo electrobomba sumergible capaz de dar 80l\/s a 200 mca<\/li>\n<li>Suministro y montaje de cuadro el\u00e9ctrico con autom\u00e1tico 630A y arrancador para 470A.<\/li>\n<\/ul>\n<p style=\"text-align: justify;\">Con esta actuaci\u00f3n, que se estima dure un plazo aproximado de 2 meses, permitir\u00e1 asegurar a futuro el abastecimiento de agua a la poblaci\u00f3n, una cuesti\u00f3n trascendental que no puede ser pasada por alto, y que dar\u00e1 soluci\u00f3n al problema de disminuci\u00f3n progresiva del nivel fre\u00e1tico que los actuales pozos vienen sufriendo.<\/p>\n","protected":false},"excerpt":{"rendered":"<p>Hasta el pr\u00f3ximo 7 de Enero est\u00e1 abierto el plazo para presentar ofertas en la Plataforma de Contrataci\u00f3n del Estado a la licitaci\u00f3n que el Ayuntamiento de Caudete ha lanzado con el objetivo de rehabilitar y adecuar el nuevo pozo que abastecer\u00e1 a la poblaci\u00f3n.\u00a0https:\/\/contrataciondelestado.es\/wps\/portal\/!ut\/p\/b0\/DcoxCoAwDADABzlkcRDBQUFwEclUm0WCrRKMbYe279fx4IBgBwpc5eYsMbD-ts77pBKe3vnMqv5QOSXz-QcwQEDi5qpgI3aylHVCM5ar5WlrKioOA6T3HT-fMkh0\/ As\u00ed lo anunciaban esta ma\u00f1ana el Alcalde Mois\u00e9s L\u00f3pez junto &hellip;<\/p>\n","protected":false},"author":3,"featured_media":17666,"comment_status":"closed","ping_status":"open","sticky":false,"template":"","format":"standard","meta":{"ngg_post_thumbnail":0,"footnotes":""},"categories":[49],"tags":[],"class_list":["post-17663","post","type-post","status-publish","format-standard","has-post-thumbnail","hentry","category-ciclo-integral-del-agua"],"yoast_head":"<!-- This site is optimized with the Yoast SEO plugin v27.5 - https:\/\/yoast.com\/product\/yoast-seo-wordpress\/ -->\n<title>Licitadas por 209.685&#039;98\u20ac la adecuaci\u00f3n del NUEVO POZO que abastecer\u00e1 a Caudete - MI Ayuntamiento de Caudete<\/title>\n<meta name=\"description\" content=\"P\u00e1gina Oficial del Ayuntamiento de Caudete (Albacete)\" \/>\n<meta name=\"robots\" content=\"index, follow, max-snippet:-1, max-image-preview:large, max-video-preview:-1\" \/>\n<link rel=\"canonical\" href=\"https:\/\/www.caudete.org\/ayuntamiento\/licitadas-por-209-68598e-la-adecuacion-del-nuevo-pozo-que-abastecera-a-caudete\/\" \/>\n<meta property=\"og:locale\" content=\"es_ES\" \/>\n<meta property=\"og:type\" content=\"article\" \/>\n<meta property=\"og:title\" content=\"Licitadas por 209.685&#039;98\u20ac la adecuaci\u00f3n del NUEVO POZO que abastecer\u00e1 a Caudete - MI Ayuntamiento de Caudete\" \/>\n<meta property=\"og:description\" content=\"P\u00e1gina Oficial del Ayuntamiento de Caudete (Albacete)\" \/>\n<meta property=\"og:url\" content=\"https:\/\/www.caudete.org\/ayuntamiento\/licitadas-por-209-68598e-la-adecuacion-del-nuevo-pozo-que-abastecera-a-caudete\/\" \/>\n<meta property=\"og:site_name\" content=\"MI Ayuntamiento de Caudete\" \/>\n<meta property=\"article:publisher\" content=\"https:\/\/www.facebook.com\/ayuntamientocaudete\/\" \/>\n<meta property=\"article:published_time\" content=\"2021-12-30T07:49:58+00:00\" \/>\n<meta property=\"article:modified_time\" content=\"2021-12-30T07:51:23+00:00\" \/>\n<meta property=\"og:image\" content=\"https:\/\/www.caudete.org\/ayuntamiento\/wp-content\/uploads\/2021\/12\/POZO-NUEVO-VEREDA.jpg\" \/>\n\t<meta property=\"og:image:width\" content=\"931\" \/>\n\t<meta property=\"og:image:height\" content=\"627\" \/>\n\t<meta property=\"og:image:type\" content=\"image\/jpeg\" \/>\n<meta name=\"author\" content=\"alcalde\" \/>\n<meta name=\"twitter:card\" content=\"summary_large_image\" \/>\n<meta name=\"twitter:label1\" content=\"Escrito por\" \/>\n\t<meta name=\"twitter:data1\" content=\"alcalde\" \/>\n\t<meta name=\"twitter:label2\" content=\"Tiempo de lectura\" \/>\n\t<meta name=\"twitter:data2\" content=\"3 minutos\" \/>\n<script type=\"application\/ld+json\" class=\"yoast-schema-graph\">{\"@context\":\"https:\\\/\\\/schema.org\",\"@graph\":[{\"@type\":\"Article\",\"@id\":\"https:\\\/\\\/www.caudete.org\\\/ayuntamiento\\\/licitadas-por-209-68598e-la-adecuacion-del-nuevo-pozo-que-abastecera-a-caudete\\\/#article\",\"isPartOf\":{\"@id\":\"https:\\\/\\\/www.caudete.org\\\/ayuntamiento\\\/licitadas-por-209-68598e-la-adecuacion-del-nuevo-pozo-que-abastecera-a-caudete\\\/\"},\"author\":{\"name\":\"alcalde\",\"@id\":\"https:\\\/\\\/www.caudete.org\\\/ayuntamiento\\\/#\\\/schema\\\/person\\\/cc646da9133078ee4d8dd47457947253\"},\"headline\":\"Licitadas por 209.685&#8217;98\u20ac la adecuaci\u00f3n del NUEVO POZO que abastecer\u00e1 a Caudete\",\"datePublished\":\"2021-12-30T07:49:58+00:00\",\"dateModified\":\"2021-12-30T07:51:23+00:00\",\"mainEntityOfPage\":{\"@id\":\"https:\\\/\\\/www.caudete.org\\\/ayuntamiento\\\/licitadas-por-209-68598e-la-adecuacion-del-nuevo-pozo-que-abastecera-a-caudete\\\/\"},\"wordCount\":513,\"publisher\":{\"@id\":\"https:\\\/\\\/www.caudete.org\\\/ayuntamiento\\\/#organization\"},\"image\":{\"@id\":\"https:\\\/\\\/www.caudete.org\\\/ayuntamiento\\\/licitadas-por-209-68598e-la-adecuacion-del-nuevo-pozo-que-abastecera-a-caudete\\\/#primaryimage\"},\"thumbnailUrl\":\"https:\\\/\\\/www.caudete.org\\\/ayuntamiento\\\/wp-content\\\/uploads\\\/2021\\\/12\\\/POZO-NUEVO-VEREDA.jpg\",\"articleSection\":[\"Ciclo Integral del Agua\"],\"inLanguage\":\"es\"},{\"@type\":\"WebPage\",\"@id\":\"https:\\\/\\\/www.caudete.org\\\/ayuntamiento\\\/licitadas-por-209-68598e-la-adecuacion-del-nuevo-pozo-que-abastecera-a-caudete\\\/\",\"url\":\"https:\\\/\\\/www.caudete.org\\\/ayuntamiento\\\/licitadas-por-209-68598e-la-adecuacion-del-nuevo-pozo-que-abastecera-a-caudete\\\/\",\"name\":\"Licitadas por 209.685'98\u20ac la adecuaci\u00f3n del NUEVO POZO que abastecer\u00e1 a Caudete - MI Ayuntamiento de Caudete\",\"isPartOf\":{\"@id\":\"https:\\\/\\\/www.caudete.org\\\/ayuntamiento\\\/#website\"},\"primaryImageOfPage\":{\"@id\":\"https:\\\/\\\/www.caudete.org\\\/ayuntamiento\\\/licitadas-por-209-68598e-la-adecuacion-del-nuevo-pozo-que-abastecera-a-caudete\\\/#primaryimage\"},\"image\":{\"@id\":\"https:\\\/\\\/www.caudete.org\\\/ayuntamiento\\\/licitadas-por-209-68598e-la-adecuacion-del-nuevo-pozo-que-abastecera-a-caudete\\\/#primaryimage\"},\"thumbnailUrl\":\"https:\\\/\\\/www.caudete.org\\\/ayuntamiento\\\/wp-content\\\/uploads\\\/2021\\\/12\\\/POZO-NUEVO-VEREDA.jpg\",\"datePublished\":\"2021-12-30T07:49:58+00:00\",\"dateModified\":\"2021-12-30T07:51:23+00:00\",\"description\":\"P\u00e1gina Oficial del Ayuntamiento de Caudete (Albacete)\",\"breadcrumb\":{\"@id\":\"https:\\\/\\\/www.caudete.org\\\/ayuntamiento\\\/licitadas-por-209-68598e-la-adecuacion-del-nuevo-pozo-que-abastecera-a-caudete\\\/#breadcrumb\"},\"inLanguage\":\"es\",\"potentialAction\":[{\"@type\":\"ReadAction\",\"target\":[\"https:\\\/\\\/www.caudete.org\\\/ayuntamiento\\\/licitadas-por-209-68598e-la-adecuacion-del-nuevo-pozo-que-abastecera-a-caudete\\\/\"]}]},{\"@type\":\"ImageObject\",\"inLanguage\":\"es\",\"@id\":\"https:\\\/\\\/www.caudete.org\\\/ayuntamiento\\\/licitadas-por-209-68598e-la-adecuacion-del-nuevo-pozo-que-abastecera-a-caudete\\\/#primaryimage\",\"url\":\"https:\\\/\\\/www.caudete.org\\\/ayuntamiento\\\/wp-content\\\/uploads\\\/2021\\\/12\\\/POZO-NUEVO-VEREDA.jpg\",\"contentUrl\":\"https:\\\/\\\/www.caudete.org\\\/ayuntamiento\\\/wp-content\\\/uploads\\\/2021\\\/12\\\/POZO-NUEVO-VEREDA.jpg\",\"width\":931,\"height\":627},{\"@type\":\"BreadcrumbList\",\"@id\":\"https:\\\/\\\/www.caudete.org\\\/ayuntamiento\\\/licitadas-por-209-68598e-la-adecuacion-del-nuevo-pozo-que-abastecera-a-caudete\\\/#breadcrumb\",\"itemListElement\":[{\"@type\":\"ListItem\",\"position\":1,\"name\":\"Inicio\",\"item\":\"https:\\\/\\\/www.caudete.org\\\/ayuntamiento\\\/\"},{\"@type\":\"ListItem\",\"position\":2,\"name\":\"Licitadas por 209.685&#8217;98\u20ac la adecuaci\u00f3n del NUEVO POZO que abastecer\u00e1 a Caudete\"}]},{\"@type\":\"WebSite\",\"@id\":\"https:\\\/\\\/www.caudete.org\\\/ayuntamiento\\\/#website\",\"url\":\"https:\\\/\\\/www.caudete.org\\\/ayuntamiento\\\/\",\"name\":\"MI Ayuntamiento de Caudete\",\"description\":\"P\u00e1gina Oficial del MI Ayuntamiento de Caudete\",\"publisher\":{\"@id\":\"https:\\\/\\\/www.caudete.org\\\/ayuntamiento\\\/#organization\"},\"potentialAction\":[{\"@type\":\"SearchAction\",\"target\":{\"@type\":\"EntryPoint\",\"urlTemplate\":\"https:\\\/\\\/www.caudete.org\\\/ayuntamiento\\\/?s={search_term_string}\"},\"query-input\":{\"@type\":\"PropertyValueSpecification\",\"valueRequired\":true,\"valueName\":\"search_term_string\"}}],\"inLanguage\":\"es\"},{\"@type\":\"Organization\",\"@id\":\"https:\\\/\\\/www.caudete.org\\\/ayuntamiento\\\/#organization\",\"name\":\"Ayuntamiento de Caudete\",\"url\":\"https:\\\/\\\/www.caudete.org\\\/ayuntamiento\\\/\",\"logo\":{\"@type\":\"ImageObject\",\"inLanguage\":\"es\",\"@id\":\"https:\\\/\\\/www.caudete.org\\\/ayuntamiento\\\/#\\\/schema\\\/logo\\\/image\\\/\",\"url\":\"https:\\\/\\\/www.caudete.org\\\/ayuntamiento\\\/wp-content\\\/uploads\\\/2020\\\/11\\\/logo_ayuntamiento_caudete.jpg\",\"contentUrl\":\"https:\\\/\\\/www.caudete.org\\\/ayuntamiento\\\/wp-content\\\/uploads\\\/2020\\\/11\\\/logo_ayuntamiento_caudete.jpg\",\"width\":600,\"height\":150,\"caption\":\"Ayuntamiento de Caudete\"},\"image\":{\"@id\":\"https:\\\/\\\/www.caudete.org\\\/ayuntamiento\\\/#\\\/schema\\\/logo\\\/image\\\/\"},\"sameAs\":[\"https:\\\/\\\/www.facebook.com\\\/ayuntamientocaudete\\\/\",\"https:\\\/\\\/www.youtube.com\\\/channel\\\/UC6VztHaooNsGpw-tNoBEFnQ\"]},{\"@type\":\"Person\",\"@id\":\"https:\\\/\\\/www.caudete.org\\\/ayuntamiento\\\/#\\\/schema\\\/person\\\/cc646da9133078ee4d8dd47457947253\",\"name\":\"alcalde\",\"image\":{\"@type\":\"ImageObject\",\"inLanguage\":\"es\",\"@id\":\"https:\\\/\\\/secure.gravatar.com\\\/avatar\\\/84a817ba065b29ff08d666b215a215f5c79186a645ccb25b14a663d48a130f77?s=96&d=mm&r=g\",\"url\":\"https:\\\/\\\/secure.gravatar.com\\\/avatar\\\/84a817ba065b29ff08d666b215a215f5c79186a645ccb25b14a663d48a130f77?s=96&d=mm&r=g\",\"contentUrl\":\"https:\\\/\\\/secure.gravatar.com\\\/avatar\\\/84a817ba065b29ff08d666b215a215f5c79186a645ccb25b14a663d48a130f77?s=96&d=mm&r=g\",\"caption\":\"alcalde\"},\"url\":\"https:\\\/\\\/www.caudete.org\\\/ayuntamiento\\\/author\\\/alcalde\\\/\"}]}<\/script>\n<!-- \/ Yoast SEO plugin. -->","yoast_head_json":{"title":"Licitadas por 209.685'98\u20ac la adecuaci\u00f3n del NUEVO POZO que abastecer\u00e1 a Caudete - MI Ayuntamiento de Caudete","description":"P\u00e1gina Oficial del Ayuntamiento de Caudete (Albacete)","robots":{"index":"index","follow":"follow","max-snippet":"max-snippet:-1","max-image-preview":"max-image-preview:large","max-video-preview":"max-video-preview:-1"},"canonical":"https:\/\/www.caudete.org\/ayuntamiento\/licitadas-por-209-68598e-la-adecuacion-del-nuevo-pozo-que-abastecera-a-caudete\/","og_locale":"es_ES","og_type":"article","og_title":"Licitadas por 209.685'98\u20ac la adecuaci\u00f3n del NUEVO POZO que abastecer\u00e1 a Caudete - MI Ayuntamiento de Caudete","og_description":"P\u00e1gina Oficial del Ayuntamiento de Caudete (Albacete)","og_url":"https:\/\/www.caudete.org\/ayuntamiento\/licitadas-por-209-68598e-la-adecuacion-del-nuevo-pozo-que-abastecera-a-caudete\/","og_site_name":"MI Ayuntamiento de Caudete","article_publisher":"https:\/\/www.facebook.com\/ayuntamientocaudete\/","article_published_time":"2021-12-30T07:49:58+00:00","article_modified_time":"2021-12-30T07:51:23+00:00","og_image":[{"width":931,"height":627,"url":"https:\/\/www.caudete.org\/ayuntamiento\/wp-content\/uploads\/2021\/12\/POZO-NUEVO-VEREDA.jpg","type":"image\/jpeg"}],"author":"alcalde","twitter_card":"summary_large_image","twitter_misc":{"Escrito por":"alcalde","Tiempo de lectura":"3 minutos"},"schema":{"@context":"https:\/\/schema.org","@graph":[{"@type":"Article","@id":"https:\/\/www.caudete.org\/ayuntamiento\/licitadas-por-209-68598e-la-adecuacion-del-nuevo-pozo-que-abastecera-a-caudete\/#article","isPartOf":{"@id":"https:\/\/www.caudete.org\/ayuntamiento\/licitadas-por-209-68598e-la-adecuacion-del-nuevo-pozo-que-abastecera-a-caudete\/"},"author":{"name":"alcalde","@id":"https:\/\/www.caudete.org\/ayuntamiento\/#\/schema\/person\/cc646da9133078ee4d8dd47457947253"},"headline":"Licitadas por 209.685&#8217;98\u20ac la adecuaci\u00f3n del NUEVO POZO que abastecer\u00e1 a Caudete","datePublished":"2021-12-30T07:49:58+00:00","dateModified":"2021-12-30T07:51:23+00:00","mainEntityOfPage":{"@id":"https:\/\/www.caudete.org\/ayuntamiento\/licitadas-por-209-68598e-la-adecuacion-del-nuevo-pozo-que-abastecera-a-caudete\/"},"wordCount":513,"publisher":{"@id":"https:\/\/www.caudete.org\/ayuntamiento\/#organization"},"image":{"@id":"https:\/\/www.caudete.org\/ayuntamiento\/licitadas-por-209-68598e-la-adecuacion-del-nuevo-pozo-que-abastecera-a-caudete\/#primaryimage"},"thumbnailUrl":"https:\/\/www.caudete.org\/ayuntamiento\/wp-content\/uploads\/2021\/12\/POZO-NUEVO-VEREDA.jpg","articleSection":["Ciclo Integral del Agua"],"inLanguage":"es"},{"@type":"WebPage","@id":"https:\/\/www.caudete.org\/ayuntamiento\/licitadas-por-209-68598e-la-adecuacion-del-nuevo-pozo-que-abastecera-a-caudete\/","url":"https:\/\/www.caudete.org\/ayuntamiento\/licitadas-por-209-68598e-la-adecuacion-del-nuevo-pozo-que-abastecera-a-caudete\/","name":"Licitadas por 209.685'98\u20ac la adecuaci\u00f3n del NUEVO POZO que abastecer\u00e1 a Caudete - MI Ayuntamiento de Caudete","isPartOf":{"@id":"https:\/\/www.caudete.org\/ayuntamiento\/#website"},"primaryImageOfPage":{"@id":"https:\/\/www.caudete.org\/ayuntamiento\/licitadas-por-209-68598e-la-adecuacion-del-nuevo-pozo-que-abastecera-a-caudete\/#primaryimage"},"image":{"@id":"https:\/\/www.caudete.org\/ayuntamiento\/licitadas-por-209-68598e-la-adecuacion-del-nuevo-pozo-que-abastecera-a-caudete\/#primaryimage"},"thumbnailUrl":"https:\/\/www.caudete.org\/ayuntamiento\/wp-content\/uploads\/2021\/12\/POZO-NUEVO-VEREDA.jpg","datePublished":"2021-12-30T07:49:58+00:00","dateModified":"2021-12-30T07:51:23+00:00","description":"P\u00e1gina Oficial del Ayuntamiento de Caudete (Albacete)","breadcrumb":{"@id":"https:\/\/www.caudete.org\/ayuntamiento\/licitadas-por-209-68598e-la-adecuacion-del-nuevo-pozo-que-abastecera-a-caudete\/#breadcrumb"},"inLanguage":"es","potentialAction":[{"@type":"ReadAction","target":["https:\/\/www.caudete.org\/ayuntamiento\/licitadas-por-209-68598e-la-adecuacion-del-nuevo-pozo-que-abastecera-a-caudete\/"]}]},{"@type":"ImageObject","inLanguage":"es","@id":"https:\/\/www.caudete.org\/ayuntamiento\/licitadas-por-209-68598e-la-adecuacion-del-nuevo-pozo-que-abastecera-a-caudete\/#primaryimage","url":"https:\/\/www.caudete.org\/ayuntamiento\/wp-content\/uploads\/2021\/12\/POZO-NUEVO-VEREDA.jpg","contentUrl":"https:\/\/www.caudete.org\/ayuntamiento\/wp-content\/uploads\/2021\/12\/POZO-NUEVO-VEREDA.jpg","width":931,"height":627},{"@type":"BreadcrumbList","@id":"https:\/\/www.caudete.org\/ayuntamiento\/licitadas-por-209-68598e-la-adecuacion-del-nuevo-pozo-que-abastecera-a-caudete\/#breadcrumb","itemListElement":[{"@type":"ListItem","position":1,"name":"Inicio","item":"https:\/\/www.caudete.org\/ayuntamiento\/"},{"@type":"ListItem","position":2,"name":"Licitadas por 209.685&#8217;98\u20ac la adecuaci\u00f3n del NUEVO POZO que abastecer\u00e1 a Caudete"}]},{"@type":"WebSite","@id":"https:\/\/www.caudete.org\/ayuntamiento\/#website","url":"https:\/\/www.caudete.org\/ayuntamiento\/","name":"MI Ayuntamiento de Caudete","description":"P\u00e1gina Oficial del MI Ayuntamiento de Caudete","publisher":{"@id":"https:\/\/www.caudete.org\/ayuntamiento\/#organization"},"potentialAction":[{"@type":"SearchAction","target":{"@type":"EntryPoint","urlTemplate":"https:\/\/www.caudete.org\/ayuntamiento\/?s={search_term_string}"},"query-input":{"@type":"PropertyValueSpecification","valueRequired":true,"valueName":"search_term_string"}}],"inLanguage":"es"},{"@type":"Organization","@id":"https:\/\/www.caudete.org\/ayuntamiento\/#organization","name":"Ayuntamiento de Caudete","url":"https:\/\/www.caudete.org\/ayuntamiento\/","logo":{"@type":"ImageObject","inLanguage":"es","@id":"https:\/\/www.caudete.org\/ayuntamiento\/#\/schema\/logo\/image\/","url":"https:\/\/www.caudete.org\/ayuntamiento\/wp-content\/uploads\/2020\/11\/logo_ayuntamiento_caudete.jpg","contentUrl":"https:\/\/www.caudete.org\/ayuntamiento\/wp-content\/uploads\/2020\/11\/logo_ayuntamiento_caudete.jpg","width":600,"height":150,"caption":"Ayuntamiento de Caudete"},"image":{"@id":"https:\/\/www.caudete.org\/ayuntamiento\/#\/schema\/logo\/image\/"},"sameAs":["https:\/\/www.facebook.com\/ayuntamientocaudete\/","https:\/\/www.youtube.com\/channel\/UC6VztHaooNsGpw-tNoBEFnQ"]},{"@type":"Person","@id":"https:\/\/www.caudete.org\/ayuntamiento\/#\/schema\/person\/cc646da9133078ee4d8dd47457947253","name":"alcalde","image":{"@type":"ImageObject","inLanguage":"es","@id":"https:\/\/secure.gravatar.com\/avatar\/84a817ba065b29ff08d666b215a215f5c79186a645ccb25b14a663d48a130f77?s=96&d=mm&r=g","url":"https:\/\/secure.gravatar.com\/avatar\/84a817ba065b29ff08d666b215a215f5c79186a645ccb25b14a663d48a130f77?s=96&d=mm&r=g","contentUrl":"https:\/\/secure.gravatar.com\/avatar\/84a817ba065b29ff08d666b215a215f5c79186a645ccb25b14a663d48a130f77?s=96&d=mm&r=g","caption":"alcalde"},"url":"https:\/\/www.caudete.org\/ayuntamiento\/author\/alcalde\/"}]}},"_links":{"self":[{"href":"https:\/\/www.caudete.org\/ayuntamiento\/wp-json\/wp\/v2\/posts\/17663","targetHints":{"allow":["GET"]}}],"collection":[{"href":"https:\/\/www.caudete.org\/ayuntamiento\/wp-json\/wp\/v2\/posts"}],"about":[{"href":"https:\/\/www.caudete.org\/ayuntamiento\/wp-json\/wp\/v2\/types\/post"}],"author":[{"embeddable":true,"href":"https:\/\/www.caudete.org\/ayuntamiento\/wp-json\/wp\/v2\/users\/3"}],"replies":[{"embeddable":true,"href":"https:\/\/www.caudete.org\/ayuntamiento\/wp-json\/wp\/v2\/comments?post=17663"}],"version-history":[{"count":1,"href":"https:\/\/www.caudete.org\/ayuntamiento\/wp-json\/wp\/v2\/posts\/17663\/revisions"}],"predecessor-version":[{"id":17665,"href":"https:\/\/www.caudete.org\/ayuntamiento\/wp-json\/wp\/v2\/posts\/17663\/revisions\/17665"}],"wp:featuredmedia":[{"embeddable":true,"href":"https:\/\/www.caudete.org\/ayuntamiento\/wp-json\/wp\/v2\/media\/17666"}],"wp:attachment":[{"href":"https:\/\/www.caudete.org\/ayuntamiento\/wp-json\/wp\/v2\/media?parent=17663"}],"wp:term":[{"taxonomy":"category","embeddable":true,"href":"https:\/\/www.caudete.org\/ayuntamiento\/wp-json\/wp\/v2\/categories?post=17663"},{"taxonomy":"post_tag","embeddable":true,"href":"https:\/\/www.caudete.org\/ayuntamiento\/wp-json\/wp\/v2\/tags?post=17663"}],"curies":[{"name":"wp","href":"https:\/\/api.w.org\/{rel}","templated":true}]}}