{"id":17671,"date":"2021-12-30T14:59:37","date_gmt":"2021-12-30T13:59:37","guid":{"rendered":"https:\/\/www.caudete.org\/ayuntamiento\/?p=17671"},"modified":"2021-12-30T14:59:37","modified_gmt":"2021-12-30T13:59:37","slug":"84-positivos-por-covid-19-situacion-muy-delicada-en-plena-navidad","status":"publish","type":"post","link":"https:\/\/www.caudete.org\/ayuntamiento\/84-positivos-por-covid-19-situacion-muy-delicada-en-plena-navidad\/","title":{"rendered":"84 positivos por Covid-19. Situaci\u00f3n muy delicada en plena Navidad."},"content":{"rendered":"<p style=\"text-align: justify;\">Hace unos instantes el Alcalde de la localidad, Mois\u00e9s L\u00f3pez, trasladaba los <strong>datos actualizados de Covid-19<\/strong> que la Gerencia de Atenci\u00f3n Integrada del Hospital de Almansa ha hecho p\u00fablicos esta misma ma\u00f1ana.<\/p>\n<p style=\"text-align: justify;\">Un total <strong>de 84 positivos a d\u00eda 30 de Diciembre<\/strong>, notable ascenso <strong>en nuestro municipio<\/strong> comparado con semanas previas, evidencian que la situaci\u00f3n de contagios que vive el pa\u00eds tambi\u00e9n cala en Caudete, siendo <strong>11 procedentes de Centros Educativos<\/strong>, y alcanzando la cifra de <strong>159 los contactos aislados<\/strong>.<\/p>\n<p style=\"text-align: justify;\">La situaci\u00f3n en la comarca de Bonete es de 87 positivos (3 de Centros Educativos) y 150 contactos aislados, mientras que en la localidad vecina de Almansa 243 positivos (91 de Centros Educativos) y 534 los contactos aislados.<\/p>\n<p style=\"text-align: justify;\">As\u00ed mismo sabemos que la <strong>presi\u00f3n Hospitalaria<\/strong> en Almansa es de <strong>7 ingresados en planta y 1 en UCI<\/strong>; mientras que los casos en Residencias de Ancianos para toda el \u00e1rea (Almansa, Bonete y Caudete) es de 1 positivo (asintom\u00e1tico).<\/p>\n<p style=\"text-align: justify;\">La situaci\u00f3n se pone delicada en plena Navidad, cuando aun quedan por delante dos d\u00edas clave del calendario festivo, Nochevieja y Reyes. Por tanto, desde el Ayuntamiento de Caudete se pide m\u00e1xima prudencia y responsabilidad personal, as\u00ed como el estricto cumplimiento de las medidas sanitarias y la colaboraci\u00f3n con la causa.<\/p>\n<p>&nbsp;<\/p>\n","protected":false},"excerpt":{"rendered":"<p>Hace unos instantes el Alcalde de la localidad, Mois\u00e9s L\u00f3pez, trasladaba los datos actualizados de Covid-19 que la Gerencia de Atenci\u00f3n Integrada del Hospital de Almansa ha hecho p\u00fablicos esta misma ma\u00f1ana. Un total de 84 positivos a d\u00eda 30 de Diciembre, notable ascenso en nuestro municipio comparado con semanas previas, evidencian que la situaci\u00f3n &hellip;<\/p>\n","protected":false},"author":3,"featured_media":15714,"comment_status":"closed","ping_status":"open","sticky":false,"template":"","format":"standard","meta":{"ngg_post_thumbnail":0,"footnotes":""},"categories":[16],"tags":[],"class_list":["post-17671","post","type-post","status-publish","format-standard","has-post-thumbnail","hentry","category-sanidad"],"yoast_head":"<!-- This site is optimized with the Yoast SEO plugin v27.5 - https:\/\/yoast.com\/product\/yoast-seo-wordpress\/ -->\n<title>84 positivos por Covid-19. Situaci\u00f3n muy delicada en plena Navidad. - MI Ayuntamiento de Caudete<\/title>\n<meta name=\"description\" content=\"P\u00e1gina Oficial del Ayuntamiento de Caudete (Albacete)\" \/>\n<meta name=\"robots\" content=\"index, follow, max-snippet:-1, max-image-preview:large, max-video-preview:-1\" \/>\n<link rel=\"canonical\" href=\"https:\/\/www.caudete.org\/ayuntamiento\/84-positivos-por-covid-19-situacion-muy-delicada-en-plena-navidad\/\" \/>\n<meta property=\"og:locale\" content=\"es_ES\" \/>\n<meta property=\"og:type\" content=\"article\" \/>\n<meta property=\"og:title\" content=\"84 positivos por Covid-19. Situaci\u00f3n muy delicada en plena Navidad. - MI Ayuntamiento de Caudete\" \/>\n<meta property=\"og:description\" content=\"P\u00e1gina Oficial del Ayuntamiento de Caudete (Albacete)\" \/>\n<meta property=\"og:url\" content=\"https:\/\/www.caudete.org\/ayuntamiento\/84-positivos-por-covid-19-situacion-muy-delicada-en-plena-navidad\/\" \/>\n<meta property=\"og:site_name\" content=\"MI Ayuntamiento de Caudete\" \/>\n<meta property=\"article:publisher\" content=\"https:\/\/www.facebook.com\/ayuntamientocaudete\/\" \/>\n<meta property=\"article:published_time\" content=\"2021-12-30T13:59:37+00:00\" \/>\n<meta property=\"og:image\" content=\"https:\/\/www.caudete.org\/ayuntamiento\/wp-content\/uploads\/2021\/08\/hospital-almansa-covid-p6h5o91vnegjj86m45mitz2lmbew929lcnhfzddun8.jpg\" \/>\n\t<meta property=\"og:image:width\" content=\"1200\" \/>\n\t<meta property=\"og:image:height\" content=\"650\" \/>\n\t<meta property=\"og:image:type\" content=\"image\/jpeg\" \/>\n<meta name=\"author\" content=\"alcalde\" \/>\n<meta name=\"twitter:card\" content=\"summary_large_image\" \/>\n<meta name=\"twitter:label1\" content=\"Escrito por\" \/>\n\t<meta name=\"twitter:data1\" content=\"alcalde\" \/>\n\t<meta name=\"twitter:label2\" content=\"Tiempo de lectura\" \/>\n\t<meta name=\"twitter:data2\" content=\"1 minuto\" \/>\n<script type=\"application\/ld+json\" class=\"yoast-schema-graph\">{\"@context\":\"https:\\\/\\\/schema.org\",\"@graph\":[{\"@type\":\"Article\",\"@id\":\"https:\\\/\\\/www.caudete.org\\\/ayuntamiento\\\/84-positivos-por-covid-19-situacion-muy-delicada-en-plena-navidad\\\/#article\",\"isPartOf\":{\"@id\":\"https:\\\/\\\/www.caudete.org\\\/ayuntamiento\\\/84-positivos-por-covid-19-situacion-muy-delicada-en-plena-navidad\\\/\"},\"author\":{\"name\":\"alcalde\",\"@id\":\"https:\\\/\\\/www.caudete.org\\\/ayuntamiento\\\/#\\\/schema\\\/person\\\/cc646da9133078ee4d8dd47457947253\"},\"headline\":\"84 positivos por Covid-19. Situaci\u00f3n muy delicada en plena Navidad.\",\"datePublished\":\"2021-12-30T13:59:37+00:00\",\"mainEntityOfPage\":{\"@id\":\"https:\\\/\\\/www.caudete.org\\\/ayuntamiento\\\/84-positivos-por-covid-19-situacion-muy-delicada-en-plena-navidad\\\/\"},\"wordCount\":223,\"image\":{\"@id\":\"https:\\\/\\\/www.caudete.org\\\/ayuntamiento\\\/84-positivos-por-covid-19-situacion-muy-delicada-en-plena-navidad\\\/#primaryimage\"},\"thumbnailUrl\":\"https:\\\/\\\/www.caudete.org\\\/ayuntamiento\\\/wp-content\\\/uploads\\\/2021\\\/08\\\/hospital-almansa-covid-p6h5o91vnegjj86m45mitz2lmbew929lcnhfzddun8.jpg\",\"articleSection\":[\"Sanidad\"],\"inLanguage\":\"es\"},{\"@type\":\"WebPage\",\"@id\":\"https:\\\/\\\/www.caudete.org\\\/ayuntamiento\\\/84-positivos-por-covid-19-situacion-muy-delicada-en-plena-navidad\\\/\",\"url\":\"https:\\\/\\\/www.caudete.org\\\/ayuntamiento\\\/84-positivos-por-covid-19-situacion-muy-delicada-en-plena-navidad\\\/\",\"name\":\"84 positivos por Covid-19. Situaci\u00f3n muy delicada en plena Navidad. - MI Ayuntamiento de Caudete\",\"isPartOf\":{\"@id\":\"https:\\\/\\\/www.caudete.org\\\/ayuntamiento\\\/#website\"},\"primaryImageOfPage\":{\"@id\":\"https:\\\/\\\/www.caudete.org\\\/ayuntamiento\\\/84-positivos-por-covid-19-situacion-muy-delicada-en-plena-navidad\\\/#primaryimage\"},\"image\":{\"@id\":\"https:\\\/\\\/www.caudete.org\\\/ayuntamiento\\\/84-positivos-por-covid-19-situacion-muy-delicada-en-plena-navidad\\\/#primaryimage\"},\"thumbnailUrl\":\"https:\\\/\\\/www.caudete.org\\\/ayuntamiento\\\/wp-content\\\/uploads\\\/2021\\\/08\\\/hospital-almansa-covid-p6h5o91vnegjj86m45mitz2lmbew929lcnhfzddun8.jpg\",\"datePublished\":\"2021-12-30T13:59:37+00:00\",\"author\":{\"@id\":\"https:\\\/\\\/www.caudete.org\\\/ayuntamiento\\\/#\\\/schema\\\/person\\\/cc646da9133078ee4d8dd47457947253\"},\"description\":\"P\u00e1gina Oficial del Ayuntamiento de Caudete (Albacete)\",\"breadcrumb\":{\"@id\":\"https:\\\/\\\/www.caudete.org\\\/ayuntamiento\\\/84-positivos-por-covid-19-situacion-muy-delicada-en-plena-navidad\\\/#breadcrumb\"},\"inLanguage\":\"es\",\"potentialAction\":[{\"@type\":\"ReadAction\",\"target\":[\"https:\\\/\\\/www.caudete.org\\\/ayuntamiento\\\/84-positivos-por-covid-19-situacion-muy-delicada-en-plena-navidad\\\/\"]}]},{\"@type\":\"ImageObject\",\"inLanguage\":\"es\",\"@id\":\"https:\\\/\\\/www.caudete.org\\\/ayuntamiento\\\/84-positivos-por-covid-19-situacion-muy-delicada-en-plena-navidad\\\/#primaryimage\",\"url\":\"https:\\\/\\\/www.caudete.org\\\/ayuntamiento\\\/wp-content\\\/uploads\\\/2021\\\/08\\\/hospital-almansa-covid-p6h5o91vnegjj86m45mitz2lmbew929lcnhfzddun8.jpg\",\"contentUrl\":\"https:\\\/\\\/www.caudete.org\\\/ayuntamiento\\\/wp-content\\\/uploads\\\/2021\\\/08\\\/hospital-almansa-covid-p6h5o91vnegjj86m45mitz2lmbew929lcnhfzddun8.jpg\",\"width\":1200,\"height\":650},{\"@type\":\"BreadcrumbList\",\"@id\":\"https:\\\/\\\/www.caudete.org\\\/ayuntamiento\\\/84-positivos-por-covid-19-situacion-muy-delicada-en-plena-navidad\\\/#breadcrumb\",\"itemListElement\":[{\"@type\":\"ListItem\",\"position\":1,\"name\":\"Inicio\",\"item\":\"https:\\\/\\\/www.caudete.org\\\/ayuntamiento\\\/\"},{\"@type\":\"ListItem\",\"position\":2,\"name\":\"84 positivos por Covid-19. Situaci\u00f3n muy delicada en plena Navidad.\"}]},{\"@type\":\"WebSite\",\"@id\":\"https:\\\/\\\/www.caudete.org\\\/ayuntamiento\\\/#website\",\"url\":\"https:\\\/\\\/www.caudete.org\\\/ayuntamiento\\\/\",\"name\":\"MI Ayuntamiento de Caudete\",\"description\":\"P\u00e1gina Oficial del MI Ayuntamiento de Caudete\",\"potentialAction\":[{\"@type\":\"SearchAction\",\"target\":{\"@type\":\"EntryPoint\",\"urlTemplate\":\"https:\\\/\\\/www.caudete.org\\\/ayuntamiento\\\/?s={search_term_string}\"},\"query-input\":{\"@type\":\"PropertyValueSpecification\",\"valueRequired\":true,\"valueName\":\"search_term_string\"}}],\"inLanguage\":\"es\"},{\"@type\":\"Person\",\"@id\":\"https:\\\/\\\/www.caudete.org\\\/ayuntamiento\\\/#\\\/schema\\\/person\\\/cc646da9133078ee4d8dd47457947253\",\"name\":\"alcalde\",\"image\":{\"@type\":\"ImageObject\",\"inLanguage\":\"es\",\"@id\":\"https:\\\/\\\/secure.gravatar.com\\\/avatar\\\/84a817ba065b29ff08d666b215a215f5c79186a645ccb25b14a663d48a130f77?s=96&d=mm&r=g\",\"url\":\"https:\\\/\\\/secure.gravatar.com\\\/avatar\\\/84a817ba065b29ff08d666b215a215f5c79186a645ccb25b14a663d48a130f77?s=96&d=mm&r=g\",\"contentUrl\":\"https:\\\/\\\/secure.gravatar.com\\\/avatar\\\/84a817ba065b29ff08d666b215a215f5c79186a645ccb25b14a663d48a130f77?s=96&d=mm&r=g\",\"caption\":\"alcalde\"},\"url\":\"https:\\\/\\\/www.caudete.org\\\/ayuntamiento\\\/author\\\/alcalde\\\/\"}]}<\/script>\n<!-- \/ Yoast SEO plugin. -->","yoast_head_json":{"title":"84 positivos por Covid-19. Situaci\u00f3n muy delicada en plena Navidad. - MI Ayuntamiento de Caudete","description":"P\u00e1gina Oficial del Ayuntamiento de Caudete (Albacete)","robots":{"index":"index","follow":"follow","max-snippet":"max-snippet:-1","max-image-preview":"max-image-preview:large","max-video-preview":"max-video-preview:-1"},"canonical":"https:\/\/www.caudete.org\/ayuntamiento\/84-positivos-por-covid-19-situacion-muy-delicada-en-plena-navidad\/","og_locale":"es_ES","og_type":"article","og_title":"84 positivos por Covid-19. Situaci\u00f3n muy delicada en plena Navidad. - MI Ayuntamiento de Caudete","og_description":"P\u00e1gina Oficial del Ayuntamiento de Caudete (Albacete)","og_url":"https:\/\/www.caudete.org\/ayuntamiento\/84-positivos-por-covid-19-situacion-muy-delicada-en-plena-navidad\/","og_site_name":"MI Ayuntamiento de Caudete","article_publisher":"https:\/\/www.facebook.com\/ayuntamientocaudete\/","article_published_time":"2021-12-30T13:59:37+00:00","og_image":[{"width":1200,"height":650,"url":"https:\/\/www.caudete.org\/ayuntamiento\/wp-content\/uploads\/2021\/08\/hospital-almansa-covid-p6h5o91vnegjj86m45mitz2lmbew929lcnhfzddun8.jpg","type":"image\/jpeg"}],"author":"alcalde","twitter_card":"summary_large_image","twitter_misc":{"Escrito por":"alcalde","Tiempo de lectura":"1 minuto"},"schema":{"@context":"https:\/\/schema.org","@graph":[{"@type":"Article","@id":"https:\/\/www.caudete.org\/ayuntamiento\/84-positivos-por-covid-19-situacion-muy-delicada-en-plena-navidad\/#article","isPartOf":{"@id":"https:\/\/www.caudete.org\/ayuntamiento\/84-positivos-por-covid-19-situacion-muy-delicada-en-plena-navidad\/"},"author":{"name":"alcalde","@id":"https:\/\/www.caudete.org\/ayuntamiento\/#\/schema\/person\/cc646da9133078ee4d8dd47457947253"},"headline":"84 positivos por Covid-19. Situaci\u00f3n muy delicada en plena Navidad.","datePublished":"2021-12-30T13:59:37+00:00","mainEntityOfPage":{"@id":"https:\/\/www.caudete.org\/ayuntamiento\/84-positivos-por-covid-19-situacion-muy-delicada-en-plena-navidad\/"},"wordCount":223,"image":{"@id":"https:\/\/www.caudete.org\/ayuntamiento\/84-positivos-por-covid-19-situacion-muy-delicada-en-plena-navidad\/#primaryimage"},"thumbnailUrl":"https:\/\/www.caudete.org\/ayuntamiento\/wp-content\/uploads\/2021\/08\/hospital-almansa-covid-p6h5o91vnegjj86m45mitz2lmbew929lcnhfzddun8.jpg","articleSection":["Sanidad"],"inLanguage":"es"},{"@type":"WebPage","@id":"https:\/\/www.caudete.org\/ayuntamiento\/84-positivos-por-covid-19-situacion-muy-delicada-en-plena-navidad\/","url":"https:\/\/www.caudete.org\/ayuntamiento\/84-positivos-por-covid-19-situacion-muy-delicada-en-plena-navidad\/","name":"84 positivos por Covid-19. Situaci\u00f3n muy delicada en plena Navidad. - MI Ayuntamiento de Caudete","isPartOf":{"@id":"https:\/\/www.caudete.org\/ayuntamiento\/#website"},"primaryImageOfPage":{"@id":"https:\/\/www.caudete.org\/ayuntamiento\/84-positivos-por-covid-19-situacion-muy-delicada-en-plena-navidad\/#primaryimage"},"image":{"@id":"https:\/\/www.caudete.org\/ayuntamiento\/84-positivos-por-covid-19-situacion-muy-delicada-en-plena-navidad\/#primaryimage"},"thumbnailUrl":"https:\/\/www.caudete.org\/ayuntamiento\/wp-content\/uploads\/2021\/08\/hospital-almansa-covid-p6h5o91vnegjj86m45mitz2lmbew929lcnhfzddun8.jpg","datePublished":"2021-12-30T13:59:37+00:00","author":{"@id":"https:\/\/www.caudete.org\/ayuntamiento\/#\/schema\/person\/cc646da9133078ee4d8dd47457947253"},"description":"P\u00e1gina Oficial del Ayuntamiento de Caudete (Albacete)","breadcrumb":{"@id":"https:\/\/www.caudete.org\/ayuntamiento\/84-positivos-por-covid-19-situacion-muy-delicada-en-plena-navidad\/#breadcrumb"},"inLanguage":"es","potentialAction":[{"@type":"ReadAction","target":["https:\/\/www.caudete.org\/ayuntamiento\/84-positivos-por-covid-19-situacion-muy-delicada-en-plena-navidad\/"]}]},{"@type":"ImageObject","inLanguage":"es","@id":"https:\/\/www.caudete.org\/ayuntamiento\/84-positivos-por-covid-19-situacion-muy-delicada-en-plena-navidad\/#primaryimage","url":"https:\/\/www.caudete.org\/ayuntamiento\/wp-content\/uploads\/2021\/08\/hospital-almansa-covid-p6h5o91vnegjj86m45mitz2lmbew929lcnhfzddun8.jpg","contentUrl":"https:\/\/www.caudete.org\/ayuntamiento\/wp-content\/uploads\/2021\/08\/hospital-almansa-covid-p6h5o91vnegjj86m45mitz2lmbew929lcnhfzddun8.jpg","width":1200,"height":650},{"@type":"BreadcrumbList","@id":"https:\/\/www.caudete.org\/ayuntamiento\/84-positivos-por-covid-19-situacion-muy-delicada-en-plena-navidad\/#breadcrumb","itemListElement":[{"@type":"ListItem","position":1,"name":"Inicio","item":"https:\/\/www.caudete.org\/ayuntamiento\/"},{"@type":"ListItem","position":2,"name":"84 positivos por Covid-19. Situaci\u00f3n muy delicada en plena Navidad."}]},{"@type":"WebSite","@id":"https:\/\/www.caudete.org\/ayuntamiento\/#website","url":"https:\/\/www.caudete.org\/ayuntamiento\/","name":"MI Ayuntamiento de Caudete","description":"P\u00e1gina Oficial del MI Ayuntamiento de Caudete","potentialAction":[{"@type":"SearchAction","target":{"@type":"EntryPoint","urlTemplate":"https:\/\/www.caudete.org\/ayuntamiento\/?s={search_term_string}"},"query-input":{"@type":"PropertyValueSpecification","valueRequired":true,"valueName":"search_term_string"}}],"inLanguage":"es"},{"@type":"Person","@id":"https:\/\/www.caudete.org\/ayuntamiento\/#\/schema\/person\/cc646da9133078ee4d8dd47457947253","name":"alcalde","image":{"@type":"ImageObject","inLanguage":"es","@id":"https:\/\/secure.gravatar.com\/avatar\/84a817ba065b29ff08d666b215a215f5c79186a645ccb25b14a663d48a130f77?s=96&d=mm&r=g","url":"https:\/\/secure.gravatar.com\/avatar\/84a817ba065b29ff08d666b215a215f5c79186a645ccb25b14a663d48a130f77?s=96&d=mm&r=g","contentUrl":"https:\/\/secure.gravatar.com\/avatar\/84a817ba065b29ff08d666b215a215f5c79186a645ccb25b14a663d48a130f77?s=96&d=mm&r=g","caption":"alcalde"},"url":"https:\/\/www.caudete.org\/ayuntamiento\/author\/alcalde\/"}]}},"_links":{"self":[{"href":"https:\/\/www.caudete.org\/ayuntamiento\/wp-json\/wp\/v2\/posts\/17671","targetHints":{"allow":["GET"]}}],"collection":[{"href":"https:\/\/www.caudete.org\/ayuntamiento\/wp-json\/wp\/v2\/posts"}],"about":[{"href":"https:\/\/www.caudete.org\/ayuntamiento\/wp-json\/wp\/v2\/types\/post"}],"author":[{"embeddable":true,"href":"https:\/\/www.caudete.org\/ayuntamiento\/wp-json\/wp\/v2\/users\/3"}],"replies":[{"embeddable":true,"href":"https:\/\/www.caudete.org\/ayuntamiento\/wp-json\/wp\/v2\/comments?post=17671"}],"version-history":[{"count":1,"href":"https:\/\/www.caudete.org\/ayuntamiento\/wp-json\/wp\/v2\/posts\/17671\/revisions"}],"predecessor-version":[{"id":17672,"href":"https:\/\/www.caudete.org\/ayuntamiento\/wp-json\/wp\/v2\/posts\/17671\/revisions\/17672"}],"wp:featuredmedia":[{"embeddable":true,"href":"https:\/\/www.caudete.org\/ayuntamiento\/wp-json\/wp\/v2\/media\/15714"}],"wp:attachment":[{"href":"https:\/\/www.caudete.org\/ayuntamiento\/wp-json\/wp\/v2\/media?parent=17671"}],"wp:term":[{"taxonomy":"category","embeddable":true,"href":"https:\/\/www.caudete.org\/ayuntamiento\/wp-json\/wp\/v2\/categories?post=17671"},{"taxonomy":"post_tag","embeddable":true,"href":"https:\/\/www.caudete.org\/ayuntamiento\/wp-json\/wp\/v2\/tags?post=17671"}],"curies":[{"name":"wp","href":"https:\/\/api.w.org\/{rel}","templated":true}]}}