{"id":17673,"date":"2021-12-31T11:36:27","date_gmt":"2021-12-31T10:36:27","guid":{"rendered":"https:\/\/www.caudete.org\/ayuntamiento\/?p=17673"},"modified":"2021-12-31T11:48:28","modified_gmt":"2021-12-31T10:48:28","slug":"la-concejal-de-sanidad-insiste-en-el-comportamiento-y-las-recomendaciones-ante-el-covid-19","status":"publish","type":"post","link":"https:\/\/www.caudete.org\/ayuntamiento\/la-concejal-de-sanidad-insiste-en-el-comportamiento-y-las-recomendaciones-ante-el-covid-19\/","title":{"rendered":"La Concejal de Sanidad insiste en el comportamiento y las recomendaciones ante el Covid-19"},"content":{"rendered":"<p style=\"text-align: justify;\"><span style=\"font-family: georgia, palatino, serif;\">Ante el aumento de nuevos casos positivos de covid-19 en el municipio, la Concejal de Sanidad Inma Garc\u00eda ha mantenido reuni\u00f3n con la Gerencia del Centro de Salud de Caudete, analizando la situaci\u00f3n, viendo necesario incidir en el comportamiento de la poblaci\u00f3n en esta sexta ola.<\/span><\/p>\n<p style=\"text-align: justify;\"><span style=\"font-family: georgia, palatino, serif;\">La Atenci\u00f3n Primaria de nuestra poblaci\u00f3n est\u00e1 desbordada por la atenci\u00f3n a la alta incidencia del covid-19, por ello, se pide a la poblaci\u00f3n tranquilidad, paciencia y conciencia con la situaci\u00f3n, a la vez que insistimos en las recomendaciones siguientes:<\/span><\/p>\n<ol>\n<li style=\"text-align: justify;\"><span style=\"color: #000000; font-family: georgia, palatino, serif;\"><span style=\"color: #000000; font-family: georgia, palatino, serif;\"><span style=\"font-size: medium;\"><strong><span style=\"text-decoration: underline;\">En caso de tener s\u00edntomas leves de Covid-19 las recomendaciones generales a la poblaci\u00f3n son:<\/span><\/strong><\/span><\/span><\/span>&#8211; Quedarse en casa.<\/li>\n<\/ol>\n<p style=\"text-align: justify; padding-left: 80px;\"><span style=\"color: #000000; font-family: georgia, palatino, serif;\"><span style=\"font-size: medium;\">&#8211; Solicitar cita telef\u00f3nica con su m\u00e9dico.<\/span><\/span><\/p>\n<p style=\"text-align: justify; padding-left: 80px;\"><span style=\"color: #000000; font-family: georgia, palatino, serif;\"><span style=\"font-size: medium;\">&#8211; Vigilar su estado de salud.<\/span><\/span><\/p>\n<p style=\"text-align: justify; padding-left: 80px;\"><span style=\"color: #000000; font-family: georgia, palatino, serif;\"><span style=\"font-size: medium;\">&#8211; Medirse la temperatura.<\/span><\/span><\/p>\n<p style=\"text-align: justify; padding-left: 80px;\"><span style=\"color: #000000; font-family: georgia, palatino, serif;\"><span style=\"font-size: medium;\">&#8211; Extremar las medidas de higiene.<\/span><\/span><\/p>\n<p style=\"text-align: justify; padding-left: 80px;\"><span style=\"color: #000000; font-family: georgia, palatino, serif;\"><span style=\"font-size: medium;\">&#8211; Evitar el contacto con las personas con las que se convive para evitar el contagio.<\/span><\/span><\/p>\n<p>&nbsp;<\/p>\n<p style=\"text-align: justify; padding-left: 40px;\"><span style=\"font-family: georgia, palatino, serif;\"><span style=\"color: #000000;\"><span style=\"font-size: medium;\">2. <\/span><\/span><span style=\"text-decoration: underline;\"><strong><span style=\"color: #000000; text-decoration: underline;\"><span style=\"font-size: medium;\">En caso de diagn\u00f3stico COVID-19 <\/span><\/span><span style=\"color: #000000; text-decoration: underline;\"><span style=\"font-size: medium;\">positivo<\/span><\/span><span style=\"color: #000000; text-decoration: underline;\"><span style=\"font-size: medium;\">, si es contacto estrecho, aparecieran s\u00edntomas o bien si se encuentra en espera de realizar prueba diagn\u00f3stica, se debe permanecer en casa y seguir las indicaciones del personal sanitario.<\/span><\/span><\/strong><\/span><\/span><\/p>\n<p style=\"text-align: justify;\"><span style=\"color: #050505; font-family: georgia, palatino, serif;\"><span style=\"font-size: medium;\">Tel\u00e9fono gratuito 24h de informaci\u00f3n sobre COVID-19<\/span><\/span><\/p>\n<p style=\"text-align: justify; padding-left: 40px;\"><span style=\"color: #000000; font-family: georgia, palatino, serif;\"><span style=\"font-size: medium;\"><br \/>\n<span style=\"text-decoration: underline;\"><strong>3. Para contener la propagaci\u00f3n del virus es esencial extremar las medidas de protecci\u00f3n:<\/strong><\/span><\/span><\/span><\/p>\n<p style=\"text-align: justify; padding-left: 80px;\"><span style=\"color: #000000; font-family: georgia, palatino, serif;\"><span style=\"font-size: medium;\">&#8211; Lavado de manos con jab\u00f3n o soluci\u00f3n hidroalcoh\u00f3lica.<\/span><\/span><\/p>\n<p style=\"text-align: justify; padding-left: 80px;\"><span style=\"color: #000000; font-family: georgia, palatino, serif;\"><span style=\"font-size: medium;\">&#8211; Uso de mascarilla.<\/span><\/span><\/p>\n<p style=\"text-align: justify; padding-left: 80px;\"><span style=\"color: #000000; font-family: georgia, palatino, serif;\"><span style=\"font-size: medium;\">&#8211; Mantenimiento de la distancia de seguridad<\/span><\/span><\/p>\n<p style=\"text-align: justify; padding-left: 80px;\"><span style=\"color: #000000; font-family: georgia, palatino, serif;\"><span style=\"font-size: medium;\">&#8211; Dar preferencia a encuentros al aire libre.<\/span><\/span><\/p>\n<p style=\"text-align: justify; padding-left: 80px;\"><span style=\"color: #000000; font-family: georgia, palatino, serif;\"><span style=\"font-size: medium;\">&#8211; Saludar evitando el contacto cercano.<\/span><\/span><\/p>\n<p style=\"text-align: justify; padding-left: 80px;\"><span style=\"color: #000000; font-family: georgia, palatino, serif;\"><span style=\"font-size: medium;\">&#8211; Taparse con el codo al toser o estornudar en caso de no llevar en ese momento la mascarilla.<\/span><\/span><\/p>\n<p style=\"text-align: justify; padding-left: 80px;\"><span style=\"color: #000000; font-family: georgia, palatino, serif;\"><span style=\"font-size: medium;\">&#8211; Usar pa\u00f1uelos desechables.<\/span><\/span><\/p>\n<p style=\"text-align: justify; padding-left: 80px;\"><span style=\"color: #000000; font-family: georgia, palatino, serif;\"><span style=\"font-size: medium;\">&#8211; Desinfectar las superficies.<br \/>\n<\/span><\/span><\/p>\n<p style=\"text-align: justify; padding-left: 40px;\"><span style=\"color: #000000; font-family: georgia, palatino, serif;\"><span style=\"font-size: medium;\"><br \/>\n<span style=\"text-decoration: underline;\"><strong>4. En espacios interiores:<\/strong><\/span><\/span><\/span><\/p>\n<p style=\"text-align: justify; padding-left: 80px;\"><span style=\"color: #000000; font-family: georgia, palatino, serif;\"><span style=\"font-size: medium;\">&#8211; Mantener una ventilaci\u00f3n constante.<\/span><\/span><\/p>\n<p style=\"text-align: justify; padding-left: 80px;\"><span style=\"color: #000000; font-family: georgia, palatino, serif;\"><span style=\"font-size: medium;\">&#8211; Utilizar la mascarilla cuando se comparta dicho espacio con personas no convivientes.<\/span><\/span><\/p>\n","protected":false},"excerpt":{"rendered":"<p>Ante el aumento de nuevos casos positivos de covid-19 en el municipio, la Concejal de Sanidad Inma Garc\u00eda ha mantenido reuni\u00f3n con la Gerencia del Centro de Salud de Caudete, analizando la situaci\u00f3n, viendo necesario incidir en el comportamiento de la poblaci\u00f3n en esta sexta ola. La Atenci\u00f3n Primaria de nuestra poblaci\u00f3n est\u00e1 desbordada por &hellip;<\/p>\n","protected":false},"author":3,"featured_media":13716,"comment_status":"closed","ping_status":"open","sticky":false,"template":"","format":"standard","meta":{"ngg_post_thumbnail":0,"footnotes":""},"categories":[16],"tags":[],"class_list":["post-17673","post","type-post","status-publish","format-standard","has-post-thumbnail","hentry","category-sanidad"],"yoast_head":"<!-- This site is optimized with the Yoast SEO plugin v27.5 - https:\/\/yoast.com\/product\/yoast-seo-wordpress\/ -->\n<title>La Concejal de Sanidad insiste en el comportamiento y las recomendaciones ante el Covid-19 - MI Ayuntamiento de Caudete<\/title>\n<meta name=\"description\" content=\"P\u00e1gina Oficial del Ayuntamiento de Caudete (Albacete)\" \/>\n<meta name=\"robots\" content=\"index, follow, max-snippet:-1, max-image-preview:large, max-video-preview:-1\" \/>\n<link rel=\"canonical\" href=\"https:\/\/www.caudete.org\/ayuntamiento\/la-concejal-de-sanidad-insiste-en-el-comportamiento-y-las-recomendaciones-ante-el-covid-19\/\" \/>\n<meta property=\"og:locale\" content=\"es_ES\" \/>\n<meta property=\"og:type\" content=\"article\" \/>\n<meta property=\"og:title\" content=\"La Concejal de Sanidad insiste en el comportamiento y las recomendaciones ante el Covid-19 - MI Ayuntamiento de Caudete\" \/>\n<meta property=\"og:description\" content=\"P\u00e1gina Oficial del Ayuntamiento de Caudete (Albacete)\" \/>\n<meta property=\"og:url\" content=\"https:\/\/www.caudete.org\/ayuntamiento\/la-concejal-de-sanidad-insiste-en-el-comportamiento-y-las-recomendaciones-ante-el-covid-19\/\" \/>\n<meta property=\"og:site_name\" content=\"MI Ayuntamiento de Caudete\" \/>\n<meta property=\"article:publisher\" content=\"https:\/\/www.facebook.com\/ayuntamientocaudete\/\" \/>\n<meta property=\"article:published_time\" content=\"2021-12-31T10:36:27+00:00\" \/>\n<meta property=\"article:modified_time\" content=\"2021-12-31T10:48:28+00:00\" \/>\n<meta property=\"og:image\" content=\"https:\/\/www.caudete.org\/ayuntamiento\/wp-content\/uploads\/2021\/04\/COVID_overview_imageCaudete-1024x640-1.jpg\" \/>\n\t<meta property=\"og:image:width\" content=\"1024\" \/>\n\t<meta property=\"og:image:height\" content=\"640\" \/>\n\t<meta property=\"og:image:type\" content=\"image\/jpeg\" \/>\n<meta name=\"author\" content=\"alcalde\" \/>\n<meta name=\"twitter:card\" content=\"summary_large_image\" \/>\n<meta name=\"twitter:label1\" content=\"Escrito por\" \/>\n\t<meta name=\"twitter:data1\" content=\"alcalde\" \/>\n\t<meta name=\"twitter:label2\" content=\"Tiempo de lectura\" \/>\n\t<meta name=\"twitter:data2\" content=\"2 minutos\" \/>\n<script type=\"application\/ld+json\" class=\"yoast-schema-graph\">{\"@context\":\"https:\\\/\\\/schema.org\",\"@graph\":[{\"@type\":\"Article\",\"@id\":\"https:\\\/\\\/www.caudete.org\\\/ayuntamiento\\\/la-concejal-de-sanidad-insiste-en-el-comportamiento-y-las-recomendaciones-ante-el-covid-19\\\/#article\",\"isPartOf\":{\"@id\":\"https:\\\/\\\/www.caudete.org\\\/ayuntamiento\\\/la-concejal-de-sanidad-insiste-en-el-comportamiento-y-las-recomendaciones-ante-el-covid-19\\\/\"},\"author\":{\"name\":\"alcalde\",\"@id\":\"https:\\\/\\\/www.caudete.org\\\/ayuntamiento\\\/#\\\/schema\\\/person\\\/cc646da9133078ee4d8dd47457947253\"},\"headline\":\"La Concejal de Sanidad insiste en el comportamiento y las recomendaciones ante el Covid-19\",\"datePublished\":\"2021-12-31T10:36:27+00:00\",\"dateModified\":\"2021-12-31T10:48:28+00:00\",\"mainEntityOfPage\":{\"@id\":\"https:\\\/\\\/www.caudete.org\\\/ayuntamiento\\\/la-concejal-de-sanidad-insiste-en-el-comportamiento-y-las-recomendaciones-ante-el-covid-19\\\/\"},\"wordCount\":321,\"image\":{\"@id\":\"https:\\\/\\\/www.caudete.org\\\/ayuntamiento\\\/la-concejal-de-sanidad-insiste-en-el-comportamiento-y-las-recomendaciones-ante-el-covid-19\\\/#primaryimage\"},\"thumbnailUrl\":\"https:\\\/\\\/www.caudete.org\\\/ayuntamiento\\\/wp-content\\\/uploads\\\/2021\\\/04\\\/COVID_overview_imageCaudete-1024x640-1.jpg\",\"articleSection\":[\"Sanidad\"],\"inLanguage\":\"es\"},{\"@type\":\"WebPage\",\"@id\":\"https:\\\/\\\/www.caudete.org\\\/ayuntamiento\\\/la-concejal-de-sanidad-insiste-en-el-comportamiento-y-las-recomendaciones-ante-el-covid-19\\\/\",\"url\":\"https:\\\/\\\/www.caudete.org\\\/ayuntamiento\\\/la-concejal-de-sanidad-insiste-en-el-comportamiento-y-las-recomendaciones-ante-el-covid-19\\\/\",\"name\":\"La Concejal de Sanidad insiste en el comportamiento y las recomendaciones ante el Covid-19 - MI Ayuntamiento de Caudete\",\"isPartOf\":{\"@id\":\"https:\\\/\\\/www.caudete.org\\\/ayuntamiento\\\/#website\"},\"primaryImageOfPage\":{\"@id\":\"https:\\\/\\\/www.caudete.org\\\/ayuntamiento\\\/la-concejal-de-sanidad-insiste-en-el-comportamiento-y-las-recomendaciones-ante-el-covid-19\\\/#primaryimage\"},\"image\":{\"@id\":\"https:\\\/\\\/www.caudete.org\\\/ayuntamiento\\\/la-concejal-de-sanidad-insiste-en-el-comportamiento-y-las-recomendaciones-ante-el-covid-19\\\/#primaryimage\"},\"thumbnailUrl\":\"https:\\\/\\\/www.caudete.org\\\/ayuntamiento\\\/wp-content\\\/uploads\\\/2021\\\/04\\\/COVID_overview_imageCaudete-1024x640-1.jpg\",\"datePublished\":\"2021-12-31T10:36:27+00:00\",\"dateModified\":\"2021-12-31T10:48:28+00:00\",\"author\":{\"@id\":\"https:\\\/\\\/www.caudete.org\\\/ayuntamiento\\\/#\\\/schema\\\/person\\\/cc646da9133078ee4d8dd47457947253\"},\"description\":\"P\u00e1gina Oficial del Ayuntamiento de Caudete (Albacete)\",\"breadcrumb\":{\"@id\":\"https:\\\/\\\/www.caudete.org\\\/ayuntamiento\\\/la-concejal-de-sanidad-insiste-en-el-comportamiento-y-las-recomendaciones-ante-el-covid-19\\\/#breadcrumb\"},\"inLanguage\":\"es\",\"potentialAction\":[{\"@type\":\"ReadAction\",\"target\":[\"https:\\\/\\\/www.caudete.org\\\/ayuntamiento\\\/la-concejal-de-sanidad-insiste-en-el-comportamiento-y-las-recomendaciones-ante-el-covid-19\\\/\"]}]},{\"@type\":\"ImageObject\",\"inLanguage\":\"es\",\"@id\":\"https:\\\/\\\/www.caudete.org\\\/ayuntamiento\\\/la-concejal-de-sanidad-insiste-en-el-comportamiento-y-las-recomendaciones-ante-el-covid-19\\\/#primaryimage\",\"url\":\"https:\\\/\\\/www.caudete.org\\\/ayuntamiento\\\/wp-content\\\/uploads\\\/2021\\\/04\\\/COVID_overview_imageCaudete-1024x640-1.jpg\",\"contentUrl\":\"https:\\\/\\\/www.caudete.org\\\/ayuntamiento\\\/wp-content\\\/uploads\\\/2021\\\/04\\\/COVID_overview_imageCaudete-1024x640-1.jpg\",\"width\":1024,\"height\":640},{\"@type\":\"BreadcrumbList\",\"@id\":\"https:\\\/\\\/www.caudete.org\\\/ayuntamiento\\\/la-concejal-de-sanidad-insiste-en-el-comportamiento-y-las-recomendaciones-ante-el-covid-19\\\/#breadcrumb\",\"itemListElement\":[{\"@type\":\"ListItem\",\"position\":1,\"name\":\"Inicio\",\"item\":\"https:\\\/\\\/www.caudete.org\\\/ayuntamiento\\\/\"},{\"@type\":\"ListItem\",\"position\":2,\"name\":\"La Concejal de Sanidad insiste en el comportamiento y las recomendaciones ante el Covid-19\"}]},{\"@type\":\"WebSite\",\"@id\":\"https:\\\/\\\/www.caudete.org\\\/ayuntamiento\\\/#website\",\"url\":\"https:\\\/\\\/www.caudete.org\\\/ayuntamiento\\\/\",\"name\":\"MI Ayuntamiento de Caudete\",\"description\":\"P\u00e1gina Oficial del MI Ayuntamiento de Caudete\",\"potentialAction\":[{\"@type\":\"SearchAction\",\"target\":{\"@type\":\"EntryPoint\",\"urlTemplate\":\"https:\\\/\\\/www.caudete.org\\\/ayuntamiento\\\/?s={search_term_string}\"},\"query-input\":{\"@type\":\"PropertyValueSpecification\",\"valueRequired\":true,\"valueName\":\"search_term_string\"}}],\"inLanguage\":\"es\"},{\"@type\":\"Person\",\"@id\":\"https:\\\/\\\/www.caudete.org\\\/ayuntamiento\\\/#\\\/schema\\\/person\\\/cc646da9133078ee4d8dd47457947253\",\"name\":\"alcalde\",\"image\":{\"@type\":\"ImageObject\",\"inLanguage\":\"es\",\"@id\":\"https:\\\/\\\/secure.gravatar.com\\\/avatar\\\/84a817ba065b29ff08d666b215a215f5c79186a645ccb25b14a663d48a130f77?s=96&d=mm&r=g\",\"url\":\"https:\\\/\\\/secure.gravatar.com\\\/avatar\\\/84a817ba065b29ff08d666b215a215f5c79186a645ccb25b14a663d48a130f77?s=96&d=mm&r=g\",\"contentUrl\":\"https:\\\/\\\/secure.gravatar.com\\\/avatar\\\/84a817ba065b29ff08d666b215a215f5c79186a645ccb25b14a663d48a130f77?s=96&d=mm&r=g\",\"caption\":\"alcalde\"},\"url\":\"https:\\\/\\\/www.caudete.org\\\/ayuntamiento\\\/author\\\/alcalde\\\/\"}]}<\/script>\n<!-- \/ Yoast SEO plugin. -->","yoast_head_json":{"title":"La Concejal de Sanidad insiste en el comportamiento y las recomendaciones ante el Covid-19 - MI Ayuntamiento de Caudete","description":"P\u00e1gina Oficial del Ayuntamiento de Caudete (Albacete)","robots":{"index":"index","follow":"follow","max-snippet":"max-snippet:-1","max-image-preview":"max-image-preview:large","max-video-preview":"max-video-preview:-1"},"canonical":"https:\/\/www.caudete.org\/ayuntamiento\/la-concejal-de-sanidad-insiste-en-el-comportamiento-y-las-recomendaciones-ante-el-covid-19\/","og_locale":"es_ES","og_type":"article","og_title":"La Concejal de Sanidad insiste en el comportamiento y las recomendaciones ante el Covid-19 - MI Ayuntamiento de Caudete","og_description":"P\u00e1gina Oficial del Ayuntamiento de Caudete (Albacete)","og_url":"https:\/\/www.caudete.org\/ayuntamiento\/la-concejal-de-sanidad-insiste-en-el-comportamiento-y-las-recomendaciones-ante-el-covid-19\/","og_site_name":"MI Ayuntamiento de Caudete","article_publisher":"https:\/\/www.facebook.com\/ayuntamientocaudete\/","article_published_time":"2021-12-31T10:36:27+00:00","article_modified_time":"2021-12-31T10:48:28+00:00","og_image":[{"width":1024,"height":640,"url":"https:\/\/www.caudete.org\/ayuntamiento\/wp-content\/uploads\/2021\/04\/COVID_overview_imageCaudete-1024x640-1.jpg","type":"image\/jpeg"}],"author":"alcalde","twitter_card":"summary_large_image","twitter_misc":{"Escrito por":"alcalde","Tiempo de lectura":"2 minutos"},"schema":{"@context":"https:\/\/schema.org","@graph":[{"@type":"Article","@id":"https:\/\/www.caudete.org\/ayuntamiento\/la-concejal-de-sanidad-insiste-en-el-comportamiento-y-las-recomendaciones-ante-el-covid-19\/#article","isPartOf":{"@id":"https:\/\/www.caudete.org\/ayuntamiento\/la-concejal-de-sanidad-insiste-en-el-comportamiento-y-las-recomendaciones-ante-el-covid-19\/"},"author":{"name":"alcalde","@id":"https:\/\/www.caudete.org\/ayuntamiento\/#\/schema\/person\/cc646da9133078ee4d8dd47457947253"},"headline":"La Concejal de Sanidad insiste en el comportamiento y las recomendaciones ante el Covid-19","datePublished":"2021-12-31T10:36:27+00:00","dateModified":"2021-12-31T10:48:28+00:00","mainEntityOfPage":{"@id":"https:\/\/www.caudete.org\/ayuntamiento\/la-concejal-de-sanidad-insiste-en-el-comportamiento-y-las-recomendaciones-ante-el-covid-19\/"},"wordCount":321,"image":{"@id":"https:\/\/www.caudete.org\/ayuntamiento\/la-concejal-de-sanidad-insiste-en-el-comportamiento-y-las-recomendaciones-ante-el-covid-19\/#primaryimage"},"thumbnailUrl":"https:\/\/www.caudete.org\/ayuntamiento\/wp-content\/uploads\/2021\/04\/COVID_overview_imageCaudete-1024x640-1.jpg","articleSection":["Sanidad"],"inLanguage":"es"},{"@type":"WebPage","@id":"https:\/\/www.caudete.org\/ayuntamiento\/la-concejal-de-sanidad-insiste-en-el-comportamiento-y-las-recomendaciones-ante-el-covid-19\/","url":"https:\/\/www.caudete.org\/ayuntamiento\/la-concejal-de-sanidad-insiste-en-el-comportamiento-y-las-recomendaciones-ante-el-covid-19\/","name":"La Concejal de Sanidad insiste en el comportamiento y las recomendaciones ante el Covid-19 - MI Ayuntamiento de Caudete","isPartOf":{"@id":"https:\/\/www.caudete.org\/ayuntamiento\/#website"},"primaryImageOfPage":{"@id":"https:\/\/www.caudete.org\/ayuntamiento\/la-concejal-de-sanidad-insiste-en-el-comportamiento-y-las-recomendaciones-ante-el-covid-19\/#primaryimage"},"image":{"@id":"https:\/\/www.caudete.org\/ayuntamiento\/la-concejal-de-sanidad-insiste-en-el-comportamiento-y-las-recomendaciones-ante-el-covid-19\/#primaryimage"},"thumbnailUrl":"https:\/\/www.caudete.org\/ayuntamiento\/wp-content\/uploads\/2021\/04\/COVID_overview_imageCaudete-1024x640-1.jpg","datePublished":"2021-12-31T10:36:27+00:00","dateModified":"2021-12-31T10:48:28+00:00","author":{"@id":"https:\/\/www.caudete.org\/ayuntamiento\/#\/schema\/person\/cc646da9133078ee4d8dd47457947253"},"description":"P\u00e1gina Oficial del Ayuntamiento de Caudete (Albacete)","breadcrumb":{"@id":"https:\/\/www.caudete.org\/ayuntamiento\/la-concejal-de-sanidad-insiste-en-el-comportamiento-y-las-recomendaciones-ante-el-covid-19\/#breadcrumb"},"inLanguage":"es","potentialAction":[{"@type":"ReadAction","target":["https:\/\/www.caudete.org\/ayuntamiento\/la-concejal-de-sanidad-insiste-en-el-comportamiento-y-las-recomendaciones-ante-el-covid-19\/"]}]},{"@type":"ImageObject","inLanguage":"es","@id":"https:\/\/www.caudete.org\/ayuntamiento\/la-concejal-de-sanidad-insiste-en-el-comportamiento-y-las-recomendaciones-ante-el-covid-19\/#primaryimage","url":"https:\/\/www.caudete.org\/ayuntamiento\/wp-content\/uploads\/2021\/04\/COVID_overview_imageCaudete-1024x640-1.jpg","contentUrl":"https:\/\/www.caudete.org\/ayuntamiento\/wp-content\/uploads\/2021\/04\/COVID_overview_imageCaudete-1024x640-1.jpg","width":1024,"height":640},{"@type":"BreadcrumbList","@id":"https:\/\/www.caudete.org\/ayuntamiento\/la-concejal-de-sanidad-insiste-en-el-comportamiento-y-las-recomendaciones-ante-el-covid-19\/#breadcrumb","itemListElement":[{"@type":"ListItem","position":1,"name":"Inicio","item":"https:\/\/www.caudete.org\/ayuntamiento\/"},{"@type":"ListItem","position":2,"name":"La Concejal de Sanidad insiste en el comportamiento y las recomendaciones ante el Covid-19"}]},{"@type":"WebSite","@id":"https:\/\/www.caudete.org\/ayuntamiento\/#website","url":"https:\/\/www.caudete.org\/ayuntamiento\/","name":"MI Ayuntamiento de Caudete","description":"P\u00e1gina Oficial del MI Ayuntamiento de Caudete","potentialAction":[{"@type":"SearchAction","target":{"@type":"EntryPoint","urlTemplate":"https:\/\/www.caudete.org\/ayuntamiento\/?s={search_term_string}"},"query-input":{"@type":"PropertyValueSpecification","valueRequired":true,"valueName":"search_term_string"}}],"inLanguage":"es"},{"@type":"Person","@id":"https:\/\/www.caudete.org\/ayuntamiento\/#\/schema\/person\/cc646da9133078ee4d8dd47457947253","name":"alcalde","image":{"@type":"ImageObject","inLanguage":"es","@id":"https:\/\/secure.gravatar.com\/avatar\/84a817ba065b29ff08d666b215a215f5c79186a645ccb25b14a663d48a130f77?s=96&d=mm&r=g","url":"https:\/\/secure.gravatar.com\/avatar\/84a817ba065b29ff08d666b215a215f5c79186a645ccb25b14a663d48a130f77?s=96&d=mm&r=g","contentUrl":"https:\/\/secure.gravatar.com\/avatar\/84a817ba065b29ff08d666b215a215f5c79186a645ccb25b14a663d48a130f77?s=96&d=mm&r=g","caption":"alcalde"},"url":"https:\/\/www.caudete.org\/ayuntamiento\/author\/alcalde\/"}]}},"_links":{"self":[{"href":"https:\/\/www.caudete.org\/ayuntamiento\/wp-json\/wp\/v2\/posts\/17673","targetHints":{"allow":["GET"]}}],"collection":[{"href":"https:\/\/www.caudete.org\/ayuntamiento\/wp-json\/wp\/v2\/posts"}],"about":[{"href":"https:\/\/www.caudete.org\/ayuntamiento\/wp-json\/wp\/v2\/types\/post"}],"author":[{"embeddable":true,"href":"https:\/\/www.caudete.org\/ayuntamiento\/wp-json\/wp\/v2\/users\/3"}],"replies":[{"embeddable":true,"href":"https:\/\/www.caudete.org\/ayuntamiento\/wp-json\/wp\/v2\/comments?post=17673"}],"version-history":[{"count":5,"href":"https:\/\/www.caudete.org\/ayuntamiento\/wp-json\/wp\/v2\/posts\/17673\/revisions"}],"predecessor-version":[{"id":17678,"href":"https:\/\/www.caudete.org\/ayuntamiento\/wp-json\/wp\/v2\/posts\/17673\/revisions\/17678"}],"wp:featuredmedia":[{"embeddable":true,"href":"https:\/\/www.caudete.org\/ayuntamiento\/wp-json\/wp\/v2\/media\/13716"}],"wp:attachment":[{"href":"https:\/\/www.caudete.org\/ayuntamiento\/wp-json\/wp\/v2\/media?parent=17673"}],"wp:term":[{"taxonomy":"category","embeddable":true,"href":"https:\/\/www.caudete.org\/ayuntamiento\/wp-json\/wp\/v2\/categories?post=17673"},{"taxonomy":"post_tag","embeddable":true,"href":"https:\/\/www.caudete.org\/ayuntamiento\/wp-json\/wp\/v2\/tags?post=17673"}],"curies":[{"name":"wp","href":"https:\/\/api.w.org\/{rel}","templated":true}]}}