{"id":17688,"date":"2022-01-05T08:30:44","date_gmt":"2022-01-05T07:30:44","guid":{"rendered":"https:\/\/www.caudete.org\/ayuntamiento\/?p=17688"},"modified":"2022-01-05T04:33:34","modified_gmt":"2022-01-05T03:33:34","slug":"covid-19-se-eleva-a-2-378-la-tasa-acumulada-a-14-dias-en-caudete","status":"publish","type":"post","link":"https:\/\/www.caudete.org\/ayuntamiento\/covid-19-se-eleva-a-2-378-la-tasa-acumulada-a-14-dias-en-caudete\/","title":{"rendered":"COVID-19: se eleva a 2.378 la Tasa Acumulada a 14 d\u00edas en Caudete"},"content":{"rendered":"<p style=\"text-align: justify;\">La Gerencia de Atenci\u00f3n Integrada de Almansa notificaba en la tarde de ayer al Ayuntamiento la situaci\u00f3n actual de Covid-19 en nuestro municipio.<\/p>\n<p style=\"text-align: justify;\">Ante ello, el Alcalde Mois\u00e9s L\u00f3pez ha comparecido para trasladar a los caudetanos la informaci\u00f3n conocida, y que supone un alto \u00edndice de casos positivos en nuestra localidad, situ\u00e1ndose a fecha 03\/01\/2022 la Tasa Acumulada a 14 d\u00edas en un total de 2.378&#8217;81 casos por cada 100.000 habitantes, hecho que denota la gran expansi\u00f3n del Covid-19 en la sexta ola que vivimos en Espa\u00f1a.<\/p>\n<p style=\"text-align: justify;\">La Tasa Acumulada para toda la Gerencia se sit\u00faa para dicho periodo de tiempo en 2.257&#8217;04 casos por cada 100.000 habitantes, encabezando la lista Corral Rubio y Alpera, seguido de Caudete<\/p>\n<p style=\"text-align: justify;\">No obstante, hace tan solo 7 d\u00edas nuestro municipio presentaba un dato de 959&#8217;52 casos por cada 100.000 habitantes, lo que evidencia que los casos se elevan a m\u00e1s del doble.<\/p>\n<p style=\"text-align: justify;\">Queda esperar unos d\u00edas al an\u00e1lisis semanal que la GAI realiza para toda el \u00e1rea, lo que permitir\u00e1 conocer con mayor precisi\u00f3n la situaci\u00f3n real en Caudete.<\/p>\n<p style=\"text-align: justify;\">Dada la situaci\u00f3n delicada que afrontamos, una vez m\u00e1s desde el Consistorio se pide a los caudetanos la m\u00e1xima responsabilidad individual y colectiva, el estricto cumplimiento de medidas higi\u00e9nicas y sanitarias, as\u00ed como el cumplimiento de los protocolos m\u00e9dicos ante la aparici\u00f3n de s\u00edntomas propios de la enfermedad.<\/p>\n","protected":false},"excerpt":{"rendered":"<p>La Gerencia de Atenci\u00f3n Integrada de Almansa notificaba en la tarde de ayer al Ayuntamiento la situaci\u00f3n actual de Covid-19 en nuestro municipio. Ante ello, el Alcalde Mois\u00e9s L\u00f3pez ha comparecido para trasladar a los caudetanos la informaci\u00f3n conocida, y que supone un alto \u00edndice de casos positivos en nuestra localidad, situ\u00e1ndose a fecha 03\/01\/2022 &hellip;<\/p>\n","protected":false},"author":3,"featured_media":17689,"comment_status":"closed","ping_status":"open","sticky":false,"template":"","format":"standard","meta":{"ngg_post_thumbnail":0,"footnotes":""},"categories":[16],"tags":[],"class_list":["post-17688","post","type-post","status-publish","format-standard","has-post-thumbnail","hentry","category-sanidad"],"yoast_head":"<!-- This site is optimized with the Yoast SEO plugin v27.5 - https:\/\/yoast.com\/product\/yoast-seo-wordpress\/ -->\n<title>COVID-19: se eleva a 2.378 la Tasa Acumulada a 14 d\u00edas en Caudete - MI Ayuntamiento de Caudete<\/title>\n<meta name=\"description\" content=\"P\u00e1gina Oficial del Ayuntamiento de Caudete (Albacete)\" \/>\n<meta name=\"robots\" content=\"index, follow, max-snippet:-1, max-image-preview:large, max-video-preview:-1\" \/>\n<link rel=\"canonical\" href=\"https:\/\/www.caudete.org\/ayuntamiento\/covid-19-se-eleva-a-2-378-la-tasa-acumulada-a-14-dias-en-caudete\/\" \/>\n<meta property=\"og:locale\" content=\"es_ES\" \/>\n<meta property=\"og:type\" content=\"article\" \/>\n<meta property=\"og:title\" content=\"COVID-19: se eleva a 2.378 la Tasa Acumulada a 14 d\u00edas en Caudete - MI Ayuntamiento de Caudete\" \/>\n<meta property=\"og:description\" content=\"P\u00e1gina Oficial del Ayuntamiento de Caudete (Albacete)\" \/>\n<meta property=\"og:url\" content=\"https:\/\/www.caudete.org\/ayuntamiento\/covid-19-se-eleva-a-2-378-la-tasa-acumulada-a-14-dias-en-caudete\/\" \/>\n<meta property=\"og:site_name\" content=\"MI Ayuntamiento de Caudete\" \/>\n<meta property=\"article:publisher\" content=\"https:\/\/www.facebook.com\/ayuntamientocaudete\/\" \/>\n<meta property=\"article:published_time\" content=\"2022-01-05T07:30:44+00:00\" \/>\n<meta property=\"og:image\" content=\"https:\/\/www.caudete.org\/ayuntamiento\/wp-content\/uploads\/2022\/01\/IMG_20220105_040530.jpg\" \/>\n\t<meta property=\"og:image:width\" content=\"982\" \/>\n\t<meta property=\"og:image:height\" content=\"584\" \/>\n\t<meta property=\"og:image:type\" content=\"image\/jpeg\" \/>\n<meta name=\"author\" content=\"alcalde\" \/>\n<meta name=\"twitter:card\" content=\"summary_large_image\" \/>\n<meta name=\"twitter:label1\" content=\"Escrito por\" \/>\n\t<meta name=\"twitter:data1\" content=\"alcalde\" \/>\n\t<meta name=\"twitter:label2\" content=\"Tiempo de lectura\" \/>\n\t<meta name=\"twitter:data2\" content=\"2 minutos\" \/>\n<script type=\"application\/ld+json\" class=\"yoast-schema-graph\">{\"@context\":\"https:\\\/\\\/schema.org\",\"@graph\":[{\"@type\":\"Article\",\"@id\":\"https:\\\/\\\/www.caudete.org\\\/ayuntamiento\\\/covid-19-se-eleva-a-2-378-la-tasa-acumulada-a-14-dias-en-caudete\\\/#article\",\"isPartOf\":{\"@id\":\"https:\\\/\\\/www.caudete.org\\\/ayuntamiento\\\/covid-19-se-eleva-a-2-378-la-tasa-acumulada-a-14-dias-en-caudete\\\/\"},\"author\":{\"name\":\"alcalde\",\"@id\":\"https:\\\/\\\/www.caudete.org\\\/ayuntamiento\\\/#\\\/schema\\\/person\\\/cc646da9133078ee4d8dd47457947253\"},\"headline\":\"COVID-19: se eleva a 2.378 la Tasa Acumulada a 14 d\u00edas en Caudete\",\"datePublished\":\"2022-01-05T07:30:44+00:00\",\"mainEntityOfPage\":{\"@id\":\"https:\\\/\\\/www.caudete.org\\\/ayuntamiento\\\/covid-19-se-eleva-a-2-378-la-tasa-acumulada-a-14-dias-en-caudete\\\/\"},\"wordCount\":250,\"image\":{\"@id\":\"https:\\\/\\\/www.caudete.org\\\/ayuntamiento\\\/covid-19-se-eleva-a-2-378-la-tasa-acumulada-a-14-dias-en-caudete\\\/#primaryimage\"},\"thumbnailUrl\":\"https:\\\/\\\/www.caudete.org\\\/ayuntamiento\\\/wp-content\\\/uploads\\\/2022\\\/01\\\/IMG_20220105_040530.jpg\",\"articleSection\":[\"Sanidad\"],\"inLanguage\":\"es\"},{\"@type\":\"WebPage\",\"@id\":\"https:\\\/\\\/www.caudete.org\\\/ayuntamiento\\\/covid-19-se-eleva-a-2-378-la-tasa-acumulada-a-14-dias-en-caudete\\\/\",\"url\":\"https:\\\/\\\/www.caudete.org\\\/ayuntamiento\\\/covid-19-se-eleva-a-2-378-la-tasa-acumulada-a-14-dias-en-caudete\\\/\",\"name\":\"COVID-19: se eleva a 2.378 la Tasa Acumulada a 14 d\u00edas en Caudete - MI Ayuntamiento de Caudete\",\"isPartOf\":{\"@id\":\"https:\\\/\\\/www.caudete.org\\\/ayuntamiento\\\/#website\"},\"primaryImageOfPage\":{\"@id\":\"https:\\\/\\\/www.caudete.org\\\/ayuntamiento\\\/covid-19-se-eleva-a-2-378-la-tasa-acumulada-a-14-dias-en-caudete\\\/#primaryimage\"},\"image\":{\"@id\":\"https:\\\/\\\/www.caudete.org\\\/ayuntamiento\\\/covid-19-se-eleva-a-2-378-la-tasa-acumulada-a-14-dias-en-caudete\\\/#primaryimage\"},\"thumbnailUrl\":\"https:\\\/\\\/www.caudete.org\\\/ayuntamiento\\\/wp-content\\\/uploads\\\/2022\\\/01\\\/IMG_20220105_040530.jpg\",\"datePublished\":\"2022-01-05T07:30:44+00:00\",\"author\":{\"@id\":\"https:\\\/\\\/www.caudete.org\\\/ayuntamiento\\\/#\\\/schema\\\/person\\\/cc646da9133078ee4d8dd47457947253\"},\"description\":\"P\u00e1gina Oficial del Ayuntamiento de Caudete (Albacete)\",\"breadcrumb\":{\"@id\":\"https:\\\/\\\/www.caudete.org\\\/ayuntamiento\\\/covid-19-se-eleva-a-2-378-la-tasa-acumulada-a-14-dias-en-caudete\\\/#breadcrumb\"},\"inLanguage\":\"es\",\"potentialAction\":[{\"@type\":\"ReadAction\",\"target\":[\"https:\\\/\\\/www.caudete.org\\\/ayuntamiento\\\/covid-19-se-eleva-a-2-378-la-tasa-acumulada-a-14-dias-en-caudete\\\/\"]}]},{\"@type\":\"ImageObject\",\"inLanguage\":\"es\",\"@id\":\"https:\\\/\\\/www.caudete.org\\\/ayuntamiento\\\/covid-19-se-eleva-a-2-378-la-tasa-acumulada-a-14-dias-en-caudete\\\/#primaryimage\",\"url\":\"https:\\\/\\\/www.caudete.org\\\/ayuntamiento\\\/wp-content\\\/uploads\\\/2022\\\/01\\\/IMG_20220105_040530.jpg\",\"contentUrl\":\"https:\\\/\\\/www.caudete.org\\\/ayuntamiento\\\/wp-content\\\/uploads\\\/2022\\\/01\\\/IMG_20220105_040530.jpg\",\"width\":982,\"height\":584},{\"@type\":\"BreadcrumbList\",\"@id\":\"https:\\\/\\\/www.caudete.org\\\/ayuntamiento\\\/covid-19-se-eleva-a-2-378-la-tasa-acumulada-a-14-dias-en-caudete\\\/#breadcrumb\",\"itemListElement\":[{\"@type\":\"ListItem\",\"position\":1,\"name\":\"Inicio\",\"item\":\"https:\\\/\\\/www.caudete.org\\\/ayuntamiento\\\/\"},{\"@type\":\"ListItem\",\"position\":2,\"name\":\"COVID-19: se eleva a 2.378 la Tasa Acumulada a 14 d\u00edas en Caudete\"}]},{\"@type\":\"WebSite\",\"@id\":\"https:\\\/\\\/www.caudete.org\\\/ayuntamiento\\\/#website\",\"url\":\"https:\\\/\\\/www.caudete.org\\\/ayuntamiento\\\/\",\"name\":\"MI Ayuntamiento de Caudete\",\"description\":\"P\u00e1gina Oficial del MI Ayuntamiento de Caudete\",\"potentialAction\":[{\"@type\":\"SearchAction\",\"target\":{\"@type\":\"EntryPoint\",\"urlTemplate\":\"https:\\\/\\\/www.caudete.org\\\/ayuntamiento\\\/?s={search_term_string}\"},\"query-input\":{\"@type\":\"PropertyValueSpecification\",\"valueRequired\":true,\"valueName\":\"search_term_string\"}}],\"inLanguage\":\"es\"},{\"@type\":\"Person\",\"@id\":\"https:\\\/\\\/www.caudete.org\\\/ayuntamiento\\\/#\\\/schema\\\/person\\\/cc646da9133078ee4d8dd47457947253\",\"name\":\"alcalde\",\"image\":{\"@type\":\"ImageObject\",\"inLanguage\":\"es\",\"@id\":\"https:\\\/\\\/secure.gravatar.com\\\/avatar\\\/84a817ba065b29ff08d666b215a215f5c79186a645ccb25b14a663d48a130f77?s=96&d=mm&r=g\",\"url\":\"https:\\\/\\\/secure.gravatar.com\\\/avatar\\\/84a817ba065b29ff08d666b215a215f5c79186a645ccb25b14a663d48a130f77?s=96&d=mm&r=g\",\"contentUrl\":\"https:\\\/\\\/secure.gravatar.com\\\/avatar\\\/84a817ba065b29ff08d666b215a215f5c79186a645ccb25b14a663d48a130f77?s=96&d=mm&r=g\",\"caption\":\"alcalde\"},\"url\":\"https:\\\/\\\/www.caudete.org\\\/ayuntamiento\\\/author\\\/alcalde\\\/\"}]}<\/script>\n<!-- \/ Yoast SEO plugin. -->","yoast_head_json":{"title":"COVID-19: se eleva a 2.378 la Tasa Acumulada a 14 d\u00edas en Caudete - MI Ayuntamiento de Caudete","description":"P\u00e1gina Oficial del Ayuntamiento de Caudete (Albacete)","robots":{"index":"index","follow":"follow","max-snippet":"max-snippet:-1","max-image-preview":"max-image-preview:large","max-video-preview":"max-video-preview:-1"},"canonical":"https:\/\/www.caudete.org\/ayuntamiento\/covid-19-se-eleva-a-2-378-la-tasa-acumulada-a-14-dias-en-caudete\/","og_locale":"es_ES","og_type":"article","og_title":"COVID-19: se eleva a 2.378 la Tasa Acumulada a 14 d\u00edas en Caudete - MI Ayuntamiento de Caudete","og_description":"P\u00e1gina Oficial del Ayuntamiento de Caudete (Albacete)","og_url":"https:\/\/www.caudete.org\/ayuntamiento\/covid-19-se-eleva-a-2-378-la-tasa-acumulada-a-14-dias-en-caudete\/","og_site_name":"MI Ayuntamiento de Caudete","article_publisher":"https:\/\/www.facebook.com\/ayuntamientocaudete\/","article_published_time":"2022-01-05T07:30:44+00:00","og_image":[{"width":982,"height":584,"url":"https:\/\/www.caudete.org\/ayuntamiento\/wp-content\/uploads\/2022\/01\/IMG_20220105_040530.jpg","type":"image\/jpeg"}],"author":"alcalde","twitter_card":"summary_large_image","twitter_misc":{"Escrito por":"alcalde","Tiempo de lectura":"2 minutos"},"schema":{"@context":"https:\/\/schema.org","@graph":[{"@type":"Article","@id":"https:\/\/www.caudete.org\/ayuntamiento\/covid-19-se-eleva-a-2-378-la-tasa-acumulada-a-14-dias-en-caudete\/#article","isPartOf":{"@id":"https:\/\/www.caudete.org\/ayuntamiento\/covid-19-se-eleva-a-2-378-la-tasa-acumulada-a-14-dias-en-caudete\/"},"author":{"name":"alcalde","@id":"https:\/\/www.caudete.org\/ayuntamiento\/#\/schema\/person\/cc646da9133078ee4d8dd47457947253"},"headline":"COVID-19: se eleva a 2.378 la Tasa Acumulada a 14 d\u00edas en Caudete","datePublished":"2022-01-05T07:30:44+00:00","mainEntityOfPage":{"@id":"https:\/\/www.caudete.org\/ayuntamiento\/covid-19-se-eleva-a-2-378-la-tasa-acumulada-a-14-dias-en-caudete\/"},"wordCount":250,"image":{"@id":"https:\/\/www.caudete.org\/ayuntamiento\/covid-19-se-eleva-a-2-378-la-tasa-acumulada-a-14-dias-en-caudete\/#primaryimage"},"thumbnailUrl":"https:\/\/www.caudete.org\/ayuntamiento\/wp-content\/uploads\/2022\/01\/IMG_20220105_040530.jpg","articleSection":["Sanidad"],"inLanguage":"es"},{"@type":"WebPage","@id":"https:\/\/www.caudete.org\/ayuntamiento\/covid-19-se-eleva-a-2-378-la-tasa-acumulada-a-14-dias-en-caudete\/","url":"https:\/\/www.caudete.org\/ayuntamiento\/covid-19-se-eleva-a-2-378-la-tasa-acumulada-a-14-dias-en-caudete\/","name":"COVID-19: se eleva a 2.378 la Tasa Acumulada a 14 d\u00edas en Caudete - MI Ayuntamiento de Caudete","isPartOf":{"@id":"https:\/\/www.caudete.org\/ayuntamiento\/#website"},"primaryImageOfPage":{"@id":"https:\/\/www.caudete.org\/ayuntamiento\/covid-19-se-eleva-a-2-378-la-tasa-acumulada-a-14-dias-en-caudete\/#primaryimage"},"image":{"@id":"https:\/\/www.caudete.org\/ayuntamiento\/covid-19-se-eleva-a-2-378-la-tasa-acumulada-a-14-dias-en-caudete\/#primaryimage"},"thumbnailUrl":"https:\/\/www.caudete.org\/ayuntamiento\/wp-content\/uploads\/2022\/01\/IMG_20220105_040530.jpg","datePublished":"2022-01-05T07:30:44+00:00","author":{"@id":"https:\/\/www.caudete.org\/ayuntamiento\/#\/schema\/person\/cc646da9133078ee4d8dd47457947253"},"description":"P\u00e1gina Oficial del Ayuntamiento de Caudete (Albacete)","breadcrumb":{"@id":"https:\/\/www.caudete.org\/ayuntamiento\/covid-19-se-eleva-a-2-378-la-tasa-acumulada-a-14-dias-en-caudete\/#breadcrumb"},"inLanguage":"es","potentialAction":[{"@type":"ReadAction","target":["https:\/\/www.caudete.org\/ayuntamiento\/covid-19-se-eleva-a-2-378-la-tasa-acumulada-a-14-dias-en-caudete\/"]}]},{"@type":"ImageObject","inLanguage":"es","@id":"https:\/\/www.caudete.org\/ayuntamiento\/covid-19-se-eleva-a-2-378-la-tasa-acumulada-a-14-dias-en-caudete\/#primaryimage","url":"https:\/\/www.caudete.org\/ayuntamiento\/wp-content\/uploads\/2022\/01\/IMG_20220105_040530.jpg","contentUrl":"https:\/\/www.caudete.org\/ayuntamiento\/wp-content\/uploads\/2022\/01\/IMG_20220105_040530.jpg","width":982,"height":584},{"@type":"BreadcrumbList","@id":"https:\/\/www.caudete.org\/ayuntamiento\/covid-19-se-eleva-a-2-378-la-tasa-acumulada-a-14-dias-en-caudete\/#breadcrumb","itemListElement":[{"@type":"ListItem","position":1,"name":"Inicio","item":"https:\/\/www.caudete.org\/ayuntamiento\/"},{"@type":"ListItem","position":2,"name":"COVID-19: se eleva a 2.378 la Tasa Acumulada a 14 d\u00edas en Caudete"}]},{"@type":"WebSite","@id":"https:\/\/www.caudete.org\/ayuntamiento\/#website","url":"https:\/\/www.caudete.org\/ayuntamiento\/","name":"MI Ayuntamiento de Caudete","description":"P\u00e1gina Oficial del MI Ayuntamiento de Caudete","potentialAction":[{"@type":"SearchAction","target":{"@type":"EntryPoint","urlTemplate":"https:\/\/www.caudete.org\/ayuntamiento\/?s={search_term_string}"},"query-input":{"@type":"PropertyValueSpecification","valueRequired":true,"valueName":"search_term_string"}}],"inLanguage":"es"},{"@type":"Person","@id":"https:\/\/www.caudete.org\/ayuntamiento\/#\/schema\/person\/cc646da9133078ee4d8dd47457947253","name":"alcalde","image":{"@type":"ImageObject","inLanguage":"es","@id":"https:\/\/secure.gravatar.com\/avatar\/84a817ba065b29ff08d666b215a215f5c79186a645ccb25b14a663d48a130f77?s=96&d=mm&r=g","url":"https:\/\/secure.gravatar.com\/avatar\/84a817ba065b29ff08d666b215a215f5c79186a645ccb25b14a663d48a130f77?s=96&d=mm&r=g","contentUrl":"https:\/\/secure.gravatar.com\/avatar\/84a817ba065b29ff08d666b215a215f5c79186a645ccb25b14a663d48a130f77?s=96&d=mm&r=g","caption":"alcalde"},"url":"https:\/\/www.caudete.org\/ayuntamiento\/author\/alcalde\/"}]}},"_links":{"self":[{"href":"https:\/\/www.caudete.org\/ayuntamiento\/wp-json\/wp\/v2\/posts\/17688","targetHints":{"allow":["GET"]}}],"collection":[{"href":"https:\/\/www.caudete.org\/ayuntamiento\/wp-json\/wp\/v2\/posts"}],"about":[{"href":"https:\/\/www.caudete.org\/ayuntamiento\/wp-json\/wp\/v2\/types\/post"}],"author":[{"embeddable":true,"href":"https:\/\/www.caudete.org\/ayuntamiento\/wp-json\/wp\/v2\/users\/3"}],"replies":[{"embeddable":true,"href":"https:\/\/www.caudete.org\/ayuntamiento\/wp-json\/wp\/v2\/comments?post=17688"}],"version-history":[{"count":1,"href":"https:\/\/www.caudete.org\/ayuntamiento\/wp-json\/wp\/v2\/posts\/17688\/revisions"}],"predecessor-version":[{"id":17690,"href":"https:\/\/www.caudete.org\/ayuntamiento\/wp-json\/wp\/v2\/posts\/17688\/revisions\/17690"}],"wp:featuredmedia":[{"embeddable":true,"href":"https:\/\/www.caudete.org\/ayuntamiento\/wp-json\/wp\/v2\/media\/17689"}],"wp:attachment":[{"href":"https:\/\/www.caudete.org\/ayuntamiento\/wp-json\/wp\/v2\/media?parent=17688"}],"wp:term":[{"taxonomy":"category","embeddable":true,"href":"https:\/\/www.caudete.org\/ayuntamiento\/wp-json\/wp\/v2\/categories?post=17688"},{"taxonomy":"post_tag","embeddable":true,"href":"https:\/\/www.caudete.org\/ayuntamiento\/wp-json\/wp\/v2\/tags?post=17688"}],"curies":[{"name":"wp","href":"https:\/\/api.w.org\/{rel}","templated":true}]}}