{"id":17695,"date":"2022-01-07T12:51:06","date_gmt":"2022-01-07T11:51:06","guid":{"rendered":"https:\/\/www.caudete.org\/ayuntamiento\/?p=17695"},"modified":"2022-01-10T09:43:34","modified_gmt":"2022-01-10T08:43:34","slug":"las-ascuas-de-lumbre-producen-la-quema-de-contenedores-en-casco-urbano-y-diseminados","status":"publish","type":"post","link":"https:\/\/www.caudete.org\/ayuntamiento\/las-ascuas-de-lumbre-producen-la-quema-de-contenedores-en-casco-urbano-y-diseminados\/","title":{"rendered":"Las Ascuas de Lumbre producen la quema de contenedores en Casco Urbano y Diseminados"},"content":{"rendered":"<p style=\"text-align: justify;\">Joaqu\u00edn Pag\u00e1n, Concejal de Servicios, ha informado que contin\u00faan los casos de contenedores ardiendo, tanto en casco urbano como en diseminados, fruto de las ascuas procedentes de las cocinas de le\u00f1a.<\/p>\n<p style=\"text-align: justify;\">A los primero 7 contenedores ardidos en semanas pasadas, tenemos otra oleada de casos que han supuesto un riesgo y peligro para propiedades pr\u00f3ximas y veh\u00edculos, de forma innecesaria.<\/p>\n<p style=\"text-align: justify;\">Concretamente han ardido en la Calle Antonio Conejero Ruiz, Calle Miguel Martinez (frente la muralla del castillo), en Avenida de Villena,\u00a0 Camino de los Molinos y el contenedor frente a Santa Margarita, en la Carretera de Villena.<\/p>\n<p><a href=\"https:\/\/www.caudete.org\/ayuntamiento\/wp-content\/uploads\/2022\/01\/IMG-20220106-WA0011.jpg\" rel='prettyPhoto'><img fetchpriority=\"high\" decoding=\"async\" class=\"aligncenter wp-image-17698 size-medium\" src=\"https:\/\/www.caudete.org\/ayuntamiento\/wp-content\/uploads\/2022\/01\/IMG-20220106-WA0011-300x169.jpg\" alt=\"\" width=\"300\" height=\"169\" srcset=\"https:\/\/www.caudete.org\/ayuntamiento\/wp-content\/uploads\/2022\/01\/IMG-20220106-WA0011-300x169.jpg 300w, https:\/\/www.caudete.org\/ayuntamiento\/wp-content\/uploads\/2022\/01\/IMG-20220106-WA0011-1024x576.jpg 1024w, https:\/\/www.caudete.org\/ayuntamiento\/wp-content\/uploads\/2022\/01\/IMG-20220106-WA0011-768x432.jpg 768w, https:\/\/www.caudete.org\/ayuntamiento\/wp-content\/uploads\/2022\/01\/IMG-20220106-WA0011-1536x864.jpg 1536w, https:\/\/www.caudete.org\/ayuntamiento\/wp-content\/uploads\/2022\/01\/IMG-20220106-WA0011.jpg 1599w\" sizes=\"(max-width: 300px) 100vw, 300px\" \/><\/a><\/p>\n<p style=\"text-align: justify;\">Los servicios municipales de recogida de residuos urbanos, mediante la empresa FOBESA nos confirman que los contenedores est\u00e1n ardiendo porque se esta vertiendo sobre los mismos cenizas no apagadas completamente.<\/p>\n<p style=\"text-align: justify;\">Solicitamos encarecidamente a la poblaci\u00f3n que utiliza estufas o cocinas de le\u00f1a que no viertan las cenizas a los contenedores.<\/p>\n<p><a href=\"https:\/\/www.caudete.org\/ayuntamiento\/wp-content\/uploads\/2022\/01\/IMG-20220106-WA0009.jpg\" rel='prettyPhoto'><img decoding=\"async\" class=\"aligncenter wp-image-17697 size-medium\" src=\"https:\/\/www.caudete.org\/ayuntamiento\/wp-content\/uploads\/2022\/01\/IMG-20220106-WA0009-300x225.jpg\" alt=\"\" width=\"300\" height=\"225\" srcset=\"https:\/\/www.caudete.org\/ayuntamiento\/wp-content\/uploads\/2022\/01\/IMG-20220106-WA0009-300x225.jpg 300w, https:\/\/www.caudete.org\/ayuntamiento\/wp-content\/uploads\/2022\/01\/IMG-20220106-WA0009-1024x768.jpg 1024w, https:\/\/www.caudete.org\/ayuntamiento\/wp-content\/uploads\/2022\/01\/IMG-20220106-WA0009-768x576.jpg 768w, https:\/\/www.caudete.org\/ayuntamiento\/wp-content\/uploads\/2022\/01\/IMG-20220106-WA0009-1536x1152.jpg 1536w, https:\/\/www.caudete.org\/ayuntamiento\/wp-content\/uploads\/2022\/01\/IMG-20220106-WA0009.jpg 1600w\" sizes=\"(max-width: 300px) 100vw, 300px\" \/><\/a><\/p>\n<p>&nbsp;<\/p>\n<p style=\"text-align: justify;\">En estos supuestos, tienen que mantener las cenizas como m\u00ednimo 3 o 4 dias en recipientes hasta que se aseguren de su completo apagado, y viertan agua sobre las mismas.<\/p>\n<p style=\"text-align: justify;\">Tambien esta la posibilidad de que las lleven a al ECOPARQUE. Y para los que est\u00e1n en diseminados, en campos y chalets, la ceniza se puede usar como fertilizante.<\/p>\n<p><a href=\"https:\/\/www.caudete.org\/ayuntamiento\/wp-content\/uploads\/2022\/01\/IMG-20220107-WA0002.jpg\" rel='prettyPhoto'><img decoding=\"async\" class=\"aligncenter wp-image-17696 size-medium\" src=\"https:\/\/www.caudete.org\/ayuntamiento\/wp-content\/uploads\/2022\/01\/IMG-20220107-WA0002-225x300.jpg\" alt=\"\" width=\"225\" height=\"300\" srcset=\"https:\/\/www.caudete.org\/ayuntamiento\/wp-content\/uploads\/2022\/01\/IMG-20220107-WA0002-225x300.jpg 225w, https:\/\/www.caudete.org\/ayuntamiento\/wp-content\/uploads\/2022\/01\/IMG-20220107-WA0002-768x1024.jpg 768w, https:\/\/www.caudete.org\/ayuntamiento\/wp-content\/uploads\/2022\/01\/IMG-20220107-WA0002-1152x1536.jpg 1152w, https:\/\/www.caudete.org\/ayuntamiento\/wp-content\/uploads\/2022\/01\/IMG-20220107-WA0002.jpg 1536w\" sizes=\"(max-width: 225px) 100vw, 225px\" \/><\/a><\/p>\n<p style=\"text-align: justify;\">C\u00f3mo utilizar cenizas como fertilizante: 8 Pasos (wikihow.com)<\/p>\n<p style=\"text-align: justify;\">12 incre\u00edbles trucos que puedes hacer con ceniza de madera Desde &lt;https:\/\/lavozdelmuro.net\/12-increibles-trucos-de-jardineria-y-hogar-que-puedes-hacer-con-ceniza-de-madera\/&gt;<\/p>\n","protected":false},"excerpt":{"rendered":"<p>Joaqu\u00edn Pag\u00e1n, Concejal de Servicios, ha informado que contin\u00faan los casos de contenedores ardiendo, tanto en casco urbano como en diseminados, fruto de las ascuas procedentes de las cocinas de le\u00f1a. A los primero 7 contenedores ardidos en semanas pasadas, tenemos otra oleada de casos que han supuesto un riesgo y peligro para propiedades pr\u00f3ximas &hellip;<\/p>\n","protected":false},"author":3,"featured_media":17699,"comment_status":"closed","ping_status":"open","sticky":false,"template":"","format":"standard","meta":{"ngg_post_thumbnail":0,"footnotes":""},"categories":[270],"tags":[],"class_list":["post-17695","post","type-post","status-publish","format-standard","has-post-thumbnail","hentry","category-servicios"],"yoast_head":"<!-- This site is optimized with the Yoast SEO plugin v27.5 - https:\/\/yoast.com\/product\/yoast-seo-wordpress\/ -->\n<title>Las Ascuas de Lumbre producen la quema de contenedores en Casco Urbano y Diseminados - MI Ayuntamiento de Caudete<\/title>\n<meta name=\"description\" content=\"P\u00e1gina Oficial del Ayuntamiento de Caudete (Albacete)\" \/>\n<meta name=\"robots\" content=\"index, follow, max-snippet:-1, max-image-preview:large, max-video-preview:-1\" \/>\n<link rel=\"canonical\" href=\"https:\/\/www.caudete.org\/ayuntamiento\/las-ascuas-de-lumbre-producen-la-quema-de-contenedores-en-casco-urbano-y-diseminados\/\" \/>\n<meta property=\"og:locale\" content=\"es_ES\" \/>\n<meta property=\"og:type\" content=\"article\" \/>\n<meta property=\"og:title\" content=\"Las Ascuas de Lumbre producen la quema de contenedores en Casco Urbano y Diseminados - MI Ayuntamiento de Caudete\" \/>\n<meta property=\"og:description\" content=\"P\u00e1gina Oficial del Ayuntamiento de Caudete (Albacete)\" \/>\n<meta property=\"og:url\" content=\"https:\/\/www.caudete.org\/ayuntamiento\/las-ascuas-de-lumbre-producen-la-quema-de-contenedores-en-casco-urbano-y-diseminados\/\" \/>\n<meta property=\"og:site_name\" content=\"MI Ayuntamiento de Caudete\" \/>\n<meta property=\"article:publisher\" content=\"https:\/\/www.facebook.com\/ayuntamientocaudete\/\" \/>\n<meta property=\"article:published_time\" content=\"2022-01-07T11:51:06+00:00\" \/>\n<meta property=\"article:modified_time\" content=\"2022-01-10T08:43:34+00:00\" \/>\n<meta property=\"og:image\" content=\"https:\/\/www.caudete.org\/ayuntamiento\/wp-content\/uploads\/2022\/01\/IMG-20220106-WA0010.jpg\" \/>\n\t<meta property=\"og:image:width\" content=\"1600\" \/>\n\t<meta property=\"og:image:height\" content=\"1200\" \/>\n\t<meta property=\"og:image:type\" content=\"image\/jpeg\" \/>\n<meta name=\"author\" content=\"alcalde\" \/>\n<meta name=\"twitter:card\" content=\"summary_large_image\" \/>\n<meta name=\"twitter:label1\" content=\"Escrito por\" \/>\n\t<meta name=\"twitter:data1\" content=\"alcalde\" \/>\n\t<meta name=\"twitter:label2\" content=\"Tiempo de lectura\" \/>\n\t<meta name=\"twitter:data2\" content=\"2 minutos\" \/>\n<script type=\"application\/ld+json\" class=\"yoast-schema-graph\">{\"@context\":\"https:\\\/\\\/schema.org\",\"@graph\":[{\"@type\":\"Article\",\"@id\":\"https:\\\/\\\/www.caudete.org\\\/ayuntamiento\\\/las-ascuas-de-lumbre-producen-la-quema-de-contenedores-en-casco-urbano-y-diseminados\\\/#article\",\"isPartOf\":{\"@id\":\"https:\\\/\\\/www.caudete.org\\\/ayuntamiento\\\/las-ascuas-de-lumbre-producen-la-quema-de-contenedores-en-casco-urbano-y-diseminados\\\/\"},\"author\":{\"name\":\"alcalde\",\"@id\":\"https:\\\/\\\/www.caudete.org\\\/ayuntamiento\\\/#\\\/schema\\\/person\\\/cc646da9133078ee4d8dd47457947253\"},\"headline\":\"Las Ascuas de Lumbre producen la quema de contenedores en Casco Urbano y Diseminados\",\"datePublished\":\"2022-01-07T11:51:06+00:00\",\"dateModified\":\"2022-01-10T08:43:34+00:00\",\"mainEntityOfPage\":{\"@id\":\"https:\\\/\\\/www.caudete.org\\\/ayuntamiento\\\/las-ascuas-de-lumbre-producen-la-quema-de-contenedores-en-casco-urbano-y-diseminados\\\/\"},\"wordCount\":255,\"publisher\":{\"@id\":\"https:\\\/\\\/www.caudete.org\\\/ayuntamiento\\\/#organization\"},\"image\":{\"@id\":\"https:\\\/\\\/www.caudete.org\\\/ayuntamiento\\\/las-ascuas-de-lumbre-producen-la-quema-de-contenedores-en-casco-urbano-y-diseminados\\\/#primaryimage\"},\"thumbnailUrl\":\"https:\\\/\\\/www.caudete.org\\\/ayuntamiento\\\/wp-content\\\/uploads\\\/2022\\\/01\\\/IMG-20220106-WA0010.jpg\",\"articleSection\":[\"Servicios\"],\"inLanguage\":\"es\"},{\"@type\":\"WebPage\",\"@id\":\"https:\\\/\\\/www.caudete.org\\\/ayuntamiento\\\/las-ascuas-de-lumbre-producen-la-quema-de-contenedores-en-casco-urbano-y-diseminados\\\/\",\"url\":\"https:\\\/\\\/www.caudete.org\\\/ayuntamiento\\\/las-ascuas-de-lumbre-producen-la-quema-de-contenedores-en-casco-urbano-y-diseminados\\\/\",\"name\":\"Las Ascuas de Lumbre producen la quema de contenedores en Casco Urbano y Diseminados - MI Ayuntamiento de Caudete\",\"isPartOf\":{\"@id\":\"https:\\\/\\\/www.caudete.org\\\/ayuntamiento\\\/#website\"},\"primaryImageOfPage\":{\"@id\":\"https:\\\/\\\/www.caudete.org\\\/ayuntamiento\\\/las-ascuas-de-lumbre-producen-la-quema-de-contenedores-en-casco-urbano-y-diseminados\\\/#primaryimage\"},\"image\":{\"@id\":\"https:\\\/\\\/www.caudete.org\\\/ayuntamiento\\\/las-ascuas-de-lumbre-producen-la-quema-de-contenedores-en-casco-urbano-y-diseminados\\\/#primaryimage\"},\"thumbnailUrl\":\"https:\\\/\\\/www.caudete.org\\\/ayuntamiento\\\/wp-content\\\/uploads\\\/2022\\\/01\\\/IMG-20220106-WA0010.jpg\",\"datePublished\":\"2022-01-07T11:51:06+00:00\",\"dateModified\":\"2022-01-10T08:43:34+00:00\",\"description\":\"P\u00e1gina Oficial del Ayuntamiento de Caudete (Albacete)\",\"breadcrumb\":{\"@id\":\"https:\\\/\\\/www.caudete.org\\\/ayuntamiento\\\/las-ascuas-de-lumbre-producen-la-quema-de-contenedores-en-casco-urbano-y-diseminados\\\/#breadcrumb\"},\"inLanguage\":\"es\",\"potentialAction\":[{\"@type\":\"ReadAction\",\"target\":[\"https:\\\/\\\/www.caudete.org\\\/ayuntamiento\\\/las-ascuas-de-lumbre-producen-la-quema-de-contenedores-en-casco-urbano-y-diseminados\\\/\"]}]},{\"@type\":\"ImageObject\",\"inLanguage\":\"es\",\"@id\":\"https:\\\/\\\/www.caudete.org\\\/ayuntamiento\\\/las-ascuas-de-lumbre-producen-la-quema-de-contenedores-en-casco-urbano-y-diseminados\\\/#primaryimage\",\"url\":\"https:\\\/\\\/www.caudete.org\\\/ayuntamiento\\\/wp-content\\\/uploads\\\/2022\\\/01\\\/IMG-20220106-WA0010.jpg\",\"contentUrl\":\"https:\\\/\\\/www.caudete.org\\\/ayuntamiento\\\/wp-content\\\/uploads\\\/2022\\\/01\\\/IMG-20220106-WA0010.jpg\",\"width\":1600,\"height\":1200},{\"@type\":\"BreadcrumbList\",\"@id\":\"https:\\\/\\\/www.caudete.org\\\/ayuntamiento\\\/las-ascuas-de-lumbre-producen-la-quema-de-contenedores-en-casco-urbano-y-diseminados\\\/#breadcrumb\",\"itemListElement\":[{\"@type\":\"ListItem\",\"position\":1,\"name\":\"Inicio\",\"item\":\"https:\\\/\\\/www.caudete.org\\\/ayuntamiento\\\/\"},{\"@type\":\"ListItem\",\"position\":2,\"name\":\"Las Ascuas de Lumbre producen la quema de contenedores en Casco Urbano y Diseminados\"}]},{\"@type\":\"WebSite\",\"@id\":\"https:\\\/\\\/www.caudete.org\\\/ayuntamiento\\\/#website\",\"url\":\"https:\\\/\\\/www.caudete.org\\\/ayuntamiento\\\/\",\"name\":\"MI Ayuntamiento de Caudete\",\"description\":\"P\u00e1gina Oficial del MI Ayuntamiento de Caudete\",\"publisher\":{\"@id\":\"https:\\\/\\\/www.caudete.org\\\/ayuntamiento\\\/#organization\"},\"potentialAction\":[{\"@type\":\"SearchAction\",\"target\":{\"@type\":\"EntryPoint\",\"urlTemplate\":\"https:\\\/\\\/www.caudete.org\\\/ayuntamiento\\\/?s={search_term_string}\"},\"query-input\":{\"@type\":\"PropertyValueSpecification\",\"valueRequired\":true,\"valueName\":\"search_term_string\"}}],\"inLanguage\":\"es\"},{\"@type\":\"Organization\",\"@id\":\"https:\\\/\\\/www.caudete.org\\\/ayuntamiento\\\/#organization\",\"name\":\"Ayuntamiento de Caudete\",\"url\":\"https:\\\/\\\/www.caudete.org\\\/ayuntamiento\\\/\",\"logo\":{\"@type\":\"ImageObject\",\"inLanguage\":\"es\",\"@id\":\"https:\\\/\\\/www.caudete.org\\\/ayuntamiento\\\/#\\\/schema\\\/logo\\\/image\\\/\",\"url\":\"https:\\\/\\\/www.caudete.org\\\/ayuntamiento\\\/wp-content\\\/uploads\\\/2020\\\/11\\\/logo_ayuntamiento_caudete.jpg\",\"contentUrl\":\"https:\\\/\\\/www.caudete.org\\\/ayuntamiento\\\/wp-content\\\/uploads\\\/2020\\\/11\\\/logo_ayuntamiento_caudete.jpg\",\"width\":600,\"height\":150,\"caption\":\"Ayuntamiento de Caudete\"},\"image\":{\"@id\":\"https:\\\/\\\/www.caudete.org\\\/ayuntamiento\\\/#\\\/schema\\\/logo\\\/image\\\/\"},\"sameAs\":[\"https:\\\/\\\/www.facebook.com\\\/ayuntamientocaudete\\\/\",\"https:\\\/\\\/www.youtube.com\\\/channel\\\/UC6VztHaooNsGpw-tNoBEFnQ\"]},{\"@type\":\"Person\",\"@id\":\"https:\\\/\\\/www.caudete.org\\\/ayuntamiento\\\/#\\\/schema\\\/person\\\/cc646da9133078ee4d8dd47457947253\",\"name\":\"alcalde\",\"image\":{\"@type\":\"ImageObject\",\"inLanguage\":\"es\",\"@id\":\"https:\\\/\\\/secure.gravatar.com\\\/avatar\\\/84a817ba065b29ff08d666b215a215f5c79186a645ccb25b14a663d48a130f77?s=96&d=mm&r=g\",\"url\":\"https:\\\/\\\/secure.gravatar.com\\\/avatar\\\/84a817ba065b29ff08d666b215a215f5c79186a645ccb25b14a663d48a130f77?s=96&d=mm&r=g\",\"contentUrl\":\"https:\\\/\\\/secure.gravatar.com\\\/avatar\\\/84a817ba065b29ff08d666b215a215f5c79186a645ccb25b14a663d48a130f77?s=96&d=mm&r=g\",\"caption\":\"alcalde\"},\"url\":\"https:\\\/\\\/www.caudete.org\\\/ayuntamiento\\\/author\\\/alcalde\\\/\"}]}<\/script>\n<!-- \/ Yoast SEO plugin. -->","yoast_head_json":{"title":"Las Ascuas de Lumbre producen la quema de contenedores en Casco Urbano y Diseminados - MI Ayuntamiento de Caudete","description":"P\u00e1gina Oficial del Ayuntamiento de Caudete (Albacete)","robots":{"index":"index","follow":"follow","max-snippet":"max-snippet:-1","max-image-preview":"max-image-preview:large","max-video-preview":"max-video-preview:-1"},"canonical":"https:\/\/www.caudete.org\/ayuntamiento\/las-ascuas-de-lumbre-producen-la-quema-de-contenedores-en-casco-urbano-y-diseminados\/","og_locale":"es_ES","og_type":"article","og_title":"Las Ascuas de Lumbre producen la quema de contenedores en Casco Urbano y Diseminados - MI Ayuntamiento de Caudete","og_description":"P\u00e1gina Oficial del Ayuntamiento de Caudete (Albacete)","og_url":"https:\/\/www.caudete.org\/ayuntamiento\/las-ascuas-de-lumbre-producen-la-quema-de-contenedores-en-casco-urbano-y-diseminados\/","og_site_name":"MI Ayuntamiento de Caudete","article_publisher":"https:\/\/www.facebook.com\/ayuntamientocaudete\/","article_published_time":"2022-01-07T11:51:06+00:00","article_modified_time":"2022-01-10T08:43:34+00:00","og_image":[{"width":1600,"height":1200,"url":"https:\/\/www.caudete.org\/ayuntamiento\/wp-content\/uploads\/2022\/01\/IMG-20220106-WA0010.jpg","type":"image\/jpeg"}],"author":"alcalde","twitter_card":"summary_large_image","twitter_misc":{"Escrito por":"alcalde","Tiempo de lectura":"2 minutos"},"schema":{"@context":"https:\/\/schema.org","@graph":[{"@type":"Article","@id":"https:\/\/www.caudete.org\/ayuntamiento\/las-ascuas-de-lumbre-producen-la-quema-de-contenedores-en-casco-urbano-y-diseminados\/#article","isPartOf":{"@id":"https:\/\/www.caudete.org\/ayuntamiento\/las-ascuas-de-lumbre-producen-la-quema-de-contenedores-en-casco-urbano-y-diseminados\/"},"author":{"name":"alcalde","@id":"https:\/\/www.caudete.org\/ayuntamiento\/#\/schema\/person\/cc646da9133078ee4d8dd47457947253"},"headline":"Las Ascuas de Lumbre producen la quema de contenedores en Casco Urbano y Diseminados","datePublished":"2022-01-07T11:51:06+00:00","dateModified":"2022-01-10T08:43:34+00:00","mainEntityOfPage":{"@id":"https:\/\/www.caudete.org\/ayuntamiento\/las-ascuas-de-lumbre-producen-la-quema-de-contenedores-en-casco-urbano-y-diseminados\/"},"wordCount":255,"publisher":{"@id":"https:\/\/www.caudete.org\/ayuntamiento\/#organization"},"image":{"@id":"https:\/\/www.caudete.org\/ayuntamiento\/las-ascuas-de-lumbre-producen-la-quema-de-contenedores-en-casco-urbano-y-diseminados\/#primaryimage"},"thumbnailUrl":"https:\/\/www.caudete.org\/ayuntamiento\/wp-content\/uploads\/2022\/01\/IMG-20220106-WA0010.jpg","articleSection":["Servicios"],"inLanguage":"es"},{"@type":"WebPage","@id":"https:\/\/www.caudete.org\/ayuntamiento\/las-ascuas-de-lumbre-producen-la-quema-de-contenedores-en-casco-urbano-y-diseminados\/","url":"https:\/\/www.caudete.org\/ayuntamiento\/las-ascuas-de-lumbre-producen-la-quema-de-contenedores-en-casco-urbano-y-diseminados\/","name":"Las Ascuas de Lumbre producen la quema de contenedores en Casco Urbano y Diseminados - MI Ayuntamiento de Caudete","isPartOf":{"@id":"https:\/\/www.caudete.org\/ayuntamiento\/#website"},"primaryImageOfPage":{"@id":"https:\/\/www.caudete.org\/ayuntamiento\/las-ascuas-de-lumbre-producen-la-quema-de-contenedores-en-casco-urbano-y-diseminados\/#primaryimage"},"image":{"@id":"https:\/\/www.caudete.org\/ayuntamiento\/las-ascuas-de-lumbre-producen-la-quema-de-contenedores-en-casco-urbano-y-diseminados\/#primaryimage"},"thumbnailUrl":"https:\/\/www.caudete.org\/ayuntamiento\/wp-content\/uploads\/2022\/01\/IMG-20220106-WA0010.jpg","datePublished":"2022-01-07T11:51:06+00:00","dateModified":"2022-01-10T08:43:34+00:00","description":"P\u00e1gina Oficial del Ayuntamiento de Caudete (Albacete)","breadcrumb":{"@id":"https:\/\/www.caudete.org\/ayuntamiento\/las-ascuas-de-lumbre-producen-la-quema-de-contenedores-en-casco-urbano-y-diseminados\/#breadcrumb"},"inLanguage":"es","potentialAction":[{"@type":"ReadAction","target":["https:\/\/www.caudete.org\/ayuntamiento\/las-ascuas-de-lumbre-producen-la-quema-de-contenedores-en-casco-urbano-y-diseminados\/"]}]},{"@type":"ImageObject","inLanguage":"es","@id":"https:\/\/www.caudete.org\/ayuntamiento\/las-ascuas-de-lumbre-producen-la-quema-de-contenedores-en-casco-urbano-y-diseminados\/#primaryimage","url":"https:\/\/www.caudete.org\/ayuntamiento\/wp-content\/uploads\/2022\/01\/IMG-20220106-WA0010.jpg","contentUrl":"https:\/\/www.caudete.org\/ayuntamiento\/wp-content\/uploads\/2022\/01\/IMG-20220106-WA0010.jpg","width":1600,"height":1200},{"@type":"BreadcrumbList","@id":"https:\/\/www.caudete.org\/ayuntamiento\/las-ascuas-de-lumbre-producen-la-quema-de-contenedores-en-casco-urbano-y-diseminados\/#breadcrumb","itemListElement":[{"@type":"ListItem","position":1,"name":"Inicio","item":"https:\/\/www.caudete.org\/ayuntamiento\/"},{"@type":"ListItem","position":2,"name":"Las Ascuas de Lumbre producen la quema de contenedores en Casco Urbano y Diseminados"}]},{"@type":"WebSite","@id":"https:\/\/www.caudete.org\/ayuntamiento\/#website","url":"https:\/\/www.caudete.org\/ayuntamiento\/","name":"MI Ayuntamiento de Caudete","description":"P\u00e1gina Oficial del MI Ayuntamiento de Caudete","publisher":{"@id":"https:\/\/www.caudete.org\/ayuntamiento\/#organization"},"potentialAction":[{"@type":"SearchAction","target":{"@type":"EntryPoint","urlTemplate":"https:\/\/www.caudete.org\/ayuntamiento\/?s={search_term_string}"},"query-input":{"@type":"PropertyValueSpecification","valueRequired":true,"valueName":"search_term_string"}}],"inLanguage":"es"},{"@type":"Organization","@id":"https:\/\/www.caudete.org\/ayuntamiento\/#organization","name":"Ayuntamiento de Caudete","url":"https:\/\/www.caudete.org\/ayuntamiento\/","logo":{"@type":"ImageObject","inLanguage":"es","@id":"https:\/\/www.caudete.org\/ayuntamiento\/#\/schema\/logo\/image\/","url":"https:\/\/www.caudete.org\/ayuntamiento\/wp-content\/uploads\/2020\/11\/logo_ayuntamiento_caudete.jpg","contentUrl":"https:\/\/www.caudete.org\/ayuntamiento\/wp-content\/uploads\/2020\/11\/logo_ayuntamiento_caudete.jpg","width":600,"height":150,"caption":"Ayuntamiento de Caudete"},"image":{"@id":"https:\/\/www.caudete.org\/ayuntamiento\/#\/schema\/logo\/image\/"},"sameAs":["https:\/\/www.facebook.com\/ayuntamientocaudete\/","https:\/\/www.youtube.com\/channel\/UC6VztHaooNsGpw-tNoBEFnQ"]},{"@type":"Person","@id":"https:\/\/www.caudete.org\/ayuntamiento\/#\/schema\/person\/cc646da9133078ee4d8dd47457947253","name":"alcalde","image":{"@type":"ImageObject","inLanguage":"es","@id":"https:\/\/secure.gravatar.com\/avatar\/84a817ba065b29ff08d666b215a215f5c79186a645ccb25b14a663d48a130f77?s=96&d=mm&r=g","url":"https:\/\/secure.gravatar.com\/avatar\/84a817ba065b29ff08d666b215a215f5c79186a645ccb25b14a663d48a130f77?s=96&d=mm&r=g","contentUrl":"https:\/\/secure.gravatar.com\/avatar\/84a817ba065b29ff08d666b215a215f5c79186a645ccb25b14a663d48a130f77?s=96&d=mm&r=g","caption":"alcalde"},"url":"https:\/\/www.caudete.org\/ayuntamiento\/author\/alcalde\/"}]}},"_links":{"self":[{"href":"https:\/\/www.caudete.org\/ayuntamiento\/wp-json\/wp\/v2\/posts\/17695","targetHints":{"allow":["GET"]}}],"collection":[{"href":"https:\/\/www.caudete.org\/ayuntamiento\/wp-json\/wp\/v2\/posts"}],"about":[{"href":"https:\/\/www.caudete.org\/ayuntamiento\/wp-json\/wp\/v2\/types\/post"}],"author":[{"embeddable":true,"href":"https:\/\/www.caudete.org\/ayuntamiento\/wp-json\/wp\/v2\/users\/3"}],"replies":[{"embeddable":true,"href":"https:\/\/www.caudete.org\/ayuntamiento\/wp-json\/wp\/v2\/comments?post=17695"}],"version-history":[{"count":2,"href":"https:\/\/www.caudete.org\/ayuntamiento\/wp-json\/wp\/v2\/posts\/17695\/revisions"}],"predecessor-version":[{"id":17725,"href":"https:\/\/www.caudete.org\/ayuntamiento\/wp-json\/wp\/v2\/posts\/17695\/revisions\/17725"}],"wp:featuredmedia":[{"embeddable":true,"href":"https:\/\/www.caudete.org\/ayuntamiento\/wp-json\/wp\/v2\/media\/17699"}],"wp:attachment":[{"href":"https:\/\/www.caudete.org\/ayuntamiento\/wp-json\/wp\/v2\/media?parent=17695"}],"wp:term":[{"taxonomy":"category","embeddable":true,"href":"https:\/\/www.caudete.org\/ayuntamiento\/wp-json\/wp\/v2\/categories?post=17695"},{"taxonomy":"post_tag","embeddable":true,"href":"https:\/\/www.caudete.org\/ayuntamiento\/wp-json\/wp\/v2\/tags?post=17695"}],"curies":[{"name":"wp","href":"https:\/\/api.w.org\/{rel}","templated":true}]}}