{"id":17709,"date":"2022-01-10T08:30:55","date_gmt":"2022-01-10T07:30:55","guid":{"rendered":"https:\/\/www.caudete.org\/ayuntamiento\/?p=17709"},"modified":"2022-01-10T08:41:09","modified_gmt":"2022-01-10T07:41:10","slug":"establecido-el-calendario-2022-de-colectas-de-sangre-para-caudete","status":"publish","type":"post","link":"https:\/\/www.caudete.org\/ayuntamiento\/establecido-el-calendario-2022-de-colectas-de-sangre-para-caudete\/","title":{"rendered":"Establecido el Calendario 2022 de Colectas de Sangre para Caudete"},"content":{"rendered":"<p style=\"text-align: justify;\">La Concejal de Sanidad, Inma Garc\u00eda, ha hecho p\u00fablico esta ma\u00f1ana el calendario de Colectas de Sangre que la Hermandad de Albacete ha fijado para nuestra localidad en todo el a\u00f1o 2022<\/p>\n<p style=\"text-align: justify;\">Un total de seis citas programadas se reparten en meses alternos (impares), en horario de tarde, y manteniendo como lugar de operaciones el edificio municipal &#8220;La Sala&#8221; de la Ciudad Deportiva, lugar al que recordemos se traslad\u00f3 dicha acci\u00f3n solidaria ante la irrupci\u00f3n de la pandemia, ya que se cuenta con mayor espacio.<\/p>\n<p style=\"padding-left: 80px;\"><strong>17 ENERO<\/strong> (lunes), de 17&#8217;30 a 20&#8217;30 horas.<\/p>\n<p style=\"padding-left: 80px;\"><strong>17 MARZO<\/strong> (jueves), de 17&#8217;30 a 20&#8217;30 horas.<\/p>\n<p style=\"padding-left: 80px;\"><strong>17 MAYO<\/strong> (martes), de 18&#8217;00 a 21&#8217;00 horas.<\/p>\n<p style=\"padding-left: 80px;\"><strong>20 JULIO<\/strong> (mi\u00e9rcoles), de 18&#8217;00 a 21&#8217;00 horas.<\/p>\n<p style=\"padding-left: 80px;\"><strong>15 SEPTIEMBRE<\/strong> (jueves), de 18&#8217;00 a 21&#8217;00 horas.<\/p>\n<p style=\"padding-left: 80px;\"><strong>17 NOVIEMBRE<\/strong> (jueves), de 17&#8217;30 a 20&#8217;30 horas.<\/p>\n<p style=\"text-align: justify;\">La Concejal ha aprovechado para animar a todos los caudetanos que est\u00e9n en disposici\u00f3n de donar sangre a poder hacerlo, a contribuir solidariamente con la sociedad, y a conseguir que Caudete siga manteniendo a nivel provincial las altas cotas que consigue tanto en n\u00famero de donaciones, como en nuevos donantes.<\/p>\n","protected":false},"excerpt":{"rendered":"<p>La Concejal de Sanidad, Inma Garc\u00eda, ha hecho p\u00fablico esta ma\u00f1ana el calendario de Colectas de Sangre que la Hermandad de Albacete ha fijado para nuestra localidad en todo el a\u00f1o 2022 Un total de seis citas programadas se reparten en meses alternos (impares), en horario de tarde, y manteniendo como lugar de operaciones el &hellip;<\/p>\n","protected":false},"author":3,"featured_media":17710,"comment_status":"closed","ping_status":"open","sticky":false,"template":"","format":"standard","meta":{"ngg_post_thumbnail":0,"footnotes":""},"categories":[16],"tags":[],"class_list":["post-17709","post","type-post","status-publish","format-standard","has-post-thumbnail","hentry","category-sanidad"],"yoast_head":"<!-- This site is optimized with the Yoast SEO plugin v27.5 - https:\/\/yoast.com\/product\/yoast-seo-wordpress\/ -->\n<title>Establecido el Calendario 2022 de Colectas de Sangre para Caudete - MI Ayuntamiento de Caudete<\/title>\n<meta name=\"description\" content=\"P\u00e1gina Oficial del Ayuntamiento de Caudete (Albacete)\" \/>\n<meta name=\"robots\" content=\"index, follow, max-snippet:-1, max-image-preview:large, max-video-preview:-1\" \/>\n<link rel=\"canonical\" href=\"https:\/\/www.caudete.org\/ayuntamiento\/establecido-el-calendario-2022-de-colectas-de-sangre-para-caudete\/\" \/>\n<meta property=\"og:locale\" content=\"es_ES\" \/>\n<meta property=\"og:type\" content=\"article\" \/>\n<meta property=\"og:title\" content=\"Establecido el Calendario 2022 de Colectas de Sangre para Caudete - MI Ayuntamiento de Caudete\" \/>\n<meta property=\"og:description\" content=\"P\u00e1gina Oficial del Ayuntamiento de Caudete (Albacete)\" \/>\n<meta property=\"og:url\" content=\"https:\/\/www.caudete.org\/ayuntamiento\/establecido-el-calendario-2022-de-colectas-de-sangre-para-caudete\/\" \/>\n<meta property=\"og:site_name\" content=\"MI Ayuntamiento de Caudete\" \/>\n<meta property=\"article:publisher\" content=\"https:\/\/www.facebook.com\/ayuntamientocaudete\/\" \/>\n<meta property=\"article:published_time\" content=\"2022-01-10T07:30:55+00:00\" \/>\n<meta property=\"article:modified_time\" content=\"2022-01-10T07:41:10+00:00\" \/>\n<meta property=\"og:image\" content=\"https:\/\/www.caudete.org\/ayuntamiento\/wp-content\/uploads\/2022\/01\/banco-de-sangre-scaled.jpg\" \/>\n\t<meta property=\"og:image:width\" content=\"2560\" \/>\n\t<meta property=\"og:image:height\" content=\"1707\" \/>\n\t<meta property=\"og:image:type\" content=\"image\/jpeg\" \/>\n<meta name=\"author\" content=\"alcalde\" \/>\n<meta name=\"twitter:card\" content=\"summary_large_image\" \/>\n<meta name=\"twitter:label1\" content=\"Escrito por\" \/>\n\t<meta name=\"twitter:data1\" content=\"alcalde\" \/>\n\t<meta name=\"twitter:label2\" content=\"Tiempo de lectura\" \/>\n\t<meta name=\"twitter:data2\" content=\"1 minuto\" \/>\n<script type=\"application\/ld+json\" class=\"yoast-schema-graph\">{\"@context\":\"https:\\\/\\\/schema.org\",\"@graph\":[{\"@type\":\"Article\",\"@id\":\"https:\\\/\\\/www.caudete.org\\\/ayuntamiento\\\/establecido-el-calendario-2022-de-colectas-de-sangre-para-caudete\\\/#article\",\"isPartOf\":{\"@id\":\"https:\\\/\\\/www.caudete.org\\\/ayuntamiento\\\/establecido-el-calendario-2022-de-colectas-de-sangre-para-caudete\\\/\"},\"author\":{\"name\":\"alcalde\",\"@id\":\"https:\\\/\\\/www.caudete.org\\\/ayuntamiento\\\/#\\\/schema\\\/person\\\/cc646da9133078ee4d8dd47457947253\"},\"headline\":\"Establecido el Calendario 2022 de Colectas de Sangre para Caudete\",\"datePublished\":\"2022-01-10T07:30:55+00:00\",\"dateModified\":\"2022-01-10T07:41:10+00:00\",\"mainEntityOfPage\":{\"@id\":\"https:\\\/\\\/www.caudete.org\\\/ayuntamiento\\\/establecido-el-calendario-2022-de-colectas-de-sangre-para-caudete\\\/\"},\"wordCount\":183,\"image\":{\"@id\":\"https:\\\/\\\/www.caudete.org\\\/ayuntamiento\\\/establecido-el-calendario-2022-de-colectas-de-sangre-para-caudete\\\/#primaryimage\"},\"thumbnailUrl\":\"https:\\\/\\\/www.caudete.org\\\/ayuntamiento\\\/wp-content\\\/uploads\\\/2022\\\/01\\\/banco-de-sangre-scaled.jpg\",\"articleSection\":[\"Sanidad\"],\"inLanguage\":\"es\"},{\"@type\":\"WebPage\",\"@id\":\"https:\\\/\\\/www.caudete.org\\\/ayuntamiento\\\/establecido-el-calendario-2022-de-colectas-de-sangre-para-caudete\\\/\",\"url\":\"https:\\\/\\\/www.caudete.org\\\/ayuntamiento\\\/establecido-el-calendario-2022-de-colectas-de-sangre-para-caudete\\\/\",\"name\":\"Establecido el Calendario 2022 de Colectas de Sangre para Caudete - MI Ayuntamiento de Caudete\",\"isPartOf\":{\"@id\":\"https:\\\/\\\/www.caudete.org\\\/ayuntamiento\\\/#website\"},\"primaryImageOfPage\":{\"@id\":\"https:\\\/\\\/www.caudete.org\\\/ayuntamiento\\\/establecido-el-calendario-2022-de-colectas-de-sangre-para-caudete\\\/#primaryimage\"},\"image\":{\"@id\":\"https:\\\/\\\/www.caudete.org\\\/ayuntamiento\\\/establecido-el-calendario-2022-de-colectas-de-sangre-para-caudete\\\/#primaryimage\"},\"thumbnailUrl\":\"https:\\\/\\\/www.caudete.org\\\/ayuntamiento\\\/wp-content\\\/uploads\\\/2022\\\/01\\\/banco-de-sangre-scaled.jpg\",\"datePublished\":\"2022-01-10T07:30:55+00:00\",\"dateModified\":\"2022-01-10T07:41:10+00:00\",\"author\":{\"@id\":\"https:\\\/\\\/www.caudete.org\\\/ayuntamiento\\\/#\\\/schema\\\/person\\\/cc646da9133078ee4d8dd47457947253\"},\"description\":\"P\u00e1gina Oficial del Ayuntamiento de Caudete (Albacete)\",\"breadcrumb\":{\"@id\":\"https:\\\/\\\/www.caudete.org\\\/ayuntamiento\\\/establecido-el-calendario-2022-de-colectas-de-sangre-para-caudete\\\/#breadcrumb\"},\"inLanguage\":\"es\",\"potentialAction\":[{\"@type\":\"ReadAction\",\"target\":[\"https:\\\/\\\/www.caudete.org\\\/ayuntamiento\\\/establecido-el-calendario-2022-de-colectas-de-sangre-para-caudete\\\/\"]}]},{\"@type\":\"ImageObject\",\"inLanguage\":\"es\",\"@id\":\"https:\\\/\\\/www.caudete.org\\\/ayuntamiento\\\/establecido-el-calendario-2022-de-colectas-de-sangre-para-caudete\\\/#primaryimage\",\"url\":\"https:\\\/\\\/www.caudete.org\\\/ayuntamiento\\\/wp-content\\\/uploads\\\/2022\\\/01\\\/banco-de-sangre-scaled.jpg\",\"contentUrl\":\"https:\\\/\\\/www.caudete.org\\\/ayuntamiento\\\/wp-content\\\/uploads\\\/2022\\\/01\\\/banco-de-sangre-scaled.jpg\",\"width\":2560,\"height\":1707,\"caption\":\"23\\\/05\\\/2019 Pavas. Romi, una perra doberman, don\u00f3 sangre para el Banco de Sangre Animal. La doctora veterinaria, Silvia Murillo, hizo la transfusi\u00f3n con la colaboraci\u00f3n del doctor veterinario Carlos Ortega, due\u00f1o del animal. Foto: Rafael Pacheco\"},{\"@type\":\"BreadcrumbList\",\"@id\":\"https:\\\/\\\/www.caudete.org\\\/ayuntamiento\\\/establecido-el-calendario-2022-de-colectas-de-sangre-para-caudete\\\/#breadcrumb\",\"itemListElement\":[{\"@type\":\"ListItem\",\"position\":1,\"name\":\"Inicio\",\"item\":\"https:\\\/\\\/www.caudete.org\\\/ayuntamiento\\\/\"},{\"@type\":\"ListItem\",\"position\":2,\"name\":\"Establecido el Calendario 2022 de Colectas de Sangre para Caudete\"}]},{\"@type\":\"WebSite\",\"@id\":\"https:\\\/\\\/www.caudete.org\\\/ayuntamiento\\\/#website\",\"url\":\"https:\\\/\\\/www.caudete.org\\\/ayuntamiento\\\/\",\"name\":\"MI Ayuntamiento de Caudete\",\"description\":\"P\u00e1gina Oficial del MI Ayuntamiento de Caudete\",\"potentialAction\":[{\"@type\":\"SearchAction\",\"target\":{\"@type\":\"EntryPoint\",\"urlTemplate\":\"https:\\\/\\\/www.caudete.org\\\/ayuntamiento\\\/?s={search_term_string}\"},\"query-input\":{\"@type\":\"PropertyValueSpecification\",\"valueRequired\":true,\"valueName\":\"search_term_string\"}}],\"inLanguage\":\"es\"},{\"@type\":\"Person\",\"@id\":\"https:\\\/\\\/www.caudete.org\\\/ayuntamiento\\\/#\\\/schema\\\/person\\\/cc646da9133078ee4d8dd47457947253\",\"name\":\"alcalde\",\"image\":{\"@type\":\"ImageObject\",\"inLanguage\":\"es\",\"@id\":\"https:\\\/\\\/secure.gravatar.com\\\/avatar\\\/84a817ba065b29ff08d666b215a215f5c79186a645ccb25b14a663d48a130f77?s=96&d=mm&r=g\",\"url\":\"https:\\\/\\\/secure.gravatar.com\\\/avatar\\\/84a817ba065b29ff08d666b215a215f5c79186a645ccb25b14a663d48a130f77?s=96&d=mm&r=g\",\"contentUrl\":\"https:\\\/\\\/secure.gravatar.com\\\/avatar\\\/84a817ba065b29ff08d666b215a215f5c79186a645ccb25b14a663d48a130f77?s=96&d=mm&r=g\",\"caption\":\"alcalde\"},\"url\":\"https:\\\/\\\/www.caudete.org\\\/ayuntamiento\\\/author\\\/alcalde\\\/\"}]}<\/script>\n<!-- \/ Yoast SEO plugin. -->","yoast_head_json":{"title":"Establecido el Calendario 2022 de Colectas de Sangre para Caudete - MI Ayuntamiento de Caudete","description":"P\u00e1gina Oficial del Ayuntamiento de Caudete (Albacete)","robots":{"index":"index","follow":"follow","max-snippet":"max-snippet:-1","max-image-preview":"max-image-preview:large","max-video-preview":"max-video-preview:-1"},"canonical":"https:\/\/www.caudete.org\/ayuntamiento\/establecido-el-calendario-2022-de-colectas-de-sangre-para-caudete\/","og_locale":"es_ES","og_type":"article","og_title":"Establecido el Calendario 2022 de Colectas de Sangre para Caudete - MI Ayuntamiento de Caudete","og_description":"P\u00e1gina Oficial del Ayuntamiento de Caudete (Albacete)","og_url":"https:\/\/www.caudete.org\/ayuntamiento\/establecido-el-calendario-2022-de-colectas-de-sangre-para-caudete\/","og_site_name":"MI Ayuntamiento de Caudete","article_publisher":"https:\/\/www.facebook.com\/ayuntamientocaudete\/","article_published_time":"2022-01-10T07:30:55+00:00","article_modified_time":"2022-01-10T07:41:10+00:00","og_image":[{"width":2560,"height":1707,"url":"https:\/\/www.caudete.org\/ayuntamiento\/wp-content\/uploads\/2022\/01\/banco-de-sangre-scaled.jpg","type":"image\/jpeg"}],"author":"alcalde","twitter_card":"summary_large_image","twitter_misc":{"Escrito por":"alcalde","Tiempo de lectura":"1 minuto"},"schema":{"@context":"https:\/\/schema.org","@graph":[{"@type":"Article","@id":"https:\/\/www.caudete.org\/ayuntamiento\/establecido-el-calendario-2022-de-colectas-de-sangre-para-caudete\/#article","isPartOf":{"@id":"https:\/\/www.caudete.org\/ayuntamiento\/establecido-el-calendario-2022-de-colectas-de-sangre-para-caudete\/"},"author":{"name":"alcalde","@id":"https:\/\/www.caudete.org\/ayuntamiento\/#\/schema\/person\/cc646da9133078ee4d8dd47457947253"},"headline":"Establecido el Calendario 2022 de Colectas de Sangre para Caudete","datePublished":"2022-01-10T07:30:55+00:00","dateModified":"2022-01-10T07:41:10+00:00","mainEntityOfPage":{"@id":"https:\/\/www.caudete.org\/ayuntamiento\/establecido-el-calendario-2022-de-colectas-de-sangre-para-caudete\/"},"wordCount":183,"image":{"@id":"https:\/\/www.caudete.org\/ayuntamiento\/establecido-el-calendario-2022-de-colectas-de-sangre-para-caudete\/#primaryimage"},"thumbnailUrl":"https:\/\/www.caudete.org\/ayuntamiento\/wp-content\/uploads\/2022\/01\/banco-de-sangre-scaled.jpg","articleSection":["Sanidad"],"inLanguage":"es"},{"@type":"WebPage","@id":"https:\/\/www.caudete.org\/ayuntamiento\/establecido-el-calendario-2022-de-colectas-de-sangre-para-caudete\/","url":"https:\/\/www.caudete.org\/ayuntamiento\/establecido-el-calendario-2022-de-colectas-de-sangre-para-caudete\/","name":"Establecido el Calendario 2022 de Colectas de Sangre para Caudete - MI Ayuntamiento de Caudete","isPartOf":{"@id":"https:\/\/www.caudete.org\/ayuntamiento\/#website"},"primaryImageOfPage":{"@id":"https:\/\/www.caudete.org\/ayuntamiento\/establecido-el-calendario-2022-de-colectas-de-sangre-para-caudete\/#primaryimage"},"image":{"@id":"https:\/\/www.caudete.org\/ayuntamiento\/establecido-el-calendario-2022-de-colectas-de-sangre-para-caudete\/#primaryimage"},"thumbnailUrl":"https:\/\/www.caudete.org\/ayuntamiento\/wp-content\/uploads\/2022\/01\/banco-de-sangre-scaled.jpg","datePublished":"2022-01-10T07:30:55+00:00","dateModified":"2022-01-10T07:41:10+00:00","author":{"@id":"https:\/\/www.caudete.org\/ayuntamiento\/#\/schema\/person\/cc646da9133078ee4d8dd47457947253"},"description":"P\u00e1gina Oficial del Ayuntamiento de Caudete (Albacete)","breadcrumb":{"@id":"https:\/\/www.caudete.org\/ayuntamiento\/establecido-el-calendario-2022-de-colectas-de-sangre-para-caudete\/#breadcrumb"},"inLanguage":"es","potentialAction":[{"@type":"ReadAction","target":["https:\/\/www.caudete.org\/ayuntamiento\/establecido-el-calendario-2022-de-colectas-de-sangre-para-caudete\/"]}]},{"@type":"ImageObject","inLanguage":"es","@id":"https:\/\/www.caudete.org\/ayuntamiento\/establecido-el-calendario-2022-de-colectas-de-sangre-para-caudete\/#primaryimage","url":"https:\/\/www.caudete.org\/ayuntamiento\/wp-content\/uploads\/2022\/01\/banco-de-sangre-scaled.jpg","contentUrl":"https:\/\/www.caudete.org\/ayuntamiento\/wp-content\/uploads\/2022\/01\/banco-de-sangre-scaled.jpg","width":2560,"height":1707,"caption":"23\/05\/2019 Pavas. Romi, una perra doberman, don\u00f3 sangre para el Banco de Sangre Animal. La doctora veterinaria, Silvia Murillo, hizo la transfusi\u00f3n con la colaboraci\u00f3n del doctor veterinario Carlos Ortega, due\u00f1o del animal. Foto: Rafael Pacheco"},{"@type":"BreadcrumbList","@id":"https:\/\/www.caudete.org\/ayuntamiento\/establecido-el-calendario-2022-de-colectas-de-sangre-para-caudete\/#breadcrumb","itemListElement":[{"@type":"ListItem","position":1,"name":"Inicio","item":"https:\/\/www.caudete.org\/ayuntamiento\/"},{"@type":"ListItem","position":2,"name":"Establecido el Calendario 2022 de Colectas de Sangre para Caudete"}]},{"@type":"WebSite","@id":"https:\/\/www.caudete.org\/ayuntamiento\/#website","url":"https:\/\/www.caudete.org\/ayuntamiento\/","name":"MI Ayuntamiento de Caudete","description":"P\u00e1gina Oficial del MI Ayuntamiento de Caudete","potentialAction":[{"@type":"SearchAction","target":{"@type":"EntryPoint","urlTemplate":"https:\/\/www.caudete.org\/ayuntamiento\/?s={search_term_string}"},"query-input":{"@type":"PropertyValueSpecification","valueRequired":true,"valueName":"search_term_string"}}],"inLanguage":"es"},{"@type":"Person","@id":"https:\/\/www.caudete.org\/ayuntamiento\/#\/schema\/person\/cc646da9133078ee4d8dd47457947253","name":"alcalde","image":{"@type":"ImageObject","inLanguage":"es","@id":"https:\/\/secure.gravatar.com\/avatar\/84a817ba065b29ff08d666b215a215f5c79186a645ccb25b14a663d48a130f77?s=96&d=mm&r=g","url":"https:\/\/secure.gravatar.com\/avatar\/84a817ba065b29ff08d666b215a215f5c79186a645ccb25b14a663d48a130f77?s=96&d=mm&r=g","contentUrl":"https:\/\/secure.gravatar.com\/avatar\/84a817ba065b29ff08d666b215a215f5c79186a645ccb25b14a663d48a130f77?s=96&d=mm&r=g","caption":"alcalde"},"url":"https:\/\/www.caudete.org\/ayuntamiento\/author\/alcalde\/"}]}},"_links":{"self":[{"href":"https:\/\/www.caudete.org\/ayuntamiento\/wp-json\/wp\/v2\/posts\/17709","targetHints":{"allow":["GET"]}}],"collection":[{"href":"https:\/\/www.caudete.org\/ayuntamiento\/wp-json\/wp\/v2\/posts"}],"about":[{"href":"https:\/\/www.caudete.org\/ayuntamiento\/wp-json\/wp\/v2\/types\/post"}],"author":[{"embeddable":true,"href":"https:\/\/www.caudete.org\/ayuntamiento\/wp-json\/wp\/v2\/users\/3"}],"replies":[{"embeddable":true,"href":"https:\/\/www.caudete.org\/ayuntamiento\/wp-json\/wp\/v2\/comments?post=17709"}],"version-history":[{"count":1,"href":"https:\/\/www.caudete.org\/ayuntamiento\/wp-json\/wp\/v2\/posts\/17709\/revisions"}],"predecessor-version":[{"id":17711,"href":"https:\/\/www.caudete.org\/ayuntamiento\/wp-json\/wp\/v2\/posts\/17709\/revisions\/17711"}],"wp:featuredmedia":[{"embeddable":true,"href":"https:\/\/www.caudete.org\/ayuntamiento\/wp-json\/wp\/v2\/media\/17710"}],"wp:attachment":[{"href":"https:\/\/www.caudete.org\/ayuntamiento\/wp-json\/wp\/v2\/media?parent=17709"}],"wp:term":[{"taxonomy":"category","embeddable":true,"href":"https:\/\/www.caudete.org\/ayuntamiento\/wp-json\/wp\/v2\/categories?post=17709"},{"taxonomy":"post_tag","embeddable":true,"href":"https:\/\/www.caudete.org\/ayuntamiento\/wp-json\/wp\/v2\/tags?post=17709"}],"curies":[{"name":"wp","href":"https:\/\/api.w.org\/{rel}","templated":true}]}}