{"id":17726,"date":"2022-01-10T16:36:22","date_gmt":"2022-01-10T15:36:22","guid":{"rendered":"https:\/\/www.caudete.org\/ayuntamiento\/?p=17726"},"modified":"2022-01-10T16:43:39","modified_gmt":"2022-01-10T15:43:39","slug":"campana-de-recogida-de-arboles-de-navidad-para-embellecer-jardines-del-municipio","status":"publish","type":"post","link":"https:\/\/www.caudete.org\/ayuntamiento\/campana-de-recogida-de-arboles-de-navidad-para-embellecer-jardines-del-municipio\/","title":{"rendered":"Campa\u00f1a de recogida de \u00c1rboles de Navidad naturales, para embellecer jardines del municipio"},"content":{"rendered":"<p style=\"text-align: justify;\">La Concejal\u00eda de Medio Ambiente pone en marcha una campa\u00f1a para evitar que los \u00e1rboles de Navidad acaben en el vertedero, tras pasar el per\u00edodo festivo.<\/p>\n<p style=\"text-align: justify;\">Su Concejal, Joaqu\u00edn Pag\u00e1n, explicaba que a trav\u00e9s de esta campa\u00f1a se pide la colaboraci\u00f3n de la ciudadan\u00eda y\u00a0 empresas de comercio y hosteler\u00eda para que, en caso de querer deshacerse de su \u00e1rbol natural de navidad, por motivo de espacio, cuidados, etc, lo donen al pueblo para darle una oportunidad de crecimiento y vida.<\/p>\n<p style=\"text-align: justify;\">En este supuesto, ha solicitado que los interesados dejen su \u00e1rbol sin adornos decorativos, del 11 al 15 de enero en un espacio habilitado en el ECOPARQUE municipal.<\/p>\n<p style=\"text-align: justify;\">Los \u00e1rboles recogidos ser\u00e1n\u00a0 ubicados en diferentes Jardines del pueblo con el prop\u00f3sito de que sean replantados y no mueran secos tras las fiestas. Se buscar\u00e1n los espacios m\u00e1s adecuados ya que no son especies aut\u00f3ctonas y solo se replantar\u00e1n los ejemplares que se encuentren en las condiciones ideales.<\/p>\n<p style=\"text-align: justify;\">Los \u00e1rboles que se entreguen deber\u00e1n estar vivos y con el cepell\u00f3n cohesionado y h\u00famedo, incluso aquellos que hayan podido perder algo de hoja, sin que est\u00e9n completamente secos.<\/p>\n<p style=\"text-align: justify;\">El concejal Joaqu\u00edn Pag\u00e1n, anima a la ciudadan\u00eda a participar de esta acci\u00f3n, pues se trata de &#8220;<em>fomentar el cuidado del medio ambiente y el reciclaje entre nuestros ni\u00f1os y ni\u00f1as, que disfrutan poniendo los adornos en el \u00e1rbol, y de esta forma vean que pueden volver a ser utilizados en el mantenimiento de nuestros parques y jardines<\/em>&#8220;.<\/p>\n<p style=\"text-align: justify;\">En la fotograf\u00eda podemos observar el ejemplar que el a\u00f1o pasado nos fue entregado tras las Fiestas por una familia caudetana, a quien le agradecemos enormemente el gesto, y que luce en perfecto estado en uno de los jardines municipales.<\/p>\n<p style=\"text-align: justify;\">Con peque\u00f1os gestos se pueden lograr grandes cambios.<\/p>\n","protected":false},"excerpt":{"rendered":"<p>La Concejal\u00eda de Medio Ambiente pone en marcha una campa\u00f1a para evitar que los \u00e1rboles de Navidad acaben en el vertedero, tras pasar el per\u00edodo festivo. Su Concejal, Joaqu\u00edn Pag\u00e1n, explicaba que a trav\u00e9s de esta campa\u00f1a se pide la colaboraci\u00f3n de la ciudadan\u00eda y\u00a0 empresas de comercio y hosteler\u00eda para que, en caso de &hellip;<\/p>\n","protected":false},"author":3,"featured_media":17729,"comment_status":"closed","ping_status":"open","sticky":false,"template":"","format":"standard","meta":{"ngg_post_thumbnail":0,"footnotes":""},"categories":[29],"tags":[],"class_list":["post-17726","post","type-post","status-publish","format-standard","has-post-thumbnail","hentry","category-medio-ambiente"],"yoast_head":"<!-- This site is optimized with the Yoast SEO plugin v27.5 - https:\/\/yoast.com\/product\/yoast-seo-wordpress\/ -->\n<title>Campa\u00f1a de recogida de \u00c1rboles de Navidad naturales, para embellecer jardines del municipio - MI Ayuntamiento de Caudete<\/title>\n<meta name=\"description\" content=\"P\u00e1gina Oficial del Ayuntamiento de Caudete (Albacete)\" \/>\n<meta name=\"robots\" content=\"index, follow, max-snippet:-1, max-image-preview:large, max-video-preview:-1\" \/>\n<link rel=\"canonical\" href=\"https:\/\/www.caudete.org\/ayuntamiento\/campana-de-recogida-de-arboles-de-navidad-para-embellecer-jardines-del-municipio\/\" \/>\n<meta property=\"og:locale\" content=\"es_ES\" \/>\n<meta property=\"og:type\" content=\"article\" \/>\n<meta property=\"og:title\" content=\"Campa\u00f1a de recogida de \u00c1rboles de Navidad naturales, para embellecer jardines del municipio - MI Ayuntamiento de Caudete\" \/>\n<meta property=\"og:description\" content=\"P\u00e1gina Oficial del Ayuntamiento de Caudete (Albacete)\" \/>\n<meta property=\"og:url\" content=\"https:\/\/www.caudete.org\/ayuntamiento\/campana-de-recogida-de-arboles-de-navidad-para-embellecer-jardines-del-municipio\/\" \/>\n<meta property=\"og:site_name\" content=\"MI Ayuntamiento de Caudete\" \/>\n<meta property=\"article:publisher\" content=\"https:\/\/www.facebook.com\/ayuntamientocaudete\/\" \/>\n<meta property=\"article:published_time\" content=\"2022-01-10T15:36:22+00:00\" \/>\n<meta property=\"article:modified_time\" content=\"2022-01-10T15:43:39+00:00\" \/>\n<meta property=\"og:image\" content=\"https:\/\/www.caudete.org\/ayuntamiento\/wp-content\/uploads\/2022\/01\/IMG-20220108-WA0018.jpg\" \/>\n\t<meta property=\"og:image:width\" content=\"2048\" \/>\n\t<meta property=\"og:image:height\" content=\"1536\" \/>\n\t<meta property=\"og:image:type\" content=\"image\/jpeg\" \/>\n<meta name=\"author\" content=\"alcalde\" \/>\n<meta name=\"twitter:card\" content=\"summary_large_image\" \/>\n<meta name=\"twitter:label1\" content=\"Escrito por\" \/>\n\t<meta name=\"twitter:data1\" content=\"alcalde\" \/>\n\t<meta name=\"twitter:label2\" content=\"Tiempo de lectura\" \/>\n\t<meta name=\"twitter:data2\" content=\"2 minutos\" \/>\n<script type=\"application\/ld+json\" class=\"yoast-schema-graph\">{\"@context\":\"https:\\\/\\\/schema.org\",\"@graph\":[{\"@type\":\"Article\",\"@id\":\"https:\\\/\\\/www.caudete.org\\\/ayuntamiento\\\/campana-de-recogida-de-arboles-de-navidad-para-embellecer-jardines-del-municipio\\\/#article\",\"isPartOf\":{\"@id\":\"https:\\\/\\\/www.caudete.org\\\/ayuntamiento\\\/campana-de-recogida-de-arboles-de-navidad-para-embellecer-jardines-del-municipio\\\/\"},\"author\":{\"name\":\"alcalde\",\"@id\":\"https:\\\/\\\/www.caudete.org\\\/ayuntamiento\\\/#\\\/schema\\\/person\\\/cc646da9133078ee4d8dd47457947253\"},\"headline\":\"Campa\u00f1a de recogida de \u00c1rboles de Navidad naturales, para embellecer jardines del municipio\",\"datePublished\":\"2022-01-10T15:36:22+00:00\",\"dateModified\":\"2022-01-10T15:43:39+00:00\",\"mainEntityOfPage\":{\"@id\":\"https:\\\/\\\/www.caudete.org\\\/ayuntamiento\\\/campana-de-recogida-de-arboles-de-navidad-para-embellecer-jardines-del-municipio\\\/\"},\"wordCount\":334,\"image\":{\"@id\":\"https:\\\/\\\/www.caudete.org\\\/ayuntamiento\\\/campana-de-recogida-de-arboles-de-navidad-para-embellecer-jardines-del-municipio\\\/#primaryimage\"},\"thumbnailUrl\":\"https:\\\/\\\/www.caudete.org\\\/ayuntamiento\\\/wp-content\\\/uploads\\\/2022\\\/01\\\/IMG-20220108-WA0018.jpg\",\"articleSection\":[\"Medio Ambiente\"],\"inLanguage\":\"es\"},{\"@type\":\"WebPage\",\"@id\":\"https:\\\/\\\/www.caudete.org\\\/ayuntamiento\\\/campana-de-recogida-de-arboles-de-navidad-para-embellecer-jardines-del-municipio\\\/\",\"url\":\"https:\\\/\\\/www.caudete.org\\\/ayuntamiento\\\/campana-de-recogida-de-arboles-de-navidad-para-embellecer-jardines-del-municipio\\\/\",\"name\":\"Campa\u00f1a de recogida de \u00c1rboles de Navidad naturales, para embellecer jardines del municipio - MI Ayuntamiento de Caudete\",\"isPartOf\":{\"@id\":\"https:\\\/\\\/www.caudete.org\\\/ayuntamiento\\\/#website\"},\"primaryImageOfPage\":{\"@id\":\"https:\\\/\\\/www.caudete.org\\\/ayuntamiento\\\/campana-de-recogida-de-arboles-de-navidad-para-embellecer-jardines-del-municipio\\\/#primaryimage\"},\"image\":{\"@id\":\"https:\\\/\\\/www.caudete.org\\\/ayuntamiento\\\/campana-de-recogida-de-arboles-de-navidad-para-embellecer-jardines-del-municipio\\\/#primaryimage\"},\"thumbnailUrl\":\"https:\\\/\\\/www.caudete.org\\\/ayuntamiento\\\/wp-content\\\/uploads\\\/2022\\\/01\\\/IMG-20220108-WA0018.jpg\",\"datePublished\":\"2022-01-10T15:36:22+00:00\",\"dateModified\":\"2022-01-10T15:43:39+00:00\",\"author\":{\"@id\":\"https:\\\/\\\/www.caudete.org\\\/ayuntamiento\\\/#\\\/schema\\\/person\\\/cc646da9133078ee4d8dd47457947253\"},\"description\":\"P\u00e1gina Oficial del Ayuntamiento de Caudete (Albacete)\",\"breadcrumb\":{\"@id\":\"https:\\\/\\\/www.caudete.org\\\/ayuntamiento\\\/campana-de-recogida-de-arboles-de-navidad-para-embellecer-jardines-del-municipio\\\/#breadcrumb\"},\"inLanguage\":\"es\",\"potentialAction\":[{\"@type\":\"ReadAction\",\"target\":[\"https:\\\/\\\/www.caudete.org\\\/ayuntamiento\\\/campana-de-recogida-de-arboles-de-navidad-para-embellecer-jardines-del-municipio\\\/\"]}]},{\"@type\":\"ImageObject\",\"inLanguage\":\"es\",\"@id\":\"https:\\\/\\\/www.caudete.org\\\/ayuntamiento\\\/campana-de-recogida-de-arboles-de-navidad-para-embellecer-jardines-del-municipio\\\/#primaryimage\",\"url\":\"https:\\\/\\\/www.caudete.org\\\/ayuntamiento\\\/wp-content\\\/uploads\\\/2022\\\/01\\\/IMG-20220108-WA0018.jpg\",\"contentUrl\":\"https:\\\/\\\/www.caudete.org\\\/ayuntamiento\\\/wp-content\\\/uploads\\\/2022\\\/01\\\/IMG-20220108-WA0018.jpg\",\"width\":2048,\"height\":1536},{\"@type\":\"BreadcrumbList\",\"@id\":\"https:\\\/\\\/www.caudete.org\\\/ayuntamiento\\\/campana-de-recogida-de-arboles-de-navidad-para-embellecer-jardines-del-municipio\\\/#breadcrumb\",\"itemListElement\":[{\"@type\":\"ListItem\",\"position\":1,\"name\":\"Inicio\",\"item\":\"https:\\\/\\\/www.caudete.org\\\/ayuntamiento\\\/\"},{\"@type\":\"ListItem\",\"position\":2,\"name\":\"Campa\u00f1a de recogida de \u00c1rboles de Navidad naturales, para embellecer jardines del municipio\"}]},{\"@type\":\"WebSite\",\"@id\":\"https:\\\/\\\/www.caudete.org\\\/ayuntamiento\\\/#website\",\"url\":\"https:\\\/\\\/www.caudete.org\\\/ayuntamiento\\\/\",\"name\":\"MI Ayuntamiento de Caudete\",\"description\":\"P\u00e1gina Oficial del MI Ayuntamiento de Caudete\",\"potentialAction\":[{\"@type\":\"SearchAction\",\"target\":{\"@type\":\"EntryPoint\",\"urlTemplate\":\"https:\\\/\\\/www.caudete.org\\\/ayuntamiento\\\/?s={search_term_string}\"},\"query-input\":{\"@type\":\"PropertyValueSpecification\",\"valueRequired\":true,\"valueName\":\"search_term_string\"}}],\"inLanguage\":\"es\"},{\"@type\":\"Person\",\"@id\":\"https:\\\/\\\/www.caudete.org\\\/ayuntamiento\\\/#\\\/schema\\\/person\\\/cc646da9133078ee4d8dd47457947253\",\"name\":\"alcalde\",\"image\":{\"@type\":\"ImageObject\",\"inLanguage\":\"es\",\"@id\":\"https:\\\/\\\/secure.gravatar.com\\\/avatar\\\/84a817ba065b29ff08d666b215a215f5c79186a645ccb25b14a663d48a130f77?s=96&d=mm&r=g\",\"url\":\"https:\\\/\\\/secure.gravatar.com\\\/avatar\\\/84a817ba065b29ff08d666b215a215f5c79186a645ccb25b14a663d48a130f77?s=96&d=mm&r=g\",\"contentUrl\":\"https:\\\/\\\/secure.gravatar.com\\\/avatar\\\/84a817ba065b29ff08d666b215a215f5c79186a645ccb25b14a663d48a130f77?s=96&d=mm&r=g\",\"caption\":\"alcalde\"},\"url\":\"https:\\\/\\\/www.caudete.org\\\/ayuntamiento\\\/author\\\/alcalde\\\/\"}]}<\/script>\n<!-- \/ Yoast SEO plugin. -->","yoast_head_json":{"title":"Campa\u00f1a de recogida de \u00c1rboles de Navidad naturales, para embellecer jardines del municipio - MI Ayuntamiento de Caudete","description":"P\u00e1gina Oficial del Ayuntamiento de Caudete (Albacete)","robots":{"index":"index","follow":"follow","max-snippet":"max-snippet:-1","max-image-preview":"max-image-preview:large","max-video-preview":"max-video-preview:-1"},"canonical":"https:\/\/www.caudete.org\/ayuntamiento\/campana-de-recogida-de-arboles-de-navidad-para-embellecer-jardines-del-municipio\/","og_locale":"es_ES","og_type":"article","og_title":"Campa\u00f1a de recogida de \u00c1rboles de Navidad naturales, para embellecer jardines del municipio - MI Ayuntamiento de Caudete","og_description":"P\u00e1gina Oficial del Ayuntamiento de Caudete (Albacete)","og_url":"https:\/\/www.caudete.org\/ayuntamiento\/campana-de-recogida-de-arboles-de-navidad-para-embellecer-jardines-del-municipio\/","og_site_name":"MI Ayuntamiento de Caudete","article_publisher":"https:\/\/www.facebook.com\/ayuntamientocaudete\/","article_published_time":"2022-01-10T15:36:22+00:00","article_modified_time":"2022-01-10T15:43:39+00:00","og_image":[{"width":2048,"height":1536,"url":"https:\/\/www.caudete.org\/ayuntamiento\/wp-content\/uploads\/2022\/01\/IMG-20220108-WA0018.jpg","type":"image\/jpeg"}],"author":"alcalde","twitter_card":"summary_large_image","twitter_misc":{"Escrito por":"alcalde","Tiempo de lectura":"2 minutos"},"schema":{"@context":"https:\/\/schema.org","@graph":[{"@type":"Article","@id":"https:\/\/www.caudete.org\/ayuntamiento\/campana-de-recogida-de-arboles-de-navidad-para-embellecer-jardines-del-municipio\/#article","isPartOf":{"@id":"https:\/\/www.caudete.org\/ayuntamiento\/campana-de-recogida-de-arboles-de-navidad-para-embellecer-jardines-del-municipio\/"},"author":{"name":"alcalde","@id":"https:\/\/www.caudete.org\/ayuntamiento\/#\/schema\/person\/cc646da9133078ee4d8dd47457947253"},"headline":"Campa\u00f1a de recogida de \u00c1rboles de Navidad naturales, para embellecer jardines del municipio","datePublished":"2022-01-10T15:36:22+00:00","dateModified":"2022-01-10T15:43:39+00:00","mainEntityOfPage":{"@id":"https:\/\/www.caudete.org\/ayuntamiento\/campana-de-recogida-de-arboles-de-navidad-para-embellecer-jardines-del-municipio\/"},"wordCount":334,"image":{"@id":"https:\/\/www.caudete.org\/ayuntamiento\/campana-de-recogida-de-arboles-de-navidad-para-embellecer-jardines-del-municipio\/#primaryimage"},"thumbnailUrl":"https:\/\/www.caudete.org\/ayuntamiento\/wp-content\/uploads\/2022\/01\/IMG-20220108-WA0018.jpg","articleSection":["Medio Ambiente"],"inLanguage":"es"},{"@type":"WebPage","@id":"https:\/\/www.caudete.org\/ayuntamiento\/campana-de-recogida-de-arboles-de-navidad-para-embellecer-jardines-del-municipio\/","url":"https:\/\/www.caudete.org\/ayuntamiento\/campana-de-recogida-de-arboles-de-navidad-para-embellecer-jardines-del-municipio\/","name":"Campa\u00f1a de recogida de \u00c1rboles de Navidad naturales, para embellecer jardines del municipio - MI Ayuntamiento de Caudete","isPartOf":{"@id":"https:\/\/www.caudete.org\/ayuntamiento\/#website"},"primaryImageOfPage":{"@id":"https:\/\/www.caudete.org\/ayuntamiento\/campana-de-recogida-de-arboles-de-navidad-para-embellecer-jardines-del-municipio\/#primaryimage"},"image":{"@id":"https:\/\/www.caudete.org\/ayuntamiento\/campana-de-recogida-de-arboles-de-navidad-para-embellecer-jardines-del-municipio\/#primaryimage"},"thumbnailUrl":"https:\/\/www.caudete.org\/ayuntamiento\/wp-content\/uploads\/2022\/01\/IMG-20220108-WA0018.jpg","datePublished":"2022-01-10T15:36:22+00:00","dateModified":"2022-01-10T15:43:39+00:00","author":{"@id":"https:\/\/www.caudete.org\/ayuntamiento\/#\/schema\/person\/cc646da9133078ee4d8dd47457947253"},"description":"P\u00e1gina Oficial del Ayuntamiento de Caudete (Albacete)","breadcrumb":{"@id":"https:\/\/www.caudete.org\/ayuntamiento\/campana-de-recogida-de-arboles-de-navidad-para-embellecer-jardines-del-municipio\/#breadcrumb"},"inLanguage":"es","potentialAction":[{"@type":"ReadAction","target":["https:\/\/www.caudete.org\/ayuntamiento\/campana-de-recogida-de-arboles-de-navidad-para-embellecer-jardines-del-municipio\/"]}]},{"@type":"ImageObject","inLanguage":"es","@id":"https:\/\/www.caudete.org\/ayuntamiento\/campana-de-recogida-de-arboles-de-navidad-para-embellecer-jardines-del-municipio\/#primaryimage","url":"https:\/\/www.caudete.org\/ayuntamiento\/wp-content\/uploads\/2022\/01\/IMG-20220108-WA0018.jpg","contentUrl":"https:\/\/www.caudete.org\/ayuntamiento\/wp-content\/uploads\/2022\/01\/IMG-20220108-WA0018.jpg","width":2048,"height":1536},{"@type":"BreadcrumbList","@id":"https:\/\/www.caudete.org\/ayuntamiento\/campana-de-recogida-de-arboles-de-navidad-para-embellecer-jardines-del-municipio\/#breadcrumb","itemListElement":[{"@type":"ListItem","position":1,"name":"Inicio","item":"https:\/\/www.caudete.org\/ayuntamiento\/"},{"@type":"ListItem","position":2,"name":"Campa\u00f1a de recogida de \u00c1rboles de Navidad naturales, para embellecer jardines del municipio"}]},{"@type":"WebSite","@id":"https:\/\/www.caudete.org\/ayuntamiento\/#website","url":"https:\/\/www.caudete.org\/ayuntamiento\/","name":"MI Ayuntamiento de Caudete","description":"P\u00e1gina Oficial del MI Ayuntamiento de Caudete","potentialAction":[{"@type":"SearchAction","target":{"@type":"EntryPoint","urlTemplate":"https:\/\/www.caudete.org\/ayuntamiento\/?s={search_term_string}"},"query-input":{"@type":"PropertyValueSpecification","valueRequired":true,"valueName":"search_term_string"}}],"inLanguage":"es"},{"@type":"Person","@id":"https:\/\/www.caudete.org\/ayuntamiento\/#\/schema\/person\/cc646da9133078ee4d8dd47457947253","name":"alcalde","image":{"@type":"ImageObject","inLanguage":"es","@id":"https:\/\/secure.gravatar.com\/avatar\/84a817ba065b29ff08d666b215a215f5c79186a645ccb25b14a663d48a130f77?s=96&d=mm&r=g","url":"https:\/\/secure.gravatar.com\/avatar\/84a817ba065b29ff08d666b215a215f5c79186a645ccb25b14a663d48a130f77?s=96&d=mm&r=g","contentUrl":"https:\/\/secure.gravatar.com\/avatar\/84a817ba065b29ff08d666b215a215f5c79186a645ccb25b14a663d48a130f77?s=96&d=mm&r=g","caption":"alcalde"},"url":"https:\/\/www.caudete.org\/ayuntamiento\/author\/alcalde\/"}]}},"_links":{"self":[{"href":"https:\/\/www.caudete.org\/ayuntamiento\/wp-json\/wp\/v2\/posts\/17726","targetHints":{"allow":["GET"]}}],"collection":[{"href":"https:\/\/www.caudete.org\/ayuntamiento\/wp-json\/wp\/v2\/posts"}],"about":[{"href":"https:\/\/www.caudete.org\/ayuntamiento\/wp-json\/wp\/v2\/types\/post"}],"author":[{"embeddable":true,"href":"https:\/\/www.caudete.org\/ayuntamiento\/wp-json\/wp\/v2\/users\/3"}],"replies":[{"embeddable":true,"href":"https:\/\/www.caudete.org\/ayuntamiento\/wp-json\/wp\/v2\/comments?post=17726"}],"version-history":[{"count":3,"href":"https:\/\/www.caudete.org\/ayuntamiento\/wp-json\/wp\/v2\/posts\/17726\/revisions"}],"predecessor-version":[{"id":17731,"href":"https:\/\/www.caudete.org\/ayuntamiento\/wp-json\/wp\/v2\/posts\/17726\/revisions\/17731"}],"wp:featuredmedia":[{"embeddable":true,"href":"https:\/\/www.caudete.org\/ayuntamiento\/wp-json\/wp\/v2\/media\/17729"}],"wp:attachment":[{"href":"https:\/\/www.caudete.org\/ayuntamiento\/wp-json\/wp\/v2\/media?parent=17726"}],"wp:term":[{"taxonomy":"category","embeddable":true,"href":"https:\/\/www.caudete.org\/ayuntamiento\/wp-json\/wp\/v2\/categories?post=17726"},{"taxonomy":"post_tag","embeddable":true,"href":"https:\/\/www.caudete.org\/ayuntamiento\/wp-json\/wp\/v2\/tags?post=17726"}],"curies":[{"name":"wp","href":"https:\/\/api.w.org\/{rel}","templated":true}]}}