{"id":17739,"date":"2022-01-10T18:55:21","date_gmt":"2022-01-10T17:55:21","guid":{"rendered":"https:\/\/www.caudete.org\/ayuntamiento\/?p=17739"},"modified":"2022-01-10T18:56:20","modified_gmt":"2022-01-10T17:56:20","slug":"la-camara-de-comercio-presenta-el-programa-45","status":"publish","type":"post","link":"https:\/\/www.caudete.org\/ayuntamiento\/la-camara-de-comercio-presenta-el-programa-45\/","title":{"rendered":"La C\u00e1mara de Comercio presenta el programa 45+"},"content":{"rendered":"<p>La Concejala de Empleo y Formaci\u00f3n, M\u00aa del Mar Requena, ha informado de formaciones organizadas desde la C\u00e1mara de Comercio de Espa\u00f1a dirigidas a personas de entre 45 y 60 a\u00f1os de edad en situaci\u00f3n de desempleo o inactividad laboral.<\/p>\n<p>&nbsp;<\/p>\n<p><strong>DESCRIPCI\u00d3N<\/strong><\/p>\n<p>Si tienes entre 45 y 60 a\u00f1os y buscas empleo te acompa\u00f1amos en el proceso. En tu C\u00e1mara de Comercio analizaremos tus necesidades e intereses para participar en el Programa 45+<\/p>\n<p>Dise\u00f1amos un itinerario formativo a tu medida mejorando tus habilidades y competencias en el \u00e1mbito digital, con el objetivo de favorecer las posibilidades de inserci\u00f3n laboral.<\/p>\n<p>Programa Operativo de Empleo, Formaci\u00f3n y Educaci\u00f3n 2014-2020 (POEFE).<\/p>\n<p>&nbsp;<\/p>\n<p><strong>C\u00d3MO FUNCIONA<\/strong><\/p>\n<p>Para solicitar tu incorporaci\u00f3n en este Programa acude a tu C\u00e1mara. Tendr\u00e1s un equipo de profesionales especializados en materia de empleo y formaci\u00f3n, que realizar\u00e1n un acompa\u00f1amiento activo a lo largo de todo el proceso que consta de tres fases:<\/p>\n<ul>\n<li><strong>FASE I:<\/strong>Orientaci\u00f3n<\/li>\n<\/ul>\n<p>El orientador de tu C\u00e1mara definir\u00e1 a trav\u00e9s de una entrevista personal el perfil (cualificaci\u00f3n profesional, nivel en competencias digitales, formaci\u00f3n en funci\u00f3n de la actividad profesional) del participante. En este an\u00e1lisis se profundizar\u00e1 en 5 competencias digitales , por tratarse en la actualidad de un conocimiento b\u00e1sico e imprescindible para acceder al mercado laboral. El orientador determinar\u00e1, de forma conjunta con el participante, el itinerario a seguir y la formaci\u00f3n\u00a0 m\u00e1s adecuada a realizar en el marco del programa.<\/p>\n<ul>\n<li><strong>FASE II<\/strong>:\u00a0Formaci\u00f3n en Competencias Digitales<\/li>\n<\/ul>\n<p>Tras la primera fase de orientaci\u00f3n y para facilitar la empleabilidad del participante, el\u00a0programa\u00a0ofrece formaci\u00f3n en competencias digitales ajustadas a diferentes perfiles laborales, niveles de capacitaci\u00f3n de las 5 competencias analizadas en la fase de orientaci\u00f3n. La C\u00e1mara podr\u00e1 realizar formaci\u00f3n modalidad presencial,\u00a0\u00a0en modalidad on-line, o en ambas modalidades.<\/p>\n<ul>\n<li><strong>FASE III<\/strong>: Intermediaci\u00f3n laboral<\/li>\n<\/ul>\n<p>Una vez terminada la formaci\u00f3n, la C\u00e1mara realizar\u00e1 un trabajo de intermediaci\u00f3n laboral, de forma que los participantes cuenten con las mejores herramientas para enfrentarse al mercado de trabajo (elaboraci\u00f3n \/actualizaci\u00f3n del curriculum, simulaci\u00f3n de entrevistas de selecci\u00f3n de personal, etc), favoreciendo as\u00ed las posibilidades de reinserci\u00f3n en el mercado de trabajo.<\/p>\n<p>&nbsp;<\/p>\n<p><strong>COMPETENCIAS DIGITALES OBJETIVO DE LA FORMACI\u00d3N EN EL PROGRAMA 45+<\/strong><\/p>\n<ul>\n<li><strong>Alfabetizaci\u00f3n digital<\/strong>, con la b\u00fasqueda de la informaci\u00f3n digital, organizaci\u00f3n y almacenamiento.<\/li>\n<li><strong>Comunicaci\u00f3n y colaboraci\u00f3n<\/strong>, compartiendo recursos para crear posteriormente contenidos digitales.<\/li>\n<li><strong>Creaci\u00f3n de contenidos digitales<\/strong>, teniendo en cuenta principios de programaci\u00f3n inform\u00e1tica, creaci\u00f3n de contenidos digitales.<\/li>\n<li><strong>Seguridad<\/strong>, utilizando la tecnolog\u00eda y la informaci\u00f3n digital para la elaboraci\u00f3n de datos de manera segura.<\/li>\n<li><strong>Resoluci\u00f3n de problemas<\/strong>, seg\u00fan las necesidades tecnol\u00f3gicas de cada perfil.<\/li>\n<\/ul>\n<p>&nbsp;<\/p>\n","protected":false},"excerpt":{"rendered":"<p>La Concejala de Empleo y Formaci\u00f3n, M\u00aa del Mar Requena, ha informado de formaciones organizadas desde la C\u00e1mara de Comercio de Espa\u00f1a dirigidas a personas de entre 45 y 60 a\u00f1os de edad en situaci\u00f3n de desempleo o inactividad laboral. &nbsp; DESCRIPCI\u00d3N Si tienes entre 45 y 60 a\u00f1os y buscas empleo te acompa\u00f1amos en &hellip;<\/p>\n","protected":false},"author":2,"featured_media":17741,"comment_status":"closed","ping_status":"open","sticky":false,"template":"","format":"standard","meta":{"ngg_post_thumbnail":0,"footnotes":""},"categories":[90],"tags":[762,763],"class_list":["post-17739","post","type-post","status-publish","format-standard","has-post-thumbnail","hentry","category-tablon-informativo-desarrollo-local","tag-camara-de-comercio","tag-programa-45"],"yoast_head":"<!-- This site is optimized with the Yoast SEO plugin v27.4 - https:\/\/yoast.com\/product\/yoast-seo-wordpress\/ -->\n<title>La C\u00e1mara de Comercio presenta el programa 45+ - MI Ayuntamiento de Caudete<\/title>\n<meta name=\"description\" content=\"P\u00e1gina Oficial del Ayuntamiento de Caudete (Albacete)\" \/>\n<meta name=\"robots\" content=\"index, follow, max-snippet:-1, max-image-preview:large, max-video-preview:-1\" \/>\n<link rel=\"canonical\" href=\"https:\/\/www.caudete.org\/ayuntamiento\/la-camara-de-comercio-presenta-el-programa-45\/\" \/>\n<meta property=\"og:locale\" content=\"es_ES\" \/>\n<meta property=\"og:type\" content=\"article\" \/>\n<meta property=\"og:title\" content=\"La C\u00e1mara de Comercio presenta el programa 45+ - MI Ayuntamiento de Caudete\" \/>\n<meta property=\"og:description\" content=\"P\u00e1gina Oficial del Ayuntamiento de Caudete (Albacete)\" \/>\n<meta property=\"og:url\" content=\"https:\/\/www.caudete.org\/ayuntamiento\/la-camara-de-comercio-presenta-el-programa-45\/\" \/>\n<meta property=\"og:site_name\" content=\"MI Ayuntamiento de Caudete\" \/>\n<meta property=\"article:publisher\" content=\"https:\/\/www.facebook.com\/ayuntamientocaudete\/\" \/>\n<meta property=\"article:published_time\" content=\"2022-01-10T17:55:21+00:00\" \/>\n<meta property=\"article:modified_time\" content=\"2022-01-10T17:56:20+00:00\" \/>\n<meta property=\"og:image\" content=\"https:\/\/www.caudete.org\/ayuntamiento\/wp-content\/uploads\/2022\/01\/45-WEB.jpg\" \/>\n\t<meta property=\"og:image:width\" content=\"864\" \/>\n\t<meta property=\"og:image:height\" content=\"380\" \/>\n\t<meta property=\"og:image:type\" content=\"image\/jpeg\" \/>\n<meta name=\"author\" content=\"Juan\" \/>\n<meta name=\"twitter:card\" content=\"summary_large_image\" \/>\n<meta name=\"twitter:label1\" content=\"Escrito por\" \/>\n\t<meta name=\"twitter:data1\" content=\"Juan\" \/>\n\t<meta name=\"twitter:label2\" content=\"Tiempo de lectura\" \/>\n\t<meta name=\"twitter:data2\" content=\"2 minutos\" \/>\n<script type=\"application\/ld+json\" class=\"yoast-schema-graph\">{\"@context\":\"https:\\\/\\\/schema.org\",\"@graph\":[{\"@type\":\"Article\",\"@id\":\"https:\\\/\\\/www.caudete.org\\\/ayuntamiento\\\/la-camara-de-comercio-presenta-el-programa-45\\\/#article\",\"isPartOf\":{\"@id\":\"https:\\\/\\\/www.caudete.org\\\/ayuntamiento\\\/la-camara-de-comercio-presenta-el-programa-45\\\/\"},\"author\":{\"name\":\"Juan\",\"@id\":\"https:\\\/\\\/www.caudete.org\\\/ayuntamiento\\\/#\\\/schema\\\/person\\\/7656a5bb58fca95b9814e940de0fda63\"},\"headline\":\"La C\u00e1mara de Comercio presenta el programa 45+\",\"datePublished\":\"2022-01-10T17:55:21+00:00\",\"dateModified\":\"2022-01-10T17:56:20+00:00\",\"mainEntityOfPage\":{\"@id\":\"https:\\\/\\\/www.caudete.org\\\/ayuntamiento\\\/la-camara-de-comercio-presenta-el-programa-45\\\/\"},\"wordCount\":485,\"publisher\":{\"@id\":\"https:\\\/\\\/www.caudete.org\\\/ayuntamiento\\\/#organization\"},\"image\":{\"@id\":\"https:\\\/\\\/www.caudete.org\\\/ayuntamiento\\\/la-camara-de-comercio-presenta-el-programa-45\\\/#primaryimage\"},\"thumbnailUrl\":\"https:\\\/\\\/www.caudete.org\\\/ayuntamiento\\\/wp-content\\\/uploads\\\/2022\\\/01\\\/45-WEB.jpg\",\"keywords\":[\"C\u00e1mara de comercio\",\"Programa 45+\"],\"articleSection\":[\"Tabl\u00f3n informativo (Desarrollo local)\"],\"inLanguage\":\"es\"},{\"@type\":\"WebPage\",\"@id\":\"https:\\\/\\\/www.caudete.org\\\/ayuntamiento\\\/la-camara-de-comercio-presenta-el-programa-45\\\/\",\"url\":\"https:\\\/\\\/www.caudete.org\\\/ayuntamiento\\\/la-camara-de-comercio-presenta-el-programa-45\\\/\",\"name\":\"La C\u00e1mara de Comercio presenta el programa 45+ - MI Ayuntamiento de Caudete\",\"isPartOf\":{\"@id\":\"https:\\\/\\\/www.caudete.org\\\/ayuntamiento\\\/#website\"},\"primaryImageOfPage\":{\"@id\":\"https:\\\/\\\/www.caudete.org\\\/ayuntamiento\\\/la-camara-de-comercio-presenta-el-programa-45\\\/#primaryimage\"},\"image\":{\"@id\":\"https:\\\/\\\/www.caudete.org\\\/ayuntamiento\\\/la-camara-de-comercio-presenta-el-programa-45\\\/#primaryimage\"},\"thumbnailUrl\":\"https:\\\/\\\/www.caudete.org\\\/ayuntamiento\\\/wp-content\\\/uploads\\\/2022\\\/01\\\/45-WEB.jpg\",\"datePublished\":\"2022-01-10T17:55:21+00:00\",\"dateModified\":\"2022-01-10T17:56:20+00:00\",\"description\":\"P\u00e1gina Oficial del Ayuntamiento de Caudete (Albacete)\",\"breadcrumb\":{\"@id\":\"https:\\\/\\\/www.caudete.org\\\/ayuntamiento\\\/la-camara-de-comercio-presenta-el-programa-45\\\/#breadcrumb\"},\"inLanguage\":\"es\",\"potentialAction\":[{\"@type\":\"ReadAction\",\"target\":[\"https:\\\/\\\/www.caudete.org\\\/ayuntamiento\\\/la-camara-de-comercio-presenta-el-programa-45\\\/\"]}]},{\"@type\":\"ImageObject\",\"inLanguage\":\"es\",\"@id\":\"https:\\\/\\\/www.caudete.org\\\/ayuntamiento\\\/la-camara-de-comercio-presenta-el-programa-45\\\/#primaryimage\",\"url\":\"https:\\\/\\\/www.caudete.org\\\/ayuntamiento\\\/wp-content\\\/uploads\\\/2022\\\/01\\\/45-WEB.jpg\",\"contentUrl\":\"https:\\\/\\\/www.caudete.org\\\/ayuntamiento\\\/wp-content\\\/uploads\\\/2022\\\/01\\\/45-WEB.jpg\",\"width\":864,\"height\":380},{\"@type\":\"BreadcrumbList\",\"@id\":\"https:\\\/\\\/www.caudete.org\\\/ayuntamiento\\\/la-camara-de-comercio-presenta-el-programa-45\\\/#breadcrumb\",\"itemListElement\":[{\"@type\":\"ListItem\",\"position\":1,\"name\":\"Inicio\",\"item\":\"https:\\\/\\\/www.caudete.org\\\/ayuntamiento\\\/\"},{\"@type\":\"ListItem\",\"position\":2,\"name\":\"La C\u00e1mara de Comercio presenta el programa 45+\"}]},{\"@type\":\"WebSite\",\"@id\":\"https:\\\/\\\/www.caudete.org\\\/ayuntamiento\\\/#website\",\"url\":\"https:\\\/\\\/www.caudete.org\\\/ayuntamiento\\\/\",\"name\":\"MI Ayuntamiento de Caudete\",\"description\":\"P\u00e1gina Oficial del MI Ayuntamiento de Caudete\",\"publisher\":{\"@id\":\"https:\\\/\\\/www.caudete.org\\\/ayuntamiento\\\/#organization\"},\"potentialAction\":[{\"@type\":\"SearchAction\",\"target\":{\"@type\":\"EntryPoint\",\"urlTemplate\":\"https:\\\/\\\/www.caudete.org\\\/ayuntamiento\\\/?s={search_term_string}\"},\"query-input\":{\"@type\":\"PropertyValueSpecification\",\"valueRequired\":true,\"valueName\":\"search_term_string\"}}],\"inLanguage\":\"es\"},{\"@type\":\"Organization\",\"@id\":\"https:\\\/\\\/www.caudete.org\\\/ayuntamiento\\\/#organization\",\"name\":\"Ayuntamiento de Caudete\",\"url\":\"https:\\\/\\\/www.caudete.org\\\/ayuntamiento\\\/\",\"logo\":{\"@type\":\"ImageObject\",\"inLanguage\":\"es\",\"@id\":\"https:\\\/\\\/www.caudete.org\\\/ayuntamiento\\\/#\\\/schema\\\/logo\\\/image\\\/\",\"url\":\"https:\\\/\\\/www.caudete.org\\\/ayuntamiento\\\/wp-content\\\/uploads\\\/2020\\\/11\\\/logo_ayuntamiento_caudete.jpg\",\"contentUrl\":\"https:\\\/\\\/www.caudete.org\\\/ayuntamiento\\\/wp-content\\\/uploads\\\/2020\\\/11\\\/logo_ayuntamiento_caudete.jpg\",\"width\":600,\"height\":150,\"caption\":\"Ayuntamiento de Caudete\"},\"image\":{\"@id\":\"https:\\\/\\\/www.caudete.org\\\/ayuntamiento\\\/#\\\/schema\\\/logo\\\/image\\\/\"},\"sameAs\":[\"https:\\\/\\\/www.facebook.com\\\/ayuntamientocaudete\\\/\",\"https:\\\/\\\/www.youtube.com\\\/channel\\\/UC6VztHaooNsGpw-tNoBEFnQ\"]},{\"@type\":\"Person\",\"@id\":\"https:\\\/\\\/www.caudete.org\\\/ayuntamiento\\\/#\\\/schema\\\/person\\\/7656a5bb58fca95b9814e940de0fda63\",\"name\":\"Juan\",\"image\":{\"@type\":\"ImageObject\",\"inLanguage\":\"es\",\"@id\":\"https:\\\/\\\/secure.gravatar.com\\\/avatar\\\/dd53e51c0cd6ab23f52d4f3e4f1c59730240727763de3dbbf26750b079a2c292?s=96&d=mm&r=g\",\"url\":\"https:\\\/\\\/secure.gravatar.com\\\/avatar\\\/dd53e51c0cd6ab23f52d4f3e4f1c59730240727763de3dbbf26750b079a2c292?s=96&d=mm&r=g\",\"contentUrl\":\"https:\\\/\\\/secure.gravatar.com\\\/avatar\\\/dd53e51c0cd6ab23f52d4f3e4f1c59730240727763de3dbbf26750b079a2c292?s=96&d=mm&r=g\",\"caption\":\"Juan\"},\"url\":\"https:\\\/\\\/www.caudete.org\\\/ayuntamiento\\\/author\\\/centrodeinternet\\\/\"}]}<\/script>\n<!-- \/ Yoast SEO plugin. -->","yoast_head_json":{"title":"La C\u00e1mara de Comercio presenta el programa 45+ - MI Ayuntamiento de Caudete","description":"P\u00e1gina Oficial del Ayuntamiento de Caudete (Albacete)","robots":{"index":"index","follow":"follow","max-snippet":"max-snippet:-1","max-image-preview":"max-image-preview:large","max-video-preview":"max-video-preview:-1"},"canonical":"https:\/\/www.caudete.org\/ayuntamiento\/la-camara-de-comercio-presenta-el-programa-45\/","og_locale":"es_ES","og_type":"article","og_title":"La C\u00e1mara de Comercio presenta el programa 45+ - MI Ayuntamiento de Caudete","og_description":"P\u00e1gina Oficial del Ayuntamiento de Caudete (Albacete)","og_url":"https:\/\/www.caudete.org\/ayuntamiento\/la-camara-de-comercio-presenta-el-programa-45\/","og_site_name":"MI Ayuntamiento de Caudete","article_publisher":"https:\/\/www.facebook.com\/ayuntamientocaudete\/","article_published_time":"2022-01-10T17:55:21+00:00","article_modified_time":"2022-01-10T17:56:20+00:00","og_image":[{"width":864,"height":380,"url":"https:\/\/www.caudete.org\/ayuntamiento\/wp-content\/uploads\/2022\/01\/45-WEB.jpg","type":"image\/jpeg"}],"author":"Juan","twitter_card":"summary_large_image","twitter_misc":{"Escrito por":"Juan","Tiempo de lectura":"2 minutos"},"schema":{"@context":"https:\/\/schema.org","@graph":[{"@type":"Article","@id":"https:\/\/www.caudete.org\/ayuntamiento\/la-camara-de-comercio-presenta-el-programa-45\/#article","isPartOf":{"@id":"https:\/\/www.caudete.org\/ayuntamiento\/la-camara-de-comercio-presenta-el-programa-45\/"},"author":{"name":"Juan","@id":"https:\/\/www.caudete.org\/ayuntamiento\/#\/schema\/person\/7656a5bb58fca95b9814e940de0fda63"},"headline":"La C\u00e1mara de Comercio presenta el programa 45+","datePublished":"2022-01-10T17:55:21+00:00","dateModified":"2022-01-10T17:56:20+00:00","mainEntityOfPage":{"@id":"https:\/\/www.caudete.org\/ayuntamiento\/la-camara-de-comercio-presenta-el-programa-45\/"},"wordCount":485,"publisher":{"@id":"https:\/\/www.caudete.org\/ayuntamiento\/#organization"},"image":{"@id":"https:\/\/www.caudete.org\/ayuntamiento\/la-camara-de-comercio-presenta-el-programa-45\/#primaryimage"},"thumbnailUrl":"https:\/\/www.caudete.org\/ayuntamiento\/wp-content\/uploads\/2022\/01\/45-WEB.jpg","keywords":["C\u00e1mara de comercio","Programa 45+"],"articleSection":["Tabl\u00f3n informativo (Desarrollo local)"],"inLanguage":"es"},{"@type":"WebPage","@id":"https:\/\/www.caudete.org\/ayuntamiento\/la-camara-de-comercio-presenta-el-programa-45\/","url":"https:\/\/www.caudete.org\/ayuntamiento\/la-camara-de-comercio-presenta-el-programa-45\/","name":"La C\u00e1mara de Comercio presenta el programa 45+ - MI Ayuntamiento de Caudete","isPartOf":{"@id":"https:\/\/www.caudete.org\/ayuntamiento\/#website"},"primaryImageOfPage":{"@id":"https:\/\/www.caudete.org\/ayuntamiento\/la-camara-de-comercio-presenta-el-programa-45\/#primaryimage"},"image":{"@id":"https:\/\/www.caudete.org\/ayuntamiento\/la-camara-de-comercio-presenta-el-programa-45\/#primaryimage"},"thumbnailUrl":"https:\/\/www.caudete.org\/ayuntamiento\/wp-content\/uploads\/2022\/01\/45-WEB.jpg","datePublished":"2022-01-10T17:55:21+00:00","dateModified":"2022-01-10T17:56:20+00:00","description":"P\u00e1gina Oficial del Ayuntamiento de Caudete (Albacete)","breadcrumb":{"@id":"https:\/\/www.caudete.org\/ayuntamiento\/la-camara-de-comercio-presenta-el-programa-45\/#breadcrumb"},"inLanguage":"es","potentialAction":[{"@type":"ReadAction","target":["https:\/\/www.caudete.org\/ayuntamiento\/la-camara-de-comercio-presenta-el-programa-45\/"]}]},{"@type":"ImageObject","inLanguage":"es","@id":"https:\/\/www.caudete.org\/ayuntamiento\/la-camara-de-comercio-presenta-el-programa-45\/#primaryimage","url":"https:\/\/www.caudete.org\/ayuntamiento\/wp-content\/uploads\/2022\/01\/45-WEB.jpg","contentUrl":"https:\/\/www.caudete.org\/ayuntamiento\/wp-content\/uploads\/2022\/01\/45-WEB.jpg","width":864,"height":380},{"@type":"BreadcrumbList","@id":"https:\/\/www.caudete.org\/ayuntamiento\/la-camara-de-comercio-presenta-el-programa-45\/#breadcrumb","itemListElement":[{"@type":"ListItem","position":1,"name":"Inicio","item":"https:\/\/www.caudete.org\/ayuntamiento\/"},{"@type":"ListItem","position":2,"name":"La C\u00e1mara de Comercio presenta el programa 45+"}]},{"@type":"WebSite","@id":"https:\/\/www.caudete.org\/ayuntamiento\/#website","url":"https:\/\/www.caudete.org\/ayuntamiento\/","name":"MI Ayuntamiento de Caudete","description":"P\u00e1gina Oficial del MI Ayuntamiento de Caudete","publisher":{"@id":"https:\/\/www.caudete.org\/ayuntamiento\/#organization"},"potentialAction":[{"@type":"SearchAction","target":{"@type":"EntryPoint","urlTemplate":"https:\/\/www.caudete.org\/ayuntamiento\/?s={search_term_string}"},"query-input":{"@type":"PropertyValueSpecification","valueRequired":true,"valueName":"search_term_string"}}],"inLanguage":"es"},{"@type":"Organization","@id":"https:\/\/www.caudete.org\/ayuntamiento\/#organization","name":"Ayuntamiento de Caudete","url":"https:\/\/www.caudete.org\/ayuntamiento\/","logo":{"@type":"ImageObject","inLanguage":"es","@id":"https:\/\/www.caudete.org\/ayuntamiento\/#\/schema\/logo\/image\/","url":"https:\/\/www.caudete.org\/ayuntamiento\/wp-content\/uploads\/2020\/11\/logo_ayuntamiento_caudete.jpg","contentUrl":"https:\/\/www.caudete.org\/ayuntamiento\/wp-content\/uploads\/2020\/11\/logo_ayuntamiento_caudete.jpg","width":600,"height":150,"caption":"Ayuntamiento de Caudete"},"image":{"@id":"https:\/\/www.caudete.org\/ayuntamiento\/#\/schema\/logo\/image\/"},"sameAs":["https:\/\/www.facebook.com\/ayuntamientocaudete\/","https:\/\/www.youtube.com\/channel\/UC6VztHaooNsGpw-tNoBEFnQ"]},{"@type":"Person","@id":"https:\/\/www.caudete.org\/ayuntamiento\/#\/schema\/person\/7656a5bb58fca95b9814e940de0fda63","name":"Juan","image":{"@type":"ImageObject","inLanguage":"es","@id":"https:\/\/secure.gravatar.com\/avatar\/dd53e51c0cd6ab23f52d4f3e4f1c59730240727763de3dbbf26750b079a2c292?s=96&d=mm&r=g","url":"https:\/\/secure.gravatar.com\/avatar\/dd53e51c0cd6ab23f52d4f3e4f1c59730240727763de3dbbf26750b079a2c292?s=96&d=mm&r=g","contentUrl":"https:\/\/secure.gravatar.com\/avatar\/dd53e51c0cd6ab23f52d4f3e4f1c59730240727763de3dbbf26750b079a2c292?s=96&d=mm&r=g","caption":"Juan"},"url":"https:\/\/www.caudete.org\/ayuntamiento\/author\/centrodeinternet\/"}]}},"_links":{"self":[{"href":"https:\/\/www.caudete.org\/ayuntamiento\/wp-json\/wp\/v2\/posts\/17739","targetHints":{"allow":["GET"]}}],"collection":[{"href":"https:\/\/www.caudete.org\/ayuntamiento\/wp-json\/wp\/v2\/posts"}],"about":[{"href":"https:\/\/www.caudete.org\/ayuntamiento\/wp-json\/wp\/v2\/types\/post"}],"author":[{"embeddable":true,"href":"https:\/\/www.caudete.org\/ayuntamiento\/wp-json\/wp\/v2\/users\/2"}],"replies":[{"embeddable":true,"href":"https:\/\/www.caudete.org\/ayuntamiento\/wp-json\/wp\/v2\/comments?post=17739"}],"version-history":[{"count":2,"href":"https:\/\/www.caudete.org\/ayuntamiento\/wp-json\/wp\/v2\/posts\/17739\/revisions"}],"predecessor-version":[{"id":17742,"href":"https:\/\/www.caudete.org\/ayuntamiento\/wp-json\/wp\/v2\/posts\/17739\/revisions\/17742"}],"wp:featuredmedia":[{"embeddable":true,"href":"https:\/\/www.caudete.org\/ayuntamiento\/wp-json\/wp\/v2\/media\/17741"}],"wp:attachment":[{"href":"https:\/\/www.caudete.org\/ayuntamiento\/wp-json\/wp\/v2\/media?parent=17739"}],"wp:term":[{"taxonomy":"category","embeddable":true,"href":"https:\/\/www.caudete.org\/ayuntamiento\/wp-json\/wp\/v2\/categories?post=17739"},{"taxonomy":"post_tag","embeddable":true,"href":"https:\/\/www.caudete.org\/ayuntamiento\/wp-json\/wp\/v2\/tags?post=17739"}],"curies":[{"name":"wp","href":"https:\/\/api.w.org\/{rel}","templated":true}]}}