{"id":17745,"date":"2022-01-12T18:24:29","date_gmt":"2022-01-12T17:24:29","guid":{"rendered":"https:\/\/www.caudete.org\/ayuntamiento\/?p=17745"},"modified":"2022-01-12T19:29:27","modified_gmt":"2022-01-12T18:29:27","slug":"arreglo-del-camino-bajo-la-via-ferrea","status":"publish","type":"post","link":"https:\/\/www.caudete.org\/ayuntamiento\/arreglo-del-camino-bajo-la-via-ferrea\/","title":{"rendered":"Arreglo del camino bajo la v\u00eda f\u00e9rrea en Rambla del Angosto"},"content":{"rendered":"<p style=\"text-align: justify;\"><span style=\"font-weight: 400;\">Esta semana, la Concejal\u00eda de Medio Rural ha procedido a la limpieza y mejora del camino situado sobre la\u00a0 \u201c<em>Rambla del Angosto<\/em>&#8221; a su paso por el t\u00fanel existente bajo la l\u00ednea f\u00e9rrea Madrid-Alicante. Es un camino muy mejorado por los trabajos en la autov\u00eda, pero con un grave problema a su paso por el t\u00fanel, que por <\/span><span style=\"font-weight: 400;\">circunstancias meteorol\u00f3gicas principalmente, y movimientos de tierras por obras p\u00fablicas, este paso quedaba cegado de gran cantidad de tierra, convirti\u00e9ndose en barrizal y en un dif\u00edcil tr\u00e1nsito con la presencia de lluvias.<\/span><\/p>\n<p style=\"text-align: justify;\"><span style=\"font-weight: 400;\">As\u00ed las cosas, tal y como ha explicado el Concejal Joaqu\u00edn Pag\u00e1n, se ha procedido a la limpieza y retirada de lodos existente, explanando la entrada y salida al t\u00fanel dando salida a las aguas. Los accesos se han reforzado con dos ba\u00f1eras de material asf\u00e1ltico retirado esta semana del fresado de calles, un material <\/span><span style=\"font-weight: 400;\">id\u00f3neo para reparaci\u00f3n de caminos.<\/span><\/p>\n<p style=\"text-align: justify;\"><span style=\"font-weight: 400;\">Con esta actuaci\u00f3n damos respuesta a varias reclamaciones, y mejoramos el acceso tanto a la planta fotovoltaica existente al otro lado de la v\u00eda, como al paso de agricultores de la zona que de forma continua precisan de un estado seguro de dicho tramo de camino.<\/span><\/p>\n<p><a href=\"https:\/\/www.caudete.org\/ayuntamiento\/wp-content\/uploads\/2022\/01\/WhatsApp-Image-2022-01-11-at-18.58.11.jpeg\" rel='prettyPhoto'><img fetchpriority=\"high\" decoding=\"async\" class=\"alignnone wp-image-17746 size-medium\" src=\"https:\/\/www.caudete.org\/ayuntamiento\/wp-content\/uploads\/2022\/01\/WhatsApp-Image-2022-01-11-at-18.58.11-169x300.jpeg\" alt=\"\" width=\"169\" height=\"300\" srcset=\"https:\/\/www.caudete.org\/ayuntamiento\/wp-content\/uploads\/2022\/01\/WhatsApp-Image-2022-01-11-at-18.58.11-169x300.jpeg 169w, https:\/\/www.caudete.org\/ayuntamiento\/wp-content\/uploads\/2022\/01\/WhatsApp-Image-2022-01-11-at-18.58.11-576x1024.jpeg 576w, https:\/\/www.caudete.org\/ayuntamiento\/wp-content\/uploads\/2022\/01\/WhatsApp-Image-2022-01-11-at-18.58.11-768x1365.jpeg 768w, https:\/\/www.caudete.org\/ayuntamiento\/wp-content\/uploads\/2022\/01\/WhatsApp-Image-2022-01-11-at-18.58.11-864x1536.jpeg 864w, https:\/\/www.caudete.org\/ayuntamiento\/wp-content\/uploads\/2022\/01\/WhatsApp-Image-2022-01-11-at-18.58.11.jpeg 900w\" sizes=\"(max-width: 169px) 100vw, 169px\" \/><\/a> <a href=\"https:\/\/www.caudete.org\/ayuntamiento\/wp-content\/uploads\/2022\/01\/WhatsApp-Image-2022-01-11-at-18.58.08.jpeg\" rel='prettyPhoto'><img decoding=\"async\" class=\"alignnone wp-image-17747 size-medium\" src=\"https:\/\/www.caudete.org\/ayuntamiento\/wp-content\/uploads\/2022\/01\/WhatsApp-Image-2022-01-11-at-18.58.08-300x225.jpeg\" alt=\"\" width=\"300\" height=\"225\" srcset=\"https:\/\/www.caudete.org\/ayuntamiento\/wp-content\/uploads\/2022\/01\/WhatsApp-Image-2022-01-11-at-18.58.08-300x225.jpeg 300w, https:\/\/www.caudete.org\/ayuntamiento\/wp-content\/uploads\/2022\/01\/WhatsApp-Image-2022-01-11-at-18.58.08-1024x768.jpeg 1024w, https:\/\/www.caudete.org\/ayuntamiento\/wp-content\/uploads\/2022\/01\/WhatsApp-Image-2022-01-11-at-18.58.08-768x576.jpeg 768w, https:\/\/www.caudete.org\/ayuntamiento\/wp-content\/uploads\/2022\/01\/WhatsApp-Image-2022-01-11-at-18.58.08-1536x1152.jpeg 1536w, https:\/\/www.caudete.org\/ayuntamiento\/wp-content\/uploads\/2022\/01\/WhatsApp-Image-2022-01-11-at-18.58.08.jpeg 2048w\" sizes=\"(max-width: 300px) 100vw, 300px\" \/><\/a> <a href=\"https:\/\/www.caudete.org\/ayuntamiento\/wp-content\/uploads\/2022\/01\/WhatsApp-Image-2022-01-11-at-18.58.12.jpeg\" rel='prettyPhoto'><img decoding=\"async\" class=\"alignnone wp-image-17748 size-medium\" src=\"https:\/\/www.caudete.org\/ayuntamiento\/wp-content\/uploads\/2022\/01\/WhatsApp-Image-2022-01-11-at-18.58.12-169x300.jpeg\" alt=\"\" width=\"169\" height=\"300\" srcset=\"https:\/\/www.caudete.org\/ayuntamiento\/wp-content\/uploads\/2022\/01\/WhatsApp-Image-2022-01-11-at-18.58.12-169x300.jpeg 169w, https:\/\/www.caudete.org\/ayuntamiento\/wp-content\/uploads\/2022\/01\/WhatsApp-Image-2022-01-11-at-18.58.12-576x1024.jpeg 576w, https:\/\/www.caudete.org\/ayuntamiento\/wp-content\/uploads\/2022\/01\/WhatsApp-Image-2022-01-11-at-18.58.12-768x1365.jpeg 768w, https:\/\/www.caudete.org\/ayuntamiento\/wp-content\/uploads\/2022\/01\/WhatsApp-Image-2022-01-11-at-18.58.12-864x1536.jpeg 864w, https:\/\/www.caudete.org\/ayuntamiento\/wp-content\/uploads\/2022\/01\/WhatsApp-Image-2022-01-11-at-18.58.12.jpeg 900w\" sizes=\"(max-width: 169px) 100vw, 169px\" \/><\/a> <a href=\"https:\/\/www.caudete.org\/ayuntamiento\/wp-content\/uploads\/2022\/01\/WhatsApp-Image-2022-01-11-at-18.58.10-1.jpeg\" rel='prettyPhoto'><img loading=\"lazy\" decoding=\"async\" class=\"alignnone wp-image-17749 size-medium\" src=\"https:\/\/www.caudete.org\/ayuntamiento\/wp-content\/uploads\/2022\/01\/WhatsApp-Image-2022-01-11-at-18.58.10-1-300x169.jpeg\" alt=\"\" width=\"300\" height=\"169\" srcset=\"https:\/\/www.caudete.org\/ayuntamiento\/wp-content\/uploads\/2022\/01\/WhatsApp-Image-2022-01-11-at-18.58.10-1-300x169.jpeg 300w, https:\/\/www.caudete.org\/ayuntamiento\/wp-content\/uploads\/2022\/01\/WhatsApp-Image-2022-01-11-at-18.58.10-1-1024x576.jpeg 1024w, https:\/\/www.caudete.org\/ayuntamiento\/wp-content\/uploads\/2022\/01\/WhatsApp-Image-2022-01-11-at-18.58.10-1-768x432.jpeg 768w, https:\/\/www.caudete.org\/ayuntamiento\/wp-content\/uploads\/2022\/01\/WhatsApp-Image-2022-01-11-at-18.58.10-1-1536x864.jpeg 1536w, https:\/\/www.caudete.org\/ayuntamiento\/wp-content\/uploads\/2022\/01\/WhatsApp-Image-2022-01-11-at-18.58.10-1.jpeg 2048w\" sizes=\"(max-width: 300px) 100vw, 300px\" \/><\/a> <a href=\"https:\/\/www.caudete.org\/ayuntamiento\/wp-content\/uploads\/2022\/01\/WhatsApp-Image-2022-01-11-at-18.58.10.jpeg\" rel='prettyPhoto'><img loading=\"lazy\" decoding=\"async\" class=\"alignnone wp-image-17750 size-medium\" src=\"https:\/\/www.caudete.org\/ayuntamiento\/wp-content\/uploads\/2022\/01\/WhatsApp-Image-2022-01-11-at-18.58.10-300x169.jpeg\" alt=\"\" width=\"300\" height=\"169\" srcset=\"https:\/\/www.caudete.org\/ayuntamiento\/wp-content\/uploads\/2022\/01\/WhatsApp-Image-2022-01-11-at-18.58.10-300x169.jpeg 300w, https:\/\/www.caudete.org\/ayuntamiento\/wp-content\/uploads\/2022\/01\/WhatsApp-Image-2022-01-11-at-18.58.10-1024x576.jpeg 1024w, https:\/\/www.caudete.org\/ayuntamiento\/wp-content\/uploads\/2022\/01\/WhatsApp-Image-2022-01-11-at-18.58.10-768x432.jpeg 768w, https:\/\/www.caudete.org\/ayuntamiento\/wp-content\/uploads\/2022\/01\/WhatsApp-Image-2022-01-11-at-18.58.10-1536x864.jpeg 1536w, https:\/\/www.caudete.org\/ayuntamiento\/wp-content\/uploads\/2022\/01\/WhatsApp-Image-2022-01-11-at-18.58.10.jpeg 2048w\" sizes=\"(max-width: 300px) 100vw, 300px\" \/><\/a><\/p>\n","protected":false},"excerpt":{"rendered":"<p>Esta semana, la Concejal\u00eda de Medio Rural ha procedido a la limpieza y mejora del camino situado sobre la\u00a0 \u201cRambla del Angosto&#8221; a su paso por el t\u00fanel existente bajo la l\u00ednea f\u00e9rrea Madrid-Alicante. Es un camino muy mejorado por los trabajos en la autov\u00eda, pero con un grave problema a su paso por el &hellip;<\/p>\n","protected":false},"author":3,"featured_media":17751,"comment_status":"closed","ping_status":"open","sticky":false,"template":"","format":"standard","meta":{"ngg_post_thumbnail":0,"footnotes":""},"categories":[50],"tags":[],"class_list":["post-17745","post","type-post","status-publish","format-standard","has-post-thumbnail","hentry","category-medio-rural"],"yoast_head":"<!-- This site is optimized with the Yoast SEO plugin v27.5 - https:\/\/yoast.com\/product\/yoast-seo-wordpress\/ -->\n<title>Arreglo del camino bajo la v\u00eda f\u00e9rrea en Rambla del Angosto - MI Ayuntamiento de Caudete<\/title>\n<meta name=\"description\" content=\"P\u00e1gina Oficial del Ayuntamiento de Caudete (Albacete)\" \/>\n<meta name=\"robots\" content=\"index, follow, max-snippet:-1, max-image-preview:large, max-video-preview:-1\" \/>\n<link rel=\"canonical\" href=\"https:\/\/www.caudete.org\/ayuntamiento\/arreglo-del-camino-bajo-la-via-ferrea\/\" \/>\n<meta property=\"og:locale\" content=\"es_ES\" \/>\n<meta property=\"og:type\" content=\"article\" \/>\n<meta property=\"og:title\" content=\"Arreglo del camino bajo la v\u00eda f\u00e9rrea en Rambla del Angosto - MI Ayuntamiento de Caudete\" \/>\n<meta property=\"og:description\" content=\"P\u00e1gina Oficial del Ayuntamiento de Caudete (Albacete)\" \/>\n<meta property=\"og:url\" content=\"https:\/\/www.caudete.org\/ayuntamiento\/arreglo-del-camino-bajo-la-via-ferrea\/\" \/>\n<meta property=\"og:site_name\" content=\"MI Ayuntamiento de Caudete\" \/>\n<meta property=\"article:publisher\" content=\"https:\/\/www.facebook.com\/ayuntamientocaudete\/\" \/>\n<meta property=\"article:published_time\" content=\"2022-01-12T17:24:29+00:00\" \/>\n<meta property=\"article:modified_time\" content=\"2022-01-12T18:29:27+00:00\" \/>\n<meta property=\"og:image\" content=\"https:\/\/www.caudete.org\/ayuntamiento\/wp-content\/uploads\/2022\/01\/WhatsApp-Image-2022-01-11-at-18.58.09.jpeg\" \/>\n\t<meta property=\"og:image:width\" content=\"2048\" \/>\n\t<meta property=\"og:image:height\" content=\"1536\" \/>\n\t<meta property=\"og:image:type\" content=\"image\/jpeg\" \/>\n<meta name=\"author\" content=\"alcalde\" \/>\n<meta name=\"twitter:card\" content=\"summary_large_image\" \/>\n<meta name=\"twitter:label1\" content=\"Escrito por\" \/>\n\t<meta name=\"twitter:data1\" content=\"alcalde\" \/>\n\t<meta name=\"twitter:label2\" content=\"Tiempo de lectura\" \/>\n\t<meta name=\"twitter:data2\" content=\"1 minuto\" \/>\n<script type=\"application\/ld+json\" class=\"yoast-schema-graph\">{\"@context\":\"https:\\\/\\\/schema.org\",\"@graph\":[{\"@type\":\"Article\",\"@id\":\"https:\\\/\\\/www.caudete.org\\\/ayuntamiento\\\/arreglo-del-camino-bajo-la-via-ferrea\\\/#article\",\"isPartOf\":{\"@id\":\"https:\\\/\\\/www.caudete.org\\\/ayuntamiento\\\/arreglo-del-camino-bajo-la-via-ferrea\\\/\"},\"author\":{\"name\":\"alcalde\",\"@id\":\"https:\\\/\\\/www.caudete.org\\\/ayuntamiento\\\/#\\\/schema\\\/person\\\/cc646da9133078ee4d8dd47457947253\"},\"headline\":\"Arreglo del camino bajo la v\u00eda f\u00e9rrea en Rambla del Angosto\",\"datePublished\":\"2022-01-12T17:24:29+00:00\",\"dateModified\":\"2022-01-12T18:29:27+00:00\",\"mainEntityOfPage\":{\"@id\":\"https:\\\/\\\/www.caudete.org\\\/ayuntamiento\\\/arreglo-del-camino-bajo-la-via-ferrea\\\/\"},\"wordCount\":229,\"image\":{\"@id\":\"https:\\\/\\\/www.caudete.org\\\/ayuntamiento\\\/arreglo-del-camino-bajo-la-via-ferrea\\\/#primaryimage\"},\"thumbnailUrl\":\"https:\\\/\\\/www.caudete.org\\\/ayuntamiento\\\/wp-content\\\/uploads\\\/2022\\\/01\\\/WhatsApp-Image-2022-01-11-at-18.58.09.jpeg\",\"articleSection\":[\"Medio Rural\"],\"inLanguage\":\"es\"},{\"@type\":\"WebPage\",\"@id\":\"https:\\\/\\\/www.caudete.org\\\/ayuntamiento\\\/arreglo-del-camino-bajo-la-via-ferrea\\\/\",\"url\":\"https:\\\/\\\/www.caudete.org\\\/ayuntamiento\\\/arreglo-del-camino-bajo-la-via-ferrea\\\/\",\"name\":\"Arreglo del camino bajo la v\u00eda f\u00e9rrea en Rambla del Angosto - MI Ayuntamiento de Caudete\",\"isPartOf\":{\"@id\":\"https:\\\/\\\/www.caudete.org\\\/ayuntamiento\\\/#website\"},\"primaryImageOfPage\":{\"@id\":\"https:\\\/\\\/www.caudete.org\\\/ayuntamiento\\\/arreglo-del-camino-bajo-la-via-ferrea\\\/#primaryimage\"},\"image\":{\"@id\":\"https:\\\/\\\/www.caudete.org\\\/ayuntamiento\\\/arreglo-del-camino-bajo-la-via-ferrea\\\/#primaryimage\"},\"thumbnailUrl\":\"https:\\\/\\\/www.caudete.org\\\/ayuntamiento\\\/wp-content\\\/uploads\\\/2022\\\/01\\\/WhatsApp-Image-2022-01-11-at-18.58.09.jpeg\",\"datePublished\":\"2022-01-12T17:24:29+00:00\",\"dateModified\":\"2022-01-12T18:29:27+00:00\",\"author\":{\"@id\":\"https:\\\/\\\/www.caudete.org\\\/ayuntamiento\\\/#\\\/schema\\\/person\\\/cc646da9133078ee4d8dd47457947253\"},\"description\":\"P\u00e1gina Oficial del Ayuntamiento de Caudete (Albacete)\",\"breadcrumb\":{\"@id\":\"https:\\\/\\\/www.caudete.org\\\/ayuntamiento\\\/arreglo-del-camino-bajo-la-via-ferrea\\\/#breadcrumb\"},\"inLanguage\":\"es\",\"potentialAction\":[{\"@type\":\"ReadAction\",\"target\":[\"https:\\\/\\\/www.caudete.org\\\/ayuntamiento\\\/arreglo-del-camino-bajo-la-via-ferrea\\\/\"]}]},{\"@type\":\"ImageObject\",\"inLanguage\":\"es\",\"@id\":\"https:\\\/\\\/www.caudete.org\\\/ayuntamiento\\\/arreglo-del-camino-bajo-la-via-ferrea\\\/#primaryimage\",\"url\":\"https:\\\/\\\/www.caudete.org\\\/ayuntamiento\\\/wp-content\\\/uploads\\\/2022\\\/01\\\/WhatsApp-Image-2022-01-11-at-18.58.09.jpeg\",\"contentUrl\":\"https:\\\/\\\/www.caudete.org\\\/ayuntamiento\\\/wp-content\\\/uploads\\\/2022\\\/01\\\/WhatsApp-Image-2022-01-11-at-18.58.09.jpeg\",\"width\":2048,\"height\":1536},{\"@type\":\"BreadcrumbList\",\"@id\":\"https:\\\/\\\/www.caudete.org\\\/ayuntamiento\\\/arreglo-del-camino-bajo-la-via-ferrea\\\/#breadcrumb\",\"itemListElement\":[{\"@type\":\"ListItem\",\"position\":1,\"name\":\"Inicio\",\"item\":\"https:\\\/\\\/www.caudete.org\\\/ayuntamiento\\\/\"},{\"@type\":\"ListItem\",\"position\":2,\"name\":\"Arreglo del camino bajo la v\u00eda f\u00e9rrea en Rambla del Angosto\"}]},{\"@type\":\"WebSite\",\"@id\":\"https:\\\/\\\/www.caudete.org\\\/ayuntamiento\\\/#website\",\"url\":\"https:\\\/\\\/www.caudete.org\\\/ayuntamiento\\\/\",\"name\":\"MI Ayuntamiento de Caudete\",\"description\":\"P\u00e1gina Oficial del MI Ayuntamiento de Caudete\",\"potentialAction\":[{\"@type\":\"SearchAction\",\"target\":{\"@type\":\"EntryPoint\",\"urlTemplate\":\"https:\\\/\\\/www.caudete.org\\\/ayuntamiento\\\/?s={search_term_string}\"},\"query-input\":{\"@type\":\"PropertyValueSpecification\",\"valueRequired\":true,\"valueName\":\"search_term_string\"}}],\"inLanguage\":\"es\"},{\"@type\":\"Person\",\"@id\":\"https:\\\/\\\/www.caudete.org\\\/ayuntamiento\\\/#\\\/schema\\\/person\\\/cc646da9133078ee4d8dd47457947253\",\"name\":\"alcalde\",\"image\":{\"@type\":\"ImageObject\",\"inLanguage\":\"es\",\"@id\":\"https:\\\/\\\/secure.gravatar.com\\\/avatar\\\/84a817ba065b29ff08d666b215a215f5c79186a645ccb25b14a663d48a130f77?s=96&d=mm&r=g\",\"url\":\"https:\\\/\\\/secure.gravatar.com\\\/avatar\\\/84a817ba065b29ff08d666b215a215f5c79186a645ccb25b14a663d48a130f77?s=96&d=mm&r=g\",\"contentUrl\":\"https:\\\/\\\/secure.gravatar.com\\\/avatar\\\/84a817ba065b29ff08d666b215a215f5c79186a645ccb25b14a663d48a130f77?s=96&d=mm&r=g\",\"caption\":\"alcalde\"},\"url\":\"https:\\\/\\\/www.caudete.org\\\/ayuntamiento\\\/author\\\/alcalde\\\/\"}]}<\/script>\n<!-- \/ Yoast SEO plugin. -->","yoast_head_json":{"title":"Arreglo del camino bajo la v\u00eda f\u00e9rrea en Rambla del Angosto - MI Ayuntamiento de Caudete","description":"P\u00e1gina Oficial del Ayuntamiento de Caudete (Albacete)","robots":{"index":"index","follow":"follow","max-snippet":"max-snippet:-1","max-image-preview":"max-image-preview:large","max-video-preview":"max-video-preview:-1"},"canonical":"https:\/\/www.caudete.org\/ayuntamiento\/arreglo-del-camino-bajo-la-via-ferrea\/","og_locale":"es_ES","og_type":"article","og_title":"Arreglo del camino bajo la v\u00eda f\u00e9rrea en Rambla del Angosto - MI Ayuntamiento de Caudete","og_description":"P\u00e1gina Oficial del Ayuntamiento de Caudete (Albacete)","og_url":"https:\/\/www.caudete.org\/ayuntamiento\/arreglo-del-camino-bajo-la-via-ferrea\/","og_site_name":"MI Ayuntamiento de Caudete","article_publisher":"https:\/\/www.facebook.com\/ayuntamientocaudete\/","article_published_time":"2022-01-12T17:24:29+00:00","article_modified_time":"2022-01-12T18:29:27+00:00","og_image":[{"width":2048,"height":1536,"url":"https:\/\/www.caudete.org\/ayuntamiento\/wp-content\/uploads\/2022\/01\/WhatsApp-Image-2022-01-11-at-18.58.09.jpeg","type":"image\/jpeg"}],"author":"alcalde","twitter_card":"summary_large_image","twitter_misc":{"Escrito por":"alcalde","Tiempo de lectura":"1 minuto"},"schema":{"@context":"https:\/\/schema.org","@graph":[{"@type":"Article","@id":"https:\/\/www.caudete.org\/ayuntamiento\/arreglo-del-camino-bajo-la-via-ferrea\/#article","isPartOf":{"@id":"https:\/\/www.caudete.org\/ayuntamiento\/arreglo-del-camino-bajo-la-via-ferrea\/"},"author":{"name":"alcalde","@id":"https:\/\/www.caudete.org\/ayuntamiento\/#\/schema\/person\/cc646da9133078ee4d8dd47457947253"},"headline":"Arreglo del camino bajo la v\u00eda f\u00e9rrea en Rambla del Angosto","datePublished":"2022-01-12T17:24:29+00:00","dateModified":"2022-01-12T18:29:27+00:00","mainEntityOfPage":{"@id":"https:\/\/www.caudete.org\/ayuntamiento\/arreglo-del-camino-bajo-la-via-ferrea\/"},"wordCount":229,"image":{"@id":"https:\/\/www.caudete.org\/ayuntamiento\/arreglo-del-camino-bajo-la-via-ferrea\/#primaryimage"},"thumbnailUrl":"https:\/\/www.caudete.org\/ayuntamiento\/wp-content\/uploads\/2022\/01\/WhatsApp-Image-2022-01-11-at-18.58.09.jpeg","articleSection":["Medio Rural"],"inLanguage":"es"},{"@type":"WebPage","@id":"https:\/\/www.caudete.org\/ayuntamiento\/arreglo-del-camino-bajo-la-via-ferrea\/","url":"https:\/\/www.caudete.org\/ayuntamiento\/arreglo-del-camino-bajo-la-via-ferrea\/","name":"Arreglo del camino bajo la v\u00eda f\u00e9rrea en Rambla del Angosto - MI Ayuntamiento de Caudete","isPartOf":{"@id":"https:\/\/www.caudete.org\/ayuntamiento\/#website"},"primaryImageOfPage":{"@id":"https:\/\/www.caudete.org\/ayuntamiento\/arreglo-del-camino-bajo-la-via-ferrea\/#primaryimage"},"image":{"@id":"https:\/\/www.caudete.org\/ayuntamiento\/arreglo-del-camino-bajo-la-via-ferrea\/#primaryimage"},"thumbnailUrl":"https:\/\/www.caudete.org\/ayuntamiento\/wp-content\/uploads\/2022\/01\/WhatsApp-Image-2022-01-11-at-18.58.09.jpeg","datePublished":"2022-01-12T17:24:29+00:00","dateModified":"2022-01-12T18:29:27+00:00","author":{"@id":"https:\/\/www.caudete.org\/ayuntamiento\/#\/schema\/person\/cc646da9133078ee4d8dd47457947253"},"description":"P\u00e1gina Oficial del Ayuntamiento de Caudete (Albacete)","breadcrumb":{"@id":"https:\/\/www.caudete.org\/ayuntamiento\/arreglo-del-camino-bajo-la-via-ferrea\/#breadcrumb"},"inLanguage":"es","potentialAction":[{"@type":"ReadAction","target":["https:\/\/www.caudete.org\/ayuntamiento\/arreglo-del-camino-bajo-la-via-ferrea\/"]}]},{"@type":"ImageObject","inLanguage":"es","@id":"https:\/\/www.caudete.org\/ayuntamiento\/arreglo-del-camino-bajo-la-via-ferrea\/#primaryimage","url":"https:\/\/www.caudete.org\/ayuntamiento\/wp-content\/uploads\/2022\/01\/WhatsApp-Image-2022-01-11-at-18.58.09.jpeg","contentUrl":"https:\/\/www.caudete.org\/ayuntamiento\/wp-content\/uploads\/2022\/01\/WhatsApp-Image-2022-01-11-at-18.58.09.jpeg","width":2048,"height":1536},{"@type":"BreadcrumbList","@id":"https:\/\/www.caudete.org\/ayuntamiento\/arreglo-del-camino-bajo-la-via-ferrea\/#breadcrumb","itemListElement":[{"@type":"ListItem","position":1,"name":"Inicio","item":"https:\/\/www.caudete.org\/ayuntamiento\/"},{"@type":"ListItem","position":2,"name":"Arreglo del camino bajo la v\u00eda f\u00e9rrea en Rambla del Angosto"}]},{"@type":"WebSite","@id":"https:\/\/www.caudete.org\/ayuntamiento\/#website","url":"https:\/\/www.caudete.org\/ayuntamiento\/","name":"MI Ayuntamiento de Caudete","description":"P\u00e1gina Oficial del MI Ayuntamiento de Caudete","potentialAction":[{"@type":"SearchAction","target":{"@type":"EntryPoint","urlTemplate":"https:\/\/www.caudete.org\/ayuntamiento\/?s={search_term_string}"},"query-input":{"@type":"PropertyValueSpecification","valueRequired":true,"valueName":"search_term_string"}}],"inLanguage":"es"},{"@type":"Person","@id":"https:\/\/www.caudete.org\/ayuntamiento\/#\/schema\/person\/cc646da9133078ee4d8dd47457947253","name":"alcalde","image":{"@type":"ImageObject","inLanguage":"es","@id":"https:\/\/secure.gravatar.com\/avatar\/84a817ba065b29ff08d666b215a215f5c79186a645ccb25b14a663d48a130f77?s=96&d=mm&r=g","url":"https:\/\/secure.gravatar.com\/avatar\/84a817ba065b29ff08d666b215a215f5c79186a645ccb25b14a663d48a130f77?s=96&d=mm&r=g","contentUrl":"https:\/\/secure.gravatar.com\/avatar\/84a817ba065b29ff08d666b215a215f5c79186a645ccb25b14a663d48a130f77?s=96&d=mm&r=g","caption":"alcalde"},"url":"https:\/\/www.caudete.org\/ayuntamiento\/author\/alcalde\/"}]}},"_links":{"self":[{"href":"https:\/\/www.caudete.org\/ayuntamiento\/wp-json\/wp\/v2\/posts\/17745","targetHints":{"allow":["GET"]}}],"collection":[{"href":"https:\/\/www.caudete.org\/ayuntamiento\/wp-json\/wp\/v2\/posts"}],"about":[{"href":"https:\/\/www.caudete.org\/ayuntamiento\/wp-json\/wp\/v2\/types\/post"}],"author":[{"embeddable":true,"href":"https:\/\/www.caudete.org\/ayuntamiento\/wp-json\/wp\/v2\/users\/3"}],"replies":[{"embeddable":true,"href":"https:\/\/www.caudete.org\/ayuntamiento\/wp-json\/wp\/v2\/comments?post=17745"}],"version-history":[{"count":3,"href":"https:\/\/www.caudete.org\/ayuntamiento\/wp-json\/wp\/v2\/posts\/17745\/revisions"}],"predecessor-version":[{"id":17770,"href":"https:\/\/www.caudete.org\/ayuntamiento\/wp-json\/wp\/v2\/posts\/17745\/revisions\/17770"}],"wp:featuredmedia":[{"embeddable":true,"href":"https:\/\/www.caudete.org\/ayuntamiento\/wp-json\/wp\/v2\/media\/17751"}],"wp:attachment":[{"href":"https:\/\/www.caudete.org\/ayuntamiento\/wp-json\/wp\/v2\/media?parent=17745"}],"wp:term":[{"taxonomy":"category","embeddable":true,"href":"https:\/\/www.caudete.org\/ayuntamiento\/wp-json\/wp\/v2\/categories?post=17745"},{"taxonomy":"post_tag","embeddable":true,"href":"https:\/\/www.caudete.org\/ayuntamiento\/wp-json\/wp\/v2\/tags?post=17745"}],"curies":[{"name":"wp","href":"https:\/\/api.w.org\/{rel}","templated":true}]}}