{"id":17763,"date":"2022-01-13T09:00:49","date_gmt":"2022-01-13T08:00:49","guid":{"rendered":"https:\/\/www.caudete.org\/ayuntamiento\/?p=17763"},"modified":"2022-01-12T19:30:52","modified_gmt":"2022-01-12T18:30:52","slug":"arreglo-de-camino-rural-entre-vereda-de-sta-ana-y-los-molinos","status":"publish","type":"post","link":"https:\/\/www.caudete.org\/ayuntamiento\/arreglo-de-camino-rural-entre-vereda-de-sta-ana-y-los-molinos\/","title":{"rendered":"Arreglo de Camino Rural entre &#8220;Vereda de Sta.Ana&#8221; y &#8220;Los Molinos&#8221;"},"content":{"rendered":"<p style=\"text-align: justify;\">La Concejal\u00eda de Medio Rural informa del arreglo del camino que une la Vereda de Santa Ana con el camino de Los Molinos, una v\u00eda muy deteriorada que dificultaba el transito de vecinos. Tras una inspecci\u00f3n ocular por los T\u00e9cnicos Municipales, se valor\u00f3 su reparaci\u00f3n al ser una v\u00eda bastante transitada entre los camino comentados.<\/p>\n<p><img fetchpriority=\"high\" decoding=\"async\" class=\"alignnone size-medium wp-image-17765\" src=\"https:\/\/www.caudete.org\/ayuntamiento\/wp-content\/uploads\/2022\/01\/WhatsApp-Image-2022-01-12-at-14.02.43-300x225.jpeg\" alt=\"\" width=\"300\" height=\"225\" srcset=\"https:\/\/www.caudete.org\/ayuntamiento\/wp-content\/uploads\/2022\/01\/WhatsApp-Image-2022-01-12-at-14.02.43-300x225.jpeg 300w, https:\/\/www.caudete.org\/ayuntamiento\/wp-content\/uploads\/2022\/01\/WhatsApp-Image-2022-01-12-at-14.02.43-1024x768.jpeg 1024w, https:\/\/www.caudete.org\/ayuntamiento\/wp-content\/uploads\/2022\/01\/WhatsApp-Image-2022-01-12-at-14.02.43-768x576.jpeg 768w, https:\/\/www.caudete.org\/ayuntamiento\/wp-content\/uploads\/2022\/01\/WhatsApp-Image-2022-01-12-at-14.02.43-1536x1152.jpeg 1536w, https:\/\/www.caudete.org\/ayuntamiento\/wp-content\/uploads\/2022\/01\/WhatsApp-Image-2022-01-12-at-14.02.43.jpeg 2048w\" sizes=\"(max-width: 300px) 100vw, 300px\" \/> <img decoding=\"async\" class=\"alignnone  wp-image-17766\" src=\"https:\/\/www.caudete.org\/ayuntamiento\/wp-content\/uploads\/2022\/01\/WhatsApp-Image-2022-01-12-at-18.59.57-300x300.jpeg\" alt=\"\" width=\"226\" height=\"226\" srcset=\"https:\/\/www.caudete.org\/ayuntamiento\/wp-content\/uploads\/2022\/01\/WhatsApp-Image-2022-01-12-at-18.59.57-300x300.jpeg 300w, https:\/\/www.caudete.org\/ayuntamiento\/wp-content\/uploads\/2022\/01\/WhatsApp-Image-2022-01-12-at-18.59.57-150x150.jpeg 150w, https:\/\/www.caudete.org\/ayuntamiento\/wp-content\/uploads\/2022\/01\/WhatsApp-Image-2022-01-12-at-18.59.57-60x60.jpeg 60w, https:\/\/www.caudete.org\/ayuntamiento\/wp-content\/uploads\/2022\/01\/WhatsApp-Image-2022-01-12-at-18.59.57.jpeg 704w\" sizes=\"(max-width: 226px) 100vw, 226px\" \/><\/p>\n<p style=\"text-align: justify;\">Este era uno de los puntos donde se decidi\u00f3 actuar antes de Navidad y surgi\u00f3 un problema inesperado que provoco retrasar los trabajos. Nos encontramos una canalizaci\u00f3n de Agua Potable de una sociedad local de aguas a un nivel poco profundo, con el posible riesgo de rotura al paso de maquinaria pesada.<\/p>\n<p style=\"text-align: justify;\">Se comunic\u00f3 a la sociedad la necesidad de profundizar esta infraestructura para poder ejecutar estos trabajos de mantenimiento y adecuaci\u00f3n, y de forma r\u00e1pida actuaron, instalando una nueva canalizaci\u00f3n y a una profundidad adecuada.<\/p>\n<p style=\"text-align: justify;\">Pasada la Navidad, hemos retomado los trabajos programados de algunos caminos, y tras aportar 9 camiones de zahorra, extendida y pisada, ha quedado un camino en perfectas condiciones para el tr\u00e1nsito de veh\u00edculos.<\/p>\n<p style=\"text-align: justify;\">Queremos informar que el grueso de los caminos se repararan y mejoraran cuando vengan las m\u00e1quinas de la comunidad.<\/p>\n<p><img decoding=\"async\" class=\"alignnone size-medium wp-image-17767\" src=\"https:\/\/www.caudete.org\/ayuntamiento\/wp-content\/uploads\/2022\/01\/WhatsApp-Image-2022-01-12-at-14.02.45-300x225.jpeg\" alt=\"\" width=\"300\" height=\"225\" srcset=\"https:\/\/www.caudete.org\/ayuntamiento\/wp-content\/uploads\/2022\/01\/WhatsApp-Image-2022-01-12-at-14.02.45-300x225.jpeg 300w, https:\/\/www.caudete.org\/ayuntamiento\/wp-content\/uploads\/2022\/01\/WhatsApp-Image-2022-01-12-at-14.02.45-1024x768.jpeg 1024w, https:\/\/www.caudete.org\/ayuntamiento\/wp-content\/uploads\/2022\/01\/WhatsApp-Image-2022-01-12-at-14.02.45-768x576.jpeg 768w, https:\/\/www.caudete.org\/ayuntamiento\/wp-content\/uploads\/2022\/01\/WhatsApp-Image-2022-01-12-at-14.02.45-1536x1152.jpeg 1536w, https:\/\/www.caudete.org\/ayuntamiento\/wp-content\/uploads\/2022\/01\/WhatsApp-Image-2022-01-12-at-14.02.45.jpeg 2048w\" sizes=\"(max-width: 300px) 100vw, 300px\" \/> <img loading=\"lazy\" decoding=\"async\" class=\"alignnone size-medium wp-image-17768\" src=\"https:\/\/www.caudete.org\/ayuntamiento\/wp-content\/uploads\/2022\/01\/WhatsApp-Image-2022-01-12-at-14.02.44-300x225.jpeg\" alt=\"\" width=\"300\" height=\"225\" srcset=\"https:\/\/www.caudete.org\/ayuntamiento\/wp-content\/uploads\/2022\/01\/WhatsApp-Image-2022-01-12-at-14.02.44-300x225.jpeg 300w, https:\/\/www.caudete.org\/ayuntamiento\/wp-content\/uploads\/2022\/01\/WhatsApp-Image-2022-01-12-at-14.02.44-1024x768.jpeg 1024w, https:\/\/www.caudete.org\/ayuntamiento\/wp-content\/uploads\/2022\/01\/WhatsApp-Image-2022-01-12-at-14.02.44-768x576.jpeg 768w, https:\/\/www.caudete.org\/ayuntamiento\/wp-content\/uploads\/2022\/01\/WhatsApp-Image-2022-01-12-at-14.02.44-1536x1152.jpeg 1536w, https:\/\/www.caudete.org\/ayuntamiento\/wp-content\/uploads\/2022\/01\/WhatsApp-Image-2022-01-12-at-14.02.44.jpeg 2048w\" sizes=\"(max-width: 300px) 100vw, 300px\" \/> <img loading=\"lazy\" decoding=\"async\" class=\"alignnone size-medium wp-image-17769\" src=\"https:\/\/www.caudete.org\/ayuntamiento\/wp-content\/uploads\/2022\/01\/WhatsApp-Image-2022-01-12-at-14.02.47-300x225.jpeg\" alt=\"\" width=\"300\" height=\"225\" srcset=\"https:\/\/www.caudete.org\/ayuntamiento\/wp-content\/uploads\/2022\/01\/WhatsApp-Image-2022-01-12-at-14.02.47-300x225.jpeg 300w, https:\/\/www.caudete.org\/ayuntamiento\/wp-content\/uploads\/2022\/01\/WhatsApp-Image-2022-01-12-at-14.02.47-1024x768.jpeg 1024w, https:\/\/www.caudete.org\/ayuntamiento\/wp-content\/uploads\/2022\/01\/WhatsApp-Image-2022-01-12-at-14.02.47-768x576.jpeg 768w, https:\/\/www.caudete.org\/ayuntamiento\/wp-content\/uploads\/2022\/01\/WhatsApp-Image-2022-01-12-at-14.02.47-1536x1152.jpeg 1536w, https:\/\/www.caudete.org\/ayuntamiento\/wp-content\/uploads\/2022\/01\/WhatsApp-Image-2022-01-12-at-14.02.47.jpeg 2048w\" sizes=\"(max-width: 300px) 100vw, 300px\" \/><\/p>\n","protected":false},"excerpt":{"rendered":"<p>La Concejal\u00eda de Medio Rural informa del arreglo del camino que une la Vereda de Santa Ana con el camino de Los Molinos, una v\u00eda muy deteriorada que dificultaba el transito de vecinos. Tras una inspecci\u00f3n ocular por los T\u00e9cnicos Municipales, se valor\u00f3 su reparaci\u00f3n al ser una v\u00eda bastante transitada entre los camino comentados. &hellip;<\/p>\n","protected":false},"author":3,"featured_media":17764,"comment_status":"closed","ping_status":"open","sticky":false,"template":"","format":"standard","meta":{"ngg_post_thumbnail":0,"footnotes":""},"categories":[50],"tags":[],"class_list":["post-17763","post","type-post","status-publish","format-standard","has-post-thumbnail","hentry","category-medio-rural"],"yoast_head":"<!-- This site is optimized with the Yoast SEO plugin v27.5 - https:\/\/yoast.com\/product\/yoast-seo-wordpress\/ -->\n<title>Arreglo de Camino Rural entre &quot;Vereda de Sta.Ana&quot; y &quot;Los Molinos&quot; - MI Ayuntamiento de Caudete<\/title>\n<meta name=\"description\" content=\"P\u00e1gina Oficial del Ayuntamiento de Caudete (Albacete)\" \/>\n<meta name=\"robots\" content=\"index, follow, max-snippet:-1, max-image-preview:large, max-video-preview:-1\" \/>\n<link rel=\"canonical\" href=\"https:\/\/www.caudete.org\/ayuntamiento\/arreglo-de-camino-rural-entre-vereda-de-sta-ana-y-los-molinos\/\" \/>\n<meta property=\"og:locale\" content=\"es_ES\" \/>\n<meta property=\"og:type\" content=\"article\" \/>\n<meta property=\"og:title\" content=\"Arreglo de Camino Rural entre &quot;Vereda de Sta.Ana&quot; y &quot;Los Molinos&quot; - MI Ayuntamiento de Caudete\" \/>\n<meta property=\"og:description\" content=\"P\u00e1gina Oficial del Ayuntamiento de Caudete (Albacete)\" \/>\n<meta property=\"og:url\" content=\"https:\/\/www.caudete.org\/ayuntamiento\/arreglo-de-camino-rural-entre-vereda-de-sta-ana-y-los-molinos\/\" \/>\n<meta property=\"og:site_name\" content=\"MI Ayuntamiento de Caudete\" \/>\n<meta property=\"article:publisher\" content=\"https:\/\/www.facebook.com\/ayuntamientocaudete\/\" \/>\n<meta property=\"article:published_time\" content=\"2022-01-13T08:00:49+00:00\" \/>\n<meta property=\"og:image\" content=\"https:\/\/www.caudete.org\/ayuntamiento\/wp-content\/uploads\/2022\/01\/WhatsApp-Image-2022-01-12-at-14.02.47-1.jpeg\" \/>\n\t<meta property=\"og:image:width\" content=\"2048\" \/>\n\t<meta property=\"og:image:height\" content=\"1536\" \/>\n\t<meta property=\"og:image:type\" content=\"image\/jpeg\" \/>\n<meta name=\"author\" content=\"alcalde\" \/>\n<meta name=\"twitter:card\" content=\"summary_large_image\" \/>\n<meta name=\"twitter:label1\" content=\"Escrito por\" \/>\n\t<meta name=\"twitter:data1\" content=\"alcalde\" \/>\n\t<meta name=\"twitter:label2\" content=\"Tiempo de lectura\" \/>\n\t<meta name=\"twitter:data2\" content=\"2 minutos\" \/>\n<script type=\"application\/ld+json\" class=\"yoast-schema-graph\">{\"@context\":\"https:\\\/\\\/schema.org\",\"@graph\":[{\"@type\":\"Article\",\"@id\":\"https:\\\/\\\/www.caudete.org\\\/ayuntamiento\\\/arreglo-de-camino-rural-entre-vereda-de-sta-ana-y-los-molinos\\\/#article\",\"isPartOf\":{\"@id\":\"https:\\\/\\\/www.caudete.org\\\/ayuntamiento\\\/arreglo-de-camino-rural-entre-vereda-de-sta-ana-y-los-molinos\\\/\"},\"author\":{\"name\":\"alcalde\",\"@id\":\"https:\\\/\\\/www.caudete.org\\\/ayuntamiento\\\/#\\\/schema\\\/person\\\/cc646da9133078ee4d8dd47457947253\"},\"headline\":\"Arreglo de Camino Rural entre &#8220;Vereda de Sta.Ana&#8221; y &#8220;Los Molinos&#8221;\",\"datePublished\":\"2022-01-13T08:00:49+00:00\",\"mainEntityOfPage\":{\"@id\":\"https:\\\/\\\/www.caudete.org\\\/ayuntamiento\\\/arreglo-de-camino-rural-entre-vereda-de-sta-ana-y-los-molinos\\\/\"},\"wordCount\":217,\"image\":{\"@id\":\"https:\\\/\\\/www.caudete.org\\\/ayuntamiento\\\/arreglo-de-camino-rural-entre-vereda-de-sta-ana-y-los-molinos\\\/#primaryimage\"},\"thumbnailUrl\":\"https:\\\/\\\/www.caudete.org\\\/ayuntamiento\\\/wp-content\\\/uploads\\\/2022\\\/01\\\/WhatsApp-Image-2022-01-12-at-14.02.47-1.jpeg\",\"articleSection\":[\"Medio Rural\"],\"inLanguage\":\"es\"},{\"@type\":\"WebPage\",\"@id\":\"https:\\\/\\\/www.caudete.org\\\/ayuntamiento\\\/arreglo-de-camino-rural-entre-vereda-de-sta-ana-y-los-molinos\\\/\",\"url\":\"https:\\\/\\\/www.caudete.org\\\/ayuntamiento\\\/arreglo-de-camino-rural-entre-vereda-de-sta-ana-y-los-molinos\\\/\",\"name\":\"Arreglo de Camino Rural entre \\\"Vereda de Sta.Ana\\\" y \\\"Los Molinos\\\" - MI Ayuntamiento de Caudete\",\"isPartOf\":{\"@id\":\"https:\\\/\\\/www.caudete.org\\\/ayuntamiento\\\/#website\"},\"primaryImageOfPage\":{\"@id\":\"https:\\\/\\\/www.caudete.org\\\/ayuntamiento\\\/arreglo-de-camino-rural-entre-vereda-de-sta-ana-y-los-molinos\\\/#primaryimage\"},\"image\":{\"@id\":\"https:\\\/\\\/www.caudete.org\\\/ayuntamiento\\\/arreglo-de-camino-rural-entre-vereda-de-sta-ana-y-los-molinos\\\/#primaryimage\"},\"thumbnailUrl\":\"https:\\\/\\\/www.caudete.org\\\/ayuntamiento\\\/wp-content\\\/uploads\\\/2022\\\/01\\\/WhatsApp-Image-2022-01-12-at-14.02.47-1.jpeg\",\"datePublished\":\"2022-01-13T08:00:49+00:00\",\"author\":{\"@id\":\"https:\\\/\\\/www.caudete.org\\\/ayuntamiento\\\/#\\\/schema\\\/person\\\/cc646da9133078ee4d8dd47457947253\"},\"description\":\"P\u00e1gina Oficial del Ayuntamiento de Caudete (Albacete)\",\"breadcrumb\":{\"@id\":\"https:\\\/\\\/www.caudete.org\\\/ayuntamiento\\\/arreglo-de-camino-rural-entre-vereda-de-sta-ana-y-los-molinos\\\/#breadcrumb\"},\"inLanguage\":\"es\",\"potentialAction\":[{\"@type\":\"ReadAction\",\"target\":[\"https:\\\/\\\/www.caudete.org\\\/ayuntamiento\\\/arreglo-de-camino-rural-entre-vereda-de-sta-ana-y-los-molinos\\\/\"]}]},{\"@type\":\"ImageObject\",\"inLanguage\":\"es\",\"@id\":\"https:\\\/\\\/www.caudete.org\\\/ayuntamiento\\\/arreglo-de-camino-rural-entre-vereda-de-sta-ana-y-los-molinos\\\/#primaryimage\",\"url\":\"https:\\\/\\\/www.caudete.org\\\/ayuntamiento\\\/wp-content\\\/uploads\\\/2022\\\/01\\\/WhatsApp-Image-2022-01-12-at-14.02.47-1.jpeg\",\"contentUrl\":\"https:\\\/\\\/www.caudete.org\\\/ayuntamiento\\\/wp-content\\\/uploads\\\/2022\\\/01\\\/WhatsApp-Image-2022-01-12-at-14.02.47-1.jpeg\",\"width\":2048,\"height\":1536},{\"@type\":\"BreadcrumbList\",\"@id\":\"https:\\\/\\\/www.caudete.org\\\/ayuntamiento\\\/arreglo-de-camino-rural-entre-vereda-de-sta-ana-y-los-molinos\\\/#breadcrumb\",\"itemListElement\":[{\"@type\":\"ListItem\",\"position\":1,\"name\":\"Inicio\",\"item\":\"https:\\\/\\\/www.caudete.org\\\/ayuntamiento\\\/\"},{\"@type\":\"ListItem\",\"position\":2,\"name\":\"Arreglo de Camino Rural entre &#8220;Vereda de Sta.Ana&#8221; y &#8220;Los Molinos&#8221;\"}]},{\"@type\":\"WebSite\",\"@id\":\"https:\\\/\\\/www.caudete.org\\\/ayuntamiento\\\/#website\",\"url\":\"https:\\\/\\\/www.caudete.org\\\/ayuntamiento\\\/\",\"name\":\"MI Ayuntamiento de Caudete\",\"description\":\"P\u00e1gina Oficial del MI Ayuntamiento de Caudete\",\"potentialAction\":[{\"@type\":\"SearchAction\",\"target\":{\"@type\":\"EntryPoint\",\"urlTemplate\":\"https:\\\/\\\/www.caudete.org\\\/ayuntamiento\\\/?s={search_term_string}\"},\"query-input\":{\"@type\":\"PropertyValueSpecification\",\"valueRequired\":true,\"valueName\":\"search_term_string\"}}],\"inLanguage\":\"es\"},{\"@type\":\"Person\",\"@id\":\"https:\\\/\\\/www.caudete.org\\\/ayuntamiento\\\/#\\\/schema\\\/person\\\/cc646da9133078ee4d8dd47457947253\",\"name\":\"alcalde\",\"image\":{\"@type\":\"ImageObject\",\"inLanguage\":\"es\",\"@id\":\"https:\\\/\\\/secure.gravatar.com\\\/avatar\\\/84a817ba065b29ff08d666b215a215f5c79186a645ccb25b14a663d48a130f77?s=96&d=mm&r=g\",\"url\":\"https:\\\/\\\/secure.gravatar.com\\\/avatar\\\/84a817ba065b29ff08d666b215a215f5c79186a645ccb25b14a663d48a130f77?s=96&d=mm&r=g\",\"contentUrl\":\"https:\\\/\\\/secure.gravatar.com\\\/avatar\\\/84a817ba065b29ff08d666b215a215f5c79186a645ccb25b14a663d48a130f77?s=96&d=mm&r=g\",\"caption\":\"alcalde\"},\"url\":\"https:\\\/\\\/www.caudete.org\\\/ayuntamiento\\\/author\\\/alcalde\\\/\"}]}<\/script>\n<!-- \/ Yoast SEO plugin. -->","yoast_head_json":{"title":"Arreglo de Camino Rural entre \"Vereda de Sta.Ana\" y \"Los Molinos\" - MI Ayuntamiento de Caudete","description":"P\u00e1gina Oficial del Ayuntamiento de Caudete (Albacete)","robots":{"index":"index","follow":"follow","max-snippet":"max-snippet:-1","max-image-preview":"max-image-preview:large","max-video-preview":"max-video-preview:-1"},"canonical":"https:\/\/www.caudete.org\/ayuntamiento\/arreglo-de-camino-rural-entre-vereda-de-sta-ana-y-los-molinos\/","og_locale":"es_ES","og_type":"article","og_title":"Arreglo de Camino Rural entre \"Vereda de Sta.Ana\" y \"Los Molinos\" - MI Ayuntamiento de Caudete","og_description":"P\u00e1gina Oficial del Ayuntamiento de Caudete (Albacete)","og_url":"https:\/\/www.caudete.org\/ayuntamiento\/arreglo-de-camino-rural-entre-vereda-de-sta-ana-y-los-molinos\/","og_site_name":"MI Ayuntamiento de Caudete","article_publisher":"https:\/\/www.facebook.com\/ayuntamientocaudete\/","article_published_time":"2022-01-13T08:00:49+00:00","og_image":[{"width":2048,"height":1536,"url":"https:\/\/www.caudete.org\/ayuntamiento\/wp-content\/uploads\/2022\/01\/WhatsApp-Image-2022-01-12-at-14.02.47-1.jpeg","type":"image\/jpeg"}],"author":"alcalde","twitter_card":"summary_large_image","twitter_misc":{"Escrito por":"alcalde","Tiempo de lectura":"2 minutos"},"schema":{"@context":"https:\/\/schema.org","@graph":[{"@type":"Article","@id":"https:\/\/www.caudete.org\/ayuntamiento\/arreglo-de-camino-rural-entre-vereda-de-sta-ana-y-los-molinos\/#article","isPartOf":{"@id":"https:\/\/www.caudete.org\/ayuntamiento\/arreglo-de-camino-rural-entre-vereda-de-sta-ana-y-los-molinos\/"},"author":{"name":"alcalde","@id":"https:\/\/www.caudete.org\/ayuntamiento\/#\/schema\/person\/cc646da9133078ee4d8dd47457947253"},"headline":"Arreglo de Camino Rural entre &#8220;Vereda de Sta.Ana&#8221; y &#8220;Los Molinos&#8221;","datePublished":"2022-01-13T08:00:49+00:00","mainEntityOfPage":{"@id":"https:\/\/www.caudete.org\/ayuntamiento\/arreglo-de-camino-rural-entre-vereda-de-sta-ana-y-los-molinos\/"},"wordCount":217,"image":{"@id":"https:\/\/www.caudete.org\/ayuntamiento\/arreglo-de-camino-rural-entre-vereda-de-sta-ana-y-los-molinos\/#primaryimage"},"thumbnailUrl":"https:\/\/www.caudete.org\/ayuntamiento\/wp-content\/uploads\/2022\/01\/WhatsApp-Image-2022-01-12-at-14.02.47-1.jpeg","articleSection":["Medio Rural"],"inLanguage":"es"},{"@type":"WebPage","@id":"https:\/\/www.caudete.org\/ayuntamiento\/arreglo-de-camino-rural-entre-vereda-de-sta-ana-y-los-molinos\/","url":"https:\/\/www.caudete.org\/ayuntamiento\/arreglo-de-camino-rural-entre-vereda-de-sta-ana-y-los-molinos\/","name":"Arreglo de Camino Rural entre \"Vereda de Sta.Ana\" y \"Los Molinos\" - MI Ayuntamiento de Caudete","isPartOf":{"@id":"https:\/\/www.caudete.org\/ayuntamiento\/#website"},"primaryImageOfPage":{"@id":"https:\/\/www.caudete.org\/ayuntamiento\/arreglo-de-camino-rural-entre-vereda-de-sta-ana-y-los-molinos\/#primaryimage"},"image":{"@id":"https:\/\/www.caudete.org\/ayuntamiento\/arreglo-de-camino-rural-entre-vereda-de-sta-ana-y-los-molinos\/#primaryimage"},"thumbnailUrl":"https:\/\/www.caudete.org\/ayuntamiento\/wp-content\/uploads\/2022\/01\/WhatsApp-Image-2022-01-12-at-14.02.47-1.jpeg","datePublished":"2022-01-13T08:00:49+00:00","author":{"@id":"https:\/\/www.caudete.org\/ayuntamiento\/#\/schema\/person\/cc646da9133078ee4d8dd47457947253"},"description":"P\u00e1gina Oficial del Ayuntamiento de Caudete (Albacete)","breadcrumb":{"@id":"https:\/\/www.caudete.org\/ayuntamiento\/arreglo-de-camino-rural-entre-vereda-de-sta-ana-y-los-molinos\/#breadcrumb"},"inLanguage":"es","potentialAction":[{"@type":"ReadAction","target":["https:\/\/www.caudete.org\/ayuntamiento\/arreglo-de-camino-rural-entre-vereda-de-sta-ana-y-los-molinos\/"]}]},{"@type":"ImageObject","inLanguage":"es","@id":"https:\/\/www.caudete.org\/ayuntamiento\/arreglo-de-camino-rural-entre-vereda-de-sta-ana-y-los-molinos\/#primaryimage","url":"https:\/\/www.caudete.org\/ayuntamiento\/wp-content\/uploads\/2022\/01\/WhatsApp-Image-2022-01-12-at-14.02.47-1.jpeg","contentUrl":"https:\/\/www.caudete.org\/ayuntamiento\/wp-content\/uploads\/2022\/01\/WhatsApp-Image-2022-01-12-at-14.02.47-1.jpeg","width":2048,"height":1536},{"@type":"BreadcrumbList","@id":"https:\/\/www.caudete.org\/ayuntamiento\/arreglo-de-camino-rural-entre-vereda-de-sta-ana-y-los-molinos\/#breadcrumb","itemListElement":[{"@type":"ListItem","position":1,"name":"Inicio","item":"https:\/\/www.caudete.org\/ayuntamiento\/"},{"@type":"ListItem","position":2,"name":"Arreglo de Camino Rural entre &#8220;Vereda de Sta.Ana&#8221; y &#8220;Los Molinos&#8221;"}]},{"@type":"WebSite","@id":"https:\/\/www.caudete.org\/ayuntamiento\/#website","url":"https:\/\/www.caudete.org\/ayuntamiento\/","name":"MI Ayuntamiento de Caudete","description":"P\u00e1gina Oficial del MI Ayuntamiento de Caudete","potentialAction":[{"@type":"SearchAction","target":{"@type":"EntryPoint","urlTemplate":"https:\/\/www.caudete.org\/ayuntamiento\/?s={search_term_string}"},"query-input":{"@type":"PropertyValueSpecification","valueRequired":true,"valueName":"search_term_string"}}],"inLanguage":"es"},{"@type":"Person","@id":"https:\/\/www.caudete.org\/ayuntamiento\/#\/schema\/person\/cc646da9133078ee4d8dd47457947253","name":"alcalde","image":{"@type":"ImageObject","inLanguage":"es","@id":"https:\/\/secure.gravatar.com\/avatar\/84a817ba065b29ff08d666b215a215f5c79186a645ccb25b14a663d48a130f77?s=96&d=mm&r=g","url":"https:\/\/secure.gravatar.com\/avatar\/84a817ba065b29ff08d666b215a215f5c79186a645ccb25b14a663d48a130f77?s=96&d=mm&r=g","contentUrl":"https:\/\/secure.gravatar.com\/avatar\/84a817ba065b29ff08d666b215a215f5c79186a645ccb25b14a663d48a130f77?s=96&d=mm&r=g","caption":"alcalde"},"url":"https:\/\/www.caudete.org\/ayuntamiento\/author\/alcalde\/"}]}},"_links":{"self":[{"href":"https:\/\/www.caudete.org\/ayuntamiento\/wp-json\/wp\/v2\/posts\/17763","targetHints":{"allow":["GET"]}}],"collection":[{"href":"https:\/\/www.caudete.org\/ayuntamiento\/wp-json\/wp\/v2\/posts"}],"about":[{"href":"https:\/\/www.caudete.org\/ayuntamiento\/wp-json\/wp\/v2\/types\/post"}],"author":[{"embeddable":true,"href":"https:\/\/www.caudete.org\/ayuntamiento\/wp-json\/wp\/v2\/users\/3"}],"replies":[{"embeddable":true,"href":"https:\/\/www.caudete.org\/ayuntamiento\/wp-json\/wp\/v2\/comments?post=17763"}],"version-history":[{"count":1,"href":"https:\/\/www.caudete.org\/ayuntamiento\/wp-json\/wp\/v2\/posts\/17763\/revisions"}],"predecessor-version":[{"id":17771,"href":"https:\/\/www.caudete.org\/ayuntamiento\/wp-json\/wp\/v2\/posts\/17763\/revisions\/17771"}],"wp:featuredmedia":[{"embeddable":true,"href":"https:\/\/www.caudete.org\/ayuntamiento\/wp-json\/wp\/v2\/media\/17764"}],"wp:attachment":[{"href":"https:\/\/www.caudete.org\/ayuntamiento\/wp-json\/wp\/v2\/media?parent=17763"}],"wp:term":[{"taxonomy":"category","embeddable":true,"href":"https:\/\/www.caudete.org\/ayuntamiento\/wp-json\/wp\/v2\/categories?post=17763"},{"taxonomy":"post_tag","embeddable":true,"href":"https:\/\/www.caudete.org\/ayuntamiento\/wp-json\/wp\/v2\/tags?post=17763"}],"curies":[{"name":"wp","href":"https:\/\/api.w.org\/{rel}","templated":true}]}}