{"id":17787,"date":"2022-01-14T12:07:20","date_gmt":"2022-01-14T11:07:20","guid":{"rendered":"https:\/\/www.caudete.org\/ayuntamiento\/?p=17787"},"modified":"2022-01-14T13:01:24","modified_gmt":"2022-01-14T12:01:24","slug":"el-centro-de-interpretacion-amplia-su-coleccion-con-las-replicas-de-la-dama-y-la-cabeza-de-toro","status":"publish","type":"post","link":"https:\/\/www.caudete.org\/ayuntamiento\/el-centro-de-interpretacion-amplia-su-coleccion-con-las-replicas-de-la-dama-y-la-cabeza-de-toro\/","title":{"rendered":"El CENTRO DE INTERPRETACI\u00d3N ampl\u00eda su colecci\u00f3n con las r\u00e9plicas de la DAMA y la CABEZA DE TORO"},"content":{"rendered":"<p>Recientemente, el <strong>Centro de Interpretaci\u00f3n<\/strong> ha a\u00f1adido a su colecci\u00f3n dos nuevas piezas: las reproducciones de la <strong>Dama de Caudete y de la Cabeza de Toro<\/strong>. Estas dos esculturas son dos referentes de la cultura \u00edbera en el arco mediterr\u00e1neo peninsular. Ambas piezas has sido elaboradas por el artista local <strong>Luis Benito Rodr\u00edguez<\/strong>.<\/p>\n<p>El a\u00f1o pasado, ya se adquiri\u00f3, para el Centro de Interpretaci\u00f3n, la reproducci\u00f3n de la <strong>cierva de Caudete<\/strong>, escultura en piedra elaborada por el artista caudetano <strong>Francisco Carri\u00f3n Agull\u00f3<\/strong>.<\/p>\n<p>Desde la Concejal\u00eda de Patrimonio, se considera imprescindible que estas tres esculturas, de tanto relevancia en el arte \u00edbero, formen parte de la colecci\u00f3n del Centro de Interpretaci\u00f3n, para dar a conocer entre caudetanos y visitantes la importancia del legado \u00edbero en Caudete.<\/p>\n<p>Recordemos que, tanto la Cierva como la Cabeza de Toro fueron encontradas en el paraje de Capuchinos, lugar donde se ubicaba la necr\u00f3polis del antiguo poblado \u00edbero de Caudete. Tambi\u00e9n, muy probablemente, el Pilar Estela formar\u00eda parte de dicha necr\u00f3polis. Esta pieza original puede contemplarse en el Centro de Interpretaci\u00f3n desde su creaci\u00f3n.<\/p>\n<p>Por otra parte, la Dama de Caudete fue encontrada al sureste del n\u00facleo urbano, en las cercan\u00edas de la conocida como Casica del T\u00edo Alberto. Todas estas piezas est\u00e1n datadas entre el s. IV y V a. C.<\/p>\n<p>Actualmente, tanto la Cabeza de Toro como la Cierva de Caudete se encuentran expuestas en el Museo Provincial de Albacete, mientras que la Dama de Caudete forma parte de la colecci\u00f3n del Museo Jos\u00e9 Mar\u00eda Soler de Villena.<\/p>\n<p>Con motivo de estas nuevas adquisiciones, y para darlas a conocer, <strong>a partir del 5 de febrero de 2022, el Centro de Interpretaci\u00f3n abrir\u00e1 sus puertas el primer y tercer s\u00e1bado de cada mes, en horario de 11.00 a 13.00 horas.<\/strong><\/p>\n<p><a href=\"https:\/\/www.caudete.org\/ayuntamiento\/wp-content\/uploads\/2022\/01\/foto2curvasrecortada.jpg\" rel='prettyPhoto'><img decoding=\"async\" class=\"aligncenter wp-image-17789 size-medium\" src=\"https:\/\/www.caudete.org\/ayuntamiento\/wp-content\/uploads\/2022\/01\/foto2curvasrecortada-300x141.jpg\" alt=\"\" width=\"300\" height=\"141\" srcset=\"https:\/\/www.caudete.org\/ayuntamiento\/wp-content\/uploads\/2022\/01\/foto2curvasrecortada-300x141.jpg 300w, https:\/\/www.caudete.org\/ayuntamiento\/wp-content\/uploads\/2022\/01\/foto2curvasrecortada-1024x482.jpg 1024w, https:\/\/www.caudete.org\/ayuntamiento\/wp-content\/uploads\/2022\/01\/foto2curvasrecortada-768x361.jpg 768w, https:\/\/www.caudete.org\/ayuntamiento\/wp-content\/uploads\/2022\/01\/foto2curvasrecortada.jpg 1531w\" sizes=\"(max-width: 300px) 100vw, 300px\" \/><\/a><\/p>\n<p><a href=\"https:\/\/www.caudete.org\/ayuntamiento\/wp-content\/uploads\/2022\/01\/foto3recortadaCurvas.jpg\" rel='prettyPhoto'><img fetchpriority=\"high\" decoding=\"async\" class=\"aligncenter wp-image-17786 size-medium\" src=\"https:\/\/www.caudete.org\/ayuntamiento\/wp-content\/uploads\/2022\/01\/foto3recortadaCurvas-207x300.jpg\" alt=\"\" width=\"207\" height=\"300\" srcset=\"https:\/\/www.caudete.org\/ayuntamiento\/wp-content\/uploads\/2022\/01\/foto3recortadaCurvas-207x300.jpg 207w, https:\/\/www.caudete.org\/ayuntamiento\/wp-content\/uploads\/2022\/01\/foto3recortadaCurvas-708x1024.jpg 708w, https:\/\/www.caudete.org\/ayuntamiento\/wp-content\/uploads\/2022\/01\/foto3recortadaCurvas.jpg 738w\" sizes=\"(max-width: 207px) 100vw, 207px\" \/><\/a><\/p>\n<p>&nbsp;<\/p>\n<p>&nbsp;<\/p>\n","protected":false},"excerpt":{"rendered":"<p>Recientemente, el Centro de Interpretaci\u00f3n ha a\u00f1adido a su colecci\u00f3n dos nuevas piezas: las reproducciones de la Dama de Caudete y de la Cabeza de Toro. Estas dos esculturas son dos referentes de la cultura \u00edbera en el arco mediterr\u00e1neo peninsular. Ambas piezas has sido elaboradas por el artista local Luis Benito Rodr\u00edguez. El a\u00f1o &hellip;<\/p>\n","protected":false},"author":2,"featured_media":17784,"comment_status":"closed","ping_status":"open","sticky":false,"template":"","format":"standard","meta":{"ngg_post_thumbnail":0,"footnotes":""},"categories":[45],"tags":[],"class_list":["post-17787","post","type-post","status-publish","format-standard","has-post-thumbnail","hentry","category-patrimonio"],"yoast_head":"<!-- This site is optimized with the Yoast SEO plugin v27.5 - https:\/\/yoast.com\/product\/yoast-seo-wordpress\/ -->\n<title>El CENTRO DE INTERPRETACI\u00d3N ampl\u00eda su colecci\u00f3n con las r\u00e9plicas de la DAMA y la CABEZA DE TORO - MI Ayuntamiento de Caudete<\/title>\n<meta name=\"description\" content=\"P\u00e1gina Oficial del Ayuntamiento de Caudete (Albacete)\" \/>\n<meta name=\"robots\" content=\"index, follow, max-snippet:-1, max-image-preview:large, max-video-preview:-1\" \/>\n<link rel=\"canonical\" href=\"https:\/\/www.caudete.org\/ayuntamiento\/el-centro-de-interpretacion-amplia-su-coleccion-con-las-replicas-de-la-dama-y-la-cabeza-de-toro\/\" \/>\n<meta property=\"og:locale\" content=\"es_ES\" \/>\n<meta property=\"og:type\" content=\"article\" \/>\n<meta property=\"og:title\" content=\"El CENTRO DE INTERPRETACI\u00d3N ampl\u00eda su colecci\u00f3n con las r\u00e9plicas de la DAMA y la CABEZA DE TORO - MI Ayuntamiento de Caudete\" \/>\n<meta property=\"og:description\" content=\"P\u00e1gina Oficial del Ayuntamiento de Caudete (Albacete)\" \/>\n<meta property=\"og:url\" content=\"https:\/\/www.caudete.org\/ayuntamiento\/el-centro-de-interpretacion-amplia-su-coleccion-con-las-replicas-de-la-dama-y-la-cabeza-de-toro\/\" \/>\n<meta property=\"og:site_name\" content=\"MI Ayuntamiento de Caudete\" \/>\n<meta property=\"article:publisher\" content=\"https:\/\/www.facebook.com\/ayuntamientocaudete\/\" \/>\n<meta property=\"article:published_time\" content=\"2022-01-14T11:07:20+00:00\" \/>\n<meta property=\"article:modified_time\" content=\"2022-01-14T12:01:24+00:00\" \/>\n<meta property=\"og:image\" content=\"https:\/\/www.caudete.org\/ayuntamiento\/wp-content\/uploads\/2022\/01\/Centro-de-Interpretacion-WEB.jpg\" \/>\n\t<meta property=\"og:image:width\" content=\"864\" \/>\n\t<meta property=\"og:image:height\" content=\"380\" \/>\n\t<meta property=\"og:image:type\" content=\"image\/jpeg\" \/>\n<meta name=\"author\" content=\"Juan\" \/>\n<meta name=\"twitter:card\" content=\"summary_large_image\" \/>\n<meta name=\"twitter:label1\" content=\"Escrito por\" \/>\n\t<meta name=\"twitter:data1\" content=\"Juan\" \/>\n\t<meta name=\"twitter:label2\" content=\"Tiempo de lectura\" \/>\n\t<meta name=\"twitter:data2\" content=\"2 minutos\" \/>\n<script type=\"application\/ld+json\" class=\"yoast-schema-graph\">{\"@context\":\"https:\\\/\\\/schema.org\",\"@graph\":[{\"@type\":\"Article\",\"@id\":\"https:\\\/\\\/www.caudete.org\\\/ayuntamiento\\\/el-centro-de-interpretacion-amplia-su-coleccion-con-las-replicas-de-la-dama-y-la-cabeza-de-toro\\\/#article\",\"isPartOf\":{\"@id\":\"https:\\\/\\\/www.caudete.org\\\/ayuntamiento\\\/el-centro-de-interpretacion-amplia-su-coleccion-con-las-replicas-de-la-dama-y-la-cabeza-de-toro\\\/\"},\"author\":{\"name\":\"Juan\",\"@id\":\"https:\\\/\\\/www.caudete.org\\\/ayuntamiento\\\/#\\\/schema\\\/person\\\/7656a5bb58fca95b9814e940de0fda63\"},\"headline\":\"El CENTRO DE INTERPRETACI\u00d3N ampl\u00eda su colecci\u00f3n con las r\u00e9plicas de la DAMA y la CABEZA DE TORO\",\"datePublished\":\"2022-01-14T11:07:20+00:00\",\"dateModified\":\"2022-01-14T12:01:24+00:00\",\"mainEntityOfPage\":{\"@id\":\"https:\\\/\\\/www.caudete.org\\\/ayuntamiento\\\/el-centro-de-interpretacion-amplia-su-coleccion-con-las-replicas-de-la-dama-y-la-cabeza-de-toro\\\/\"},\"wordCount\":341,\"image\":{\"@id\":\"https:\\\/\\\/www.caudete.org\\\/ayuntamiento\\\/el-centro-de-interpretacion-amplia-su-coleccion-con-las-replicas-de-la-dama-y-la-cabeza-de-toro\\\/#primaryimage\"},\"thumbnailUrl\":\"https:\\\/\\\/www.caudete.org\\\/ayuntamiento\\\/wp-content\\\/uploads\\\/2022\\\/01\\\/Centro-de-Interpretacion-WEB.jpg\",\"articleSection\":[\"Patrimonio\"],\"inLanguage\":\"es\"},{\"@type\":\"WebPage\",\"@id\":\"https:\\\/\\\/www.caudete.org\\\/ayuntamiento\\\/el-centro-de-interpretacion-amplia-su-coleccion-con-las-replicas-de-la-dama-y-la-cabeza-de-toro\\\/\",\"url\":\"https:\\\/\\\/www.caudete.org\\\/ayuntamiento\\\/el-centro-de-interpretacion-amplia-su-coleccion-con-las-replicas-de-la-dama-y-la-cabeza-de-toro\\\/\",\"name\":\"El CENTRO DE INTERPRETACI\u00d3N ampl\u00eda su colecci\u00f3n con las r\u00e9plicas de la DAMA y la CABEZA DE TORO - MI Ayuntamiento de Caudete\",\"isPartOf\":{\"@id\":\"https:\\\/\\\/www.caudete.org\\\/ayuntamiento\\\/#website\"},\"primaryImageOfPage\":{\"@id\":\"https:\\\/\\\/www.caudete.org\\\/ayuntamiento\\\/el-centro-de-interpretacion-amplia-su-coleccion-con-las-replicas-de-la-dama-y-la-cabeza-de-toro\\\/#primaryimage\"},\"image\":{\"@id\":\"https:\\\/\\\/www.caudete.org\\\/ayuntamiento\\\/el-centro-de-interpretacion-amplia-su-coleccion-con-las-replicas-de-la-dama-y-la-cabeza-de-toro\\\/#primaryimage\"},\"thumbnailUrl\":\"https:\\\/\\\/www.caudete.org\\\/ayuntamiento\\\/wp-content\\\/uploads\\\/2022\\\/01\\\/Centro-de-Interpretacion-WEB.jpg\",\"datePublished\":\"2022-01-14T11:07:20+00:00\",\"dateModified\":\"2022-01-14T12:01:24+00:00\",\"author\":{\"@id\":\"https:\\\/\\\/www.caudete.org\\\/ayuntamiento\\\/#\\\/schema\\\/person\\\/7656a5bb58fca95b9814e940de0fda63\"},\"description\":\"P\u00e1gina Oficial del Ayuntamiento de Caudete (Albacete)\",\"breadcrumb\":{\"@id\":\"https:\\\/\\\/www.caudete.org\\\/ayuntamiento\\\/el-centro-de-interpretacion-amplia-su-coleccion-con-las-replicas-de-la-dama-y-la-cabeza-de-toro\\\/#breadcrumb\"},\"inLanguage\":\"es\",\"potentialAction\":[{\"@type\":\"ReadAction\",\"target\":[\"https:\\\/\\\/www.caudete.org\\\/ayuntamiento\\\/el-centro-de-interpretacion-amplia-su-coleccion-con-las-replicas-de-la-dama-y-la-cabeza-de-toro\\\/\"]}]},{\"@type\":\"ImageObject\",\"inLanguage\":\"es\",\"@id\":\"https:\\\/\\\/www.caudete.org\\\/ayuntamiento\\\/el-centro-de-interpretacion-amplia-su-coleccion-con-las-replicas-de-la-dama-y-la-cabeza-de-toro\\\/#primaryimage\",\"url\":\"https:\\\/\\\/www.caudete.org\\\/ayuntamiento\\\/wp-content\\\/uploads\\\/2022\\\/01\\\/Centro-de-Interpretacion-WEB.jpg\",\"contentUrl\":\"https:\\\/\\\/www.caudete.org\\\/ayuntamiento\\\/wp-content\\\/uploads\\\/2022\\\/01\\\/Centro-de-Interpretacion-WEB.jpg\",\"width\":864,\"height\":380},{\"@type\":\"BreadcrumbList\",\"@id\":\"https:\\\/\\\/www.caudete.org\\\/ayuntamiento\\\/el-centro-de-interpretacion-amplia-su-coleccion-con-las-replicas-de-la-dama-y-la-cabeza-de-toro\\\/#breadcrumb\",\"itemListElement\":[{\"@type\":\"ListItem\",\"position\":1,\"name\":\"Inicio\",\"item\":\"https:\\\/\\\/www.caudete.org\\\/ayuntamiento\\\/\"},{\"@type\":\"ListItem\",\"position\":2,\"name\":\"El CENTRO DE INTERPRETACI\u00d3N ampl\u00eda su colecci\u00f3n con las r\u00e9plicas de la DAMA y la CABEZA DE TORO\"}]},{\"@type\":\"WebSite\",\"@id\":\"https:\\\/\\\/www.caudete.org\\\/ayuntamiento\\\/#website\",\"url\":\"https:\\\/\\\/www.caudete.org\\\/ayuntamiento\\\/\",\"name\":\"MI Ayuntamiento de Caudete\",\"description\":\"P\u00e1gina Oficial del MI Ayuntamiento de Caudete\",\"potentialAction\":[{\"@type\":\"SearchAction\",\"target\":{\"@type\":\"EntryPoint\",\"urlTemplate\":\"https:\\\/\\\/www.caudete.org\\\/ayuntamiento\\\/?s={search_term_string}\"},\"query-input\":{\"@type\":\"PropertyValueSpecification\",\"valueRequired\":true,\"valueName\":\"search_term_string\"}}],\"inLanguage\":\"es\"},{\"@type\":\"Person\",\"@id\":\"https:\\\/\\\/www.caudete.org\\\/ayuntamiento\\\/#\\\/schema\\\/person\\\/7656a5bb58fca95b9814e940de0fda63\",\"name\":\"Juan\",\"image\":{\"@type\":\"ImageObject\",\"inLanguage\":\"es\",\"@id\":\"https:\\\/\\\/secure.gravatar.com\\\/avatar\\\/dd53e51c0cd6ab23f52d4f3e4f1c59730240727763de3dbbf26750b079a2c292?s=96&d=mm&r=g\",\"url\":\"https:\\\/\\\/secure.gravatar.com\\\/avatar\\\/dd53e51c0cd6ab23f52d4f3e4f1c59730240727763de3dbbf26750b079a2c292?s=96&d=mm&r=g\",\"contentUrl\":\"https:\\\/\\\/secure.gravatar.com\\\/avatar\\\/dd53e51c0cd6ab23f52d4f3e4f1c59730240727763de3dbbf26750b079a2c292?s=96&d=mm&r=g\",\"caption\":\"Juan\"},\"url\":\"https:\\\/\\\/www.caudete.org\\\/ayuntamiento\\\/author\\\/centrodeinternet\\\/\"}]}<\/script>\n<!-- \/ Yoast SEO plugin. -->","yoast_head_json":{"title":"El CENTRO DE INTERPRETACI\u00d3N ampl\u00eda su colecci\u00f3n con las r\u00e9plicas de la DAMA y la CABEZA DE TORO - MI Ayuntamiento de Caudete","description":"P\u00e1gina Oficial del Ayuntamiento de Caudete (Albacete)","robots":{"index":"index","follow":"follow","max-snippet":"max-snippet:-1","max-image-preview":"max-image-preview:large","max-video-preview":"max-video-preview:-1"},"canonical":"https:\/\/www.caudete.org\/ayuntamiento\/el-centro-de-interpretacion-amplia-su-coleccion-con-las-replicas-de-la-dama-y-la-cabeza-de-toro\/","og_locale":"es_ES","og_type":"article","og_title":"El CENTRO DE INTERPRETACI\u00d3N ampl\u00eda su colecci\u00f3n con las r\u00e9plicas de la DAMA y la CABEZA DE TORO - MI Ayuntamiento de Caudete","og_description":"P\u00e1gina Oficial del Ayuntamiento de Caudete (Albacete)","og_url":"https:\/\/www.caudete.org\/ayuntamiento\/el-centro-de-interpretacion-amplia-su-coleccion-con-las-replicas-de-la-dama-y-la-cabeza-de-toro\/","og_site_name":"MI Ayuntamiento de Caudete","article_publisher":"https:\/\/www.facebook.com\/ayuntamientocaudete\/","article_published_time":"2022-01-14T11:07:20+00:00","article_modified_time":"2022-01-14T12:01:24+00:00","og_image":[{"width":864,"height":380,"url":"https:\/\/www.caudete.org\/ayuntamiento\/wp-content\/uploads\/2022\/01\/Centro-de-Interpretacion-WEB.jpg","type":"image\/jpeg"}],"author":"Juan","twitter_card":"summary_large_image","twitter_misc":{"Escrito por":"Juan","Tiempo de lectura":"2 minutos"},"schema":{"@context":"https:\/\/schema.org","@graph":[{"@type":"Article","@id":"https:\/\/www.caudete.org\/ayuntamiento\/el-centro-de-interpretacion-amplia-su-coleccion-con-las-replicas-de-la-dama-y-la-cabeza-de-toro\/#article","isPartOf":{"@id":"https:\/\/www.caudete.org\/ayuntamiento\/el-centro-de-interpretacion-amplia-su-coleccion-con-las-replicas-de-la-dama-y-la-cabeza-de-toro\/"},"author":{"name":"Juan","@id":"https:\/\/www.caudete.org\/ayuntamiento\/#\/schema\/person\/7656a5bb58fca95b9814e940de0fda63"},"headline":"El CENTRO DE INTERPRETACI\u00d3N ampl\u00eda su colecci\u00f3n con las r\u00e9plicas de la DAMA y la CABEZA DE TORO","datePublished":"2022-01-14T11:07:20+00:00","dateModified":"2022-01-14T12:01:24+00:00","mainEntityOfPage":{"@id":"https:\/\/www.caudete.org\/ayuntamiento\/el-centro-de-interpretacion-amplia-su-coleccion-con-las-replicas-de-la-dama-y-la-cabeza-de-toro\/"},"wordCount":341,"image":{"@id":"https:\/\/www.caudete.org\/ayuntamiento\/el-centro-de-interpretacion-amplia-su-coleccion-con-las-replicas-de-la-dama-y-la-cabeza-de-toro\/#primaryimage"},"thumbnailUrl":"https:\/\/www.caudete.org\/ayuntamiento\/wp-content\/uploads\/2022\/01\/Centro-de-Interpretacion-WEB.jpg","articleSection":["Patrimonio"],"inLanguage":"es"},{"@type":"WebPage","@id":"https:\/\/www.caudete.org\/ayuntamiento\/el-centro-de-interpretacion-amplia-su-coleccion-con-las-replicas-de-la-dama-y-la-cabeza-de-toro\/","url":"https:\/\/www.caudete.org\/ayuntamiento\/el-centro-de-interpretacion-amplia-su-coleccion-con-las-replicas-de-la-dama-y-la-cabeza-de-toro\/","name":"El CENTRO DE INTERPRETACI\u00d3N ampl\u00eda su colecci\u00f3n con las r\u00e9plicas de la DAMA y la CABEZA DE TORO - MI Ayuntamiento de Caudete","isPartOf":{"@id":"https:\/\/www.caudete.org\/ayuntamiento\/#website"},"primaryImageOfPage":{"@id":"https:\/\/www.caudete.org\/ayuntamiento\/el-centro-de-interpretacion-amplia-su-coleccion-con-las-replicas-de-la-dama-y-la-cabeza-de-toro\/#primaryimage"},"image":{"@id":"https:\/\/www.caudete.org\/ayuntamiento\/el-centro-de-interpretacion-amplia-su-coleccion-con-las-replicas-de-la-dama-y-la-cabeza-de-toro\/#primaryimage"},"thumbnailUrl":"https:\/\/www.caudete.org\/ayuntamiento\/wp-content\/uploads\/2022\/01\/Centro-de-Interpretacion-WEB.jpg","datePublished":"2022-01-14T11:07:20+00:00","dateModified":"2022-01-14T12:01:24+00:00","author":{"@id":"https:\/\/www.caudete.org\/ayuntamiento\/#\/schema\/person\/7656a5bb58fca95b9814e940de0fda63"},"description":"P\u00e1gina Oficial del Ayuntamiento de Caudete (Albacete)","breadcrumb":{"@id":"https:\/\/www.caudete.org\/ayuntamiento\/el-centro-de-interpretacion-amplia-su-coleccion-con-las-replicas-de-la-dama-y-la-cabeza-de-toro\/#breadcrumb"},"inLanguage":"es","potentialAction":[{"@type":"ReadAction","target":["https:\/\/www.caudete.org\/ayuntamiento\/el-centro-de-interpretacion-amplia-su-coleccion-con-las-replicas-de-la-dama-y-la-cabeza-de-toro\/"]}]},{"@type":"ImageObject","inLanguage":"es","@id":"https:\/\/www.caudete.org\/ayuntamiento\/el-centro-de-interpretacion-amplia-su-coleccion-con-las-replicas-de-la-dama-y-la-cabeza-de-toro\/#primaryimage","url":"https:\/\/www.caudete.org\/ayuntamiento\/wp-content\/uploads\/2022\/01\/Centro-de-Interpretacion-WEB.jpg","contentUrl":"https:\/\/www.caudete.org\/ayuntamiento\/wp-content\/uploads\/2022\/01\/Centro-de-Interpretacion-WEB.jpg","width":864,"height":380},{"@type":"BreadcrumbList","@id":"https:\/\/www.caudete.org\/ayuntamiento\/el-centro-de-interpretacion-amplia-su-coleccion-con-las-replicas-de-la-dama-y-la-cabeza-de-toro\/#breadcrumb","itemListElement":[{"@type":"ListItem","position":1,"name":"Inicio","item":"https:\/\/www.caudete.org\/ayuntamiento\/"},{"@type":"ListItem","position":2,"name":"El CENTRO DE INTERPRETACI\u00d3N ampl\u00eda su colecci\u00f3n con las r\u00e9plicas de la DAMA y la CABEZA DE TORO"}]},{"@type":"WebSite","@id":"https:\/\/www.caudete.org\/ayuntamiento\/#website","url":"https:\/\/www.caudete.org\/ayuntamiento\/","name":"MI Ayuntamiento de Caudete","description":"P\u00e1gina Oficial del MI Ayuntamiento de Caudete","potentialAction":[{"@type":"SearchAction","target":{"@type":"EntryPoint","urlTemplate":"https:\/\/www.caudete.org\/ayuntamiento\/?s={search_term_string}"},"query-input":{"@type":"PropertyValueSpecification","valueRequired":true,"valueName":"search_term_string"}}],"inLanguage":"es"},{"@type":"Person","@id":"https:\/\/www.caudete.org\/ayuntamiento\/#\/schema\/person\/7656a5bb58fca95b9814e940de0fda63","name":"Juan","image":{"@type":"ImageObject","inLanguage":"es","@id":"https:\/\/secure.gravatar.com\/avatar\/dd53e51c0cd6ab23f52d4f3e4f1c59730240727763de3dbbf26750b079a2c292?s=96&d=mm&r=g","url":"https:\/\/secure.gravatar.com\/avatar\/dd53e51c0cd6ab23f52d4f3e4f1c59730240727763de3dbbf26750b079a2c292?s=96&d=mm&r=g","contentUrl":"https:\/\/secure.gravatar.com\/avatar\/dd53e51c0cd6ab23f52d4f3e4f1c59730240727763de3dbbf26750b079a2c292?s=96&d=mm&r=g","caption":"Juan"},"url":"https:\/\/www.caudete.org\/ayuntamiento\/author\/centrodeinternet\/"}]}},"_links":{"self":[{"href":"https:\/\/www.caudete.org\/ayuntamiento\/wp-json\/wp\/v2\/posts\/17787","targetHints":{"allow":["GET"]}}],"collection":[{"href":"https:\/\/www.caudete.org\/ayuntamiento\/wp-json\/wp\/v2\/posts"}],"about":[{"href":"https:\/\/www.caudete.org\/ayuntamiento\/wp-json\/wp\/v2\/types\/post"}],"author":[{"embeddable":true,"href":"https:\/\/www.caudete.org\/ayuntamiento\/wp-json\/wp\/v2\/users\/2"}],"replies":[{"embeddable":true,"href":"https:\/\/www.caudete.org\/ayuntamiento\/wp-json\/wp\/v2\/comments?post=17787"}],"version-history":[{"count":6,"href":"https:\/\/www.caudete.org\/ayuntamiento\/wp-json\/wp\/v2\/posts\/17787\/revisions"}],"predecessor-version":[{"id":17794,"href":"https:\/\/www.caudete.org\/ayuntamiento\/wp-json\/wp\/v2\/posts\/17787\/revisions\/17794"}],"wp:featuredmedia":[{"embeddable":true,"href":"https:\/\/www.caudete.org\/ayuntamiento\/wp-json\/wp\/v2\/media\/17784"}],"wp:attachment":[{"href":"https:\/\/www.caudete.org\/ayuntamiento\/wp-json\/wp\/v2\/media?parent=17787"}],"wp:term":[{"taxonomy":"category","embeddable":true,"href":"https:\/\/www.caudete.org\/ayuntamiento\/wp-json\/wp\/v2\/categories?post=17787"},{"taxonomy":"post_tag","embeddable":true,"href":"https:\/\/www.caudete.org\/ayuntamiento\/wp-json\/wp\/v2\/tags?post=17787"}],"curies":[{"name":"wp","href":"https:\/\/api.w.org\/{rel}","templated":true}]}}