{"id":17801,"date":"2022-01-17T15:05:07","date_gmt":"2022-01-17T14:05:07","guid":{"rendered":"https:\/\/www.caudete.org\/ayuntamiento\/?p=17801"},"modified":"2022-01-17T15:05:07","modified_gmt":"2022-01-17T14:05:07","slug":"continuan-suspendidas-las-citas-programadas-del-centro-de-salud-no-las-extracciones-y-vacunas","status":"publish","type":"post","link":"https:\/\/www.caudete.org\/ayuntamiento\/continuan-suspendidas-las-citas-programadas-del-centro-de-salud-no-las-extracciones-y-vacunas\/","title":{"rendered":"Contin\u00faan suspendidas las CITAS PROGRAMADAS del Centro de Salud (no las extracciones y vacunas)"},"content":{"rendered":"<p style=\"text-align: justify;\">Inma Garc\u00eda, Concejal de Sanidad informa a la ciudadan\u00eda de la situaci\u00f3n actual que atraviesa el Centro de Salud de la localidad debido a la alta incidencia de Covid-19.<\/p>\n<p style=\"text-align: justify;\">As\u00ed pues, traslada que de nuevo, desde la Direcci\u00f3n del Centro se han tenido que cancelar todas las citas programadas de esta semana<\/p>\n<p style=\"text-align: justify;\">Ha aprovechado igualmente para trasladar p\u00fablicamente el apoyo y reconocimiento del Consistorio a los profesionales de la Sanidad en unos momentos tan delicados como los que vivimos.<\/p>\n<p style=\"text-align: justify;\">Igualmente ha pedido a los caudetanos comprensi\u00f3n y paciencia con la situaci\u00f3n, as\u00ed como m\u00e1xima prudencia y respeto en el cumplimiento de medidas sanitarias.<\/p>\n","protected":false},"excerpt":{"rendered":"<p>Inma Garc\u00eda, Concejal de Sanidad informa a la ciudadan\u00eda de la situaci\u00f3n actual que atraviesa el Centro de Salud de la localidad debido a la alta incidencia de Covid-19. As\u00ed pues, traslada que de nuevo, desde la Direcci\u00f3n del Centro se han tenido que cancelar todas las citas programadas de esta semana Ha aprovechado igualmente &hellip;<\/p>\n","protected":false},"author":3,"featured_media":17192,"comment_status":"closed","ping_status":"open","sticky":false,"template":"","format":"standard","meta":{"ngg_post_thumbnail":0,"footnotes":""},"categories":[16],"tags":[],"class_list":["post-17801","post","type-post","status-publish","format-standard","has-post-thumbnail","hentry","category-sanidad"],"yoast_head":"<!-- This site is optimized with the Yoast SEO plugin v27.5 - https:\/\/yoast.com\/product\/yoast-seo-wordpress\/ -->\n<title>Contin\u00faan suspendidas las CITAS PROGRAMADAS del Centro de Salud (no las extracciones y vacunas) - MI Ayuntamiento de Caudete<\/title>\n<meta name=\"description\" content=\"P\u00e1gina Oficial del Ayuntamiento de Caudete (Albacete)\" \/>\n<meta name=\"robots\" content=\"index, follow, max-snippet:-1, max-image-preview:large, max-video-preview:-1\" \/>\n<link rel=\"canonical\" href=\"https:\/\/www.caudete.org\/ayuntamiento\/continuan-suspendidas-las-citas-programadas-del-centro-de-salud-no-las-extracciones-y-vacunas\/\" \/>\n<meta property=\"og:locale\" content=\"es_ES\" \/>\n<meta property=\"og:type\" content=\"article\" \/>\n<meta property=\"og:title\" content=\"Contin\u00faan suspendidas las CITAS PROGRAMADAS del Centro de Salud (no las extracciones y vacunas) - MI Ayuntamiento de Caudete\" \/>\n<meta property=\"og:description\" content=\"P\u00e1gina Oficial del Ayuntamiento de Caudete (Albacete)\" \/>\n<meta property=\"og:url\" content=\"https:\/\/www.caudete.org\/ayuntamiento\/continuan-suspendidas-las-citas-programadas-del-centro-de-salud-no-las-extracciones-y-vacunas\/\" \/>\n<meta property=\"og:site_name\" content=\"MI Ayuntamiento de Caudete\" \/>\n<meta property=\"article:publisher\" content=\"https:\/\/www.facebook.com\/ayuntamientocaudete\/\" \/>\n<meta property=\"article:published_time\" content=\"2022-01-17T14:05:07+00:00\" \/>\n<meta property=\"og:image\" content=\"https:\/\/www.caudete.org\/ayuntamiento\/wp-content\/uploads\/2021\/11\/centro_salud_caudete_digital.jpg\" \/>\n\t<meta property=\"og:image:width\" content=\"640\" \/>\n\t<meta property=\"og:image:height\" content=\"342\" \/>\n\t<meta property=\"og:image:type\" content=\"image\/jpeg\" \/>\n<meta name=\"author\" content=\"alcalde\" \/>\n<meta name=\"twitter:card\" content=\"summary_large_image\" \/>\n<meta name=\"twitter:label1\" content=\"Escrito por\" \/>\n\t<meta name=\"twitter:data1\" content=\"alcalde\" \/>\n\t<meta name=\"twitter:label2\" content=\"Tiempo de lectura\" \/>\n\t<meta name=\"twitter:data2\" content=\"1 minuto\" \/>\n<script type=\"application\/ld+json\" class=\"yoast-schema-graph\">{\"@context\":\"https:\\\/\\\/schema.org\",\"@graph\":[{\"@type\":\"Article\",\"@id\":\"https:\\\/\\\/www.caudete.org\\\/ayuntamiento\\\/continuan-suspendidas-las-citas-programadas-del-centro-de-salud-no-las-extracciones-y-vacunas\\\/#article\",\"isPartOf\":{\"@id\":\"https:\\\/\\\/www.caudete.org\\\/ayuntamiento\\\/continuan-suspendidas-las-citas-programadas-del-centro-de-salud-no-las-extracciones-y-vacunas\\\/\"},\"author\":{\"name\":\"alcalde\",\"@id\":\"https:\\\/\\\/www.caudete.org\\\/ayuntamiento\\\/#\\\/schema\\\/person\\\/cc646da9133078ee4d8dd47457947253\"},\"headline\":\"Contin\u00faan suspendidas las CITAS PROGRAMADAS del Centro de Salud (no las extracciones y vacunas)\",\"datePublished\":\"2022-01-17T14:05:07+00:00\",\"mainEntityOfPage\":{\"@id\":\"https:\\\/\\\/www.caudete.org\\\/ayuntamiento\\\/continuan-suspendidas-las-citas-programadas-del-centro-de-salud-no-las-extracciones-y-vacunas\\\/\"},\"wordCount\":126,\"image\":{\"@id\":\"https:\\\/\\\/www.caudete.org\\\/ayuntamiento\\\/continuan-suspendidas-las-citas-programadas-del-centro-de-salud-no-las-extracciones-y-vacunas\\\/#primaryimage\"},\"thumbnailUrl\":\"https:\\\/\\\/www.caudete.org\\\/ayuntamiento\\\/wp-content\\\/uploads\\\/2021\\\/11\\\/centro_salud_caudete_digital.jpg\",\"articleSection\":[\"Sanidad\"],\"inLanguage\":\"es\"},{\"@type\":\"WebPage\",\"@id\":\"https:\\\/\\\/www.caudete.org\\\/ayuntamiento\\\/continuan-suspendidas-las-citas-programadas-del-centro-de-salud-no-las-extracciones-y-vacunas\\\/\",\"url\":\"https:\\\/\\\/www.caudete.org\\\/ayuntamiento\\\/continuan-suspendidas-las-citas-programadas-del-centro-de-salud-no-las-extracciones-y-vacunas\\\/\",\"name\":\"Contin\u00faan suspendidas las CITAS PROGRAMADAS del Centro de Salud (no las extracciones y vacunas) - MI Ayuntamiento de Caudete\",\"isPartOf\":{\"@id\":\"https:\\\/\\\/www.caudete.org\\\/ayuntamiento\\\/#website\"},\"primaryImageOfPage\":{\"@id\":\"https:\\\/\\\/www.caudete.org\\\/ayuntamiento\\\/continuan-suspendidas-las-citas-programadas-del-centro-de-salud-no-las-extracciones-y-vacunas\\\/#primaryimage\"},\"image\":{\"@id\":\"https:\\\/\\\/www.caudete.org\\\/ayuntamiento\\\/continuan-suspendidas-las-citas-programadas-del-centro-de-salud-no-las-extracciones-y-vacunas\\\/#primaryimage\"},\"thumbnailUrl\":\"https:\\\/\\\/www.caudete.org\\\/ayuntamiento\\\/wp-content\\\/uploads\\\/2021\\\/11\\\/centro_salud_caudete_digital.jpg\",\"datePublished\":\"2022-01-17T14:05:07+00:00\",\"author\":{\"@id\":\"https:\\\/\\\/www.caudete.org\\\/ayuntamiento\\\/#\\\/schema\\\/person\\\/cc646da9133078ee4d8dd47457947253\"},\"description\":\"P\u00e1gina Oficial del Ayuntamiento de Caudete (Albacete)\",\"breadcrumb\":{\"@id\":\"https:\\\/\\\/www.caudete.org\\\/ayuntamiento\\\/continuan-suspendidas-las-citas-programadas-del-centro-de-salud-no-las-extracciones-y-vacunas\\\/#breadcrumb\"},\"inLanguage\":\"es\",\"potentialAction\":[{\"@type\":\"ReadAction\",\"target\":[\"https:\\\/\\\/www.caudete.org\\\/ayuntamiento\\\/continuan-suspendidas-las-citas-programadas-del-centro-de-salud-no-las-extracciones-y-vacunas\\\/\"]}]},{\"@type\":\"ImageObject\",\"inLanguage\":\"es\",\"@id\":\"https:\\\/\\\/www.caudete.org\\\/ayuntamiento\\\/continuan-suspendidas-las-citas-programadas-del-centro-de-salud-no-las-extracciones-y-vacunas\\\/#primaryimage\",\"url\":\"https:\\\/\\\/www.caudete.org\\\/ayuntamiento\\\/wp-content\\\/uploads\\\/2021\\\/11\\\/centro_salud_caudete_digital.jpg\",\"contentUrl\":\"https:\\\/\\\/www.caudete.org\\\/ayuntamiento\\\/wp-content\\\/uploads\\\/2021\\\/11\\\/centro_salud_caudete_digital.jpg\",\"width\":640,\"height\":342},{\"@type\":\"BreadcrumbList\",\"@id\":\"https:\\\/\\\/www.caudete.org\\\/ayuntamiento\\\/continuan-suspendidas-las-citas-programadas-del-centro-de-salud-no-las-extracciones-y-vacunas\\\/#breadcrumb\",\"itemListElement\":[{\"@type\":\"ListItem\",\"position\":1,\"name\":\"Inicio\",\"item\":\"https:\\\/\\\/www.caudete.org\\\/ayuntamiento\\\/\"},{\"@type\":\"ListItem\",\"position\":2,\"name\":\"Contin\u00faan suspendidas las CITAS PROGRAMADAS del Centro de Salud (no las extracciones y vacunas)\"}]},{\"@type\":\"WebSite\",\"@id\":\"https:\\\/\\\/www.caudete.org\\\/ayuntamiento\\\/#website\",\"url\":\"https:\\\/\\\/www.caudete.org\\\/ayuntamiento\\\/\",\"name\":\"MI Ayuntamiento de Caudete\",\"description\":\"P\u00e1gina Oficial del MI Ayuntamiento de Caudete\",\"potentialAction\":[{\"@type\":\"SearchAction\",\"target\":{\"@type\":\"EntryPoint\",\"urlTemplate\":\"https:\\\/\\\/www.caudete.org\\\/ayuntamiento\\\/?s={search_term_string}\"},\"query-input\":{\"@type\":\"PropertyValueSpecification\",\"valueRequired\":true,\"valueName\":\"search_term_string\"}}],\"inLanguage\":\"es\"},{\"@type\":\"Person\",\"@id\":\"https:\\\/\\\/www.caudete.org\\\/ayuntamiento\\\/#\\\/schema\\\/person\\\/cc646da9133078ee4d8dd47457947253\",\"name\":\"alcalde\",\"image\":{\"@type\":\"ImageObject\",\"inLanguage\":\"es\",\"@id\":\"https:\\\/\\\/secure.gravatar.com\\\/avatar\\\/84a817ba065b29ff08d666b215a215f5c79186a645ccb25b14a663d48a130f77?s=96&d=mm&r=g\",\"url\":\"https:\\\/\\\/secure.gravatar.com\\\/avatar\\\/84a817ba065b29ff08d666b215a215f5c79186a645ccb25b14a663d48a130f77?s=96&d=mm&r=g\",\"contentUrl\":\"https:\\\/\\\/secure.gravatar.com\\\/avatar\\\/84a817ba065b29ff08d666b215a215f5c79186a645ccb25b14a663d48a130f77?s=96&d=mm&r=g\",\"caption\":\"alcalde\"},\"url\":\"https:\\\/\\\/www.caudete.org\\\/ayuntamiento\\\/author\\\/alcalde\\\/\"}]}<\/script>\n<!-- \/ Yoast SEO plugin. -->","yoast_head_json":{"title":"Contin\u00faan suspendidas las CITAS PROGRAMADAS del Centro de Salud (no las extracciones y vacunas) - MI Ayuntamiento de Caudete","description":"P\u00e1gina Oficial del Ayuntamiento de Caudete (Albacete)","robots":{"index":"index","follow":"follow","max-snippet":"max-snippet:-1","max-image-preview":"max-image-preview:large","max-video-preview":"max-video-preview:-1"},"canonical":"https:\/\/www.caudete.org\/ayuntamiento\/continuan-suspendidas-las-citas-programadas-del-centro-de-salud-no-las-extracciones-y-vacunas\/","og_locale":"es_ES","og_type":"article","og_title":"Contin\u00faan suspendidas las CITAS PROGRAMADAS del Centro de Salud (no las extracciones y vacunas) - MI Ayuntamiento de Caudete","og_description":"P\u00e1gina Oficial del Ayuntamiento de Caudete (Albacete)","og_url":"https:\/\/www.caudete.org\/ayuntamiento\/continuan-suspendidas-las-citas-programadas-del-centro-de-salud-no-las-extracciones-y-vacunas\/","og_site_name":"MI Ayuntamiento de Caudete","article_publisher":"https:\/\/www.facebook.com\/ayuntamientocaudete\/","article_published_time":"2022-01-17T14:05:07+00:00","og_image":[{"width":640,"height":342,"url":"https:\/\/www.caudete.org\/ayuntamiento\/wp-content\/uploads\/2021\/11\/centro_salud_caudete_digital.jpg","type":"image\/jpeg"}],"author":"alcalde","twitter_card":"summary_large_image","twitter_misc":{"Escrito por":"alcalde","Tiempo de lectura":"1 minuto"},"schema":{"@context":"https:\/\/schema.org","@graph":[{"@type":"Article","@id":"https:\/\/www.caudete.org\/ayuntamiento\/continuan-suspendidas-las-citas-programadas-del-centro-de-salud-no-las-extracciones-y-vacunas\/#article","isPartOf":{"@id":"https:\/\/www.caudete.org\/ayuntamiento\/continuan-suspendidas-las-citas-programadas-del-centro-de-salud-no-las-extracciones-y-vacunas\/"},"author":{"name":"alcalde","@id":"https:\/\/www.caudete.org\/ayuntamiento\/#\/schema\/person\/cc646da9133078ee4d8dd47457947253"},"headline":"Contin\u00faan suspendidas las CITAS PROGRAMADAS del Centro de Salud (no las extracciones y vacunas)","datePublished":"2022-01-17T14:05:07+00:00","mainEntityOfPage":{"@id":"https:\/\/www.caudete.org\/ayuntamiento\/continuan-suspendidas-las-citas-programadas-del-centro-de-salud-no-las-extracciones-y-vacunas\/"},"wordCount":126,"image":{"@id":"https:\/\/www.caudete.org\/ayuntamiento\/continuan-suspendidas-las-citas-programadas-del-centro-de-salud-no-las-extracciones-y-vacunas\/#primaryimage"},"thumbnailUrl":"https:\/\/www.caudete.org\/ayuntamiento\/wp-content\/uploads\/2021\/11\/centro_salud_caudete_digital.jpg","articleSection":["Sanidad"],"inLanguage":"es"},{"@type":"WebPage","@id":"https:\/\/www.caudete.org\/ayuntamiento\/continuan-suspendidas-las-citas-programadas-del-centro-de-salud-no-las-extracciones-y-vacunas\/","url":"https:\/\/www.caudete.org\/ayuntamiento\/continuan-suspendidas-las-citas-programadas-del-centro-de-salud-no-las-extracciones-y-vacunas\/","name":"Contin\u00faan suspendidas las CITAS PROGRAMADAS del Centro de Salud (no las extracciones y vacunas) - MI Ayuntamiento de Caudete","isPartOf":{"@id":"https:\/\/www.caudete.org\/ayuntamiento\/#website"},"primaryImageOfPage":{"@id":"https:\/\/www.caudete.org\/ayuntamiento\/continuan-suspendidas-las-citas-programadas-del-centro-de-salud-no-las-extracciones-y-vacunas\/#primaryimage"},"image":{"@id":"https:\/\/www.caudete.org\/ayuntamiento\/continuan-suspendidas-las-citas-programadas-del-centro-de-salud-no-las-extracciones-y-vacunas\/#primaryimage"},"thumbnailUrl":"https:\/\/www.caudete.org\/ayuntamiento\/wp-content\/uploads\/2021\/11\/centro_salud_caudete_digital.jpg","datePublished":"2022-01-17T14:05:07+00:00","author":{"@id":"https:\/\/www.caudete.org\/ayuntamiento\/#\/schema\/person\/cc646da9133078ee4d8dd47457947253"},"description":"P\u00e1gina Oficial del Ayuntamiento de Caudete (Albacete)","breadcrumb":{"@id":"https:\/\/www.caudete.org\/ayuntamiento\/continuan-suspendidas-las-citas-programadas-del-centro-de-salud-no-las-extracciones-y-vacunas\/#breadcrumb"},"inLanguage":"es","potentialAction":[{"@type":"ReadAction","target":["https:\/\/www.caudete.org\/ayuntamiento\/continuan-suspendidas-las-citas-programadas-del-centro-de-salud-no-las-extracciones-y-vacunas\/"]}]},{"@type":"ImageObject","inLanguage":"es","@id":"https:\/\/www.caudete.org\/ayuntamiento\/continuan-suspendidas-las-citas-programadas-del-centro-de-salud-no-las-extracciones-y-vacunas\/#primaryimage","url":"https:\/\/www.caudete.org\/ayuntamiento\/wp-content\/uploads\/2021\/11\/centro_salud_caudete_digital.jpg","contentUrl":"https:\/\/www.caudete.org\/ayuntamiento\/wp-content\/uploads\/2021\/11\/centro_salud_caudete_digital.jpg","width":640,"height":342},{"@type":"BreadcrumbList","@id":"https:\/\/www.caudete.org\/ayuntamiento\/continuan-suspendidas-las-citas-programadas-del-centro-de-salud-no-las-extracciones-y-vacunas\/#breadcrumb","itemListElement":[{"@type":"ListItem","position":1,"name":"Inicio","item":"https:\/\/www.caudete.org\/ayuntamiento\/"},{"@type":"ListItem","position":2,"name":"Contin\u00faan suspendidas las CITAS PROGRAMADAS del Centro de Salud (no las extracciones y vacunas)"}]},{"@type":"WebSite","@id":"https:\/\/www.caudete.org\/ayuntamiento\/#website","url":"https:\/\/www.caudete.org\/ayuntamiento\/","name":"MI Ayuntamiento de Caudete","description":"P\u00e1gina Oficial del MI Ayuntamiento de Caudete","potentialAction":[{"@type":"SearchAction","target":{"@type":"EntryPoint","urlTemplate":"https:\/\/www.caudete.org\/ayuntamiento\/?s={search_term_string}"},"query-input":{"@type":"PropertyValueSpecification","valueRequired":true,"valueName":"search_term_string"}}],"inLanguage":"es"},{"@type":"Person","@id":"https:\/\/www.caudete.org\/ayuntamiento\/#\/schema\/person\/cc646da9133078ee4d8dd47457947253","name":"alcalde","image":{"@type":"ImageObject","inLanguage":"es","@id":"https:\/\/secure.gravatar.com\/avatar\/84a817ba065b29ff08d666b215a215f5c79186a645ccb25b14a663d48a130f77?s=96&d=mm&r=g","url":"https:\/\/secure.gravatar.com\/avatar\/84a817ba065b29ff08d666b215a215f5c79186a645ccb25b14a663d48a130f77?s=96&d=mm&r=g","contentUrl":"https:\/\/secure.gravatar.com\/avatar\/84a817ba065b29ff08d666b215a215f5c79186a645ccb25b14a663d48a130f77?s=96&d=mm&r=g","caption":"alcalde"},"url":"https:\/\/www.caudete.org\/ayuntamiento\/author\/alcalde\/"}]}},"_links":{"self":[{"href":"https:\/\/www.caudete.org\/ayuntamiento\/wp-json\/wp\/v2\/posts\/17801","targetHints":{"allow":["GET"]}}],"collection":[{"href":"https:\/\/www.caudete.org\/ayuntamiento\/wp-json\/wp\/v2\/posts"}],"about":[{"href":"https:\/\/www.caudete.org\/ayuntamiento\/wp-json\/wp\/v2\/types\/post"}],"author":[{"embeddable":true,"href":"https:\/\/www.caudete.org\/ayuntamiento\/wp-json\/wp\/v2\/users\/3"}],"replies":[{"embeddable":true,"href":"https:\/\/www.caudete.org\/ayuntamiento\/wp-json\/wp\/v2\/comments?post=17801"}],"version-history":[{"count":1,"href":"https:\/\/www.caudete.org\/ayuntamiento\/wp-json\/wp\/v2\/posts\/17801\/revisions"}],"predecessor-version":[{"id":17802,"href":"https:\/\/www.caudete.org\/ayuntamiento\/wp-json\/wp\/v2\/posts\/17801\/revisions\/17802"}],"wp:featuredmedia":[{"embeddable":true,"href":"https:\/\/www.caudete.org\/ayuntamiento\/wp-json\/wp\/v2\/media\/17192"}],"wp:attachment":[{"href":"https:\/\/www.caudete.org\/ayuntamiento\/wp-json\/wp\/v2\/media?parent=17801"}],"wp:term":[{"taxonomy":"category","embeddable":true,"href":"https:\/\/www.caudete.org\/ayuntamiento\/wp-json\/wp\/v2\/categories?post=17801"},{"taxonomy":"post_tag","embeddable":true,"href":"https:\/\/www.caudete.org\/ayuntamiento\/wp-json\/wp\/v2\/tags?post=17801"}],"curies":[{"name":"wp","href":"https:\/\/api.w.org\/{rel}","templated":true}]}}