{"id":17806,"date":"2022-01-17T20:16:18","date_gmt":"2022-01-17T19:16:18","guid":{"rendered":"https:\/\/www.caudete.org\/ayuntamiento\/?p=17806"},"modified":"2022-01-19T13:41:59","modified_gmt":"2022-01-19T12:41:59","slug":"finalizada-la-1afase-de-asfalto-de-2021-2022-por-36-363e","status":"publish","type":"post","link":"https:\/\/www.caudete.org\/ayuntamiento\/finalizada-la-1afase-de-asfalto-de-2021-2022-por-36-363e\/","title":{"rendered":"Finalizada la 1\u00aaFase de Asfalto de 2021-2022, por 36.363\u20ac"},"content":{"rendered":"<p style=\"text-align: justify;\">La pasada semana, una vez iniciada la actividad tras el periodo Navide\u00f1o, arrancaba y conclu\u00eda la 1\u00aa Fase de Asfalto que el Gobierno Municipal, por medio de la Concejal\u00eda de Movilidad ha programado para el a\u00f1o 2022.<\/p>\n<p style=\"text-align: justify;\">Fue en febrero de 2021 donde se empez\u00f3 a trabajar en el proyecto definiendo las zonas donde actuar, tomando fotograf\u00edas, midiendo y priorizando. Luego vinieron fases de habilitar cr\u00e9dito presupuestario, redacci\u00f3n de documentaci\u00f3n t\u00e9cnica y administrativa, pasando por la Licitaci\u00f3n de las obras, y la adjudicaci\u00f3n de las mismas.<\/p>\n<p style=\"text-align: justify;\">Se destinaron 240.000 \u20ac para asfaltar 23.000 m<sup>2<\/sup>, produci\u00e9ndose una baja en el proceso de licitaci\u00f3n por importe de 43.000\u20ac, cantidad con la que se decidi\u00f3 licitar un segundo contrato de asfalto, ampliando nuevas zonas donde continuar mejorando las calles de Caudete. Este segundo contrato result\u00f3 adjudicado por 36.363 \u20ac a la empresa &#8220;Asfaltos AMARO&#8221;.<\/p>\n<p style=\"text-align: justify;\">La primera fase de asfalto que se ha ejecutado esta semana ha sido la correspondiente a este segundo contrato. Concretamente las zonas donde se ha actuado son:<\/p>\n<ul>\n<li style=\"text-align: justify;\">Tramo final de la Calle El Molino hasta su intersecci\u00f3n con Calle Ruiz Alc\u00e1zar.<\/li>\n<li style=\"text-align: justify;\">Cruce entre Calle Atleta Antonio Amor\u00f3s con Avenida Miguel \u00c1ngel Blanco.<\/li>\n<li style=\"text-align: justify;\">Varios parches en la Avenida de Valencia.<\/li>\n<li style=\"text-align: justify;\">Tramo de vial que une la Rotonda del Molino con el Matadero y San Ant\u00f3n.<\/li>\n<li style=\"text-align: justify;\">Y por \u00faltimo queda pendiente de ejecuci\u00f3n la ampliaci\u00f3n del ancho del Camino de La Encina, llamado &#8220;Camino de Fuente la Higuera&#8221;.<\/li>\n<\/ul>\n<p>&nbsp;<\/p>\n<p><a href=\"https:\/\/www.caudete.org\/ayuntamiento\/wp-content\/uploads\/2022\/01\/WhatsApp-Image-2022-01-15-at-11.59.48-2-1.jpeg\" rel='prettyPhoto'><img fetchpriority=\"high\" decoding=\"async\" class=\"alignnone wp-image-17818 size-medium\" src=\"https:\/\/www.caudete.org\/ayuntamiento\/wp-content\/uploads\/2022\/01\/WhatsApp-Image-2022-01-15-at-11.59.48-2-1-300x225.jpeg\" alt=\"\" width=\"300\" height=\"225\" srcset=\"https:\/\/www.caudete.org\/ayuntamiento\/wp-content\/uploads\/2022\/01\/WhatsApp-Image-2022-01-15-at-11.59.48-2-1-300x225.jpeg 300w, https:\/\/www.caudete.org\/ayuntamiento\/wp-content\/uploads\/2022\/01\/WhatsApp-Image-2022-01-15-at-11.59.48-2-1-1024x768.jpeg 1024w, https:\/\/www.caudete.org\/ayuntamiento\/wp-content\/uploads\/2022\/01\/WhatsApp-Image-2022-01-15-at-11.59.48-2-1-768x576.jpeg 768w, https:\/\/www.caudete.org\/ayuntamiento\/wp-content\/uploads\/2022\/01\/WhatsApp-Image-2022-01-15-at-11.59.48-2-1-1536x1152.jpeg 1536w, https:\/\/www.caudete.org\/ayuntamiento\/wp-content\/uploads\/2022\/01\/WhatsApp-Image-2022-01-15-at-11.59.48-2-1.jpeg 2048w\" sizes=\"(max-width: 300px) 100vw, 300px\" \/><\/a> <a href=\"https:\/\/www.caudete.org\/ayuntamiento\/wp-content\/uploads\/2022\/01\/WhatsApp-Image-2022-01-15-at-11.59.47-2.jpeg\" rel='prettyPhoto'><img decoding=\"async\" class=\"alignnone wp-image-17819 size-medium\" src=\"https:\/\/www.caudete.org\/ayuntamiento\/wp-content\/uploads\/2022\/01\/WhatsApp-Image-2022-01-15-at-11.59.47-2-300x225.jpeg\" alt=\"\" width=\"300\" height=\"225\" srcset=\"https:\/\/www.caudete.org\/ayuntamiento\/wp-content\/uploads\/2022\/01\/WhatsApp-Image-2022-01-15-at-11.59.47-2-300x225.jpeg 300w, https:\/\/www.caudete.org\/ayuntamiento\/wp-content\/uploads\/2022\/01\/WhatsApp-Image-2022-01-15-at-11.59.47-2-1024x768.jpeg 1024w, https:\/\/www.caudete.org\/ayuntamiento\/wp-content\/uploads\/2022\/01\/WhatsApp-Image-2022-01-15-at-11.59.47-2-768x576.jpeg 768w, https:\/\/www.caudete.org\/ayuntamiento\/wp-content\/uploads\/2022\/01\/WhatsApp-Image-2022-01-15-at-11.59.47-2-1536x1152.jpeg 1536w, https:\/\/www.caudete.org\/ayuntamiento\/wp-content\/uploads\/2022\/01\/WhatsApp-Image-2022-01-15-at-11.59.47-2.jpeg 2048w\" sizes=\"(max-width: 300px) 100vw, 300px\" \/><\/a> <a href=\"https:\/\/www.caudete.org\/ayuntamiento\/wp-content\/uploads\/2022\/01\/WhatsApp-Image-2022-01-15-at-12.00.22-1.jpeg\" rel='prettyPhoto'><img decoding=\"async\" class=\"alignnone wp-image-17820 size-medium\" src=\"https:\/\/www.caudete.org\/ayuntamiento\/wp-content\/uploads\/2022\/01\/WhatsApp-Image-2022-01-15-at-12.00.22-1-300x225.jpeg\" alt=\"\" width=\"300\" height=\"225\" srcset=\"https:\/\/www.caudete.org\/ayuntamiento\/wp-content\/uploads\/2022\/01\/WhatsApp-Image-2022-01-15-at-12.00.22-1-300x225.jpeg 300w, https:\/\/www.caudete.org\/ayuntamiento\/wp-content\/uploads\/2022\/01\/WhatsApp-Image-2022-01-15-at-12.00.22-1-1024x768.jpeg 1024w, https:\/\/www.caudete.org\/ayuntamiento\/wp-content\/uploads\/2022\/01\/WhatsApp-Image-2022-01-15-at-12.00.22-1-768x576.jpeg 768w, https:\/\/www.caudete.org\/ayuntamiento\/wp-content\/uploads\/2022\/01\/WhatsApp-Image-2022-01-15-at-12.00.22-1-1536x1152.jpeg 1536w, https:\/\/www.caudete.org\/ayuntamiento\/wp-content\/uploads\/2022\/01\/WhatsApp-Image-2022-01-15-at-12.00.22-1.jpeg 2048w\" sizes=\"(max-width: 300px) 100vw, 300px\" \/><\/a> <a href=\"https:\/\/www.caudete.org\/ayuntamiento\/wp-content\/uploads\/2022\/01\/WhatsApp-Image-2022-01-15-at-11.59.49-2-1.jpeg\" rel='prettyPhoto'><img loading=\"lazy\" decoding=\"async\" class=\"alignnone wp-image-17821 size-medium\" src=\"https:\/\/www.caudete.org\/ayuntamiento\/wp-content\/uploads\/2022\/01\/WhatsApp-Image-2022-01-15-at-11.59.49-2-1-300x225.jpeg\" alt=\"\" width=\"300\" height=\"225\" srcset=\"https:\/\/www.caudete.org\/ayuntamiento\/wp-content\/uploads\/2022\/01\/WhatsApp-Image-2022-01-15-at-11.59.49-2-1-300x225.jpeg 300w, https:\/\/www.caudete.org\/ayuntamiento\/wp-content\/uploads\/2022\/01\/WhatsApp-Image-2022-01-15-at-11.59.49-2-1-1024x768.jpeg 1024w, https:\/\/www.caudete.org\/ayuntamiento\/wp-content\/uploads\/2022\/01\/WhatsApp-Image-2022-01-15-at-11.59.49-2-1-768x576.jpeg 768w, https:\/\/www.caudete.org\/ayuntamiento\/wp-content\/uploads\/2022\/01\/WhatsApp-Image-2022-01-15-at-11.59.49-2-1-1536x1152.jpeg 1536w, https:\/\/www.caudete.org\/ayuntamiento\/wp-content\/uploads\/2022\/01\/WhatsApp-Image-2022-01-15-at-11.59.49-2-1.jpeg 2048w\" sizes=\"(max-width: 300px) 100vw, 300px\" \/><\/a> <a href=\"https:\/\/www.caudete.org\/ayuntamiento\/wp-content\/uploads\/2022\/01\/WhatsApp-Image-2022-01-15-at-11.59.49-1-1.jpeg\" rel='prettyPhoto'><img loading=\"lazy\" decoding=\"async\" class=\"alignnone wp-image-17822 size-medium\" src=\"https:\/\/www.caudete.org\/ayuntamiento\/wp-content\/uploads\/2022\/01\/WhatsApp-Image-2022-01-15-at-11.59.49-1-1-300x225.jpeg\" alt=\"\" width=\"300\" height=\"225\" srcset=\"https:\/\/www.caudete.org\/ayuntamiento\/wp-content\/uploads\/2022\/01\/WhatsApp-Image-2022-01-15-at-11.59.49-1-1-300x225.jpeg 300w, https:\/\/www.caudete.org\/ayuntamiento\/wp-content\/uploads\/2022\/01\/WhatsApp-Image-2022-01-15-at-11.59.49-1-1-1024x768.jpeg 1024w, https:\/\/www.caudete.org\/ayuntamiento\/wp-content\/uploads\/2022\/01\/WhatsApp-Image-2022-01-15-at-11.59.49-1-1-768x576.jpeg 768w, https:\/\/www.caudete.org\/ayuntamiento\/wp-content\/uploads\/2022\/01\/WhatsApp-Image-2022-01-15-at-11.59.49-1-1-1536x1152.jpeg 1536w, https:\/\/www.caudete.org\/ayuntamiento\/wp-content\/uploads\/2022\/01\/WhatsApp-Image-2022-01-15-at-11.59.49-1-1.jpeg 2048w\" sizes=\"(max-width: 300px) 100vw, 300px\" \/><\/a> <a href=\"https:\/\/www.caudete.org\/ayuntamiento\/wp-content\/uploads\/2022\/01\/WhatsApp-Image-2022-01-15-at-11.59.49-3.jpeg\" rel='prettyPhoto'><img loading=\"lazy\" decoding=\"async\" class=\"alignnone wp-image-17823 size-medium\" src=\"https:\/\/www.caudete.org\/ayuntamiento\/wp-content\/uploads\/2022\/01\/WhatsApp-Image-2022-01-15-at-11.59.49-3-300x225.jpeg\" alt=\"\" width=\"300\" height=\"225\" srcset=\"https:\/\/www.caudete.org\/ayuntamiento\/wp-content\/uploads\/2022\/01\/WhatsApp-Image-2022-01-15-at-11.59.49-3-300x225.jpeg 300w, https:\/\/www.caudete.org\/ayuntamiento\/wp-content\/uploads\/2022\/01\/WhatsApp-Image-2022-01-15-at-11.59.49-3-1024x768.jpeg 1024w, https:\/\/www.caudete.org\/ayuntamiento\/wp-content\/uploads\/2022\/01\/WhatsApp-Image-2022-01-15-at-11.59.49-3-768x576.jpeg 768w, https:\/\/www.caudete.org\/ayuntamiento\/wp-content\/uploads\/2022\/01\/WhatsApp-Image-2022-01-15-at-11.59.49-3-1536x1152.jpeg 1536w, https:\/\/www.caudete.org\/ayuntamiento\/wp-content\/uploads\/2022\/01\/WhatsApp-Image-2022-01-15-at-11.59.49-3.jpeg 2048w\" sizes=\"(max-width: 300px) 100vw, 300px\" \/><\/a><\/p>\n","protected":false},"excerpt":{"rendered":"<p>La pasada semana, una vez iniciada la actividad tras el periodo Navide\u00f1o, arrancaba y conclu\u00eda la 1\u00aa Fase de Asfalto que el Gobierno Municipal, por medio de la Concejal\u00eda de Movilidad ha programado para el a\u00f1o 2022. Fue en febrero de 2021 donde se empez\u00f3 a trabajar en el proyecto definiendo las zonas donde actuar, &hellip;<\/p>\n","protected":false},"author":3,"featured_media":17816,"comment_status":"closed","ping_status":"open","sticky":false,"template":"","format":"standard","meta":{"ngg_post_thumbnail":0,"footnotes":""},"categories":[46],"tags":[],"class_list":["post-17806","post","type-post","status-publish","format-standard","has-post-thumbnail","hentry","category-movilidad-urbana"],"yoast_head":"<!-- This site is optimized with the Yoast SEO plugin v27.5 - https:\/\/yoast.com\/product\/yoast-seo-wordpress\/ -->\n<title>Finalizada la 1\u00aaFase de Asfalto de 2021-2022, por 36.363\u20ac - MI Ayuntamiento de Caudete<\/title>\n<meta name=\"description\" content=\"P\u00e1gina Oficial del Ayuntamiento de Caudete (Albacete)\" \/>\n<meta name=\"robots\" content=\"index, follow, max-snippet:-1, max-image-preview:large, max-video-preview:-1\" \/>\n<link rel=\"canonical\" href=\"https:\/\/www.caudete.org\/ayuntamiento\/finalizada-la-1afase-de-asfalto-de-2021-2022-por-36-363e\/\" \/>\n<meta property=\"og:locale\" content=\"es_ES\" \/>\n<meta property=\"og:type\" content=\"article\" \/>\n<meta property=\"og:title\" content=\"Finalizada la 1\u00aaFase de Asfalto de 2021-2022, por 36.363\u20ac - MI Ayuntamiento de Caudete\" \/>\n<meta property=\"og:description\" content=\"P\u00e1gina Oficial del Ayuntamiento de Caudete (Albacete)\" \/>\n<meta property=\"og:url\" content=\"https:\/\/www.caudete.org\/ayuntamiento\/finalizada-la-1afase-de-asfalto-de-2021-2022-por-36-363e\/\" \/>\n<meta property=\"og:site_name\" content=\"MI Ayuntamiento de Caudete\" \/>\n<meta property=\"article:publisher\" content=\"https:\/\/www.facebook.com\/ayuntamientocaudete\/\" \/>\n<meta property=\"article:published_time\" content=\"2022-01-17T19:16:18+00:00\" \/>\n<meta property=\"article:modified_time\" content=\"2022-01-19T12:41:59+00:00\" \/>\n<meta property=\"og:image\" content=\"https:\/\/www.caudete.org\/ayuntamiento\/wp-content\/uploads\/2022\/01\/WhatsApp-Image-2022-01-15-at-11.59.48-1.jpeg\" \/>\n\t<meta property=\"og:image:width\" content=\"2048\" \/>\n\t<meta property=\"og:image:height\" content=\"1536\" \/>\n\t<meta property=\"og:image:type\" content=\"image\/jpeg\" \/>\n<meta name=\"author\" content=\"alcalde\" \/>\n<meta name=\"twitter:card\" content=\"summary_large_image\" \/>\n<meta name=\"twitter:label1\" content=\"Escrito por\" \/>\n\t<meta name=\"twitter:data1\" content=\"alcalde\" \/>\n\t<meta name=\"twitter:label2\" content=\"Tiempo de lectura\" \/>\n\t<meta name=\"twitter:data2\" content=\"3 minutos\" \/>\n<script type=\"application\/ld+json\" class=\"yoast-schema-graph\">{\"@context\":\"https:\\\/\\\/schema.org\",\"@graph\":[{\"@type\":\"Article\",\"@id\":\"https:\\\/\\\/www.caudete.org\\\/ayuntamiento\\\/finalizada-la-1afase-de-asfalto-de-2021-2022-por-36-363e\\\/#article\",\"isPartOf\":{\"@id\":\"https:\\\/\\\/www.caudete.org\\\/ayuntamiento\\\/finalizada-la-1afase-de-asfalto-de-2021-2022-por-36-363e\\\/\"},\"author\":{\"name\":\"alcalde\",\"@id\":\"https:\\\/\\\/www.caudete.org\\\/ayuntamiento\\\/#\\\/schema\\\/person\\\/cc646da9133078ee4d8dd47457947253\"},\"headline\":\"Finalizada la 1\u00aaFase de Asfalto de 2021-2022, por 36.363\u20ac\",\"datePublished\":\"2022-01-17T19:16:18+00:00\",\"dateModified\":\"2022-01-19T12:41:59+00:00\",\"mainEntityOfPage\":{\"@id\":\"https:\\\/\\\/www.caudete.org\\\/ayuntamiento\\\/finalizada-la-1afase-de-asfalto-de-2021-2022-por-36-363e\\\/\"},\"wordCount\":256,\"image\":{\"@id\":\"https:\\\/\\\/www.caudete.org\\\/ayuntamiento\\\/finalizada-la-1afase-de-asfalto-de-2021-2022-por-36-363e\\\/#primaryimage\"},\"thumbnailUrl\":\"https:\\\/\\\/www.caudete.org\\\/ayuntamiento\\\/wp-content\\\/uploads\\\/2022\\\/01\\\/WhatsApp-Image-2022-01-15-at-11.59.48-1.jpeg\",\"articleSection\":[\"Movilidad Urbana\"],\"inLanguage\":\"es\"},{\"@type\":\"WebPage\",\"@id\":\"https:\\\/\\\/www.caudete.org\\\/ayuntamiento\\\/finalizada-la-1afase-de-asfalto-de-2021-2022-por-36-363e\\\/\",\"url\":\"https:\\\/\\\/www.caudete.org\\\/ayuntamiento\\\/finalizada-la-1afase-de-asfalto-de-2021-2022-por-36-363e\\\/\",\"name\":\"Finalizada la 1\u00aaFase de Asfalto de 2021-2022, por 36.363\u20ac - MI Ayuntamiento de Caudete\",\"isPartOf\":{\"@id\":\"https:\\\/\\\/www.caudete.org\\\/ayuntamiento\\\/#website\"},\"primaryImageOfPage\":{\"@id\":\"https:\\\/\\\/www.caudete.org\\\/ayuntamiento\\\/finalizada-la-1afase-de-asfalto-de-2021-2022-por-36-363e\\\/#primaryimage\"},\"image\":{\"@id\":\"https:\\\/\\\/www.caudete.org\\\/ayuntamiento\\\/finalizada-la-1afase-de-asfalto-de-2021-2022-por-36-363e\\\/#primaryimage\"},\"thumbnailUrl\":\"https:\\\/\\\/www.caudete.org\\\/ayuntamiento\\\/wp-content\\\/uploads\\\/2022\\\/01\\\/WhatsApp-Image-2022-01-15-at-11.59.48-1.jpeg\",\"datePublished\":\"2022-01-17T19:16:18+00:00\",\"dateModified\":\"2022-01-19T12:41:59+00:00\",\"author\":{\"@id\":\"https:\\\/\\\/www.caudete.org\\\/ayuntamiento\\\/#\\\/schema\\\/person\\\/cc646da9133078ee4d8dd47457947253\"},\"description\":\"P\u00e1gina Oficial del Ayuntamiento de Caudete (Albacete)\",\"breadcrumb\":{\"@id\":\"https:\\\/\\\/www.caudete.org\\\/ayuntamiento\\\/finalizada-la-1afase-de-asfalto-de-2021-2022-por-36-363e\\\/#breadcrumb\"},\"inLanguage\":\"es\",\"potentialAction\":[{\"@type\":\"ReadAction\",\"target\":[\"https:\\\/\\\/www.caudete.org\\\/ayuntamiento\\\/finalizada-la-1afase-de-asfalto-de-2021-2022-por-36-363e\\\/\"]}]},{\"@type\":\"ImageObject\",\"inLanguage\":\"es\",\"@id\":\"https:\\\/\\\/www.caudete.org\\\/ayuntamiento\\\/finalizada-la-1afase-de-asfalto-de-2021-2022-por-36-363e\\\/#primaryimage\",\"url\":\"https:\\\/\\\/www.caudete.org\\\/ayuntamiento\\\/wp-content\\\/uploads\\\/2022\\\/01\\\/WhatsApp-Image-2022-01-15-at-11.59.48-1.jpeg\",\"contentUrl\":\"https:\\\/\\\/www.caudete.org\\\/ayuntamiento\\\/wp-content\\\/uploads\\\/2022\\\/01\\\/WhatsApp-Image-2022-01-15-at-11.59.48-1.jpeg\",\"width\":2048,\"height\":1536},{\"@type\":\"BreadcrumbList\",\"@id\":\"https:\\\/\\\/www.caudete.org\\\/ayuntamiento\\\/finalizada-la-1afase-de-asfalto-de-2021-2022-por-36-363e\\\/#breadcrumb\",\"itemListElement\":[{\"@type\":\"ListItem\",\"position\":1,\"name\":\"Inicio\",\"item\":\"https:\\\/\\\/www.caudete.org\\\/ayuntamiento\\\/\"},{\"@type\":\"ListItem\",\"position\":2,\"name\":\"Finalizada la 1\u00aaFase de Asfalto de 2021-2022, por 36.363\u20ac\"}]},{\"@type\":\"WebSite\",\"@id\":\"https:\\\/\\\/www.caudete.org\\\/ayuntamiento\\\/#website\",\"url\":\"https:\\\/\\\/www.caudete.org\\\/ayuntamiento\\\/\",\"name\":\"MI Ayuntamiento de Caudete\",\"description\":\"P\u00e1gina Oficial del MI Ayuntamiento de Caudete\",\"potentialAction\":[{\"@type\":\"SearchAction\",\"target\":{\"@type\":\"EntryPoint\",\"urlTemplate\":\"https:\\\/\\\/www.caudete.org\\\/ayuntamiento\\\/?s={search_term_string}\"},\"query-input\":{\"@type\":\"PropertyValueSpecification\",\"valueRequired\":true,\"valueName\":\"search_term_string\"}}],\"inLanguage\":\"es\"},{\"@type\":\"Person\",\"@id\":\"https:\\\/\\\/www.caudete.org\\\/ayuntamiento\\\/#\\\/schema\\\/person\\\/cc646da9133078ee4d8dd47457947253\",\"name\":\"alcalde\",\"image\":{\"@type\":\"ImageObject\",\"inLanguage\":\"es\",\"@id\":\"https:\\\/\\\/secure.gravatar.com\\\/avatar\\\/84a817ba065b29ff08d666b215a215f5c79186a645ccb25b14a663d48a130f77?s=96&d=mm&r=g\",\"url\":\"https:\\\/\\\/secure.gravatar.com\\\/avatar\\\/84a817ba065b29ff08d666b215a215f5c79186a645ccb25b14a663d48a130f77?s=96&d=mm&r=g\",\"contentUrl\":\"https:\\\/\\\/secure.gravatar.com\\\/avatar\\\/84a817ba065b29ff08d666b215a215f5c79186a645ccb25b14a663d48a130f77?s=96&d=mm&r=g\",\"caption\":\"alcalde\"},\"url\":\"https:\\\/\\\/www.caudete.org\\\/ayuntamiento\\\/author\\\/alcalde\\\/\"}]}<\/script>\n<!-- \/ Yoast SEO plugin. -->","yoast_head_json":{"title":"Finalizada la 1\u00aaFase de Asfalto de 2021-2022, por 36.363\u20ac - MI Ayuntamiento de Caudete","description":"P\u00e1gina Oficial del Ayuntamiento de Caudete (Albacete)","robots":{"index":"index","follow":"follow","max-snippet":"max-snippet:-1","max-image-preview":"max-image-preview:large","max-video-preview":"max-video-preview:-1"},"canonical":"https:\/\/www.caudete.org\/ayuntamiento\/finalizada-la-1afase-de-asfalto-de-2021-2022-por-36-363e\/","og_locale":"es_ES","og_type":"article","og_title":"Finalizada la 1\u00aaFase de Asfalto de 2021-2022, por 36.363\u20ac - MI Ayuntamiento de Caudete","og_description":"P\u00e1gina Oficial del Ayuntamiento de Caudete (Albacete)","og_url":"https:\/\/www.caudete.org\/ayuntamiento\/finalizada-la-1afase-de-asfalto-de-2021-2022-por-36-363e\/","og_site_name":"MI Ayuntamiento de Caudete","article_publisher":"https:\/\/www.facebook.com\/ayuntamientocaudete\/","article_published_time":"2022-01-17T19:16:18+00:00","article_modified_time":"2022-01-19T12:41:59+00:00","og_image":[{"width":2048,"height":1536,"url":"https:\/\/www.caudete.org\/ayuntamiento\/wp-content\/uploads\/2022\/01\/WhatsApp-Image-2022-01-15-at-11.59.48-1.jpeg","type":"image\/jpeg"}],"author":"alcalde","twitter_card":"summary_large_image","twitter_misc":{"Escrito por":"alcalde","Tiempo de lectura":"3 minutos"},"schema":{"@context":"https:\/\/schema.org","@graph":[{"@type":"Article","@id":"https:\/\/www.caudete.org\/ayuntamiento\/finalizada-la-1afase-de-asfalto-de-2021-2022-por-36-363e\/#article","isPartOf":{"@id":"https:\/\/www.caudete.org\/ayuntamiento\/finalizada-la-1afase-de-asfalto-de-2021-2022-por-36-363e\/"},"author":{"name":"alcalde","@id":"https:\/\/www.caudete.org\/ayuntamiento\/#\/schema\/person\/cc646da9133078ee4d8dd47457947253"},"headline":"Finalizada la 1\u00aaFase de Asfalto de 2021-2022, por 36.363\u20ac","datePublished":"2022-01-17T19:16:18+00:00","dateModified":"2022-01-19T12:41:59+00:00","mainEntityOfPage":{"@id":"https:\/\/www.caudete.org\/ayuntamiento\/finalizada-la-1afase-de-asfalto-de-2021-2022-por-36-363e\/"},"wordCount":256,"image":{"@id":"https:\/\/www.caudete.org\/ayuntamiento\/finalizada-la-1afase-de-asfalto-de-2021-2022-por-36-363e\/#primaryimage"},"thumbnailUrl":"https:\/\/www.caudete.org\/ayuntamiento\/wp-content\/uploads\/2022\/01\/WhatsApp-Image-2022-01-15-at-11.59.48-1.jpeg","articleSection":["Movilidad Urbana"],"inLanguage":"es"},{"@type":"WebPage","@id":"https:\/\/www.caudete.org\/ayuntamiento\/finalizada-la-1afase-de-asfalto-de-2021-2022-por-36-363e\/","url":"https:\/\/www.caudete.org\/ayuntamiento\/finalizada-la-1afase-de-asfalto-de-2021-2022-por-36-363e\/","name":"Finalizada la 1\u00aaFase de Asfalto de 2021-2022, por 36.363\u20ac - MI Ayuntamiento de Caudete","isPartOf":{"@id":"https:\/\/www.caudete.org\/ayuntamiento\/#website"},"primaryImageOfPage":{"@id":"https:\/\/www.caudete.org\/ayuntamiento\/finalizada-la-1afase-de-asfalto-de-2021-2022-por-36-363e\/#primaryimage"},"image":{"@id":"https:\/\/www.caudete.org\/ayuntamiento\/finalizada-la-1afase-de-asfalto-de-2021-2022-por-36-363e\/#primaryimage"},"thumbnailUrl":"https:\/\/www.caudete.org\/ayuntamiento\/wp-content\/uploads\/2022\/01\/WhatsApp-Image-2022-01-15-at-11.59.48-1.jpeg","datePublished":"2022-01-17T19:16:18+00:00","dateModified":"2022-01-19T12:41:59+00:00","author":{"@id":"https:\/\/www.caudete.org\/ayuntamiento\/#\/schema\/person\/cc646da9133078ee4d8dd47457947253"},"description":"P\u00e1gina Oficial del Ayuntamiento de Caudete (Albacete)","breadcrumb":{"@id":"https:\/\/www.caudete.org\/ayuntamiento\/finalizada-la-1afase-de-asfalto-de-2021-2022-por-36-363e\/#breadcrumb"},"inLanguage":"es","potentialAction":[{"@type":"ReadAction","target":["https:\/\/www.caudete.org\/ayuntamiento\/finalizada-la-1afase-de-asfalto-de-2021-2022-por-36-363e\/"]}]},{"@type":"ImageObject","inLanguage":"es","@id":"https:\/\/www.caudete.org\/ayuntamiento\/finalizada-la-1afase-de-asfalto-de-2021-2022-por-36-363e\/#primaryimage","url":"https:\/\/www.caudete.org\/ayuntamiento\/wp-content\/uploads\/2022\/01\/WhatsApp-Image-2022-01-15-at-11.59.48-1.jpeg","contentUrl":"https:\/\/www.caudete.org\/ayuntamiento\/wp-content\/uploads\/2022\/01\/WhatsApp-Image-2022-01-15-at-11.59.48-1.jpeg","width":2048,"height":1536},{"@type":"BreadcrumbList","@id":"https:\/\/www.caudete.org\/ayuntamiento\/finalizada-la-1afase-de-asfalto-de-2021-2022-por-36-363e\/#breadcrumb","itemListElement":[{"@type":"ListItem","position":1,"name":"Inicio","item":"https:\/\/www.caudete.org\/ayuntamiento\/"},{"@type":"ListItem","position":2,"name":"Finalizada la 1\u00aaFase de Asfalto de 2021-2022, por 36.363\u20ac"}]},{"@type":"WebSite","@id":"https:\/\/www.caudete.org\/ayuntamiento\/#website","url":"https:\/\/www.caudete.org\/ayuntamiento\/","name":"MI Ayuntamiento de Caudete","description":"P\u00e1gina Oficial del MI Ayuntamiento de Caudete","potentialAction":[{"@type":"SearchAction","target":{"@type":"EntryPoint","urlTemplate":"https:\/\/www.caudete.org\/ayuntamiento\/?s={search_term_string}"},"query-input":{"@type":"PropertyValueSpecification","valueRequired":true,"valueName":"search_term_string"}}],"inLanguage":"es"},{"@type":"Person","@id":"https:\/\/www.caudete.org\/ayuntamiento\/#\/schema\/person\/cc646da9133078ee4d8dd47457947253","name":"alcalde","image":{"@type":"ImageObject","inLanguage":"es","@id":"https:\/\/secure.gravatar.com\/avatar\/84a817ba065b29ff08d666b215a215f5c79186a645ccb25b14a663d48a130f77?s=96&d=mm&r=g","url":"https:\/\/secure.gravatar.com\/avatar\/84a817ba065b29ff08d666b215a215f5c79186a645ccb25b14a663d48a130f77?s=96&d=mm&r=g","contentUrl":"https:\/\/secure.gravatar.com\/avatar\/84a817ba065b29ff08d666b215a215f5c79186a645ccb25b14a663d48a130f77?s=96&d=mm&r=g","caption":"alcalde"},"url":"https:\/\/www.caudete.org\/ayuntamiento\/author\/alcalde\/"}]}},"_links":{"self":[{"href":"https:\/\/www.caudete.org\/ayuntamiento\/wp-json\/wp\/v2\/posts\/17806","targetHints":{"allow":["GET"]}}],"collection":[{"href":"https:\/\/www.caudete.org\/ayuntamiento\/wp-json\/wp\/v2\/posts"}],"about":[{"href":"https:\/\/www.caudete.org\/ayuntamiento\/wp-json\/wp\/v2\/types\/post"}],"author":[{"embeddable":true,"href":"https:\/\/www.caudete.org\/ayuntamiento\/wp-json\/wp\/v2\/users\/3"}],"replies":[{"embeddable":true,"href":"https:\/\/www.caudete.org\/ayuntamiento\/wp-json\/wp\/v2\/comments?post=17806"}],"version-history":[{"count":3,"href":"https:\/\/www.caudete.org\/ayuntamiento\/wp-json\/wp\/v2\/posts\/17806\/revisions"}],"predecessor-version":[{"id":17840,"href":"https:\/\/www.caudete.org\/ayuntamiento\/wp-json\/wp\/v2\/posts\/17806\/revisions\/17840"}],"wp:featuredmedia":[{"embeddable":true,"href":"https:\/\/www.caudete.org\/ayuntamiento\/wp-json\/wp\/v2\/media\/17816"}],"wp:attachment":[{"href":"https:\/\/www.caudete.org\/ayuntamiento\/wp-json\/wp\/v2\/media?parent=17806"}],"wp:term":[{"taxonomy":"category","embeddable":true,"href":"https:\/\/www.caudete.org\/ayuntamiento\/wp-json\/wp\/v2\/categories?post=17806"},{"taxonomy":"post_tag","embeddable":true,"href":"https:\/\/www.caudete.org\/ayuntamiento\/wp-json\/wp\/v2\/tags?post=17806"}],"curies":[{"name":"wp","href":"https:\/\/api.w.org\/{rel}","templated":true}]}}