{"id":17841,"date":"2022-01-19T20:01:20","date_gmt":"2022-01-19T19:01:20","guid":{"rendered":"https:\/\/www.caudete.org\/ayuntamiento\/?p=17841"},"modified":"2022-01-19T20:04:23","modified_gmt":"2022-01-19T19:04:23","slug":"presentado-el-plan-normativo-2022-que-aprobara-la-junta-de-gobierno-local-el-proximo-viernes","status":"publish","type":"post","link":"https:\/\/www.caudete.org\/ayuntamiento\/presentado-el-plan-normativo-2022-que-aprobara-la-junta-de-gobierno-local-el-proximo-viernes\/","title":{"rendered":"Presentado el Plan Normativo 2022 que aprobar\u00e1 la Junta de Gobierno Local el pr\u00f3ximo viernes"},"content":{"rendered":"<p style=\"text-align: justify;\">Esta ma\u00f1ana la Concejal de Participaci\u00f3n Ciudadana, Pilar Egea, daba a conocer la Propuesta de Plan Normativo para el presente a\u00f1o 2022 que ser\u00e1 expuesta a debate y aprobaci\u00f3n de la Junta de Gobierno Local el pr\u00f3ximo viernes.<\/p>\n<p style=\"text-align: justify;\">Ser\u00e1 la primera sesi\u00f3n de 2022 de este \u00f3rgano de gobierno colegiado del Ayuntamiento, en el que se fijar\u00e1 la hoja de ruta en materia normativa, y que refleja todas aquellas Ordenanzas (reguladoras y fiscales) as\u00ed como Reglamentos que se prev\u00e9 sean objeto de modificaci\u00f3n, supresi\u00f3n o nueva creaci\u00f3n a propuesta del Gobierno Municipal, y que deber\u00e1 de refrendar el Pleno, para el presente a\u00f1o reci\u00e9n comenzado.<\/p>\n<p style=\"text-align: justify;\">El Plan Normativo se realiza en virtud del art.132 de la LPAC, donde adem\u00e1s, en el art.133 de la citada norma regula la participaci\u00f3n de los ciudadanos en el procedimiento de elaboraci\u00f3n de normar con rango de Ley y Reglamentos. A este respecto, se ir\u00e1n sucediendo, como hasta ahora las consultas p\u00fablicas previas a la aprobaci\u00f3n de los citados textos.<\/p>\n<p style=\"text-align: justify;\">El contenido de la propuesta, es el siguiente:<\/p>\n<p style=\"padding-left: 80px; text-align: justify;\"><strong><em>&lt;&lt;&lt;&lt;&lt;&lt;&lt;&lt;&lt;&lt;&lt;&lt;&lt;&lt;&lt;&lt;&lt;&lt;&lt;&lt;&lt;&lt;&lt;&lt;&lt;&lt;&lt;&lt;&lt;&lt;&lt;&lt;&lt;&lt;&lt;&lt;&lt;&lt;&lt;&lt;&lt;&lt;&lt;&lt;&lt;&lt;&lt;&lt;&lt;&lt;&lt;&lt;&lt;&lt;&lt;&lt;&lt;&lt;&lt;&lt;&lt;&lt;&lt;&lt;&lt;&lt;<\/em><\/strong><\/p>\n<p style=\"padding-left: 80px; text-align: justify;\"><em><strong>PRIMERO.- Se propone derogar y posteriormente redactar las siguientes Ordenanzas y\/o <\/strong><strong>Reglamentos:<\/strong><\/em><br \/>\n<em>&#8211; Reglamento del Mercado Municipal.<\/em><\/p>\n<p style=\"padding-left: 80px; text-align: justify;\"><em><strong>SEGUNDO.- Se propone modificar las siguientes Ordenanzas y\/o Reglamentos:<\/strong><\/em><br \/>\n<em>&#8211; Ordenanza Fiscal n\u00ba3 Plusval\u00edas.<\/em><br \/>\n<em>&#8211; Ordenanza Fiscal n\u00ba13 reguladora de la tasa por la instalaci\u00f3n de quioscos en la v\u00eda p\u00fablica.<\/em><br \/>\n<em>&#8211; Ordenanza Fiscal n\u00ba14 Matadero y Mercados.<\/em><br \/>\n<em>&#8211; Ordenanza municipal de animales dom\u00e9sticos y su tenencia.<\/em><br \/>\n<em>&#8211; Ordenanza reguladora del Cementerio Municipal de Caudete.<\/em><\/p>\n<p style=\"padding-left: 80px; text-align: justify;\"><em><strong>TERCERO.- Se propone la redacci\u00f3n de las siguientes nuevos textos normativos:<\/strong><\/em><br \/>\n<em>&#8211; Ordenanza Reguladora por la instalaci\u00f3n de quioscos en la v\u00eda p\u00fablica.<\/em><br \/>\n<em>&#8211; Ordenanza Reguladora y Ordenanza Fiscal del Aula Mentor.<\/em><br \/>\n<em>&#8211; Ordenanza Reguladora y Ordenanza Fiscal de Albergues Municipales Rurales.<\/em><br \/>\n<em>&#8211; Ordenanza Reguladora sobre Publicidad, Patrocinio y Mecenazgo.<\/em><br \/>\n<em>&#8211; Ordenanza Reguladora sobre limpieza, mantenimiento y vallado de Solares.<\/em><br \/>\n<em>&#8211; Reglamento sobre Protocolo, Honores y Distinciones. <\/em><\/p>\n<blockquote>\n<p style=\"padding-left: 80px; text-align: justify;\"><strong><em>&gt;&gt;&gt;&gt;&gt;&gt;&gt;&gt;&gt;&gt;&gt;&gt;&gt;&gt;&gt;&gt;&gt;&gt;&gt;&gt;&gt;&gt;&gt;&gt;&gt;&gt;&gt;&gt;&gt;&gt;&gt;&gt;&gt;&gt;&gt;&gt;&gt;&gt;&gt;&gt;&gt;&gt;&gt;&gt;&gt;&gt;&gt;&gt;&gt;&gt;&gt;&gt;&gt;&gt;&gt;&gt;<\/em><\/strong><\/p>\n<\/blockquote>\n<p style=\"text-align: justify;\">Tal y como explicaba la Concejal, se trata de un documento vivo, pues a lo largo del a\u00f1o puede ir sufriendo la incorporaci\u00f3n de nuevos textos que ante situaciones o circunstancias, sea necesario actuar sobre el contenido de los mismos, o incluso proceder a la creaci\u00f3n de otros no existentes y necesarios.<\/p>\n<p style=\"text-align: justify;\">Igualmente, explicaba que con el Plan previsto para 2022, se pretende dar respuesta y amparo legal en general a aquellas situaciones que o bien han sido demandas por la ciudadan\u00eda, o por los servicios municipales que lo gestionan, y que en este caso ser\u00edan las Ordenanzas de quioscos en la v\u00eda p\u00fablica, limpieza, mantenimiento y vallado de solares, animales dom\u00e9sticos y su tenencia, o la de Cementerio.<\/p>\n<p style=\"text-align: justify;\">En otro apartado, estar\u00edan aquellas Ordenanzas que pretenden ajustarse a la nueva realidad legislativa, como es el caso de la de Plusval\u00edas, o la de Mercado Municipal.<\/p>\n<p style=\"text-align: justify;\">Y caso aparte, son las que se redactan ante la necesidad dada por la prestaci\u00f3n de servicios por parte del Ayuntamiento, como lo es las Ordenanzas del Aula Mentor y Albergues Municipales; o aquellas que responden a establecer unos criterios y procedimientos para la publicidad, patrocinio y mecenazgo; o sobre el Protocolo, Honores y Distinciones del Consistorio.<\/p>\n","protected":false},"excerpt":{"rendered":"<p>Esta ma\u00f1ana la Concejal de Participaci\u00f3n Ciudadana, Pilar Egea, daba a conocer la Propuesta de Plan Normativo para el presente a\u00f1o 2022 que ser\u00e1 expuesta a debate y aprobaci\u00f3n de la Junta de Gobierno Local el pr\u00f3ximo viernes. Ser\u00e1 la primera sesi\u00f3n de 2022 de este \u00f3rgano de gobierno colegiado del Ayuntamiento, en el que &hellip;<\/p>\n","protected":false},"author":3,"featured_media":17842,"comment_status":"closed","ping_status":"open","sticky":false,"template":"","format":"standard","meta":{"ngg_post_thumbnail":0,"footnotes":""},"categories":[38],"tags":[],"class_list":["post-17841","post","type-post","status-publish","format-standard","has-post-thumbnail","hentry","category-participacion-ciudadana"],"yoast_head":"<!-- This site is optimized with the Yoast SEO plugin v27.5 - https:\/\/yoast.com\/product\/yoast-seo-wordpress\/ -->\n<title>Presentado el Plan Normativo 2022 que aprobar\u00e1 la Junta de Gobierno Local el pr\u00f3ximo viernes - MI Ayuntamiento de Caudete<\/title>\n<meta name=\"description\" content=\"P\u00e1gina Oficial del Ayuntamiento de Caudete (Albacete)\" \/>\n<meta name=\"robots\" content=\"index, follow, max-snippet:-1, max-image-preview:large, max-video-preview:-1\" \/>\n<link rel=\"canonical\" href=\"https:\/\/www.caudete.org\/ayuntamiento\/presentado-el-plan-normativo-2022-que-aprobara-la-junta-de-gobierno-local-el-proximo-viernes\/\" \/>\n<meta property=\"og:locale\" content=\"es_ES\" \/>\n<meta property=\"og:type\" content=\"article\" \/>\n<meta property=\"og:title\" content=\"Presentado el Plan Normativo 2022 que aprobar\u00e1 la Junta de Gobierno Local el pr\u00f3ximo viernes - MI Ayuntamiento de Caudete\" \/>\n<meta property=\"og:description\" content=\"P\u00e1gina Oficial del Ayuntamiento de Caudete (Albacete)\" \/>\n<meta property=\"og:url\" content=\"https:\/\/www.caudete.org\/ayuntamiento\/presentado-el-plan-normativo-2022-que-aprobara-la-junta-de-gobierno-local-el-proximo-viernes\/\" \/>\n<meta property=\"og:site_name\" content=\"MI Ayuntamiento de Caudete\" \/>\n<meta property=\"article:publisher\" content=\"https:\/\/www.facebook.com\/ayuntamientocaudete\/\" \/>\n<meta property=\"article:published_time\" content=\"2022-01-19T19:01:20+00:00\" \/>\n<meta property=\"article:modified_time\" content=\"2022-01-19T19:04:23+00:00\" \/>\n<meta property=\"og:image\" content=\"https:\/\/www.caudete.org\/ayuntamiento\/wp-content\/uploads\/2022\/01\/pilar.jpg\" \/>\n\t<meta property=\"og:image:width\" content=\"1600\" \/>\n\t<meta property=\"og:image:height\" content=\"1067\" \/>\n\t<meta property=\"og:image:type\" content=\"image\/jpeg\" \/>\n<meta name=\"author\" content=\"alcalde\" \/>\n<meta name=\"twitter:card\" content=\"summary_large_image\" \/>\n<meta name=\"twitter:label1\" content=\"Escrito por\" \/>\n\t<meta name=\"twitter:data1\" content=\"alcalde\" \/>\n\t<meta name=\"twitter:label2\" content=\"Tiempo de lectura\" \/>\n\t<meta name=\"twitter:data2\" content=\"3 minutos\" \/>\n<script type=\"application\/ld+json\" class=\"yoast-schema-graph\">{\"@context\":\"https:\\\/\\\/schema.org\",\"@graph\":[{\"@type\":\"Article\",\"@id\":\"https:\\\/\\\/www.caudete.org\\\/ayuntamiento\\\/presentado-el-plan-normativo-2022-que-aprobara-la-junta-de-gobierno-local-el-proximo-viernes\\\/#article\",\"isPartOf\":{\"@id\":\"https:\\\/\\\/www.caudete.org\\\/ayuntamiento\\\/presentado-el-plan-normativo-2022-que-aprobara-la-junta-de-gobierno-local-el-proximo-viernes\\\/\"},\"author\":{\"name\":\"alcalde\",\"@id\":\"https:\\\/\\\/www.caudete.org\\\/ayuntamiento\\\/#\\\/schema\\\/person\\\/cc646da9133078ee4d8dd47457947253\"},\"headline\":\"Presentado el Plan Normativo 2022 que aprobar\u00e1 la Junta de Gobierno Local el pr\u00f3ximo viernes\",\"datePublished\":\"2022-01-19T19:01:20+00:00\",\"dateModified\":\"2022-01-19T19:04:23+00:00\",\"mainEntityOfPage\":{\"@id\":\"https:\\\/\\\/www.caudete.org\\\/ayuntamiento\\\/presentado-el-plan-normativo-2022-que-aprobara-la-junta-de-gobierno-local-el-proximo-viernes\\\/\"},\"wordCount\":691,\"publisher\":{\"@id\":\"https:\\\/\\\/www.caudete.org\\\/ayuntamiento\\\/#organization\"},\"image\":{\"@id\":\"https:\\\/\\\/www.caudete.org\\\/ayuntamiento\\\/presentado-el-plan-normativo-2022-que-aprobara-la-junta-de-gobierno-local-el-proximo-viernes\\\/#primaryimage\"},\"thumbnailUrl\":\"https:\\\/\\\/www.caudete.org\\\/ayuntamiento\\\/wp-content\\\/uploads\\\/2022\\\/01\\\/pilar.jpg\",\"articleSection\":[\"Participaci\u00f3n Ciudadana\"],\"inLanguage\":\"es\"},{\"@type\":\"WebPage\",\"@id\":\"https:\\\/\\\/www.caudete.org\\\/ayuntamiento\\\/presentado-el-plan-normativo-2022-que-aprobara-la-junta-de-gobierno-local-el-proximo-viernes\\\/\",\"url\":\"https:\\\/\\\/www.caudete.org\\\/ayuntamiento\\\/presentado-el-plan-normativo-2022-que-aprobara-la-junta-de-gobierno-local-el-proximo-viernes\\\/\",\"name\":\"Presentado el Plan Normativo 2022 que aprobar\u00e1 la Junta de Gobierno Local el pr\u00f3ximo viernes - MI Ayuntamiento de Caudete\",\"isPartOf\":{\"@id\":\"https:\\\/\\\/www.caudete.org\\\/ayuntamiento\\\/#website\"},\"primaryImageOfPage\":{\"@id\":\"https:\\\/\\\/www.caudete.org\\\/ayuntamiento\\\/presentado-el-plan-normativo-2022-que-aprobara-la-junta-de-gobierno-local-el-proximo-viernes\\\/#primaryimage\"},\"image\":{\"@id\":\"https:\\\/\\\/www.caudete.org\\\/ayuntamiento\\\/presentado-el-plan-normativo-2022-que-aprobara-la-junta-de-gobierno-local-el-proximo-viernes\\\/#primaryimage\"},\"thumbnailUrl\":\"https:\\\/\\\/www.caudete.org\\\/ayuntamiento\\\/wp-content\\\/uploads\\\/2022\\\/01\\\/pilar.jpg\",\"datePublished\":\"2022-01-19T19:01:20+00:00\",\"dateModified\":\"2022-01-19T19:04:23+00:00\",\"description\":\"P\u00e1gina Oficial del Ayuntamiento de Caudete (Albacete)\",\"breadcrumb\":{\"@id\":\"https:\\\/\\\/www.caudete.org\\\/ayuntamiento\\\/presentado-el-plan-normativo-2022-que-aprobara-la-junta-de-gobierno-local-el-proximo-viernes\\\/#breadcrumb\"},\"inLanguage\":\"es\",\"potentialAction\":[{\"@type\":\"ReadAction\",\"target\":[\"https:\\\/\\\/www.caudete.org\\\/ayuntamiento\\\/presentado-el-plan-normativo-2022-que-aprobara-la-junta-de-gobierno-local-el-proximo-viernes\\\/\"]}]},{\"@type\":\"ImageObject\",\"inLanguage\":\"es\",\"@id\":\"https:\\\/\\\/www.caudete.org\\\/ayuntamiento\\\/presentado-el-plan-normativo-2022-que-aprobara-la-junta-de-gobierno-local-el-proximo-viernes\\\/#primaryimage\",\"url\":\"https:\\\/\\\/www.caudete.org\\\/ayuntamiento\\\/wp-content\\\/uploads\\\/2022\\\/01\\\/pilar.jpg\",\"contentUrl\":\"https:\\\/\\\/www.caudete.org\\\/ayuntamiento\\\/wp-content\\\/uploads\\\/2022\\\/01\\\/pilar.jpg\",\"width\":1600,\"height\":1067},{\"@type\":\"BreadcrumbList\",\"@id\":\"https:\\\/\\\/www.caudete.org\\\/ayuntamiento\\\/presentado-el-plan-normativo-2022-que-aprobara-la-junta-de-gobierno-local-el-proximo-viernes\\\/#breadcrumb\",\"itemListElement\":[{\"@type\":\"ListItem\",\"position\":1,\"name\":\"Inicio\",\"item\":\"https:\\\/\\\/www.caudete.org\\\/ayuntamiento\\\/\"},{\"@type\":\"ListItem\",\"position\":2,\"name\":\"Presentado el Plan Normativo 2022 que aprobar\u00e1 la Junta de Gobierno Local el pr\u00f3ximo viernes\"}]},{\"@type\":\"WebSite\",\"@id\":\"https:\\\/\\\/www.caudete.org\\\/ayuntamiento\\\/#website\",\"url\":\"https:\\\/\\\/www.caudete.org\\\/ayuntamiento\\\/\",\"name\":\"MI Ayuntamiento de Caudete\",\"description\":\"P\u00e1gina Oficial del MI Ayuntamiento de Caudete\",\"publisher\":{\"@id\":\"https:\\\/\\\/www.caudete.org\\\/ayuntamiento\\\/#organization\"},\"potentialAction\":[{\"@type\":\"SearchAction\",\"target\":{\"@type\":\"EntryPoint\",\"urlTemplate\":\"https:\\\/\\\/www.caudete.org\\\/ayuntamiento\\\/?s={search_term_string}\"},\"query-input\":{\"@type\":\"PropertyValueSpecification\",\"valueRequired\":true,\"valueName\":\"search_term_string\"}}],\"inLanguage\":\"es\"},{\"@type\":\"Organization\",\"@id\":\"https:\\\/\\\/www.caudete.org\\\/ayuntamiento\\\/#organization\",\"name\":\"Ayuntamiento de Caudete\",\"url\":\"https:\\\/\\\/www.caudete.org\\\/ayuntamiento\\\/\",\"logo\":{\"@type\":\"ImageObject\",\"inLanguage\":\"es\",\"@id\":\"https:\\\/\\\/www.caudete.org\\\/ayuntamiento\\\/#\\\/schema\\\/logo\\\/image\\\/\",\"url\":\"https:\\\/\\\/www.caudete.org\\\/ayuntamiento\\\/wp-content\\\/uploads\\\/2020\\\/11\\\/logo_ayuntamiento_caudete.jpg\",\"contentUrl\":\"https:\\\/\\\/www.caudete.org\\\/ayuntamiento\\\/wp-content\\\/uploads\\\/2020\\\/11\\\/logo_ayuntamiento_caudete.jpg\",\"width\":600,\"height\":150,\"caption\":\"Ayuntamiento de Caudete\"},\"image\":{\"@id\":\"https:\\\/\\\/www.caudete.org\\\/ayuntamiento\\\/#\\\/schema\\\/logo\\\/image\\\/\"},\"sameAs\":[\"https:\\\/\\\/www.facebook.com\\\/ayuntamientocaudete\\\/\",\"https:\\\/\\\/www.youtube.com\\\/channel\\\/UC6VztHaooNsGpw-tNoBEFnQ\"]},{\"@type\":\"Person\",\"@id\":\"https:\\\/\\\/www.caudete.org\\\/ayuntamiento\\\/#\\\/schema\\\/person\\\/cc646da9133078ee4d8dd47457947253\",\"name\":\"alcalde\",\"image\":{\"@type\":\"ImageObject\",\"inLanguage\":\"es\",\"@id\":\"https:\\\/\\\/secure.gravatar.com\\\/avatar\\\/84a817ba065b29ff08d666b215a215f5c79186a645ccb25b14a663d48a130f77?s=96&d=mm&r=g\",\"url\":\"https:\\\/\\\/secure.gravatar.com\\\/avatar\\\/84a817ba065b29ff08d666b215a215f5c79186a645ccb25b14a663d48a130f77?s=96&d=mm&r=g\",\"contentUrl\":\"https:\\\/\\\/secure.gravatar.com\\\/avatar\\\/84a817ba065b29ff08d666b215a215f5c79186a645ccb25b14a663d48a130f77?s=96&d=mm&r=g\",\"caption\":\"alcalde\"},\"url\":\"https:\\\/\\\/www.caudete.org\\\/ayuntamiento\\\/author\\\/alcalde\\\/\"}]}<\/script>\n<!-- \/ Yoast SEO plugin. -->","yoast_head_json":{"title":"Presentado el Plan Normativo 2022 que aprobar\u00e1 la Junta de Gobierno Local el pr\u00f3ximo viernes - MI Ayuntamiento de Caudete","description":"P\u00e1gina Oficial del Ayuntamiento de Caudete (Albacete)","robots":{"index":"index","follow":"follow","max-snippet":"max-snippet:-1","max-image-preview":"max-image-preview:large","max-video-preview":"max-video-preview:-1"},"canonical":"https:\/\/www.caudete.org\/ayuntamiento\/presentado-el-plan-normativo-2022-que-aprobara-la-junta-de-gobierno-local-el-proximo-viernes\/","og_locale":"es_ES","og_type":"article","og_title":"Presentado el Plan Normativo 2022 que aprobar\u00e1 la Junta de Gobierno Local el pr\u00f3ximo viernes - MI Ayuntamiento de Caudete","og_description":"P\u00e1gina Oficial del Ayuntamiento de Caudete (Albacete)","og_url":"https:\/\/www.caudete.org\/ayuntamiento\/presentado-el-plan-normativo-2022-que-aprobara-la-junta-de-gobierno-local-el-proximo-viernes\/","og_site_name":"MI Ayuntamiento de Caudete","article_publisher":"https:\/\/www.facebook.com\/ayuntamientocaudete\/","article_published_time":"2022-01-19T19:01:20+00:00","article_modified_time":"2022-01-19T19:04:23+00:00","og_image":[{"width":1600,"height":1067,"url":"https:\/\/www.caudete.org\/ayuntamiento\/wp-content\/uploads\/2022\/01\/pilar.jpg","type":"image\/jpeg"}],"author":"alcalde","twitter_card":"summary_large_image","twitter_misc":{"Escrito por":"alcalde","Tiempo de lectura":"3 minutos"},"schema":{"@context":"https:\/\/schema.org","@graph":[{"@type":"Article","@id":"https:\/\/www.caudete.org\/ayuntamiento\/presentado-el-plan-normativo-2022-que-aprobara-la-junta-de-gobierno-local-el-proximo-viernes\/#article","isPartOf":{"@id":"https:\/\/www.caudete.org\/ayuntamiento\/presentado-el-plan-normativo-2022-que-aprobara-la-junta-de-gobierno-local-el-proximo-viernes\/"},"author":{"name":"alcalde","@id":"https:\/\/www.caudete.org\/ayuntamiento\/#\/schema\/person\/cc646da9133078ee4d8dd47457947253"},"headline":"Presentado el Plan Normativo 2022 que aprobar\u00e1 la Junta de Gobierno Local el pr\u00f3ximo viernes","datePublished":"2022-01-19T19:01:20+00:00","dateModified":"2022-01-19T19:04:23+00:00","mainEntityOfPage":{"@id":"https:\/\/www.caudete.org\/ayuntamiento\/presentado-el-plan-normativo-2022-que-aprobara-la-junta-de-gobierno-local-el-proximo-viernes\/"},"wordCount":691,"publisher":{"@id":"https:\/\/www.caudete.org\/ayuntamiento\/#organization"},"image":{"@id":"https:\/\/www.caudete.org\/ayuntamiento\/presentado-el-plan-normativo-2022-que-aprobara-la-junta-de-gobierno-local-el-proximo-viernes\/#primaryimage"},"thumbnailUrl":"https:\/\/www.caudete.org\/ayuntamiento\/wp-content\/uploads\/2022\/01\/pilar.jpg","articleSection":["Participaci\u00f3n Ciudadana"],"inLanguage":"es"},{"@type":"WebPage","@id":"https:\/\/www.caudete.org\/ayuntamiento\/presentado-el-plan-normativo-2022-que-aprobara-la-junta-de-gobierno-local-el-proximo-viernes\/","url":"https:\/\/www.caudete.org\/ayuntamiento\/presentado-el-plan-normativo-2022-que-aprobara-la-junta-de-gobierno-local-el-proximo-viernes\/","name":"Presentado el Plan Normativo 2022 que aprobar\u00e1 la Junta de Gobierno Local el pr\u00f3ximo viernes - MI Ayuntamiento de Caudete","isPartOf":{"@id":"https:\/\/www.caudete.org\/ayuntamiento\/#website"},"primaryImageOfPage":{"@id":"https:\/\/www.caudete.org\/ayuntamiento\/presentado-el-plan-normativo-2022-que-aprobara-la-junta-de-gobierno-local-el-proximo-viernes\/#primaryimage"},"image":{"@id":"https:\/\/www.caudete.org\/ayuntamiento\/presentado-el-plan-normativo-2022-que-aprobara-la-junta-de-gobierno-local-el-proximo-viernes\/#primaryimage"},"thumbnailUrl":"https:\/\/www.caudete.org\/ayuntamiento\/wp-content\/uploads\/2022\/01\/pilar.jpg","datePublished":"2022-01-19T19:01:20+00:00","dateModified":"2022-01-19T19:04:23+00:00","description":"P\u00e1gina Oficial del Ayuntamiento de Caudete (Albacete)","breadcrumb":{"@id":"https:\/\/www.caudete.org\/ayuntamiento\/presentado-el-plan-normativo-2022-que-aprobara-la-junta-de-gobierno-local-el-proximo-viernes\/#breadcrumb"},"inLanguage":"es","potentialAction":[{"@type":"ReadAction","target":["https:\/\/www.caudete.org\/ayuntamiento\/presentado-el-plan-normativo-2022-que-aprobara-la-junta-de-gobierno-local-el-proximo-viernes\/"]}]},{"@type":"ImageObject","inLanguage":"es","@id":"https:\/\/www.caudete.org\/ayuntamiento\/presentado-el-plan-normativo-2022-que-aprobara-la-junta-de-gobierno-local-el-proximo-viernes\/#primaryimage","url":"https:\/\/www.caudete.org\/ayuntamiento\/wp-content\/uploads\/2022\/01\/pilar.jpg","contentUrl":"https:\/\/www.caudete.org\/ayuntamiento\/wp-content\/uploads\/2022\/01\/pilar.jpg","width":1600,"height":1067},{"@type":"BreadcrumbList","@id":"https:\/\/www.caudete.org\/ayuntamiento\/presentado-el-plan-normativo-2022-que-aprobara-la-junta-de-gobierno-local-el-proximo-viernes\/#breadcrumb","itemListElement":[{"@type":"ListItem","position":1,"name":"Inicio","item":"https:\/\/www.caudete.org\/ayuntamiento\/"},{"@type":"ListItem","position":2,"name":"Presentado el Plan Normativo 2022 que aprobar\u00e1 la Junta de Gobierno Local el pr\u00f3ximo viernes"}]},{"@type":"WebSite","@id":"https:\/\/www.caudete.org\/ayuntamiento\/#website","url":"https:\/\/www.caudete.org\/ayuntamiento\/","name":"MI Ayuntamiento de Caudete","description":"P\u00e1gina Oficial del MI Ayuntamiento de Caudete","publisher":{"@id":"https:\/\/www.caudete.org\/ayuntamiento\/#organization"},"potentialAction":[{"@type":"SearchAction","target":{"@type":"EntryPoint","urlTemplate":"https:\/\/www.caudete.org\/ayuntamiento\/?s={search_term_string}"},"query-input":{"@type":"PropertyValueSpecification","valueRequired":true,"valueName":"search_term_string"}}],"inLanguage":"es"},{"@type":"Organization","@id":"https:\/\/www.caudete.org\/ayuntamiento\/#organization","name":"Ayuntamiento de Caudete","url":"https:\/\/www.caudete.org\/ayuntamiento\/","logo":{"@type":"ImageObject","inLanguage":"es","@id":"https:\/\/www.caudete.org\/ayuntamiento\/#\/schema\/logo\/image\/","url":"https:\/\/www.caudete.org\/ayuntamiento\/wp-content\/uploads\/2020\/11\/logo_ayuntamiento_caudete.jpg","contentUrl":"https:\/\/www.caudete.org\/ayuntamiento\/wp-content\/uploads\/2020\/11\/logo_ayuntamiento_caudete.jpg","width":600,"height":150,"caption":"Ayuntamiento de Caudete"},"image":{"@id":"https:\/\/www.caudete.org\/ayuntamiento\/#\/schema\/logo\/image\/"},"sameAs":["https:\/\/www.facebook.com\/ayuntamientocaudete\/","https:\/\/www.youtube.com\/channel\/UC6VztHaooNsGpw-tNoBEFnQ"]},{"@type":"Person","@id":"https:\/\/www.caudete.org\/ayuntamiento\/#\/schema\/person\/cc646da9133078ee4d8dd47457947253","name":"alcalde","image":{"@type":"ImageObject","inLanguage":"es","@id":"https:\/\/secure.gravatar.com\/avatar\/84a817ba065b29ff08d666b215a215f5c79186a645ccb25b14a663d48a130f77?s=96&d=mm&r=g","url":"https:\/\/secure.gravatar.com\/avatar\/84a817ba065b29ff08d666b215a215f5c79186a645ccb25b14a663d48a130f77?s=96&d=mm&r=g","contentUrl":"https:\/\/secure.gravatar.com\/avatar\/84a817ba065b29ff08d666b215a215f5c79186a645ccb25b14a663d48a130f77?s=96&d=mm&r=g","caption":"alcalde"},"url":"https:\/\/www.caudete.org\/ayuntamiento\/author\/alcalde\/"}]}},"_links":{"self":[{"href":"https:\/\/www.caudete.org\/ayuntamiento\/wp-json\/wp\/v2\/posts\/17841","targetHints":{"allow":["GET"]}}],"collection":[{"href":"https:\/\/www.caudete.org\/ayuntamiento\/wp-json\/wp\/v2\/posts"}],"about":[{"href":"https:\/\/www.caudete.org\/ayuntamiento\/wp-json\/wp\/v2\/types\/post"}],"author":[{"embeddable":true,"href":"https:\/\/www.caudete.org\/ayuntamiento\/wp-json\/wp\/v2\/users\/3"}],"replies":[{"embeddable":true,"href":"https:\/\/www.caudete.org\/ayuntamiento\/wp-json\/wp\/v2\/comments?post=17841"}],"version-history":[{"count":2,"href":"https:\/\/www.caudete.org\/ayuntamiento\/wp-json\/wp\/v2\/posts\/17841\/revisions"}],"predecessor-version":[{"id":17844,"href":"https:\/\/www.caudete.org\/ayuntamiento\/wp-json\/wp\/v2\/posts\/17841\/revisions\/17844"}],"wp:featuredmedia":[{"embeddable":true,"href":"https:\/\/www.caudete.org\/ayuntamiento\/wp-json\/wp\/v2\/media\/17842"}],"wp:attachment":[{"href":"https:\/\/www.caudete.org\/ayuntamiento\/wp-json\/wp\/v2\/media?parent=17841"}],"wp:term":[{"taxonomy":"category","embeddable":true,"href":"https:\/\/www.caudete.org\/ayuntamiento\/wp-json\/wp\/v2\/categories?post=17841"},{"taxonomy":"post_tag","embeddable":true,"href":"https:\/\/www.caudete.org\/ayuntamiento\/wp-json\/wp\/v2\/tags?post=17841"}],"curies":[{"name":"wp","href":"https:\/\/api.w.org\/{rel}","templated":true}]}}