{"id":17880,"date":"2022-01-21T13:20:23","date_gmt":"2022-01-21T12:20:23","guid":{"rendered":"https:\/\/www.caudete.org\/ayuntamiento\/?p=17880"},"modified":"2022-01-21T13:30:08","modified_gmt":"2022-01-21T12:30:08","slug":"caudete-vuelve-a-acoger-la-prueba-de-btt-caudete-extreme","status":"publish","type":"post","link":"https:\/\/www.caudete.org\/ayuntamiento\/caudete-vuelve-a-acoger-la-prueba-de-btt-caudete-extreme\/","title":{"rendered":"Caudete vuelve a acoger la prueba de BTT \u201cCaudete Extreme\u201d."},"content":{"rendered":"<p>El pr\u00f3ximo domingo 30 de enero, y tras la interrupci\u00f3n el a\u00f1o pasado por la crisis sanitaria ocasionada por el Covid-19, \u00a0tendr\u00e1 lugar la <strong>IX edici\u00f3n del evento de BTT denominado \u201cCaudete Extreme\u201d<\/strong>, perteneciente al Circuito Provincial de BTT de Albacete. Evento organizado por el Club Bicis Manol\u00edn \u2013 Hostal Restaurante Los Bronces y la Concejal\u00eda de Deportes del Ayuntamiento de Caudete. Como en ediciones anteriores el acontecimiento alberga dos recorridos; uno de 40 km y otro de 18 km para los participantes que se est\u00e9n iniciando en el deporte de la bici de monta\u00f1a. Para el recorrido largo la organizaci\u00f3n habilitar\u00e1 dos avituallamientos l\u00edquidos.<\/p>\n<p>La prueba absoluta de dificultad t\u00e9cnica dif\u00edcil \u00a0dar\u00e1 comienzo a las 10:00 horas desde la Avda. de la Libertad, para a continuaci\u00f3n transcurrir por los principales espacios naturales del t\u00e9rmino de Caudete, concretamente por los parajes de las Lomas, Sierra Al\u00e1cera y Toconera. Un recorrido muy divertido y exigente que combinar\u00e1 sendas, ramblas y pistas forestales, afrontando un desnivel acumulado de 696 metros y alcanzando una altitud m\u00e1xima de 772 m.<\/p>\n<p>El circuito corto, que comparte la gran parte de su trayecto con el circuito largo, se considera de dificultad t\u00e9cnica f\u00e1cil con un desnivel positivo de 185 m y una altitud m\u00e1xima de 698 m.<\/p>\n<p>Las inscripciones se podr\u00e1n realizar hasta el mi\u00e9rcoles 26 de enero a trav\u00e9s de la web <strong><a href=\"https:\/\/deportes.dipualba.es\/Login\/LoginFormulario\" target=\"_blank\" rel=\"nofollow\">https:\/\/deportes.dipualba.es\/Login\/Lo<\/a><\/strong><\/p>\n<p style=\"text-align: center;\"><strong>CARTEL OFICIAL IX CAUDETE EXTREME 2022<\/strong><\/p>\n<p><a href=\"https:\/\/www.caudete.org\/ayuntamiento\/wp-content\/uploads\/2022\/01\/Cartel-Oficial_001.jpg\" rel='prettyPhoto'><img fetchpriority=\"high\" decoding=\"async\" class=\"aligncenter wp-image-17882 size-medium\" src=\"https:\/\/www.caudete.org\/ayuntamiento\/wp-content\/uploads\/2022\/01\/Cartel-Oficial_001-213x300.jpg\" alt=\"\" width=\"213\" height=\"300\" srcset=\"https:\/\/www.caudete.org\/ayuntamiento\/wp-content\/uploads\/2022\/01\/Cartel-Oficial_001-213x300.jpg 213w, https:\/\/www.caudete.org\/ayuntamiento\/wp-content\/uploads\/2022\/01\/Cartel-Oficial_001-728x1024.jpg 728w, https:\/\/www.caudete.org\/ayuntamiento\/wp-content\/uploads\/2022\/01\/Cartel-Oficial_001-768x1080.jpg 768w, https:\/\/www.caudete.org\/ayuntamiento\/wp-content\/uploads\/2022\/01\/Cartel-Oficial_001.jpg 907w\" sizes=\"(max-width: 213px) 100vw, 213px\" \/><\/a><\/p>\n<p style=\"text-align: center;\"><strong>PLANO DEL CIRCUITO CORTO<\/strong><\/p>\n<p><a href=\"https:\/\/www.caudete.org\/ayuntamiento\/wp-content\/uploads\/2022\/01\/Plano-circuito-corto_001.jpg\" rel='prettyPhoto'><img decoding=\"async\" class=\"aligncenter wp-image-17883 size-medium\" src=\"https:\/\/www.caudete.org\/ayuntamiento\/wp-content\/uploads\/2022\/01\/Plano-circuito-corto_001-300x212.jpg\" alt=\"\" width=\"300\" height=\"212\" srcset=\"https:\/\/www.caudete.org\/ayuntamiento\/wp-content\/uploads\/2022\/01\/Plano-circuito-corto_001-300x212.jpg 300w, https:\/\/www.caudete.org\/ayuntamiento\/wp-content\/uploads\/2022\/01\/Plano-circuito-corto_001-768x543.jpg 768w, https:\/\/www.caudete.org\/ayuntamiento\/wp-content\/uploads\/2022\/01\/Plano-circuito-corto_001.jpg 842w\" sizes=\"(max-width: 300px) 100vw, 300px\" \/><\/a><\/p>\n<p style=\"text-align: center;\"><strong>PLANO DEL CIRCUITO LARGO<\/strong><\/p>\n<p><a href=\"https:\/\/www.caudete.org\/ayuntamiento\/wp-content\/uploads\/2022\/01\/Plano-circuito-largo_001.jpg\" rel='prettyPhoto'><img decoding=\"async\" class=\"aligncenter wp-image-17884 size-medium\" src=\"https:\/\/www.caudete.org\/ayuntamiento\/wp-content\/uploads\/2022\/01\/Plano-circuito-largo_001-300x212.jpg\" alt=\"\" width=\"300\" height=\"212\" srcset=\"https:\/\/www.caudete.org\/ayuntamiento\/wp-content\/uploads\/2022\/01\/Plano-circuito-largo_001-300x212.jpg 300w, https:\/\/www.caudete.org\/ayuntamiento\/wp-content\/uploads\/2022\/01\/Plano-circuito-largo_001-768x543.jpg 768w, https:\/\/www.caudete.org\/ayuntamiento\/wp-content\/uploads\/2022\/01\/Plano-circuito-largo_001.jpg 842w\" sizes=\"(max-width: 300px) 100vw, 300px\" \/><\/a><\/p>\n","protected":false},"excerpt":{"rendered":"<p>El pr\u00f3ximo domingo 30 de enero, y tras la interrupci\u00f3n el a\u00f1o pasado por la crisis sanitaria ocasionada por el Covid-19, \u00a0tendr\u00e1 lugar la IX edici\u00f3n del evento de BTT denominado \u201cCaudete Extreme\u201d, perteneciente al Circuito Provincial de BTT de Albacete. Evento organizado por el Club Bicis Manol\u00edn \u2013 Hostal Restaurante Los Bronces y la &hellip;<\/p>\n","protected":false},"author":2,"featured_media":17887,"comment_status":"closed","ping_status":"open","sticky":false,"template":"","format":"standard","meta":{"ngg_post_thumbnail":0,"footnotes":""},"categories":[23],"tags":[],"class_list":["post-17880","post","type-post","status-publish","format-standard","has-post-thumbnail","hentry","category-deportes"],"yoast_head":"<!-- This site is optimized with the Yoast SEO plugin v27.5 - https:\/\/yoast.com\/product\/yoast-seo-wordpress\/ -->\n<title>Caudete vuelve a acoger la prueba de BTT \u201cCaudete Extreme\u201d. - MI Ayuntamiento de Caudete<\/title>\n<meta name=\"description\" content=\"P\u00e1gina Oficial del Ayuntamiento de Caudete (Albacete)\" \/>\n<meta name=\"robots\" content=\"index, follow, max-snippet:-1, max-image-preview:large, max-video-preview:-1\" \/>\n<link rel=\"canonical\" href=\"https:\/\/www.caudete.org\/ayuntamiento\/caudete-vuelve-a-acoger-la-prueba-de-btt-caudete-extreme\/\" \/>\n<meta property=\"og:locale\" content=\"es_ES\" \/>\n<meta property=\"og:type\" content=\"article\" \/>\n<meta property=\"og:title\" content=\"Caudete vuelve a acoger la prueba de BTT \u201cCaudete Extreme\u201d. - MI Ayuntamiento de Caudete\" \/>\n<meta property=\"og:description\" content=\"P\u00e1gina Oficial del Ayuntamiento de Caudete (Albacete)\" \/>\n<meta property=\"og:url\" content=\"https:\/\/www.caudete.org\/ayuntamiento\/caudete-vuelve-a-acoger-la-prueba-de-btt-caudete-extreme\/\" \/>\n<meta property=\"og:site_name\" content=\"MI Ayuntamiento de Caudete\" \/>\n<meta property=\"article:publisher\" content=\"https:\/\/www.facebook.com\/ayuntamientocaudete\/\" \/>\n<meta property=\"article:published_time\" content=\"2022-01-21T12:20:23+00:00\" \/>\n<meta property=\"article:modified_time\" content=\"2022-01-21T12:30:08+00:00\" \/>\n<meta property=\"og:image\" content=\"https:\/\/www.caudete.org\/ayuntamiento\/wp-content\/uploads\/2022\/01\/Caudete-XtremeWEB-1.jpg\" \/>\n\t<meta property=\"og:image:width\" content=\"864\" \/>\n\t<meta property=\"og:image:height\" content=\"380\" \/>\n\t<meta property=\"og:image:type\" content=\"image\/jpeg\" \/>\n<meta name=\"author\" content=\"Juan\" \/>\n<meta name=\"twitter:card\" content=\"summary_large_image\" \/>\n<meta name=\"twitter:label1\" content=\"Escrito por\" \/>\n\t<meta name=\"twitter:data1\" content=\"Juan\" \/>\n\t<meta name=\"twitter:label2\" content=\"Tiempo de lectura\" \/>\n\t<meta name=\"twitter:data2\" content=\"2 minutos\" \/>\n<script type=\"application\/ld+json\" class=\"yoast-schema-graph\">{\"@context\":\"https:\\\/\\\/schema.org\",\"@graph\":[{\"@type\":\"Article\",\"@id\":\"https:\\\/\\\/www.caudete.org\\\/ayuntamiento\\\/caudete-vuelve-a-acoger-la-prueba-de-btt-caudete-extreme\\\/#article\",\"isPartOf\":{\"@id\":\"https:\\\/\\\/www.caudete.org\\\/ayuntamiento\\\/caudete-vuelve-a-acoger-la-prueba-de-btt-caudete-extreme\\\/\"},\"author\":{\"name\":\"Juan\",\"@id\":\"https:\\\/\\\/www.caudete.org\\\/ayuntamiento\\\/#\\\/schema\\\/person\\\/7656a5bb58fca95b9814e940de0fda63\"},\"headline\":\"Caudete vuelve a acoger la prueba de BTT \u201cCaudete Extreme\u201d.\",\"datePublished\":\"2022-01-21T12:20:23+00:00\",\"dateModified\":\"2022-01-21T12:30:08+00:00\",\"mainEntityOfPage\":{\"@id\":\"https:\\\/\\\/www.caudete.org\\\/ayuntamiento\\\/caudete-vuelve-a-acoger-la-prueba-de-btt-caudete-extreme\\\/\"},\"wordCount\":268,\"image\":{\"@id\":\"https:\\\/\\\/www.caudete.org\\\/ayuntamiento\\\/caudete-vuelve-a-acoger-la-prueba-de-btt-caudete-extreme\\\/#primaryimage\"},\"thumbnailUrl\":\"https:\\\/\\\/www.caudete.org\\\/ayuntamiento\\\/wp-content\\\/uploads\\\/2022\\\/01\\\/Caudete-XtremeWEB-1.jpg\",\"articleSection\":[\"Deportes\"],\"inLanguage\":\"es\"},{\"@type\":\"WebPage\",\"@id\":\"https:\\\/\\\/www.caudete.org\\\/ayuntamiento\\\/caudete-vuelve-a-acoger-la-prueba-de-btt-caudete-extreme\\\/\",\"url\":\"https:\\\/\\\/www.caudete.org\\\/ayuntamiento\\\/caudete-vuelve-a-acoger-la-prueba-de-btt-caudete-extreme\\\/\",\"name\":\"Caudete vuelve a acoger la prueba de BTT \u201cCaudete Extreme\u201d. - MI Ayuntamiento de Caudete\",\"isPartOf\":{\"@id\":\"https:\\\/\\\/www.caudete.org\\\/ayuntamiento\\\/#website\"},\"primaryImageOfPage\":{\"@id\":\"https:\\\/\\\/www.caudete.org\\\/ayuntamiento\\\/caudete-vuelve-a-acoger-la-prueba-de-btt-caudete-extreme\\\/#primaryimage\"},\"image\":{\"@id\":\"https:\\\/\\\/www.caudete.org\\\/ayuntamiento\\\/caudete-vuelve-a-acoger-la-prueba-de-btt-caudete-extreme\\\/#primaryimage\"},\"thumbnailUrl\":\"https:\\\/\\\/www.caudete.org\\\/ayuntamiento\\\/wp-content\\\/uploads\\\/2022\\\/01\\\/Caudete-XtremeWEB-1.jpg\",\"datePublished\":\"2022-01-21T12:20:23+00:00\",\"dateModified\":\"2022-01-21T12:30:08+00:00\",\"author\":{\"@id\":\"https:\\\/\\\/www.caudete.org\\\/ayuntamiento\\\/#\\\/schema\\\/person\\\/7656a5bb58fca95b9814e940de0fda63\"},\"description\":\"P\u00e1gina Oficial del Ayuntamiento de Caudete (Albacete)\",\"breadcrumb\":{\"@id\":\"https:\\\/\\\/www.caudete.org\\\/ayuntamiento\\\/caudete-vuelve-a-acoger-la-prueba-de-btt-caudete-extreme\\\/#breadcrumb\"},\"inLanguage\":\"es\",\"potentialAction\":[{\"@type\":\"ReadAction\",\"target\":[\"https:\\\/\\\/www.caudete.org\\\/ayuntamiento\\\/caudete-vuelve-a-acoger-la-prueba-de-btt-caudete-extreme\\\/\"]}]},{\"@type\":\"ImageObject\",\"inLanguage\":\"es\",\"@id\":\"https:\\\/\\\/www.caudete.org\\\/ayuntamiento\\\/caudete-vuelve-a-acoger-la-prueba-de-btt-caudete-extreme\\\/#primaryimage\",\"url\":\"https:\\\/\\\/www.caudete.org\\\/ayuntamiento\\\/wp-content\\\/uploads\\\/2022\\\/01\\\/Caudete-XtremeWEB-1.jpg\",\"contentUrl\":\"https:\\\/\\\/www.caudete.org\\\/ayuntamiento\\\/wp-content\\\/uploads\\\/2022\\\/01\\\/Caudete-XtremeWEB-1.jpg\",\"width\":864,\"height\":380},{\"@type\":\"BreadcrumbList\",\"@id\":\"https:\\\/\\\/www.caudete.org\\\/ayuntamiento\\\/caudete-vuelve-a-acoger-la-prueba-de-btt-caudete-extreme\\\/#breadcrumb\",\"itemListElement\":[{\"@type\":\"ListItem\",\"position\":1,\"name\":\"Inicio\",\"item\":\"https:\\\/\\\/www.caudete.org\\\/ayuntamiento\\\/\"},{\"@type\":\"ListItem\",\"position\":2,\"name\":\"Caudete vuelve a acoger la prueba de BTT \u201cCaudete Extreme\u201d.\"}]},{\"@type\":\"WebSite\",\"@id\":\"https:\\\/\\\/www.caudete.org\\\/ayuntamiento\\\/#website\",\"url\":\"https:\\\/\\\/www.caudete.org\\\/ayuntamiento\\\/\",\"name\":\"MI Ayuntamiento de Caudete\",\"description\":\"P\u00e1gina Oficial del MI Ayuntamiento de Caudete\",\"potentialAction\":[{\"@type\":\"SearchAction\",\"target\":{\"@type\":\"EntryPoint\",\"urlTemplate\":\"https:\\\/\\\/www.caudete.org\\\/ayuntamiento\\\/?s={search_term_string}\"},\"query-input\":{\"@type\":\"PropertyValueSpecification\",\"valueRequired\":true,\"valueName\":\"search_term_string\"}}],\"inLanguage\":\"es\"},{\"@type\":\"Person\",\"@id\":\"https:\\\/\\\/www.caudete.org\\\/ayuntamiento\\\/#\\\/schema\\\/person\\\/7656a5bb58fca95b9814e940de0fda63\",\"name\":\"Juan\",\"image\":{\"@type\":\"ImageObject\",\"inLanguage\":\"es\",\"@id\":\"https:\\\/\\\/secure.gravatar.com\\\/avatar\\\/dd53e51c0cd6ab23f52d4f3e4f1c59730240727763de3dbbf26750b079a2c292?s=96&d=mm&r=g\",\"url\":\"https:\\\/\\\/secure.gravatar.com\\\/avatar\\\/dd53e51c0cd6ab23f52d4f3e4f1c59730240727763de3dbbf26750b079a2c292?s=96&d=mm&r=g\",\"contentUrl\":\"https:\\\/\\\/secure.gravatar.com\\\/avatar\\\/dd53e51c0cd6ab23f52d4f3e4f1c59730240727763de3dbbf26750b079a2c292?s=96&d=mm&r=g\",\"caption\":\"Juan\"},\"url\":\"https:\\\/\\\/www.caudete.org\\\/ayuntamiento\\\/author\\\/centrodeinternet\\\/\"}]}<\/script>\n<!-- \/ Yoast SEO plugin. -->","yoast_head_json":{"title":"Caudete vuelve a acoger la prueba de BTT \u201cCaudete Extreme\u201d. - MI Ayuntamiento de Caudete","description":"P\u00e1gina Oficial del Ayuntamiento de Caudete (Albacete)","robots":{"index":"index","follow":"follow","max-snippet":"max-snippet:-1","max-image-preview":"max-image-preview:large","max-video-preview":"max-video-preview:-1"},"canonical":"https:\/\/www.caudete.org\/ayuntamiento\/caudete-vuelve-a-acoger-la-prueba-de-btt-caudete-extreme\/","og_locale":"es_ES","og_type":"article","og_title":"Caudete vuelve a acoger la prueba de BTT \u201cCaudete Extreme\u201d. - MI Ayuntamiento de Caudete","og_description":"P\u00e1gina Oficial del Ayuntamiento de Caudete (Albacete)","og_url":"https:\/\/www.caudete.org\/ayuntamiento\/caudete-vuelve-a-acoger-la-prueba-de-btt-caudete-extreme\/","og_site_name":"MI Ayuntamiento de Caudete","article_publisher":"https:\/\/www.facebook.com\/ayuntamientocaudete\/","article_published_time":"2022-01-21T12:20:23+00:00","article_modified_time":"2022-01-21T12:30:08+00:00","og_image":[{"width":864,"height":380,"url":"https:\/\/www.caudete.org\/ayuntamiento\/wp-content\/uploads\/2022\/01\/Caudete-XtremeWEB-1.jpg","type":"image\/jpeg"}],"author":"Juan","twitter_card":"summary_large_image","twitter_misc":{"Escrito por":"Juan","Tiempo de lectura":"2 minutos"},"schema":{"@context":"https:\/\/schema.org","@graph":[{"@type":"Article","@id":"https:\/\/www.caudete.org\/ayuntamiento\/caudete-vuelve-a-acoger-la-prueba-de-btt-caudete-extreme\/#article","isPartOf":{"@id":"https:\/\/www.caudete.org\/ayuntamiento\/caudete-vuelve-a-acoger-la-prueba-de-btt-caudete-extreme\/"},"author":{"name":"Juan","@id":"https:\/\/www.caudete.org\/ayuntamiento\/#\/schema\/person\/7656a5bb58fca95b9814e940de0fda63"},"headline":"Caudete vuelve a acoger la prueba de BTT \u201cCaudete Extreme\u201d.","datePublished":"2022-01-21T12:20:23+00:00","dateModified":"2022-01-21T12:30:08+00:00","mainEntityOfPage":{"@id":"https:\/\/www.caudete.org\/ayuntamiento\/caudete-vuelve-a-acoger-la-prueba-de-btt-caudete-extreme\/"},"wordCount":268,"image":{"@id":"https:\/\/www.caudete.org\/ayuntamiento\/caudete-vuelve-a-acoger-la-prueba-de-btt-caudete-extreme\/#primaryimage"},"thumbnailUrl":"https:\/\/www.caudete.org\/ayuntamiento\/wp-content\/uploads\/2022\/01\/Caudete-XtremeWEB-1.jpg","articleSection":["Deportes"],"inLanguage":"es"},{"@type":"WebPage","@id":"https:\/\/www.caudete.org\/ayuntamiento\/caudete-vuelve-a-acoger-la-prueba-de-btt-caudete-extreme\/","url":"https:\/\/www.caudete.org\/ayuntamiento\/caudete-vuelve-a-acoger-la-prueba-de-btt-caudete-extreme\/","name":"Caudete vuelve a acoger la prueba de BTT \u201cCaudete Extreme\u201d. - MI Ayuntamiento de Caudete","isPartOf":{"@id":"https:\/\/www.caudete.org\/ayuntamiento\/#website"},"primaryImageOfPage":{"@id":"https:\/\/www.caudete.org\/ayuntamiento\/caudete-vuelve-a-acoger-la-prueba-de-btt-caudete-extreme\/#primaryimage"},"image":{"@id":"https:\/\/www.caudete.org\/ayuntamiento\/caudete-vuelve-a-acoger-la-prueba-de-btt-caudete-extreme\/#primaryimage"},"thumbnailUrl":"https:\/\/www.caudete.org\/ayuntamiento\/wp-content\/uploads\/2022\/01\/Caudete-XtremeWEB-1.jpg","datePublished":"2022-01-21T12:20:23+00:00","dateModified":"2022-01-21T12:30:08+00:00","author":{"@id":"https:\/\/www.caudete.org\/ayuntamiento\/#\/schema\/person\/7656a5bb58fca95b9814e940de0fda63"},"description":"P\u00e1gina Oficial del Ayuntamiento de Caudete (Albacete)","breadcrumb":{"@id":"https:\/\/www.caudete.org\/ayuntamiento\/caudete-vuelve-a-acoger-la-prueba-de-btt-caudete-extreme\/#breadcrumb"},"inLanguage":"es","potentialAction":[{"@type":"ReadAction","target":["https:\/\/www.caudete.org\/ayuntamiento\/caudete-vuelve-a-acoger-la-prueba-de-btt-caudete-extreme\/"]}]},{"@type":"ImageObject","inLanguage":"es","@id":"https:\/\/www.caudete.org\/ayuntamiento\/caudete-vuelve-a-acoger-la-prueba-de-btt-caudete-extreme\/#primaryimage","url":"https:\/\/www.caudete.org\/ayuntamiento\/wp-content\/uploads\/2022\/01\/Caudete-XtremeWEB-1.jpg","contentUrl":"https:\/\/www.caudete.org\/ayuntamiento\/wp-content\/uploads\/2022\/01\/Caudete-XtremeWEB-1.jpg","width":864,"height":380},{"@type":"BreadcrumbList","@id":"https:\/\/www.caudete.org\/ayuntamiento\/caudete-vuelve-a-acoger-la-prueba-de-btt-caudete-extreme\/#breadcrumb","itemListElement":[{"@type":"ListItem","position":1,"name":"Inicio","item":"https:\/\/www.caudete.org\/ayuntamiento\/"},{"@type":"ListItem","position":2,"name":"Caudete vuelve a acoger la prueba de BTT \u201cCaudete Extreme\u201d."}]},{"@type":"WebSite","@id":"https:\/\/www.caudete.org\/ayuntamiento\/#website","url":"https:\/\/www.caudete.org\/ayuntamiento\/","name":"MI Ayuntamiento de Caudete","description":"P\u00e1gina Oficial del MI Ayuntamiento de Caudete","potentialAction":[{"@type":"SearchAction","target":{"@type":"EntryPoint","urlTemplate":"https:\/\/www.caudete.org\/ayuntamiento\/?s={search_term_string}"},"query-input":{"@type":"PropertyValueSpecification","valueRequired":true,"valueName":"search_term_string"}}],"inLanguage":"es"},{"@type":"Person","@id":"https:\/\/www.caudete.org\/ayuntamiento\/#\/schema\/person\/7656a5bb58fca95b9814e940de0fda63","name":"Juan","image":{"@type":"ImageObject","inLanguage":"es","@id":"https:\/\/secure.gravatar.com\/avatar\/dd53e51c0cd6ab23f52d4f3e4f1c59730240727763de3dbbf26750b079a2c292?s=96&d=mm&r=g","url":"https:\/\/secure.gravatar.com\/avatar\/dd53e51c0cd6ab23f52d4f3e4f1c59730240727763de3dbbf26750b079a2c292?s=96&d=mm&r=g","contentUrl":"https:\/\/secure.gravatar.com\/avatar\/dd53e51c0cd6ab23f52d4f3e4f1c59730240727763de3dbbf26750b079a2c292?s=96&d=mm&r=g","caption":"Juan"},"url":"https:\/\/www.caudete.org\/ayuntamiento\/author\/centrodeinternet\/"}]}},"_links":{"self":[{"href":"https:\/\/www.caudete.org\/ayuntamiento\/wp-json\/wp\/v2\/posts\/17880","targetHints":{"allow":["GET"]}}],"collection":[{"href":"https:\/\/www.caudete.org\/ayuntamiento\/wp-json\/wp\/v2\/posts"}],"about":[{"href":"https:\/\/www.caudete.org\/ayuntamiento\/wp-json\/wp\/v2\/types\/post"}],"author":[{"embeddable":true,"href":"https:\/\/www.caudete.org\/ayuntamiento\/wp-json\/wp\/v2\/users\/2"}],"replies":[{"embeddable":true,"href":"https:\/\/www.caudete.org\/ayuntamiento\/wp-json\/wp\/v2\/comments?post=17880"}],"version-history":[{"count":5,"href":"https:\/\/www.caudete.org\/ayuntamiento\/wp-json\/wp\/v2\/posts\/17880\/revisions"}],"predecessor-version":[{"id":17890,"href":"https:\/\/www.caudete.org\/ayuntamiento\/wp-json\/wp\/v2\/posts\/17880\/revisions\/17890"}],"wp:featuredmedia":[{"embeddable":true,"href":"https:\/\/www.caudete.org\/ayuntamiento\/wp-json\/wp\/v2\/media\/17887"}],"wp:attachment":[{"href":"https:\/\/www.caudete.org\/ayuntamiento\/wp-json\/wp\/v2\/media?parent=17880"}],"wp:term":[{"taxonomy":"category","embeddable":true,"href":"https:\/\/www.caudete.org\/ayuntamiento\/wp-json\/wp\/v2\/categories?post=17880"},{"taxonomy":"post_tag","embeddable":true,"href":"https:\/\/www.caudete.org\/ayuntamiento\/wp-json\/wp\/v2\/tags?post=17880"}],"curies":[{"name":"wp","href":"https:\/\/api.w.org\/{rel}","templated":true}]}}