{"id":17904,"date":"2022-01-24T08:00:22","date_gmt":"2022-01-24T07:00:22","guid":{"rendered":"https:\/\/www.caudete.org\/ayuntamiento\/?p=17904"},"modified":"2022-01-24T08:25:35","modified_gmt":"2022-01-24T07:25:35","slug":"hasta-el-jueves-se-puede-participar-mediante-encuesta-en-la-redaccion-del-plan-de-accion-local","status":"publish","type":"post","link":"https:\/\/www.caudete.org\/ayuntamiento\/hasta-el-jueves-se-puede-participar-mediante-encuesta-en-la-redaccion-del-plan-de-accion-local\/","title":{"rendered":"Hasta el jueves se puede participar mediante ENCUESTA en la redacci\u00f3n del PLAN DE ACCI\u00d3N LOCAL"},"content":{"rendered":"<p align=\"justify\"><span style=\"color: #000000; font-family: georgia, palatino, serif;\"><span style=\"font-size: medium;\">Pilar Egea, Concejal de Participaci\u00f3n Ciudadana, ha explicado en rueda de prensa el trabajo que el Ayuntamiento lleva a cabo para la elaboraci\u00f3n del Plan de Acci\u00f3n Local por la Sostenibilidad en el marco de la Agenda 2030.<\/span><\/span><\/p>\n<p align=\"justify\"><span style=\"color: #000000; font-family: georgia, palatino, serif;\"><span style=\"font-size: medium;\">En especial, lo hac\u00eda para solicitar a los caudetanos a nivel individual, y a colectivos del tejido asociativo local, su participaci\u00f3n en este proceso, y que en esta primera fase se materializa mediante unas encuestas an\u00f3nimas disponibles en esta misma noticia:<\/span><\/span><\/p>\n<ul>\n<li><strong>Poblaci\u00f3n menor 20 a\u00f1os<\/strong>: <a href=\"https:\/\/forms.office.com\/r\/y1fHstzuYH\" target=\"_blank\" rel=\"nofollow\">https:\/\/forms.office.com\/r\/y1fHstzuYH<\/a><\/li>\n<li><strong>Poblaci\u00f3n mayor 20 a\u00f1os<\/strong>: <a href=\"https:\/\/forms.office.com\/r\/DetuSeFrxG\" target=\"_blank\" rel=\"nofollow\">https:\/\/forms.office.com\/r\/DetuSeFrxG<\/a><\/li>\n<li><strong>Colectivos y asociaciones<\/strong>: <a href=\"https:\/\/forms.office.com\/r\/mn0Vey4z3r\" target=\"_blank\" rel=\"nofollow\">https:\/\/forms.office.com\/r\/mn0Vey4z3r<\/a><\/li>\n<\/ul>\n<p style=\"text-align: justify;\" align=\"justify\">Estas encuestas estar\u00e1n abiertas hasta el jueves 27 de Enero a las 15:00h, ya que tras ello se abre un periodo de estudio y parametrizaci\u00f3n de las mismas con el objetivo de poder establecer la informaci\u00f3n precisa que contemple el Plan de Acci\u00f3n en su primera fase.<\/p>\n<p align=\"justify\"><span style=\"color: #000000; font-family: georgia, palatino, serif;\"><span style=\"font-size: medium;\">A\u00f1ad\u00eda que con los resultados de las encuestas nos ayudar\u00e1 a la elaboraci\u00f3n de un diagn\u00f3stico del que partir para estructurar el Plan de Acci\u00f3n que ser\u00e1 dado a conocer a los ciudadanos y deber\u00e1 ser aprobado por el Pleno Municipal en el presente a\u00f1o 2022. <\/span><\/span><\/p>\n<p align=\"justify\"><span style=\"color: #000000; font-family: georgia, palatino, serif;\"><span style=\"font-size: medium;\">Recordaba Egea que el Pleno municipal en Octubre de 2020, y a propuesta del Gobierno Municipal adopt\u00f3 por unanimidad adherirse a la Red de Entidades locales por la Agenda 2030 de la FEMP, y para la elaboraci\u00f3n del presente Plan de Acci\u00f3n Local el Consistorio ha sido beneficiado en 2021 de una ayuda de la Excma. Diputaci\u00f3n Provincial para tal fin.<\/span><\/span><\/p>\n","protected":false},"excerpt":{"rendered":"<p>Pilar Egea, Concejal de Participaci\u00f3n Ciudadana, ha explicado en rueda de prensa el trabajo que el Ayuntamiento lleva a cabo para la elaboraci\u00f3n del Plan de Acci\u00f3n Local por la Sostenibilidad en el marco de la Agenda 2030. En especial, lo hac\u00eda para solicitar a los caudetanos a nivel individual, y a colectivos del tejido &hellip;<\/p>\n","protected":false},"author":3,"featured_media":17914,"comment_status":"closed","ping_status":"open","sticky":false,"template":"","format":"standard","meta":{"ngg_post_thumbnail":0,"footnotes":""},"categories":[38],"tags":[],"class_list":["post-17904","post","type-post","status-publish","format-standard","has-post-thumbnail","hentry","category-participacion-ciudadana"],"yoast_head":"<!-- This site is optimized with the Yoast SEO plugin v27.5 - https:\/\/yoast.com\/product\/yoast-seo-wordpress\/ -->\n<title>Hasta el jueves se puede participar mediante ENCUESTA en la redacci\u00f3n del PLAN DE ACCI\u00d3N LOCAL - MI Ayuntamiento de Caudete<\/title>\n<meta name=\"description\" content=\"P\u00e1gina Oficial del Ayuntamiento de Caudete (Albacete)\" \/>\n<meta name=\"robots\" content=\"index, follow, max-snippet:-1, max-image-preview:large, max-video-preview:-1\" \/>\n<link rel=\"canonical\" href=\"https:\/\/www.caudete.org\/ayuntamiento\/hasta-el-jueves-se-puede-participar-mediante-encuesta-en-la-redaccion-del-plan-de-accion-local\/\" \/>\n<meta property=\"og:locale\" content=\"es_ES\" \/>\n<meta property=\"og:type\" content=\"article\" \/>\n<meta property=\"og:title\" content=\"Hasta el jueves se puede participar mediante ENCUESTA en la redacci\u00f3n del PLAN DE ACCI\u00d3N LOCAL - MI Ayuntamiento de Caudete\" \/>\n<meta property=\"og:description\" content=\"P\u00e1gina Oficial del Ayuntamiento de Caudete (Albacete)\" \/>\n<meta property=\"og:url\" content=\"https:\/\/www.caudete.org\/ayuntamiento\/hasta-el-jueves-se-puede-participar-mediante-encuesta-en-la-redaccion-del-plan-de-accion-local\/\" \/>\n<meta property=\"og:site_name\" content=\"MI Ayuntamiento de Caudete\" \/>\n<meta property=\"article:publisher\" content=\"https:\/\/www.facebook.com\/ayuntamientocaudete\/\" \/>\n<meta property=\"article:published_time\" content=\"2022-01-24T07:00:22+00:00\" \/>\n<meta property=\"article:modified_time\" content=\"2022-01-24T07:25:35+00:00\" \/>\n<meta property=\"og:image\" content=\"https:\/\/www.caudete.org\/ayuntamiento\/wp-content\/uploads\/2022\/01\/Plan-Accion-Local-WEB.jpg\" \/>\n\t<meta property=\"og:image:width\" content=\"864\" \/>\n\t<meta property=\"og:image:height\" content=\"380\" \/>\n\t<meta property=\"og:image:type\" content=\"image\/jpeg\" \/>\n<meta name=\"author\" content=\"alcalde\" \/>\n<meta name=\"twitter:card\" content=\"summary_large_image\" \/>\n<meta name=\"twitter:label1\" content=\"Escrito por\" \/>\n\t<meta name=\"twitter:data1\" content=\"alcalde\" \/>\n\t<meta name=\"twitter:label2\" content=\"Tiempo de lectura\" \/>\n\t<meta name=\"twitter:data2\" content=\"2 minutos\" \/>\n<script type=\"application\/ld+json\" class=\"yoast-schema-graph\">{\"@context\":\"https:\\\/\\\/schema.org\",\"@graph\":[{\"@type\":\"Article\",\"@id\":\"https:\\\/\\\/www.caudete.org\\\/ayuntamiento\\\/hasta-el-jueves-se-puede-participar-mediante-encuesta-en-la-redaccion-del-plan-de-accion-local\\\/#article\",\"isPartOf\":{\"@id\":\"https:\\\/\\\/www.caudete.org\\\/ayuntamiento\\\/hasta-el-jueves-se-puede-participar-mediante-encuesta-en-la-redaccion-del-plan-de-accion-local\\\/\"},\"author\":{\"name\":\"alcalde\",\"@id\":\"https:\\\/\\\/www.caudete.org\\\/ayuntamiento\\\/#\\\/schema\\\/person\\\/cc646da9133078ee4d8dd47457947253\"},\"headline\":\"Hasta el jueves se puede participar mediante ENCUESTA en la redacci\u00f3n del PLAN DE ACCI\u00d3N LOCAL\",\"datePublished\":\"2022-01-24T07:00:22+00:00\",\"dateModified\":\"2022-01-24T07:25:35+00:00\",\"mainEntityOfPage\":{\"@id\":\"https:\\\/\\\/www.caudete.org\\\/ayuntamiento\\\/hasta-el-jueves-se-puede-participar-mediante-encuesta-en-la-redaccion-del-plan-de-accion-local\\\/\"},\"wordCount\":299,\"publisher\":{\"@id\":\"https:\\\/\\\/www.caudete.org\\\/ayuntamiento\\\/#organization\"},\"image\":{\"@id\":\"https:\\\/\\\/www.caudete.org\\\/ayuntamiento\\\/hasta-el-jueves-se-puede-participar-mediante-encuesta-en-la-redaccion-del-plan-de-accion-local\\\/#primaryimage\"},\"thumbnailUrl\":\"https:\\\/\\\/www.caudete.org\\\/ayuntamiento\\\/wp-content\\\/uploads\\\/2022\\\/01\\\/Plan-Accion-Local-WEB.jpg\",\"articleSection\":[\"Participaci\u00f3n Ciudadana\"],\"inLanguage\":\"es\"},{\"@type\":\"WebPage\",\"@id\":\"https:\\\/\\\/www.caudete.org\\\/ayuntamiento\\\/hasta-el-jueves-se-puede-participar-mediante-encuesta-en-la-redaccion-del-plan-de-accion-local\\\/\",\"url\":\"https:\\\/\\\/www.caudete.org\\\/ayuntamiento\\\/hasta-el-jueves-se-puede-participar-mediante-encuesta-en-la-redaccion-del-plan-de-accion-local\\\/\",\"name\":\"Hasta el jueves se puede participar mediante ENCUESTA en la redacci\u00f3n del PLAN DE ACCI\u00d3N LOCAL - MI Ayuntamiento de Caudete\",\"isPartOf\":{\"@id\":\"https:\\\/\\\/www.caudete.org\\\/ayuntamiento\\\/#website\"},\"primaryImageOfPage\":{\"@id\":\"https:\\\/\\\/www.caudete.org\\\/ayuntamiento\\\/hasta-el-jueves-se-puede-participar-mediante-encuesta-en-la-redaccion-del-plan-de-accion-local\\\/#primaryimage\"},\"image\":{\"@id\":\"https:\\\/\\\/www.caudete.org\\\/ayuntamiento\\\/hasta-el-jueves-se-puede-participar-mediante-encuesta-en-la-redaccion-del-plan-de-accion-local\\\/#primaryimage\"},\"thumbnailUrl\":\"https:\\\/\\\/www.caudete.org\\\/ayuntamiento\\\/wp-content\\\/uploads\\\/2022\\\/01\\\/Plan-Accion-Local-WEB.jpg\",\"datePublished\":\"2022-01-24T07:00:22+00:00\",\"dateModified\":\"2022-01-24T07:25:35+00:00\",\"description\":\"P\u00e1gina Oficial del Ayuntamiento de Caudete (Albacete)\",\"breadcrumb\":{\"@id\":\"https:\\\/\\\/www.caudete.org\\\/ayuntamiento\\\/hasta-el-jueves-se-puede-participar-mediante-encuesta-en-la-redaccion-del-plan-de-accion-local\\\/#breadcrumb\"},\"inLanguage\":\"es\",\"potentialAction\":[{\"@type\":\"ReadAction\",\"target\":[\"https:\\\/\\\/www.caudete.org\\\/ayuntamiento\\\/hasta-el-jueves-se-puede-participar-mediante-encuesta-en-la-redaccion-del-plan-de-accion-local\\\/\"]}]},{\"@type\":\"ImageObject\",\"inLanguage\":\"es\",\"@id\":\"https:\\\/\\\/www.caudete.org\\\/ayuntamiento\\\/hasta-el-jueves-se-puede-participar-mediante-encuesta-en-la-redaccion-del-plan-de-accion-local\\\/#primaryimage\",\"url\":\"https:\\\/\\\/www.caudete.org\\\/ayuntamiento\\\/wp-content\\\/uploads\\\/2022\\\/01\\\/Plan-Accion-Local-WEB.jpg\",\"contentUrl\":\"https:\\\/\\\/www.caudete.org\\\/ayuntamiento\\\/wp-content\\\/uploads\\\/2022\\\/01\\\/Plan-Accion-Local-WEB.jpg\",\"width\":864,\"height\":380},{\"@type\":\"BreadcrumbList\",\"@id\":\"https:\\\/\\\/www.caudete.org\\\/ayuntamiento\\\/hasta-el-jueves-se-puede-participar-mediante-encuesta-en-la-redaccion-del-plan-de-accion-local\\\/#breadcrumb\",\"itemListElement\":[{\"@type\":\"ListItem\",\"position\":1,\"name\":\"Inicio\",\"item\":\"https:\\\/\\\/www.caudete.org\\\/ayuntamiento\\\/\"},{\"@type\":\"ListItem\",\"position\":2,\"name\":\"Hasta el jueves se puede participar mediante ENCUESTA en la redacci\u00f3n del PLAN DE ACCI\u00d3N LOCAL\"}]},{\"@type\":\"WebSite\",\"@id\":\"https:\\\/\\\/www.caudete.org\\\/ayuntamiento\\\/#website\",\"url\":\"https:\\\/\\\/www.caudete.org\\\/ayuntamiento\\\/\",\"name\":\"MI Ayuntamiento de Caudete\",\"description\":\"P\u00e1gina Oficial del MI Ayuntamiento de Caudete\",\"publisher\":{\"@id\":\"https:\\\/\\\/www.caudete.org\\\/ayuntamiento\\\/#organization\"},\"potentialAction\":[{\"@type\":\"SearchAction\",\"target\":{\"@type\":\"EntryPoint\",\"urlTemplate\":\"https:\\\/\\\/www.caudete.org\\\/ayuntamiento\\\/?s={search_term_string}\"},\"query-input\":{\"@type\":\"PropertyValueSpecification\",\"valueRequired\":true,\"valueName\":\"search_term_string\"}}],\"inLanguage\":\"es\"},{\"@type\":\"Organization\",\"@id\":\"https:\\\/\\\/www.caudete.org\\\/ayuntamiento\\\/#organization\",\"name\":\"Ayuntamiento de Caudete\",\"url\":\"https:\\\/\\\/www.caudete.org\\\/ayuntamiento\\\/\",\"logo\":{\"@type\":\"ImageObject\",\"inLanguage\":\"es\",\"@id\":\"https:\\\/\\\/www.caudete.org\\\/ayuntamiento\\\/#\\\/schema\\\/logo\\\/image\\\/\",\"url\":\"https:\\\/\\\/www.caudete.org\\\/ayuntamiento\\\/wp-content\\\/uploads\\\/2020\\\/11\\\/logo_ayuntamiento_caudete.jpg\",\"contentUrl\":\"https:\\\/\\\/www.caudete.org\\\/ayuntamiento\\\/wp-content\\\/uploads\\\/2020\\\/11\\\/logo_ayuntamiento_caudete.jpg\",\"width\":600,\"height\":150,\"caption\":\"Ayuntamiento de Caudete\"},\"image\":{\"@id\":\"https:\\\/\\\/www.caudete.org\\\/ayuntamiento\\\/#\\\/schema\\\/logo\\\/image\\\/\"},\"sameAs\":[\"https:\\\/\\\/www.facebook.com\\\/ayuntamientocaudete\\\/\",\"https:\\\/\\\/www.youtube.com\\\/channel\\\/UC6VztHaooNsGpw-tNoBEFnQ\"]},{\"@type\":\"Person\",\"@id\":\"https:\\\/\\\/www.caudete.org\\\/ayuntamiento\\\/#\\\/schema\\\/person\\\/cc646da9133078ee4d8dd47457947253\",\"name\":\"alcalde\",\"image\":{\"@type\":\"ImageObject\",\"inLanguage\":\"es\",\"@id\":\"https:\\\/\\\/secure.gravatar.com\\\/avatar\\\/84a817ba065b29ff08d666b215a215f5c79186a645ccb25b14a663d48a130f77?s=96&d=mm&r=g\",\"url\":\"https:\\\/\\\/secure.gravatar.com\\\/avatar\\\/84a817ba065b29ff08d666b215a215f5c79186a645ccb25b14a663d48a130f77?s=96&d=mm&r=g\",\"contentUrl\":\"https:\\\/\\\/secure.gravatar.com\\\/avatar\\\/84a817ba065b29ff08d666b215a215f5c79186a645ccb25b14a663d48a130f77?s=96&d=mm&r=g\",\"caption\":\"alcalde\"},\"url\":\"https:\\\/\\\/www.caudete.org\\\/ayuntamiento\\\/author\\\/alcalde\\\/\"}]}<\/script>\n<!-- \/ Yoast SEO plugin. -->","yoast_head_json":{"title":"Hasta el jueves se puede participar mediante ENCUESTA en la redacci\u00f3n del PLAN DE ACCI\u00d3N LOCAL - MI Ayuntamiento de Caudete","description":"P\u00e1gina Oficial del Ayuntamiento de Caudete (Albacete)","robots":{"index":"index","follow":"follow","max-snippet":"max-snippet:-1","max-image-preview":"max-image-preview:large","max-video-preview":"max-video-preview:-1"},"canonical":"https:\/\/www.caudete.org\/ayuntamiento\/hasta-el-jueves-se-puede-participar-mediante-encuesta-en-la-redaccion-del-plan-de-accion-local\/","og_locale":"es_ES","og_type":"article","og_title":"Hasta el jueves se puede participar mediante ENCUESTA en la redacci\u00f3n del PLAN DE ACCI\u00d3N LOCAL - MI Ayuntamiento de Caudete","og_description":"P\u00e1gina Oficial del Ayuntamiento de Caudete (Albacete)","og_url":"https:\/\/www.caudete.org\/ayuntamiento\/hasta-el-jueves-se-puede-participar-mediante-encuesta-en-la-redaccion-del-plan-de-accion-local\/","og_site_name":"MI Ayuntamiento de Caudete","article_publisher":"https:\/\/www.facebook.com\/ayuntamientocaudete\/","article_published_time":"2022-01-24T07:00:22+00:00","article_modified_time":"2022-01-24T07:25:35+00:00","og_image":[{"width":864,"height":380,"url":"https:\/\/www.caudete.org\/ayuntamiento\/wp-content\/uploads\/2022\/01\/Plan-Accion-Local-WEB.jpg","type":"image\/jpeg"}],"author":"alcalde","twitter_card":"summary_large_image","twitter_misc":{"Escrito por":"alcalde","Tiempo de lectura":"2 minutos"},"schema":{"@context":"https:\/\/schema.org","@graph":[{"@type":"Article","@id":"https:\/\/www.caudete.org\/ayuntamiento\/hasta-el-jueves-se-puede-participar-mediante-encuesta-en-la-redaccion-del-plan-de-accion-local\/#article","isPartOf":{"@id":"https:\/\/www.caudete.org\/ayuntamiento\/hasta-el-jueves-se-puede-participar-mediante-encuesta-en-la-redaccion-del-plan-de-accion-local\/"},"author":{"name":"alcalde","@id":"https:\/\/www.caudete.org\/ayuntamiento\/#\/schema\/person\/cc646da9133078ee4d8dd47457947253"},"headline":"Hasta el jueves se puede participar mediante ENCUESTA en la redacci\u00f3n del PLAN DE ACCI\u00d3N LOCAL","datePublished":"2022-01-24T07:00:22+00:00","dateModified":"2022-01-24T07:25:35+00:00","mainEntityOfPage":{"@id":"https:\/\/www.caudete.org\/ayuntamiento\/hasta-el-jueves-se-puede-participar-mediante-encuesta-en-la-redaccion-del-plan-de-accion-local\/"},"wordCount":299,"publisher":{"@id":"https:\/\/www.caudete.org\/ayuntamiento\/#organization"},"image":{"@id":"https:\/\/www.caudete.org\/ayuntamiento\/hasta-el-jueves-se-puede-participar-mediante-encuesta-en-la-redaccion-del-plan-de-accion-local\/#primaryimage"},"thumbnailUrl":"https:\/\/www.caudete.org\/ayuntamiento\/wp-content\/uploads\/2022\/01\/Plan-Accion-Local-WEB.jpg","articleSection":["Participaci\u00f3n Ciudadana"],"inLanguage":"es"},{"@type":"WebPage","@id":"https:\/\/www.caudete.org\/ayuntamiento\/hasta-el-jueves-se-puede-participar-mediante-encuesta-en-la-redaccion-del-plan-de-accion-local\/","url":"https:\/\/www.caudete.org\/ayuntamiento\/hasta-el-jueves-se-puede-participar-mediante-encuesta-en-la-redaccion-del-plan-de-accion-local\/","name":"Hasta el jueves se puede participar mediante ENCUESTA en la redacci\u00f3n del PLAN DE ACCI\u00d3N LOCAL - MI Ayuntamiento de Caudete","isPartOf":{"@id":"https:\/\/www.caudete.org\/ayuntamiento\/#website"},"primaryImageOfPage":{"@id":"https:\/\/www.caudete.org\/ayuntamiento\/hasta-el-jueves-se-puede-participar-mediante-encuesta-en-la-redaccion-del-plan-de-accion-local\/#primaryimage"},"image":{"@id":"https:\/\/www.caudete.org\/ayuntamiento\/hasta-el-jueves-se-puede-participar-mediante-encuesta-en-la-redaccion-del-plan-de-accion-local\/#primaryimage"},"thumbnailUrl":"https:\/\/www.caudete.org\/ayuntamiento\/wp-content\/uploads\/2022\/01\/Plan-Accion-Local-WEB.jpg","datePublished":"2022-01-24T07:00:22+00:00","dateModified":"2022-01-24T07:25:35+00:00","description":"P\u00e1gina Oficial del Ayuntamiento de Caudete (Albacete)","breadcrumb":{"@id":"https:\/\/www.caudete.org\/ayuntamiento\/hasta-el-jueves-se-puede-participar-mediante-encuesta-en-la-redaccion-del-plan-de-accion-local\/#breadcrumb"},"inLanguage":"es","potentialAction":[{"@type":"ReadAction","target":["https:\/\/www.caudete.org\/ayuntamiento\/hasta-el-jueves-se-puede-participar-mediante-encuesta-en-la-redaccion-del-plan-de-accion-local\/"]}]},{"@type":"ImageObject","inLanguage":"es","@id":"https:\/\/www.caudete.org\/ayuntamiento\/hasta-el-jueves-se-puede-participar-mediante-encuesta-en-la-redaccion-del-plan-de-accion-local\/#primaryimage","url":"https:\/\/www.caudete.org\/ayuntamiento\/wp-content\/uploads\/2022\/01\/Plan-Accion-Local-WEB.jpg","contentUrl":"https:\/\/www.caudete.org\/ayuntamiento\/wp-content\/uploads\/2022\/01\/Plan-Accion-Local-WEB.jpg","width":864,"height":380},{"@type":"BreadcrumbList","@id":"https:\/\/www.caudete.org\/ayuntamiento\/hasta-el-jueves-se-puede-participar-mediante-encuesta-en-la-redaccion-del-plan-de-accion-local\/#breadcrumb","itemListElement":[{"@type":"ListItem","position":1,"name":"Inicio","item":"https:\/\/www.caudete.org\/ayuntamiento\/"},{"@type":"ListItem","position":2,"name":"Hasta el jueves se puede participar mediante ENCUESTA en la redacci\u00f3n del PLAN DE ACCI\u00d3N LOCAL"}]},{"@type":"WebSite","@id":"https:\/\/www.caudete.org\/ayuntamiento\/#website","url":"https:\/\/www.caudete.org\/ayuntamiento\/","name":"MI Ayuntamiento de Caudete","description":"P\u00e1gina Oficial del MI Ayuntamiento de Caudete","publisher":{"@id":"https:\/\/www.caudete.org\/ayuntamiento\/#organization"},"potentialAction":[{"@type":"SearchAction","target":{"@type":"EntryPoint","urlTemplate":"https:\/\/www.caudete.org\/ayuntamiento\/?s={search_term_string}"},"query-input":{"@type":"PropertyValueSpecification","valueRequired":true,"valueName":"search_term_string"}}],"inLanguage":"es"},{"@type":"Organization","@id":"https:\/\/www.caudete.org\/ayuntamiento\/#organization","name":"Ayuntamiento de Caudete","url":"https:\/\/www.caudete.org\/ayuntamiento\/","logo":{"@type":"ImageObject","inLanguage":"es","@id":"https:\/\/www.caudete.org\/ayuntamiento\/#\/schema\/logo\/image\/","url":"https:\/\/www.caudete.org\/ayuntamiento\/wp-content\/uploads\/2020\/11\/logo_ayuntamiento_caudete.jpg","contentUrl":"https:\/\/www.caudete.org\/ayuntamiento\/wp-content\/uploads\/2020\/11\/logo_ayuntamiento_caudete.jpg","width":600,"height":150,"caption":"Ayuntamiento de Caudete"},"image":{"@id":"https:\/\/www.caudete.org\/ayuntamiento\/#\/schema\/logo\/image\/"},"sameAs":["https:\/\/www.facebook.com\/ayuntamientocaudete\/","https:\/\/www.youtube.com\/channel\/UC6VztHaooNsGpw-tNoBEFnQ"]},{"@type":"Person","@id":"https:\/\/www.caudete.org\/ayuntamiento\/#\/schema\/person\/cc646da9133078ee4d8dd47457947253","name":"alcalde","image":{"@type":"ImageObject","inLanguage":"es","@id":"https:\/\/secure.gravatar.com\/avatar\/84a817ba065b29ff08d666b215a215f5c79186a645ccb25b14a663d48a130f77?s=96&d=mm&r=g","url":"https:\/\/secure.gravatar.com\/avatar\/84a817ba065b29ff08d666b215a215f5c79186a645ccb25b14a663d48a130f77?s=96&d=mm&r=g","contentUrl":"https:\/\/secure.gravatar.com\/avatar\/84a817ba065b29ff08d666b215a215f5c79186a645ccb25b14a663d48a130f77?s=96&d=mm&r=g","caption":"alcalde"},"url":"https:\/\/www.caudete.org\/ayuntamiento\/author\/alcalde\/"}]}},"_links":{"self":[{"href":"https:\/\/www.caudete.org\/ayuntamiento\/wp-json\/wp\/v2\/posts\/17904","targetHints":{"allow":["GET"]}}],"collection":[{"href":"https:\/\/www.caudete.org\/ayuntamiento\/wp-json\/wp\/v2\/posts"}],"about":[{"href":"https:\/\/www.caudete.org\/ayuntamiento\/wp-json\/wp\/v2\/types\/post"}],"author":[{"embeddable":true,"href":"https:\/\/www.caudete.org\/ayuntamiento\/wp-json\/wp\/v2\/users\/3"}],"replies":[{"embeddable":true,"href":"https:\/\/www.caudete.org\/ayuntamiento\/wp-json\/wp\/v2\/comments?post=17904"}],"version-history":[{"count":1,"href":"https:\/\/www.caudete.org\/ayuntamiento\/wp-json\/wp\/v2\/posts\/17904\/revisions"}],"predecessor-version":[{"id":17906,"href":"https:\/\/www.caudete.org\/ayuntamiento\/wp-json\/wp\/v2\/posts\/17904\/revisions\/17906"}],"wp:featuredmedia":[{"embeddable":true,"href":"https:\/\/www.caudete.org\/ayuntamiento\/wp-json\/wp\/v2\/media\/17914"}],"wp:attachment":[{"href":"https:\/\/www.caudete.org\/ayuntamiento\/wp-json\/wp\/v2\/media?parent=17904"}],"wp:term":[{"taxonomy":"category","embeddable":true,"href":"https:\/\/www.caudete.org\/ayuntamiento\/wp-json\/wp\/v2\/categories?post=17904"},{"taxonomy":"post_tag","embeddable":true,"href":"https:\/\/www.caudete.org\/ayuntamiento\/wp-json\/wp\/v2\/tags?post=17904"}],"curies":[{"name":"wp","href":"https:\/\/api.w.org\/{rel}","templated":true}]}}