{"id":17907,"date":"2022-01-24T08:00:22","date_gmt":"2022-01-24T07:00:22","guid":{"rendered":"https:\/\/www.caudete.org\/ayuntamiento\/?p=17907"},"modified":"2022-01-24T08:30:23","modified_gmt":"2022-01-24T07:30:23","slug":"se-invierten-4-114e-en-la-plaza-de-toros-para-reparar-las-puertas-de-acceso-laterales","status":"publish","type":"post","link":"https:\/\/www.caudete.org\/ayuntamiento\/se-invierten-4-114e-en-la-plaza-de-toros-para-reparar-las-puertas-de-acceso-laterales\/","title":{"rendered":"Se invierten 4.114\u20ac en La PLAZA DE TOROS para reparar las puertas de acceso laterales"},"content":{"rendered":"<p style=\"text-align: justify;\">El pasado viernes, Diego Cuenca, Concejal de Patrimonio Hist\u00f3rico del Ayuntamiento se desplazaba hasta la Plaza de Toros &#8220;Arenas&#8221; de Caudete para comprobar las \u00faltimas actuaciones que el Gobierno Municipal ha realizado sobre el monumento insignia de los caudetanos.<\/p>\n<p style=\"text-align: justify;\">Las puertas laterales del coso han sido reparadas gracias a una inversi\u00f3n de 4.114&#8217;00\u20ac sufragadas por el Presupuesto Municipal 2021 y ejecutadas por Mecanizados Caudete, S.L., empresa local que result\u00f3 adjudicataria de la licitaci\u00f3n.<\/p>\n<p style=\"text-align: justify;\">Los trabajos, una vez concluidos, han permitido recuperar y sanear las puertas met\u00e1licas originales que presentaban deficiencias por un estado natural corrosivo, y que hab\u00eda debilitado principalmente el barr\u00f3n y cuarter\u00f3n inferior. Para ello, result\u00f3 necesario extraerlas y trabajarlas en taller. Adem\u00e1s, se han reposicionado los pernios y sustituido angular central longitudinal con el fin de facilitar la apertura y cierre de las mismas con total facilidad y seguridad. Tan solo queda pendiente el lacado de las mismas, que junto a otras tareas de pintura en el inmueble se prev\u00e9 para el presente a\u00f1o 2022.<\/p>\n<p style=\"text-align: justify;\">Igualmente, se ha provisto del suministro y colocaci\u00f3n de dos nuevas puertas, para la sala de carros bajo y camerino (ambos bajo gradas) de dise\u00f1o id\u00e9ntico a las situadas hace dos a\u00f1os en los aseos de la Plaza.<\/p>\n<p style=\"text-align: justify;\">Recordaba que el Edil que estas actuaciones est\u00e1n contempladas en el Plan Director que el Pleno aprob\u00f3 en 2017, y que esta inversi\u00f3n, junto a la realizada el pasado verano sobre el enfoscado interior de la fachada, suponen cerca de 20.000\u20ac los que el Consistorio ha destinado en 2021 para el mantenimiento y conservaci\u00f3n de la Plaza de Toros.<\/p>\n","protected":false},"excerpt":{"rendered":"<p>El pasado viernes, Diego Cuenca, Concejal de Patrimonio Hist\u00f3rico del Ayuntamiento se desplazaba hasta la Plaza de Toros &#8220;Arenas&#8221; de Caudete para comprobar las \u00faltimas actuaciones que el Gobierno Municipal ha realizado sobre el monumento insignia de los caudetanos. Las puertas laterales del coso han sido reparadas gracias a una inversi\u00f3n de 4.114&#8217;00\u20ac sufragadas por &hellip;<\/p>\n","protected":false},"author":3,"featured_media":17915,"comment_status":"closed","ping_status":"open","sticky":false,"template":"","format":"standard","meta":{"ngg_post_thumbnail":0,"footnotes":""},"categories":[45],"tags":[],"class_list":["post-17907","post","type-post","status-publish","format-standard","has-post-thumbnail","hentry","category-patrimonio"],"yoast_head":"<!-- This site is optimized with the Yoast SEO plugin v27.5 - https:\/\/yoast.com\/product\/yoast-seo-wordpress\/ -->\n<title>Se invierten 4.114\u20ac en La PLAZA DE TOROS para reparar las puertas de acceso laterales - MI Ayuntamiento de Caudete<\/title>\n<meta name=\"description\" content=\"P\u00e1gina Oficial del Ayuntamiento de Caudete (Albacete)\" \/>\n<meta name=\"robots\" content=\"index, follow, max-snippet:-1, max-image-preview:large, max-video-preview:-1\" \/>\n<link rel=\"canonical\" href=\"https:\/\/www.caudete.org\/ayuntamiento\/se-invierten-4-114e-en-la-plaza-de-toros-para-reparar-las-puertas-de-acceso-laterales\/\" \/>\n<meta property=\"og:locale\" content=\"es_ES\" \/>\n<meta property=\"og:type\" content=\"article\" \/>\n<meta property=\"og:title\" content=\"Se invierten 4.114\u20ac en La PLAZA DE TOROS para reparar las puertas de acceso laterales - MI Ayuntamiento de Caudete\" \/>\n<meta property=\"og:description\" content=\"P\u00e1gina Oficial del Ayuntamiento de Caudete (Albacete)\" \/>\n<meta property=\"og:url\" content=\"https:\/\/www.caudete.org\/ayuntamiento\/se-invierten-4-114e-en-la-plaza-de-toros-para-reparar-las-puertas-de-acceso-laterales\/\" \/>\n<meta property=\"og:site_name\" content=\"MI Ayuntamiento de Caudete\" \/>\n<meta property=\"article:publisher\" content=\"https:\/\/www.facebook.com\/ayuntamientocaudete\/\" \/>\n<meta property=\"article:published_time\" content=\"2022-01-24T07:00:22+00:00\" \/>\n<meta property=\"article:modified_time\" content=\"2022-01-24T07:30:23+00:00\" \/>\n<meta property=\"og:image\" content=\"https:\/\/www.caudete.org\/ayuntamiento\/wp-content\/uploads\/2022\/01\/Puertas-Plaza-Toros-WEB.jpg\" \/>\n\t<meta property=\"og:image:width\" content=\"864\" \/>\n\t<meta property=\"og:image:height\" content=\"380\" \/>\n\t<meta property=\"og:image:type\" content=\"image\/jpeg\" \/>\n<meta name=\"author\" content=\"alcalde\" \/>\n<meta name=\"twitter:card\" content=\"summary_large_image\" \/>\n<meta name=\"twitter:label1\" content=\"Escrito por\" \/>\n\t<meta name=\"twitter:data1\" content=\"alcalde\" \/>\n\t<meta name=\"twitter:label2\" content=\"Tiempo de lectura\" \/>\n\t<meta name=\"twitter:data2\" content=\"1 minuto\" \/>\n<script type=\"application\/ld+json\" class=\"yoast-schema-graph\">{\"@context\":\"https:\\\/\\\/schema.org\",\"@graph\":[{\"@type\":\"Article\",\"@id\":\"https:\\\/\\\/www.caudete.org\\\/ayuntamiento\\\/se-invierten-4-114e-en-la-plaza-de-toros-para-reparar-las-puertas-de-acceso-laterales\\\/#article\",\"isPartOf\":{\"@id\":\"https:\\\/\\\/www.caudete.org\\\/ayuntamiento\\\/se-invierten-4-114e-en-la-plaza-de-toros-para-reparar-las-puertas-de-acceso-laterales\\\/\"},\"author\":{\"name\":\"alcalde\",\"@id\":\"https:\\\/\\\/www.caudete.org\\\/ayuntamiento\\\/#\\\/schema\\\/person\\\/cc646da9133078ee4d8dd47457947253\"},\"headline\":\"Se invierten 4.114\u20ac en La PLAZA DE TOROS para reparar las puertas de acceso laterales\",\"datePublished\":\"2022-01-24T07:00:22+00:00\",\"dateModified\":\"2022-01-24T07:30:23+00:00\",\"mainEntityOfPage\":{\"@id\":\"https:\\\/\\\/www.caudete.org\\\/ayuntamiento\\\/se-invierten-4-114e-en-la-plaza-de-toros-para-reparar-las-puertas-de-acceso-laterales\\\/\"},\"wordCount\":290,\"image\":{\"@id\":\"https:\\\/\\\/www.caudete.org\\\/ayuntamiento\\\/se-invierten-4-114e-en-la-plaza-de-toros-para-reparar-las-puertas-de-acceso-laterales\\\/#primaryimage\"},\"thumbnailUrl\":\"https:\\\/\\\/www.caudete.org\\\/ayuntamiento\\\/wp-content\\\/uploads\\\/2022\\\/01\\\/Puertas-Plaza-Toros-WEB.jpg\",\"articleSection\":[\"Patrimonio\"],\"inLanguage\":\"es\"},{\"@type\":\"WebPage\",\"@id\":\"https:\\\/\\\/www.caudete.org\\\/ayuntamiento\\\/se-invierten-4-114e-en-la-plaza-de-toros-para-reparar-las-puertas-de-acceso-laterales\\\/\",\"url\":\"https:\\\/\\\/www.caudete.org\\\/ayuntamiento\\\/se-invierten-4-114e-en-la-plaza-de-toros-para-reparar-las-puertas-de-acceso-laterales\\\/\",\"name\":\"Se invierten 4.114\u20ac en La PLAZA DE TOROS para reparar las puertas de acceso laterales - MI Ayuntamiento de Caudete\",\"isPartOf\":{\"@id\":\"https:\\\/\\\/www.caudete.org\\\/ayuntamiento\\\/#website\"},\"primaryImageOfPage\":{\"@id\":\"https:\\\/\\\/www.caudete.org\\\/ayuntamiento\\\/se-invierten-4-114e-en-la-plaza-de-toros-para-reparar-las-puertas-de-acceso-laterales\\\/#primaryimage\"},\"image\":{\"@id\":\"https:\\\/\\\/www.caudete.org\\\/ayuntamiento\\\/se-invierten-4-114e-en-la-plaza-de-toros-para-reparar-las-puertas-de-acceso-laterales\\\/#primaryimage\"},\"thumbnailUrl\":\"https:\\\/\\\/www.caudete.org\\\/ayuntamiento\\\/wp-content\\\/uploads\\\/2022\\\/01\\\/Puertas-Plaza-Toros-WEB.jpg\",\"datePublished\":\"2022-01-24T07:00:22+00:00\",\"dateModified\":\"2022-01-24T07:30:23+00:00\",\"author\":{\"@id\":\"https:\\\/\\\/www.caudete.org\\\/ayuntamiento\\\/#\\\/schema\\\/person\\\/cc646da9133078ee4d8dd47457947253\"},\"description\":\"P\u00e1gina Oficial del Ayuntamiento de Caudete (Albacete)\",\"breadcrumb\":{\"@id\":\"https:\\\/\\\/www.caudete.org\\\/ayuntamiento\\\/se-invierten-4-114e-en-la-plaza-de-toros-para-reparar-las-puertas-de-acceso-laterales\\\/#breadcrumb\"},\"inLanguage\":\"es\",\"potentialAction\":[{\"@type\":\"ReadAction\",\"target\":[\"https:\\\/\\\/www.caudete.org\\\/ayuntamiento\\\/se-invierten-4-114e-en-la-plaza-de-toros-para-reparar-las-puertas-de-acceso-laterales\\\/\"]}]},{\"@type\":\"ImageObject\",\"inLanguage\":\"es\",\"@id\":\"https:\\\/\\\/www.caudete.org\\\/ayuntamiento\\\/se-invierten-4-114e-en-la-plaza-de-toros-para-reparar-las-puertas-de-acceso-laterales\\\/#primaryimage\",\"url\":\"https:\\\/\\\/www.caudete.org\\\/ayuntamiento\\\/wp-content\\\/uploads\\\/2022\\\/01\\\/Puertas-Plaza-Toros-WEB.jpg\",\"contentUrl\":\"https:\\\/\\\/www.caudete.org\\\/ayuntamiento\\\/wp-content\\\/uploads\\\/2022\\\/01\\\/Puertas-Plaza-Toros-WEB.jpg\",\"width\":864,\"height\":380},{\"@type\":\"BreadcrumbList\",\"@id\":\"https:\\\/\\\/www.caudete.org\\\/ayuntamiento\\\/se-invierten-4-114e-en-la-plaza-de-toros-para-reparar-las-puertas-de-acceso-laterales\\\/#breadcrumb\",\"itemListElement\":[{\"@type\":\"ListItem\",\"position\":1,\"name\":\"Inicio\",\"item\":\"https:\\\/\\\/www.caudete.org\\\/ayuntamiento\\\/\"},{\"@type\":\"ListItem\",\"position\":2,\"name\":\"Se invierten 4.114\u20ac en La PLAZA DE TOROS para reparar las puertas de acceso laterales\"}]},{\"@type\":\"WebSite\",\"@id\":\"https:\\\/\\\/www.caudete.org\\\/ayuntamiento\\\/#website\",\"url\":\"https:\\\/\\\/www.caudete.org\\\/ayuntamiento\\\/\",\"name\":\"MI Ayuntamiento de Caudete\",\"description\":\"P\u00e1gina Oficial del MI Ayuntamiento de Caudete\",\"potentialAction\":[{\"@type\":\"SearchAction\",\"target\":{\"@type\":\"EntryPoint\",\"urlTemplate\":\"https:\\\/\\\/www.caudete.org\\\/ayuntamiento\\\/?s={search_term_string}\"},\"query-input\":{\"@type\":\"PropertyValueSpecification\",\"valueRequired\":true,\"valueName\":\"search_term_string\"}}],\"inLanguage\":\"es\"},{\"@type\":\"Person\",\"@id\":\"https:\\\/\\\/www.caudete.org\\\/ayuntamiento\\\/#\\\/schema\\\/person\\\/cc646da9133078ee4d8dd47457947253\",\"name\":\"alcalde\",\"image\":{\"@type\":\"ImageObject\",\"inLanguage\":\"es\",\"@id\":\"https:\\\/\\\/secure.gravatar.com\\\/avatar\\\/84a817ba065b29ff08d666b215a215f5c79186a645ccb25b14a663d48a130f77?s=96&d=mm&r=g\",\"url\":\"https:\\\/\\\/secure.gravatar.com\\\/avatar\\\/84a817ba065b29ff08d666b215a215f5c79186a645ccb25b14a663d48a130f77?s=96&d=mm&r=g\",\"contentUrl\":\"https:\\\/\\\/secure.gravatar.com\\\/avatar\\\/84a817ba065b29ff08d666b215a215f5c79186a645ccb25b14a663d48a130f77?s=96&d=mm&r=g\",\"caption\":\"alcalde\"},\"url\":\"https:\\\/\\\/www.caudete.org\\\/ayuntamiento\\\/author\\\/alcalde\\\/\"}]}<\/script>\n<!-- \/ Yoast SEO plugin. -->","yoast_head_json":{"title":"Se invierten 4.114\u20ac en La PLAZA DE TOROS para reparar las puertas de acceso laterales - MI Ayuntamiento de Caudete","description":"P\u00e1gina Oficial del Ayuntamiento de Caudete (Albacete)","robots":{"index":"index","follow":"follow","max-snippet":"max-snippet:-1","max-image-preview":"max-image-preview:large","max-video-preview":"max-video-preview:-1"},"canonical":"https:\/\/www.caudete.org\/ayuntamiento\/se-invierten-4-114e-en-la-plaza-de-toros-para-reparar-las-puertas-de-acceso-laterales\/","og_locale":"es_ES","og_type":"article","og_title":"Se invierten 4.114\u20ac en La PLAZA DE TOROS para reparar las puertas de acceso laterales - MI Ayuntamiento de Caudete","og_description":"P\u00e1gina Oficial del Ayuntamiento de Caudete (Albacete)","og_url":"https:\/\/www.caudete.org\/ayuntamiento\/se-invierten-4-114e-en-la-plaza-de-toros-para-reparar-las-puertas-de-acceso-laterales\/","og_site_name":"MI Ayuntamiento de Caudete","article_publisher":"https:\/\/www.facebook.com\/ayuntamientocaudete\/","article_published_time":"2022-01-24T07:00:22+00:00","article_modified_time":"2022-01-24T07:30:23+00:00","og_image":[{"width":864,"height":380,"url":"https:\/\/www.caudete.org\/ayuntamiento\/wp-content\/uploads\/2022\/01\/Puertas-Plaza-Toros-WEB.jpg","type":"image\/jpeg"}],"author":"alcalde","twitter_card":"summary_large_image","twitter_misc":{"Escrito por":"alcalde","Tiempo de lectura":"1 minuto"},"schema":{"@context":"https:\/\/schema.org","@graph":[{"@type":"Article","@id":"https:\/\/www.caudete.org\/ayuntamiento\/se-invierten-4-114e-en-la-plaza-de-toros-para-reparar-las-puertas-de-acceso-laterales\/#article","isPartOf":{"@id":"https:\/\/www.caudete.org\/ayuntamiento\/se-invierten-4-114e-en-la-plaza-de-toros-para-reparar-las-puertas-de-acceso-laterales\/"},"author":{"name":"alcalde","@id":"https:\/\/www.caudete.org\/ayuntamiento\/#\/schema\/person\/cc646da9133078ee4d8dd47457947253"},"headline":"Se invierten 4.114\u20ac en La PLAZA DE TOROS para reparar las puertas de acceso laterales","datePublished":"2022-01-24T07:00:22+00:00","dateModified":"2022-01-24T07:30:23+00:00","mainEntityOfPage":{"@id":"https:\/\/www.caudete.org\/ayuntamiento\/se-invierten-4-114e-en-la-plaza-de-toros-para-reparar-las-puertas-de-acceso-laterales\/"},"wordCount":290,"image":{"@id":"https:\/\/www.caudete.org\/ayuntamiento\/se-invierten-4-114e-en-la-plaza-de-toros-para-reparar-las-puertas-de-acceso-laterales\/#primaryimage"},"thumbnailUrl":"https:\/\/www.caudete.org\/ayuntamiento\/wp-content\/uploads\/2022\/01\/Puertas-Plaza-Toros-WEB.jpg","articleSection":["Patrimonio"],"inLanguage":"es"},{"@type":"WebPage","@id":"https:\/\/www.caudete.org\/ayuntamiento\/se-invierten-4-114e-en-la-plaza-de-toros-para-reparar-las-puertas-de-acceso-laterales\/","url":"https:\/\/www.caudete.org\/ayuntamiento\/se-invierten-4-114e-en-la-plaza-de-toros-para-reparar-las-puertas-de-acceso-laterales\/","name":"Se invierten 4.114\u20ac en La PLAZA DE TOROS para reparar las puertas de acceso laterales - MI Ayuntamiento de Caudete","isPartOf":{"@id":"https:\/\/www.caudete.org\/ayuntamiento\/#website"},"primaryImageOfPage":{"@id":"https:\/\/www.caudete.org\/ayuntamiento\/se-invierten-4-114e-en-la-plaza-de-toros-para-reparar-las-puertas-de-acceso-laterales\/#primaryimage"},"image":{"@id":"https:\/\/www.caudete.org\/ayuntamiento\/se-invierten-4-114e-en-la-plaza-de-toros-para-reparar-las-puertas-de-acceso-laterales\/#primaryimage"},"thumbnailUrl":"https:\/\/www.caudete.org\/ayuntamiento\/wp-content\/uploads\/2022\/01\/Puertas-Plaza-Toros-WEB.jpg","datePublished":"2022-01-24T07:00:22+00:00","dateModified":"2022-01-24T07:30:23+00:00","author":{"@id":"https:\/\/www.caudete.org\/ayuntamiento\/#\/schema\/person\/cc646da9133078ee4d8dd47457947253"},"description":"P\u00e1gina Oficial del Ayuntamiento de Caudete (Albacete)","breadcrumb":{"@id":"https:\/\/www.caudete.org\/ayuntamiento\/se-invierten-4-114e-en-la-plaza-de-toros-para-reparar-las-puertas-de-acceso-laterales\/#breadcrumb"},"inLanguage":"es","potentialAction":[{"@type":"ReadAction","target":["https:\/\/www.caudete.org\/ayuntamiento\/se-invierten-4-114e-en-la-plaza-de-toros-para-reparar-las-puertas-de-acceso-laterales\/"]}]},{"@type":"ImageObject","inLanguage":"es","@id":"https:\/\/www.caudete.org\/ayuntamiento\/se-invierten-4-114e-en-la-plaza-de-toros-para-reparar-las-puertas-de-acceso-laterales\/#primaryimage","url":"https:\/\/www.caudete.org\/ayuntamiento\/wp-content\/uploads\/2022\/01\/Puertas-Plaza-Toros-WEB.jpg","contentUrl":"https:\/\/www.caudete.org\/ayuntamiento\/wp-content\/uploads\/2022\/01\/Puertas-Plaza-Toros-WEB.jpg","width":864,"height":380},{"@type":"BreadcrumbList","@id":"https:\/\/www.caudete.org\/ayuntamiento\/se-invierten-4-114e-en-la-plaza-de-toros-para-reparar-las-puertas-de-acceso-laterales\/#breadcrumb","itemListElement":[{"@type":"ListItem","position":1,"name":"Inicio","item":"https:\/\/www.caudete.org\/ayuntamiento\/"},{"@type":"ListItem","position":2,"name":"Se invierten 4.114\u20ac en La PLAZA DE TOROS para reparar las puertas de acceso laterales"}]},{"@type":"WebSite","@id":"https:\/\/www.caudete.org\/ayuntamiento\/#website","url":"https:\/\/www.caudete.org\/ayuntamiento\/","name":"MI Ayuntamiento de Caudete","description":"P\u00e1gina Oficial del MI Ayuntamiento de Caudete","potentialAction":[{"@type":"SearchAction","target":{"@type":"EntryPoint","urlTemplate":"https:\/\/www.caudete.org\/ayuntamiento\/?s={search_term_string}"},"query-input":{"@type":"PropertyValueSpecification","valueRequired":true,"valueName":"search_term_string"}}],"inLanguage":"es"},{"@type":"Person","@id":"https:\/\/www.caudete.org\/ayuntamiento\/#\/schema\/person\/cc646da9133078ee4d8dd47457947253","name":"alcalde","image":{"@type":"ImageObject","inLanguage":"es","@id":"https:\/\/secure.gravatar.com\/avatar\/84a817ba065b29ff08d666b215a215f5c79186a645ccb25b14a663d48a130f77?s=96&d=mm&r=g","url":"https:\/\/secure.gravatar.com\/avatar\/84a817ba065b29ff08d666b215a215f5c79186a645ccb25b14a663d48a130f77?s=96&d=mm&r=g","contentUrl":"https:\/\/secure.gravatar.com\/avatar\/84a817ba065b29ff08d666b215a215f5c79186a645ccb25b14a663d48a130f77?s=96&d=mm&r=g","caption":"alcalde"},"url":"https:\/\/www.caudete.org\/ayuntamiento\/author\/alcalde\/"}]}},"_links":{"self":[{"href":"https:\/\/www.caudete.org\/ayuntamiento\/wp-json\/wp\/v2\/posts\/17907","targetHints":{"allow":["GET"]}}],"collection":[{"href":"https:\/\/www.caudete.org\/ayuntamiento\/wp-json\/wp\/v2\/posts"}],"about":[{"href":"https:\/\/www.caudete.org\/ayuntamiento\/wp-json\/wp\/v2\/types\/post"}],"author":[{"embeddable":true,"href":"https:\/\/www.caudete.org\/ayuntamiento\/wp-json\/wp\/v2\/users\/3"}],"replies":[{"embeddable":true,"href":"https:\/\/www.caudete.org\/ayuntamiento\/wp-json\/wp\/v2\/comments?post=17907"}],"version-history":[{"count":1,"href":"https:\/\/www.caudete.org\/ayuntamiento\/wp-json\/wp\/v2\/posts\/17907\/revisions"}],"predecessor-version":[{"id":17909,"href":"https:\/\/www.caudete.org\/ayuntamiento\/wp-json\/wp\/v2\/posts\/17907\/revisions\/17909"}],"wp:featuredmedia":[{"embeddable":true,"href":"https:\/\/www.caudete.org\/ayuntamiento\/wp-json\/wp\/v2\/media\/17915"}],"wp:attachment":[{"href":"https:\/\/www.caudete.org\/ayuntamiento\/wp-json\/wp\/v2\/media?parent=17907"}],"wp:term":[{"taxonomy":"category","embeddable":true,"href":"https:\/\/www.caudete.org\/ayuntamiento\/wp-json\/wp\/v2\/categories?post=17907"},{"taxonomy":"post_tag","embeddable":true,"href":"https:\/\/www.caudete.org\/ayuntamiento\/wp-json\/wp\/v2\/tags?post=17907"}],"curies":[{"name":"wp","href":"https:\/\/api.w.org\/{rel}","templated":true}]}}