{"id":17918,"date":"2022-01-25T10:10:05","date_gmt":"2022-01-25T09:10:05","guid":{"rendered":"https:\/\/www.caudete.org\/ayuntamiento\/?p=17918"},"modified":"2022-01-25T10:10:33","modified_gmt":"2022-01-25T09:10:33","slug":"la-oficina-de-catastro-se-traslada-al-edificio-de-servicios-tecnicos-en-plaza-del-carmen","status":"publish","type":"post","link":"https:\/\/www.caudete.org\/ayuntamiento\/la-oficina-de-catastro-se-traslada-al-edificio-de-servicios-tecnicos-en-plaza-del-carmen\/","title":{"rendered":"La Oficina de CATASTRO se traslada al edificio de Servicios T\u00e9cnicos, en Plaza del Carmen"},"content":{"rendered":"<p style=\"text-align: justify;\">La Concejal de Interior y Recursos Humanos, Mar\u00eda del Mar Requena, informaba sobre uno de los cambios que se han realizado en los servicios que presta el Ayuntamiento, y que ata\u00f1en \u00fanicamente a la ubicaci\u00f3n de los mismos.<\/p>\n<p style=\"text-align: justify;\">En el caso expuesto, la <strong>Oficina de Informaci\u00f3n Catastral<\/strong> y Servicio de Vigilancia de Obras, se ha trasladado desde la planta baja del Ayuntamiento (que es donde se ha venido prestando los \u00faltimos a\u00f1os), a ubicarse en la <strong>planta primera<\/strong> del edificio de <strong>Servicios T\u00e9cnicos<\/strong> (localizado en la <strong>Plaza del Carmen<\/strong>), compartiendo as\u00ed espacio con el Departamento de Urbanismo.<\/p>\n<p style=\"text-align: justify;\">Con este cambio se pretende principalmente mejorar la prestaci\u00f3n de la atenci\u00f3n ciudadana, ya que muchos de los tr\u00e1mites que se solicitan a dicha oficina, precisan de otros anteriores o posteriores del Departamento de Urbanismo.<\/p>\n<p style=\"text-align: justify;\">Recordaba la Concejal que tanto la Oficina del Catastro, como el resto de servicios prestados en dicho edificio (Urbanismo, Actividades, Medio Ambiente, Servicios, Aguas, etc) requieren de <strong>cita previa<\/strong> para atenci\u00f3n ciudadana, siendo la misma los <strong>Martes y Jueves<\/strong> en horario <strong>de 10:00 a 13:00h<\/strong>, pudiendo solicitarse presencialmente o por tel\u00e9fono.<\/p>\n","protected":false},"excerpt":{"rendered":"<p>La Concejal de Interior y Recursos Humanos, Mar\u00eda del Mar Requena, informaba sobre uno de los cambios que se han realizado en los servicios que presta el Ayuntamiento, y que ata\u00f1en \u00fanicamente a la ubicaci\u00f3n de los mismos. En el caso expuesto, la Oficina de Informaci\u00f3n Catastral y Servicio de Vigilancia de Obras, se ha &hellip;<\/p>\n","protected":false},"author":3,"featured_media":17919,"comment_status":"closed","ping_status":"open","sticky":false,"template":"","format":"standard","meta":{"ngg_post_thumbnail":0,"footnotes":""},"categories":[34],"tags":[],"class_list":["post-17918","post","type-post","status-publish","format-standard","has-post-thumbnail","hentry","category-interior"],"yoast_head":"<!-- This site is optimized with the Yoast SEO plugin v27.5 - https:\/\/yoast.com\/product\/yoast-seo-wordpress\/ -->\n<title>La Oficina de CATASTRO se traslada al edificio de Servicios T\u00e9cnicos, en Plaza del Carmen - MI Ayuntamiento de Caudete<\/title>\n<meta name=\"description\" content=\"P\u00e1gina Oficial del Ayuntamiento de Caudete (Albacete)\" \/>\n<meta name=\"robots\" content=\"index, follow, max-snippet:-1, max-image-preview:large, max-video-preview:-1\" \/>\n<link rel=\"canonical\" href=\"https:\/\/www.caudete.org\/ayuntamiento\/la-oficina-de-catastro-se-traslada-al-edificio-de-servicios-tecnicos-en-plaza-del-carmen\/\" \/>\n<meta property=\"og:locale\" content=\"es_ES\" \/>\n<meta property=\"og:type\" content=\"article\" \/>\n<meta property=\"og:title\" content=\"La Oficina de CATASTRO se traslada al edificio de Servicios T\u00e9cnicos, en Plaza del Carmen - MI Ayuntamiento de Caudete\" \/>\n<meta property=\"og:description\" content=\"P\u00e1gina Oficial del Ayuntamiento de Caudete (Albacete)\" \/>\n<meta property=\"og:url\" content=\"https:\/\/www.caudete.org\/ayuntamiento\/la-oficina-de-catastro-se-traslada-al-edificio-de-servicios-tecnicos-en-plaza-del-carmen\/\" \/>\n<meta property=\"og:site_name\" content=\"MI Ayuntamiento de Caudete\" \/>\n<meta property=\"article:publisher\" content=\"https:\/\/www.facebook.com\/ayuntamientocaudete\/\" \/>\n<meta property=\"article:published_time\" content=\"2022-01-25T09:10:05+00:00\" \/>\n<meta property=\"article:modified_time\" content=\"2022-01-25T09:10:33+00:00\" \/>\n<meta property=\"og:image\" content=\"https:\/\/www.caudete.org\/ayuntamiento\/wp-content\/uploads\/2022\/01\/IMG_20211222_120327-scaled.jpg\" \/>\n\t<meta property=\"og:image:width\" content=\"2560\" \/>\n\t<meta property=\"og:image:height\" content=\"1920\" \/>\n\t<meta property=\"og:image:type\" content=\"image\/jpeg\" \/>\n<meta name=\"author\" content=\"alcalde\" \/>\n<meta name=\"twitter:card\" content=\"summary_large_image\" \/>\n<meta name=\"twitter:label1\" content=\"Escrito por\" \/>\n\t<meta name=\"twitter:data1\" content=\"alcalde\" \/>\n\t<meta name=\"twitter:label2\" content=\"Tiempo de lectura\" \/>\n\t<meta name=\"twitter:data2\" content=\"1 minuto\" \/>\n<script type=\"application\/ld+json\" class=\"yoast-schema-graph\">{\"@context\":\"https:\\\/\\\/schema.org\",\"@graph\":[{\"@type\":\"Article\",\"@id\":\"https:\\\/\\\/www.caudete.org\\\/ayuntamiento\\\/la-oficina-de-catastro-se-traslada-al-edificio-de-servicios-tecnicos-en-plaza-del-carmen\\\/#article\",\"isPartOf\":{\"@id\":\"https:\\\/\\\/www.caudete.org\\\/ayuntamiento\\\/la-oficina-de-catastro-se-traslada-al-edificio-de-servicios-tecnicos-en-plaza-del-carmen\\\/\"},\"author\":{\"name\":\"alcalde\",\"@id\":\"https:\\\/\\\/www.caudete.org\\\/ayuntamiento\\\/#\\\/schema\\\/person\\\/cc646da9133078ee4d8dd47457947253\"},\"headline\":\"La Oficina de CATASTRO se traslada al edificio de Servicios T\u00e9cnicos, en Plaza del Carmen\",\"datePublished\":\"2022-01-25T09:10:05+00:00\",\"dateModified\":\"2022-01-25T09:10:33+00:00\",\"mainEntityOfPage\":{\"@id\":\"https:\\\/\\\/www.caudete.org\\\/ayuntamiento\\\/la-oficina-de-catastro-se-traslada-al-edificio-de-servicios-tecnicos-en-plaza-del-carmen\\\/\"},\"wordCount\":209,\"image\":{\"@id\":\"https:\\\/\\\/www.caudete.org\\\/ayuntamiento\\\/la-oficina-de-catastro-se-traslada-al-edificio-de-servicios-tecnicos-en-plaza-del-carmen\\\/#primaryimage\"},\"thumbnailUrl\":\"https:\\\/\\\/www.caudete.org\\\/ayuntamiento\\\/wp-content\\\/uploads\\\/2022\\\/01\\\/IMG_20211222_120327-scaled.jpg\",\"articleSection\":[\"Interior\"],\"inLanguage\":\"es\"},{\"@type\":\"WebPage\",\"@id\":\"https:\\\/\\\/www.caudete.org\\\/ayuntamiento\\\/la-oficina-de-catastro-se-traslada-al-edificio-de-servicios-tecnicos-en-plaza-del-carmen\\\/\",\"url\":\"https:\\\/\\\/www.caudete.org\\\/ayuntamiento\\\/la-oficina-de-catastro-se-traslada-al-edificio-de-servicios-tecnicos-en-plaza-del-carmen\\\/\",\"name\":\"La Oficina de CATASTRO se traslada al edificio de Servicios T\u00e9cnicos, en Plaza del Carmen - MI Ayuntamiento de Caudete\",\"isPartOf\":{\"@id\":\"https:\\\/\\\/www.caudete.org\\\/ayuntamiento\\\/#website\"},\"primaryImageOfPage\":{\"@id\":\"https:\\\/\\\/www.caudete.org\\\/ayuntamiento\\\/la-oficina-de-catastro-se-traslada-al-edificio-de-servicios-tecnicos-en-plaza-del-carmen\\\/#primaryimage\"},\"image\":{\"@id\":\"https:\\\/\\\/www.caudete.org\\\/ayuntamiento\\\/la-oficina-de-catastro-se-traslada-al-edificio-de-servicios-tecnicos-en-plaza-del-carmen\\\/#primaryimage\"},\"thumbnailUrl\":\"https:\\\/\\\/www.caudete.org\\\/ayuntamiento\\\/wp-content\\\/uploads\\\/2022\\\/01\\\/IMG_20211222_120327-scaled.jpg\",\"datePublished\":\"2022-01-25T09:10:05+00:00\",\"dateModified\":\"2022-01-25T09:10:33+00:00\",\"author\":{\"@id\":\"https:\\\/\\\/www.caudete.org\\\/ayuntamiento\\\/#\\\/schema\\\/person\\\/cc646da9133078ee4d8dd47457947253\"},\"description\":\"P\u00e1gina Oficial del Ayuntamiento de Caudete (Albacete)\",\"breadcrumb\":{\"@id\":\"https:\\\/\\\/www.caudete.org\\\/ayuntamiento\\\/la-oficina-de-catastro-se-traslada-al-edificio-de-servicios-tecnicos-en-plaza-del-carmen\\\/#breadcrumb\"},\"inLanguage\":\"es\",\"potentialAction\":[{\"@type\":\"ReadAction\",\"target\":[\"https:\\\/\\\/www.caudete.org\\\/ayuntamiento\\\/la-oficina-de-catastro-se-traslada-al-edificio-de-servicios-tecnicos-en-plaza-del-carmen\\\/\"]}]},{\"@type\":\"ImageObject\",\"inLanguage\":\"es\",\"@id\":\"https:\\\/\\\/www.caudete.org\\\/ayuntamiento\\\/la-oficina-de-catastro-se-traslada-al-edificio-de-servicios-tecnicos-en-plaza-del-carmen\\\/#primaryimage\",\"url\":\"https:\\\/\\\/www.caudete.org\\\/ayuntamiento\\\/wp-content\\\/uploads\\\/2022\\\/01\\\/IMG_20211222_120327-scaled.jpg\",\"contentUrl\":\"https:\\\/\\\/www.caudete.org\\\/ayuntamiento\\\/wp-content\\\/uploads\\\/2022\\\/01\\\/IMG_20211222_120327-scaled.jpg\",\"width\":2560,\"height\":1920},{\"@type\":\"BreadcrumbList\",\"@id\":\"https:\\\/\\\/www.caudete.org\\\/ayuntamiento\\\/la-oficina-de-catastro-se-traslada-al-edificio-de-servicios-tecnicos-en-plaza-del-carmen\\\/#breadcrumb\",\"itemListElement\":[{\"@type\":\"ListItem\",\"position\":1,\"name\":\"Inicio\",\"item\":\"https:\\\/\\\/www.caudete.org\\\/ayuntamiento\\\/\"},{\"@type\":\"ListItem\",\"position\":2,\"name\":\"La Oficina de CATASTRO se traslada al edificio de Servicios T\u00e9cnicos, en Plaza del Carmen\"}]},{\"@type\":\"WebSite\",\"@id\":\"https:\\\/\\\/www.caudete.org\\\/ayuntamiento\\\/#website\",\"url\":\"https:\\\/\\\/www.caudete.org\\\/ayuntamiento\\\/\",\"name\":\"MI Ayuntamiento de Caudete\",\"description\":\"P\u00e1gina Oficial del MI Ayuntamiento de Caudete\",\"potentialAction\":[{\"@type\":\"SearchAction\",\"target\":{\"@type\":\"EntryPoint\",\"urlTemplate\":\"https:\\\/\\\/www.caudete.org\\\/ayuntamiento\\\/?s={search_term_string}\"},\"query-input\":{\"@type\":\"PropertyValueSpecification\",\"valueRequired\":true,\"valueName\":\"search_term_string\"}}],\"inLanguage\":\"es\"},{\"@type\":\"Person\",\"@id\":\"https:\\\/\\\/www.caudete.org\\\/ayuntamiento\\\/#\\\/schema\\\/person\\\/cc646da9133078ee4d8dd47457947253\",\"name\":\"alcalde\",\"image\":{\"@type\":\"ImageObject\",\"inLanguage\":\"es\",\"@id\":\"https:\\\/\\\/secure.gravatar.com\\\/avatar\\\/84a817ba065b29ff08d666b215a215f5c79186a645ccb25b14a663d48a130f77?s=96&d=mm&r=g\",\"url\":\"https:\\\/\\\/secure.gravatar.com\\\/avatar\\\/84a817ba065b29ff08d666b215a215f5c79186a645ccb25b14a663d48a130f77?s=96&d=mm&r=g\",\"contentUrl\":\"https:\\\/\\\/secure.gravatar.com\\\/avatar\\\/84a817ba065b29ff08d666b215a215f5c79186a645ccb25b14a663d48a130f77?s=96&d=mm&r=g\",\"caption\":\"alcalde\"},\"url\":\"https:\\\/\\\/www.caudete.org\\\/ayuntamiento\\\/author\\\/alcalde\\\/\"}]}<\/script>\n<!-- \/ Yoast SEO plugin. -->","yoast_head_json":{"title":"La Oficina de CATASTRO se traslada al edificio de Servicios T\u00e9cnicos, en Plaza del Carmen - MI Ayuntamiento de Caudete","description":"P\u00e1gina Oficial del Ayuntamiento de Caudete (Albacete)","robots":{"index":"index","follow":"follow","max-snippet":"max-snippet:-1","max-image-preview":"max-image-preview:large","max-video-preview":"max-video-preview:-1"},"canonical":"https:\/\/www.caudete.org\/ayuntamiento\/la-oficina-de-catastro-se-traslada-al-edificio-de-servicios-tecnicos-en-plaza-del-carmen\/","og_locale":"es_ES","og_type":"article","og_title":"La Oficina de CATASTRO se traslada al edificio de Servicios T\u00e9cnicos, en Plaza del Carmen - MI Ayuntamiento de Caudete","og_description":"P\u00e1gina Oficial del Ayuntamiento de Caudete (Albacete)","og_url":"https:\/\/www.caudete.org\/ayuntamiento\/la-oficina-de-catastro-se-traslada-al-edificio-de-servicios-tecnicos-en-plaza-del-carmen\/","og_site_name":"MI Ayuntamiento de Caudete","article_publisher":"https:\/\/www.facebook.com\/ayuntamientocaudete\/","article_published_time":"2022-01-25T09:10:05+00:00","article_modified_time":"2022-01-25T09:10:33+00:00","og_image":[{"width":2560,"height":1920,"url":"https:\/\/www.caudete.org\/ayuntamiento\/wp-content\/uploads\/2022\/01\/IMG_20211222_120327-scaled.jpg","type":"image\/jpeg"}],"author":"alcalde","twitter_card":"summary_large_image","twitter_misc":{"Escrito por":"alcalde","Tiempo de lectura":"1 minuto"},"schema":{"@context":"https:\/\/schema.org","@graph":[{"@type":"Article","@id":"https:\/\/www.caudete.org\/ayuntamiento\/la-oficina-de-catastro-se-traslada-al-edificio-de-servicios-tecnicos-en-plaza-del-carmen\/#article","isPartOf":{"@id":"https:\/\/www.caudete.org\/ayuntamiento\/la-oficina-de-catastro-se-traslada-al-edificio-de-servicios-tecnicos-en-plaza-del-carmen\/"},"author":{"name":"alcalde","@id":"https:\/\/www.caudete.org\/ayuntamiento\/#\/schema\/person\/cc646da9133078ee4d8dd47457947253"},"headline":"La Oficina de CATASTRO se traslada al edificio de Servicios T\u00e9cnicos, en Plaza del Carmen","datePublished":"2022-01-25T09:10:05+00:00","dateModified":"2022-01-25T09:10:33+00:00","mainEntityOfPage":{"@id":"https:\/\/www.caudete.org\/ayuntamiento\/la-oficina-de-catastro-se-traslada-al-edificio-de-servicios-tecnicos-en-plaza-del-carmen\/"},"wordCount":209,"image":{"@id":"https:\/\/www.caudete.org\/ayuntamiento\/la-oficina-de-catastro-se-traslada-al-edificio-de-servicios-tecnicos-en-plaza-del-carmen\/#primaryimage"},"thumbnailUrl":"https:\/\/www.caudete.org\/ayuntamiento\/wp-content\/uploads\/2022\/01\/IMG_20211222_120327-scaled.jpg","articleSection":["Interior"],"inLanguage":"es"},{"@type":"WebPage","@id":"https:\/\/www.caudete.org\/ayuntamiento\/la-oficina-de-catastro-se-traslada-al-edificio-de-servicios-tecnicos-en-plaza-del-carmen\/","url":"https:\/\/www.caudete.org\/ayuntamiento\/la-oficina-de-catastro-se-traslada-al-edificio-de-servicios-tecnicos-en-plaza-del-carmen\/","name":"La Oficina de CATASTRO se traslada al edificio de Servicios T\u00e9cnicos, en Plaza del Carmen - MI Ayuntamiento de Caudete","isPartOf":{"@id":"https:\/\/www.caudete.org\/ayuntamiento\/#website"},"primaryImageOfPage":{"@id":"https:\/\/www.caudete.org\/ayuntamiento\/la-oficina-de-catastro-se-traslada-al-edificio-de-servicios-tecnicos-en-plaza-del-carmen\/#primaryimage"},"image":{"@id":"https:\/\/www.caudete.org\/ayuntamiento\/la-oficina-de-catastro-se-traslada-al-edificio-de-servicios-tecnicos-en-plaza-del-carmen\/#primaryimage"},"thumbnailUrl":"https:\/\/www.caudete.org\/ayuntamiento\/wp-content\/uploads\/2022\/01\/IMG_20211222_120327-scaled.jpg","datePublished":"2022-01-25T09:10:05+00:00","dateModified":"2022-01-25T09:10:33+00:00","author":{"@id":"https:\/\/www.caudete.org\/ayuntamiento\/#\/schema\/person\/cc646da9133078ee4d8dd47457947253"},"description":"P\u00e1gina Oficial del Ayuntamiento de Caudete (Albacete)","breadcrumb":{"@id":"https:\/\/www.caudete.org\/ayuntamiento\/la-oficina-de-catastro-se-traslada-al-edificio-de-servicios-tecnicos-en-plaza-del-carmen\/#breadcrumb"},"inLanguage":"es","potentialAction":[{"@type":"ReadAction","target":["https:\/\/www.caudete.org\/ayuntamiento\/la-oficina-de-catastro-se-traslada-al-edificio-de-servicios-tecnicos-en-plaza-del-carmen\/"]}]},{"@type":"ImageObject","inLanguage":"es","@id":"https:\/\/www.caudete.org\/ayuntamiento\/la-oficina-de-catastro-se-traslada-al-edificio-de-servicios-tecnicos-en-plaza-del-carmen\/#primaryimage","url":"https:\/\/www.caudete.org\/ayuntamiento\/wp-content\/uploads\/2022\/01\/IMG_20211222_120327-scaled.jpg","contentUrl":"https:\/\/www.caudete.org\/ayuntamiento\/wp-content\/uploads\/2022\/01\/IMG_20211222_120327-scaled.jpg","width":2560,"height":1920},{"@type":"BreadcrumbList","@id":"https:\/\/www.caudete.org\/ayuntamiento\/la-oficina-de-catastro-se-traslada-al-edificio-de-servicios-tecnicos-en-plaza-del-carmen\/#breadcrumb","itemListElement":[{"@type":"ListItem","position":1,"name":"Inicio","item":"https:\/\/www.caudete.org\/ayuntamiento\/"},{"@type":"ListItem","position":2,"name":"La Oficina de CATASTRO se traslada al edificio de Servicios T\u00e9cnicos, en Plaza del Carmen"}]},{"@type":"WebSite","@id":"https:\/\/www.caudete.org\/ayuntamiento\/#website","url":"https:\/\/www.caudete.org\/ayuntamiento\/","name":"MI Ayuntamiento de Caudete","description":"P\u00e1gina Oficial del MI Ayuntamiento de Caudete","potentialAction":[{"@type":"SearchAction","target":{"@type":"EntryPoint","urlTemplate":"https:\/\/www.caudete.org\/ayuntamiento\/?s={search_term_string}"},"query-input":{"@type":"PropertyValueSpecification","valueRequired":true,"valueName":"search_term_string"}}],"inLanguage":"es"},{"@type":"Person","@id":"https:\/\/www.caudete.org\/ayuntamiento\/#\/schema\/person\/cc646da9133078ee4d8dd47457947253","name":"alcalde","image":{"@type":"ImageObject","inLanguage":"es","@id":"https:\/\/secure.gravatar.com\/avatar\/84a817ba065b29ff08d666b215a215f5c79186a645ccb25b14a663d48a130f77?s=96&d=mm&r=g","url":"https:\/\/secure.gravatar.com\/avatar\/84a817ba065b29ff08d666b215a215f5c79186a645ccb25b14a663d48a130f77?s=96&d=mm&r=g","contentUrl":"https:\/\/secure.gravatar.com\/avatar\/84a817ba065b29ff08d666b215a215f5c79186a645ccb25b14a663d48a130f77?s=96&d=mm&r=g","caption":"alcalde"},"url":"https:\/\/www.caudete.org\/ayuntamiento\/author\/alcalde\/"}]}},"_links":{"self":[{"href":"https:\/\/www.caudete.org\/ayuntamiento\/wp-json\/wp\/v2\/posts\/17918","targetHints":{"allow":["GET"]}}],"collection":[{"href":"https:\/\/www.caudete.org\/ayuntamiento\/wp-json\/wp\/v2\/posts"}],"about":[{"href":"https:\/\/www.caudete.org\/ayuntamiento\/wp-json\/wp\/v2\/types\/post"}],"author":[{"embeddable":true,"href":"https:\/\/www.caudete.org\/ayuntamiento\/wp-json\/wp\/v2\/users\/3"}],"replies":[{"embeddable":true,"href":"https:\/\/www.caudete.org\/ayuntamiento\/wp-json\/wp\/v2\/comments?post=17918"}],"version-history":[{"count":1,"href":"https:\/\/www.caudete.org\/ayuntamiento\/wp-json\/wp\/v2\/posts\/17918\/revisions"}],"predecessor-version":[{"id":17920,"href":"https:\/\/www.caudete.org\/ayuntamiento\/wp-json\/wp\/v2\/posts\/17918\/revisions\/17920"}],"wp:featuredmedia":[{"embeddable":true,"href":"https:\/\/www.caudete.org\/ayuntamiento\/wp-json\/wp\/v2\/media\/17919"}],"wp:attachment":[{"href":"https:\/\/www.caudete.org\/ayuntamiento\/wp-json\/wp\/v2\/media?parent=17918"}],"wp:term":[{"taxonomy":"category","embeddable":true,"href":"https:\/\/www.caudete.org\/ayuntamiento\/wp-json\/wp\/v2\/categories?post=17918"},{"taxonomy":"post_tag","embeddable":true,"href":"https:\/\/www.caudete.org\/ayuntamiento\/wp-json\/wp\/v2\/tags?post=17918"}],"curies":[{"name":"wp","href":"https:\/\/api.w.org\/{rel}","templated":true}]}}