{"id":17933,"date":"2022-01-26T16:43:59","date_gmt":"2022-01-26T15:43:59","guid":{"rendered":"https:\/\/www.caudete.org\/ayuntamiento\/?p=17933"},"modified":"2022-01-26T17:02:23","modified_gmt":"2022-01-26T16:02:23","slug":"72-arboles-para-la-campana-de-plantacion-y-reposicion","status":"publish","type":"post","link":"https:\/\/www.caudete.org\/ayuntamiento\/72-arboles-para-la-campana-de-plantacion-y-reposicion\/","title":{"rendered":"72 \u00e1rboles para la campa\u00f1a de Plantaci\u00f3n y Reposici\u00f3n"},"content":{"rendered":"<p style=\"text-align: justify;\">Desde la Concejal\u00eda de Medio Ambiente se est\u00e1 llevando a cabo desde hace unos d\u00edas la campa\u00f1a 2022 de reposici\u00f3n y nueva plantaci\u00f3n de arbolado urbano.<\/p>\n<p style=\"text-align: justify;\">Su Concejal Joaqu\u00edn Pag\u00e1n, recordaba ante los medios que a finales de 2020 donaron al Ayuntamiento unos 70 unidades de Almez que fueron plantadas en diferentes alineaciones. No obstante, la forma de extracci\u00f3n de los mismos no fue la m\u00e1s adecuada, debido a que no era la \u00e9poca id\u00f3nea, lo que ha propiciado que solamente haya resistido la mitad de ellos.<\/p>\n<p style=\"text-align: justify;\">A finales del reci\u00e9n 2021 se realiz\u00f3 la compra de 72 \u00e1rboles en maceta (12 Fresnos, 12 Arces americanos, 12 Moreras sin fruto, 12 Soforas, 12 Tilos, 12 Almeces).<\/p>\n<p style=\"text-align: justify;\">En este mes de Enero el personal de Parques y Jardines esta llevando a cabo la plantaci\u00f3n de estos \u00e1rboles en diferentes ubicaciones de nuestra poblaci\u00f3n.<\/p>\n<p style=\"text-align: justify;\">La primera fase de estas actuaciones consiste en la repoblaci\u00f3n de aquellas ubicaciones donde tenemos &#8220;faltas&#8221; y son:<\/p>\n<p style=\"text-align: justify;\">\u00a0\u2022 Avenida de Villena (1\u00ba tramo): 10 Uds (3 Almeces, 7 Fresno).<\/p>\n<p style=\"text-align: justify;\">\u00a0\u2022 Vereda de las Vacas: 15 Uds (9 Almeces, 5 Fresnos, 1 Arce americano).<\/p>\n<p style=\"text-align: justify;\">\u00a0\u2022 Parque Beato Alberto Marco: 1 Ud (1 Arce americano).<\/p>\n<p style=\"text-align: justify;\">\u00a0\u2022 Mirador de Santa Ana: 1 Ud (1 Morera sin fruto).<\/p>\n<p style=\"text-align: justify;\">En la siguiente fase se realizar\u00e1 la plantaci\u00f3n de \u00e1rboles en nuevas zonas, un total de 45 unidades (10 Arces americanos, 11 Moreras sin fruto, 12 Tilos, 12 Soforas), en los siguientes espacios:<\/p>\n<p style=\"text-align: justify;\">\u00a0\u2022 Jard\u00edn Urbanizaci\u00f3n &#8220;Las Jornetas&#8221;.<\/p>\n<p style=\"text-align: justify;\">\u00a0\u2022 Avenida de Villena (2\u00ba tramo).<\/p>\n<p style=\"text-align: justify;\">\u00a0\u2022 Polideportivo (zona Piscina).<\/p>\n<p style=\"text-align: justify;\">\u00a0\u2022 Paseo de los Ni\u00f1os.<\/p>\n","protected":false},"excerpt":{"rendered":"<p>Desde la Concejal\u00eda de Medio Ambiente se est\u00e1 llevando a cabo desde hace unos d\u00edas la campa\u00f1a 2022 de reposici\u00f3n y nueva plantaci\u00f3n de arbolado urbano. Su Concejal Joaqu\u00edn Pag\u00e1n, recordaba ante los medios que a finales de 2020 donaron al Ayuntamiento unos 70 unidades de Almez que fueron plantadas en diferentes alineaciones. No obstante, &hellip;<\/p>\n","protected":false},"author":3,"featured_media":17934,"comment_status":"closed","ping_status":"open","sticky":false,"template":"","format":"standard","meta":{"ngg_post_thumbnail":0,"footnotes":""},"categories":[29],"tags":[],"class_list":["post-17933","post","type-post","status-publish","format-standard","has-post-thumbnail","hentry","category-medio-ambiente"],"yoast_head":"<!-- This site is optimized with the Yoast SEO plugin v27.5 - https:\/\/yoast.com\/product\/yoast-seo-wordpress\/ -->\n<title>72 \u00e1rboles para la campa\u00f1a de Plantaci\u00f3n y Reposici\u00f3n - MI Ayuntamiento de Caudete<\/title>\n<meta name=\"description\" content=\"P\u00e1gina Oficial del Ayuntamiento de Caudete (Albacete)\" \/>\n<meta name=\"robots\" content=\"index, follow, max-snippet:-1, max-image-preview:large, max-video-preview:-1\" \/>\n<link rel=\"canonical\" href=\"https:\/\/www.caudete.org\/ayuntamiento\/72-arboles-para-la-campana-de-plantacion-y-reposicion\/\" \/>\n<meta property=\"og:locale\" content=\"es_ES\" \/>\n<meta property=\"og:type\" content=\"article\" \/>\n<meta property=\"og:title\" content=\"72 \u00e1rboles para la campa\u00f1a de Plantaci\u00f3n y Reposici\u00f3n - MI Ayuntamiento de Caudete\" \/>\n<meta property=\"og:description\" content=\"P\u00e1gina Oficial del Ayuntamiento de Caudete (Albacete)\" \/>\n<meta property=\"og:url\" content=\"https:\/\/www.caudete.org\/ayuntamiento\/72-arboles-para-la-campana-de-plantacion-y-reposicion\/\" \/>\n<meta property=\"og:site_name\" content=\"MI Ayuntamiento de Caudete\" \/>\n<meta property=\"article:publisher\" content=\"https:\/\/www.facebook.com\/ayuntamientocaudete\/\" \/>\n<meta property=\"article:published_time\" content=\"2022-01-26T15:43:59+00:00\" \/>\n<meta property=\"article:modified_time\" content=\"2022-01-26T16:02:23+00:00\" \/>\n<meta property=\"og:image\" content=\"https:\/\/www.caudete.org\/ayuntamiento\/wp-content\/uploads\/2022\/01\/IMG-20220125-WA0015.jpg\" \/>\n\t<meta property=\"og:image:width\" content=\"2048\" \/>\n\t<meta property=\"og:image:height\" content=\"1536\" \/>\n\t<meta property=\"og:image:type\" content=\"image\/jpeg\" \/>\n<meta name=\"author\" content=\"alcalde\" \/>\n<meta name=\"twitter:card\" content=\"summary_large_image\" \/>\n<meta name=\"twitter:label1\" content=\"Escrito por\" \/>\n\t<meta name=\"twitter:data1\" content=\"alcalde\" \/>\n\t<meta name=\"twitter:label2\" content=\"Tiempo de lectura\" \/>\n\t<meta name=\"twitter:data2\" content=\"2 minutos\" \/>\n<script type=\"application\/ld+json\" class=\"yoast-schema-graph\">{\"@context\":\"https:\\\/\\\/schema.org\",\"@graph\":[{\"@type\":\"Article\",\"@id\":\"https:\\\/\\\/www.caudete.org\\\/ayuntamiento\\\/72-arboles-para-la-campana-de-plantacion-y-reposicion\\\/#article\",\"isPartOf\":{\"@id\":\"https:\\\/\\\/www.caudete.org\\\/ayuntamiento\\\/72-arboles-para-la-campana-de-plantacion-y-reposicion\\\/\"},\"author\":{\"name\":\"alcalde\",\"@id\":\"https:\\\/\\\/www.caudete.org\\\/ayuntamiento\\\/#\\\/schema\\\/person\\\/cc646da9133078ee4d8dd47457947253\"},\"headline\":\"72 \u00e1rboles para la campa\u00f1a de Plantaci\u00f3n y Reposici\u00f3n\",\"datePublished\":\"2022-01-26T15:43:59+00:00\",\"dateModified\":\"2022-01-26T16:02:23+00:00\",\"mainEntityOfPage\":{\"@id\":\"https:\\\/\\\/www.caudete.org\\\/ayuntamiento\\\/72-arboles-para-la-campana-de-plantacion-y-reposicion\\\/\"},\"wordCount\":252,\"image\":{\"@id\":\"https:\\\/\\\/www.caudete.org\\\/ayuntamiento\\\/72-arboles-para-la-campana-de-plantacion-y-reposicion\\\/#primaryimage\"},\"thumbnailUrl\":\"https:\\\/\\\/www.caudete.org\\\/ayuntamiento\\\/wp-content\\\/uploads\\\/2022\\\/01\\\/IMG-20220125-WA0015.jpg\",\"articleSection\":[\"Medio Ambiente\"],\"inLanguage\":\"es\"},{\"@type\":\"WebPage\",\"@id\":\"https:\\\/\\\/www.caudete.org\\\/ayuntamiento\\\/72-arboles-para-la-campana-de-plantacion-y-reposicion\\\/\",\"url\":\"https:\\\/\\\/www.caudete.org\\\/ayuntamiento\\\/72-arboles-para-la-campana-de-plantacion-y-reposicion\\\/\",\"name\":\"72 \u00e1rboles para la campa\u00f1a de Plantaci\u00f3n y Reposici\u00f3n - MI Ayuntamiento de Caudete\",\"isPartOf\":{\"@id\":\"https:\\\/\\\/www.caudete.org\\\/ayuntamiento\\\/#website\"},\"primaryImageOfPage\":{\"@id\":\"https:\\\/\\\/www.caudete.org\\\/ayuntamiento\\\/72-arboles-para-la-campana-de-plantacion-y-reposicion\\\/#primaryimage\"},\"image\":{\"@id\":\"https:\\\/\\\/www.caudete.org\\\/ayuntamiento\\\/72-arboles-para-la-campana-de-plantacion-y-reposicion\\\/#primaryimage\"},\"thumbnailUrl\":\"https:\\\/\\\/www.caudete.org\\\/ayuntamiento\\\/wp-content\\\/uploads\\\/2022\\\/01\\\/IMG-20220125-WA0015.jpg\",\"datePublished\":\"2022-01-26T15:43:59+00:00\",\"dateModified\":\"2022-01-26T16:02:23+00:00\",\"author\":{\"@id\":\"https:\\\/\\\/www.caudete.org\\\/ayuntamiento\\\/#\\\/schema\\\/person\\\/cc646da9133078ee4d8dd47457947253\"},\"description\":\"P\u00e1gina Oficial del Ayuntamiento de Caudete (Albacete)\",\"breadcrumb\":{\"@id\":\"https:\\\/\\\/www.caudete.org\\\/ayuntamiento\\\/72-arboles-para-la-campana-de-plantacion-y-reposicion\\\/#breadcrumb\"},\"inLanguage\":\"es\",\"potentialAction\":[{\"@type\":\"ReadAction\",\"target\":[\"https:\\\/\\\/www.caudete.org\\\/ayuntamiento\\\/72-arboles-para-la-campana-de-plantacion-y-reposicion\\\/\"]}]},{\"@type\":\"ImageObject\",\"inLanguage\":\"es\",\"@id\":\"https:\\\/\\\/www.caudete.org\\\/ayuntamiento\\\/72-arboles-para-la-campana-de-plantacion-y-reposicion\\\/#primaryimage\",\"url\":\"https:\\\/\\\/www.caudete.org\\\/ayuntamiento\\\/wp-content\\\/uploads\\\/2022\\\/01\\\/IMG-20220125-WA0015.jpg\",\"contentUrl\":\"https:\\\/\\\/www.caudete.org\\\/ayuntamiento\\\/wp-content\\\/uploads\\\/2022\\\/01\\\/IMG-20220125-WA0015.jpg\",\"width\":2048,\"height\":1536},{\"@type\":\"BreadcrumbList\",\"@id\":\"https:\\\/\\\/www.caudete.org\\\/ayuntamiento\\\/72-arboles-para-la-campana-de-plantacion-y-reposicion\\\/#breadcrumb\",\"itemListElement\":[{\"@type\":\"ListItem\",\"position\":1,\"name\":\"Inicio\",\"item\":\"https:\\\/\\\/www.caudete.org\\\/ayuntamiento\\\/\"},{\"@type\":\"ListItem\",\"position\":2,\"name\":\"72 \u00e1rboles para la campa\u00f1a de Plantaci\u00f3n y Reposici\u00f3n\"}]},{\"@type\":\"WebSite\",\"@id\":\"https:\\\/\\\/www.caudete.org\\\/ayuntamiento\\\/#website\",\"url\":\"https:\\\/\\\/www.caudete.org\\\/ayuntamiento\\\/\",\"name\":\"MI Ayuntamiento de Caudete\",\"description\":\"P\u00e1gina Oficial del MI Ayuntamiento de Caudete\",\"potentialAction\":[{\"@type\":\"SearchAction\",\"target\":{\"@type\":\"EntryPoint\",\"urlTemplate\":\"https:\\\/\\\/www.caudete.org\\\/ayuntamiento\\\/?s={search_term_string}\"},\"query-input\":{\"@type\":\"PropertyValueSpecification\",\"valueRequired\":true,\"valueName\":\"search_term_string\"}}],\"inLanguage\":\"es\"},{\"@type\":\"Person\",\"@id\":\"https:\\\/\\\/www.caudete.org\\\/ayuntamiento\\\/#\\\/schema\\\/person\\\/cc646da9133078ee4d8dd47457947253\",\"name\":\"alcalde\",\"image\":{\"@type\":\"ImageObject\",\"inLanguage\":\"es\",\"@id\":\"https:\\\/\\\/secure.gravatar.com\\\/avatar\\\/84a817ba065b29ff08d666b215a215f5c79186a645ccb25b14a663d48a130f77?s=96&d=mm&r=g\",\"url\":\"https:\\\/\\\/secure.gravatar.com\\\/avatar\\\/84a817ba065b29ff08d666b215a215f5c79186a645ccb25b14a663d48a130f77?s=96&d=mm&r=g\",\"contentUrl\":\"https:\\\/\\\/secure.gravatar.com\\\/avatar\\\/84a817ba065b29ff08d666b215a215f5c79186a645ccb25b14a663d48a130f77?s=96&d=mm&r=g\",\"caption\":\"alcalde\"},\"url\":\"https:\\\/\\\/www.caudete.org\\\/ayuntamiento\\\/author\\\/alcalde\\\/\"}]}<\/script>\n<!-- \/ Yoast SEO plugin. -->","yoast_head_json":{"title":"72 \u00e1rboles para la campa\u00f1a de Plantaci\u00f3n y Reposici\u00f3n - MI Ayuntamiento de Caudete","description":"P\u00e1gina Oficial del Ayuntamiento de Caudete (Albacete)","robots":{"index":"index","follow":"follow","max-snippet":"max-snippet:-1","max-image-preview":"max-image-preview:large","max-video-preview":"max-video-preview:-1"},"canonical":"https:\/\/www.caudete.org\/ayuntamiento\/72-arboles-para-la-campana-de-plantacion-y-reposicion\/","og_locale":"es_ES","og_type":"article","og_title":"72 \u00e1rboles para la campa\u00f1a de Plantaci\u00f3n y Reposici\u00f3n - MI Ayuntamiento de Caudete","og_description":"P\u00e1gina Oficial del Ayuntamiento de Caudete (Albacete)","og_url":"https:\/\/www.caudete.org\/ayuntamiento\/72-arboles-para-la-campana-de-plantacion-y-reposicion\/","og_site_name":"MI Ayuntamiento de Caudete","article_publisher":"https:\/\/www.facebook.com\/ayuntamientocaudete\/","article_published_time":"2022-01-26T15:43:59+00:00","article_modified_time":"2022-01-26T16:02:23+00:00","og_image":[{"width":2048,"height":1536,"url":"https:\/\/www.caudete.org\/ayuntamiento\/wp-content\/uploads\/2022\/01\/IMG-20220125-WA0015.jpg","type":"image\/jpeg"}],"author":"alcalde","twitter_card":"summary_large_image","twitter_misc":{"Escrito por":"alcalde","Tiempo de lectura":"2 minutos"},"schema":{"@context":"https:\/\/schema.org","@graph":[{"@type":"Article","@id":"https:\/\/www.caudete.org\/ayuntamiento\/72-arboles-para-la-campana-de-plantacion-y-reposicion\/#article","isPartOf":{"@id":"https:\/\/www.caudete.org\/ayuntamiento\/72-arboles-para-la-campana-de-plantacion-y-reposicion\/"},"author":{"name":"alcalde","@id":"https:\/\/www.caudete.org\/ayuntamiento\/#\/schema\/person\/cc646da9133078ee4d8dd47457947253"},"headline":"72 \u00e1rboles para la campa\u00f1a de Plantaci\u00f3n y Reposici\u00f3n","datePublished":"2022-01-26T15:43:59+00:00","dateModified":"2022-01-26T16:02:23+00:00","mainEntityOfPage":{"@id":"https:\/\/www.caudete.org\/ayuntamiento\/72-arboles-para-la-campana-de-plantacion-y-reposicion\/"},"wordCount":252,"image":{"@id":"https:\/\/www.caudete.org\/ayuntamiento\/72-arboles-para-la-campana-de-plantacion-y-reposicion\/#primaryimage"},"thumbnailUrl":"https:\/\/www.caudete.org\/ayuntamiento\/wp-content\/uploads\/2022\/01\/IMG-20220125-WA0015.jpg","articleSection":["Medio Ambiente"],"inLanguage":"es"},{"@type":"WebPage","@id":"https:\/\/www.caudete.org\/ayuntamiento\/72-arboles-para-la-campana-de-plantacion-y-reposicion\/","url":"https:\/\/www.caudete.org\/ayuntamiento\/72-arboles-para-la-campana-de-plantacion-y-reposicion\/","name":"72 \u00e1rboles para la campa\u00f1a de Plantaci\u00f3n y Reposici\u00f3n - MI Ayuntamiento de Caudete","isPartOf":{"@id":"https:\/\/www.caudete.org\/ayuntamiento\/#website"},"primaryImageOfPage":{"@id":"https:\/\/www.caudete.org\/ayuntamiento\/72-arboles-para-la-campana-de-plantacion-y-reposicion\/#primaryimage"},"image":{"@id":"https:\/\/www.caudete.org\/ayuntamiento\/72-arboles-para-la-campana-de-plantacion-y-reposicion\/#primaryimage"},"thumbnailUrl":"https:\/\/www.caudete.org\/ayuntamiento\/wp-content\/uploads\/2022\/01\/IMG-20220125-WA0015.jpg","datePublished":"2022-01-26T15:43:59+00:00","dateModified":"2022-01-26T16:02:23+00:00","author":{"@id":"https:\/\/www.caudete.org\/ayuntamiento\/#\/schema\/person\/cc646da9133078ee4d8dd47457947253"},"description":"P\u00e1gina Oficial del Ayuntamiento de Caudete (Albacete)","breadcrumb":{"@id":"https:\/\/www.caudete.org\/ayuntamiento\/72-arboles-para-la-campana-de-plantacion-y-reposicion\/#breadcrumb"},"inLanguage":"es","potentialAction":[{"@type":"ReadAction","target":["https:\/\/www.caudete.org\/ayuntamiento\/72-arboles-para-la-campana-de-plantacion-y-reposicion\/"]}]},{"@type":"ImageObject","inLanguage":"es","@id":"https:\/\/www.caudete.org\/ayuntamiento\/72-arboles-para-la-campana-de-plantacion-y-reposicion\/#primaryimage","url":"https:\/\/www.caudete.org\/ayuntamiento\/wp-content\/uploads\/2022\/01\/IMG-20220125-WA0015.jpg","contentUrl":"https:\/\/www.caudete.org\/ayuntamiento\/wp-content\/uploads\/2022\/01\/IMG-20220125-WA0015.jpg","width":2048,"height":1536},{"@type":"BreadcrumbList","@id":"https:\/\/www.caudete.org\/ayuntamiento\/72-arboles-para-la-campana-de-plantacion-y-reposicion\/#breadcrumb","itemListElement":[{"@type":"ListItem","position":1,"name":"Inicio","item":"https:\/\/www.caudete.org\/ayuntamiento\/"},{"@type":"ListItem","position":2,"name":"72 \u00e1rboles para la campa\u00f1a de Plantaci\u00f3n y Reposici\u00f3n"}]},{"@type":"WebSite","@id":"https:\/\/www.caudete.org\/ayuntamiento\/#website","url":"https:\/\/www.caudete.org\/ayuntamiento\/","name":"MI Ayuntamiento de Caudete","description":"P\u00e1gina Oficial del MI Ayuntamiento de Caudete","potentialAction":[{"@type":"SearchAction","target":{"@type":"EntryPoint","urlTemplate":"https:\/\/www.caudete.org\/ayuntamiento\/?s={search_term_string}"},"query-input":{"@type":"PropertyValueSpecification","valueRequired":true,"valueName":"search_term_string"}}],"inLanguage":"es"},{"@type":"Person","@id":"https:\/\/www.caudete.org\/ayuntamiento\/#\/schema\/person\/cc646da9133078ee4d8dd47457947253","name":"alcalde","image":{"@type":"ImageObject","inLanguage":"es","@id":"https:\/\/secure.gravatar.com\/avatar\/84a817ba065b29ff08d666b215a215f5c79186a645ccb25b14a663d48a130f77?s=96&d=mm&r=g","url":"https:\/\/secure.gravatar.com\/avatar\/84a817ba065b29ff08d666b215a215f5c79186a645ccb25b14a663d48a130f77?s=96&d=mm&r=g","contentUrl":"https:\/\/secure.gravatar.com\/avatar\/84a817ba065b29ff08d666b215a215f5c79186a645ccb25b14a663d48a130f77?s=96&d=mm&r=g","caption":"alcalde"},"url":"https:\/\/www.caudete.org\/ayuntamiento\/author\/alcalde\/"}]}},"_links":{"self":[{"href":"https:\/\/www.caudete.org\/ayuntamiento\/wp-json\/wp\/v2\/posts\/17933","targetHints":{"allow":["GET"]}}],"collection":[{"href":"https:\/\/www.caudete.org\/ayuntamiento\/wp-json\/wp\/v2\/posts"}],"about":[{"href":"https:\/\/www.caudete.org\/ayuntamiento\/wp-json\/wp\/v2\/types\/post"}],"author":[{"embeddable":true,"href":"https:\/\/www.caudete.org\/ayuntamiento\/wp-json\/wp\/v2\/users\/3"}],"replies":[{"embeddable":true,"href":"https:\/\/www.caudete.org\/ayuntamiento\/wp-json\/wp\/v2\/comments?post=17933"}],"version-history":[{"count":2,"href":"https:\/\/www.caudete.org\/ayuntamiento\/wp-json\/wp\/v2\/posts\/17933\/revisions"}],"predecessor-version":[{"id":17936,"href":"https:\/\/www.caudete.org\/ayuntamiento\/wp-json\/wp\/v2\/posts\/17933\/revisions\/17936"}],"wp:featuredmedia":[{"embeddable":true,"href":"https:\/\/www.caudete.org\/ayuntamiento\/wp-json\/wp\/v2\/media\/17934"}],"wp:attachment":[{"href":"https:\/\/www.caudete.org\/ayuntamiento\/wp-json\/wp\/v2\/media?parent=17933"}],"wp:term":[{"taxonomy":"category","embeddable":true,"href":"https:\/\/www.caudete.org\/ayuntamiento\/wp-json\/wp\/v2\/categories?post=17933"},{"taxonomy":"post_tag","embeddable":true,"href":"https:\/\/www.caudete.org\/ayuntamiento\/wp-json\/wp\/v2\/tags?post=17933"}],"curies":[{"name":"wp","href":"https:\/\/api.w.org\/{rel}","templated":true}]}}