{"id":17939,"date":"2022-01-27T21:32:24","date_gmt":"2022-01-27T20:32:24","guid":{"rendered":"https:\/\/www.caudete.org\/ayuntamiento\/?p=17939"},"modified":"2022-01-27T21:31:37","modified_gmt":"2022-01-27T20:31:37","slug":"2021-cierra-con-el-menor-numero-de-defunciones-en-los-ultimos-anos","status":"publish","type":"post","link":"https:\/\/www.caudete.org\/ayuntamiento\/2021-cierra-con-el-menor-numero-de-defunciones-en-los-ultimos-anos\/","title":{"rendered":"2021 cierra con el menor n\u00famero de defunciones en los \u00faltimos a\u00f1os"},"content":{"rendered":"<p style=\"text-align: justify;\">Esta ma\u00f1ana el Alcalde, y a su vez, Concejal de Cementerio, daba a conocer un resumen de la estad\u00edstica de gesti\u00f3n del a\u00f1o 2020 realizada por el Departamento de Cementerio. Aprovechaba para realizar comparativas desde el a\u00f1o 2018, momento en el cual la actual Ordenanza Reguladora del recinto establece la ejecuci\u00f3n de estad\u00edsticas trimestrales y anuales.<\/p>\n<p style=\"text-align: justify;\">Con los datos obrantes, 2021 ha cerrado con el m\u00ednimo registrado en los \u00faltimos a\u00f1os. Por tanto, a pesar de la Pandemia y los fallecimientos ocasionados en la localidad, resalta la tendencia descendente que puede darse tras el pico de 2018. En cuanto al g\u00e9nero, se producen una media de 6 defunciones m\u00e1s en hombres que en mujeres (a excepci\u00f3n de 2018, que dicha diferencia se produjo justo al rev\u00e9s).<\/p>\n<p style=\"text-align: justify;\">No obstante, ha ofrecido tambi\u00e9n los datos que el Padr\u00f3n Municipal ha registrado en bajas por defunci\u00f3n, as\u00ed como los que han sido facilitados por las Parroquias de Caudete en cuanto al n\u00famero de Sepelios oficiados; todo ello consultable en la tabla siguiente:<\/p>\n<table style=\"width: 67.9189%; height: 142px;\" width=\"532\">\n<tbody>\n<tr style=\"height: 33px;\">\n<td style=\"width: 40.5303%; height: 33px;\" width=\"200\"><\/td>\n<td style=\"width: 13.0973%; text-align: center; height: 33px;\" width=\"83\"><strong>A\u00f1o 2021<\/strong><\/td>\n<td style=\"width: 13.6072%; text-align: center; height: 33px;\" width=\"83\"><strong>A\u00f1o 2020<\/strong><\/td>\n<td style=\"width: 15.3409%; text-align: center; height: 33px;\" width=\"83\"><strong>A\u00f1o 2019<\/strong><\/td>\n<td style=\"width: 15.3409%; text-align: center; height: 33px;\" width=\"83\"><strong>A\u00f1o 2018<\/strong><\/td>\n<\/tr>\n<tr style=\"height: 33px;\">\n<td style=\"width: 40.5303%; text-align: right; height: 33px;\"><strong>Defunciones Padr\u00f3n Municipal<\/strong><\/td>\n<td style=\"width: 13.0973%; text-align: center; height: 33px;\">86<\/td>\n<td style=\"width: 13.6072%; text-align: center; height: 33px;\">94<\/td>\n<td style=\"width: 15.3409%; text-align: center; height: 33px;\">102<\/td>\n<td style=\"width: 15.3409%; text-align: center; height: 33px;\">108<\/td>\n<\/tr>\n<tr style=\"height: 33px;\">\n<td style=\"width: 40.5303%; text-align: right; height: 33px;\"><strong>Inhumaciones Cementerio<\/strong><\/td>\n<td style=\"width: 13.0973%; text-align: center; height: 33px;\">79<\/td>\n<td style=\"width: 13.6072%; text-align: center; height: 33px;\">89<\/td>\n<td style=\"width: 15.3409%; text-align: center; height: 33px;\">97<\/td>\n<td style=\"width: 15.3409%; text-align: center; height: 33px;\">111<\/td>\n<\/tr>\n<tr style=\"height: 10px;\">\n<td style=\"width: 40.5303%; text-align: right; height: 10px;\"><\/td>\n<td style=\"width: 13.0973%; text-align: center; height: 10px;\"><\/td>\n<td style=\"width: 13.6072%; text-align: center; height: 10px;\"><\/td>\n<td style=\"width: 15.3409%; text-align: center; height: 10px;\"><\/td>\n<td style=\"width: 15.3409%; text-align: center; height: 10px;\"><\/td>\n<\/tr>\n<tr style=\"height: 33px;\">\n<td style=\"width: 40.5303%; text-align: right; height: 33px;\"><strong>Sepelios<\/strong><\/td>\n<td style=\"width: 13.0973%; text-align: center; height: 33px;\">72<\/td>\n<td style=\"width: 13.6072%; text-align: center; height: 33px;\">88<\/td>\n<td style=\"width: 15.3409%; text-align: center; height: 33px;\">99<\/td>\n<td style=\"width: 15.3409%; text-align: center; height: 33px;\">103<\/td>\n<\/tr>\n<\/tbody>\n<\/table>\n<p style=\"text-align: justify;\">\n<p style=\"text-align: justify;\">Igualmente, una vez analizados datos totales, tambi\u00e9n ha ofrecido datos pormenorizados en cuanto al modo de inhumaci\u00f3n, tipolog\u00eda de unidad de enterramiento o localizaci\u00f3n en el Cementerio; e incluso el n\u00famero de unidades de enterramiento nuevas que se conceden o las que se usan por una segunda o sucesivas veces.<\/p>\n<table style=\"width: 72.3%; height: 322px;\" width=\"570\">\n<tbody>\n<tr style=\"height: 24px;\">\n<td style=\"height: 24px;\" width=\"130\"><\/td>\n<td style=\"height: 24px;\" width=\"108\"><\/td>\n<td style=\"text-align: center; height: 24px;\" width=\"83\"><strong>A\u00f1o 2021<\/strong><\/td>\n<td style=\"text-align: center; height: 24px;\" width=\"83\"><strong>A\u00f1o 2020<\/strong><\/td>\n<td style=\"text-align: center; height: 24px;\" width=\"83\"><strong>A\u00f1o 2019<\/strong><\/td>\n<td style=\"text-align: center; height: 24px;\" width=\"83\"><strong>A\u00f1o 2018<\/strong><\/td>\n<\/tr>\n<tr style=\"height: 24px;\">\n<td style=\"height: 48px; text-align: center;\" rowspan=\"2\" width=\"130\"><strong>F\u00d3RMULA DE INHUMACI\u00d3N<\/strong><\/td>\n<td style=\"text-align: right; height: 24px;\"><strong>Tradicional<\/strong><\/td>\n<td style=\"text-align: center; height: 24px;\">73<\/td>\n<td style=\"text-align: center; height: 24px;\">79<\/td>\n<td style=\"text-align: center; height: 24px;\">97<\/td>\n<td style=\"text-align: center; height: 24px;\">104<\/td>\n<\/tr>\n<tr style=\"height: 24px;\">\n<td style=\"text-align: right; height: 24px;\"><strong>Cenizas<\/strong><\/td>\n<td style=\"text-align: center; height: 24px;\">6<\/td>\n<td style=\"text-align: center; height: 24px;\">10<\/td>\n<td style=\"text-align: center; height: 24px;\">0<\/td>\n<td style=\"text-align: center; height: 24px;\">7<\/td>\n<\/tr>\n<tr style=\"height: 24px;\">\n<td style=\"height: 24px;\"><\/td>\n<td style=\"text-align: center; height: 24px;\"><strong>TOTALES<\/strong><\/td>\n<td style=\"text-align: center; height: 24px;\">79<\/td>\n<td style=\"text-align: center; height: 24px;\">89<\/td>\n<td style=\"text-align: center; height: 24px;\">97<\/td>\n<td style=\"text-align: center; height: 24px;\">111<\/td>\n<\/tr>\n<tr style=\"height: 24px;\">\n<td style=\"height: 24px;\"><\/td>\n<td style=\"text-align: right; height: 24px;\"><\/td>\n<td style=\"text-align: center; height: 24px;\"><\/td>\n<td style=\"text-align: center; height: 24px;\"><\/td>\n<td style=\"text-align: center; height: 24px;\"><\/td>\n<td style=\"text-align: center; height: 24px;\"><\/td>\n<\/tr>\n<tr style=\"height: 24px;\">\n<td style=\"height: 96px; text-align: center;\" rowspan=\"4\" width=\"130\"><strong>TIPOLOG\u00cdA DE ENTERRAMIENTO<\/strong><\/td>\n<td style=\"text-align: right; height: 24px;\"><strong>Columbario<\/strong><\/td>\n<td style=\"text-align: center; height: 24px;\">0<\/td>\n<td style=\"text-align: center; height: 24px;\">9<\/td>\n<td style=\"text-align: center; height: 24px;\">0<\/td>\n<td style=\"text-align: center; height: 24px;\">1<\/td>\n<\/tr>\n<tr style=\"height: 24px;\">\n<td style=\"text-align: right; height: 24px;\"><strong>Pante\u00f3n<\/strong><\/td>\n<td style=\"text-align: center; height: 24px;\">0<\/td>\n<td style=\"text-align: center; height: 24px;\">2<\/td>\n<td style=\"text-align: center; height: 24px;\">2<\/td>\n<td style=\"text-align: center; height: 24px;\">2<\/td>\n<\/tr>\n<tr style=\"height: 24px;\">\n<td style=\"text-align: right; height: 24px;\"><strong>Fosa\/Sepultura<\/strong><\/td>\n<td style=\"text-align: center; height: 24px;\">14<\/td>\n<td style=\"text-align: center; height: 24px;\">12<\/td>\n<td style=\"text-align: center; height: 24px;\">15<\/td>\n<td style=\"text-align: center; height: 24px;\">15<\/td>\n<\/tr>\n<tr style=\"height: 24px;\">\n<td style=\"text-align: right; height: 24px;\"><strong>Nicho<\/strong><\/td>\n<td style=\"text-align: center; height: 24px;\">65<\/td>\n<td style=\"text-align: center; height: 24px;\">66<\/td>\n<td style=\"text-align: center; height: 24px;\">80<\/td>\n<td style=\"text-align: center; height: 24px;\">93<\/td>\n<\/tr>\n<tr style=\"height: 24px;\">\n<td style=\"height: 24px;\"><\/td>\n<td style=\"text-align: center; height: 24px;\"><strong>TOTALES<\/strong><\/td>\n<td style=\"text-align: center; height: 24px;\">79<\/td>\n<td style=\"text-align: center; height: 24px;\">89<\/td>\n<td style=\"text-align: center; height: 24px;\">97<\/td>\n<td style=\"text-align: center; height: 24px;\">111<\/td>\n<\/tr>\n<tr style=\"height: 24px;\">\n<td style=\"height: 24px;\"><\/td>\n<td style=\"text-align: right; height: 24px;\"><\/td>\n<td style=\"text-align: center; height: 24px;\"><\/td>\n<td style=\"text-align: center; height: 24px;\"><\/td>\n<td style=\"text-align: center; height: 24px;\"><\/td>\n<td style=\"text-align: center; height: 24px;\"><\/td>\n<\/tr>\n<tr style=\"height: 10px;\">\n<td style=\"height: 34px; text-align: center;\" rowspan=\"2\"><strong>LOCALIZACI\u00d3N<\/strong><\/td>\n<td style=\"text-align: right; height: 10px;\"><strong>Patio antiguo<\/strong><\/td>\n<td style=\"text-align: center; height: 10px;\">37<\/td>\n<td style=\"text-align: center; height: 10px;\">34<\/td>\n<td style=\"text-align: center; height: 10px;\">40<\/td>\n<td style=\"text-align: center; height: 10px;\">56<\/td>\n<\/tr>\n<tr style=\"height: 24px;\">\n<td style=\"text-align: right; height: 24px;\"><strong>Patio nuevo<\/strong><\/td>\n<td style=\"text-align: center; height: 24px;\">42<\/td>\n<td style=\"text-align: center; height: 24px;\">55<\/td>\n<td style=\"text-align: center; height: 24px;\">57<\/td>\n<td style=\"text-align: center; height: 24px;\">55<\/td>\n<\/tr>\n<tr style=\"height: 24px;\">\n<td style=\"height: 24px;\"><\/td>\n<td style=\"text-align: center; height: 24px;\"><strong>TOTALES<\/strong><\/td>\n<td style=\"text-align: center; height: 24px;\">79<\/td>\n<td style=\"text-align: center; height: 24px;\">89<\/td>\n<td style=\"text-align: center; height: 24px;\">97<\/td>\n<td style=\"text-align: center; height: 24px;\">111<\/td>\n<\/tr>\n<\/tbody>\n<\/table>\n","protected":false},"excerpt":{"rendered":"<p>Esta ma\u00f1ana el Alcalde, y a su vez, Concejal de Cementerio, daba a conocer un resumen de la estad\u00edstica de gesti\u00f3n del a\u00f1o 2020 realizada por el Departamento de Cementerio. Aprovechaba para realizar comparativas desde el a\u00f1o 2018, momento en el cual la actual Ordenanza Reguladora del recinto establece la ejecuci\u00f3n de estad\u00edsticas trimestrales y &hellip;<\/p>\n","protected":false},"author":3,"featured_media":16318,"comment_status":"closed","ping_status":"open","sticky":false,"template":"","format":"standard","meta":{"ngg_post_thumbnail":0,"footnotes":""},"categories":[30],"tags":[],"class_list":["post-17939","post","type-post","status-publish","format-standard","has-post-thumbnail","hentry","category-cementerio"],"yoast_head":"<!-- This site is optimized with the Yoast SEO plugin v27.4 - https:\/\/yoast.com\/product\/yoast-seo-wordpress\/ -->\n<title>2021 cierra con el menor n\u00famero de defunciones en los \u00faltimos a\u00f1os - MI Ayuntamiento de Caudete<\/title>\n<meta name=\"description\" content=\"P\u00e1gina Oficial del Ayuntamiento de Caudete (Albacete)\" \/>\n<meta name=\"robots\" content=\"index, follow, max-snippet:-1, max-image-preview:large, max-video-preview:-1\" \/>\n<link rel=\"canonical\" href=\"https:\/\/www.caudete.org\/ayuntamiento\/2021-cierra-con-el-menor-numero-de-defunciones-en-los-ultimos-anos\/\" \/>\n<meta property=\"og:locale\" content=\"es_ES\" \/>\n<meta property=\"og:type\" content=\"article\" \/>\n<meta property=\"og:title\" content=\"2021 cierra con el menor n\u00famero de defunciones en los \u00faltimos a\u00f1os - MI Ayuntamiento de Caudete\" \/>\n<meta property=\"og:description\" content=\"P\u00e1gina Oficial del Ayuntamiento de Caudete (Albacete)\" \/>\n<meta property=\"og:url\" content=\"https:\/\/www.caudete.org\/ayuntamiento\/2021-cierra-con-el-menor-numero-de-defunciones-en-los-ultimos-anos\/\" \/>\n<meta property=\"og:site_name\" content=\"MI Ayuntamiento de Caudete\" \/>\n<meta property=\"article:publisher\" content=\"https:\/\/www.facebook.com\/ayuntamientocaudete\/\" \/>\n<meta property=\"article:published_time\" content=\"2022-01-27T20:32:24+00:00\" \/>\n<meta property=\"og:image\" content=\"https:\/\/www.caudete.org\/ayuntamiento\/wp-content\/uploads\/2021\/09\/WhatsApp-Image-2021-09-27-at-17.00.16.jpeg\" \/>\n\t<meta property=\"og:image:width\" content=\"1600\" \/>\n\t<meta property=\"og:image:height\" content=\"900\" \/>\n\t<meta property=\"og:image:type\" content=\"image\/jpeg\" \/>\n<meta name=\"author\" content=\"alcalde\" \/>\n<meta name=\"twitter:card\" content=\"summary_large_image\" \/>\n<meta name=\"twitter:label1\" content=\"Escrito por\" \/>\n\t<meta name=\"twitter:data1\" content=\"alcalde\" \/>\n\t<meta name=\"twitter:label2\" content=\"Tiempo de lectura\" \/>\n\t<meta name=\"twitter:data2\" content=\"2 minutos\" \/>\n<script type=\"application\/ld+json\" class=\"yoast-schema-graph\">{\"@context\":\"https:\\\/\\\/schema.org\",\"@graph\":[{\"@type\":\"Article\",\"@id\":\"https:\\\/\\\/www.caudete.org\\\/ayuntamiento\\\/2021-cierra-con-el-menor-numero-de-defunciones-en-los-ultimos-anos\\\/#article\",\"isPartOf\":{\"@id\":\"https:\\\/\\\/www.caudete.org\\\/ayuntamiento\\\/2021-cierra-con-el-menor-numero-de-defunciones-en-los-ultimos-anos\\\/\"},\"author\":{\"name\":\"alcalde\",\"@id\":\"https:\\\/\\\/www.caudete.org\\\/ayuntamiento\\\/#\\\/schema\\\/person\\\/cc646da9133078ee4d8dd47457947253\"},\"headline\":\"2021 cierra con el menor n\u00famero de defunciones en los \u00faltimos a\u00f1os\",\"datePublished\":\"2022-01-27T20:32:24+00:00\",\"mainEntityOfPage\":{\"@id\":\"https:\\\/\\\/www.caudete.org\\\/ayuntamiento\\\/2021-cierra-con-el-menor-numero-de-defunciones-en-los-ultimos-anos\\\/\"},\"wordCount\":297,\"publisher\":{\"@id\":\"https:\\\/\\\/www.caudete.org\\\/ayuntamiento\\\/#organization\"},\"image\":{\"@id\":\"https:\\\/\\\/www.caudete.org\\\/ayuntamiento\\\/2021-cierra-con-el-menor-numero-de-defunciones-en-los-ultimos-anos\\\/#primaryimage\"},\"thumbnailUrl\":\"https:\\\/\\\/www.caudete.org\\\/ayuntamiento\\\/wp-content\\\/uploads\\\/2021\\\/09\\\/WhatsApp-Image-2021-09-27-at-17.00.16.jpeg\",\"articleSection\":[\"Cementerio\"],\"inLanguage\":\"es\"},{\"@type\":\"WebPage\",\"@id\":\"https:\\\/\\\/www.caudete.org\\\/ayuntamiento\\\/2021-cierra-con-el-menor-numero-de-defunciones-en-los-ultimos-anos\\\/\",\"url\":\"https:\\\/\\\/www.caudete.org\\\/ayuntamiento\\\/2021-cierra-con-el-menor-numero-de-defunciones-en-los-ultimos-anos\\\/\",\"name\":\"2021 cierra con el menor n\u00famero de defunciones en los \u00faltimos a\u00f1os - MI Ayuntamiento de Caudete\",\"isPartOf\":{\"@id\":\"https:\\\/\\\/www.caudete.org\\\/ayuntamiento\\\/#website\"},\"primaryImageOfPage\":{\"@id\":\"https:\\\/\\\/www.caudete.org\\\/ayuntamiento\\\/2021-cierra-con-el-menor-numero-de-defunciones-en-los-ultimos-anos\\\/#primaryimage\"},\"image\":{\"@id\":\"https:\\\/\\\/www.caudete.org\\\/ayuntamiento\\\/2021-cierra-con-el-menor-numero-de-defunciones-en-los-ultimos-anos\\\/#primaryimage\"},\"thumbnailUrl\":\"https:\\\/\\\/www.caudete.org\\\/ayuntamiento\\\/wp-content\\\/uploads\\\/2021\\\/09\\\/WhatsApp-Image-2021-09-27-at-17.00.16.jpeg\",\"datePublished\":\"2022-01-27T20:32:24+00:00\",\"description\":\"P\u00e1gina Oficial del Ayuntamiento de Caudete (Albacete)\",\"breadcrumb\":{\"@id\":\"https:\\\/\\\/www.caudete.org\\\/ayuntamiento\\\/2021-cierra-con-el-menor-numero-de-defunciones-en-los-ultimos-anos\\\/#breadcrumb\"},\"inLanguage\":\"es\",\"potentialAction\":[{\"@type\":\"ReadAction\",\"target\":[\"https:\\\/\\\/www.caudete.org\\\/ayuntamiento\\\/2021-cierra-con-el-menor-numero-de-defunciones-en-los-ultimos-anos\\\/\"]}]},{\"@type\":\"ImageObject\",\"inLanguage\":\"es\",\"@id\":\"https:\\\/\\\/www.caudete.org\\\/ayuntamiento\\\/2021-cierra-con-el-menor-numero-de-defunciones-en-los-ultimos-anos\\\/#primaryimage\",\"url\":\"https:\\\/\\\/www.caudete.org\\\/ayuntamiento\\\/wp-content\\\/uploads\\\/2021\\\/09\\\/WhatsApp-Image-2021-09-27-at-17.00.16.jpeg\",\"contentUrl\":\"https:\\\/\\\/www.caudete.org\\\/ayuntamiento\\\/wp-content\\\/uploads\\\/2021\\\/09\\\/WhatsApp-Image-2021-09-27-at-17.00.16.jpeg\",\"width\":1600,\"height\":900},{\"@type\":\"BreadcrumbList\",\"@id\":\"https:\\\/\\\/www.caudete.org\\\/ayuntamiento\\\/2021-cierra-con-el-menor-numero-de-defunciones-en-los-ultimos-anos\\\/#breadcrumb\",\"itemListElement\":[{\"@type\":\"ListItem\",\"position\":1,\"name\":\"Inicio\",\"item\":\"https:\\\/\\\/www.caudete.org\\\/ayuntamiento\\\/\"},{\"@type\":\"ListItem\",\"position\":2,\"name\":\"2021 cierra con el menor n\u00famero de defunciones en los \u00faltimos a\u00f1os\"}]},{\"@type\":\"WebSite\",\"@id\":\"https:\\\/\\\/www.caudete.org\\\/ayuntamiento\\\/#website\",\"url\":\"https:\\\/\\\/www.caudete.org\\\/ayuntamiento\\\/\",\"name\":\"MI Ayuntamiento de Caudete\",\"description\":\"P\u00e1gina Oficial del MI Ayuntamiento de Caudete\",\"publisher\":{\"@id\":\"https:\\\/\\\/www.caudete.org\\\/ayuntamiento\\\/#organization\"},\"potentialAction\":[{\"@type\":\"SearchAction\",\"target\":{\"@type\":\"EntryPoint\",\"urlTemplate\":\"https:\\\/\\\/www.caudete.org\\\/ayuntamiento\\\/?s={search_term_string}\"},\"query-input\":{\"@type\":\"PropertyValueSpecification\",\"valueRequired\":true,\"valueName\":\"search_term_string\"}}],\"inLanguage\":\"es\"},{\"@type\":\"Organization\",\"@id\":\"https:\\\/\\\/www.caudete.org\\\/ayuntamiento\\\/#organization\",\"name\":\"Ayuntamiento de Caudete\",\"url\":\"https:\\\/\\\/www.caudete.org\\\/ayuntamiento\\\/\",\"logo\":{\"@type\":\"ImageObject\",\"inLanguage\":\"es\",\"@id\":\"https:\\\/\\\/www.caudete.org\\\/ayuntamiento\\\/#\\\/schema\\\/logo\\\/image\\\/\",\"url\":\"https:\\\/\\\/www.caudete.org\\\/ayuntamiento\\\/wp-content\\\/uploads\\\/2020\\\/11\\\/logo_ayuntamiento_caudete.jpg\",\"contentUrl\":\"https:\\\/\\\/www.caudete.org\\\/ayuntamiento\\\/wp-content\\\/uploads\\\/2020\\\/11\\\/logo_ayuntamiento_caudete.jpg\",\"width\":600,\"height\":150,\"caption\":\"Ayuntamiento de Caudete\"},\"image\":{\"@id\":\"https:\\\/\\\/www.caudete.org\\\/ayuntamiento\\\/#\\\/schema\\\/logo\\\/image\\\/\"},\"sameAs\":[\"https:\\\/\\\/www.facebook.com\\\/ayuntamientocaudete\\\/\",\"https:\\\/\\\/www.youtube.com\\\/channel\\\/UC6VztHaooNsGpw-tNoBEFnQ\"]},{\"@type\":\"Person\",\"@id\":\"https:\\\/\\\/www.caudete.org\\\/ayuntamiento\\\/#\\\/schema\\\/person\\\/cc646da9133078ee4d8dd47457947253\",\"name\":\"alcalde\",\"image\":{\"@type\":\"ImageObject\",\"inLanguage\":\"es\",\"@id\":\"https:\\\/\\\/secure.gravatar.com\\\/avatar\\\/84a817ba065b29ff08d666b215a215f5c79186a645ccb25b14a663d48a130f77?s=96&d=mm&r=g\",\"url\":\"https:\\\/\\\/secure.gravatar.com\\\/avatar\\\/84a817ba065b29ff08d666b215a215f5c79186a645ccb25b14a663d48a130f77?s=96&d=mm&r=g\",\"contentUrl\":\"https:\\\/\\\/secure.gravatar.com\\\/avatar\\\/84a817ba065b29ff08d666b215a215f5c79186a645ccb25b14a663d48a130f77?s=96&d=mm&r=g\",\"caption\":\"alcalde\"},\"url\":\"https:\\\/\\\/www.caudete.org\\\/ayuntamiento\\\/author\\\/alcalde\\\/\"}]}<\/script>\n<!-- \/ Yoast SEO plugin. -->","yoast_head_json":{"title":"2021 cierra con el menor n\u00famero de defunciones en los \u00faltimos a\u00f1os - MI Ayuntamiento de Caudete","description":"P\u00e1gina Oficial del Ayuntamiento de Caudete (Albacete)","robots":{"index":"index","follow":"follow","max-snippet":"max-snippet:-1","max-image-preview":"max-image-preview:large","max-video-preview":"max-video-preview:-1"},"canonical":"https:\/\/www.caudete.org\/ayuntamiento\/2021-cierra-con-el-menor-numero-de-defunciones-en-los-ultimos-anos\/","og_locale":"es_ES","og_type":"article","og_title":"2021 cierra con el menor n\u00famero de defunciones en los \u00faltimos a\u00f1os - MI Ayuntamiento de Caudete","og_description":"P\u00e1gina Oficial del Ayuntamiento de Caudete (Albacete)","og_url":"https:\/\/www.caudete.org\/ayuntamiento\/2021-cierra-con-el-menor-numero-de-defunciones-en-los-ultimos-anos\/","og_site_name":"MI Ayuntamiento de Caudete","article_publisher":"https:\/\/www.facebook.com\/ayuntamientocaudete\/","article_published_time":"2022-01-27T20:32:24+00:00","og_image":[{"width":1600,"height":900,"url":"https:\/\/www.caudete.org\/ayuntamiento\/wp-content\/uploads\/2021\/09\/WhatsApp-Image-2021-09-27-at-17.00.16.jpeg","type":"image\/jpeg"}],"author":"alcalde","twitter_card":"summary_large_image","twitter_misc":{"Escrito por":"alcalde","Tiempo de lectura":"2 minutos"},"schema":{"@context":"https:\/\/schema.org","@graph":[{"@type":"Article","@id":"https:\/\/www.caudete.org\/ayuntamiento\/2021-cierra-con-el-menor-numero-de-defunciones-en-los-ultimos-anos\/#article","isPartOf":{"@id":"https:\/\/www.caudete.org\/ayuntamiento\/2021-cierra-con-el-menor-numero-de-defunciones-en-los-ultimos-anos\/"},"author":{"name":"alcalde","@id":"https:\/\/www.caudete.org\/ayuntamiento\/#\/schema\/person\/cc646da9133078ee4d8dd47457947253"},"headline":"2021 cierra con el menor n\u00famero de defunciones en los \u00faltimos a\u00f1os","datePublished":"2022-01-27T20:32:24+00:00","mainEntityOfPage":{"@id":"https:\/\/www.caudete.org\/ayuntamiento\/2021-cierra-con-el-menor-numero-de-defunciones-en-los-ultimos-anos\/"},"wordCount":297,"publisher":{"@id":"https:\/\/www.caudete.org\/ayuntamiento\/#organization"},"image":{"@id":"https:\/\/www.caudete.org\/ayuntamiento\/2021-cierra-con-el-menor-numero-de-defunciones-en-los-ultimos-anos\/#primaryimage"},"thumbnailUrl":"https:\/\/www.caudete.org\/ayuntamiento\/wp-content\/uploads\/2021\/09\/WhatsApp-Image-2021-09-27-at-17.00.16.jpeg","articleSection":["Cementerio"],"inLanguage":"es"},{"@type":"WebPage","@id":"https:\/\/www.caudete.org\/ayuntamiento\/2021-cierra-con-el-menor-numero-de-defunciones-en-los-ultimos-anos\/","url":"https:\/\/www.caudete.org\/ayuntamiento\/2021-cierra-con-el-menor-numero-de-defunciones-en-los-ultimos-anos\/","name":"2021 cierra con el menor n\u00famero de defunciones en los \u00faltimos a\u00f1os - MI Ayuntamiento de Caudete","isPartOf":{"@id":"https:\/\/www.caudete.org\/ayuntamiento\/#website"},"primaryImageOfPage":{"@id":"https:\/\/www.caudete.org\/ayuntamiento\/2021-cierra-con-el-menor-numero-de-defunciones-en-los-ultimos-anos\/#primaryimage"},"image":{"@id":"https:\/\/www.caudete.org\/ayuntamiento\/2021-cierra-con-el-menor-numero-de-defunciones-en-los-ultimos-anos\/#primaryimage"},"thumbnailUrl":"https:\/\/www.caudete.org\/ayuntamiento\/wp-content\/uploads\/2021\/09\/WhatsApp-Image-2021-09-27-at-17.00.16.jpeg","datePublished":"2022-01-27T20:32:24+00:00","description":"P\u00e1gina Oficial del Ayuntamiento de Caudete (Albacete)","breadcrumb":{"@id":"https:\/\/www.caudete.org\/ayuntamiento\/2021-cierra-con-el-menor-numero-de-defunciones-en-los-ultimos-anos\/#breadcrumb"},"inLanguage":"es","potentialAction":[{"@type":"ReadAction","target":["https:\/\/www.caudete.org\/ayuntamiento\/2021-cierra-con-el-menor-numero-de-defunciones-en-los-ultimos-anos\/"]}]},{"@type":"ImageObject","inLanguage":"es","@id":"https:\/\/www.caudete.org\/ayuntamiento\/2021-cierra-con-el-menor-numero-de-defunciones-en-los-ultimos-anos\/#primaryimage","url":"https:\/\/www.caudete.org\/ayuntamiento\/wp-content\/uploads\/2021\/09\/WhatsApp-Image-2021-09-27-at-17.00.16.jpeg","contentUrl":"https:\/\/www.caudete.org\/ayuntamiento\/wp-content\/uploads\/2021\/09\/WhatsApp-Image-2021-09-27-at-17.00.16.jpeg","width":1600,"height":900},{"@type":"BreadcrumbList","@id":"https:\/\/www.caudete.org\/ayuntamiento\/2021-cierra-con-el-menor-numero-de-defunciones-en-los-ultimos-anos\/#breadcrumb","itemListElement":[{"@type":"ListItem","position":1,"name":"Inicio","item":"https:\/\/www.caudete.org\/ayuntamiento\/"},{"@type":"ListItem","position":2,"name":"2021 cierra con el menor n\u00famero de defunciones en los \u00faltimos a\u00f1os"}]},{"@type":"WebSite","@id":"https:\/\/www.caudete.org\/ayuntamiento\/#website","url":"https:\/\/www.caudete.org\/ayuntamiento\/","name":"MI Ayuntamiento de Caudete","description":"P\u00e1gina Oficial del MI Ayuntamiento de Caudete","publisher":{"@id":"https:\/\/www.caudete.org\/ayuntamiento\/#organization"},"potentialAction":[{"@type":"SearchAction","target":{"@type":"EntryPoint","urlTemplate":"https:\/\/www.caudete.org\/ayuntamiento\/?s={search_term_string}"},"query-input":{"@type":"PropertyValueSpecification","valueRequired":true,"valueName":"search_term_string"}}],"inLanguage":"es"},{"@type":"Organization","@id":"https:\/\/www.caudete.org\/ayuntamiento\/#organization","name":"Ayuntamiento de Caudete","url":"https:\/\/www.caudete.org\/ayuntamiento\/","logo":{"@type":"ImageObject","inLanguage":"es","@id":"https:\/\/www.caudete.org\/ayuntamiento\/#\/schema\/logo\/image\/","url":"https:\/\/www.caudete.org\/ayuntamiento\/wp-content\/uploads\/2020\/11\/logo_ayuntamiento_caudete.jpg","contentUrl":"https:\/\/www.caudete.org\/ayuntamiento\/wp-content\/uploads\/2020\/11\/logo_ayuntamiento_caudete.jpg","width":600,"height":150,"caption":"Ayuntamiento de Caudete"},"image":{"@id":"https:\/\/www.caudete.org\/ayuntamiento\/#\/schema\/logo\/image\/"},"sameAs":["https:\/\/www.facebook.com\/ayuntamientocaudete\/","https:\/\/www.youtube.com\/channel\/UC6VztHaooNsGpw-tNoBEFnQ"]},{"@type":"Person","@id":"https:\/\/www.caudete.org\/ayuntamiento\/#\/schema\/person\/cc646da9133078ee4d8dd47457947253","name":"alcalde","image":{"@type":"ImageObject","inLanguage":"es","@id":"https:\/\/secure.gravatar.com\/avatar\/84a817ba065b29ff08d666b215a215f5c79186a645ccb25b14a663d48a130f77?s=96&d=mm&r=g","url":"https:\/\/secure.gravatar.com\/avatar\/84a817ba065b29ff08d666b215a215f5c79186a645ccb25b14a663d48a130f77?s=96&d=mm&r=g","contentUrl":"https:\/\/secure.gravatar.com\/avatar\/84a817ba065b29ff08d666b215a215f5c79186a645ccb25b14a663d48a130f77?s=96&d=mm&r=g","caption":"alcalde"},"url":"https:\/\/www.caudete.org\/ayuntamiento\/author\/alcalde\/"}]}},"_links":{"self":[{"href":"https:\/\/www.caudete.org\/ayuntamiento\/wp-json\/wp\/v2\/posts\/17939","targetHints":{"allow":["GET"]}}],"collection":[{"href":"https:\/\/www.caudete.org\/ayuntamiento\/wp-json\/wp\/v2\/posts"}],"about":[{"href":"https:\/\/www.caudete.org\/ayuntamiento\/wp-json\/wp\/v2\/types\/post"}],"author":[{"embeddable":true,"href":"https:\/\/www.caudete.org\/ayuntamiento\/wp-json\/wp\/v2\/users\/3"}],"replies":[{"embeddable":true,"href":"https:\/\/www.caudete.org\/ayuntamiento\/wp-json\/wp\/v2\/comments?post=17939"}],"version-history":[{"count":4,"href":"https:\/\/www.caudete.org\/ayuntamiento\/wp-json\/wp\/v2\/posts\/17939\/revisions"}],"predecessor-version":[{"id":17953,"href":"https:\/\/www.caudete.org\/ayuntamiento\/wp-json\/wp\/v2\/posts\/17939\/revisions\/17953"}],"wp:featuredmedia":[{"embeddable":true,"href":"https:\/\/www.caudete.org\/ayuntamiento\/wp-json\/wp\/v2\/media\/16318"}],"wp:attachment":[{"href":"https:\/\/www.caudete.org\/ayuntamiento\/wp-json\/wp\/v2\/media?parent=17939"}],"wp:term":[{"taxonomy":"category","embeddable":true,"href":"https:\/\/www.caudete.org\/ayuntamiento\/wp-json\/wp\/v2\/categories?post=17939"},{"taxonomy":"post_tag","embeddable":true,"href":"https:\/\/www.caudete.org\/ayuntamiento\/wp-json\/wp\/v2\/tags?post=17939"}],"curies":[{"name":"wp","href":"https:\/\/api.w.org\/{rel}","templated":true}]}}