{"id":17941,"date":"2022-01-27T17:03:54","date_gmt":"2022-01-27T16:03:54","guid":{"rendered":"https:\/\/www.caudete.org\/ayuntamiento\/?p=17941"},"modified":"2022-01-27T17:57:31","modified_gmt":"2022-01-27T16:57:31","slug":"el-8-de-febrero-presentacion-de-trabajo-y-proyecto-ganador-en-ii-y-iii-beca-de-investigacion-fco-domenech","status":"publish","type":"post","link":"https:\/\/www.caudete.org\/ayuntamiento\/el-8-de-febrero-presentacion-de-trabajo-y-proyecto-ganador-en-ii-y-iii-beca-de-investigacion-fco-domenech\/","title":{"rendered":"El 8 de Febrero, presentaci\u00f3n de Trabajo y Proyecto ganador en II y III Beca de Investigaci\u00f3n Fco.Domenech"},"content":{"rendered":"<p style=\"text-align: justify;\">Mois\u00e9s L\u00f3pez, Alcalde de Caudete, y Conchi Vinader, promotora de la beca y viuda de Francisco Dom\u00e9nech han anunciado a los medios desde la Casa de la Cultura que el pr\u00f3ximo <strong>martes 8 de Febrero<\/strong> se presentar\u00e1n en el Auditorio Municipal los <strong>trabajos ganadores de la 2\u00aa y 3\u00aa Beca de Investigaci\u00f3n<\/strong> \u00abFrancisco Jos\u00e9 Dom\u00e9nech Mira\u00bb <strong>a las 19.00 horas<\/strong>.<\/p>\n<p style=\"text-align: justify;\">Conchi Vinader ha recordado que esta beca se realiza en memoria de Francisco Jos\u00e9 Dom\u00e9nech, con el objetivo de que aquellas personas a las que les gusta investigar sobre Caudete, tengan la oportunidad de dar a conocer sus trabajos. Dom\u00e9nech fue un extraordinario historiador, profesor de profesi\u00f3n, cuya pasi\u00f3n por su pueblo le llev\u00f3 a dedicarle innumerables horas en la b\u00fasqueda de sus m\u00e1s profundas ra\u00edces, sus m\u00e1s escondidos secretos.<\/p>\n<p style=\"text-align: justify;\">En la 3\u00aa Beca de Investigaci\u00f3n \u00abFrancisco Jos\u00e9 Dom\u00e9nech Mira\u00bb han colaborado el Ayuntamiento de Caudete, la Asociaci\u00f3n de Amigos de la Historia Caudetana\u00a0 y el Instituto de Estudios Albacetenses \u201cDon Juan Manuel\u201d, y est\u00e1 patrocinada por diferentes empresas locales, como son Crisnova Vidrio, Toldos Caudete, Arrfran Seguros, M\u00e1rmoles Bolmax y Da Vinci Bellas Artes.<\/p>\n<p style=\"text-align: justify;\">El Acto comenzar\u00e1 con el <strong>fallo p\u00fablico del proyecto ganador de la III Beca de Investigaci\u00f3n<\/strong>, momento en el cual el autor expondr\u00e1 la defensa y presentaci\u00f3n del tema elegido, as\u00ed como las cuestiones que considere sobre la investigaci\u00f3n a realizar. Tras ello, se proceder\u00e1 a la <strong>exposici\u00f3n de resultados del trabajo desarrollado en la investigaci\u00f3n del trabajo premiado en la II Edici\u00f3n<\/strong>, titulado &#8220;De bombarderos y refugios antia\u00e9reos. Aer\u00f3dromo militar La Coronela y defensa pasiva de la Villa de Caudete (Albacete): 1936-1939&#8221; cuyos autores son J.V.Arnedo y V.Arr\u00e1ez.<\/p>\n","protected":false},"excerpt":{"rendered":"<p>Mois\u00e9s L\u00f3pez, Alcalde de Caudete, y Conchi Vinader, promotora de la beca y viuda de Francisco Dom\u00e9nech han anunciado a los medios desde la Casa de la Cultura que el pr\u00f3ximo martes 8 de Febrero se presentar\u00e1n en el Auditorio Municipal los trabajos ganadores de la 2\u00aa y 3\u00aa Beca de Investigaci\u00f3n \u00abFrancisco Jos\u00e9 Dom\u00e9nech &hellip;<\/p>\n","protected":false},"author":3,"featured_media":17944,"comment_status":"closed","ping_status":"open","sticky":false,"template":"","format":"standard","meta":{"ngg_post_thumbnail":0,"footnotes":""},"categories":[14],"tags":[],"class_list":["post-17941","post","type-post","status-publish","format-standard","has-post-thumbnail","hentry","category-cultura"],"yoast_head":"<!-- This site is optimized with the Yoast SEO plugin v27.5 - https:\/\/yoast.com\/product\/yoast-seo-wordpress\/ -->\n<title>El 8 de Febrero, presentaci\u00f3n de Trabajo y Proyecto ganador en II y III Beca de Investigaci\u00f3n Fco.Domenech - MI Ayuntamiento de Caudete<\/title>\n<meta name=\"description\" content=\"P\u00e1gina Oficial del Ayuntamiento de Caudete (Albacete)\" \/>\n<meta name=\"robots\" content=\"index, follow, max-snippet:-1, max-image-preview:large, max-video-preview:-1\" \/>\n<link rel=\"canonical\" href=\"https:\/\/www.caudete.org\/ayuntamiento\/el-8-de-febrero-presentacion-de-trabajo-y-proyecto-ganador-en-ii-y-iii-beca-de-investigacion-fco-domenech\/\" \/>\n<meta property=\"og:locale\" content=\"es_ES\" \/>\n<meta property=\"og:type\" content=\"article\" \/>\n<meta property=\"og:title\" content=\"El 8 de Febrero, presentaci\u00f3n de Trabajo y Proyecto ganador en II y III Beca de Investigaci\u00f3n Fco.Domenech - MI Ayuntamiento de Caudete\" \/>\n<meta property=\"og:description\" content=\"P\u00e1gina Oficial del Ayuntamiento de Caudete (Albacete)\" \/>\n<meta property=\"og:url\" content=\"https:\/\/www.caudete.org\/ayuntamiento\/el-8-de-febrero-presentacion-de-trabajo-y-proyecto-ganador-en-ii-y-iii-beca-de-investigacion-fco-domenech\/\" \/>\n<meta property=\"og:site_name\" content=\"MI Ayuntamiento de Caudete\" \/>\n<meta property=\"article:publisher\" content=\"https:\/\/www.facebook.com\/ayuntamientocaudete\/\" \/>\n<meta property=\"article:published_time\" content=\"2022-01-27T16:03:54+00:00\" \/>\n<meta property=\"article:modified_time\" content=\"2022-01-27T16:57:31+00:00\" \/>\n<meta property=\"og:image\" content=\"https:\/\/www.caudete.org\/ayuntamiento\/wp-content\/uploads\/2022\/01\/III-Beca-investigacion-WEB.jpg\" \/>\n\t<meta property=\"og:image:width\" content=\"864\" \/>\n\t<meta property=\"og:image:height\" content=\"380\" \/>\n\t<meta property=\"og:image:type\" content=\"image\/jpeg\" \/>\n<meta name=\"author\" content=\"alcalde\" \/>\n<meta name=\"twitter:card\" content=\"summary_large_image\" \/>\n<meta name=\"twitter:label1\" content=\"Escrito por\" \/>\n\t<meta name=\"twitter:data1\" content=\"alcalde\" \/>\n\t<meta name=\"twitter:label2\" content=\"Tiempo de lectura\" \/>\n\t<meta name=\"twitter:data2\" content=\"2 minutos\" \/>\n<script type=\"application\/ld+json\" class=\"yoast-schema-graph\">{\"@context\":\"https:\\\/\\\/schema.org\",\"@graph\":[{\"@type\":\"Article\",\"@id\":\"https:\\\/\\\/www.caudete.org\\\/ayuntamiento\\\/el-8-de-febrero-presentacion-de-trabajo-y-proyecto-ganador-en-ii-y-iii-beca-de-investigacion-fco-domenech\\\/#article\",\"isPartOf\":{\"@id\":\"https:\\\/\\\/www.caudete.org\\\/ayuntamiento\\\/el-8-de-febrero-presentacion-de-trabajo-y-proyecto-ganador-en-ii-y-iii-beca-de-investigacion-fco-domenech\\\/\"},\"author\":{\"name\":\"alcalde\",\"@id\":\"https:\\\/\\\/www.caudete.org\\\/ayuntamiento\\\/#\\\/schema\\\/person\\\/cc646da9133078ee4d8dd47457947253\"},\"headline\":\"El 8 de Febrero, presentaci\u00f3n de Trabajo y Proyecto ganador en II y III Beca de Investigaci\u00f3n Fco.Domenech\",\"datePublished\":\"2022-01-27T16:03:54+00:00\",\"dateModified\":\"2022-01-27T16:57:31+00:00\",\"mainEntityOfPage\":{\"@id\":\"https:\\\/\\\/www.caudete.org\\\/ayuntamiento\\\/el-8-de-febrero-presentacion-de-trabajo-y-proyecto-ganador-en-ii-y-iii-beca-de-investigacion-fco-domenech\\\/\"},\"wordCount\":321,\"image\":{\"@id\":\"https:\\\/\\\/www.caudete.org\\\/ayuntamiento\\\/el-8-de-febrero-presentacion-de-trabajo-y-proyecto-ganador-en-ii-y-iii-beca-de-investigacion-fco-domenech\\\/#primaryimage\"},\"thumbnailUrl\":\"https:\\\/\\\/www.caudete.org\\\/ayuntamiento\\\/wp-content\\\/uploads\\\/2022\\\/01\\\/III-Beca-investigacion-WEB.jpg\",\"articleSection\":[\"Cultura\"],\"inLanguage\":\"es\"},{\"@type\":\"WebPage\",\"@id\":\"https:\\\/\\\/www.caudete.org\\\/ayuntamiento\\\/el-8-de-febrero-presentacion-de-trabajo-y-proyecto-ganador-en-ii-y-iii-beca-de-investigacion-fco-domenech\\\/\",\"url\":\"https:\\\/\\\/www.caudete.org\\\/ayuntamiento\\\/el-8-de-febrero-presentacion-de-trabajo-y-proyecto-ganador-en-ii-y-iii-beca-de-investigacion-fco-domenech\\\/\",\"name\":\"El 8 de Febrero, presentaci\u00f3n de Trabajo y Proyecto ganador en II y III Beca de Investigaci\u00f3n Fco.Domenech - MI Ayuntamiento de Caudete\",\"isPartOf\":{\"@id\":\"https:\\\/\\\/www.caudete.org\\\/ayuntamiento\\\/#website\"},\"primaryImageOfPage\":{\"@id\":\"https:\\\/\\\/www.caudete.org\\\/ayuntamiento\\\/el-8-de-febrero-presentacion-de-trabajo-y-proyecto-ganador-en-ii-y-iii-beca-de-investigacion-fco-domenech\\\/#primaryimage\"},\"image\":{\"@id\":\"https:\\\/\\\/www.caudete.org\\\/ayuntamiento\\\/el-8-de-febrero-presentacion-de-trabajo-y-proyecto-ganador-en-ii-y-iii-beca-de-investigacion-fco-domenech\\\/#primaryimage\"},\"thumbnailUrl\":\"https:\\\/\\\/www.caudete.org\\\/ayuntamiento\\\/wp-content\\\/uploads\\\/2022\\\/01\\\/III-Beca-investigacion-WEB.jpg\",\"datePublished\":\"2022-01-27T16:03:54+00:00\",\"dateModified\":\"2022-01-27T16:57:31+00:00\",\"author\":{\"@id\":\"https:\\\/\\\/www.caudete.org\\\/ayuntamiento\\\/#\\\/schema\\\/person\\\/cc646da9133078ee4d8dd47457947253\"},\"description\":\"P\u00e1gina Oficial del Ayuntamiento de Caudete (Albacete)\",\"breadcrumb\":{\"@id\":\"https:\\\/\\\/www.caudete.org\\\/ayuntamiento\\\/el-8-de-febrero-presentacion-de-trabajo-y-proyecto-ganador-en-ii-y-iii-beca-de-investigacion-fco-domenech\\\/#breadcrumb\"},\"inLanguage\":\"es\",\"potentialAction\":[{\"@type\":\"ReadAction\",\"target\":[\"https:\\\/\\\/www.caudete.org\\\/ayuntamiento\\\/el-8-de-febrero-presentacion-de-trabajo-y-proyecto-ganador-en-ii-y-iii-beca-de-investigacion-fco-domenech\\\/\"]}]},{\"@type\":\"ImageObject\",\"inLanguage\":\"es\",\"@id\":\"https:\\\/\\\/www.caudete.org\\\/ayuntamiento\\\/el-8-de-febrero-presentacion-de-trabajo-y-proyecto-ganador-en-ii-y-iii-beca-de-investigacion-fco-domenech\\\/#primaryimage\",\"url\":\"https:\\\/\\\/www.caudete.org\\\/ayuntamiento\\\/wp-content\\\/uploads\\\/2022\\\/01\\\/III-Beca-investigacion-WEB.jpg\",\"contentUrl\":\"https:\\\/\\\/www.caudete.org\\\/ayuntamiento\\\/wp-content\\\/uploads\\\/2022\\\/01\\\/III-Beca-investigacion-WEB.jpg\",\"width\":864,\"height\":380},{\"@type\":\"BreadcrumbList\",\"@id\":\"https:\\\/\\\/www.caudete.org\\\/ayuntamiento\\\/el-8-de-febrero-presentacion-de-trabajo-y-proyecto-ganador-en-ii-y-iii-beca-de-investigacion-fco-domenech\\\/#breadcrumb\",\"itemListElement\":[{\"@type\":\"ListItem\",\"position\":1,\"name\":\"Inicio\",\"item\":\"https:\\\/\\\/www.caudete.org\\\/ayuntamiento\\\/\"},{\"@type\":\"ListItem\",\"position\":2,\"name\":\"El 8 de Febrero, presentaci\u00f3n de Trabajo y Proyecto ganador en II y III Beca de Investigaci\u00f3n Fco.Domenech\"}]},{\"@type\":\"WebSite\",\"@id\":\"https:\\\/\\\/www.caudete.org\\\/ayuntamiento\\\/#website\",\"url\":\"https:\\\/\\\/www.caudete.org\\\/ayuntamiento\\\/\",\"name\":\"MI Ayuntamiento de Caudete\",\"description\":\"P\u00e1gina Oficial del MI Ayuntamiento de Caudete\",\"potentialAction\":[{\"@type\":\"SearchAction\",\"target\":{\"@type\":\"EntryPoint\",\"urlTemplate\":\"https:\\\/\\\/www.caudete.org\\\/ayuntamiento\\\/?s={search_term_string}\"},\"query-input\":{\"@type\":\"PropertyValueSpecification\",\"valueRequired\":true,\"valueName\":\"search_term_string\"}}],\"inLanguage\":\"es\"},{\"@type\":\"Person\",\"@id\":\"https:\\\/\\\/www.caudete.org\\\/ayuntamiento\\\/#\\\/schema\\\/person\\\/cc646da9133078ee4d8dd47457947253\",\"name\":\"alcalde\",\"image\":{\"@type\":\"ImageObject\",\"inLanguage\":\"es\",\"@id\":\"https:\\\/\\\/secure.gravatar.com\\\/avatar\\\/84a817ba065b29ff08d666b215a215f5c79186a645ccb25b14a663d48a130f77?s=96&d=mm&r=g\",\"url\":\"https:\\\/\\\/secure.gravatar.com\\\/avatar\\\/84a817ba065b29ff08d666b215a215f5c79186a645ccb25b14a663d48a130f77?s=96&d=mm&r=g\",\"contentUrl\":\"https:\\\/\\\/secure.gravatar.com\\\/avatar\\\/84a817ba065b29ff08d666b215a215f5c79186a645ccb25b14a663d48a130f77?s=96&d=mm&r=g\",\"caption\":\"alcalde\"},\"url\":\"https:\\\/\\\/www.caudete.org\\\/ayuntamiento\\\/author\\\/alcalde\\\/\"}]}<\/script>\n<!-- \/ Yoast SEO plugin. -->","yoast_head_json":{"title":"El 8 de Febrero, presentaci\u00f3n de Trabajo y Proyecto ganador en II y III Beca de Investigaci\u00f3n Fco.Domenech - MI Ayuntamiento de Caudete","description":"P\u00e1gina Oficial del Ayuntamiento de Caudete (Albacete)","robots":{"index":"index","follow":"follow","max-snippet":"max-snippet:-1","max-image-preview":"max-image-preview:large","max-video-preview":"max-video-preview:-1"},"canonical":"https:\/\/www.caudete.org\/ayuntamiento\/el-8-de-febrero-presentacion-de-trabajo-y-proyecto-ganador-en-ii-y-iii-beca-de-investigacion-fco-domenech\/","og_locale":"es_ES","og_type":"article","og_title":"El 8 de Febrero, presentaci\u00f3n de Trabajo y Proyecto ganador en II y III Beca de Investigaci\u00f3n Fco.Domenech - MI Ayuntamiento de Caudete","og_description":"P\u00e1gina Oficial del Ayuntamiento de Caudete (Albacete)","og_url":"https:\/\/www.caudete.org\/ayuntamiento\/el-8-de-febrero-presentacion-de-trabajo-y-proyecto-ganador-en-ii-y-iii-beca-de-investigacion-fco-domenech\/","og_site_name":"MI Ayuntamiento de Caudete","article_publisher":"https:\/\/www.facebook.com\/ayuntamientocaudete\/","article_published_time":"2022-01-27T16:03:54+00:00","article_modified_time":"2022-01-27T16:57:31+00:00","og_image":[{"width":864,"height":380,"url":"https:\/\/www.caudete.org\/ayuntamiento\/wp-content\/uploads\/2022\/01\/III-Beca-investigacion-WEB.jpg","type":"image\/jpeg"}],"author":"alcalde","twitter_card":"summary_large_image","twitter_misc":{"Escrito por":"alcalde","Tiempo de lectura":"2 minutos"},"schema":{"@context":"https:\/\/schema.org","@graph":[{"@type":"Article","@id":"https:\/\/www.caudete.org\/ayuntamiento\/el-8-de-febrero-presentacion-de-trabajo-y-proyecto-ganador-en-ii-y-iii-beca-de-investigacion-fco-domenech\/#article","isPartOf":{"@id":"https:\/\/www.caudete.org\/ayuntamiento\/el-8-de-febrero-presentacion-de-trabajo-y-proyecto-ganador-en-ii-y-iii-beca-de-investigacion-fco-domenech\/"},"author":{"name":"alcalde","@id":"https:\/\/www.caudete.org\/ayuntamiento\/#\/schema\/person\/cc646da9133078ee4d8dd47457947253"},"headline":"El 8 de Febrero, presentaci\u00f3n de Trabajo y Proyecto ganador en II y III Beca de Investigaci\u00f3n Fco.Domenech","datePublished":"2022-01-27T16:03:54+00:00","dateModified":"2022-01-27T16:57:31+00:00","mainEntityOfPage":{"@id":"https:\/\/www.caudete.org\/ayuntamiento\/el-8-de-febrero-presentacion-de-trabajo-y-proyecto-ganador-en-ii-y-iii-beca-de-investigacion-fco-domenech\/"},"wordCount":321,"image":{"@id":"https:\/\/www.caudete.org\/ayuntamiento\/el-8-de-febrero-presentacion-de-trabajo-y-proyecto-ganador-en-ii-y-iii-beca-de-investigacion-fco-domenech\/#primaryimage"},"thumbnailUrl":"https:\/\/www.caudete.org\/ayuntamiento\/wp-content\/uploads\/2022\/01\/III-Beca-investigacion-WEB.jpg","articleSection":["Cultura"],"inLanguage":"es"},{"@type":"WebPage","@id":"https:\/\/www.caudete.org\/ayuntamiento\/el-8-de-febrero-presentacion-de-trabajo-y-proyecto-ganador-en-ii-y-iii-beca-de-investigacion-fco-domenech\/","url":"https:\/\/www.caudete.org\/ayuntamiento\/el-8-de-febrero-presentacion-de-trabajo-y-proyecto-ganador-en-ii-y-iii-beca-de-investigacion-fco-domenech\/","name":"El 8 de Febrero, presentaci\u00f3n de Trabajo y Proyecto ganador en II y III Beca de Investigaci\u00f3n Fco.Domenech - MI Ayuntamiento de Caudete","isPartOf":{"@id":"https:\/\/www.caudete.org\/ayuntamiento\/#website"},"primaryImageOfPage":{"@id":"https:\/\/www.caudete.org\/ayuntamiento\/el-8-de-febrero-presentacion-de-trabajo-y-proyecto-ganador-en-ii-y-iii-beca-de-investigacion-fco-domenech\/#primaryimage"},"image":{"@id":"https:\/\/www.caudete.org\/ayuntamiento\/el-8-de-febrero-presentacion-de-trabajo-y-proyecto-ganador-en-ii-y-iii-beca-de-investigacion-fco-domenech\/#primaryimage"},"thumbnailUrl":"https:\/\/www.caudete.org\/ayuntamiento\/wp-content\/uploads\/2022\/01\/III-Beca-investigacion-WEB.jpg","datePublished":"2022-01-27T16:03:54+00:00","dateModified":"2022-01-27T16:57:31+00:00","author":{"@id":"https:\/\/www.caudete.org\/ayuntamiento\/#\/schema\/person\/cc646da9133078ee4d8dd47457947253"},"description":"P\u00e1gina Oficial del Ayuntamiento de Caudete (Albacete)","breadcrumb":{"@id":"https:\/\/www.caudete.org\/ayuntamiento\/el-8-de-febrero-presentacion-de-trabajo-y-proyecto-ganador-en-ii-y-iii-beca-de-investigacion-fco-domenech\/#breadcrumb"},"inLanguage":"es","potentialAction":[{"@type":"ReadAction","target":["https:\/\/www.caudete.org\/ayuntamiento\/el-8-de-febrero-presentacion-de-trabajo-y-proyecto-ganador-en-ii-y-iii-beca-de-investigacion-fco-domenech\/"]}]},{"@type":"ImageObject","inLanguage":"es","@id":"https:\/\/www.caudete.org\/ayuntamiento\/el-8-de-febrero-presentacion-de-trabajo-y-proyecto-ganador-en-ii-y-iii-beca-de-investigacion-fco-domenech\/#primaryimage","url":"https:\/\/www.caudete.org\/ayuntamiento\/wp-content\/uploads\/2022\/01\/III-Beca-investigacion-WEB.jpg","contentUrl":"https:\/\/www.caudete.org\/ayuntamiento\/wp-content\/uploads\/2022\/01\/III-Beca-investigacion-WEB.jpg","width":864,"height":380},{"@type":"BreadcrumbList","@id":"https:\/\/www.caudete.org\/ayuntamiento\/el-8-de-febrero-presentacion-de-trabajo-y-proyecto-ganador-en-ii-y-iii-beca-de-investigacion-fco-domenech\/#breadcrumb","itemListElement":[{"@type":"ListItem","position":1,"name":"Inicio","item":"https:\/\/www.caudete.org\/ayuntamiento\/"},{"@type":"ListItem","position":2,"name":"El 8 de Febrero, presentaci\u00f3n de Trabajo y Proyecto ganador en II y III Beca de Investigaci\u00f3n Fco.Domenech"}]},{"@type":"WebSite","@id":"https:\/\/www.caudete.org\/ayuntamiento\/#website","url":"https:\/\/www.caudete.org\/ayuntamiento\/","name":"MI Ayuntamiento de Caudete","description":"P\u00e1gina Oficial del MI Ayuntamiento de Caudete","potentialAction":[{"@type":"SearchAction","target":{"@type":"EntryPoint","urlTemplate":"https:\/\/www.caudete.org\/ayuntamiento\/?s={search_term_string}"},"query-input":{"@type":"PropertyValueSpecification","valueRequired":true,"valueName":"search_term_string"}}],"inLanguage":"es"},{"@type":"Person","@id":"https:\/\/www.caudete.org\/ayuntamiento\/#\/schema\/person\/cc646da9133078ee4d8dd47457947253","name":"alcalde","image":{"@type":"ImageObject","inLanguage":"es","@id":"https:\/\/secure.gravatar.com\/avatar\/84a817ba065b29ff08d666b215a215f5c79186a645ccb25b14a663d48a130f77?s=96&d=mm&r=g","url":"https:\/\/secure.gravatar.com\/avatar\/84a817ba065b29ff08d666b215a215f5c79186a645ccb25b14a663d48a130f77?s=96&d=mm&r=g","contentUrl":"https:\/\/secure.gravatar.com\/avatar\/84a817ba065b29ff08d666b215a215f5c79186a645ccb25b14a663d48a130f77?s=96&d=mm&r=g","caption":"alcalde"},"url":"https:\/\/www.caudete.org\/ayuntamiento\/author\/alcalde\/"}]}},"_links":{"self":[{"href":"https:\/\/www.caudete.org\/ayuntamiento\/wp-json\/wp\/v2\/posts\/17941","targetHints":{"allow":["GET"]}}],"collection":[{"href":"https:\/\/www.caudete.org\/ayuntamiento\/wp-json\/wp\/v2\/posts"}],"about":[{"href":"https:\/\/www.caudete.org\/ayuntamiento\/wp-json\/wp\/v2\/types\/post"}],"author":[{"embeddable":true,"href":"https:\/\/www.caudete.org\/ayuntamiento\/wp-json\/wp\/v2\/users\/3"}],"replies":[{"embeddable":true,"href":"https:\/\/www.caudete.org\/ayuntamiento\/wp-json\/wp\/v2\/comments?post=17941"}],"version-history":[{"count":1,"href":"https:\/\/www.caudete.org\/ayuntamiento\/wp-json\/wp\/v2\/posts\/17941\/revisions"}],"predecessor-version":[{"id":17943,"href":"https:\/\/www.caudete.org\/ayuntamiento\/wp-json\/wp\/v2\/posts\/17941\/revisions\/17943"}],"wp:featuredmedia":[{"embeddable":true,"href":"https:\/\/www.caudete.org\/ayuntamiento\/wp-json\/wp\/v2\/media\/17944"}],"wp:attachment":[{"href":"https:\/\/www.caudete.org\/ayuntamiento\/wp-json\/wp\/v2\/media?parent=17941"}],"wp:term":[{"taxonomy":"category","embeddable":true,"href":"https:\/\/www.caudete.org\/ayuntamiento\/wp-json\/wp\/v2\/categories?post=17941"},{"taxonomy":"post_tag","embeddable":true,"href":"https:\/\/www.caudete.org\/ayuntamiento\/wp-json\/wp\/v2\/tags?post=17941"}],"curies":[{"name":"wp","href":"https:\/\/api.w.org\/{rel}","templated":true}]}}