{"id":17955,"date":"2022-01-28T08:24:15","date_gmt":"2022-01-28T07:24:15","guid":{"rendered":"https:\/\/www.caudete.org\/ayuntamiento\/?p=17955"},"modified":"2022-01-28T09:28:07","modified_gmt":"2022-01-28T08:28:07","slug":"crecer-entre-pantallas-el-papel-de-la-familia-en-las-distintas-edades","status":"publish","type":"post","link":"https:\/\/www.caudete.org\/ayuntamiento\/crecer-entre-pantallas-el-papel-de-la-familia-en-las-distintas-edades\/","title":{"rendered":"CRECER ENTRE PANTALLAS: El papel de la familia en las distintas edades"},"content":{"rendered":"<p style=\"text-align: justify;\"><strong>Mesa redonda sobre el abuso de las pantallas, organizada por las Concejal\u00edas de Bienestar Social, Sanidad y Educaci\u00f3n, los Centros Educativos de Caudete y la Federaci\u00f3n de AMPAS, dentro del marco del nuevo Plan de Drogodependencias y Otras Conductas Adictivas.<\/strong><\/p>\n<p style=\"text-align: justify;\"><strong>Este jueves 3 de Febrero<\/strong> se llevar\u00e1 a cabo una importante jornada en el <strong>Auditorio Municipal de Caudete (Casa de la Cultura)<\/strong>, para asesorar y orientar a las familias, educadores\/as y profesorado sobre la problem\u00e1tica de las pantallas en la infancia y adolescencia, y sobre las diferentes estrategias para abordar esta cuesti\u00f3n. Un problema que se est\u00e1 consolidando como una verdadera pandemia y que est\u00e1 generando relevantes.<\/p>\n<p style=\"text-align: justify;\">Jornadas impulsadas por el Plan de Drogas Municipal, con la organizaci\u00f3n de Concejal\u00edas de Bienestar Social, Sanidad y Educaci\u00f3n, Centros Educativos y AMPAS. Con ponentes de primer nivel y con el siguiente orden del d\u00eda en la tarde del jueves:<\/p>\n<p style=\"text-align: justify;\"><strong>5:30 h. Presentaci\u00f3n de la mesa y an\u00e1lisis de la situaci\u00f3n actual. A cargo de la Comisi\u00f3n Intercentros.<\/strong><strong>\u00a0<\/strong><\/p>\n<p style=\"text-align: justify;\"><strong>6:00 h. C\u00f3mo prevenir la adicci\u00f3n a las pantallas. A cargo de Anna Ramis Assen, Maestra y Pedagoga.<\/strong><strong>\u00a0<\/strong><\/p>\n<p style=\"text-align: justify;\"><strong>6.50 h. Prevenci\u00f3n del abuso y adicci\u00f3n a las Tics en adolescentes. A cargo de Francisca Domene Juan, Psic\u00f3loga de \u201cNueva Vida\u201d.<\/strong><\/p>\n<p>&nbsp;<\/p>\n<p>&nbsp;<\/p>\n<p>&nbsp;<\/p>\n<p>&nbsp;<\/p>\n","protected":false},"excerpt":{"rendered":"<p>Mesa redonda sobre el abuso de las pantallas, organizada por las Concejal\u00edas de Bienestar Social, Sanidad y Educaci\u00f3n, los Centros Educativos de Caudete y la Federaci\u00f3n de AMPAS, dentro del marco del nuevo Plan de Drogodependencias y Otras Conductas Adictivas. Este jueves 3 de Febrero se llevar\u00e1 a cabo una importante jornada en el Auditorio &hellip;<\/p>\n","protected":false},"author":2,"featured_media":17958,"comment_status":"closed","ping_status":"open","sticky":false,"template":"","format":"standard","meta":{"ngg_post_thumbnail":0,"footnotes":""},"categories":[772],"tags":[770,771,19],"class_list":["post-17955","post","type-post","status-publish","format-standard","has-post-thumbnail","hentry","category-educacion-y-sanidad","tag-bienestar-social","tag-educacion","tag-sanidad"],"yoast_head":"<!-- This site is optimized with the Yoast SEO plugin v27.5 - https:\/\/yoast.com\/product\/yoast-seo-wordpress\/ -->\n<title>CRECER ENTRE PANTALLAS: El papel de la familia en las distintas edades - MI Ayuntamiento de Caudete<\/title>\n<meta name=\"description\" content=\"P\u00e1gina Oficial del Ayuntamiento de Caudete (Albacete)\" \/>\n<meta name=\"robots\" content=\"index, follow, max-snippet:-1, max-image-preview:large, max-video-preview:-1\" \/>\n<link rel=\"canonical\" href=\"https:\/\/www.caudete.org\/ayuntamiento\/crecer-entre-pantallas-el-papel-de-la-familia-en-las-distintas-edades\/\" \/>\n<meta property=\"og:locale\" content=\"es_ES\" \/>\n<meta property=\"og:type\" content=\"article\" \/>\n<meta property=\"og:title\" content=\"CRECER ENTRE PANTALLAS: El papel de la familia en las distintas edades - MI Ayuntamiento de Caudete\" \/>\n<meta property=\"og:description\" content=\"P\u00e1gina Oficial del Ayuntamiento de Caudete (Albacete)\" \/>\n<meta property=\"og:url\" content=\"https:\/\/www.caudete.org\/ayuntamiento\/crecer-entre-pantallas-el-papel-de-la-familia-en-las-distintas-edades\/\" \/>\n<meta property=\"og:site_name\" content=\"MI Ayuntamiento de Caudete\" \/>\n<meta property=\"article:publisher\" content=\"https:\/\/www.facebook.com\/ayuntamientocaudete\/\" \/>\n<meta property=\"article:published_time\" content=\"2022-01-28T07:24:15+00:00\" \/>\n<meta property=\"article:modified_time\" content=\"2022-01-28T08:28:07+00:00\" \/>\n<meta property=\"og:image\" content=\"https:\/\/www.caudete.org\/ayuntamiento\/wp-content\/uploads\/2022\/01\/Crecer-entre-pantallas-WEB.jpg\" \/>\n\t<meta property=\"og:image:width\" content=\"864\" \/>\n\t<meta property=\"og:image:height\" content=\"380\" \/>\n\t<meta property=\"og:image:type\" content=\"image\/jpeg\" \/>\n<meta name=\"author\" content=\"Juan\" \/>\n<meta name=\"twitter:card\" content=\"summary_large_image\" \/>\n<meta name=\"twitter:label1\" content=\"Escrito por\" \/>\n\t<meta name=\"twitter:data1\" content=\"Juan\" \/>\n\t<meta name=\"twitter:label2\" content=\"Tiempo de lectura\" \/>\n\t<meta name=\"twitter:data2\" content=\"1 minuto\" \/>\n<script type=\"application\/ld+json\" class=\"yoast-schema-graph\">{\"@context\":\"https:\\\/\\\/schema.org\",\"@graph\":[{\"@type\":\"Article\",\"@id\":\"https:\\\/\\\/www.caudete.org\\\/ayuntamiento\\\/crecer-entre-pantallas-el-papel-de-la-familia-en-las-distintas-edades\\\/#article\",\"isPartOf\":{\"@id\":\"https:\\\/\\\/www.caudete.org\\\/ayuntamiento\\\/crecer-entre-pantallas-el-papel-de-la-familia-en-las-distintas-edades\\\/\"},\"author\":{\"name\":\"Juan\",\"@id\":\"https:\\\/\\\/www.caudete.org\\\/ayuntamiento\\\/#\\\/schema\\\/person\\\/7656a5bb58fca95b9814e940de0fda63\"},\"headline\":\"CRECER ENTRE PANTALLAS: El papel de la familia en las distintas edades\",\"datePublished\":\"2022-01-28T07:24:15+00:00\",\"dateModified\":\"2022-01-28T08:28:07+00:00\",\"mainEntityOfPage\":{\"@id\":\"https:\\\/\\\/www.caudete.org\\\/ayuntamiento\\\/crecer-entre-pantallas-el-papel-de-la-familia-en-las-distintas-edades\\\/\"},\"wordCount\":236,\"image\":{\"@id\":\"https:\\\/\\\/www.caudete.org\\\/ayuntamiento\\\/crecer-entre-pantallas-el-papel-de-la-familia-en-las-distintas-edades\\\/#primaryimage\"},\"thumbnailUrl\":\"https:\\\/\\\/www.caudete.org\\\/ayuntamiento\\\/wp-content\\\/uploads\\\/2022\\\/01\\\/Crecer-entre-pantallas-WEB.jpg\",\"keywords\":[\"Bienestar Social\",\"Educaci\u00f3n\",\"sanidad\"],\"articleSection\":[\"Educaci\u00f3n y Sanidad\"],\"inLanguage\":\"es\"},{\"@type\":\"WebPage\",\"@id\":\"https:\\\/\\\/www.caudete.org\\\/ayuntamiento\\\/crecer-entre-pantallas-el-papel-de-la-familia-en-las-distintas-edades\\\/\",\"url\":\"https:\\\/\\\/www.caudete.org\\\/ayuntamiento\\\/crecer-entre-pantallas-el-papel-de-la-familia-en-las-distintas-edades\\\/\",\"name\":\"CRECER ENTRE PANTALLAS: El papel de la familia en las distintas edades - MI Ayuntamiento de Caudete\",\"isPartOf\":{\"@id\":\"https:\\\/\\\/www.caudete.org\\\/ayuntamiento\\\/#website\"},\"primaryImageOfPage\":{\"@id\":\"https:\\\/\\\/www.caudete.org\\\/ayuntamiento\\\/crecer-entre-pantallas-el-papel-de-la-familia-en-las-distintas-edades\\\/#primaryimage\"},\"image\":{\"@id\":\"https:\\\/\\\/www.caudete.org\\\/ayuntamiento\\\/crecer-entre-pantallas-el-papel-de-la-familia-en-las-distintas-edades\\\/#primaryimage\"},\"thumbnailUrl\":\"https:\\\/\\\/www.caudete.org\\\/ayuntamiento\\\/wp-content\\\/uploads\\\/2022\\\/01\\\/Crecer-entre-pantallas-WEB.jpg\",\"datePublished\":\"2022-01-28T07:24:15+00:00\",\"dateModified\":\"2022-01-28T08:28:07+00:00\",\"author\":{\"@id\":\"https:\\\/\\\/www.caudete.org\\\/ayuntamiento\\\/#\\\/schema\\\/person\\\/7656a5bb58fca95b9814e940de0fda63\"},\"description\":\"P\u00e1gina Oficial del Ayuntamiento de Caudete (Albacete)\",\"breadcrumb\":{\"@id\":\"https:\\\/\\\/www.caudete.org\\\/ayuntamiento\\\/crecer-entre-pantallas-el-papel-de-la-familia-en-las-distintas-edades\\\/#breadcrumb\"},\"inLanguage\":\"es\",\"potentialAction\":[{\"@type\":\"ReadAction\",\"target\":[\"https:\\\/\\\/www.caudete.org\\\/ayuntamiento\\\/crecer-entre-pantallas-el-papel-de-la-familia-en-las-distintas-edades\\\/\"]}]},{\"@type\":\"ImageObject\",\"inLanguage\":\"es\",\"@id\":\"https:\\\/\\\/www.caudete.org\\\/ayuntamiento\\\/crecer-entre-pantallas-el-papel-de-la-familia-en-las-distintas-edades\\\/#primaryimage\",\"url\":\"https:\\\/\\\/www.caudete.org\\\/ayuntamiento\\\/wp-content\\\/uploads\\\/2022\\\/01\\\/Crecer-entre-pantallas-WEB.jpg\",\"contentUrl\":\"https:\\\/\\\/www.caudete.org\\\/ayuntamiento\\\/wp-content\\\/uploads\\\/2022\\\/01\\\/Crecer-entre-pantallas-WEB.jpg\",\"width\":864,\"height\":380},{\"@type\":\"BreadcrumbList\",\"@id\":\"https:\\\/\\\/www.caudete.org\\\/ayuntamiento\\\/crecer-entre-pantallas-el-papel-de-la-familia-en-las-distintas-edades\\\/#breadcrumb\",\"itemListElement\":[{\"@type\":\"ListItem\",\"position\":1,\"name\":\"Inicio\",\"item\":\"https:\\\/\\\/www.caudete.org\\\/ayuntamiento\\\/\"},{\"@type\":\"ListItem\",\"position\":2,\"name\":\"CRECER ENTRE PANTALLAS: El papel de la familia en las distintas edades\"}]},{\"@type\":\"WebSite\",\"@id\":\"https:\\\/\\\/www.caudete.org\\\/ayuntamiento\\\/#website\",\"url\":\"https:\\\/\\\/www.caudete.org\\\/ayuntamiento\\\/\",\"name\":\"MI Ayuntamiento de Caudete\",\"description\":\"P\u00e1gina Oficial del MI Ayuntamiento de Caudete\",\"potentialAction\":[{\"@type\":\"SearchAction\",\"target\":{\"@type\":\"EntryPoint\",\"urlTemplate\":\"https:\\\/\\\/www.caudete.org\\\/ayuntamiento\\\/?s={search_term_string}\"},\"query-input\":{\"@type\":\"PropertyValueSpecification\",\"valueRequired\":true,\"valueName\":\"search_term_string\"}}],\"inLanguage\":\"es\"},{\"@type\":\"Person\",\"@id\":\"https:\\\/\\\/www.caudete.org\\\/ayuntamiento\\\/#\\\/schema\\\/person\\\/7656a5bb58fca95b9814e940de0fda63\",\"name\":\"Juan\",\"image\":{\"@type\":\"ImageObject\",\"inLanguage\":\"es\",\"@id\":\"https:\\\/\\\/secure.gravatar.com\\\/avatar\\\/dd53e51c0cd6ab23f52d4f3e4f1c59730240727763de3dbbf26750b079a2c292?s=96&d=mm&r=g\",\"url\":\"https:\\\/\\\/secure.gravatar.com\\\/avatar\\\/dd53e51c0cd6ab23f52d4f3e4f1c59730240727763de3dbbf26750b079a2c292?s=96&d=mm&r=g\",\"contentUrl\":\"https:\\\/\\\/secure.gravatar.com\\\/avatar\\\/dd53e51c0cd6ab23f52d4f3e4f1c59730240727763de3dbbf26750b079a2c292?s=96&d=mm&r=g\",\"caption\":\"Juan\"},\"url\":\"https:\\\/\\\/www.caudete.org\\\/ayuntamiento\\\/author\\\/centrodeinternet\\\/\"}]}<\/script>\n<!-- \/ Yoast SEO plugin. -->","yoast_head_json":{"title":"CRECER ENTRE PANTALLAS: El papel de la familia en las distintas edades - MI Ayuntamiento de Caudete","description":"P\u00e1gina Oficial del Ayuntamiento de Caudete (Albacete)","robots":{"index":"index","follow":"follow","max-snippet":"max-snippet:-1","max-image-preview":"max-image-preview:large","max-video-preview":"max-video-preview:-1"},"canonical":"https:\/\/www.caudete.org\/ayuntamiento\/crecer-entre-pantallas-el-papel-de-la-familia-en-las-distintas-edades\/","og_locale":"es_ES","og_type":"article","og_title":"CRECER ENTRE PANTALLAS: El papel de la familia en las distintas edades - MI Ayuntamiento de Caudete","og_description":"P\u00e1gina Oficial del Ayuntamiento de Caudete (Albacete)","og_url":"https:\/\/www.caudete.org\/ayuntamiento\/crecer-entre-pantallas-el-papel-de-la-familia-en-las-distintas-edades\/","og_site_name":"MI Ayuntamiento de Caudete","article_publisher":"https:\/\/www.facebook.com\/ayuntamientocaudete\/","article_published_time":"2022-01-28T07:24:15+00:00","article_modified_time":"2022-01-28T08:28:07+00:00","og_image":[{"width":864,"height":380,"url":"https:\/\/www.caudete.org\/ayuntamiento\/wp-content\/uploads\/2022\/01\/Crecer-entre-pantallas-WEB.jpg","type":"image\/jpeg"}],"author":"Juan","twitter_card":"summary_large_image","twitter_misc":{"Escrito por":"Juan","Tiempo de lectura":"1 minuto"},"schema":{"@context":"https:\/\/schema.org","@graph":[{"@type":"Article","@id":"https:\/\/www.caudete.org\/ayuntamiento\/crecer-entre-pantallas-el-papel-de-la-familia-en-las-distintas-edades\/#article","isPartOf":{"@id":"https:\/\/www.caudete.org\/ayuntamiento\/crecer-entre-pantallas-el-papel-de-la-familia-en-las-distintas-edades\/"},"author":{"name":"Juan","@id":"https:\/\/www.caudete.org\/ayuntamiento\/#\/schema\/person\/7656a5bb58fca95b9814e940de0fda63"},"headline":"CRECER ENTRE PANTALLAS: El papel de la familia en las distintas edades","datePublished":"2022-01-28T07:24:15+00:00","dateModified":"2022-01-28T08:28:07+00:00","mainEntityOfPage":{"@id":"https:\/\/www.caudete.org\/ayuntamiento\/crecer-entre-pantallas-el-papel-de-la-familia-en-las-distintas-edades\/"},"wordCount":236,"image":{"@id":"https:\/\/www.caudete.org\/ayuntamiento\/crecer-entre-pantallas-el-papel-de-la-familia-en-las-distintas-edades\/#primaryimage"},"thumbnailUrl":"https:\/\/www.caudete.org\/ayuntamiento\/wp-content\/uploads\/2022\/01\/Crecer-entre-pantallas-WEB.jpg","keywords":["Bienestar Social","Educaci\u00f3n","sanidad"],"articleSection":["Educaci\u00f3n y Sanidad"],"inLanguage":"es"},{"@type":"WebPage","@id":"https:\/\/www.caudete.org\/ayuntamiento\/crecer-entre-pantallas-el-papel-de-la-familia-en-las-distintas-edades\/","url":"https:\/\/www.caudete.org\/ayuntamiento\/crecer-entre-pantallas-el-papel-de-la-familia-en-las-distintas-edades\/","name":"CRECER ENTRE PANTALLAS: El papel de la familia en las distintas edades - MI Ayuntamiento de Caudete","isPartOf":{"@id":"https:\/\/www.caudete.org\/ayuntamiento\/#website"},"primaryImageOfPage":{"@id":"https:\/\/www.caudete.org\/ayuntamiento\/crecer-entre-pantallas-el-papel-de-la-familia-en-las-distintas-edades\/#primaryimage"},"image":{"@id":"https:\/\/www.caudete.org\/ayuntamiento\/crecer-entre-pantallas-el-papel-de-la-familia-en-las-distintas-edades\/#primaryimage"},"thumbnailUrl":"https:\/\/www.caudete.org\/ayuntamiento\/wp-content\/uploads\/2022\/01\/Crecer-entre-pantallas-WEB.jpg","datePublished":"2022-01-28T07:24:15+00:00","dateModified":"2022-01-28T08:28:07+00:00","author":{"@id":"https:\/\/www.caudete.org\/ayuntamiento\/#\/schema\/person\/7656a5bb58fca95b9814e940de0fda63"},"description":"P\u00e1gina Oficial del Ayuntamiento de Caudete (Albacete)","breadcrumb":{"@id":"https:\/\/www.caudete.org\/ayuntamiento\/crecer-entre-pantallas-el-papel-de-la-familia-en-las-distintas-edades\/#breadcrumb"},"inLanguage":"es","potentialAction":[{"@type":"ReadAction","target":["https:\/\/www.caudete.org\/ayuntamiento\/crecer-entre-pantallas-el-papel-de-la-familia-en-las-distintas-edades\/"]}]},{"@type":"ImageObject","inLanguage":"es","@id":"https:\/\/www.caudete.org\/ayuntamiento\/crecer-entre-pantallas-el-papel-de-la-familia-en-las-distintas-edades\/#primaryimage","url":"https:\/\/www.caudete.org\/ayuntamiento\/wp-content\/uploads\/2022\/01\/Crecer-entre-pantallas-WEB.jpg","contentUrl":"https:\/\/www.caudete.org\/ayuntamiento\/wp-content\/uploads\/2022\/01\/Crecer-entre-pantallas-WEB.jpg","width":864,"height":380},{"@type":"BreadcrumbList","@id":"https:\/\/www.caudete.org\/ayuntamiento\/crecer-entre-pantallas-el-papel-de-la-familia-en-las-distintas-edades\/#breadcrumb","itemListElement":[{"@type":"ListItem","position":1,"name":"Inicio","item":"https:\/\/www.caudete.org\/ayuntamiento\/"},{"@type":"ListItem","position":2,"name":"CRECER ENTRE PANTALLAS: El papel de la familia en las distintas edades"}]},{"@type":"WebSite","@id":"https:\/\/www.caudete.org\/ayuntamiento\/#website","url":"https:\/\/www.caudete.org\/ayuntamiento\/","name":"MI Ayuntamiento de Caudete","description":"P\u00e1gina Oficial del MI Ayuntamiento de Caudete","potentialAction":[{"@type":"SearchAction","target":{"@type":"EntryPoint","urlTemplate":"https:\/\/www.caudete.org\/ayuntamiento\/?s={search_term_string}"},"query-input":{"@type":"PropertyValueSpecification","valueRequired":true,"valueName":"search_term_string"}}],"inLanguage":"es"},{"@type":"Person","@id":"https:\/\/www.caudete.org\/ayuntamiento\/#\/schema\/person\/7656a5bb58fca95b9814e940de0fda63","name":"Juan","image":{"@type":"ImageObject","inLanguage":"es","@id":"https:\/\/secure.gravatar.com\/avatar\/dd53e51c0cd6ab23f52d4f3e4f1c59730240727763de3dbbf26750b079a2c292?s=96&d=mm&r=g","url":"https:\/\/secure.gravatar.com\/avatar\/dd53e51c0cd6ab23f52d4f3e4f1c59730240727763de3dbbf26750b079a2c292?s=96&d=mm&r=g","contentUrl":"https:\/\/secure.gravatar.com\/avatar\/dd53e51c0cd6ab23f52d4f3e4f1c59730240727763de3dbbf26750b079a2c292?s=96&d=mm&r=g","caption":"Juan"},"url":"https:\/\/www.caudete.org\/ayuntamiento\/author\/centrodeinternet\/"}]}},"_links":{"self":[{"href":"https:\/\/www.caudete.org\/ayuntamiento\/wp-json\/wp\/v2\/posts\/17955","targetHints":{"allow":["GET"]}}],"collection":[{"href":"https:\/\/www.caudete.org\/ayuntamiento\/wp-json\/wp\/v2\/posts"}],"about":[{"href":"https:\/\/www.caudete.org\/ayuntamiento\/wp-json\/wp\/v2\/types\/post"}],"author":[{"embeddable":true,"href":"https:\/\/www.caudete.org\/ayuntamiento\/wp-json\/wp\/v2\/users\/2"}],"replies":[{"embeddable":true,"href":"https:\/\/www.caudete.org\/ayuntamiento\/wp-json\/wp\/v2\/comments?post=17955"}],"version-history":[{"count":3,"href":"https:\/\/www.caudete.org\/ayuntamiento\/wp-json\/wp\/v2\/posts\/17955\/revisions"}],"predecessor-version":[{"id":17961,"href":"https:\/\/www.caudete.org\/ayuntamiento\/wp-json\/wp\/v2\/posts\/17955\/revisions\/17961"}],"wp:featuredmedia":[{"embeddable":true,"href":"https:\/\/www.caudete.org\/ayuntamiento\/wp-json\/wp\/v2\/media\/17958"}],"wp:attachment":[{"href":"https:\/\/www.caudete.org\/ayuntamiento\/wp-json\/wp\/v2\/media?parent=17955"}],"wp:term":[{"taxonomy":"category","embeddable":true,"href":"https:\/\/www.caudete.org\/ayuntamiento\/wp-json\/wp\/v2\/categories?post=17955"},{"taxonomy":"post_tag","embeddable":true,"href":"https:\/\/www.caudete.org\/ayuntamiento\/wp-json\/wp\/v2\/tags?post=17955"}],"curies":[{"name":"wp","href":"https:\/\/api.w.org\/{rel}","templated":true}]}}