{"id":17966,"date":"2022-01-31T18:03:14","date_gmt":"2022-01-31T17:03:14","guid":{"rendered":"https:\/\/www.caudete.org\/ayuntamiento\/?p=17966"},"modified":"2022-01-31T18:14:46","modified_gmt":"2022-01-31T17:14:46","slug":"el-certamen-literario-evaristo-banon-cumple-25-anos","status":"publish","type":"post","link":"https:\/\/www.caudete.org\/ayuntamiento\/el-certamen-literario-evaristo-banon-cumple-25-anos\/","title":{"rendered":"El CERTAMEN LITERARIO &#8220;Evaristo Ba\u00f1\u00f3n&#8221; cumple 25 a\u00f1os"},"content":{"rendered":"<p>Este a\u00f1o celebramos los veinticinco a\u00f1os del Certamen Literario \u201cEvaristo Ba\u00f1\u00f3n\u201d. Un certamen literario organizado desde la Concejal\u00eda de Cultura del M. I. Ayuntamiento de Caudete a trav\u00e9s de la\u00a0 Biblioteca P\u00fablica Municipal Ana Mar\u00eda Matute con el objetivo de fomentar el \u00a0h\u00e1bito de la escritura\u00a0 y la lectura en Caudete.<\/p>\n<p>En el certamen tienen cabida todos los g\u00e9neros literarios, poes\u00eda, narrativa, ensayo, teatro u otros, \u00a0apostando as\u00ed por la creatividad en sus distintas manifestaciones.<\/p>\n<p>El plazo esta abierto hasta el viernes \u00a01 de abril \u00a0para todos los trabajos.<\/p>\n<p>Este Certamen\u00a0 est\u00e1 abierto para toda la poblaci\u00f3n y tiene dos categor\u00edas, la escolar y la especial para el resto de la poblaci\u00f3n a partir de 16 a\u00f1os.<\/p>\n<p>Para \u00a0la CATEGOR\u00cdA ESCOLAR, \u00a0desde 1\u00ba de Primaria\u00a0 hasta 4\u00ba de la E.S.O.\u00a0 ser\u00e1n los\u00a0 responsables de cada\u00a0 centros educativo, los encargados de enviar los trabajos\u00a0 al correo <a href=\"mailto:prestamo@biblioteca.caudete.org\" target=\"_blank\" rel=\"nofollow\">prestamo@biblioteca.caudete.org<\/a> siguiendo las instrucciones de las bases publicadas.<\/p>\n<p>Para la CATEGOR\u00cdA ESPECIAL,\u00a0 pueden presentarse el resto de \u00a0la poblaci\u00f3n a partir de 16 a\u00f1os. La Categor\u00eda Especial de Poes\u00eda, es de car\u00e1cter local (para vecinos y vecinas de Caudete) \u00a0y la Categor\u00eda Especial (para el resto de g\u00e9neros distintos a la poes\u00eda) est\u00e1 abierta a toda la provincia de Albacete.<\/p>\n<p>El jurado lo formaran personas vinculadas a la educaci\u00f3n y la cultura.<\/p>\n<p>Se establecen 2 premios en cada categor\u00eda y 1 de poes\u00eda, as\u00ed como dos premios para la categor\u00eda especial uno de poes\u00eda y otro general.\u00a0 Contamos con segundos premios que se conceden gracias\u00a0 a la colaboraci\u00f3n de las Concejal\u00edas de Juventud, Educaci\u00f3n \u00a0y a las A.M.P.A.S. de Caudete. Adem\u00e1s se mantiene el Premio Dibujo , para que participen en \u00e9l los escolares de 1\u00ba de primaria\u00a0 realizando un dibujo, adem\u00e1s del texto literario si as\u00ed lo desean. En total se reparten m\u00e1s de mil euros en premios.<\/p>\n<p>Para celebrar estos veinticinco a\u00f1os la Biblioteca est\u00e1 preparando multitud de sorpresas que iremos anunciado por nuestra redes sociales.<\/p>\n<p>&nbsp;<\/p>\n<p>Las bases est\u00e1n disponibles en los centros educativos, Biblioteca, adem\u00e1s de la web <a href=\"http:\/\/www.caudete.es\/\" target=\"_blank\" rel=\"nofollow\">www.caudete.es<\/a>, redes sociales de la biblioteca,\u00a0 p\u00e1gina web de la misma <a href=\"http:\/\/www.biblioteca.caudete.org\/\" target=\"_blank\" rel=\"nofollow\">www.biblioteca.caudete.org<\/a> \u00a0\u00a0y tabl\u00f3n de anuncios.<\/p>\n<p>Para m\u00e1s informaci\u00f3n pueden llamar al 965828131 o bien pasar por la propia Biblioteca.<\/p>\n<p><a href=\"https:\/\/www.caudete.org\/ayuntamiento\/wp-content\/uploads\/2022\/01\/BASES_EVARISTO_BANON_2022_CON_FIRMA_-_SEFYCU_3453011.pdf\" class=\"mtli_attachment mtli_pdf\"><span style=\"font-size: 14pt;\"><strong>BASES CERTAMEN &#8220;Evaristo Ba\u00f1\u00f3n&#8221; 2022<\/strong><\/span><\/a><\/p>\n","protected":false},"excerpt":{"rendered":"<p>Este a\u00f1o celebramos los veinticinco a\u00f1os del Certamen Literario \u201cEvaristo Ba\u00f1\u00f3n\u201d. Un certamen literario organizado desde la Concejal\u00eda de Cultura del M. I. Ayuntamiento de Caudete a trav\u00e9s de la\u00a0 Biblioteca P\u00fablica Municipal Ana Mar\u00eda Matute con el objetivo de fomentar el \u00a0h\u00e1bito de la escritura\u00a0 y la lectura en Caudete. En el certamen tienen &hellip;<\/p>\n","protected":false},"author":2,"featured_media":17968,"comment_status":"closed","ping_status":"open","sticky":false,"template":"","format":"standard","meta":{"ngg_post_thumbnail":0,"footnotes":""},"categories":[14],"tags":[773,774],"class_list":["post-17966","post","type-post","status-publish","format-standard","has-post-thumbnail","hentry","category-cultura","tag-certamen-literario","tag-evaristo-banon"],"yoast_head":"<!-- This site is optimized with the Yoast SEO plugin v27.5 - https:\/\/yoast.com\/product\/yoast-seo-wordpress\/ -->\n<title>El CERTAMEN LITERARIO &quot;Evaristo Ba\u00f1\u00f3n&quot; cumple 25 a\u00f1os - MI Ayuntamiento de Caudete<\/title>\n<meta name=\"description\" content=\"P\u00e1gina Oficial del Ayuntamiento de Caudete (Albacete)\" \/>\n<meta name=\"robots\" content=\"index, follow, max-snippet:-1, max-image-preview:large, max-video-preview:-1\" \/>\n<link rel=\"canonical\" href=\"https:\/\/www.caudete.org\/ayuntamiento\/el-certamen-literario-evaristo-banon-cumple-25-anos\/\" \/>\n<meta property=\"og:locale\" content=\"es_ES\" \/>\n<meta property=\"og:type\" content=\"article\" \/>\n<meta property=\"og:title\" content=\"El CERTAMEN LITERARIO &quot;Evaristo Ba\u00f1\u00f3n&quot; cumple 25 a\u00f1os - MI Ayuntamiento de Caudete\" \/>\n<meta property=\"og:description\" content=\"P\u00e1gina Oficial del Ayuntamiento de Caudete (Albacete)\" \/>\n<meta property=\"og:url\" content=\"https:\/\/www.caudete.org\/ayuntamiento\/el-certamen-literario-evaristo-banon-cumple-25-anos\/\" \/>\n<meta property=\"og:site_name\" content=\"MI Ayuntamiento de Caudete\" \/>\n<meta property=\"article:publisher\" content=\"https:\/\/www.facebook.com\/ayuntamientocaudete\/\" \/>\n<meta property=\"article:published_time\" content=\"2022-01-31T17:03:14+00:00\" \/>\n<meta property=\"article:modified_time\" content=\"2022-01-31T17:14:46+00:00\" \/>\n<meta property=\"og:image\" content=\"https:\/\/www.caudete.org\/ayuntamiento\/wp-content\/uploads\/2022\/01\/Certamen-Literario-WEB.jpg\" \/>\n\t<meta property=\"og:image:width\" content=\"864\" \/>\n\t<meta property=\"og:image:height\" content=\"380\" \/>\n\t<meta property=\"og:image:type\" content=\"image\/jpeg\" \/>\n<meta name=\"author\" content=\"Juan\" \/>\n<meta name=\"twitter:card\" content=\"summary_large_image\" \/>\n<meta name=\"twitter:label1\" content=\"Escrito por\" \/>\n\t<meta name=\"twitter:data1\" content=\"Juan\" \/>\n\t<meta name=\"twitter:label2\" content=\"Tiempo de lectura\" \/>\n\t<meta name=\"twitter:data2\" content=\"2 minutos\" \/>\n<script type=\"application\/ld+json\" class=\"yoast-schema-graph\">{\"@context\":\"https:\\\/\\\/schema.org\",\"@graph\":[{\"@type\":\"Article\",\"@id\":\"https:\\\/\\\/www.caudete.org\\\/ayuntamiento\\\/el-certamen-literario-evaristo-banon-cumple-25-anos\\\/#article\",\"isPartOf\":{\"@id\":\"https:\\\/\\\/www.caudete.org\\\/ayuntamiento\\\/el-certamen-literario-evaristo-banon-cumple-25-anos\\\/\"},\"author\":{\"name\":\"Juan\",\"@id\":\"https:\\\/\\\/www.caudete.org\\\/ayuntamiento\\\/#\\\/schema\\\/person\\\/7656a5bb58fca95b9814e940de0fda63\"},\"headline\":\"El CERTAMEN LITERARIO &#8220;Evaristo Ba\u00f1\u00f3n&#8221; cumple 25 a\u00f1os\",\"datePublished\":\"2022-01-31T17:03:14+00:00\",\"dateModified\":\"2022-01-31T17:14:46+00:00\",\"mainEntityOfPage\":{\"@id\":\"https:\\\/\\\/www.caudete.org\\\/ayuntamiento\\\/el-certamen-literario-evaristo-banon-cumple-25-anos\\\/\"},\"wordCount\":428,\"image\":{\"@id\":\"https:\\\/\\\/www.caudete.org\\\/ayuntamiento\\\/el-certamen-literario-evaristo-banon-cumple-25-anos\\\/#primaryimage\"},\"thumbnailUrl\":\"https:\\\/\\\/www.caudete.org\\\/ayuntamiento\\\/wp-content\\\/uploads\\\/2022\\\/01\\\/Certamen-Literario-WEB.jpg\",\"keywords\":[\"Certamen literario\",\"Evaristo Ba\u00f1\u00f3n\"],\"articleSection\":[\"Cultura\"],\"inLanguage\":\"es\"},{\"@type\":\"WebPage\",\"@id\":\"https:\\\/\\\/www.caudete.org\\\/ayuntamiento\\\/el-certamen-literario-evaristo-banon-cumple-25-anos\\\/\",\"url\":\"https:\\\/\\\/www.caudete.org\\\/ayuntamiento\\\/el-certamen-literario-evaristo-banon-cumple-25-anos\\\/\",\"name\":\"El CERTAMEN LITERARIO \\\"Evaristo Ba\u00f1\u00f3n\\\" cumple 25 a\u00f1os - MI Ayuntamiento de Caudete\",\"isPartOf\":{\"@id\":\"https:\\\/\\\/www.caudete.org\\\/ayuntamiento\\\/#website\"},\"primaryImageOfPage\":{\"@id\":\"https:\\\/\\\/www.caudete.org\\\/ayuntamiento\\\/el-certamen-literario-evaristo-banon-cumple-25-anos\\\/#primaryimage\"},\"image\":{\"@id\":\"https:\\\/\\\/www.caudete.org\\\/ayuntamiento\\\/el-certamen-literario-evaristo-banon-cumple-25-anos\\\/#primaryimage\"},\"thumbnailUrl\":\"https:\\\/\\\/www.caudete.org\\\/ayuntamiento\\\/wp-content\\\/uploads\\\/2022\\\/01\\\/Certamen-Literario-WEB.jpg\",\"datePublished\":\"2022-01-31T17:03:14+00:00\",\"dateModified\":\"2022-01-31T17:14:46+00:00\",\"author\":{\"@id\":\"https:\\\/\\\/www.caudete.org\\\/ayuntamiento\\\/#\\\/schema\\\/person\\\/7656a5bb58fca95b9814e940de0fda63\"},\"description\":\"P\u00e1gina Oficial del Ayuntamiento de Caudete (Albacete)\",\"breadcrumb\":{\"@id\":\"https:\\\/\\\/www.caudete.org\\\/ayuntamiento\\\/el-certamen-literario-evaristo-banon-cumple-25-anos\\\/#breadcrumb\"},\"inLanguage\":\"es\",\"potentialAction\":[{\"@type\":\"ReadAction\",\"target\":[\"https:\\\/\\\/www.caudete.org\\\/ayuntamiento\\\/el-certamen-literario-evaristo-banon-cumple-25-anos\\\/\"]}]},{\"@type\":\"ImageObject\",\"inLanguage\":\"es\",\"@id\":\"https:\\\/\\\/www.caudete.org\\\/ayuntamiento\\\/el-certamen-literario-evaristo-banon-cumple-25-anos\\\/#primaryimage\",\"url\":\"https:\\\/\\\/www.caudete.org\\\/ayuntamiento\\\/wp-content\\\/uploads\\\/2022\\\/01\\\/Certamen-Literario-WEB.jpg\",\"contentUrl\":\"https:\\\/\\\/www.caudete.org\\\/ayuntamiento\\\/wp-content\\\/uploads\\\/2022\\\/01\\\/Certamen-Literario-WEB.jpg\",\"width\":864,\"height\":380},{\"@type\":\"BreadcrumbList\",\"@id\":\"https:\\\/\\\/www.caudete.org\\\/ayuntamiento\\\/el-certamen-literario-evaristo-banon-cumple-25-anos\\\/#breadcrumb\",\"itemListElement\":[{\"@type\":\"ListItem\",\"position\":1,\"name\":\"Inicio\",\"item\":\"https:\\\/\\\/www.caudete.org\\\/ayuntamiento\\\/\"},{\"@type\":\"ListItem\",\"position\":2,\"name\":\"El CERTAMEN LITERARIO &#8220;Evaristo Ba\u00f1\u00f3n&#8221; cumple 25 a\u00f1os\"}]},{\"@type\":\"WebSite\",\"@id\":\"https:\\\/\\\/www.caudete.org\\\/ayuntamiento\\\/#website\",\"url\":\"https:\\\/\\\/www.caudete.org\\\/ayuntamiento\\\/\",\"name\":\"MI Ayuntamiento de Caudete\",\"description\":\"P\u00e1gina Oficial del MI Ayuntamiento de Caudete\",\"potentialAction\":[{\"@type\":\"SearchAction\",\"target\":{\"@type\":\"EntryPoint\",\"urlTemplate\":\"https:\\\/\\\/www.caudete.org\\\/ayuntamiento\\\/?s={search_term_string}\"},\"query-input\":{\"@type\":\"PropertyValueSpecification\",\"valueRequired\":true,\"valueName\":\"search_term_string\"}}],\"inLanguage\":\"es\"},{\"@type\":\"Person\",\"@id\":\"https:\\\/\\\/www.caudete.org\\\/ayuntamiento\\\/#\\\/schema\\\/person\\\/7656a5bb58fca95b9814e940de0fda63\",\"name\":\"Juan\",\"image\":{\"@type\":\"ImageObject\",\"inLanguage\":\"es\",\"@id\":\"https:\\\/\\\/secure.gravatar.com\\\/avatar\\\/dd53e51c0cd6ab23f52d4f3e4f1c59730240727763de3dbbf26750b079a2c292?s=96&d=mm&r=g\",\"url\":\"https:\\\/\\\/secure.gravatar.com\\\/avatar\\\/dd53e51c0cd6ab23f52d4f3e4f1c59730240727763de3dbbf26750b079a2c292?s=96&d=mm&r=g\",\"contentUrl\":\"https:\\\/\\\/secure.gravatar.com\\\/avatar\\\/dd53e51c0cd6ab23f52d4f3e4f1c59730240727763de3dbbf26750b079a2c292?s=96&d=mm&r=g\",\"caption\":\"Juan\"},\"url\":\"https:\\\/\\\/www.caudete.org\\\/ayuntamiento\\\/author\\\/centrodeinternet\\\/\"}]}<\/script>\n<!-- \/ Yoast SEO plugin. -->","yoast_head_json":{"title":"El CERTAMEN LITERARIO \"Evaristo Ba\u00f1\u00f3n\" cumple 25 a\u00f1os - MI Ayuntamiento de Caudete","description":"P\u00e1gina Oficial del Ayuntamiento de Caudete (Albacete)","robots":{"index":"index","follow":"follow","max-snippet":"max-snippet:-1","max-image-preview":"max-image-preview:large","max-video-preview":"max-video-preview:-1"},"canonical":"https:\/\/www.caudete.org\/ayuntamiento\/el-certamen-literario-evaristo-banon-cumple-25-anos\/","og_locale":"es_ES","og_type":"article","og_title":"El CERTAMEN LITERARIO \"Evaristo Ba\u00f1\u00f3n\" cumple 25 a\u00f1os - MI Ayuntamiento de Caudete","og_description":"P\u00e1gina Oficial del Ayuntamiento de Caudete (Albacete)","og_url":"https:\/\/www.caudete.org\/ayuntamiento\/el-certamen-literario-evaristo-banon-cumple-25-anos\/","og_site_name":"MI Ayuntamiento de Caudete","article_publisher":"https:\/\/www.facebook.com\/ayuntamientocaudete\/","article_published_time":"2022-01-31T17:03:14+00:00","article_modified_time":"2022-01-31T17:14:46+00:00","og_image":[{"width":864,"height":380,"url":"https:\/\/www.caudete.org\/ayuntamiento\/wp-content\/uploads\/2022\/01\/Certamen-Literario-WEB.jpg","type":"image\/jpeg"}],"author":"Juan","twitter_card":"summary_large_image","twitter_misc":{"Escrito por":"Juan","Tiempo de lectura":"2 minutos"},"schema":{"@context":"https:\/\/schema.org","@graph":[{"@type":"Article","@id":"https:\/\/www.caudete.org\/ayuntamiento\/el-certamen-literario-evaristo-banon-cumple-25-anos\/#article","isPartOf":{"@id":"https:\/\/www.caudete.org\/ayuntamiento\/el-certamen-literario-evaristo-banon-cumple-25-anos\/"},"author":{"name":"Juan","@id":"https:\/\/www.caudete.org\/ayuntamiento\/#\/schema\/person\/7656a5bb58fca95b9814e940de0fda63"},"headline":"El CERTAMEN LITERARIO &#8220;Evaristo Ba\u00f1\u00f3n&#8221; cumple 25 a\u00f1os","datePublished":"2022-01-31T17:03:14+00:00","dateModified":"2022-01-31T17:14:46+00:00","mainEntityOfPage":{"@id":"https:\/\/www.caudete.org\/ayuntamiento\/el-certamen-literario-evaristo-banon-cumple-25-anos\/"},"wordCount":428,"image":{"@id":"https:\/\/www.caudete.org\/ayuntamiento\/el-certamen-literario-evaristo-banon-cumple-25-anos\/#primaryimage"},"thumbnailUrl":"https:\/\/www.caudete.org\/ayuntamiento\/wp-content\/uploads\/2022\/01\/Certamen-Literario-WEB.jpg","keywords":["Certamen literario","Evaristo Ba\u00f1\u00f3n"],"articleSection":["Cultura"],"inLanguage":"es"},{"@type":"WebPage","@id":"https:\/\/www.caudete.org\/ayuntamiento\/el-certamen-literario-evaristo-banon-cumple-25-anos\/","url":"https:\/\/www.caudete.org\/ayuntamiento\/el-certamen-literario-evaristo-banon-cumple-25-anos\/","name":"El CERTAMEN LITERARIO \"Evaristo Ba\u00f1\u00f3n\" cumple 25 a\u00f1os - MI Ayuntamiento de Caudete","isPartOf":{"@id":"https:\/\/www.caudete.org\/ayuntamiento\/#website"},"primaryImageOfPage":{"@id":"https:\/\/www.caudete.org\/ayuntamiento\/el-certamen-literario-evaristo-banon-cumple-25-anos\/#primaryimage"},"image":{"@id":"https:\/\/www.caudete.org\/ayuntamiento\/el-certamen-literario-evaristo-banon-cumple-25-anos\/#primaryimage"},"thumbnailUrl":"https:\/\/www.caudete.org\/ayuntamiento\/wp-content\/uploads\/2022\/01\/Certamen-Literario-WEB.jpg","datePublished":"2022-01-31T17:03:14+00:00","dateModified":"2022-01-31T17:14:46+00:00","author":{"@id":"https:\/\/www.caudete.org\/ayuntamiento\/#\/schema\/person\/7656a5bb58fca95b9814e940de0fda63"},"description":"P\u00e1gina Oficial del Ayuntamiento de Caudete (Albacete)","breadcrumb":{"@id":"https:\/\/www.caudete.org\/ayuntamiento\/el-certamen-literario-evaristo-banon-cumple-25-anos\/#breadcrumb"},"inLanguage":"es","potentialAction":[{"@type":"ReadAction","target":["https:\/\/www.caudete.org\/ayuntamiento\/el-certamen-literario-evaristo-banon-cumple-25-anos\/"]}]},{"@type":"ImageObject","inLanguage":"es","@id":"https:\/\/www.caudete.org\/ayuntamiento\/el-certamen-literario-evaristo-banon-cumple-25-anos\/#primaryimage","url":"https:\/\/www.caudete.org\/ayuntamiento\/wp-content\/uploads\/2022\/01\/Certamen-Literario-WEB.jpg","contentUrl":"https:\/\/www.caudete.org\/ayuntamiento\/wp-content\/uploads\/2022\/01\/Certamen-Literario-WEB.jpg","width":864,"height":380},{"@type":"BreadcrumbList","@id":"https:\/\/www.caudete.org\/ayuntamiento\/el-certamen-literario-evaristo-banon-cumple-25-anos\/#breadcrumb","itemListElement":[{"@type":"ListItem","position":1,"name":"Inicio","item":"https:\/\/www.caudete.org\/ayuntamiento\/"},{"@type":"ListItem","position":2,"name":"El CERTAMEN LITERARIO &#8220;Evaristo Ba\u00f1\u00f3n&#8221; cumple 25 a\u00f1os"}]},{"@type":"WebSite","@id":"https:\/\/www.caudete.org\/ayuntamiento\/#website","url":"https:\/\/www.caudete.org\/ayuntamiento\/","name":"MI Ayuntamiento de Caudete","description":"P\u00e1gina Oficial del MI Ayuntamiento de Caudete","potentialAction":[{"@type":"SearchAction","target":{"@type":"EntryPoint","urlTemplate":"https:\/\/www.caudete.org\/ayuntamiento\/?s={search_term_string}"},"query-input":{"@type":"PropertyValueSpecification","valueRequired":true,"valueName":"search_term_string"}}],"inLanguage":"es"},{"@type":"Person","@id":"https:\/\/www.caudete.org\/ayuntamiento\/#\/schema\/person\/7656a5bb58fca95b9814e940de0fda63","name":"Juan","image":{"@type":"ImageObject","inLanguage":"es","@id":"https:\/\/secure.gravatar.com\/avatar\/dd53e51c0cd6ab23f52d4f3e4f1c59730240727763de3dbbf26750b079a2c292?s=96&d=mm&r=g","url":"https:\/\/secure.gravatar.com\/avatar\/dd53e51c0cd6ab23f52d4f3e4f1c59730240727763de3dbbf26750b079a2c292?s=96&d=mm&r=g","contentUrl":"https:\/\/secure.gravatar.com\/avatar\/dd53e51c0cd6ab23f52d4f3e4f1c59730240727763de3dbbf26750b079a2c292?s=96&d=mm&r=g","caption":"Juan"},"url":"https:\/\/www.caudete.org\/ayuntamiento\/author\/centrodeinternet\/"}]}},"_links":{"self":[{"href":"https:\/\/www.caudete.org\/ayuntamiento\/wp-json\/wp\/v2\/posts\/17966","targetHints":{"allow":["GET"]}}],"collection":[{"href":"https:\/\/www.caudete.org\/ayuntamiento\/wp-json\/wp\/v2\/posts"}],"about":[{"href":"https:\/\/www.caudete.org\/ayuntamiento\/wp-json\/wp\/v2\/types\/post"}],"author":[{"embeddable":true,"href":"https:\/\/www.caudete.org\/ayuntamiento\/wp-json\/wp\/v2\/users\/2"}],"replies":[{"embeddable":true,"href":"https:\/\/www.caudete.org\/ayuntamiento\/wp-json\/wp\/v2\/comments?post=17966"}],"version-history":[{"count":5,"href":"https:\/\/www.caudete.org\/ayuntamiento\/wp-json\/wp\/v2\/posts\/17966\/revisions"}],"predecessor-version":[{"id":17972,"href":"https:\/\/www.caudete.org\/ayuntamiento\/wp-json\/wp\/v2\/posts\/17966\/revisions\/17972"}],"wp:featuredmedia":[{"embeddable":true,"href":"https:\/\/www.caudete.org\/ayuntamiento\/wp-json\/wp\/v2\/media\/17968"}],"wp:attachment":[{"href":"https:\/\/www.caudete.org\/ayuntamiento\/wp-json\/wp\/v2\/media?parent=17966"}],"wp:term":[{"taxonomy":"category","embeddable":true,"href":"https:\/\/www.caudete.org\/ayuntamiento\/wp-json\/wp\/v2\/categories?post=17966"},{"taxonomy":"post_tag","embeddable":true,"href":"https:\/\/www.caudete.org\/ayuntamiento\/wp-json\/wp\/v2\/tags?post=17966"}],"curies":[{"name":"wp","href":"https:\/\/api.w.org\/{rel}","templated":true}]}}