{"id":18000,"date":"2022-02-02T19:14:58","date_gmt":"2022-02-02T18:14:58","guid":{"rendered":"https:\/\/www.caudete.org\/ayuntamiento\/?p=18000"},"modified":"2022-02-02T19:51:54","modified_gmt":"2022-02-02T18:51:54","slug":"100-nuevas-placas-de-calle-para-embellecer-y-mejorar-su-legibilidad","status":"publish","type":"post","link":"https:\/\/www.caudete.org\/ayuntamiento\/100-nuevas-placas-de-calle-para-embellecer-y-mejorar-su-legibilidad\/","title":{"rendered":"100 nuevas PLACAS DE CALLE para embellecer y mejorar su legibilidad"},"content":{"rendered":"<p><a href=\"https:\/\/www.caudete.org\/ayuntamiento\/wp-content\/uploads\/2022\/02\/WhatsApp-Image-2022-02-01-at-11.59.51.jpeg\" rel='prettyPhoto'><img fetchpriority=\"high\" decoding=\"async\" class=\"aligncenter wp-image-18003 size-medium\" src=\"https:\/\/www.caudete.org\/ayuntamiento\/wp-content\/uploads\/2022\/02\/WhatsApp-Image-2022-02-01-at-11.59.51-300x225.jpeg\" alt=\"\" width=\"300\" height=\"225\" srcset=\"https:\/\/www.caudete.org\/ayuntamiento\/wp-content\/uploads\/2022\/02\/WhatsApp-Image-2022-02-01-at-11.59.51-300x225.jpeg 300w, https:\/\/www.caudete.org\/ayuntamiento\/wp-content\/uploads\/2022\/02\/WhatsApp-Image-2022-02-01-at-11.59.51-1024x768.jpeg 1024w, https:\/\/www.caudete.org\/ayuntamiento\/wp-content\/uploads\/2022\/02\/WhatsApp-Image-2022-02-01-at-11.59.51-768x576.jpeg 768w, https:\/\/www.caudete.org\/ayuntamiento\/wp-content\/uploads\/2022\/02\/WhatsApp-Image-2022-02-01-at-11.59.51-1536x1152.jpeg 1536w, https:\/\/www.caudete.org\/ayuntamiento\/wp-content\/uploads\/2022\/02\/WhatsApp-Image-2022-02-01-at-11.59.51.jpeg 2048w\" sizes=\"(max-width: 300px) 100vw, 300px\" \/><\/a><\/p>\n<p style=\"text-align: justify;\"><span style=\"font-weight: 400;\">Desde la Concejal\u00eda de Movilidad se ha dado continuidad al proyecto de sustituci\u00f3n de placas de calle que dio comienzo en 2020, y que tiene como objetivo no solo embellecer el entorno urbano de Caudete, sino tambi\u00e9n hacer legibles esta carteler\u00eda que en la mayor\u00eda de los casos estaba desgastada por el paso del tiempo y se hac\u00eda dificilmente legibles.<\/span><\/p>\n<p style=\"text-align: justify;\"><span style=\"font-weight: 400;\">El formato dispuesto es el empleado en 2018 para las placas de los espacios y calles con los que el Consistorio ampliaba el nomenclator de la localidad, basado en un modelo m\u00e1s tradicional que emula la azulejer\u00eda con volutas perimetrales a color sobre fondo blanco, ubicando el escudo de Caudete en el v\u00e9rtice superior izquierdo.\u00a0<\/span><\/p>\n<p><a href=\"https:\/\/www.caudete.org\/ayuntamiento\/wp-content\/uploads\/2022\/02\/calle-juan-lopez.jpeg\" rel='prettyPhoto'><img decoding=\"async\" class=\"aligncenter wp-image-18001 size-medium\" src=\"https:\/\/www.caudete.org\/ayuntamiento\/wp-content\/uploads\/2022\/02\/calle-juan-lopez-300x179.jpeg\" alt=\"\" width=\"300\" height=\"179\" srcset=\"https:\/\/www.caudete.org\/ayuntamiento\/wp-content\/uploads\/2022\/02\/calle-juan-lopez-300x179.jpeg 300w, https:\/\/www.caudete.org\/ayuntamiento\/wp-content\/uploads\/2022\/02\/calle-juan-lopez-1024x612.jpeg 1024w, https:\/\/www.caudete.org\/ayuntamiento\/wp-content\/uploads\/2022\/02\/calle-juan-lopez-768x459.jpeg 768w, https:\/\/www.caudete.org\/ayuntamiento\/wp-content\/uploads\/2022\/02\/calle-juan-lopez.jpeg 1355w\" sizes=\"(max-width: 300px) 100vw, 300px\" \/><\/a><\/p>\n<p style=\"text-align: justify;\">La segunda fase, puesta en marcha hace un par de semanas, trata de sustituir un total de 100 letreros antiguos por el nuevo modelo, cubriendo as\u00ed barrios o zonas de estos completas, como lo son Santa Ana, El Moto (parte antigua), San Francisco (parte antigua) y La Villa.<\/p>\n<p style=\"text-align: justify;\">Tal y como explicaba Joaqu\u00edn Pagan, Concejal responsable de esta actuaci\u00f3n &#8220;es<span style=\"font-weight: 400;\">te es un proyecto a realizar en varios a\u00f1os, pues en funci\u00f3n de la disponibilidad presupuestaria vamos incrementando el n\u00famero hasta que lo finalicemos&#8221;. De hecho, matizaba que quiz\u00e1 en las zonas donde ahora se ha actuado quede por ajustar alguna, o a\u00f1adir alguna m\u00e1s en caso necesario, pero que est\u00e1 previsto extender esta acci\u00f3n al resto de zonas del municipio, sobre todo a aquellas que m\u00e1s prioridad presenten por el estado legible de las mismas, o por la necesidad de colocar \u00e9stos para cumplir as\u00ed la funci\u00f3n que poseen.<\/span><\/p>\n<p><a href=\"https:\/\/www.caudete.org\/ayuntamiento\/wp-content\/uploads\/2022\/02\/placas-calles.jpg\" rel='prettyPhoto'><img decoding=\"async\" class=\"aligncenter wp-image-18002 size-medium\" src=\"https:\/\/www.caudete.org\/ayuntamiento\/wp-content\/uploads\/2022\/02\/placas-calles-300x219.jpg\" alt=\"\" width=\"300\" height=\"219\" srcset=\"https:\/\/www.caudete.org\/ayuntamiento\/wp-content\/uploads\/2022\/02\/placas-calles-300x219.jpg 300w, https:\/\/www.caudete.org\/ayuntamiento\/wp-content\/uploads\/2022\/02\/placas-calles-1024x748.jpg 1024w, https:\/\/www.caudete.org\/ayuntamiento\/wp-content\/uploads\/2022\/02\/placas-calles-768x561.jpg 768w, https:\/\/www.caudete.org\/ayuntamiento\/wp-content\/uploads\/2022\/02\/placas-calles.jpg 1153w\" sizes=\"(max-width: 300px) 100vw, 300px\" \/><\/a><\/p>\n<p style=\"text-align: justify;\">A continuaci\u00f3n, pueden consultar tanto la tabla de calles beneficiarias de la actuaci\u00f3n, con el n\u00famero de placas instaladas, as\u00ed como el callejero con la graf\u00eda de \u00e9stas.<\/p>\n<table>\n<tbody>\n<tr>\n<td style=\"width: 264.875px;\"><span style=\"font-weight: 400;\">Calle Cantarer\u00eda<\/span><\/td>\n<td style=\"width: 26.5156px;\"><span style=\"font-weight: 400;\">2<\/span><\/td>\n<\/tr>\n<tr>\n<td style=\"width: 264.875px;\"><span style=\"font-weight: 400;\">Calle del Maestro Francisco Serrano<\/span><\/td>\n<td style=\"width: 26.5156px;\"><span style=\"font-weight: 400;\">2<\/span><\/td>\n<\/tr>\n<tr>\n<td style=\"width: 264.875px;\"><span style=\"font-weight: 400;\">Calle Guzm\u00e1n<\/span><\/td>\n<td style=\"width: 26.5156px;\"><span style=\"font-weight: 400;\">2<\/span><\/td>\n<\/tr>\n<tr>\n<td style=\"width: 264.875px;\"><span style=\"font-weight: 400;\">Calle San Pedro<\/span><\/td>\n<td style=\"width: 26.5156px;\"><span style=\"font-weight: 400;\">1<\/span><\/td>\n<\/tr>\n<tr>\n<td style=\"width: 264.875px;\"><span style=\"font-weight: 400;\">Calle San Cayetano<\/span><\/td>\n<td style=\"width: 26.5156px;\"><span style=\"font-weight: 400;\">1<\/span><\/td>\n<\/tr>\n<tr>\n<td style=\"width: 264.875px;\"><span style=\"font-weight: 400;\">Plaza Guzm\u00e1n<\/span><\/td>\n<td style=\"width: 26.5156px;\"><span style=\"font-weight: 400;\">1<\/span><\/td>\n<\/tr>\n<tr>\n<td style=\"width: 264.875px;\"><span style=\"font-weight: 400;\">Calle D. Miguel Mart\u00ednez<\/span><\/td>\n<td style=\"width: 26.5156px;\"><span style=\"font-weight: 400;\">2<\/span><\/td>\n<\/tr>\n<tr>\n<td style=\"width: 264.875px;\"><span style=\"font-weight: 400;\">Callej\u00f3n del Castillo<\/span><\/td>\n<td style=\"width: 26.5156px;\"><span style=\"font-weight: 400;\">1<\/span><\/td>\n<\/tr>\n<tr>\n<td style=\"width: 264.875px;\"><span style=\"font-weight: 400;\">Calle San Pascual<\/span><\/td>\n<td style=\"width: 26.5156px;\"><span style=\"font-weight: 400;\">2<\/span><\/td>\n<\/tr>\n<tr>\n<td style=\"width: 264.875px;\"><span style=\"font-weight: 400;\">Calle el Angel<\/span><\/td>\n<td style=\"width: 26.5156px;\"><span style=\"font-weight: 400;\">1<\/span><\/td>\n<\/tr>\n<tr>\n<td style=\"width: 264.875px;\"><span style=\"font-weight: 400;\">Calle San Bartolom\u00e9<\/span><\/td>\n<td style=\"width: 26.5156px;\"><span style=\"font-weight: 400;\">2<\/span><\/td>\n<\/tr>\n<tr>\n<td style=\"width: 264.875px;\"><span style=\"font-weight: 400;\">Calle San Agust\u00edn<\/span><\/td>\n<td style=\"width: 26.5156px;\"><span style=\"font-weight: 400;\">1<\/span><\/td>\n<\/tr>\n<tr>\n<td style=\"width: 264.875px;\"><span style=\"font-weight: 400;\">Calle San Eduardo<\/span><\/td>\n<td style=\"width: 26.5156px;\"><span style=\"font-weight: 400;\">1<\/span><\/td>\n<\/tr>\n<tr>\n<td style=\"width: 264.875px;\"><span style=\"font-weight: 400;\">Calle San Luis<\/span><\/td>\n<td style=\"width: 26.5156px;\"><span style=\"font-weight: 400;\">2<\/span><\/td>\n<\/tr>\n<tr>\n<td style=\"width: 264.875px;\"><span style=\"font-weight: 400;\">Calle San Elias<\/span><\/td>\n<td style=\"width: 26.5156px;\"><span style=\"font-weight: 400;\">1<\/span><\/td>\n<\/tr>\n<tr>\n<td style=\"width: 264.875px;\"><span style=\"font-weight: 400;\">Calle San Pablo<\/span><\/td>\n<td style=\"width: 26.5156px;\"><span style=\"font-weight: 400;\">1<\/span><\/td>\n<\/tr>\n<tr>\n<td style=\"width: 264.875px;\"><span style=\"font-weight: 400;\">Calle San Roque<\/span><\/td>\n<td style=\"width: 26.5156px;\"><span style=\"font-weight: 400;\">2<\/span><\/td>\n<\/tr>\n<tr>\n<td style=\"width: 264.875px;\"><span style=\"font-weight: 400;\">Calle San Miguel<\/span><\/td>\n<td style=\"width: 26.5156px;\"><span style=\"font-weight: 400;\">1<\/span><\/td>\n<\/tr>\n<tr>\n<td style=\"width: 264.875px;\"><span style=\"font-weight: 400;\">Calle San Joaqu\u00edn<\/span><\/td>\n<td style=\"width: 26.5156px;\"><span style=\"font-weight: 400;\">2<\/span><\/td>\n<\/tr>\n<tr>\n<td style=\"width: 264.875px;\"><span style=\"font-weight: 400;\">Calle Hern\u00e1n Cortes<\/span><\/td>\n<td style=\"width: 26.5156px;\"><span style=\"font-weight: 400;\">1<\/span><\/td>\n<\/tr>\n<tr>\n<td style=\"width: 264.875px;\"><span style=\"font-weight: 400;\">Calle Las Eras<\/span><\/td>\n<td style=\"width: 26.5156px;\"><span style=\"font-weight: 400;\">2<\/span><\/td>\n<\/tr>\n<tr>\n<td style=\"width: 264.875px;\"><span style=\"font-weight: 400;\">Calle Las Moreras<\/span><\/td>\n<td style=\"width: 26.5156px;\"><span style=\"font-weight: 400;\">2<\/span><\/td>\n<\/tr>\n<tr>\n<td style=\"width: 264.875px;\"><span style=\"font-weight: 400;\">Calle Madrid<\/span><\/td>\n<td style=\"width: 26.5156px;\"><span style=\"font-weight: 400;\">2<\/span><\/td>\n<\/tr>\n<tr>\n<td style=\"width: 264.875px;\"><span style=\"font-weight: 400;\">Plaza de las Almas<\/span><\/td>\n<td style=\"width: 26.5156px;\"><span style=\"font-weight: 400;\">1<\/span><\/td>\n<\/tr>\n<tr>\n<td style=\"width: 264.875px;\"><span style=\"font-weight: 400;\">Calle de la Arcilla<\/span><\/td>\n<td style=\"width: 26.5156px;\"><span style=\"font-weight: 400;\">1<\/span><\/td>\n<\/tr>\n<tr>\n<td style=\"width: 264.875px;\"><span style=\"font-weight: 400;\">Calle de la Rambla<\/span><\/td>\n<td style=\"width: 26.5156px;\"><span style=\"font-weight: 400;\">1<\/span><\/td>\n<\/tr>\n<tr>\n<td style=\"width: 264.875px;\"><span style=\"font-weight: 400;\">Calle del Moto<\/span><\/td>\n<td style=\"width: 26.5156px;\"><span style=\"font-weight: 400;\">2<\/span><\/td>\n<\/tr>\n<tr>\n<td style=\"width: 264.875px;\"><span style=\"font-weight: 400;\">Calle General Lassala<\/span><\/td>\n<td style=\"width: 26.5156px;\"><span style=\"font-weight: 400;\">3<\/span><\/td>\n<\/tr>\n<tr>\n<td style=\"width: 264.875px;\"><span style=\"font-weight: 400;\">Avenida de las Jornetas<\/span><\/td>\n<td style=\"width: 26.5156px;\"><span style=\"font-weight: 400;\">1<\/span><\/td>\n<\/tr>\n<tr>\n<td style=\"width: 264.875px;\"><span style=\"font-weight: 400;\">Calle Paracuellos De la Vega<\/span><\/td>\n<td style=\"width: 26.5156px;\"><span style=\"font-weight: 400;\">2<\/span><\/td>\n<\/tr>\n<tr>\n<td style=\"width: 264.875px;\"><span style=\"font-weight: 400;\">Plaza Sacrist\u00e1n Manuel Gil<\/span><\/td>\n<td style=\"width: 26.5156px;\"><span style=\"font-weight: 400;\">1<\/span><\/td>\n<\/tr>\n<tr>\n<td style=\"width: 264.875px;\"><span style=\"font-weight: 400;\">Calle Juan L\u00f3pez<\/span><\/td>\n<td style=\"width: 26.5156px;\"><span style=\"font-weight: 400;\">2<\/span><\/td>\n<\/tr>\n<tr>\n<td style=\"width: 264.875px;\"><span style=\"font-weight: 400;\">Calle Joan Miro<\/span><\/td>\n<td style=\"width: 26.5156px;\"><span style=\"font-weight: 400;\">1<\/span><\/td>\n<\/tr>\n<tr>\n<td style=\"width: 264.875px;\"><span style=\"font-weight: 400;\">Avenida Virgen de Gracia<\/span><\/td>\n<td style=\"width: 26.5156px;\"><span style=\"font-weight: 400;\">4<\/span><\/td>\n<\/tr>\n<tr>\n<td style=\"width: 264.875px;\"><span style=\"font-weight: 400;\">Calle del Dean Mart\u00ednez<\/span><\/td>\n<td style=\"width: 26.5156px;\"><span style=\"font-weight: 400;\">3<\/span><\/td>\n<\/tr>\n<tr>\n<td style=\"width: 264.875px;\"><span style=\"font-weight: 400;\">Calle Estrecha<\/span><\/td>\n<td style=\"width: 26.5156px;\"><span style=\"font-weight: 400;\">2<\/span><\/td>\n<\/tr>\n<tr>\n<td style=\"width: 264.875px;\"><span style=\"font-weight: 400;\">Calle del Horno<\/span><\/td>\n<td style=\"width: 26.5156px;\"><span style=\"font-weight: 400;\">2<\/span><\/td>\n<\/tr>\n<tr>\n<td style=\"width: 264.875px;\"><span style=\"font-weight: 400;\">Calle Antonio Conejero Ruiz<\/span><\/td>\n<td style=\"width: 26.5156px;\"><span style=\"font-weight: 400;\">2<\/span><\/td>\n<\/tr>\n<tr>\n<td style=\"width: 264.875px;\"><span style=\"font-weight: 400;\">Plaza del Carmen<\/span><\/td>\n<td style=\"width: 26.5156px;\"><span style=\"font-weight: 400;\">2<\/span><\/td>\n<\/tr>\n<tr>\n<td style=\"width: 264.875px;\"><span style=\"font-weight: 400;\">Calle El\u00a0 Molino<\/span><\/td>\n<td style=\"width: 26.5156px;\"><span style=\"font-weight: 400;\">1<\/span><\/td>\n<\/tr>\n<tr>\n<td style=\"width: 264.875px;\"><span style=\"font-weight: 400;\">Pasaje Rosalia de Castro<\/span><\/td>\n<td style=\"width: 26.5156px;\"><span style=\"font-weight: 400;\">1<\/span><\/td>\n<\/tr>\n<tr>\n<td style=\"width: 264.875px;\"><span style=\"font-weight: 400;\">Pasaje Luis Golf<\/span><\/td>\n<td style=\"width: 26.5156px;\"><span style=\"font-weight: 400;\">1<\/span><\/td>\n<\/tr>\n<tr>\n<td style=\"width: 264.875px;\"><span style=\"font-weight: 400;\">Calle Mercado<\/span><\/td>\n<td style=\"width: 26.5156px;\"><span style=\"font-weight: 400;\">1<\/span><\/td>\n<\/tr>\n<tr>\n<td style=\"width: 264.875px;\"><span style=\"font-weight: 400;\">Calle Mayor<\/span><\/td>\n<td style=\"width: 26.5156px;\"><span style=\"font-weight: 400;\">1<\/span><\/td>\n<\/tr>\n<tr>\n<td style=\"width: 264.875px;\"><span style=\"font-weight: 400;\">Calle Jos\u00e9 Olivares<\/span><\/td>\n<td style=\"width: 26.5156px;\"><span style=\"font-weight: 400;\">1<\/span><\/td>\n<\/tr>\n<tr>\n<td style=\"width: 264.875px;\"><span style=\"font-weight: 400;\">Calle del Teatro<\/span><\/td>\n<td style=\"width: 26.5156px;\"><span style=\"font-weight: 400;\">1<\/span><\/td>\n<\/tr>\n<tr>\n<td style=\"width: 264.875px;\"><span style=\"font-weight: 400;\">Calle\u00a0 del Sant\u00edsimo Sacramento<\/span><\/td>\n<td style=\"width: 26.5156px;\"><span style=\"font-weight: 400;\">2<\/span><\/td>\n<\/tr>\n<tr>\n<td style=\"width: 264.875px;\"><span style=\"font-weight: 400;\">Callej\u00f3n de las Campanas<\/span><\/td>\n<td style=\"width: 26.5156px;\"><span style=\"font-weight: 400;\">2<\/span><\/td>\n<\/tr>\n<tr>\n<td style=\"width: 264.875px;\"><span style=\"font-weight: 400;\">Calle Gerardo Mates<\/span><\/td>\n<td style=\"width: 26.5156px;\"><span style=\"font-weight: 400;\">2<\/span><\/td>\n<\/tr>\n<tr>\n<td style=\"width: 264.875px;\"><span style=\"font-weight: 400;\">Calle La Zafra<\/span><\/td>\n<td style=\"width: 26.5156px;\"><span style=\"font-weight: 400;\">1<\/span><\/td>\n<\/tr>\n<tr>\n<td style=\"width: 264.875px;\"><span style=\"font-weight: 400;\">Calle Echegaray<\/span><\/td>\n<td style=\"width: 26.5156px;\"><span style=\"font-weight: 400;\">1<\/span><\/td>\n<\/tr>\n<tr>\n<td style=\"width: 264.875px;\"><span style=\"font-weight: 400;\">Calle Puerta la Villa<\/span><\/td>\n<td style=\"width: 26.5156px;\"><span style=\"font-weight: 400;\">2<\/span><\/td>\n<\/tr>\n<tr>\n<td style=\"width: 264.875px;\"><span style=\"font-weight: 400;\">Parque de los Reyes Cat\u00f3licos<\/span><\/td>\n<td style=\"width: 26.5156px;\"><span style=\"font-weight: 400;\">1<\/span><\/td>\n<\/tr>\n<tr>\n<td style=\"width: 264.875px;\"><span style=\"font-weight: 400;\">\u00a0<\/span><\/td>\n<td style=\"width: 26.5156px;\"><span style=\"font-weight: 400;\">\u00a0<\/span><\/td>\n<\/tr>\n<tr>\n<td style=\"width: 264.875px;\"><span style=\"font-weight: 400;\">Calle San Emigdio<\/span><\/td>\n<td style=\"width: 26.5156px;\"><span style=\"font-weight: 400;\">1<\/span><\/td>\n<\/tr>\n<tr>\n<td style=\"width: 264.875px;\"><span style=\"font-weight: 400;\">Calle Mariscal Garc\u00eda Torres<\/span><\/td>\n<td style=\"width: 26.5156px;\"><span style=\"font-weight: 400;\">1<\/span><\/td>\n<\/tr>\n<tr>\n<td style=\"width: 264.875px;\"><span style=\"font-weight: 400;\">Calle Santa Ines<\/span><\/td>\n<td style=\"width: 26.5156px;\"><span style=\"font-weight: 400;\">1<\/span><\/td>\n<\/tr>\n<tr>\n<td style=\"width: 264.875px;\"><span style=\"font-weight: 400;\">Calle Juan Arellano<\/span><\/td>\n<td style=\"width: 26.5156px;\"><span style=\"font-weight: 400;\">1<\/span><\/td>\n<\/tr>\n<tr>\n<td style=\"width: 264.875px;\"><span style=\"font-weight: 400;\">Calle San Jaime<\/span><\/td>\n<td style=\"width: 26.5156px;\"><span style=\"font-weight: 400;\">4<\/span><\/td>\n<\/tr>\n<tr>\n<td style=\"width: 264.875px;\"><span style=\"font-weight: 400;\">Calle La Cruz<\/span><\/td>\n<td style=\"width: 26.5156px;\"><span style=\"font-weight: 400;\">1<\/span><\/td>\n<\/tr>\n<tr>\n<td style=\"width: 264.875px;\"><span style=\"font-weight: 400;\">Calle Canovas del Castillo<\/span><\/td>\n<td style=\"width: 26.5156px;\"><span style=\"font-weight: 400;\">1<\/span><\/td>\n<\/tr>\n<tr>\n<td style=\"width: 264.875px;\"><span style=\"font-weight: 400;\">Calle Pintor Rafael Requena<\/span><\/td>\n<td style=\"width: 26.5156px;\"><span style=\"font-weight: 400;\">1<\/span><\/td>\n<\/tr>\n<tr>\n<td style=\"width: 264.875px;\"><span style=\"font-weight: 400;\">Calle Francisco Albalat<\/span><\/td>\n<td style=\"width: 26.5156px;\"><span style=\"font-weight: 400;\">1<\/span><\/td>\n<\/tr>\n<tr>\n<td style=\"width: 264.875px;\"><span style=\"font-weight: 400;\">Calle del Poeta Manuel Ba\u00f1\u00f3n Mu\u00f1oz<\/span><\/td>\n<td style=\"width: 26.5156px;\"><span style=\"font-weight: 400;\">1<\/span><\/td>\n<\/tr>\n<tr>\n<td style=\"width: 264.875px;\"><span style=\"font-weight: 400;\">Calle Isaac Peral<\/span><\/td>\n<td style=\"width: 26.5156px;\"><span style=\"font-weight: 400;\">1<\/span><\/td>\n<\/tr>\n<tr>\n<td style=\"width: 264.875px;\"><span style=\"font-weight: 400;\">Calle San Francisco<\/span><\/td>\n<td style=\"width: 26.5156px;\"><span style=\"font-weight: 400;\">2<\/span><\/td>\n<\/tr>\n<tr>\n<td style=\"width: 264.875px;\"><span style=\"font-weight: 400;\">Calle Bret\u00f3n de los Herreros<\/span><\/td>\n<td style=\"width: 26.5156px;\"><span style=\"font-weight: 400;\">1<\/span><\/td>\n<\/tr>\n<tr>\n<td style=\"width: 264.875px;\"><span style=\"font-weight: 400;\">\u00a0<\/span><\/td>\n<td style=\"width: 26.5156px;\"><span style=\"font-weight: 400;\">100<\/span><\/td>\n<\/tr>\n<\/tbody>\n<\/table>\n","protected":false},"excerpt":{"rendered":"<p>Desde la Concejal\u00eda de Movilidad se ha dado continuidad al proyecto de sustituci\u00f3n de placas de calle que dio comienzo en 2020, y que tiene como objetivo no solo embellecer el entorno urbano de Caudete, sino tambi\u00e9n hacer legibles esta carteler\u00eda que en la mayor\u00eda de los casos estaba desgastada por el paso del tiempo &hellip;<\/p>\n","protected":false},"author":3,"featured_media":18004,"comment_status":"closed","ping_status":"open","sticky":false,"template":"","format":"standard","meta":{"ngg_post_thumbnail":0,"footnotes":""},"categories":[46],"tags":[],"class_list":["post-18000","post","type-post","status-publish","format-standard","has-post-thumbnail","hentry","category-movilidad-urbana"],"yoast_head":"<!-- This site is optimized with the Yoast SEO plugin v27.5 - https:\/\/yoast.com\/product\/yoast-seo-wordpress\/ -->\n<title>100 nuevas PLACAS DE CALLE para embellecer y mejorar su legibilidad - MI Ayuntamiento de Caudete<\/title>\n<meta name=\"description\" content=\"P\u00e1gina Oficial del Ayuntamiento de Caudete (Albacete)\" \/>\n<meta name=\"robots\" content=\"index, follow, max-snippet:-1, max-image-preview:large, max-video-preview:-1\" \/>\n<link rel=\"canonical\" href=\"https:\/\/www.caudete.org\/ayuntamiento\/100-nuevas-placas-de-calle-para-embellecer-y-mejorar-su-legibilidad\/\" \/>\n<meta property=\"og:locale\" content=\"es_ES\" \/>\n<meta property=\"og:type\" content=\"article\" \/>\n<meta property=\"og:title\" content=\"100 nuevas PLACAS DE CALLE para embellecer y mejorar su legibilidad - MI Ayuntamiento de Caudete\" \/>\n<meta property=\"og:description\" content=\"P\u00e1gina Oficial del Ayuntamiento de Caudete (Albacete)\" \/>\n<meta property=\"og:url\" content=\"https:\/\/www.caudete.org\/ayuntamiento\/100-nuevas-placas-de-calle-para-embellecer-y-mejorar-su-legibilidad\/\" \/>\n<meta property=\"og:site_name\" content=\"MI Ayuntamiento de Caudete\" \/>\n<meta property=\"article:publisher\" content=\"https:\/\/www.facebook.com\/ayuntamientocaudete\/\" \/>\n<meta property=\"article:published_time\" content=\"2022-02-02T18:14:58+00:00\" \/>\n<meta property=\"article:modified_time\" content=\"2022-02-02T18:51:54+00:00\" \/>\n<meta property=\"og:image\" content=\"https:\/\/www.caudete.org\/ayuntamiento\/wp-content\/uploads\/2022\/02\/placa-las-moreras.jpeg\" \/>\n\t<meta property=\"og:image:width\" content=\"1436\" \/>\n\t<meta property=\"og:image:height\" content=\"1025\" \/>\n\t<meta property=\"og:image:type\" content=\"image\/jpeg\" \/>\n<meta name=\"author\" content=\"alcalde\" \/>\n<meta name=\"twitter:card\" content=\"summary_large_image\" \/>\n<meta name=\"twitter:label1\" content=\"Escrito por\" \/>\n\t<meta name=\"twitter:data1\" content=\"alcalde\" \/>\n\t<meta name=\"twitter:label2\" content=\"Tiempo de lectura\" \/>\n\t<meta name=\"twitter:data2\" content=\"4 minutos\" \/>\n<script type=\"application\/ld+json\" class=\"yoast-schema-graph\">{\"@context\":\"https:\\\/\\\/schema.org\",\"@graph\":[{\"@type\":\"Article\",\"@id\":\"https:\\\/\\\/www.caudete.org\\\/ayuntamiento\\\/100-nuevas-placas-de-calle-para-embellecer-y-mejorar-su-legibilidad\\\/#article\",\"isPartOf\":{\"@id\":\"https:\\\/\\\/www.caudete.org\\\/ayuntamiento\\\/100-nuevas-placas-de-calle-para-embellecer-y-mejorar-su-legibilidad\\\/\"},\"author\":{\"name\":\"alcalde\",\"@id\":\"https:\\\/\\\/www.caudete.org\\\/ayuntamiento\\\/#\\\/schema\\\/person\\\/cc646da9133078ee4d8dd47457947253\"},\"headline\":\"100 nuevas PLACAS DE CALLE para embellecer y mejorar su legibilidad\",\"datePublished\":\"2022-02-02T18:14:58+00:00\",\"dateModified\":\"2022-02-02T18:51:54+00:00\",\"mainEntityOfPage\":{\"@id\":\"https:\\\/\\\/www.caudete.org\\\/ayuntamiento\\\/100-nuevas-placas-de-calle-para-embellecer-y-mejorar-su-legibilidad\\\/\"},\"wordCount\":557,\"image\":{\"@id\":\"https:\\\/\\\/www.caudete.org\\\/ayuntamiento\\\/100-nuevas-placas-de-calle-para-embellecer-y-mejorar-su-legibilidad\\\/#primaryimage\"},\"thumbnailUrl\":\"https:\\\/\\\/www.caudete.org\\\/ayuntamiento\\\/wp-content\\\/uploads\\\/2022\\\/02\\\/placa-las-moreras.jpeg\",\"articleSection\":[\"Movilidad Urbana\"],\"inLanguage\":\"es\"},{\"@type\":\"WebPage\",\"@id\":\"https:\\\/\\\/www.caudete.org\\\/ayuntamiento\\\/100-nuevas-placas-de-calle-para-embellecer-y-mejorar-su-legibilidad\\\/\",\"url\":\"https:\\\/\\\/www.caudete.org\\\/ayuntamiento\\\/100-nuevas-placas-de-calle-para-embellecer-y-mejorar-su-legibilidad\\\/\",\"name\":\"100 nuevas PLACAS DE CALLE para embellecer y mejorar su legibilidad - MI Ayuntamiento de Caudete\",\"isPartOf\":{\"@id\":\"https:\\\/\\\/www.caudete.org\\\/ayuntamiento\\\/#website\"},\"primaryImageOfPage\":{\"@id\":\"https:\\\/\\\/www.caudete.org\\\/ayuntamiento\\\/100-nuevas-placas-de-calle-para-embellecer-y-mejorar-su-legibilidad\\\/#primaryimage\"},\"image\":{\"@id\":\"https:\\\/\\\/www.caudete.org\\\/ayuntamiento\\\/100-nuevas-placas-de-calle-para-embellecer-y-mejorar-su-legibilidad\\\/#primaryimage\"},\"thumbnailUrl\":\"https:\\\/\\\/www.caudete.org\\\/ayuntamiento\\\/wp-content\\\/uploads\\\/2022\\\/02\\\/placa-las-moreras.jpeg\",\"datePublished\":\"2022-02-02T18:14:58+00:00\",\"dateModified\":\"2022-02-02T18:51:54+00:00\",\"author\":{\"@id\":\"https:\\\/\\\/www.caudete.org\\\/ayuntamiento\\\/#\\\/schema\\\/person\\\/cc646da9133078ee4d8dd47457947253\"},\"description\":\"P\u00e1gina Oficial del Ayuntamiento de Caudete (Albacete)\",\"breadcrumb\":{\"@id\":\"https:\\\/\\\/www.caudete.org\\\/ayuntamiento\\\/100-nuevas-placas-de-calle-para-embellecer-y-mejorar-su-legibilidad\\\/#breadcrumb\"},\"inLanguage\":\"es\",\"potentialAction\":[{\"@type\":\"ReadAction\",\"target\":[\"https:\\\/\\\/www.caudete.org\\\/ayuntamiento\\\/100-nuevas-placas-de-calle-para-embellecer-y-mejorar-su-legibilidad\\\/\"]}]},{\"@type\":\"ImageObject\",\"inLanguage\":\"es\",\"@id\":\"https:\\\/\\\/www.caudete.org\\\/ayuntamiento\\\/100-nuevas-placas-de-calle-para-embellecer-y-mejorar-su-legibilidad\\\/#primaryimage\",\"url\":\"https:\\\/\\\/www.caudete.org\\\/ayuntamiento\\\/wp-content\\\/uploads\\\/2022\\\/02\\\/placa-las-moreras.jpeg\",\"contentUrl\":\"https:\\\/\\\/www.caudete.org\\\/ayuntamiento\\\/wp-content\\\/uploads\\\/2022\\\/02\\\/placa-las-moreras.jpeg\",\"width\":1436,\"height\":1025},{\"@type\":\"BreadcrumbList\",\"@id\":\"https:\\\/\\\/www.caudete.org\\\/ayuntamiento\\\/100-nuevas-placas-de-calle-para-embellecer-y-mejorar-su-legibilidad\\\/#breadcrumb\",\"itemListElement\":[{\"@type\":\"ListItem\",\"position\":1,\"name\":\"Inicio\",\"item\":\"https:\\\/\\\/www.caudete.org\\\/ayuntamiento\\\/\"},{\"@type\":\"ListItem\",\"position\":2,\"name\":\"100 nuevas PLACAS DE CALLE para embellecer y mejorar su legibilidad\"}]},{\"@type\":\"WebSite\",\"@id\":\"https:\\\/\\\/www.caudete.org\\\/ayuntamiento\\\/#website\",\"url\":\"https:\\\/\\\/www.caudete.org\\\/ayuntamiento\\\/\",\"name\":\"MI Ayuntamiento de Caudete\",\"description\":\"P\u00e1gina Oficial del MI Ayuntamiento de Caudete\",\"potentialAction\":[{\"@type\":\"SearchAction\",\"target\":{\"@type\":\"EntryPoint\",\"urlTemplate\":\"https:\\\/\\\/www.caudete.org\\\/ayuntamiento\\\/?s={search_term_string}\"},\"query-input\":{\"@type\":\"PropertyValueSpecification\",\"valueRequired\":true,\"valueName\":\"search_term_string\"}}],\"inLanguage\":\"es\"},{\"@type\":\"Person\",\"@id\":\"https:\\\/\\\/www.caudete.org\\\/ayuntamiento\\\/#\\\/schema\\\/person\\\/cc646da9133078ee4d8dd47457947253\",\"name\":\"alcalde\",\"image\":{\"@type\":\"ImageObject\",\"inLanguage\":\"es\",\"@id\":\"https:\\\/\\\/secure.gravatar.com\\\/avatar\\\/84a817ba065b29ff08d666b215a215f5c79186a645ccb25b14a663d48a130f77?s=96&d=mm&r=g\",\"url\":\"https:\\\/\\\/secure.gravatar.com\\\/avatar\\\/84a817ba065b29ff08d666b215a215f5c79186a645ccb25b14a663d48a130f77?s=96&d=mm&r=g\",\"contentUrl\":\"https:\\\/\\\/secure.gravatar.com\\\/avatar\\\/84a817ba065b29ff08d666b215a215f5c79186a645ccb25b14a663d48a130f77?s=96&d=mm&r=g\",\"caption\":\"alcalde\"},\"url\":\"https:\\\/\\\/www.caudete.org\\\/ayuntamiento\\\/author\\\/alcalde\\\/\"}]}<\/script>\n<!-- \/ Yoast SEO plugin. -->","yoast_head_json":{"title":"100 nuevas PLACAS DE CALLE para embellecer y mejorar su legibilidad - MI Ayuntamiento de Caudete","description":"P\u00e1gina Oficial del Ayuntamiento de Caudete (Albacete)","robots":{"index":"index","follow":"follow","max-snippet":"max-snippet:-1","max-image-preview":"max-image-preview:large","max-video-preview":"max-video-preview:-1"},"canonical":"https:\/\/www.caudete.org\/ayuntamiento\/100-nuevas-placas-de-calle-para-embellecer-y-mejorar-su-legibilidad\/","og_locale":"es_ES","og_type":"article","og_title":"100 nuevas PLACAS DE CALLE para embellecer y mejorar su legibilidad - MI Ayuntamiento de Caudete","og_description":"P\u00e1gina Oficial del Ayuntamiento de Caudete (Albacete)","og_url":"https:\/\/www.caudete.org\/ayuntamiento\/100-nuevas-placas-de-calle-para-embellecer-y-mejorar-su-legibilidad\/","og_site_name":"MI Ayuntamiento de Caudete","article_publisher":"https:\/\/www.facebook.com\/ayuntamientocaudete\/","article_published_time":"2022-02-02T18:14:58+00:00","article_modified_time":"2022-02-02T18:51:54+00:00","og_image":[{"width":1436,"height":1025,"url":"https:\/\/www.caudete.org\/ayuntamiento\/wp-content\/uploads\/2022\/02\/placa-las-moreras.jpeg","type":"image\/jpeg"}],"author":"alcalde","twitter_card":"summary_large_image","twitter_misc":{"Escrito por":"alcalde","Tiempo de lectura":"4 minutos"},"schema":{"@context":"https:\/\/schema.org","@graph":[{"@type":"Article","@id":"https:\/\/www.caudete.org\/ayuntamiento\/100-nuevas-placas-de-calle-para-embellecer-y-mejorar-su-legibilidad\/#article","isPartOf":{"@id":"https:\/\/www.caudete.org\/ayuntamiento\/100-nuevas-placas-de-calle-para-embellecer-y-mejorar-su-legibilidad\/"},"author":{"name":"alcalde","@id":"https:\/\/www.caudete.org\/ayuntamiento\/#\/schema\/person\/cc646da9133078ee4d8dd47457947253"},"headline":"100 nuevas PLACAS DE CALLE para embellecer y mejorar su legibilidad","datePublished":"2022-02-02T18:14:58+00:00","dateModified":"2022-02-02T18:51:54+00:00","mainEntityOfPage":{"@id":"https:\/\/www.caudete.org\/ayuntamiento\/100-nuevas-placas-de-calle-para-embellecer-y-mejorar-su-legibilidad\/"},"wordCount":557,"image":{"@id":"https:\/\/www.caudete.org\/ayuntamiento\/100-nuevas-placas-de-calle-para-embellecer-y-mejorar-su-legibilidad\/#primaryimage"},"thumbnailUrl":"https:\/\/www.caudete.org\/ayuntamiento\/wp-content\/uploads\/2022\/02\/placa-las-moreras.jpeg","articleSection":["Movilidad Urbana"],"inLanguage":"es"},{"@type":"WebPage","@id":"https:\/\/www.caudete.org\/ayuntamiento\/100-nuevas-placas-de-calle-para-embellecer-y-mejorar-su-legibilidad\/","url":"https:\/\/www.caudete.org\/ayuntamiento\/100-nuevas-placas-de-calle-para-embellecer-y-mejorar-su-legibilidad\/","name":"100 nuevas PLACAS DE CALLE para embellecer y mejorar su legibilidad - MI Ayuntamiento de Caudete","isPartOf":{"@id":"https:\/\/www.caudete.org\/ayuntamiento\/#website"},"primaryImageOfPage":{"@id":"https:\/\/www.caudete.org\/ayuntamiento\/100-nuevas-placas-de-calle-para-embellecer-y-mejorar-su-legibilidad\/#primaryimage"},"image":{"@id":"https:\/\/www.caudete.org\/ayuntamiento\/100-nuevas-placas-de-calle-para-embellecer-y-mejorar-su-legibilidad\/#primaryimage"},"thumbnailUrl":"https:\/\/www.caudete.org\/ayuntamiento\/wp-content\/uploads\/2022\/02\/placa-las-moreras.jpeg","datePublished":"2022-02-02T18:14:58+00:00","dateModified":"2022-02-02T18:51:54+00:00","author":{"@id":"https:\/\/www.caudete.org\/ayuntamiento\/#\/schema\/person\/cc646da9133078ee4d8dd47457947253"},"description":"P\u00e1gina Oficial del Ayuntamiento de Caudete (Albacete)","breadcrumb":{"@id":"https:\/\/www.caudete.org\/ayuntamiento\/100-nuevas-placas-de-calle-para-embellecer-y-mejorar-su-legibilidad\/#breadcrumb"},"inLanguage":"es","potentialAction":[{"@type":"ReadAction","target":["https:\/\/www.caudete.org\/ayuntamiento\/100-nuevas-placas-de-calle-para-embellecer-y-mejorar-su-legibilidad\/"]}]},{"@type":"ImageObject","inLanguage":"es","@id":"https:\/\/www.caudete.org\/ayuntamiento\/100-nuevas-placas-de-calle-para-embellecer-y-mejorar-su-legibilidad\/#primaryimage","url":"https:\/\/www.caudete.org\/ayuntamiento\/wp-content\/uploads\/2022\/02\/placa-las-moreras.jpeg","contentUrl":"https:\/\/www.caudete.org\/ayuntamiento\/wp-content\/uploads\/2022\/02\/placa-las-moreras.jpeg","width":1436,"height":1025},{"@type":"BreadcrumbList","@id":"https:\/\/www.caudete.org\/ayuntamiento\/100-nuevas-placas-de-calle-para-embellecer-y-mejorar-su-legibilidad\/#breadcrumb","itemListElement":[{"@type":"ListItem","position":1,"name":"Inicio","item":"https:\/\/www.caudete.org\/ayuntamiento\/"},{"@type":"ListItem","position":2,"name":"100 nuevas PLACAS DE CALLE para embellecer y mejorar su legibilidad"}]},{"@type":"WebSite","@id":"https:\/\/www.caudete.org\/ayuntamiento\/#website","url":"https:\/\/www.caudete.org\/ayuntamiento\/","name":"MI Ayuntamiento de Caudete","description":"P\u00e1gina Oficial del MI Ayuntamiento de Caudete","potentialAction":[{"@type":"SearchAction","target":{"@type":"EntryPoint","urlTemplate":"https:\/\/www.caudete.org\/ayuntamiento\/?s={search_term_string}"},"query-input":{"@type":"PropertyValueSpecification","valueRequired":true,"valueName":"search_term_string"}}],"inLanguage":"es"},{"@type":"Person","@id":"https:\/\/www.caudete.org\/ayuntamiento\/#\/schema\/person\/cc646da9133078ee4d8dd47457947253","name":"alcalde","image":{"@type":"ImageObject","inLanguage":"es","@id":"https:\/\/secure.gravatar.com\/avatar\/84a817ba065b29ff08d666b215a215f5c79186a645ccb25b14a663d48a130f77?s=96&d=mm&r=g","url":"https:\/\/secure.gravatar.com\/avatar\/84a817ba065b29ff08d666b215a215f5c79186a645ccb25b14a663d48a130f77?s=96&d=mm&r=g","contentUrl":"https:\/\/secure.gravatar.com\/avatar\/84a817ba065b29ff08d666b215a215f5c79186a645ccb25b14a663d48a130f77?s=96&d=mm&r=g","caption":"alcalde"},"url":"https:\/\/www.caudete.org\/ayuntamiento\/author\/alcalde\/"}]}},"_links":{"self":[{"href":"https:\/\/www.caudete.org\/ayuntamiento\/wp-json\/wp\/v2\/posts\/18000","targetHints":{"allow":["GET"]}}],"collection":[{"href":"https:\/\/www.caudete.org\/ayuntamiento\/wp-json\/wp\/v2\/posts"}],"about":[{"href":"https:\/\/www.caudete.org\/ayuntamiento\/wp-json\/wp\/v2\/types\/post"}],"author":[{"embeddable":true,"href":"https:\/\/www.caudete.org\/ayuntamiento\/wp-json\/wp\/v2\/users\/3"}],"replies":[{"embeddable":true,"href":"https:\/\/www.caudete.org\/ayuntamiento\/wp-json\/wp\/v2\/comments?post=18000"}],"version-history":[{"count":3,"href":"https:\/\/www.caudete.org\/ayuntamiento\/wp-json\/wp\/v2\/posts\/18000\/revisions"}],"predecessor-version":[{"id":18007,"href":"https:\/\/www.caudete.org\/ayuntamiento\/wp-json\/wp\/v2\/posts\/18000\/revisions\/18007"}],"wp:featuredmedia":[{"embeddable":true,"href":"https:\/\/www.caudete.org\/ayuntamiento\/wp-json\/wp\/v2\/media\/18004"}],"wp:attachment":[{"href":"https:\/\/www.caudete.org\/ayuntamiento\/wp-json\/wp\/v2\/media?parent=18000"}],"wp:term":[{"taxonomy":"category","embeddable":true,"href":"https:\/\/www.caudete.org\/ayuntamiento\/wp-json\/wp\/v2\/categories?post=18000"},{"taxonomy":"post_tag","embeddable":true,"href":"https:\/\/www.caudete.org\/ayuntamiento\/wp-json\/wp\/v2\/tags?post=18000"}],"curies":[{"name":"wp","href":"https:\/\/api.w.org\/{rel}","templated":true}]}}